{"id":13279,"date":"2019-05-19T16:06:33","date_gmt":"2019-05-19T19:06:33","guid":{"rendered":"https:\/\/radiolifefm.com.br\/noticias\/?p=13279"},"modified":"2026-02-17T13:49:52","modified_gmt":"2026-02-17T16:49:52","slug":"justica-determina-suspensao-das-atividades-do-sub-11-e-sub-13-do-osvaldo-cruz-f-c-por-meio-de-liminar","status":"publish","type":"post","link":"https:\/\/radiolifefm.com.br\/noticias\/justica-determina-suspensao-das-atividades-do-sub-11-e-sub-13-do-osvaldo-cruz-f-c-por-meio-de-liminar\/","title":{"rendered":"Justi\u00e7a determina suspens\u00e3o das atividades do sub-11 e sub-13 do Osvaldo Cruz F.C. por meio de liminar"},"content":{"rendered":"<div id=\"fb-root\"><\/div>\n<p><em>MPT entende que existe rela\u00e7\u00e3o de trabalho entre Azul\u00e3o e atletas menores de 14 anos; clube informa que n\u00e3o entrar\u00e1 em campo na estreia do Paulista, mas que vai tentar derrubar liminar<\/em><\/p>\n<p>O Tribunal Regional do Trabalho (TRT), acatou um pedido de urg\u00eancia do Minist\u00e9rio P\u00fablico do Trabalho (MPT) e determinou a suspens\u00e3o das atividades de parte da base do Osvaldo Cruz FC.<\/p>\n<p>A decis\u00e3o vale para as categorias que envolvem crian\u00e7as e adolescentes menores de 14 anos e que tinha estreia marcada para este domingo (19), no Campeonato Paulista Sub-11 e Sub-13.<\/p>\n<p>O Azul\u00e3o informou ter avisado a Federa\u00e7\u00e3o Paulista de Futebol (FPF), que n\u00e3o vai disputar as partidas, mas comunicou tamb\u00e9m que adotar\u00e1 medidas para tentar derrubar a liminar.<\/p>\n<p>A a\u00e7\u00e3o civil p\u00fablica \u00e9 movida pelo MPT e a liminar foi deferida pelo juiz do trabalho, Mouzart Luis Silva Brenes, do Juizado Especial da Inf\u00e2ncia e Adolesc\u00eancia de Presidente Prudente, na \u00faltima ter\u00e7a-feira (14).<\/p>\n<p>O Minist\u00e9rio do Trabalho entrou com o pedido por entender que o Osvaldo Cruz pratica nessas categorias o desporto de rendimento, e n\u00e3o o desporto educacional, configurando-se assim a exist\u00eancia de rela\u00e7\u00e3o de trabalho, o que \u00e9 proibido pela Constitui\u00e7\u00e3o da Rep\u00fablica para menores de 14 anos.<\/p>\n<p>Al\u00e9m disso, consta na a\u00e7\u00e3o civil p\u00fablica que &#8220;o clube ainda tem como fator agravante a falta de condi\u00e7\u00f5es estruturais de seguran\u00e7a e de medicina esportiva a que as crian\u00e7as e os adolescentes s\u00e3o expostos, ao serem entregues para treinamentos e tamb\u00e9m durante as viagens&#8221;, o que est\u00e1 ligado ao fato do Azul\u00e3o, de acordo com o que foi apresentado previamente, n\u00e3o possuir o Certificado de Clube Formador.<\/p>\n<p>Al\u00e9m da suspens\u00e3o das atividades, o TRT determinou que o Osvaldo Cruz se abstenha de organizar categorias de base para crian\u00e7as e adolescentes com menos de 14 anos na modalidade de desporto de rendimento, fixou multa di\u00e1ria de R$ 5 mil em caso de descumprimento das obriga\u00e7\u00f5es impostas e oficiou o Conselho Tutelar de Catanduva, onde est\u00e1 marcada a estreia do Azul\u00e3o no Paulista Sub-11 e Sub-13, para que fiscalize o cumprimento da decis\u00e3o.<\/p>\n<p>O advogado do clube, Renato Cust\u00f3dio da Silva, disse que o Osvaldo Cruz n\u00e3o vai descumprir a medida judicial. Ele ainda espera que o Azul\u00e3o n\u00e3o seja prejudicado nas competi\u00e7\u00f5es, tanto que o presidente Rubens Romanini esteve na FPF ao longo da semana, para conversar sobre a situa\u00e7\u00e3o e confirmou que entrar\u00e1 com um mandado de seguran\u00e7a, na pr\u00f3xima semana, na tentativa de reverter a liminar.<\/p>\n<p>\u201cN\u00e3o concordo de maneira alguma. As alega\u00e7\u00f5es do Minist\u00e9rio P\u00fablico do Trabalho, de que as crian\u00e7as estariam trabalhando para o clube, diferem totalmente dos fatos, n\u00e3o condizem com a realidade. Por exemplo: no futebol profissional voc\u00ea conta com cobran\u00e7a de ingresso, na realidade dos meninos voc\u00ea tem port\u00f5es abertos. No profissional, existe premia\u00e7\u00e3o em dinheiro para o clube que chega em primeiro em um campeonato. Isso n\u00e3o existe no sub-11 e sub-13. S\u00e3o in\u00fameras as diferen\u00e7as. N\u00f3s n\u00e3o alojamos menores de 14 anos. Os pais levam os filhos para o est\u00e1dio, eles participam do treino e depois v\u00e3o embora. Embora os meninos estejam filiados \u00e0 Federa\u00e7\u00e3o, n\u00e3o s\u00e3o contratados do clube, n\u00e3o recebem patroc\u00ednio, s\u00e3o obrigados a apresentar atestado m\u00e9dico, de regularidade escolar. O clube est\u00e1 promovendo a parte social, que tem car\u00e1ter educacional. Uma a\u00e7\u00e3o dessa, se julgada procedente no final, abriria o seguinte precedente: voc\u00ea n\u00e3o poderia promover nenhum campeonato, em nenhuma modalidade, com menores de 14 anos\u201d, disse Renato Cust\u00f3dio da Silva.<\/p>\n<p>O Osvaldo Cruz se tornou alvo do Minist\u00e9rio do Trabalho em 2017, quando foi instaurado inqu\u00e9rito civil com o objetivo de investigar poss\u00edveis irregularidades e eventual ilegalidade praticadas pelo Azul\u00e3o e outros dois clubes em rela\u00e7\u00e3o \u00e0 forma\u00e7\u00e3o de atletas de base.<\/p>\n<p>Fonte: Jo\u00e3o Paulo Tilio &#8211; Globo Esporte.com<\/p>\n<p>Reda\u00e7\u00e3o &#8211; Kako de Oliveira<\/p>\n","protected":false},"excerpt":{"rendered":"<p>MPT entende que existe rela\u00e7\u00e3o de trabalho entre Azul\u00e3o e atletas menores de 14 anos; clube informa que n\u00e3o entrar\u00e1 em campo na estreia do Paulista, mas que vai tentar derrubar liminar O Tribunal Regional do Trabalho (TRT), acatou um pedido de urg\u00eancia do Minist\u00e9rio P\u00fablico do Trabalho (MPT) e determinou a suspens\u00e3o das atividades [&hellip;]<\/p>\n","protected":false},"author":3,"featured_media":13280,"comment_status":"closed","ping_status":"open","sticky":false,"template":"","format":"standard","meta":{"_acf_changed":false,"_exactmetrics_skip_tracking":false,"_exactmetrics_sitenote_active":false,"_exactmetrics_sitenote_note":"","_exactmetrics_sitenote_category":0,"footnotes":""},"categories":[24],"tags":[],"class_list":["post-13279","post","type-post","status-publish","format-standard","has-post-thumbnail","hentry","category-regiao"],"acf":[],"yoast_head":"<!-- This site is optimized with the Yoast SEO plugin v27.2 - https:\/\/yoast.com\/product\/yoast-seo-wordpress\/ -->\n<title>Justi\u00e7a determina suspens\u00e3o das atividades do sub-11 e sub-13 do Osvaldo Cruz F.C. por meio de liminar - R\u00e1dio Life FM<\/title>\n<meta name=\"robots\" content=\"index, follow, max-snippet:-1, max-image-preview:large, max-video-preview:-1\" \/>\n<link rel=\"canonical\" href=\"https:\/\/radiolifefm.com.br\/noticias\/justica-determina-suspensao-das-atividades-do-sub-11-e-sub-13-do-osvaldo-cruz-f-c-por-meio-de-liminar\/\" \/>\n<meta property=\"og:locale\" content=\"pt_BR\" \/>\n<meta property=\"og:type\" content=\"article\" \/>\n<meta property=\"og:title\" content=\"Justi\u00e7a determina suspens\u00e3o das atividades do sub-11 e sub-13 do Osvaldo Cruz F.C. por meio de liminar - R\u00e1dio Life FM\" \/>\n<meta property=\"og:description\" content=\"MPT entende que existe rela\u00e7\u00e3o de trabalho entre Azul\u00e3o e atletas menores de 14 anos; clube informa que n\u00e3o entrar\u00e1 em campo na estreia do Paulista, mas que vai tentar derrubar liminar O Tribunal Regional do Trabalho (TRT), acatou um pedido de urg\u00eancia do Minist\u00e9rio P\u00fablico do Trabalho (MPT) e determinou a suspens\u00e3o das atividades [&hellip;]\" \/>\n<meta property=\"og:url\" content=\"https:\/\/radiolifefm.com.br\/noticias\/justica-determina-suspensao-das-atividades-do-sub-11-e-sub-13-do-osvaldo-cruz-f-c-por-meio-de-liminar\/\" \/>\n<meta property=\"og:site_name\" content=\"R\u00e1dio Life FM\" \/>\n<meta property=\"article:publisher\" content=\"https:\/\/www.facebook.com\/radiolifefm\/\" \/>\n<meta property=\"article:published_time\" content=\"2019-05-19T19:06:33+00:00\" \/>\n<meta property=\"article:modified_time\" content=\"2026-02-17T16:49:52+00:00\" \/>\n<meta property=\"og:image\" content=\"https:\/\/radiolifefm.com.br\/noticias\/wp-content\/uploads\/2019\/05\/Menor-Trabalho.jpg\" \/>\n\t<meta property=\"og:image:width\" content=\"620\" \/>\n\t<meta property=\"og:image:height\" content=\"368\" \/>\n\t<meta property=\"og:image:type\" content=\"image\/jpeg\" \/>\n<meta name=\"author\" content=\"lifefm\" \/>\n<meta name=\"twitter:card\" content=\"summary_large_image\" \/>\n<meta name=\"twitter:label1\" content=\"Escrito por\" \/>\n\t<meta name=\"twitter:data1\" content=\"lifefm\" \/>\n\t<meta name=\"twitter:label2\" content=\"Est. tempo de leitura\" \/>\n\t<meta name=\"twitter:data2\" content=\"4 minutos\" \/>\n<script type=\"application\/ld+json\" class=\"yoast-schema-graph\">{\"@context\":\"https:\/\/schema.org\",\"@graph\":[{\"@type\":\"Article\",\"@id\":\"https:\/\/radiolifefm.com.br\/noticias\/justica-determina-suspensao-das-atividades-do-sub-11-e-sub-13-do-osvaldo-cruz-f-c-por-meio-de-liminar\/#article\",\"isPartOf\":{\"@id\":\"https:\/\/radiolifefm.com.br\/noticias\/justica-determina-suspensao-das-atividades-do-sub-11-e-sub-13-do-osvaldo-cruz-f-c-por-meio-de-liminar\/\"},\"author\":{\"name\":\"lifefm\",\"@id\":\"https:\/\/radiolifefm.com.br\/noticias\/#\/schema\/person\/1d4e4b1301322090c6221bf1c8420490\"},\"headline\":\"Justi\u00e7a determina suspens\u00e3o das atividades do sub-11 e sub-13 do Osvaldo Cruz F.C. por meio de liminar\",\"datePublished\":\"2019-05-19T19:06:33+00:00\",\"dateModified\":\"2026-02-17T16:49:52+00:00\",\"mainEntityOfPage\":{\"@id\":\"https:\/\/radiolifefm.com.br\/noticias\/justica-determina-suspensao-das-atividades-do-sub-11-e-sub-13-do-osvaldo-cruz-f-c-por-meio-de-liminar\/\"},\"wordCount\":722,\"publisher\":{\"@id\":\"https:\/\/radiolifefm.com.br\/noticias\/#organization\"},\"image\":{\"@id\":\"https:\/\/radiolifefm.com.br\/noticias\/justica-determina-suspensao-das-atividades-do-sub-11-e-sub-13-do-osvaldo-cruz-f-c-por-meio-de-liminar\/#primaryimage\"},\"thumbnailUrl\":\"https:\/\/radiolifefm.com.br\/noticias\/wp-content\/uploads\/2019\/05\/Menor-Trabalho.jpg\",\"articleSection\":[\"Regi\u00e3o\"],\"inLanguage\":\"pt-BR\"},{\"@type\":\"WebPage\",\"@id\":\"https:\/\/radiolifefm.com.br\/noticias\/justica-determina-suspensao-das-atividades-do-sub-11-e-sub-13-do-osvaldo-cruz-f-c-por-meio-de-liminar\/\",\"url\":\"https:\/\/radiolifefm.com.br\/noticias\/justica-determina-suspensao-das-atividades-do-sub-11-e-sub-13-do-osvaldo-cruz-f-c-por-meio-de-liminar\/\",\"name\":\"Justi\u00e7a determina suspens\u00e3o das atividades do sub-11 e sub-13 do Osvaldo Cruz F.C. por meio de liminar - R\u00e1dio Life FM\",\"isPartOf\":{\"@id\":\"https:\/\/radiolifefm.com.br\/noticias\/#website\"},\"primaryImageOfPage\":{\"@id\":\"https:\/\/radiolifefm.com.br\/noticias\/justica-determina-suspensao-das-atividades-do-sub-11-e-sub-13-do-osvaldo-cruz-f-c-por-meio-de-liminar\/#primaryimage\"},\"image\":{\"@id\":\"https:\/\/radiolifefm.com.br\/noticias\/justica-determina-suspensao-das-atividades-do-sub-11-e-sub-13-do-osvaldo-cruz-f-c-por-meio-de-liminar\/#primaryimage\"},\"thumbnailUrl\":\"https:\/\/radiolifefm.com.br\/noticias\/wp-content\/uploads\/2019\/05\/Menor-Trabalho.jpg\",\"datePublished\":\"2019-05-19T19:06:33+00:00\",\"dateModified\":\"2026-02-17T16:49:52+00:00\",\"breadcrumb\":{\"@id\":\"https:\/\/radiolifefm.com.br\/noticias\/justica-determina-suspensao-das-atividades-do-sub-11-e-sub-13-do-osvaldo-cruz-f-c-por-meio-de-liminar\/#breadcrumb\"},\"inLanguage\":\"pt-BR\",\"potentialAction\":[{\"@type\":\"ReadAction\",\"target\":[\"https:\/\/radiolifefm.com.br\/noticias\/justica-determina-suspensao-das-atividades-do-sub-11-e-sub-13-do-osvaldo-cruz-f-c-por-meio-de-liminar\/\"]}]},{\"@type\":\"ImageObject\",\"inLanguage\":\"pt-BR\",\"@id\":\"https:\/\/radiolifefm.com.br\/noticias\/justica-determina-suspensao-das-atividades-do-sub-11-e-sub-13-do-osvaldo-cruz-f-c-por-meio-de-liminar\/#primaryimage\",\"url\":\"https:\/\/radiolifefm.com.br\/noticias\/wp-content\/uploads\/2019\/05\/Menor-Trabalho.jpg\",\"contentUrl\":\"https:\/\/radiolifefm.com.br\/noticias\/wp-content\/uploads\/2019\/05\/Menor-Trabalho.jpg\",\"width\":620,\"height\":368},{\"@type\":\"BreadcrumbList\",\"@id\":\"https:\/\/radiolifefm.com.br\/noticias\/justica-determina-suspensao-das-atividades-do-sub-11-e-sub-13-do-osvaldo-cruz-f-c-por-meio-de-liminar\/#breadcrumb\",\"itemListElement\":[{\"@type\":\"ListItem\",\"position\":1,\"name\":\"In\u00edcio\",\"item\":\"https:\/\/radiolifefm.com.br\/noticias\/\"},{\"@type\":\"ListItem\",\"position\":2,\"name\":\"Justi\u00e7a determina suspens\u00e3o das atividades do sub-11 e sub-13 do Osvaldo Cruz F.C. por meio de liminar\"}]},{\"@type\":\"WebSite\",\"@id\":\"https:\/\/radiolifefm.com.br\/noticias\/#website\",\"url\":\"https:\/\/radiolifefm.com.br\/noticias\/\",\"name\":\"R\u00e1dio Life FM\",\"description\":\"O Portal de Not\u00edcias de Adamantina\",\"publisher\":{\"@id\":\"https:\/\/radiolifefm.com.br\/noticias\/#organization\"},\"alternateName\":\"Life FM\",\"potentialAction\":[{\"@type\":\"SearchAction\",\"target\":{\"@type\":\"EntryPoint\",\"urlTemplate\":\"https:\/\/radiolifefm.com.br\/noticias\/?s={search_term_string}\"},\"query-input\":{\"@type\":\"PropertyValueSpecification\",\"valueRequired\":true,\"valueName\":\"search_term_string\"}}],\"inLanguage\":\"pt-BR\"},{\"@type\":\"Organization\",\"@id\":\"https:\/\/radiolifefm.com.br\/noticias\/#organization\",\"name\":\"R\u00e1dio Life FM\",\"alternateName\":\"Life FM\",\"url\":\"https:\/\/radiolifefm.com.br\/noticias\/\",\"logo\":{\"@type\":\"ImageObject\",\"inLanguage\":\"pt-BR\",\"@id\":\"https:\/\/radiolifefm.com.br\/noticias\/#\/schema\/logo\/image\/\",\"url\":\"https:\/\/static.radiolifefm.com.br\/noticias\/wp-content\/uploads\/2019\/10\/logo-lifefm.png\",\"contentUrl\":\"https:\/\/static.radiolifefm.com.br\/noticias\/wp-content\/uploads\/2019\/10\/logo-lifefm.png\",\"width\":196,\"height\":47,\"caption\":\"R\u00e1dio Life FM\"},\"image\":{\"@id\":\"https:\/\/radiolifefm.com.br\/noticias\/#\/schema\/logo\/image\/\"},\"sameAs\":[\"https:\/\/www.facebook.com\/radiolifefm\/\",\"https:\/\/www.instagram.com\/life1079fm\/\"]},{\"@type\":\"Person\",\"@id\":\"https:\/\/radiolifefm.com.br\/noticias\/#\/schema\/person\/1d4e4b1301322090c6221bf1c8420490\",\"name\":\"lifefm\",\"image\":{\"@type\":\"ImageObject\",\"inLanguage\":\"pt-BR\",\"@id\":\"https:\/\/secure.gravatar.com\/avatar\/eca268467d925ec97d20641bb054fd944c0abb2f92854171620706bbe6474e7c?s=96&d=mm&r=g\",\"url\":\"https:\/\/secure.gravatar.com\/avatar\/eca268467d925ec97d20641bb054fd944c0abb2f92854171620706bbe6474e7c?s=96&d=mm&r=g\",\"contentUrl\":\"https:\/\/secure.gravatar.com\/avatar\/eca268467d925ec97d20641bb054fd944c0abb2f92854171620706bbe6474e7c?s=96&d=mm&r=g\",\"caption\":\"lifefm\"}}]}<\/script>\n<!-- \/ Yoast SEO plugin. -->","yoast_head_json":{"title":"Justi\u00e7a determina suspens\u00e3o das atividades do sub-11 e sub-13 do Osvaldo Cruz F.C. por meio de liminar - R\u00e1dio Life FM","robots":{"index":"index","follow":"follow","max-snippet":"max-snippet:-1","max-image-preview":"max-image-preview:large","max-video-preview":"max-video-preview:-1"},"canonical":"https:\/\/radiolifefm.com.br\/noticias\/justica-determina-suspensao-das-atividades-do-sub-11-e-sub-13-do-osvaldo-cruz-f-c-por-meio-de-liminar\/","og_locale":"pt_BR","og_type":"article","og_title":"Justi\u00e7a determina suspens\u00e3o das atividades do sub-11 e sub-13 do Osvaldo Cruz F.C. por meio de liminar - R\u00e1dio Life FM","og_description":"MPT entende que existe rela\u00e7\u00e3o de trabalho entre Azul\u00e3o e atletas menores de 14 anos; clube informa que n\u00e3o entrar\u00e1 em campo na estreia do Paulista, mas que vai tentar derrubar liminar O Tribunal Regional do Trabalho (TRT), acatou um pedido de urg\u00eancia do Minist\u00e9rio P\u00fablico do Trabalho (MPT) e determinou a suspens\u00e3o das atividades [&hellip;]","og_url":"https:\/\/radiolifefm.com.br\/noticias\/justica-determina-suspensao-das-atividades-do-sub-11-e-sub-13-do-osvaldo-cruz-f-c-por-meio-de-liminar\/","og_site_name":"R\u00e1dio Life FM","article_publisher":"https:\/\/www.facebook.com\/radiolifefm\/","article_published_time":"2019-05-19T19:06:33+00:00","article_modified_time":"2026-02-17T16:49:52+00:00","og_image":[{"width":620,"height":368,"url":"https:\/\/radiolifefm.com.br\/noticias\/wp-content\/uploads\/2019\/05\/Menor-Trabalho.jpg","type":"image\/jpeg"}],"author":"lifefm","twitter_card":"summary_large_image","twitter_misc":{"Escrito por":"lifefm","Est. tempo de leitura":"4 minutos"},"schema":{"@context":"https:\/\/schema.org","@graph":[{"@type":"Article","@id":"https:\/\/radiolifefm.com.br\/noticias\/justica-determina-suspensao-das-atividades-do-sub-11-e-sub-13-do-osvaldo-cruz-f-c-por-meio-de-liminar\/#article","isPartOf":{"@id":"https:\/\/radiolifefm.com.br\/noticias\/justica-determina-suspensao-das-atividades-do-sub-11-e-sub-13-do-osvaldo-cruz-f-c-por-meio-de-liminar\/"},"author":{"name":"lifefm","@id":"https:\/\/radiolifefm.com.br\/noticias\/#\/schema\/person\/1d4e4b1301322090c6221bf1c8420490"},"headline":"Justi\u00e7a determina suspens\u00e3o das atividades do sub-11 e sub-13 do Osvaldo Cruz F.C. por meio de liminar","datePublished":"2019-05-19T19:06:33+00:00","dateModified":"2026-02-17T16:49:52+00:00","mainEntityOfPage":{"@id":"https:\/\/radiolifefm.com.br\/noticias\/justica-determina-suspensao-das-atividades-do-sub-11-e-sub-13-do-osvaldo-cruz-f-c-por-meio-de-liminar\/"},"wordCount":722,"publisher":{"@id":"https:\/\/radiolifefm.com.br\/noticias\/#organization"},"image":{"@id":"https:\/\/radiolifefm.com.br\/noticias\/justica-determina-suspensao-das-atividades-do-sub-11-e-sub-13-do-osvaldo-cruz-f-c-por-meio-de-liminar\/#primaryimage"},"thumbnailUrl":"https:\/\/radiolifefm.com.br\/noticias\/wp-content\/uploads\/2019\/05\/Menor-Trabalho.jpg","articleSection":["Regi\u00e3o"],"inLanguage":"pt-BR"},{"@type":"WebPage","@id":"https:\/\/radiolifefm.com.br\/noticias\/justica-determina-suspensao-das-atividades-do-sub-11-e-sub-13-do-osvaldo-cruz-f-c-por-meio-de-liminar\/","url":"https:\/\/radiolifefm.com.br\/noticias\/justica-determina-suspensao-das-atividades-do-sub-11-e-sub-13-do-osvaldo-cruz-f-c-por-meio-de-liminar\/","name":"Justi\u00e7a determina suspens\u00e3o das atividades do sub-11 e sub-13 do Osvaldo Cruz F.C. por meio de liminar - R\u00e1dio Life FM","isPartOf":{"@id":"https:\/\/radiolifefm.com.br\/noticias\/#website"},"primaryImageOfPage":{"@id":"https:\/\/radiolifefm.com.br\/noticias\/justica-determina-suspensao-das-atividades-do-sub-11-e-sub-13-do-osvaldo-cruz-f-c-por-meio-de-liminar\/#primaryimage"},"image":{"@id":"https:\/\/radiolifefm.com.br\/noticias\/justica-determina-suspensao-das-atividades-do-sub-11-e-sub-13-do-osvaldo-cruz-f-c-por-meio-de-liminar\/#primaryimage"},"thumbnailUrl":"https:\/\/radiolifefm.com.br\/noticias\/wp-content\/uploads\/2019\/05\/Menor-Trabalho.jpg","datePublished":"2019-05-19T19:06:33+00:00","dateModified":"2026-02-17T16:49:52+00:00","breadcrumb":{"@id":"https:\/\/radiolifefm.com.br\/noticias\/justica-determina-suspensao-das-atividades-do-sub-11-e-sub-13-do-osvaldo-cruz-f-c-por-meio-de-liminar\/#breadcrumb"},"inLanguage":"pt-BR","potentialAction":[{"@type":"ReadAction","target":["https:\/\/radiolifefm.com.br\/noticias\/justica-determina-suspensao-das-atividades-do-sub-11-e-sub-13-do-osvaldo-cruz-f-c-por-meio-de-liminar\/"]}]},{"@type":"ImageObject","inLanguage":"pt-BR","@id":"https:\/\/radiolifefm.com.br\/noticias\/justica-determina-suspensao-das-atividades-do-sub-11-e-sub-13-do-osvaldo-cruz-f-c-por-meio-de-liminar\/#primaryimage","url":"https:\/\/radiolifefm.com.br\/noticias\/wp-content\/uploads\/2019\/05\/Menor-Trabalho.jpg","contentUrl":"https:\/\/radiolifefm.com.br\/noticias\/wp-content\/uploads\/2019\/05\/Menor-Trabalho.jpg","width":620,"height":368},{"@type":"BreadcrumbList","@id":"https:\/\/radiolifefm.com.br\/noticias\/justica-determina-suspensao-das-atividades-do-sub-11-e-sub-13-do-osvaldo-cruz-f-c-por-meio-de-liminar\/#breadcrumb","itemListElement":[{"@type":"ListItem","position":1,"name":"In\u00edcio","item":"https:\/\/radiolifefm.com.br\/noticias\/"},{"@type":"ListItem","position":2,"name":"Justi\u00e7a determina suspens\u00e3o das atividades do sub-11 e sub-13 do Osvaldo Cruz F.C. por meio de liminar"}]},{"@type":"WebSite","@id":"https:\/\/radiolifefm.com.br\/noticias\/#website","url":"https:\/\/radiolifefm.com.br\/noticias\/","name":"R\u00e1dio Life FM","description":"O Portal de Not\u00edcias de Adamantina","publisher":{"@id":"https:\/\/radiolifefm.com.br\/noticias\/#organization"},"alternateName":"Life FM","potentialAction":[{"@type":"SearchAction","target":{"@type":"EntryPoint","urlTemplate":"https:\/\/radiolifefm.com.br\/noticias\/?s={search_term_string}"},"query-input":{"@type":"PropertyValueSpecification","valueRequired":true,"valueName":"search_term_string"}}],"inLanguage":"pt-BR"},{"@type":"Organization","@id":"https:\/\/radiolifefm.com.br\/noticias\/#organization","name":"R\u00e1dio Life FM","alternateName":"Life FM","url":"https:\/\/radiolifefm.com.br\/noticias\/","logo":{"@type":"ImageObject","inLanguage":"pt-BR","@id":"https:\/\/radiolifefm.com.br\/noticias\/#\/schema\/logo\/image\/","url":"https:\/\/static.radiolifefm.com.br\/noticias\/wp-content\/uploads\/2019\/10\/logo-lifefm.png","contentUrl":"https:\/\/static.radiolifefm.com.br\/noticias\/wp-content\/uploads\/2019\/10\/logo-lifefm.png","width":196,"height":47,"caption":"R\u00e1dio Life FM"},"image":{"@id":"https:\/\/radiolifefm.com.br\/noticias\/#\/schema\/logo\/image\/"},"sameAs":["https:\/\/www.facebook.com\/radiolifefm\/","https:\/\/www.instagram.com\/life1079fm\/"]},{"@type":"Person","@id":"https:\/\/radiolifefm.com.br\/noticias\/#\/schema\/person\/1d4e4b1301322090c6221bf1c8420490","name":"lifefm","image":{"@type":"ImageObject","inLanguage":"pt-BR","@id":"https:\/\/secure.gravatar.com\/avatar\/eca268467d925ec97d20641bb054fd944c0abb2f92854171620706bbe6474e7c?s=96&d=mm&r=g","url":"https:\/\/secure.gravatar.com\/avatar\/eca268467d925ec97d20641bb054fd944c0abb2f92854171620706bbe6474e7c?s=96&d=mm&r=g","contentUrl":"https:\/\/secure.gravatar.com\/avatar\/eca268467d925ec97d20641bb054fd944c0abb2f92854171620706bbe6474e7c?s=96&d=mm&r=g","caption":"lifefm"}}]}},"amp_enabled":true,"_links":{"self":[{"href":"https:\/\/radiolifefm.com.br\/noticias\/wp-json\/wp\/v2\/posts\/13279","targetHints":{"allow":["GET"]}}],"collection":[{"href":"https:\/\/radiolifefm.com.br\/noticias\/wp-json\/wp\/v2\/posts"}],"about":[{"href":"https:\/\/radiolifefm.com.br\/noticias\/wp-json\/wp\/v2\/types\/post"}],"author":[{"embeddable":true,"href":"https:\/\/radiolifefm.com.br\/noticias\/wp-json\/wp\/v2\/users\/3"}],"replies":[{"embeddable":true,"href":"https:\/\/radiolifefm.com.br\/noticias\/wp-json\/wp\/v2\/comments?post=13279"}],"version-history":[{"count":1,"href":"https:\/\/radiolifefm.com.br\/noticias\/wp-json\/wp\/v2\/posts\/13279\/revisions"}],"predecessor-version":[{"id":13281,"href":"https:\/\/radiolifefm.com.br\/noticias\/wp-json\/wp\/v2\/posts\/13279\/revisions\/13281"}],"wp:featuredmedia":[{"embeddable":true,"href":"https:\/\/radiolifefm.com.br\/noticias\/wp-json\/wp\/v2\/media\/13280"}],"wp:attachment":[{"href":"https:\/\/radiolifefm.com.br\/noticias\/wp-json\/wp\/v2\/media?parent=13279"}],"wp:term":[{"taxonomy":"category","embeddable":true,"href":"https:\/\/radiolifefm.com.br\/noticias\/wp-json\/wp\/v2\/categories?post=13279"},{"taxonomy":"post_tag","embeddable":true,"href":"https:\/\/radiolifefm.com.br\/noticias\/wp-json\/wp\/v2\/tags?post=13279"}],"curies":[{"name":"wp","href":"https:\/\/api.w.org\/{rel}","templated":true}]}}