{"id":13225,"date":"2019-05-17T09:45:49","date_gmt":"2019-05-17T12:45:49","guid":{"rendered":"https:\/\/radiolifefm.com.br\/noticias\/?p=13225"},"modified":"2026-04-03T20:59:29","modified_gmt":"2026-04-03T23:59:29","slug":"forca-tatica-da-policia-militar-apreende-mais-de-1-kg-de-maconha-e-leva-mais-um-traficante-para-a-prisao","status":"publish","type":"post","link":"https:\/\/radiolifefm.com.br\/noticias\/forca-tatica-da-policia-militar-apreende-mais-de-1-kg-de-maconha-e-leva-mais-um-traficante-para-a-prisao\/","title":{"rendered":"For\u00e7a T\u00e1tica da Pol\u00edcia Militar apreende mais de 1 kg de maconha e leva mais um traficante para a pris\u00e3o"},"content":{"rendered":"<div id=\"fb-root\"><\/div>\n<p><em>Ocorr\u00eancia foi registrada em Ouro Verde<\/em><\/p>\n<p>Uma equipe policial em patrulhamento de For\u00e7a T\u00e1tica pelo munic\u00edpio de Ouro Verde, abordou em um estabelecimento comercial, um bar, W.F.P.S., um homem de 23 anos e localizou em seu bolso, 03 inv\u00f3lucros de maconha e a quantia de R$ 30,00.<\/p>\n<p>Ap\u00f3s buscas em sua resid\u00eancia, na Rua Para\u00edba, foi localizado no quarto, uma bolsa, contendo em seu interior, um tijolo de maconha, dois peda\u00e7os de maconha e 17 inv\u00f3lucros de maconha, j\u00e1 prontos para a comercializa\u00e7\u00e3o.<\/p>\n<p>O indiv\u00edduo foi preso.<\/p>\n<p>Informa\u00e7\u00f5es &#8211; Pol\u00edcia Militar<\/p>\n<p>Reda\u00e7\u00e3o &#8211; kako de Oliveira<\/p>\n","protected":false},"excerpt":{"rendered":"<p>Ocorr\u00eancia foi registrada em Ouro Verde Uma equipe policial em patrulhamento de For\u00e7a T\u00e1tica pelo munic\u00edpio de Ouro Verde, abordou em um estabelecimento comercial, um bar, W.F.P.S., um homem de 23 anos e localizou em seu bolso, 03 inv\u00f3lucros de maconha e a quantia de R$ 30,00. Ap\u00f3s buscas em sua resid\u00eancia, na Rua Para\u00edba, [&hellip;]<\/p>\n","protected":false},"author":3,"featured_media":13226,"comment_status":"closed","ping_status":"open","sticky":false,"template":"","format":"standard","meta":{"_acf_changed":false,"_exactmetrics_skip_tracking":false,"_exactmetrics_sitenote_active":false,"_exactmetrics_sitenote_note":"","_exactmetrics_sitenote_category":0,"footnotes":""},"categories":[24],"tags":[],"class_list":["post-13225","post","type-post","status-publish","format-standard","has-post-thumbnail","hentry","category-regiao"],"acf":[],"yoast_head":"<!-- This site is optimized with the Yoast SEO plugin v27.2 - https:\/\/yoast.com\/product\/yoast-seo-wordpress\/ -->\n<title>For\u00e7a T\u00e1tica da Pol\u00edcia Militar apreende mais de 1 kg de maconha e leva mais um traficante para a pris\u00e3o - R\u00e1dio Life FM<\/title>\n<meta name=\"robots\" content=\"index, follow, max-snippet:-1, max-image-preview:large, max-video-preview:-1\" \/>\n<link rel=\"canonical\" href=\"https:\/\/radiolifefm.com.br\/noticias\/forca-tatica-da-policia-militar-apreende-mais-de-1-kg-de-maconha-e-leva-mais-um-traficante-para-a-prisao\/\" \/>\n<meta property=\"og:locale\" content=\"pt_BR\" \/>\n<meta property=\"og:type\" content=\"article\" \/>\n<meta property=\"og:title\" content=\"For\u00e7a T\u00e1tica da Pol\u00edcia Militar apreende mais de 1 kg de maconha e leva mais um traficante para a pris\u00e3o - R\u00e1dio Life FM\" \/>\n<meta property=\"og:description\" content=\"Ocorr\u00eancia foi registrada em Ouro Verde Uma equipe policial em patrulhamento de For\u00e7a T\u00e1tica pelo munic\u00edpio de Ouro Verde, abordou em um estabelecimento comercial, um bar, W.F.P.S., um homem de 23 anos e localizou em seu bolso, 03 inv\u00f3lucros de maconha e a quantia de R$ 30,00. Ap\u00f3s buscas em sua resid\u00eancia, na Rua Para\u00edba, [&hellip;]\" \/>\n<meta property=\"og:url\" content=\"https:\/\/radiolifefm.com.br\/noticias\/forca-tatica-da-policia-militar-apreende-mais-de-1-kg-de-maconha-e-leva-mais-um-traficante-para-a-prisao\/\" \/>\n<meta property=\"og:site_name\" content=\"R\u00e1dio Life FM\" \/>\n<meta property=\"article:publisher\" content=\"https:\/\/www.facebook.com\/radiolifefm\/\" \/>\n<meta property=\"article:published_time\" content=\"2019-05-17T12:45:49+00:00\" \/>\n<meta property=\"article:modified_time\" content=\"2026-04-03T23:59:29+00:00\" \/>\n<meta property=\"og:image\" content=\"https:\/\/radiolifefm.com.br\/noticias\/wp-content\/uploads\/2019\/05\/Maconha-Ouro-Verde.jpg\" \/>\n\t<meta property=\"og:image:width\" content=\"1280\" \/>\n\t<meta property=\"og:image:height\" content=\"960\" \/>\n\t<meta property=\"og:image:type\" content=\"image\/jpeg\" \/>\n<meta name=\"author\" content=\"lifefm\" \/>\n<meta name=\"twitter:card\" content=\"summary_large_image\" \/>\n<meta name=\"twitter:label1\" content=\"Escrito por\" \/>\n\t<meta name=\"twitter:data1\" content=\"lifefm\" \/>\n\t<meta name=\"twitter:label2\" content=\"Est. tempo de leitura\" \/>\n\t<meta name=\"twitter:data2\" content=\"1 minuto\" \/>\n<script type=\"application\/ld+json\" class=\"yoast-schema-graph\">{\"@context\":\"https:\/\/schema.org\",\"@graph\":[{\"@type\":\"Article\",\"@id\":\"https:\/\/radiolifefm.com.br\/noticias\/forca-tatica-da-policia-militar-apreende-mais-de-1-kg-de-maconha-e-leva-mais-um-traficante-para-a-prisao\/#article\",\"isPartOf\":{\"@id\":\"https:\/\/radiolifefm.com.br\/noticias\/forca-tatica-da-policia-militar-apreende-mais-de-1-kg-de-maconha-e-leva-mais-um-traficante-para-a-prisao\/\"},\"author\":{\"name\":\"lifefm\",\"@id\":\"https:\/\/radiolifefm.com.br\/noticias\/#\/schema\/person\/1d4e4b1301322090c6221bf1c8420490\"},\"headline\":\"For\u00e7a T\u00e1tica da Pol\u00edcia Militar apreende mais de 1 kg de maconha e leva mais um traficante para a pris\u00e3o\",\"datePublished\":\"2019-05-17T12:45:49+00:00\",\"dateModified\":\"2026-04-03T23:59:29+00:00\",\"mainEntityOfPage\":{\"@id\":\"https:\/\/radiolifefm.com.br\/noticias\/forca-tatica-da-policia-militar-apreende-mais-de-1-kg-de-maconha-e-leva-mais-um-traficante-para-a-prisao\/\"},\"wordCount\":133,\"publisher\":{\"@id\":\"https:\/\/radiolifefm.com.br\/noticias\/#organization\"},\"image\":{\"@id\":\"https:\/\/radiolifefm.com.br\/noticias\/forca-tatica-da-policia-militar-apreende-mais-de-1-kg-de-maconha-e-leva-mais-um-traficante-para-a-prisao\/#primaryimage\"},\"thumbnailUrl\":\"https:\/\/radiolifefm.com.br\/noticias\/wp-content\/uploads\/2019\/05\/Maconha-Ouro-Verde.jpg\",\"articleSection\":[\"Regi\u00e3o\"],\"inLanguage\":\"pt-BR\"},{\"@type\":\"WebPage\",\"@id\":\"https:\/\/radiolifefm.com.br\/noticias\/forca-tatica-da-policia-militar-apreende-mais-de-1-kg-de-maconha-e-leva-mais-um-traficante-para-a-prisao\/\",\"url\":\"https:\/\/radiolifefm.com.br\/noticias\/forca-tatica-da-policia-militar-apreende-mais-de-1-kg-de-maconha-e-leva-mais-um-traficante-para-a-prisao\/\",\"name\":\"For\u00e7a T\u00e1tica da Pol\u00edcia Militar apreende mais de 1 kg de maconha e leva mais um traficante para a pris\u00e3o - R\u00e1dio Life FM\",\"isPartOf\":{\"@id\":\"https:\/\/radiolifefm.com.br\/noticias\/#website\"},\"primaryImageOfPage\":{\"@id\":\"https:\/\/radiolifefm.com.br\/noticias\/forca-tatica-da-policia-militar-apreende-mais-de-1-kg-de-maconha-e-leva-mais-um-traficante-para-a-prisao\/#primaryimage\"},\"image\":{\"@id\":\"https:\/\/radiolifefm.com.br\/noticias\/forca-tatica-da-policia-militar-apreende-mais-de-1-kg-de-maconha-e-leva-mais-um-traficante-para-a-prisao\/#primaryimage\"},\"thumbnailUrl\":\"https:\/\/radiolifefm.com.br\/noticias\/wp-content\/uploads\/2019\/05\/Maconha-Ouro-Verde.jpg\",\"datePublished\":\"2019-05-17T12:45:49+00:00\",\"dateModified\":\"2026-04-03T23:59:29+00:00\",\"breadcrumb\":{\"@id\":\"https:\/\/radiolifefm.com.br\/noticias\/forca-tatica-da-policia-militar-apreende-mais-de-1-kg-de-maconha-e-leva-mais-um-traficante-para-a-prisao\/#breadcrumb\"},\"inLanguage\":\"pt-BR\",\"potentialAction\":[{\"@type\":\"ReadAction\",\"target\":[\"https:\/\/radiolifefm.com.br\/noticias\/forca-tatica-da-policia-militar-apreende-mais-de-1-kg-de-maconha-e-leva-mais-um-traficante-para-a-prisao\/\"]}]},{\"@type\":\"ImageObject\",\"inLanguage\":\"pt-BR\",\"@id\":\"https:\/\/radiolifefm.com.br\/noticias\/forca-tatica-da-policia-militar-apreende-mais-de-1-kg-de-maconha-e-leva-mais-um-traficante-para-a-prisao\/#primaryimage\",\"url\":\"https:\/\/radiolifefm.com.br\/noticias\/wp-content\/uploads\/2019\/05\/Maconha-Ouro-Verde.jpg\",\"contentUrl\":\"https:\/\/radiolifefm.com.br\/noticias\/wp-content\/uploads\/2019\/05\/Maconha-Ouro-Verde.jpg\",\"width\":1280,\"height\":960,\"caption\":\"Tabletes de maconha apreendidos em Ouro Verde - Foto - Pol\u00edcia\/Cedida\"},{\"@type\":\"BreadcrumbList\",\"@id\":\"https:\/\/radiolifefm.com.br\/noticias\/forca-tatica-da-policia-militar-apreende-mais-de-1-kg-de-maconha-e-leva-mais-um-traficante-para-a-prisao\/#breadcrumb\",\"itemListElement\":[{\"@type\":\"ListItem\",\"position\":1,\"name\":\"In\u00edcio\",\"item\":\"https:\/\/radiolifefm.com.br\/noticias\/\"},{\"@type\":\"ListItem\",\"position\":2,\"name\":\"For\u00e7a T\u00e1tica da Pol\u00edcia Militar apreende mais de 1 kg de maconha e leva mais um traficante para a pris\u00e3o\"}]},{\"@type\":\"WebSite\",\"@id\":\"https:\/\/radiolifefm.com.br\/noticias\/#website\",\"url\":\"https:\/\/radiolifefm.com.br\/noticias\/\",\"name\":\"R\u00e1dio Life FM\",\"description\":\"O Portal de Not\u00edcias de Adamantina\",\"publisher\":{\"@id\":\"https:\/\/radiolifefm.com.br\/noticias\/#organization\"},\"alternateName\":\"Life FM\",\"potentialAction\":[{\"@type\":\"SearchAction\",\"target\":{\"@type\":\"EntryPoint\",\"urlTemplate\":\"https:\/\/radiolifefm.com.br\/noticias\/?s={search_term_string}\"},\"query-input\":{\"@type\":\"PropertyValueSpecification\",\"valueRequired\":true,\"valueName\":\"search_term_string\"}}],\"inLanguage\":\"pt-BR\"},{\"@type\":\"Organization\",\"@id\":\"https:\/\/radiolifefm.com.br\/noticias\/#organization\",\"name\":\"R\u00e1dio Life FM\",\"alternateName\":\"Life FM\",\"url\":\"https:\/\/radiolifefm.com.br\/noticias\/\",\"logo\":{\"@type\":\"ImageObject\",\"inLanguage\":\"pt-BR\",\"@id\":\"https:\/\/radiolifefm.com.br\/noticias\/#\/schema\/logo\/image\/\",\"url\":\"https:\/\/static.radiolifefm.com.br\/noticias\/wp-content\/uploads\/2019\/10\/logo-lifefm.png\",\"contentUrl\":\"https:\/\/static.radiolifefm.com.br\/noticias\/wp-content\/uploads\/2019\/10\/logo-lifefm.png\",\"width\":196,\"height\":47,\"caption\":\"R\u00e1dio Life FM\"},\"image\":{\"@id\":\"https:\/\/radiolifefm.com.br\/noticias\/#\/schema\/logo\/image\/\"},\"sameAs\":[\"https:\/\/www.facebook.com\/radiolifefm\/\",\"https:\/\/www.instagram.com\/life1079fm\/\"]},{\"@type\":\"Person\",\"@id\":\"https:\/\/radiolifefm.com.br\/noticias\/#\/schema\/person\/1d4e4b1301322090c6221bf1c8420490\",\"name\":\"lifefm\",\"image\":{\"@type\":\"ImageObject\",\"inLanguage\":\"pt-BR\",\"@id\":\"https:\/\/secure.gravatar.com\/avatar\/eca268467d925ec97d20641bb054fd944c0abb2f92854171620706bbe6474e7c?s=96&d=mm&r=g\",\"url\":\"https:\/\/secure.gravatar.com\/avatar\/eca268467d925ec97d20641bb054fd944c0abb2f92854171620706bbe6474e7c?s=96&d=mm&r=g\",\"contentUrl\":\"https:\/\/secure.gravatar.com\/avatar\/eca268467d925ec97d20641bb054fd944c0abb2f92854171620706bbe6474e7c?s=96&d=mm&r=g\",\"caption\":\"lifefm\"}}]}<\/script>\n<!-- \/ Yoast SEO plugin. -->","yoast_head_json":{"title":"For\u00e7a T\u00e1tica da Pol\u00edcia Militar apreende mais de 1 kg de maconha e leva mais um traficante para a pris\u00e3o - R\u00e1dio Life FM","robots":{"index":"index","follow":"follow","max-snippet":"max-snippet:-1","max-image-preview":"max-image-preview:large","max-video-preview":"max-video-preview:-1"},"canonical":"https:\/\/radiolifefm.com.br\/noticias\/forca-tatica-da-policia-militar-apreende-mais-de-1-kg-de-maconha-e-leva-mais-um-traficante-para-a-prisao\/","og_locale":"pt_BR","og_type":"article","og_title":"For\u00e7a T\u00e1tica da Pol\u00edcia Militar apreende mais de 1 kg de maconha e leva mais um traficante para a pris\u00e3o - R\u00e1dio Life FM","og_description":"Ocorr\u00eancia foi registrada em Ouro Verde Uma equipe policial em patrulhamento de For\u00e7a T\u00e1tica pelo munic\u00edpio de Ouro Verde, abordou em um estabelecimento comercial, um bar, W.F.P.S., um homem de 23 anos e localizou em seu bolso, 03 inv\u00f3lucros de maconha e a quantia de R$ 30,00. Ap\u00f3s buscas em sua resid\u00eancia, na Rua Para\u00edba, [&hellip;]","og_url":"https:\/\/radiolifefm.com.br\/noticias\/forca-tatica-da-policia-militar-apreende-mais-de-1-kg-de-maconha-e-leva-mais-um-traficante-para-a-prisao\/","og_site_name":"R\u00e1dio Life FM","article_publisher":"https:\/\/www.facebook.com\/radiolifefm\/","article_published_time":"2019-05-17T12:45:49+00:00","article_modified_time":"2026-04-03T23:59:29+00:00","og_image":[{"width":1280,"height":960,"url":"https:\/\/radiolifefm.com.br\/noticias\/wp-content\/uploads\/2019\/05\/Maconha-Ouro-Verde.jpg","type":"image\/jpeg"}],"author":"lifefm","twitter_card":"summary_large_image","twitter_misc":{"Escrito por":"lifefm","Est. tempo de leitura":"1 minuto"},"schema":{"@context":"https:\/\/schema.org","@graph":[{"@type":"Article","@id":"https:\/\/radiolifefm.com.br\/noticias\/forca-tatica-da-policia-militar-apreende-mais-de-1-kg-de-maconha-e-leva-mais-um-traficante-para-a-prisao\/#article","isPartOf":{"@id":"https:\/\/radiolifefm.com.br\/noticias\/forca-tatica-da-policia-militar-apreende-mais-de-1-kg-de-maconha-e-leva-mais-um-traficante-para-a-prisao\/"},"author":{"name":"lifefm","@id":"https:\/\/radiolifefm.com.br\/noticias\/#\/schema\/person\/1d4e4b1301322090c6221bf1c8420490"},"headline":"For\u00e7a T\u00e1tica da Pol\u00edcia Militar apreende mais de 1 kg de maconha e leva mais um traficante para a pris\u00e3o","datePublished":"2019-05-17T12:45:49+00:00","dateModified":"2026-04-03T23:59:29+00:00","mainEntityOfPage":{"@id":"https:\/\/radiolifefm.com.br\/noticias\/forca-tatica-da-policia-militar-apreende-mais-de-1-kg-de-maconha-e-leva-mais-um-traficante-para-a-prisao\/"},"wordCount":133,"publisher":{"@id":"https:\/\/radiolifefm.com.br\/noticias\/#organization"},"image":{"@id":"https:\/\/radiolifefm.com.br\/noticias\/forca-tatica-da-policia-militar-apreende-mais-de-1-kg-de-maconha-e-leva-mais-um-traficante-para-a-prisao\/#primaryimage"},"thumbnailUrl":"https:\/\/radiolifefm.com.br\/noticias\/wp-content\/uploads\/2019\/05\/Maconha-Ouro-Verde.jpg","articleSection":["Regi\u00e3o"],"inLanguage":"pt-BR"},{"@type":"WebPage","@id":"https:\/\/radiolifefm.com.br\/noticias\/forca-tatica-da-policia-militar-apreende-mais-de-1-kg-de-maconha-e-leva-mais-um-traficante-para-a-prisao\/","url":"https:\/\/radiolifefm.com.br\/noticias\/forca-tatica-da-policia-militar-apreende-mais-de-1-kg-de-maconha-e-leva-mais-um-traficante-para-a-prisao\/","name":"For\u00e7a T\u00e1tica da Pol\u00edcia Militar apreende mais de 1 kg de maconha e leva mais um traficante para a pris\u00e3o - R\u00e1dio Life FM","isPartOf":{"@id":"https:\/\/radiolifefm.com.br\/noticias\/#website"},"primaryImageOfPage":{"@id":"https:\/\/radiolifefm.com.br\/noticias\/forca-tatica-da-policia-militar-apreende-mais-de-1-kg-de-maconha-e-leva-mais-um-traficante-para-a-prisao\/#primaryimage"},"image":{"@id":"https:\/\/radiolifefm.com.br\/noticias\/forca-tatica-da-policia-militar-apreende-mais-de-1-kg-de-maconha-e-leva-mais-um-traficante-para-a-prisao\/#primaryimage"},"thumbnailUrl":"https:\/\/radiolifefm.com.br\/noticias\/wp-content\/uploads\/2019\/05\/Maconha-Ouro-Verde.jpg","datePublished":"2019-05-17T12:45:49+00:00","dateModified":"2026-04-03T23:59:29+00:00","breadcrumb":{"@id":"https:\/\/radiolifefm.com.br\/noticias\/forca-tatica-da-policia-militar-apreende-mais-de-1-kg-de-maconha-e-leva-mais-um-traficante-para-a-prisao\/#breadcrumb"},"inLanguage":"pt-BR","potentialAction":[{"@type":"ReadAction","target":["https:\/\/radiolifefm.com.br\/noticias\/forca-tatica-da-policia-militar-apreende-mais-de-1-kg-de-maconha-e-leva-mais-um-traficante-para-a-prisao\/"]}]},{"@type":"ImageObject","inLanguage":"pt-BR","@id":"https:\/\/radiolifefm.com.br\/noticias\/forca-tatica-da-policia-militar-apreende-mais-de-1-kg-de-maconha-e-leva-mais-um-traficante-para-a-prisao\/#primaryimage","url":"https:\/\/radiolifefm.com.br\/noticias\/wp-content\/uploads\/2019\/05\/Maconha-Ouro-Verde.jpg","contentUrl":"https:\/\/radiolifefm.com.br\/noticias\/wp-content\/uploads\/2019\/05\/Maconha-Ouro-Verde.jpg","width":1280,"height":960,"caption":"Tabletes de maconha apreendidos em Ouro Verde - Foto - Pol\u00edcia\/Cedida"},{"@type":"BreadcrumbList","@id":"https:\/\/radiolifefm.com.br\/noticias\/forca-tatica-da-policia-militar-apreende-mais-de-1-kg-de-maconha-e-leva-mais-um-traficante-para-a-prisao\/#breadcrumb","itemListElement":[{"@type":"ListItem","position":1,"name":"In\u00edcio","item":"https:\/\/radiolifefm.com.br\/noticias\/"},{"@type":"ListItem","position":2,"name":"For\u00e7a T\u00e1tica da Pol\u00edcia Militar apreende mais de 1 kg de maconha e leva mais um traficante para a pris\u00e3o"}]},{"@type":"WebSite","@id":"https:\/\/radiolifefm.com.br\/noticias\/#website","url":"https:\/\/radiolifefm.com.br\/noticias\/","name":"R\u00e1dio Life FM","description":"O Portal de Not\u00edcias de Adamantina","publisher":{"@id":"https:\/\/radiolifefm.com.br\/noticias\/#organization"},"alternateName":"Life FM","potentialAction":[{"@type":"SearchAction","target":{"@type":"EntryPoint","urlTemplate":"https:\/\/radiolifefm.com.br\/noticias\/?s={search_term_string}"},"query-input":{"@type":"PropertyValueSpecification","valueRequired":true,"valueName":"search_term_string"}}],"inLanguage":"pt-BR"},{"@type":"Organization","@id":"https:\/\/radiolifefm.com.br\/noticias\/#organization","name":"R\u00e1dio Life FM","alternateName":"Life FM","url":"https:\/\/radiolifefm.com.br\/noticias\/","logo":{"@type":"ImageObject","inLanguage":"pt-BR","@id":"https:\/\/radiolifefm.com.br\/noticias\/#\/schema\/logo\/image\/","url":"https:\/\/static.radiolifefm.com.br\/noticias\/wp-content\/uploads\/2019\/10\/logo-lifefm.png","contentUrl":"https:\/\/static.radiolifefm.com.br\/noticias\/wp-content\/uploads\/2019\/10\/logo-lifefm.png","width":196,"height":47,"caption":"R\u00e1dio Life FM"},"image":{"@id":"https:\/\/radiolifefm.com.br\/noticias\/#\/schema\/logo\/image\/"},"sameAs":["https:\/\/www.facebook.com\/radiolifefm\/","https:\/\/www.instagram.com\/life1079fm\/"]},{"@type":"Person","@id":"https:\/\/radiolifefm.com.br\/noticias\/#\/schema\/person\/1d4e4b1301322090c6221bf1c8420490","name":"lifefm","image":{"@type":"ImageObject","inLanguage":"pt-BR","@id":"https:\/\/secure.gravatar.com\/avatar\/eca268467d925ec97d20641bb054fd944c0abb2f92854171620706bbe6474e7c?s=96&d=mm&r=g","url":"https:\/\/secure.gravatar.com\/avatar\/eca268467d925ec97d20641bb054fd944c0abb2f92854171620706bbe6474e7c?s=96&d=mm&r=g","contentUrl":"https:\/\/secure.gravatar.com\/avatar\/eca268467d925ec97d20641bb054fd944c0abb2f92854171620706bbe6474e7c?s=96&d=mm&r=g","caption":"lifefm"}}]}},"amp_enabled":true,"_links":{"self":[{"href":"https:\/\/radiolifefm.com.br\/noticias\/wp-json\/wp\/v2\/posts\/13225","targetHints":{"allow":["GET"]}}],"collection":[{"href":"https:\/\/radiolifefm.com.br\/noticias\/wp-json\/wp\/v2\/posts"}],"about":[{"href":"https:\/\/radiolifefm.com.br\/noticias\/wp-json\/wp\/v2\/types\/post"}],"author":[{"embeddable":true,"href":"https:\/\/radiolifefm.com.br\/noticias\/wp-json\/wp\/v2\/users\/3"}],"replies":[{"embeddable":true,"href":"https:\/\/radiolifefm.com.br\/noticias\/wp-json\/wp\/v2\/comments?post=13225"}],"version-history":[{"count":1,"href":"https:\/\/radiolifefm.com.br\/noticias\/wp-json\/wp\/v2\/posts\/13225\/revisions"}],"predecessor-version":[{"id":13227,"href":"https:\/\/radiolifefm.com.br\/noticias\/wp-json\/wp\/v2\/posts\/13225\/revisions\/13227"}],"wp:featuredmedia":[{"embeddable":true,"href":"https:\/\/radiolifefm.com.br\/noticias\/wp-json\/wp\/v2\/media\/13226"}],"wp:attachment":[{"href":"https:\/\/radiolifefm.com.br\/noticias\/wp-json\/wp\/v2\/media?parent=13225"}],"wp:term":[{"taxonomy":"category","embeddable":true,"href":"https:\/\/radiolifefm.com.br\/noticias\/wp-json\/wp\/v2\/categories?post=13225"},{"taxonomy":"post_tag","embeddable":true,"href":"https:\/\/radiolifefm.com.br\/noticias\/wp-json\/wp\/v2\/tags?post=13225"}],"curies":[{"name":"wp","href":"https:\/\/api.w.org\/{rel}","templated":true}]}}