{"id":13216,"date":"2019-05-16T19:36:13","date_gmt":"2019-05-16T22:36:13","guid":{"rendered":"https:\/\/radiolifefm.com.br\/noticias\/?p=13216"},"modified":"2026-01-22T05:42:58","modified_gmt":"2026-01-22T08:42:58","slug":"homem-cai-em-galeria-de-cabos-telefonicos-na-calcada-da-avenida-internacional","status":"publish","type":"post","link":"https:\/\/radiolifefm.com.br\/noticias\/homem-cai-em-galeria-de-cabos-telefonicos-na-calcada-da-avenida-internacional\/","title":{"rendered":"Homem cai em galeria de cabos telef\u00f4nicos na cal\u00e7ada da Avenida Internacional"},"content":{"rendered":"<div id=\"fb-root\"><\/div>\n<p><em>Homem teria problemas de vis\u00e3o e n\u00e3o percebeu manuten\u00e7\u00e3o no centro da cidade<\/em><\/p>\n<p>Um morador de Luc\u00e9lia, que n\u00e3o teve a sua identidade revelada, caiu em uma galeria por onde passam cabos de telefonia.<br \/>\nO acidente ocorreu na tarde desta quarta-feira (15), por volta das 16h, na esquina da loja Cybelar, em plena Avenida Internacional, no centro da cidade.<\/p>\n<p>Um funcion\u00e1rio fazia servi\u00e7os de manuten\u00e7\u00e3o, quando ocorreu o acidente. O funcion\u00e1rio n\u00e3o se feriu e n\u00e3o precisou de atendimento do resgate.<\/p>\n<p>O homem que se acidentou teria problemas de vis\u00e3o e acabou por cair no espa\u00e7o onde seriam realizadas obras de manuten\u00e7\u00e3o. O resgate do Corpo de Bombeiros de Adamantina foi acionado e compareceu ao local do acidente.<\/p>\n<p>O resgate foi demorado pelo fato do espa\u00e7o ser de dif\u00edcil acesso, com pouco mais de um metro de di\u00e2metro.<\/p>\n<p>Uma maca teve que ser descida na posi\u00e7\u00e3o vertical para retirar o homem acidentado de dentro da galeria.<\/p>\n<p>O homem acidentado foi conduzido para a Santa Casa de Miseric\u00f3rdia de Luc\u00e9lia, para atendimento m\u00e9dico.<\/p>\n<p>Fonte: Jos\u00e9 Luiz Paiva &#8211; Luc\u00e9lia em Foco<\/p>\n<p>Reda\u00e7\u00e3o &#8211; Kako de Oliveira<\/p>\n","protected":false},"excerpt":{"rendered":"<p>Homem teria problemas de vis\u00e3o e n\u00e3o percebeu manuten\u00e7\u00e3o no centro da cidade Um morador de Luc\u00e9lia, que n\u00e3o teve a sua identidade revelada, caiu em uma galeria por onde passam cabos de telefonia. O acidente ocorreu na tarde desta quarta-feira (15), por volta das 16h, na esquina da loja Cybelar, em plena Avenida Internacional, [&hellip;]<\/p>\n","protected":false},"author":3,"featured_media":13217,"comment_status":"open","ping_status":"open","sticky":false,"template":"","format":"standard","meta":{"_acf_changed":false,"_exactmetrics_skip_tracking":false,"_exactmetrics_sitenote_active":false,"_exactmetrics_sitenote_note":"","_exactmetrics_sitenote_category":0,"footnotes":""},"categories":[24],"tags":[],"class_list":["post-13216","post","type-post","status-publish","format-standard","has-post-thumbnail","hentry","category-regiao"],"acf":[],"yoast_head":"<!-- This site is optimized with the Yoast SEO plugin v27.2 - https:\/\/yoast.com\/product\/yoast-seo-wordpress\/ -->\n<title>Homem cai em galeria de cabos telef\u00f4nicos na cal\u00e7ada da Avenida Internacional - R\u00e1dio Life FM<\/title>\n<meta name=\"robots\" content=\"index, follow, max-snippet:-1, max-image-preview:large, max-video-preview:-1\" \/>\n<link rel=\"canonical\" href=\"https:\/\/radiolifefm.com.br\/noticias\/homem-cai-em-galeria-de-cabos-telefonicos-na-calcada-da-avenida-internacional\/\" \/>\n<meta property=\"og:locale\" content=\"pt_BR\" \/>\n<meta property=\"og:type\" content=\"article\" \/>\n<meta property=\"og:title\" content=\"Homem cai em galeria de cabos telef\u00f4nicos na cal\u00e7ada da Avenida Internacional - R\u00e1dio Life FM\" \/>\n<meta property=\"og:description\" content=\"Homem teria problemas de vis\u00e3o e n\u00e3o percebeu manuten\u00e7\u00e3o no centro da cidade Um morador de Luc\u00e9lia, que n\u00e3o teve a sua identidade revelada, caiu em uma galeria por onde passam cabos de telefonia. O acidente ocorreu na tarde desta quarta-feira (15), por volta das 16h, na esquina da loja Cybelar, em plena Avenida Internacional, [&hellip;]\" \/>\n<meta property=\"og:url\" content=\"https:\/\/radiolifefm.com.br\/noticias\/homem-cai-em-galeria-de-cabos-telefonicos-na-calcada-da-avenida-internacional\/\" \/>\n<meta property=\"og:site_name\" content=\"R\u00e1dio Life FM\" \/>\n<meta property=\"article:publisher\" content=\"https:\/\/www.facebook.com\/radiolifefm\/\" \/>\n<meta property=\"article:published_time\" content=\"2019-05-16T22:36:13+00:00\" \/>\n<meta property=\"article:modified_time\" content=\"2026-01-22T08:42:58+00:00\" \/>\n<meta property=\"og:image\" content=\"https:\/\/radiolifefm.com.br\/noticias\/wp-content\/uploads\/2019\/05\/Caiu-na-galeria-Luc\u00e9lia.jpg\" \/>\n\t<meta property=\"og:image:width\" content=\"497\" \/>\n\t<meta property=\"og:image:height\" content=\"309\" \/>\n\t<meta property=\"og:image:type\" content=\"image\/jpeg\" \/>\n<meta name=\"author\" content=\"lifefm\" \/>\n<meta name=\"twitter:card\" content=\"summary_large_image\" \/>\n<meta name=\"twitter:label1\" content=\"Escrito por\" \/>\n\t<meta name=\"twitter:data1\" content=\"lifefm\" \/>\n\t<meta name=\"twitter:label2\" content=\"Est. tempo de leitura\" \/>\n\t<meta name=\"twitter:data2\" content=\"1 minuto\" \/>\n<script type=\"application\/ld+json\" class=\"yoast-schema-graph\">{\"@context\":\"https:\/\/schema.org\",\"@graph\":[{\"@type\":\"Article\",\"@id\":\"https:\/\/radiolifefm.com.br\/noticias\/homem-cai-em-galeria-de-cabos-telefonicos-na-calcada-da-avenida-internacional\/#article\",\"isPartOf\":{\"@id\":\"https:\/\/radiolifefm.com.br\/noticias\/homem-cai-em-galeria-de-cabos-telefonicos-na-calcada-da-avenida-internacional\/\"},\"author\":{\"name\":\"lifefm\",\"@id\":\"https:\/\/radiolifefm.com.br\/noticias\/#\/schema\/person\/1d4e4b1301322090c6221bf1c8420490\"},\"headline\":\"Homem cai em galeria de cabos telef\u00f4nicos na cal\u00e7ada da Avenida Internacional\",\"datePublished\":\"2019-05-16T22:36:13+00:00\",\"dateModified\":\"2026-01-22T08:42:58+00:00\",\"mainEntityOfPage\":{\"@id\":\"https:\/\/radiolifefm.com.br\/noticias\/homem-cai-em-galeria-de-cabos-telefonicos-na-calcada-da-avenida-internacional\/\"},\"wordCount\":221,\"commentCount\":0,\"publisher\":{\"@id\":\"https:\/\/radiolifefm.com.br\/noticias\/#organization\"},\"image\":{\"@id\":\"https:\/\/radiolifefm.com.br\/noticias\/homem-cai-em-galeria-de-cabos-telefonicos-na-calcada-da-avenida-internacional\/#primaryimage\"},\"thumbnailUrl\":\"https:\/\/radiolifefm.com.br\/noticias\/wp-content\/uploads\/2019\/05\/Caiu-na-galeria-Luc\u00e9lia.jpg\",\"articleSection\":[\"Regi\u00e3o\"],\"inLanguage\":\"pt-BR\",\"potentialAction\":[{\"@type\":\"CommentAction\",\"name\":\"Comment\",\"target\":[\"https:\/\/radiolifefm.com.br\/noticias\/homem-cai-em-galeria-de-cabos-telefonicos-na-calcada-da-avenida-internacional\/#respond\"]}]},{\"@type\":\"WebPage\",\"@id\":\"https:\/\/radiolifefm.com.br\/noticias\/homem-cai-em-galeria-de-cabos-telefonicos-na-calcada-da-avenida-internacional\/\",\"url\":\"https:\/\/radiolifefm.com.br\/noticias\/homem-cai-em-galeria-de-cabos-telefonicos-na-calcada-da-avenida-internacional\/\",\"name\":\"Homem cai em galeria de cabos telef\u00f4nicos na cal\u00e7ada da Avenida Internacional - R\u00e1dio Life FM\",\"isPartOf\":{\"@id\":\"https:\/\/radiolifefm.com.br\/noticias\/#website\"},\"primaryImageOfPage\":{\"@id\":\"https:\/\/radiolifefm.com.br\/noticias\/homem-cai-em-galeria-de-cabos-telefonicos-na-calcada-da-avenida-internacional\/#primaryimage\"},\"image\":{\"@id\":\"https:\/\/radiolifefm.com.br\/noticias\/homem-cai-em-galeria-de-cabos-telefonicos-na-calcada-da-avenida-internacional\/#primaryimage\"},\"thumbnailUrl\":\"https:\/\/radiolifefm.com.br\/noticias\/wp-content\/uploads\/2019\/05\/Caiu-na-galeria-Luc\u00e9lia.jpg\",\"datePublished\":\"2019-05-16T22:36:13+00:00\",\"dateModified\":\"2026-01-22T08:42:58+00:00\",\"breadcrumb\":{\"@id\":\"https:\/\/radiolifefm.com.br\/noticias\/homem-cai-em-galeria-de-cabos-telefonicos-na-calcada-da-avenida-internacional\/#breadcrumb\"},\"inLanguage\":\"pt-BR\",\"potentialAction\":[{\"@type\":\"ReadAction\",\"target\":[\"https:\/\/radiolifefm.com.br\/noticias\/homem-cai-em-galeria-de-cabos-telefonicos-na-calcada-da-avenida-internacional\/\"]}]},{\"@type\":\"ImageObject\",\"inLanguage\":\"pt-BR\",\"@id\":\"https:\/\/radiolifefm.com.br\/noticias\/homem-cai-em-galeria-de-cabos-telefonicos-na-calcada-da-avenida-internacional\/#primaryimage\",\"url\":\"https:\/\/radiolifefm.com.br\/noticias\/wp-content\/uploads\/2019\/05\/Caiu-na-galeria-Luc\u00e9lia.jpg\",\"contentUrl\":\"https:\/\/radiolifefm.com.br\/noticias\/wp-content\/uploads\/2019\/05\/Caiu-na-galeria-Luc\u00e9lia.jpg\",\"width\":497,\"height\":309,\"caption\":\"Homem caiu em galeria por onde passam fios e cabos telef\u00f4nicos no centro da cidade em Luc\u00e9lia\"},{\"@type\":\"BreadcrumbList\",\"@id\":\"https:\/\/radiolifefm.com.br\/noticias\/homem-cai-em-galeria-de-cabos-telefonicos-na-calcada-da-avenida-internacional\/#breadcrumb\",\"itemListElement\":[{\"@type\":\"ListItem\",\"position\":1,\"name\":\"In\u00edcio\",\"item\":\"https:\/\/radiolifefm.com.br\/noticias\/\"},{\"@type\":\"ListItem\",\"position\":2,\"name\":\"Homem cai em galeria de cabos telef\u00f4nicos na cal\u00e7ada da Avenida Internacional\"}]},{\"@type\":\"WebSite\",\"@id\":\"https:\/\/radiolifefm.com.br\/noticias\/#website\",\"url\":\"https:\/\/radiolifefm.com.br\/noticias\/\",\"name\":\"R\u00e1dio Life FM\",\"description\":\"O Portal de Not\u00edcias de Adamantina\",\"publisher\":{\"@id\":\"https:\/\/radiolifefm.com.br\/noticias\/#organization\"},\"alternateName\":\"Life FM\",\"potentialAction\":[{\"@type\":\"SearchAction\",\"target\":{\"@type\":\"EntryPoint\",\"urlTemplate\":\"https:\/\/radiolifefm.com.br\/noticias\/?s={search_term_string}\"},\"query-input\":{\"@type\":\"PropertyValueSpecification\",\"valueRequired\":true,\"valueName\":\"search_term_string\"}}],\"inLanguage\":\"pt-BR\"},{\"@type\":\"Organization\",\"@id\":\"https:\/\/radiolifefm.com.br\/noticias\/#organization\",\"name\":\"R\u00e1dio Life FM\",\"alternateName\":\"Life FM\",\"url\":\"https:\/\/radiolifefm.com.br\/noticias\/\",\"logo\":{\"@type\":\"ImageObject\",\"inLanguage\":\"pt-BR\",\"@id\":\"https:\/\/radiolifefm.com.br\/noticias\/#\/schema\/logo\/image\/\",\"url\":\"https:\/\/static.radiolifefm.com.br\/noticias\/wp-content\/uploads\/2019\/10\/logo-lifefm.png\",\"contentUrl\":\"https:\/\/static.radiolifefm.com.br\/noticias\/wp-content\/uploads\/2019\/10\/logo-lifefm.png\",\"width\":196,\"height\":47,\"caption\":\"R\u00e1dio Life FM\"},\"image\":{\"@id\":\"https:\/\/radiolifefm.com.br\/noticias\/#\/schema\/logo\/image\/\"},\"sameAs\":[\"https:\/\/www.facebook.com\/radiolifefm\/\",\"https:\/\/www.instagram.com\/life1079fm\/\"]},{\"@type\":\"Person\",\"@id\":\"https:\/\/radiolifefm.com.br\/noticias\/#\/schema\/person\/1d4e4b1301322090c6221bf1c8420490\",\"name\":\"lifefm\",\"image\":{\"@type\":\"ImageObject\",\"inLanguage\":\"pt-BR\",\"@id\":\"https:\/\/secure.gravatar.com\/avatar\/eca268467d925ec97d20641bb054fd944c0abb2f92854171620706bbe6474e7c?s=96&d=mm&r=g\",\"url\":\"https:\/\/secure.gravatar.com\/avatar\/eca268467d925ec97d20641bb054fd944c0abb2f92854171620706bbe6474e7c?s=96&d=mm&r=g\",\"contentUrl\":\"https:\/\/secure.gravatar.com\/avatar\/eca268467d925ec97d20641bb054fd944c0abb2f92854171620706bbe6474e7c?s=96&d=mm&r=g\",\"caption\":\"lifefm\"}}]}<\/script>\n<!-- \/ Yoast SEO plugin. -->","yoast_head_json":{"title":"Homem cai em galeria de cabos telef\u00f4nicos na cal\u00e7ada da Avenida Internacional - R\u00e1dio Life FM","robots":{"index":"index","follow":"follow","max-snippet":"max-snippet:-1","max-image-preview":"max-image-preview:large","max-video-preview":"max-video-preview:-1"},"canonical":"https:\/\/radiolifefm.com.br\/noticias\/homem-cai-em-galeria-de-cabos-telefonicos-na-calcada-da-avenida-internacional\/","og_locale":"pt_BR","og_type":"article","og_title":"Homem cai em galeria de cabos telef\u00f4nicos na cal\u00e7ada da Avenida Internacional - R\u00e1dio Life FM","og_description":"Homem teria problemas de vis\u00e3o e n\u00e3o percebeu manuten\u00e7\u00e3o no centro da cidade Um morador de Luc\u00e9lia, que n\u00e3o teve a sua identidade revelada, caiu em uma galeria por onde passam cabos de telefonia. O acidente ocorreu na tarde desta quarta-feira (15), por volta das 16h, na esquina da loja Cybelar, em plena Avenida Internacional, [&hellip;]","og_url":"https:\/\/radiolifefm.com.br\/noticias\/homem-cai-em-galeria-de-cabos-telefonicos-na-calcada-da-avenida-internacional\/","og_site_name":"R\u00e1dio Life FM","article_publisher":"https:\/\/www.facebook.com\/radiolifefm\/","article_published_time":"2019-05-16T22:36:13+00:00","article_modified_time":"2026-01-22T08:42:58+00:00","og_image":[{"width":497,"height":309,"url":"https:\/\/radiolifefm.com.br\/noticias\/wp-content\/uploads\/2019\/05\/Caiu-na-galeria-Luc\u00e9lia.jpg","type":"image\/jpeg"}],"author":"lifefm","twitter_card":"summary_large_image","twitter_misc":{"Escrito por":"lifefm","Est. tempo de leitura":"1 minuto"},"schema":{"@context":"https:\/\/schema.org","@graph":[{"@type":"Article","@id":"https:\/\/radiolifefm.com.br\/noticias\/homem-cai-em-galeria-de-cabos-telefonicos-na-calcada-da-avenida-internacional\/#article","isPartOf":{"@id":"https:\/\/radiolifefm.com.br\/noticias\/homem-cai-em-galeria-de-cabos-telefonicos-na-calcada-da-avenida-internacional\/"},"author":{"name":"lifefm","@id":"https:\/\/radiolifefm.com.br\/noticias\/#\/schema\/person\/1d4e4b1301322090c6221bf1c8420490"},"headline":"Homem cai em galeria de cabos telef\u00f4nicos na cal\u00e7ada da Avenida Internacional","datePublished":"2019-05-16T22:36:13+00:00","dateModified":"2026-01-22T08:42:58+00:00","mainEntityOfPage":{"@id":"https:\/\/radiolifefm.com.br\/noticias\/homem-cai-em-galeria-de-cabos-telefonicos-na-calcada-da-avenida-internacional\/"},"wordCount":221,"commentCount":0,"publisher":{"@id":"https:\/\/radiolifefm.com.br\/noticias\/#organization"},"image":{"@id":"https:\/\/radiolifefm.com.br\/noticias\/homem-cai-em-galeria-de-cabos-telefonicos-na-calcada-da-avenida-internacional\/#primaryimage"},"thumbnailUrl":"https:\/\/radiolifefm.com.br\/noticias\/wp-content\/uploads\/2019\/05\/Caiu-na-galeria-Luc\u00e9lia.jpg","articleSection":["Regi\u00e3o"],"inLanguage":"pt-BR","potentialAction":[{"@type":"CommentAction","name":"Comment","target":["https:\/\/radiolifefm.com.br\/noticias\/homem-cai-em-galeria-de-cabos-telefonicos-na-calcada-da-avenida-internacional\/#respond"]}]},{"@type":"WebPage","@id":"https:\/\/radiolifefm.com.br\/noticias\/homem-cai-em-galeria-de-cabos-telefonicos-na-calcada-da-avenida-internacional\/","url":"https:\/\/radiolifefm.com.br\/noticias\/homem-cai-em-galeria-de-cabos-telefonicos-na-calcada-da-avenida-internacional\/","name":"Homem cai em galeria de cabos telef\u00f4nicos na cal\u00e7ada da Avenida Internacional - R\u00e1dio Life FM","isPartOf":{"@id":"https:\/\/radiolifefm.com.br\/noticias\/#website"},"primaryImageOfPage":{"@id":"https:\/\/radiolifefm.com.br\/noticias\/homem-cai-em-galeria-de-cabos-telefonicos-na-calcada-da-avenida-internacional\/#primaryimage"},"image":{"@id":"https:\/\/radiolifefm.com.br\/noticias\/homem-cai-em-galeria-de-cabos-telefonicos-na-calcada-da-avenida-internacional\/#primaryimage"},"thumbnailUrl":"https:\/\/radiolifefm.com.br\/noticias\/wp-content\/uploads\/2019\/05\/Caiu-na-galeria-Luc\u00e9lia.jpg","datePublished":"2019-05-16T22:36:13+00:00","dateModified":"2026-01-22T08:42:58+00:00","breadcrumb":{"@id":"https:\/\/radiolifefm.com.br\/noticias\/homem-cai-em-galeria-de-cabos-telefonicos-na-calcada-da-avenida-internacional\/#breadcrumb"},"inLanguage":"pt-BR","potentialAction":[{"@type":"ReadAction","target":["https:\/\/radiolifefm.com.br\/noticias\/homem-cai-em-galeria-de-cabos-telefonicos-na-calcada-da-avenida-internacional\/"]}]},{"@type":"ImageObject","inLanguage":"pt-BR","@id":"https:\/\/radiolifefm.com.br\/noticias\/homem-cai-em-galeria-de-cabos-telefonicos-na-calcada-da-avenida-internacional\/#primaryimage","url":"https:\/\/radiolifefm.com.br\/noticias\/wp-content\/uploads\/2019\/05\/Caiu-na-galeria-Luc\u00e9lia.jpg","contentUrl":"https:\/\/radiolifefm.com.br\/noticias\/wp-content\/uploads\/2019\/05\/Caiu-na-galeria-Luc\u00e9lia.jpg","width":497,"height":309,"caption":"Homem caiu em galeria por onde passam fios e cabos telef\u00f4nicos no centro da cidade em Luc\u00e9lia"},{"@type":"BreadcrumbList","@id":"https:\/\/radiolifefm.com.br\/noticias\/homem-cai-em-galeria-de-cabos-telefonicos-na-calcada-da-avenida-internacional\/#breadcrumb","itemListElement":[{"@type":"ListItem","position":1,"name":"In\u00edcio","item":"https:\/\/radiolifefm.com.br\/noticias\/"},{"@type":"ListItem","position":2,"name":"Homem cai em galeria de cabos telef\u00f4nicos na cal\u00e7ada da Avenida Internacional"}]},{"@type":"WebSite","@id":"https:\/\/radiolifefm.com.br\/noticias\/#website","url":"https:\/\/radiolifefm.com.br\/noticias\/","name":"R\u00e1dio Life FM","description":"O Portal de Not\u00edcias de Adamantina","publisher":{"@id":"https:\/\/radiolifefm.com.br\/noticias\/#organization"},"alternateName":"Life FM","potentialAction":[{"@type":"SearchAction","target":{"@type":"EntryPoint","urlTemplate":"https:\/\/radiolifefm.com.br\/noticias\/?s={search_term_string}"},"query-input":{"@type":"PropertyValueSpecification","valueRequired":true,"valueName":"search_term_string"}}],"inLanguage":"pt-BR"},{"@type":"Organization","@id":"https:\/\/radiolifefm.com.br\/noticias\/#organization","name":"R\u00e1dio Life FM","alternateName":"Life FM","url":"https:\/\/radiolifefm.com.br\/noticias\/","logo":{"@type":"ImageObject","inLanguage":"pt-BR","@id":"https:\/\/radiolifefm.com.br\/noticias\/#\/schema\/logo\/image\/","url":"https:\/\/static.radiolifefm.com.br\/noticias\/wp-content\/uploads\/2019\/10\/logo-lifefm.png","contentUrl":"https:\/\/static.radiolifefm.com.br\/noticias\/wp-content\/uploads\/2019\/10\/logo-lifefm.png","width":196,"height":47,"caption":"R\u00e1dio Life FM"},"image":{"@id":"https:\/\/radiolifefm.com.br\/noticias\/#\/schema\/logo\/image\/"},"sameAs":["https:\/\/www.facebook.com\/radiolifefm\/","https:\/\/www.instagram.com\/life1079fm\/"]},{"@type":"Person","@id":"https:\/\/radiolifefm.com.br\/noticias\/#\/schema\/person\/1d4e4b1301322090c6221bf1c8420490","name":"lifefm","image":{"@type":"ImageObject","inLanguage":"pt-BR","@id":"https:\/\/secure.gravatar.com\/avatar\/eca268467d925ec97d20641bb054fd944c0abb2f92854171620706bbe6474e7c?s=96&d=mm&r=g","url":"https:\/\/secure.gravatar.com\/avatar\/eca268467d925ec97d20641bb054fd944c0abb2f92854171620706bbe6474e7c?s=96&d=mm&r=g","contentUrl":"https:\/\/secure.gravatar.com\/avatar\/eca268467d925ec97d20641bb054fd944c0abb2f92854171620706bbe6474e7c?s=96&d=mm&r=g","caption":"lifefm"}}]}},"amp_enabled":true,"_links":{"self":[{"href":"https:\/\/radiolifefm.com.br\/noticias\/wp-json\/wp\/v2\/posts\/13216","targetHints":{"allow":["GET"]}}],"collection":[{"href":"https:\/\/radiolifefm.com.br\/noticias\/wp-json\/wp\/v2\/posts"}],"about":[{"href":"https:\/\/radiolifefm.com.br\/noticias\/wp-json\/wp\/v2\/types\/post"}],"author":[{"embeddable":true,"href":"https:\/\/radiolifefm.com.br\/noticias\/wp-json\/wp\/v2\/users\/3"}],"replies":[{"embeddable":true,"href":"https:\/\/radiolifefm.com.br\/noticias\/wp-json\/wp\/v2\/comments?post=13216"}],"version-history":[{"count":2,"href":"https:\/\/radiolifefm.com.br\/noticias\/wp-json\/wp\/v2\/posts\/13216\/revisions"}],"predecessor-version":[{"id":13254,"href":"https:\/\/radiolifefm.com.br\/noticias\/wp-json\/wp\/v2\/posts\/13216\/revisions\/13254"}],"wp:featuredmedia":[{"embeddable":true,"href":"https:\/\/radiolifefm.com.br\/noticias\/wp-json\/wp\/v2\/media\/13217"}],"wp:attachment":[{"href":"https:\/\/radiolifefm.com.br\/noticias\/wp-json\/wp\/v2\/media?parent=13216"}],"wp:term":[{"taxonomy":"category","embeddable":true,"href":"https:\/\/radiolifefm.com.br\/noticias\/wp-json\/wp\/v2\/categories?post=13216"},{"taxonomy":"post_tag","embeddable":true,"href":"https:\/\/radiolifefm.com.br\/noticias\/wp-json\/wp\/v2\/tags?post=13216"}],"curies":[{"name":"wp","href":"https:\/\/api.w.org\/{rel}","templated":true}]}}