{"id":13196,"date":"2019-05-16T09:52:46","date_gmt":"2019-05-16T12:52:46","guid":{"rendered":"https:\/\/radiolifefm.com.br\/noticias\/?p=13196"},"modified":"2026-04-29T12:57:51","modified_gmt":"2026-04-29T15:57:51","slug":"presos-fazem-agentes-e-professor-de-refens-na-penitenciaria-de-junqueiropolis","status":"publish","type":"post","link":"https:\/\/radiolifefm.com.br\/noticias\/presos-fazem-agentes-e-professor-de-refens-na-penitenciaria-de-junqueiropolis\/","title":{"rendered":"Presos fazem agentes e professor de ref\u00e9ns na Penitenci\u00e1ria de Junqueir\u00f3polis"},"content":{"rendered":"<div id=\"fb-root\"><\/div>\n<p><em>Grupo foi liberado rapidamente e n\u00e3o sofreu ferimentos graves<\/em><\/p>\n<p>Um professor e dois agentes de seguran\u00e7a penitenci\u00e1ria (ASPs), foram mantidos ref\u00e9ns por tr\u00eas detentos da Penitenci\u00e1ria de Junqueir\u00f3polis na tarde desta quarta-feira (15).<br \/>\nDe acordo com informa\u00e7\u00f5es de funcion\u00e1rios da unidade, os presos se esconderam sob uma escada, na escola da penitenci\u00e1ria, rendendo os tr\u00eas homens que passavam por ali.<\/p>\n<p>De posse das chaves, os sentenciados conseguiram chegar at\u00e9 o port\u00e3o da muralha, onde foi feita a negocia\u00e7\u00e3o e os ref\u00e9ns liberados ap\u00f3s cerca de meia hora.<br \/>\nOs agentes e o professor sofreram escoria\u00e7\u00f5es leves e nenhum ferimento grave, mas a situa\u00e7\u00e3o traum\u00e1tica inspira cuidados com rela\u00e7\u00e3o \u00e0 sa\u00fade ps\u00edquica dos envolvidos.<\/p>\n<p>Ambos foram encaminhados \u00e0 Santa Casa de Junqueir\u00f3polis e liberados. De qualquer forma, diretores do SIFUSPESP (Sindicado dos Funcion\u00e1rios do Sistema Prisional do Estado de S\u00e3o Paulo), na regi\u00e3o devem comparecer \u00e0 unidade para prestar assist\u00eancia aos servidores envolvidos.<\/p>\n<p>J\u00e1 os presos foram identificados e transferidos para a Penitenci\u00e1ria I de Venceslau e um procedimento disciplinar aberto pela diretoria-geral da unidade para apurar a ocorr\u00eancia.<\/p>\n<p>A tranca dos demais sentenciados foi feita sem mais nenhum tipo de transtorno e as atividades na unidade retomadas normalmente.<\/p>\n<p>A penitenci\u00e1ria de Junqueir\u00f3polis registrou no \u00faltimo dia 9 de abril um caso grave de agress\u00e3o, quando um preso usou um objeto perfurante para ferir um funcion\u00e1rio, que felizmente se recupera bem.<\/p>\n<p>A unidade est\u00e1 com 1.632 presos atualmente, ante uma capacidade para 873. Em abril, quando aconteceu a agress\u00e3o anterior, a popula\u00e7\u00e3o era de 2.172. Nos \u00faltimos meses, Junqueir\u00f3polis vem passando por um processo de transi\u00e7\u00e3o para celas automatizadas, o que desativou um dos raios da unidade.<\/p>\n<p>Por: Giovanni Giocondo | Portal Sifuspesp<\/p>\n<p>Reda\u00e7\u00e3o &#8211; Kako de Oliveira<\/p>\n","protected":false},"excerpt":{"rendered":"<p>Grupo foi liberado rapidamente e n\u00e3o sofreu ferimentos graves Um professor e dois agentes de seguran\u00e7a penitenci\u00e1ria (ASPs), foram mantidos ref\u00e9ns por tr\u00eas detentos da Penitenci\u00e1ria de Junqueir\u00f3polis na tarde desta quarta-feira (15). De acordo com informa\u00e7\u00f5es de funcion\u00e1rios da unidade, os presos se esconderam sob uma escada, na escola da penitenci\u00e1ria, rendendo os tr\u00eas [&hellip;]<\/p>\n","protected":false},"author":3,"featured_media":13197,"comment_status":"closed","ping_status":"open","sticky":false,"template":"","format":"standard","meta":{"_acf_changed":false,"_exactmetrics_skip_tracking":false,"_exactmetrics_sitenote_active":false,"_exactmetrics_sitenote_note":"","_exactmetrics_sitenote_category":0,"footnotes":""},"categories":[24],"tags":[],"class_list":["post-13196","post","type-post","status-publish","format-standard","has-post-thumbnail","hentry","category-regiao"],"acf":[],"yoast_head":"<!-- This site is optimized with the Yoast SEO plugin v27.2 - https:\/\/yoast.com\/product\/yoast-seo-wordpress\/ -->\n<title>Presos fazem agentes e professor de ref\u00e9ns na Penitenci\u00e1ria de Junqueir\u00f3polis - R\u00e1dio Life FM<\/title>\n<meta name=\"robots\" content=\"index, follow, max-snippet:-1, max-image-preview:large, max-video-preview:-1\" \/>\n<link rel=\"canonical\" href=\"https:\/\/radiolifefm.com.br\/noticias\/presos-fazem-agentes-e-professor-de-refens-na-penitenciaria-de-junqueiropolis\/\" \/>\n<meta property=\"og:locale\" content=\"pt_BR\" \/>\n<meta property=\"og:type\" content=\"article\" \/>\n<meta property=\"og:title\" content=\"Presos fazem agentes e professor de ref\u00e9ns na Penitenci\u00e1ria de Junqueir\u00f3polis - R\u00e1dio Life FM\" \/>\n<meta property=\"og:description\" content=\"Grupo foi liberado rapidamente e n\u00e3o sofreu ferimentos graves Um professor e dois agentes de seguran\u00e7a penitenci\u00e1ria (ASPs), foram mantidos ref\u00e9ns por tr\u00eas detentos da Penitenci\u00e1ria de Junqueir\u00f3polis na tarde desta quarta-feira (15). De acordo com informa\u00e7\u00f5es de funcion\u00e1rios da unidade, os presos se esconderam sob uma escada, na escola da penitenci\u00e1ria, rendendo os tr\u00eas [&hellip;]\" \/>\n<meta property=\"og:url\" content=\"https:\/\/radiolifefm.com.br\/noticias\/presos-fazem-agentes-e-professor-de-refens-na-penitenciaria-de-junqueiropolis\/\" \/>\n<meta property=\"og:site_name\" content=\"R\u00e1dio Life FM\" \/>\n<meta property=\"article:publisher\" content=\"https:\/\/www.facebook.com\/radiolifefm\/\" \/>\n<meta property=\"article:published_time\" content=\"2019-05-16T12:52:46+00:00\" \/>\n<meta property=\"article:modified_time\" content=\"2026-04-29T15:57:51+00:00\" \/>\n<meta property=\"og:image\" content=\"https:\/\/radiolifefm.com.br\/noticias\/wp-content\/uploads\/2019\/05\/Pres\u00eddio-Junqueir\u00f3polis.jpg\" \/>\n\t<meta property=\"og:image:width\" content=\"540\" \/>\n\t<meta property=\"og:image:height\" content=\"300\" \/>\n\t<meta property=\"og:image:type\" content=\"image\/jpeg\" \/>\n<meta name=\"author\" content=\"lifefm\" \/>\n<meta name=\"twitter:card\" content=\"summary_large_image\" \/>\n<meta name=\"twitter:label1\" content=\"Escrito por\" \/>\n\t<meta name=\"twitter:data1\" content=\"lifefm\" \/>\n\t<meta name=\"twitter:label2\" content=\"Est. tempo de leitura\" \/>\n\t<meta name=\"twitter:data2\" content=\"2 minutos\" \/>\n<script type=\"application\/ld+json\" class=\"yoast-schema-graph\">{\"@context\":\"https:\/\/schema.org\",\"@graph\":[{\"@type\":\"Article\",\"@id\":\"https:\/\/radiolifefm.com.br\/noticias\/presos-fazem-agentes-e-professor-de-refens-na-penitenciaria-de-junqueiropolis\/#article\",\"isPartOf\":{\"@id\":\"https:\/\/radiolifefm.com.br\/noticias\/presos-fazem-agentes-e-professor-de-refens-na-penitenciaria-de-junqueiropolis\/\"},\"author\":{\"name\":\"lifefm\",\"@id\":\"https:\/\/radiolifefm.com.br\/noticias\/#\/schema\/person\/1d4e4b1301322090c6221bf1c8420490\"},\"headline\":\"Presos fazem agentes e professor de ref\u00e9ns na Penitenci\u00e1ria de Junqueir\u00f3polis\",\"datePublished\":\"2019-05-16T12:52:46+00:00\",\"dateModified\":\"2026-04-29T15:57:51+00:00\",\"mainEntityOfPage\":{\"@id\":\"https:\/\/radiolifefm.com.br\/noticias\/presos-fazem-agentes-e-professor-de-refens-na-penitenciaria-de-junqueiropolis\/\"},\"wordCount\":328,\"publisher\":{\"@id\":\"https:\/\/radiolifefm.com.br\/noticias\/#organization\"},\"image\":{\"@id\":\"https:\/\/radiolifefm.com.br\/noticias\/presos-fazem-agentes-e-professor-de-refens-na-penitenciaria-de-junqueiropolis\/#primaryimage\"},\"thumbnailUrl\":\"https:\/\/radiolifefm.com.br\/noticias\/wp-content\/uploads\/2019\/05\/Pres\u00eddio-Junqueir\u00f3polis.jpg\",\"articleSection\":[\"Regi\u00e3o\"],\"inLanguage\":\"pt-BR\"},{\"@type\":\"WebPage\",\"@id\":\"https:\/\/radiolifefm.com.br\/noticias\/presos-fazem-agentes-e-professor-de-refens-na-penitenciaria-de-junqueiropolis\/\",\"url\":\"https:\/\/radiolifefm.com.br\/noticias\/presos-fazem-agentes-e-professor-de-refens-na-penitenciaria-de-junqueiropolis\/\",\"name\":\"Presos fazem agentes e professor de ref\u00e9ns na Penitenci\u00e1ria de Junqueir\u00f3polis - R\u00e1dio Life FM\",\"isPartOf\":{\"@id\":\"https:\/\/radiolifefm.com.br\/noticias\/#website\"},\"primaryImageOfPage\":{\"@id\":\"https:\/\/radiolifefm.com.br\/noticias\/presos-fazem-agentes-e-professor-de-refens-na-penitenciaria-de-junqueiropolis\/#primaryimage\"},\"image\":{\"@id\":\"https:\/\/radiolifefm.com.br\/noticias\/presos-fazem-agentes-e-professor-de-refens-na-penitenciaria-de-junqueiropolis\/#primaryimage\"},\"thumbnailUrl\":\"https:\/\/radiolifefm.com.br\/noticias\/wp-content\/uploads\/2019\/05\/Pres\u00eddio-Junqueir\u00f3polis.jpg\",\"datePublished\":\"2019-05-16T12:52:46+00:00\",\"dateModified\":\"2026-04-29T15:57:51+00:00\",\"breadcrumb\":{\"@id\":\"https:\/\/radiolifefm.com.br\/noticias\/presos-fazem-agentes-e-professor-de-refens-na-penitenciaria-de-junqueiropolis\/#breadcrumb\"},\"inLanguage\":\"pt-BR\",\"potentialAction\":[{\"@type\":\"ReadAction\",\"target\":[\"https:\/\/radiolifefm.com.br\/noticias\/presos-fazem-agentes-e-professor-de-refens-na-penitenciaria-de-junqueiropolis\/\"]}]},{\"@type\":\"ImageObject\",\"inLanguage\":\"pt-BR\",\"@id\":\"https:\/\/radiolifefm.com.br\/noticias\/presos-fazem-agentes-e-professor-de-refens-na-penitenciaria-de-junqueiropolis\/#primaryimage\",\"url\":\"https:\/\/radiolifefm.com.br\/noticias\/wp-content\/uploads\/2019\/05\/Pres\u00eddio-Junqueir\u00f3polis.jpg\",\"contentUrl\":\"https:\/\/radiolifefm.com.br\/noticias\/wp-content\/uploads\/2019\/05\/Pres\u00eddio-Junqueir\u00f3polis.jpg\",\"width\":540,\"height\":300,\"caption\":\"Com capacidade para 873 presos, Penitenci\u00e1ria de Junqueir\u00f3polis abriga 1.632 detentos (Reprodu\u00e7\u00e3o\/Sifuspesp). Com capacidade para 873 presos, Penitenci\u00e1ria de Junqueir\u00f3polis abriga 1.632 detentos (Reprodu\u00e7\u00e3o\/Sifuspesp).\"},{\"@type\":\"BreadcrumbList\",\"@id\":\"https:\/\/radiolifefm.com.br\/noticias\/presos-fazem-agentes-e-professor-de-refens-na-penitenciaria-de-junqueiropolis\/#breadcrumb\",\"itemListElement\":[{\"@type\":\"ListItem\",\"position\":1,\"name\":\"In\u00edcio\",\"item\":\"https:\/\/radiolifefm.com.br\/noticias\/\"},{\"@type\":\"ListItem\",\"position\":2,\"name\":\"Presos fazem agentes e professor de ref\u00e9ns na Penitenci\u00e1ria de Junqueir\u00f3polis\"}]},{\"@type\":\"WebSite\",\"@id\":\"https:\/\/radiolifefm.com.br\/noticias\/#website\",\"url\":\"https:\/\/radiolifefm.com.br\/noticias\/\",\"name\":\"R\u00e1dio Life FM\",\"description\":\"O Portal de Not\u00edcias de Adamantina\",\"publisher\":{\"@id\":\"https:\/\/radiolifefm.com.br\/noticias\/#organization\"},\"alternateName\":\"Life FM\",\"potentialAction\":[{\"@type\":\"SearchAction\",\"target\":{\"@type\":\"EntryPoint\",\"urlTemplate\":\"https:\/\/radiolifefm.com.br\/noticias\/?s={search_term_string}\"},\"query-input\":{\"@type\":\"PropertyValueSpecification\",\"valueRequired\":true,\"valueName\":\"search_term_string\"}}],\"inLanguage\":\"pt-BR\"},{\"@type\":\"Organization\",\"@id\":\"https:\/\/radiolifefm.com.br\/noticias\/#organization\",\"name\":\"R\u00e1dio Life FM\",\"alternateName\":\"Life FM\",\"url\":\"https:\/\/radiolifefm.com.br\/noticias\/\",\"logo\":{\"@type\":\"ImageObject\",\"inLanguage\":\"pt-BR\",\"@id\":\"https:\/\/radiolifefm.com.br\/noticias\/#\/schema\/logo\/image\/\",\"url\":\"https:\/\/static.radiolifefm.com.br\/noticias\/wp-content\/uploads\/2019\/10\/logo-lifefm.png\",\"contentUrl\":\"https:\/\/static.radiolifefm.com.br\/noticias\/wp-content\/uploads\/2019\/10\/logo-lifefm.png\",\"width\":196,\"height\":47,\"caption\":\"R\u00e1dio Life FM\"},\"image\":{\"@id\":\"https:\/\/radiolifefm.com.br\/noticias\/#\/schema\/logo\/image\/\"},\"sameAs\":[\"https:\/\/www.facebook.com\/radiolifefm\/\",\"https:\/\/www.instagram.com\/life1079fm\/\"]},{\"@type\":\"Person\",\"@id\":\"https:\/\/radiolifefm.com.br\/noticias\/#\/schema\/person\/1d4e4b1301322090c6221bf1c8420490\",\"name\":\"lifefm\",\"image\":{\"@type\":\"ImageObject\",\"inLanguage\":\"pt-BR\",\"@id\":\"https:\/\/secure.gravatar.com\/avatar\/eca268467d925ec97d20641bb054fd944c0abb2f92854171620706bbe6474e7c?s=96&d=mm&r=g\",\"url\":\"https:\/\/secure.gravatar.com\/avatar\/eca268467d925ec97d20641bb054fd944c0abb2f92854171620706bbe6474e7c?s=96&d=mm&r=g\",\"contentUrl\":\"https:\/\/secure.gravatar.com\/avatar\/eca268467d925ec97d20641bb054fd944c0abb2f92854171620706bbe6474e7c?s=96&d=mm&r=g\",\"caption\":\"lifefm\"}}]}<\/script>\n<!-- \/ Yoast SEO plugin. -->","yoast_head_json":{"title":"Presos fazem agentes e professor de ref\u00e9ns na Penitenci\u00e1ria de Junqueir\u00f3polis - R\u00e1dio Life FM","robots":{"index":"index","follow":"follow","max-snippet":"max-snippet:-1","max-image-preview":"max-image-preview:large","max-video-preview":"max-video-preview:-1"},"canonical":"https:\/\/radiolifefm.com.br\/noticias\/presos-fazem-agentes-e-professor-de-refens-na-penitenciaria-de-junqueiropolis\/","og_locale":"pt_BR","og_type":"article","og_title":"Presos fazem agentes e professor de ref\u00e9ns na Penitenci\u00e1ria de Junqueir\u00f3polis - R\u00e1dio Life FM","og_description":"Grupo foi liberado rapidamente e n\u00e3o sofreu ferimentos graves Um professor e dois agentes de seguran\u00e7a penitenci\u00e1ria (ASPs), foram mantidos ref\u00e9ns por tr\u00eas detentos da Penitenci\u00e1ria de Junqueir\u00f3polis na tarde desta quarta-feira (15). De acordo com informa\u00e7\u00f5es de funcion\u00e1rios da unidade, os presos se esconderam sob uma escada, na escola da penitenci\u00e1ria, rendendo os tr\u00eas [&hellip;]","og_url":"https:\/\/radiolifefm.com.br\/noticias\/presos-fazem-agentes-e-professor-de-refens-na-penitenciaria-de-junqueiropolis\/","og_site_name":"R\u00e1dio Life FM","article_publisher":"https:\/\/www.facebook.com\/radiolifefm\/","article_published_time":"2019-05-16T12:52:46+00:00","article_modified_time":"2026-04-29T15:57:51+00:00","og_image":[{"width":540,"height":300,"url":"https:\/\/radiolifefm.com.br\/noticias\/wp-content\/uploads\/2019\/05\/Pres\u00eddio-Junqueir\u00f3polis.jpg","type":"image\/jpeg"}],"author":"lifefm","twitter_card":"summary_large_image","twitter_misc":{"Escrito por":"lifefm","Est. tempo de leitura":"2 minutos"},"schema":{"@context":"https:\/\/schema.org","@graph":[{"@type":"Article","@id":"https:\/\/radiolifefm.com.br\/noticias\/presos-fazem-agentes-e-professor-de-refens-na-penitenciaria-de-junqueiropolis\/#article","isPartOf":{"@id":"https:\/\/radiolifefm.com.br\/noticias\/presos-fazem-agentes-e-professor-de-refens-na-penitenciaria-de-junqueiropolis\/"},"author":{"name":"lifefm","@id":"https:\/\/radiolifefm.com.br\/noticias\/#\/schema\/person\/1d4e4b1301322090c6221bf1c8420490"},"headline":"Presos fazem agentes e professor de ref\u00e9ns na Penitenci\u00e1ria de Junqueir\u00f3polis","datePublished":"2019-05-16T12:52:46+00:00","dateModified":"2026-04-29T15:57:51+00:00","mainEntityOfPage":{"@id":"https:\/\/radiolifefm.com.br\/noticias\/presos-fazem-agentes-e-professor-de-refens-na-penitenciaria-de-junqueiropolis\/"},"wordCount":328,"publisher":{"@id":"https:\/\/radiolifefm.com.br\/noticias\/#organization"},"image":{"@id":"https:\/\/radiolifefm.com.br\/noticias\/presos-fazem-agentes-e-professor-de-refens-na-penitenciaria-de-junqueiropolis\/#primaryimage"},"thumbnailUrl":"https:\/\/radiolifefm.com.br\/noticias\/wp-content\/uploads\/2019\/05\/Pres\u00eddio-Junqueir\u00f3polis.jpg","articleSection":["Regi\u00e3o"],"inLanguage":"pt-BR"},{"@type":"WebPage","@id":"https:\/\/radiolifefm.com.br\/noticias\/presos-fazem-agentes-e-professor-de-refens-na-penitenciaria-de-junqueiropolis\/","url":"https:\/\/radiolifefm.com.br\/noticias\/presos-fazem-agentes-e-professor-de-refens-na-penitenciaria-de-junqueiropolis\/","name":"Presos fazem agentes e professor de ref\u00e9ns na Penitenci\u00e1ria de Junqueir\u00f3polis - R\u00e1dio Life FM","isPartOf":{"@id":"https:\/\/radiolifefm.com.br\/noticias\/#website"},"primaryImageOfPage":{"@id":"https:\/\/radiolifefm.com.br\/noticias\/presos-fazem-agentes-e-professor-de-refens-na-penitenciaria-de-junqueiropolis\/#primaryimage"},"image":{"@id":"https:\/\/radiolifefm.com.br\/noticias\/presos-fazem-agentes-e-professor-de-refens-na-penitenciaria-de-junqueiropolis\/#primaryimage"},"thumbnailUrl":"https:\/\/radiolifefm.com.br\/noticias\/wp-content\/uploads\/2019\/05\/Pres\u00eddio-Junqueir\u00f3polis.jpg","datePublished":"2019-05-16T12:52:46+00:00","dateModified":"2026-04-29T15:57:51+00:00","breadcrumb":{"@id":"https:\/\/radiolifefm.com.br\/noticias\/presos-fazem-agentes-e-professor-de-refens-na-penitenciaria-de-junqueiropolis\/#breadcrumb"},"inLanguage":"pt-BR","potentialAction":[{"@type":"ReadAction","target":["https:\/\/radiolifefm.com.br\/noticias\/presos-fazem-agentes-e-professor-de-refens-na-penitenciaria-de-junqueiropolis\/"]}]},{"@type":"ImageObject","inLanguage":"pt-BR","@id":"https:\/\/radiolifefm.com.br\/noticias\/presos-fazem-agentes-e-professor-de-refens-na-penitenciaria-de-junqueiropolis\/#primaryimage","url":"https:\/\/radiolifefm.com.br\/noticias\/wp-content\/uploads\/2019\/05\/Pres\u00eddio-Junqueir\u00f3polis.jpg","contentUrl":"https:\/\/radiolifefm.com.br\/noticias\/wp-content\/uploads\/2019\/05\/Pres\u00eddio-Junqueir\u00f3polis.jpg","width":540,"height":300,"caption":"Com capacidade para 873 presos, Penitenci\u00e1ria de Junqueir\u00f3polis abriga 1.632 detentos (Reprodu\u00e7\u00e3o\/Sifuspesp). Com capacidade para 873 presos, Penitenci\u00e1ria de Junqueir\u00f3polis abriga 1.632 detentos (Reprodu\u00e7\u00e3o\/Sifuspesp)."},{"@type":"BreadcrumbList","@id":"https:\/\/radiolifefm.com.br\/noticias\/presos-fazem-agentes-e-professor-de-refens-na-penitenciaria-de-junqueiropolis\/#breadcrumb","itemListElement":[{"@type":"ListItem","position":1,"name":"In\u00edcio","item":"https:\/\/radiolifefm.com.br\/noticias\/"},{"@type":"ListItem","position":2,"name":"Presos fazem agentes e professor de ref\u00e9ns na Penitenci\u00e1ria de Junqueir\u00f3polis"}]},{"@type":"WebSite","@id":"https:\/\/radiolifefm.com.br\/noticias\/#website","url":"https:\/\/radiolifefm.com.br\/noticias\/","name":"R\u00e1dio Life FM","description":"O Portal de Not\u00edcias de Adamantina","publisher":{"@id":"https:\/\/radiolifefm.com.br\/noticias\/#organization"},"alternateName":"Life FM","potentialAction":[{"@type":"SearchAction","target":{"@type":"EntryPoint","urlTemplate":"https:\/\/radiolifefm.com.br\/noticias\/?s={search_term_string}"},"query-input":{"@type":"PropertyValueSpecification","valueRequired":true,"valueName":"search_term_string"}}],"inLanguage":"pt-BR"},{"@type":"Organization","@id":"https:\/\/radiolifefm.com.br\/noticias\/#organization","name":"R\u00e1dio Life FM","alternateName":"Life FM","url":"https:\/\/radiolifefm.com.br\/noticias\/","logo":{"@type":"ImageObject","inLanguage":"pt-BR","@id":"https:\/\/radiolifefm.com.br\/noticias\/#\/schema\/logo\/image\/","url":"https:\/\/static.radiolifefm.com.br\/noticias\/wp-content\/uploads\/2019\/10\/logo-lifefm.png","contentUrl":"https:\/\/static.radiolifefm.com.br\/noticias\/wp-content\/uploads\/2019\/10\/logo-lifefm.png","width":196,"height":47,"caption":"R\u00e1dio Life FM"},"image":{"@id":"https:\/\/radiolifefm.com.br\/noticias\/#\/schema\/logo\/image\/"},"sameAs":["https:\/\/www.facebook.com\/radiolifefm\/","https:\/\/www.instagram.com\/life1079fm\/"]},{"@type":"Person","@id":"https:\/\/radiolifefm.com.br\/noticias\/#\/schema\/person\/1d4e4b1301322090c6221bf1c8420490","name":"lifefm","image":{"@type":"ImageObject","inLanguage":"pt-BR","@id":"https:\/\/secure.gravatar.com\/avatar\/eca268467d925ec97d20641bb054fd944c0abb2f92854171620706bbe6474e7c?s=96&d=mm&r=g","url":"https:\/\/secure.gravatar.com\/avatar\/eca268467d925ec97d20641bb054fd944c0abb2f92854171620706bbe6474e7c?s=96&d=mm&r=g","contentUrl":"https:\/\/secure.gravatar.com\/avatar\/eca268467d925ec97d20641bb054fd944c0abb2f92854171620706bbe6474e7c?s=96&d=mm&r=g","caption":"lifefm"}}]}},"amp_enabled":true,"_links":{"self":[{"href":"https:\/\/radiolifefm.com.br\/noticias\/wp-json\/wp\/v2\/posts\/13196","targetHints":{"allow":["GET"]}}],"collection":[{"href":"https:\/\/radiolifefm.com.br\/noticias\/wp-json\/wp\/v2\/posts"}],"about":[{"href":"https:\/\/radiolifefm.com.br\/noticias\/wp-json\/wp\/v2\/types\/post"}],"author":[{"embeddable":true,"href":"https:\/\/radiolifefm.com.br\/noticias\/wp-json\/wp\/v2\/users\/3"}],"replies":[{"embeddable":true,"href":"https:\/\/radiolifefm.com.br\/noticias\/wp-json\/wp\/v2\/comments?post=13196"}],"version-history":[{"count":1,"href":"https:\/\/radiolifefm.com.br\/noticias\/wp-json\/wp\/v2\/posts\/13196\/revisions"}],"predecessor-version":[{"id":13198,"href":"https:\/\/radiolifefm.com.br\/noticias\/wp-json\/wp\/v2\/posts\/13196\/revisions\/13198"}],"wp:featuredmedia":[{"embeddable":true,"href":"https:\/\/radiolifefm.com.br\/noticias\/wp-json\/wp\/v2\/media\/13197"}],"wp:attachment":[{"href":"https:\/\/radiolifefm.com.br\/noticias\/wp-json\/wp\/v2\/media?parent=13196"}],"wp:term":[{"taxonomy":"category","embeddable":true,"href":"https:\/\/radiolifefm.com.br\/noticias\/wp-json\/wp\/v2\/categories?post=13196"},{"taxonomy":"post_tag","embeddable":true,"href":"https:\/\/radiolifefm.com.br\/noticias\/wp-json\/wp\/v2\/tags?post=13196"}],"curies":[{"name":"wp","href":"https:\/\/api.w.org\/{rel}","templated":true}]}}