{"id":13188,"date":"2019-05-16T08:10:13","date_gmt":"2019-05-16T11:10:13","guid":{"rendered":"https:\/\/radiolifefm.com.br\/noticias\/?p=13188"},"modified":"2026-04-24T07:21:40","modified_gmt":"2026-04-24T10:21:40","slug":"dengue-uma-preocupacao-de-todos-nos","status":"publish","type":"post","link":"https:\/\/radiolifefm.com.br\/noticias\/dengue-uma-preocupacao-de-todos-nos\/","title":{"rendered":"Dengue: Uma preocupa\u00e7\u00e3o de todos n\u00f3s"},"content":{"rendered":"<div id=\"fb-root\"><\/div>\n<p><em>Uma breve an\u00e1lise sobre os avan\u00e7os da doen\u00e7a pela regi\u00e3o<\/em><br \/>\n***<br \/>\n\u201c\u00c9 uma falta de responsabilidade esperarmos que algu\u00e9m fa\u00e7a as coisas por n\u00f3s.\u201d<br \/>\nJohn Lennon<br \/>\n***<br \/>\nEm v\u00e1rias cidades da regi\u00e3o, foram comuns os an\u00fancios de grandes quantidades de novos casos de dengue. Segundo dados do Minist\u00e9rio da Sa\u00fade, do \u00faltimo dia 30, os casos de dengue, zika e chikungunya, no pa\u00eds, tiveram um aumento de cerca de 339% em compara\u00e7\u00e3o com o ano de 2018, no mesmo per\u00edodo.<\/p>\n<p>Pois bem, como se sabe a doen\u00e7a \u00e9 transmitida pelo mosquito Aedes Aegypti, que segundo consta, fora trazido em meio \u00e0s embarca\u00e7\u00f5es dos europeus quando ainda vigorava o com\u00e9rcio triangular e consequentemente o tr\u00e1fico negreiro. O primeiro caso da doen\u00e7a em nosso pa\u00eds, foi registrado na cidade de Recife (PE), em 1685. A partir da\u00ed, come\u00e7aram os surtos e as epidemias da doen\u00e7a. No estado de S\u00e3o Paulo, a doen\u00e7a chega por volta dos meados do s\u00e9c. XIX, e daqui n\u00e3o saiu mais.<\/p>\n<p>O mais assustador disso tudo, \u00e9 que nos \u00faltimos dias, os n\u00fameros de casos da doen\u00e7a, em nossa regi\u00e3o, se tornaram alarmantes, conforme j\u00e1 mencionado. Por\u00e9m muitas prefeituras, em meio a tal situa\u00e7\u00e3o, destacaram que as nebuliza\u00e7\u00e3o n\u00e3o estavam ocorrendo devido \u00e0 falta do inseticida junto \u00e0 Superintend\u00eancia de Controle de Endemias (Sucen). O \u00f3rg\u00e3o relata que a falta do produto, se deve ao fato da grande utiliza\u00e7\u00e3o do mesmo nas diversas regi\u00f5es afetadas dentro do estado de S\u00e3o Paulo.<br \/>\nAt\u00e9 aqui, tudo bem! (ou n\u00e3o!) Todos n\u00f3s sabemos e at\u00e9 podemos dar aulas de como se d\u00e1 a transmiss\u00e3o de tal doen\u00e7a e como o mosquito se desenvolve. No entanto, tamb\u00e9m \u00e9 importante destacar que, falta um \u201cpouquinho\u201d de conscientiza\u00e7\u00e3o de grande parte da popula\u00e7\u00e3o e \u00e9 claro do pr\u00f3prio poder p\u00fablico em meio a tudo isso.<\/p>\n<p>S\u00f3 para elucidar o que destaco: Apenas no trajeto at\u00e9 o meu trabalho, vejo nos mais diversos locais, in\u00fameros \u201cposs\u00edveis\u201d criadouros do tal mosquito. Casas, terrenos baldios, \u00e1reas comerciais e at\u00e9 mesmo em \u00e1reas pertencentes aos \u00f3rg\u00e3os p\u00fablicos. Mas, como sabemos e conforme j\u00e1 mencionado, \u201cfalta conscientiza\u00e7\u00e3o\u201d dos diversos grupos envolvidos nisso tudo.<\/p>\n<p>Aqui fa\u00e7o uma breve coloca\u00e7\u00e3o: Que tal darmos uma breve \u201colhadinha\u201d em nosso quintal ou qui\u00e7\u00e1 nos terrenos que ora me pertencem. Quanto aos \u00f3rg\u00e3os p\u00fablicos, a estes cabem a fiscaliza\u00e7\u00e3o cont\u00ednua e mesmo a penaliza\u00e7\u00e3o dos que porventura venham a manter tal condi\u00e7\u00e3o. Afinal, n\u00e3o adianta reclamar, questionar e cobrar, se o que me compete, eu n\u00e3o fa\u00e7o! Assim, apenas mantemos a condi\u00e7\u00e3o do t\u00e3o famoso e nada eficaz \u201cfalso moralismo\u201d.<\/p>\n<p>Tiago Rafael dos Santos Alves<br \/>\nProfessor e Historiador<br \/>\ntiagorsalves@gmail.com<\/p>\n","protected":false},"excerpt":{"rendered":"<p>Uma breve an\u00e1lise sobre os avan\u00e7os da doen\u00e7a pela regi\u00e3o *** \u201c\u00c9 uma falta de responsabilidade esperarmos que algu\u00e9m fa\u00e7a as coisas por n\u00f3s.\u201d John Lennon *** Em v\u00e1rias cidades da regi\u00e3o, foram comuns os an\u00fancios de grandes quantidades de novos casos de dengue. Segundo dados do Minist\u00e9rio da Sa\u00fade, do \u00faltimo dia 30, os [&hellip;]<\/p>\n","protected":false},"author":3,"featured_media":13189,"comment_status":"open","ping_status":"open","sticky":false,"template":"","format":"standard","meta":{"_acf_changed":false,"_exactmetrics_skip_tracking":false,"_exactmetrics_sitenote_active":false,"_exactmetrics_sitenote_note":"","_exactmetrics_sitenote_category":0,"footnotes":""},"categories":[59],"tags":[],"class_list":["post-13188","post","type-post","status-publish","format-standard","has-post-thumbnail","hentry","category-opiniao"],"acf":[],"yoast_head":"<!-- This site is optimized with the Yoast SEO plugin v27.2 - https:\/\/yoast.com\/product\/yoast-seo-wordpress\/ -->\n<title>Dengue: Uma preocupa\u00e7\u00e3o de todos n\u00f3s - R\u00e1dio Life FM<\/title>\n<meta name=\"robots\" content=\"index, follow, max-snippet:-1, max-image-preview:large, max-video-preview:-1\" \/>\n<link rel=\"canonical\" href=\"https:\/\/radiolifefm.com.br\/noticias\/dengue-uma-preocupacao-de-todos-nos\/\" \/>\n<meta property=\"og:locale\" content=\"pt_BR\" \/>\n<meta property=\"og:type\" content=\"article\" \/>\n<meta property=\"og:title\" content=\"Dengue: Uma preocupa\u00e7\u00e3o de todos n\u00f3s - R\u00e1dio Life FM\" \/>\n<meta property=\"og:description\" content=\"Uma breve an\u00e1lise sobre os avan\u00e7os da doen\u00e7a pela regi\u00e3o *** \u201c\u00c9 uma falta de responsabilidade esperarmos que algu\u00e9m fa\u00e7a as coisas por n\u00f3s.\u201d John Lennon *** Em v\u00e1rias cidades da regi\u00e3o, foram comuns os an\u00fancios de grandes quantidades de novos casos de dengue. Segundo dados do Minist\u00e9rio da Sa\u00fade, do \u00faltimo dia 30, os [&hellip;]\" \/>\n<meta property=\"og:url\" content=\"https:\/\/radiolifefm.com.br\/noticias\/dengue-uma-preocupacao-de-todos-nos\/\" \/>\n<meta property=\"og:site_name\" content=\"R\u00e1dio Life FM\" \/>\n<meta property=\"article:publisher\" content=\"https:\/\/www.facebook.com\/radiolifefm\/\" \/>\n<meta property=\"article:published_time\" content=\"2019-05-16T11:10:13+00:00\" \/>\n<meta property=\"article:modified_time\" content=\"2026-04-24T10:21:40+00:00\" \/>\n<meta property=\"og:image\" content=\"https:\/\/radiolifefm.com.br\/noticias\/wp-content\/uploads\/2019\/05\/Tiago-Rafael.png\" \/>\n\t<meta property=\"og:image:width\" content=\"428\" \/>\n\t<meta property=\"og:image:height\" content=\"282\" \/>\n\t<meta property=\"og:image:type\" content=\"image\/png\" \/>\n<meta name=\"author\" content=\"lifefm\" \/>\n<meta name=\"twitter:card\" content=\"summary_large_image\" \/>\n<meta name=\"twitter:label1\" content=\"Escrito por\" \/>\n\t<meta name=\"twitter:data1\" content=\"lifefm\" \/>\n\t<meta name=\"twitter:label2\" content=\"Est. tempo de leitura\" \/>\n\t<meta name=\"twitter:data2\" content=\"2 minutos\" \/>\n<script type=\"application\/ld+json\" class=\"yoast-schema-graph\">{\"@context\":\"https:\/\/schema.org\",\"@graph\":[{\"@type\":\"Article\",\"@id\":\"https:\/\/radiolifefm.com.br\/noticias\/dengue-uma-preocupacao-de-todos-nos\/#article\",\"isPartOf\":{\"@id\":\"https:\/\/radiolifefm.com.br\/noticias\/dengue-uma-preocupacao-de-todos-nos\/\"},\"author\":{\"name\":\"lifefm\",\"@id\":\"https:\/\/radiolifefm.com.br\/noticias\/#\/schema\/person\/1d4e4b1301322090c6221bf1c8420490\"},\"headline\":\"Dengue: Uma preocupa\u00e7\u00e3o de todos n\u00f3s\",\"datePublished\":\"2019-05-16T11:10:13+00:00\",\"dateModified\":\"2026-04-24T10:21:40+00:00\",\"mainEntityOfPage\":{\"@id\":\"https:\/\/radiolifefm.com.br\/noticias\/dengue-uma-preocupacao-de-todos-nos\/\"},\"wordCount\":498,\"commentCount\":0,\"publisher\":{\"@id\":\"https:\/\/radiolifefm.com.br\/noticias\/#organization\"},\"image\":{\"@id\":\"https:\/\/radiolifefm.com.br\/noticias\/dengue-uma-preocupacao-de-todos-nos\/#primaryimage\"},\"thumbnailUrl\":\"https:\/\/radiolifefm.com.br\/noticias\/wp-content\/uploads\/2019\/05\/Tiago-Rafael.png\",\"articleSection\":[\"Opini\u00e3o\"],\"inLanguage\":\"pt-BR\",\"potentialAction\":[{\"@type\":\"CommentAction\",\"name\":\"Comment\",\"target\":[\"https:\/\/radiolifefm.com.br\/noticias\/dengue-uma-preocupacao-de-todos-nos\/#respond\"]}]},{\"@type\":\"WebPage\",\"@id\":\"https:\/\/radiolifefm.com.br\/noticias\/dengue-uma-preocupacao-de-todos-nos\/\",\"url\":\"https:\/\/radiolifefm.com.br\/noticias\/dengue-uma-preocupacao-de-todos-nos\/\",\"name\":\"Dengue: Uma preocupa\u00e7\u00e3o de todos n\u00f3s - R\u00e1dio Life FM\",\"isPartOf\":{\"@id\":\"https:\/\/radiolifefm.com.br\/noticias\/#website\"},\"primaryImageOfPage\":{\"@id\":\"https:\/\/radiolifefm.com.br\/noticias\/dengue-uma-preocupacao-de-todos-nos\/#primaryimage\"},\"image\":{\"@id\":\"https:\/\/radiolifefm.com.br\/noticias\/dengue-uma-preocupacao-de-todos-nos\/#primaryimage\"},\"thumbnailUrl\":\"https:\/\/radiolifefm.com.br\/noticias\/wp-content\/uploads\/2019\/05\/Tiago-Rafael.png\",\"datePublished\":\"2019-05-16T11:10:13+00:00\",\"dateModified\":\"2026-04-24T10:21:40+00:00\",\"breadcrumb\":{\"@id\":\"https:\/\/radiolifefm.com.br\/noticias\/dengue-uma-preocupacao-de-todos-nos\/#breadcrumb\"},\"inLanguage\":\"pt-BR\",\"potentialAction\":[{\"@type\":\"ReadAction\",\"target\":[\"https:\/\/radiolifefm.com.br\/noticias\/dengue-uma-preocupacao-de-todos-nos\/\"]}]},{\"@type\":\"ImageObject\",\"inLanguage\":\"pt-BR\",\"@id\":\"https:\/\/radiolifefm.com.br\/noticias\/dengue-uma-preocupacao-de-todos-nos\/#primaryimage\",\"url\":\"https:\/\/radiolifefm.com.br\/noticias\/wp-content\/uploads\/2019\/05\/Tiago-Rafael.png\",\"contentUrl\":\"https:\/\/radiolifefm.com.br\/noticias\/wp-content\/uploads\/2019\/05\/Tiago-Rafael.png\",\"width\":428,\"height\":282,\"caption\":\"Tiago Rafael - Coluna Opini\u00e3o\"},{\"@type\":\"BreadcrumbList\",\"@id\":\"https:\/\/radiolifefm.com.br\/noticias\/dengue-uma-preocupacao-de-todos-nos\/#breadcrumb\",\"itemListElement\":[{\"@type\":\"ListItem\",\"position\":1,\"name\":\"In\u00edcio\",\"item\":\"https:\/\/radiolifefm.com.br\/noticias\/\"},{\"@type\":\"ListItem\",\"position\":2,\"name\":\"Dengue: Uma preocupa\u00e7\u00e3o de todos n\u00f3s\"}]},{\"@type\":\"WebSite\",\"@id\":\"https:\/\/radiolifefm.com.br\/noticias\/#website\",\"url\":\"https:\/\/radiolifefm.com.br\/noticias\/\",\"name\":\"R\u00e1dio Life FM\",\"description\":\"O Portal de Not\u00edcias de Adamantina\",\"publisher\":{\"@id\":\"https:\/\/radiolifefm.com.br\/noticias\/#organization\"},\"alternateName\":\"Life FM\",\"potentialAction\":[{\"@type\":\"SearchAction\",\"target\":{\"@type\":\"EntryPoint\",\"urlTemplate\":\"https:\/\/radiolifefm.com.br\/noticias\/?s={search_term_string}\"},\"query-input\":{\"@type\":\"PropertyValueSpecification\",\"valueRequired\":true,\"valueName\":\"search_term_string\"}}],\"inLanguage\":\"pt-BR\"},{\"@type\":\"Organization\",\"@id\":\"https:\/\/radiolifefm.com.br\/noticias\/#organization\",\"name\":\"R\u00e1dio Life FM\",\"alternateName\":\"Life FM\",\"url\":\"https:\/\/radiolifefm.com.br\/noticias\/\",\"logo\":{\"@type\":\"ImageObject\",\"inLanguage\":\"pt-BR\",\"@id\":\"https:\/\/radiolifefm.com.br\/noticias\/#\/schema\/logo\/image\/\",\"url\":\"https:\/\/static.radiolifefm.com.br\/noticias\/wp-content\/uploads\/2019\/10\/logo-lifefm.png\",\"contentUrl\":\"https:\/\/static.radiolifefm.com.br\/noticias\/wp-content\/uploads\/2019\/10\/logo-lifefm.png\",\"width\":196,\"height\":47,\"caption\":\"R\u00e1dio Life FM\"},\"image\":{\"@id\":\"https:\/\/radiolifefm.com.br\/noticias\/#\/schema\/logo\/image\/\"},\"sameAs\":[\"https:\/\/www.facebook.com\/radiolifefm\/\",\"https:\/\/www.instagram.com\/life1079fm\/\"]},{\"@type\":\"Person\",\"@id\":\"https:\/\/radiolifefm.com.br\/noticias\/#\/schema\/person\/1d4e4b1301322090c6221bf1c8420490\",\"name\":\"lifefm\",\"image\":{\"@type\":\"ImageObject\",\"inLanguage\":\"pt-BR\",\"@id\":\"https:\/\/secure.gravatar.com\/avatar\/eca268467d925ec97d20641bb054fd944c0abb2f92854171620706bbe6474e7c?s=96&d=mm&r=g\",\"url\":\"https:\/\/secure.gravatar.com\/avatar\/eca268467d925ec97d20641bb054fd944c0abb2f92854171620706bbe6474e7c?s=96&d=mm&r=g\",\"contentUrl\":\"https:\/\/secure.gravatar.com\/avatar\/eca268467d925ec97d20641bb054fd944c0abb2f92854171620706bbe6474e7c?s=96&d=mm&r=g\",\"caption\":\"lifefm\"}}]}<\/script>\n<!-- \/ Yoast SEO plugin. -->","yoast_head_json":{"title":"Dengue: Uma preocupa\u00e7\u00e3o de todos n\u00f3s - R\u00e1dio Life FM","robots":{"index":"index","follow":"follow","max-snippet":"max-snippet:-1","max-image-preview":"max-image-preview:large","max-video-preview":"max-video-preview:-1"},"canonical":"https:\/\/radiolifefm.com.br\/noticias\/dengue-uma-preocupacao-de-todos-nos\/","og_locale":"pt_BR","og_type":"article","og_title":"Dengue: Uma preocupa\u00e7\u00e3o de todos n\u00f3s - R\u00e1dio Life FM","og_description":"Uma breve an\u00e1lise sobre os avan\u00e7os da doen\u00e7a pela regi\u00e3o *** \u201c\u00c9 uma falta de responsabilidade esperarmos que algu\u00e9m fa\u00e7a as coisas por n\u00f3s.\u201d John Lennon *** Em v\u00e1rias cidades da regi\u00e3o, foram comuns os an\u00fancios de grandes quantidades de novos casos de dengue. Segundo dados do Minist\u00e9rio da Sa\u00fade, do \u00faltimo dia 30, os [&hellip;]","og_url":"https:\/\/radiolifefm.com.br\/noticias\/dengue-uma-preocupacao-de-todos-nos\/","og_site_name":"R\u00e1dio Life FM","article_publisher":"https:\/\/www.facebook.com\/radiolifefm\/","article_published_time":"2019-05-16T11:10:13+00:00","article_modified_time":"2026-04-24T10:21:40+00:00","og_image":[{"width":428,"height":282,"url":"https:\/\/radiolifefm.com.br\/noticias\/wp-content\/uploads\/2019\/05\/Tiago-Rafael.png","type":"image\/png"}],"author":"lifefm","twitter_card":"summary_large_image","twitter_misc":{"Escrito por":"lifefm","Est. tempo de leitura":"2 minutos"},"schema":{"@context":"https:\/\/schema.org","@graph":[{"@type":"Article","@id":"https:\/\/radiolifefm.com.br\/noticias\/dengue-uma-preocupacao-de-todos-nos\/#article","isPartOf":{"@id":"https:\/\/radiolifefm.com.br\/noticias\/dengue-uma-preocupacao-de-todos-nos\/"},"author":{"name":"lifefm","@id":"https:\/\/radiolifefm.com.br\/noticias\/#\/schema\/person\/1d4e4b1301322090c6221bf1c8420490"},"headline":"Dengue: Uma preocupa\u00e7\u00e3o de todos n\u00f3s","datePublished":"2019-05-16T11:10:13+00:00","dateModified":"2026-04-24T10:21:40+00:00","mainEntityOfPage":{"@id":"https:\/\/radiolifefm.com.br\/noticias\/dengue-uma-preocupacao-de-todos-nos\/"},"wordCount":498,"commentCount":0,"publisher":{"@id":"https:\/\/radiolifefm.com.br\/noticias\/#organization"},"image":{"@id":"https:\/\/radiolifefm.com.br\/noticias\/dengue-uma-preocupacao-de-todos-nos\/#primaryimage"},"thumbnailUrl":"https:\/\/radiolifefm.com.br\/noticias\/wp-content\/uploads\/2019\/05\/Tiago-Rafael.png","articleSection":["Opini\u00e3o"],"inLanguage":"pt-BR","potentialAction":[{"@type":"CommentAction","name":"Comment","target":["https:\/\/radiolifefm.com.br\/noticias\/dengue-uma-preocupacao-de-todos-nos\/#respond"]}]},{"@type":"WebPage","@id":"https:\/\/radiolifefm.com.br\/noticias\/dengue-uma-preocupacao-de-todos-nos\/","url":"https:\/\/radiolifefm.com.br\/noticias\/dengue-uma-preocupacao-de-todos-nos\/","name":"Dengue: Uma preocupa\u00e7\u00e3o de todos n\u00f3s - R\u00e1dio Life FM","isPartOf":{"@id":"https:\/\/radiolifefm.com.br\/noticias\/#website"},"primaryImageOfPage":{"@id":"https:\/\/radiolifefm.com.br\/noticias\/dengue-uma-preocupacao-de-todos-nos\/#primaryimage"},"image":{"@id":"https:\/\/radiolifefm.com.br\/noticias\/dengue-uma-preocupacao-de-todos-nos\/#primaryimage"},"thumbnailUrl":"https:\/\/radiolifefm.com.br\/noticias\/wp-content\/uploads\/2019\/05\/Tiago-Rafael.png","datePublished":"2019-05-16T11:10:13+00:00","dateModified":"2026-04-24T10:21:40+00:00","breadcrumb":{"@id":"https:\/\/radiolifefm.com.br\/noticias\/dengue-uma-preocupacao-de-todos-nos\/#breadcrumb"},"inLanguage":"pt-BR","potentialAction":[{"@type":"ReadAction","target":["https:\/\/radiolifefm.com.br\/noticias\/dengue-uma-preocupacao-de-todos-nos\/"]}]},{"@type":"ImageObject","inLanguage":"pt-BR","@id":"https:\/\/radiolifefm.com.br\/noticias\/dengue-uma-preocupacao-de-todos-nos\/#primaryimage","url":"https:\/\/radiolifefm.com.br\/noticias\/wp-content\/uploads\/2019\/05\/Tiago-Rafael.png","contentUrl":"https:\/\/radiolifefm.com.br\/noticias\/wp-content\/uploads\/2019\/05\/Tiago-Rafael.png","width":428,"height":282,"caption":"Tiago Rafael - Coluna Opini\u00e3o"},{"@type":"BreadcrumbList","@id":"https:\/\/radiolifefm.com.br\/noticias\/dengue-uma-preocupacao-de-todos-nos\/#breadcrumb","itemListElement":[{"@type":"ListItem","position":1,"name":"In\u00edcio","item":"https:\/\/radiolifefm.com.br\/noticias\/"},{"@type":"ListItem","position":2,"name":"Dengue: Uma preocupa\u00e7\u00e3o de todos n\u00f3s"}]},{"@type":"WebSite","@id":"https:\/\/radiolifefm.com.br\/noticias\/#website","url":"https:\/\/radiolifefm.com.br\/noticias\/","name":"R\u00e1dio Life FM","description":"O Portal de Not\u00edcias de Adamantina","publisher":{"@id":"https:\/\/radiolifefm.com.br\/noticias\/#organization"},"alternateName":"Life FM","potentialAction":[{"@type":"SearchAction","target":{"@type":"EntryPoint","urlTemplate":"https:\/\/radiolifefm.com.br\/noticias\/?s={search_term_string}"},"query-input":{"@type":"PropertyValueSpecification","valueRequired":true,"valueName":"search_term_string"}}],"inLanguage":"pt-BR"},{"@type":"Organization","@id":"https:\/\/radiolifefm.com.br\/noticias\/#organization","name":"R\u00e1dio Life FM","alternateName":"Life FM","url":"https:\/\/radiolifefm.com.br\/noticias\/","logo":{"@type":"ImageObject","inLanguage":"pt-BR","@id":"https:\/\/radiolifefm.com.br\/noticias\/#\/schema\/logo\/image\/","url":"https:\/\/static.radiolifefm.com.br\/noticias\/wp-content\/uploads\/2019\/10\/logo-lifefm.png","contentUrl":"https:\/\/static.radiolifefm.com.br\/noticias\/wp-content\/uploads\/2019\/10\/logo-lifefm.png","width":196,"height":47,"caption":"R\u00e1dio Life FM"},"image":{"@id":"https:\/\/radiolifefm.com.br\/noticias\/#\/schema\/logo\/image\/"},"sameAs":["https:\/\/www.facebook.com\/radiolifefm\/","https:\/\/www.instagram.com\/life1079fm\/"]},{"@type":"Person","@id":"https:\/\/radiolifefm.com.br\/noticias\/#\/schema\/person\/1d4e4b1301322090c6221bf1c8420490","name":"lifefm","image":{"@type":"ImageObject","inLanguage":"pt-BR","@id":"https:\/\/secure.gravatar.com\/avatar\/eca268467d925ec97d20641bb054fd944c0abb2f92854171620706bbe6474e7c?s=96&d=mm&r=g","url":"https:\/\/secure.gravatar.com\/avatar\/eca268467d925ec97d20641bb054fd944c0abb2f92854171620706bbe6474e7c?s=96&d=mm&r=g","contentUrl":"https:\/\/secure.gravatar.com\/avatar\/eca268467d925ec97d20641bb054fd944c0abb2f92854171620706bbe6474e7c?s=96&d=mm&r=g","caption":"lifefm"}}]}},"amp_enabled":true,"_links":{"self":[{"href":"https:\/\/radiolifefm.com.br\/noticias\/wp-json\/wp\/v2\/posts\/13188","targetHints":{"allow":["GET"]}}],"collection":[{"href":"https:\/\/radiolifefm.com.br\/noticias\/wp-json\/wp\/v2\/posts"}],"about":[{"href":"https:\/\/radiolifefm.com.br\/noticias\/wp-json\/wp\/v2\/types\/post"}],"author":[{"embeddable":true,"href":"https:\/\/radiolifefm.com.br\/noticias\/wp-json\/wp\/v2\/users\/3"}],"replies":[{"embeddable":true,"href":"https:\/\/radiolifefm.com.br\/noticias\/wp-json\/wp\/v2\/comments?post=13188"}],"version-history":[{"count":1,"href":"https:\/\/radiolifefm.com.br\/noticias\/wp-json\/wp\/v2\/posts\/13188\/revisions"}],"predecessor-version":[{"id":13190,"href":"https:\/\/radiolifefm.com.br\/noticias\/wp-json\/wp\/v2\/posts\/13188\/revisions\/13190"}],"wp:featuredmedia":[{"embeddable":true,"href":"https:\/\/radiolifefm.com.br\/noticias\/wp-json\/wp\/v2\/media\/13189"}],"wp:attachment":[{"href":"https:\/\/radiolifefm.com.br\/noticias\/wp-json\/wp\/v2\/media?parent=13188"}],"wp:term":[{"taxonomy":"category","embeddable":true,"href":"https:\/\/radiolifefm.com.br\/noticias\/wp-json\/wp\/v2\/categories?post=13188"},{"taxonomy":"post_tag","embeddable":true,"href":"https:\/\/radiolifefm.com.br\/noticias\/wp-json\/wp\/v2\/tags?post=13188"}],"curies":[{"name":"wp","href":"https:\/\/api.w.org\/{rel}","templated":true}]}}