{"id":13136,"date":"2019-05-15T10:22:12","date_gmt":"2019-05-15T13:22:12","guid":{"rendered":"https:\/\/radiolifefm.com.br\/noticias\/?p=13136"},"modified":"2026-04-29T07:17:01","modified_gmt":"2026-04-29T10:17:01","slug":"alta-no-preco-do-tomate-e-justificada-pela-pouca-oferta-no-mercado","status":"publish","type":"post","link":"https:\/\/radiolifefm.com.br\/noticias\/alta-no-preco-do-tomate-e-justificada-pela-pouca-oferta-no-mercado\/","title":{"rendered":"Alta no pre\u00e7o do tomate \u00e9 justificada pela pouca oferta no mercado"},"content":{"rendered":"<div id=\"fb-root\"><\/div>\n<p><em>Em Dracena, a reportagem encontrou valores a partir de R$ 4,65\/kg, R$ 5,69\/kg, R$ 5,99\/kg at\u00e9 R$ 6,49\/kg nos supermercados<\/em><\/p>\n<p>O sabor da salada est\u00e1 mais salgado nas mesas das fam\u00edlias. Tudo por conta do pre\u00e7o do tomate praticado neste m\u00eas. Em Dracena, a reportagem encontrou valores a partir de R$ 4,65\/kg, R$ 5,69\/kg, R$ 5,99\/kg at\u00e9 R$ 6,49\/kg nos supermercados.<\/p>\n<p>O boletim hortifrutigranjeiro divulgado pela Companhia Nacional de Abastecimento (Conab), no m\u00eas passado, apontava que os pre\u00e7os de comercializa\u00e7\u00e3o do produto nos principais mercados atacadistas do pa\u00eds estavam altos e que a eleva\u00e7\u00e3o havia sido registrada em todas as Centrais de Abastecimento (Ceasas) pesquisadas.<\/p>\n<p>Ainda conforme o boletim, entre as raz\u00f5es para a altera\u00e7\u00e3o no pre\u00e7o estavam: a menor quantidade ofertada aos mercados uma vez que as condi\u00e7\u00f5es clim\u00e1ticas n\u00e3o favoreceram o desenvolvimento nas lavouras e a diminui\u00e7\u00e3o da \u00e1rea plantada \u2013 em raz\u00e3o dos pre\u00e7os pouco atrativos no ano passado, conforme os produtores \u2013 tamb\u00e9m significou menos tomate entrando no mercado.<br \/>\nEm Dracena, o produtor rural Antonio Bog\u00e1s, produz tomates na estufa e no campo h\u00e1 12 anos entregando a produ\u00e7\u00e3o na Associa\u00e7\u00e3o de Produtores Rurais de Dracena e em mercados locais. Ele conta que os gastos com o cultivo s\u00e3o muito altos e o fruto exige cuidados di\u00e1rios, fatores que somados \u00e0s condi\u00e7\u00f5es clim\u00e1ticas desfavor\u00e1veis encarecem a produ\u00e7\u00e3o.<\/p>\n<p>Para ele, nessa \u00e9poca do outono e logo chegada do inverno \u2013 per\u00edodo menos chuvoso nas regi\u00f5es grandes produtoras \u2013 a situa\u00e7\u00e3o vai estabilizar. \u201cTem produtor que n\u00e3o planta por causa da chuva e nessa \u00e9poca todo mundo vai plantar. A tend\u00eancia \u00e9 o pre\u00e7o abaixar\u201d, afirma.<\/p>\n<p>Enquanto isso, a recomenda\u00e7\u00e3o aos consumidores \u00e9 realizar pesquisas, comparar pre\u00e7os e as ofertas di\u00e1rias dos supermercados, quitandas e feiras.<\/p>\n<p>Portalregional<\/p>\n<p>Reda\u00e7\u00e3o &#8211; Kako de Oliveira<\/p>\n","protected":false},"excerpt":{"rendered":"<p>Em Dracena, a reportagem encontrou valores a partir de R$ 4,65\/kg, R$ 5,69\/kg, R$ 5,99\/kg at\u00e9 R$ 6,49\/kg nos supermercados O sabor da salada est\u00e1 mais salgado nas mesas das fam\u00edlias. Tudo por conta do pre\u00e7o do tomate praticado neste m\u00eas. Em Dracena, a reportagem encontrou valores a partir de R$ 4,65\/kg, R$ 5,69\/kg, R$ [&hellip;]<\/p>\n","protected":false},"author":3,"featured_media":13137,"comment_status":"open","ping_status":"open","sticky":false,"template":"","format":"standard","meta":{"_acf_changed":false,"_exactmetrics_skip_tracking":false,"_exactmetrics_sitenote_active":false,"_exactmetrics_sitenote_note":"","_exactmetrics_sitenote_category":0,"footnotes":""},"categories":[24],"tags":[],"class_list":["post-13136","post","type-post","status-publish","format-standard","has-post-thumbnail","hentry","category-regiao"],"acf":[],"yoast_head":"<!-- This site is optimized with the Yoast SEO plugin v27.2 - https:\/\/yoast.com\/product\/yoast-seo-wordpress\/ -->\n<title>Alta no pre\u00e7o do tomate \u00e9 justificada pela pouca oferta no mercado - R\u00e1dio Life FM<\/title>\n<meta name=\"robots\" content=\"index, follow, max-snippet:-1, max-image-preview:large, max-video-preview:-1\" \/>\n<link rel=\"canonical\" href=\"https:\/\/radiolifefm.com.br\/noticias\/alta-no-preco-do-tomate-e-justificada-pela-pouca-oferta-no-mercado\/\" \/>\n<meta property=\"og:locale\" content=\"pt_BR\" \/>\n<meta property=\"og:type\" content=\"article\" \/>\n<meta property=\"og:title\" content=\"Alta no pre\u00e7o do tomate \u00e9 justificada pela pouca oferta no mercado - R\u00e1dio Life FM\" \/>\n<meta property=\"og:description\" content=\"Em Dracena, a reportagem encontrou valores a partir de R$ 4,65\/kg, R$ 5,69\/kg, R$ 5,99\/kg at\u00e9 R$ 6,49\/kg nos supermercados O sabor da salada est\u00e1 mais salgado nas mesas das fam\u00edlias. Tudo por conta do pre\u00e7o do tomate praticado neste m\u00eas. Em Dracena, a reportagem encontrou valores a partir de R$ 4,65\/kg, R$ 5,69\/kg, R$ [&hellip;]\" \/>\n<meta property=\"og:url\" content=\"https:\/\/radiolifefm.com.br\/noticias\/alta-no-preco-do-tomate-e-justificada-pela-pouca-oferta-no-mercado\/\" \/>\n<meta property=\"og:site_name\" content=\"R\u00e1dio Life FM\" \/>\n<meta property=\"article:publisher\" content=\"https:\/\/www.facebook.com\/radiolifefm\/\" \/>\n<meta property=\"article:published_time\" content=\"2019-05-15T13:22:12+00:00\" \/>\n<meta property=\"article:modified_time\" content=\"2026-04-29T10:17:01+00:00\" \/>\n<meta property=\"og:image\" content=\"https:\/\/radiolifefm.com.br\/noticias\/wp-content\/uploads\/2019\/05\/Tomate.jpg\" \/>\n\t<meta property=\"og:image:width\" content=\"1068\" \/>\n\t<meta property=\"og:image:height\" content=\"712\" \/>\n\t<meta property=\"og:image:type\" content=\"image\/jpeg\" \/>\n<meta name=\"author\" content=\"lifefm\" \/>\n<meta name=\"twitter:card\" content=\"summary_large_image\" \/>\n<meta name=\"twitter:label1\" content=\"Escrito por\" \/>\n\t<meta name=\"twitter:data1\" content=\"lifefm\" \/>\n\t<meta name=\"twitter:label2\" content=\"Est. tempo de leitura\" \/>\n\t<meta name=\"twitter:data2\" content=\"2 minutos\" \/>\n<script type=\"application\/ld+json\" class=\"yoast-schema-graph\">{\"@context\":\"https:\/\/schema.org\",\"@graph\":[{\"@type\":\"Article\",\"@id\":\"https:\/\/radiolifefm.com.br\/noticias\/alta-no-preco-do-tomate-e-justificada-pela-pouca-oferta-no-mercado\/#article\",\"isPartOf\":{\"@id\":\"https:\/\/radiolifefm.com.br\/noticias\/alta-no-preco-do-tomate-e-justificada-pela-pouca-oferta-no-mercado\/\"},\"author\":{\"name\":\"lifefm\",\"@id\":\"https:\/\/radiolifefm.com.br\/noticias\/#\/schema\/person\/1d4e4b1301322090c6221bf1c8420490\"},\"headline\":\"Alta no pre\u00e7o do tomate \u00e9 justificada pela pouca oferta no mercado\",\"datePublished\":\"2019-05-15T13:22:12+00:00\",\"dateModified\":\"2026-04-29T10:17:01+00:00\",\"mainEntityOfPage\":{\"@id\":\"https:\/\/radiolifefm.com.br\/noticias\/alta-no-preco-do-tomate-e-justificada-pela-pouca-oferta-no-mercado\/\"},\"wordCount\":336,\"commentCount\":0,\"publisher\":{\"@id\":\"https:\/\/radiolifefm.com.br\/noticias\/#organization\"},\"image\":{\"@id\":\"https:\/\/radiolifefm.com.br\/noticias\/alta-no-preco-do-tomate-e-justificada-pela-pouca-oferta-no-mercado\/#primaryimage\"},\"thumbnailUrl\":\"https:\/\/radiolifefm.com.br\/noticias\/wp-content\/uploads\/2019\/05\/Tomate.jpg\",\"articleSection\":[\"Regi\u00e3o\"],\"inLanguage\":\"pt-BR\",\"potentialAction\":[{\"@type\":\"CommentAction\",\"name\":\"Comment\",\"target\":[\"https:\/\/radiolifefm.com.br\/noticias\/alta-no-preco-do-tomate-e-justificada-pela-pouca-oferta-no-mercado\/#respond\"]}]},{\"@type\":\"WebPage\",\"@id\":\"https:\/\/radiolifefm.com.br\/noticias\/alta-no-preco-do-tomate-e-justificada-pela-pouca-oferta-no-mercado\/\",\"url\":\"https:\/\/radiolifefm.com.br\/noticias\/alta-no-preco-do-tomate-e-justificada-pela-pouca-oferta-no-mercado\/\",\"name\":\"Alta no pre\u00e7o do tomate \u00e9 justificada pela pouca oferta no mercado - R\u00e1dio Life FM\",\"isPartOf\":{\"@id\":\"https:\/\/radiolifefm.com.br\/noticias\/#website\"},\"primaryImageOfPage\":{\"@id\":\"https:\/\/radiolifefm.com.br\/noticias\/alta-no-preco-do-tomate-e-justificada-pela-pouca-oferta-no-mercado\/#primaryimage\"},\"image\":{\"@id\":\"https:\/\/radiolifefm.com.br\/noticias\/alta-no-preco-do-tomate-e-justificada-pela-pouca-oferta-no-mercado\/#primaryimage\"},\"thumbnailUrl\":\"https:\/\/radiolifefm.com.br\/noticias\/wp-content\/uploads\/2019\/05\/Tomate.jpg\",\"datePublished\":\"2019-05-15T13:22:12+00:00\",\"dateModified\":\"2026-04-29T10:17:01+00:00\",\"breadcrumb\":{\"@id\":\"https:\/\/radiolifefm.com.br\/noticias\/alta-no-preco-do-tomate-e-justificada-pela-pouca-oferta-no-mercado\/#breadcrumb\"},\"inLanguage\":\"pt-BR\",\"potentialAction\":[{\"@type\":\"ReadAction\",\"target\":[\"https:\/\/radiolifefm.com.br\/noticias\/alta-no-preco-do-tomate-e-justificada-pela-pouca-oferta-no-mercado\/\"]}]},{\"@type\":\"ImageObject\",\"inLanguage\":\"pt-BR\",\"@id\":\"https:\/\/radiolifefm.com.br\/noticias\/alta-no-preco-do-tomate-e-justificada-pela-pouca-oferta-no-mercado\/#primaryimage\",\"url\":\"https:\/\/radiolifefm.com.br\/noticias\/wp-content\/uploads\/2019\/05\/Tomate.jpg\",\"contentUrl\":\"https:\/\/radiolifefm.com.br\/noticias\/wp-content\/uploads\/2019\/05\/Tomate.jpg\",\"width\":1068,\"height\":712,\"caption\":\"Pre\u00e7o elevado pago pelo tomate \u00e9 pela falta do produto no mercado\"},{\"@type\":\"BreadcrumbList\",\"@id\":\"https:\/\/radiolifefm.com.br\/noticias\/alta-no-preco-do-tomate-e-justificada-pela-pouca-oferta-no-mercado\/#breadcrumb\",\"itemListElement\":[{\"@type\":\"ListItem\",\"position\":1,\"name\":\"In\u00edcio\",\"item\":\"https:\/\/radiolifefm.com.br\/noticias\/\"},{\"@type\":\"ListItem\",\"position\":2,\"name\":\"Alta no pre\u00e7o do tomate \u00e9 justificada pela pouca oferta no mercado\"}]},{\"@type\":\"WebSite\",\"@id\":\"https:\/\/radiolifefm.com.br\/noticias\/#website\",\"url\":\"https:\/\/radiolifefm.com.br\/noticias\/\",\"name\":\"R\u00e1dio Life FM\",\"description\":\"O Portal de Not\u00edcias de Adamantina\",\"publisher\":{\"@id\":\"https:\/\/radiolifefm.com.br\/noticias\/#organization\"},\"alternateName\":\"Life FM\",\"potentialAction\":[{\"@type\":\"SearchAction\",\"target\":{\"@type\":\"EntryPoint\",\"urlTemplate\":\"https:\/\/radiolifefm.com.br\/noticias\/?s={search_term_string}\"},\"query-input\":{\"@type\":\"PropertyValueSpecification\",\"valueRequired\":true,\"valueName\":\"search_term_string\"}}],\"inLanguage\":\"pt-BR\"},{\"@type\":\"Organization\",\"@id\":\"https:\/\/radiolifefm.com.br\/noticias\/#organization\",\"name\":\"R\u00e1dio Life FM\",\"alternateName\":\"Life FM\",\"url\":\"https:\/\/radiolifefm.com.br\/noticias\/\",\"logo\":{\"@type\":\"ImageObject\",\"inLanguage\":\"pt-BR\",\"@id\":\"https:\/\/radiolifefm.com.br\/noticias\/#\/schema\/logo\/image\/\",\"url\":\"https:\/\/static.radiolifefm.com.br\/noticias\/wp-content\/uploads\/2019\/10\/logo-lifefm.png\",\"contentUrl\":\"https:\/\/static.radiolifefm.com.br\/noticias\/wp-content\/uploads\/2019\/10\/logo-lifefm.png\",\"width\":196,\"height\":47,\"caption\":\"R\u00e1dio Life FM\"},\"image\":{\"@id\":\"https:\/\/radiolifefm.com.br\/noticias\/#\/schema\/logo\/image\/\"},\"sameAs\":[\"https:\/\/www.facebook.com\/radiolifefm\/\",\"https:\/\/www.instagram.com\/life1079fm\/\"]},{\"@type\":\"Person\",\"@id\":\"https:\/\/radiolifefm.com.br\/noticias\/#\/schema\/person\/1d4e4b1301322090c6221bf1c8420490\",\"name\":\"lifefm\",\"image\":{\"@type\":\"ImageObject\",\"inLanguage\":\"pt-BR\",\"@id\":\"https:\/\/secure.gravatar.com\/avatar\/eca268467d925ec97d20641bb054fd944c0abb2f92854171620706bbe6474e7c?s=96&d=mm&r=g\",\"url\":\"https:\/\/secure.gravatar.com\/avatar\/eca268467d925ec97d20641bb054fd944c0abb2f92854171620706bbe6474e7c?s=96&d=mm&r=g\",\"contentUrl\":\"https:\/\/secure.gravatar.com\/avatar\/eca268467d925ec97d20641bb054fd944c0abb2f92854171620706bbe6474e7c?s=96&d=mm&r=g\",\"caption\":\"lifefm\"}}]}<\/script>\n<!-- \/ Yoast SEO plugin. -->","yoast_head_json":{"title":"Alta no pre\u00e7o do tomate \u00e9 justificada pela pouca oferta no mercado - R\u00e1dio Life FM","robots":{"index":"index","follow":"follow","max-snippet":"max-snippet:-1","max-image-preview":"max-image-preview:large","max-video-preview":"max-video-preview:-1"},"canonical":"https:\/\/radiolifefm.com.br\/noticias\/alta-no-preco-do-tomate-e-justificada-pela-pouca-oferta-no-mercado\/","og_locale":"pt_BR","og_type":"article","og_title":"Alta no pre\u00e7o do tomate \u00e9 justificada pela pouca oferta no mercado - R\u00e1dio Life FM","og_description":"Em Dracena, a reportagem encontrou valores a partir de R$ 4,65\/kg, R$ 5,69\/kg, R$ 5,99\/kg at\u00e9 R$ 6,49\/kg nos supermercados O sabor da salada est\u00e1 mais salgado nas mesas das fam\u00edlias. Tudo por conta do pre\u00e7o do tomate praticado neste m\u00eas. Em Dracena, a reportagem encontrou valores a partir de R$ 4,65\/kg, R$ 5,69\/kg, R$ [&hellip;]","og_url":"https:\/\/radiolifefm.com.br\/noticias\/alta-no-preco-do-tomate-e-justificada-pela-pouca-oferta-no-mercado\/","og_site_name":"R\u00e1dio Life FM","article_publisher":"https:\/\/www.facebook.com\/radiolifefm\/","article_published_time":"2019-05-15T13:22:12+00:00","article_modified_time":"2026-04-29T10:17:01+00:00","og_image":[{"width":1068,"height":712,"url":"https:\/\/radiolifefm.com.br\/noticias\/wp-content\/uploads\/2019\/05\/Tomate.jpg","type":"image\/jpeg"}],"author":"lifefm","twitter_card":"summary_large_image","twitter_misc":{"Escrito por":"lifefm","Est. tempo de leitura":"2 minutos"},"schema":{"@context":"https:\/\/schema.org","@graph":[{"@type":"Article","@id":"https:\/\/radiolifefm.com.br\/noticias\/alta-no-preco-do-tomate-e-justificada-pela-pouca-oferta-no-mercado\/#article","isPartOf":{"@id":"https:\/\/radiolifefm.com.br\/noticias\/alta-no-preco-do-tomate-e-justificada-pela-pouca-oferta-no-mercado\/"},"author":{"name":"lifefm","@id":"https:\/\/radiolifefm.com.br\/noticias\/#\/schema\/person\/1d4e4b1301322090c6221bf1c8420490"},"headline":"Alta no pre\u00e7o do tomate \u00e9 justificada pela pouca oferta no mercado","datePublished":"2019-05-15T13:22:12+00:00","dateModified":"2026-04-29T10:17:01+00:00","mainEntityOfPage":{"@id":"https:\/\/radiolifefm.com.br\/noticias\/alta-no-preco-do-tomate-e-justificada-pela-pouca-oferta-no-mercado\/"},"wordCount":336,"commentCount":0,"publisher":{"@id":"https:\/\/radiolifefm.com.br\/noticias\/#organization"},"image":{"@id":"https:\/\/radiolifefm.com.br\/noticias\/alta-no-preco-do-tomate-e-justificada-pela-pouca-oferta-no-mercado\/#primaryimage"},"thumbnailUrl":"https:\/\/radiolifefm.com.br\/noticias\/wp-content\/uploads\/2019\/05\/Tomate.jpg","articleSection":["Regi\u00e3o"],"inLanguage":"pt-BR","potentialAction":[{"@type":"CommentAction","name":"Comment","target":["https:\/\/radiolifefm.com.br\/noticias\/alta-no-preco-do-tomate-e-justificada-pela-pouca-oferta-no-mercado\/#respond"]}]},{"@type":"WebPage","@id":"https:\/\/radiolifefm.com.br\/noticias\/alta-no-preco-do-tomate-e-justificada-pela-pouca-oferta-no-mercado\/","url":"https:\/\/radiolifefm.com.br\/noticias\/alta-no-preco-do-tomate-e-justificada-pela-pouca-oferta-no-mercado\/","name":"Alta no pre\u00e7o do tomate \u00e9 justificada pela pouca oferta no mercado - R\u00e1dio Life FM","isPartOf":{"@id":"https:\/\/radiolifefm.com.br\/noticias\/#website"},"primaryImageOfPage":{"@id":"https:\/\/radiolifefm.com.br\/noticias\/alta-no-preco-do-tomate-e-justificada-pela-pouca-oferta-no-mercado\/#primaryimage"},"image":{"@id":"https:\/\/radiolifefm.com.br\/noticias\/alta-no-preco-do-tomate-e-justificada-pela-pouca-oferta-no-mercado\/#primaryimage"},"thumbnailUrl":"https:\/\/radiolifefm.com.br\/noticias\/wp-content\/uploads\/2019\/05\/Tomate.jpg","datePublished":"2019-05-15T13:22:12+00:00","dateModified":"2026-04-29T10:17:01+00:00","breadcrumb":{"@id":"https:\/\/radiolifefm.com.br\/noticias\/alta-no-preco-do-tomate-e-justificada-pela-pouca-oferta-no-mercado\/#breadcrumb"},"inLanguage":"pt-BR","potentialAction":[{"@type":"ReadAction","target":["https:\/\/radiolifefm.com.br\/noticias\/alta-no-preco-do-tomate-e-justificada-pela-pouca-oferta-no-mercado\/"]}]},{"@type":"ImageObject","inLanguage":"pt-BR","@id":"https:\/\/radiolifefm.com.br\/noticias\/alta-no-preco-do-tomate-e-justificada-pela-pouca-oferta-no-mercado\/#primaryimage","url":"https:\/\/radiolifefm.com.br\/noticias\/wp-content\/uploads\/2019\/05\/Tomate.jpg","contentUrl":"https:\/\/radiolifefm.com.br\/noticias\/wp-content\/uploads\/2019\/05\/Tomate.jpg","width":1068,"height":712,"caption":"Pre\u00e7o elevado pago pelo tomate \u00e9 pela falta do produto no mercado"},{"@type":"BreadcrumbList","@id":"https:\/\/radiolifefm.com.br\/noticias\/alta-no-preco-do-tomate-e-justificada-pela-pouca-oferta-no-mercado\/#breadcrumb","itemListElement":[{"@type":"ListItem","position":1,"name":"In\u00edcio","item":"https:\/\/radiolifefm.com.br\/noticias\/"},{"@type":"ListItem","position":2,"name":"Alta no pre\u00e7o do tomate \u00e9 justificada pela pouca oferta no mercado"}]},{"@type":"WebSite","@id":"https:\/\/radiolifefm.com.br\/noticias\/#website","url":"https:\/\/radiolifefm.com.br\/noticias\/","name":"R\u00e1dio Life FM","description":"O Portal de Not\u00edcias de Adamantina","publisher":{"@id":"https:\/\/radiolifefm.com.br\/noticias\/#organization"},"alternateName":"Life FM","potentialAction":[{"@type":"SearchAction","target":{"@type":"EntryPoint","urlTemplate":"https:\/\/radiolifefm.com.br\/noticias\/?s={search_term_string}"},"query-input":{"@type":"PropertyValueSpecification","valueRequired":true,"valueName":"search_term_string"}}],"inLanguage":"pt-BR"},{"@type":"Organization","@id":"https:\/\/radiolifefm.com.br\/noticias\/#organization","name":"R\u00e1dio Life FM","alternateName":"Life FM","url":"https:\/\/radiolifefm.com.br\/noticias\/","logo":{"@type":"ImageObject","inLanguage":"pt-BR","@id":"https:\/\/radiolifefm.com.br\/noticias\/#\/schema\/logo\/image\/","url":"https:\/\/static.radiolifefm.com.br\/noticias\/wp-content\/uploads\/2019\/10\/logo-lifefm.png","contentUrl":"https:\/\/static.radiolifefm.com.br\/noticias\/wp-content\/uploads\/2019\/10\/logo-lifefm.png","width":196,"height":47,"caption":"R\u00e1dio Life FM"},"image":{"@id":"https:\/\/radiolifefm.com.br\/noticias\/#\/schema\/logo\/image\/"},"sameAs":["https:\/\/www.facebook.com\/radiolifefm\/","https:\/\/www.instagram.com\/life1079fm\/"]},{"@type":"Person","@id":"https:\/\/radiolifefm.com.br\/noticias\/#\/schema\/person\/1d4e4b1301322090c6221bf1c8420490","name":"lifefm","image":{"@type":"ImageObject","inLanguage":"pt-BR","@id":"https:\/\/secure.gravatar.com\/avatar\/eca268467d925ec97d20641bb054fd944c0abb2f92854171620706bbe6474e7c?s=96&d=mm&r=g","url":"https:\/\/secure.gravatar.com\/avatar\/eca268467d925ec97d20641bb054fd944c0abb2f92854171620706bbe6474e7c?s=96&d=mm&r=g","contentUrl":"https:\/\/secure.gravatar.com\/avatar\/eca268467d925ec97d20641bb054fd944c0abb2f92854171620706bbe6474e7c?s=96&d=mm&r=g","caption":"lifefm"}}]}},"amp_enabled":true,"_links":{"self":[{"href":"https:\/\/radiolifefm.com.br\/noticias\/wp-json\/wp\/v2\/posts\/13136","targetHints":{"allow":["GET"]}}],"collection":[{"href":"https:\/\/radiolifefm.com.br\/noticias\/wp-json\/wp\/v2\/posts"}],"about":[{"href":"https:\/\/radiolifefm.com.br\/noticias\/wp-json\/wp\/v2\/types\/post"}],"author":[{"embeddable":true,"href":"https:\/\/radiolifefm.com.br\/noticias\/wp-json\/wp\/v2\/users\/3"}],"replies":[{"embeddable":true,"href":"https:\/\/radiolifefm.com.br\/noticias\/wp-json\/wp\/v2\/comments?post=13136"}],"version-history":[{"count":1,"href":"https:\/\/radiolifefm.com.br\/noticias\/wp-json\/wp\/v2\/posts\/13136\/revisions"}],"predecessor-version":[{"id":13138,"href":"https:\/\/radiolifefm.com.br\/noticias\/wp-json\/wp\/v2\/posts\/13136\/revisions\/13138"}],"wp:featuredmedia":[{"embeddable":true,"href":"https:\/\/radiolifefm.com.br\/noticias\/wp-json\/wp\/v2\/media\/13137"}],"wp:attachment":[{"href":"https:\/\/radiolifefm.com.br\/noticias\/wp-json\/wp\/v2\/media?parent=13136"}],"wp:term":[{"taxonomy":"category","embeddable":true,"href":"https:\/\/radiolifefm.com.br\/noticias\/wp-json\/wp\/v2\/categories?post=13136"},{"taxonomy":"post_tag","embeddable":true,"href":"https:\/\/radiolifefm.com.br\/noticias\/wp-json\/wp\/v2\/tags?post=13136"}],"curies":[{"name":"wp","href":"https:\/\/api.w.org\/{rel}","templated":true}]}}