{"id":13090,"date":"2019-05-14T22:47:31","date_gmt":"2019-05-15T01:47:31","guid":{"rendered":"https:\/\/radiolifefm.com.br\/noticias\/?p=13090"},"modified":"2026-04-17T09:39:31","modified_gmt":"2026-04-17T12:39:31","slug":"provincia-fazenda-modelo-e-posglobalizacao-midiatica","status":"publish","type":"post","link":"https:\/\/radiolifefm.com.br\/noticias\/provincia-fazenda-modelo-e-posglobalizacao-midiatica\/","title":{"rendered":"PROV\u00cdNCIA, \u201cFAZENDA MODELO\u201d E P\u00d3SGLOBALIZA\u00c7\u00c3O MIDI\u00c1TICA!"},"content":{"rendered":"<div id=\"fb-root\"><\/div>\n<p>\u201cQuem vai em busca de montes, n\u00e3o se det\u00e9m a recolher as pedras do caminho\u201d. (Jos\u00e9 Marti)<br \/>\nS\u00e9rgio Barbosa (*)<\/p>\n<p>Sobre os acontecimentos ocorridos em terras provincianas, pode-se usar e abusar de uma ou mais reflex\u00e3o cr\u00edtica sobre tais acontecimentos em n\u00edvel glocal, ou seja, do global para o local, assim, \u00e9 poss\u00edvel tentar fazer uma interpreta\u00e7\u00e3o do significado dos encontros por meio dos desencontros dos bastidores da prov\u00edncia&#8230;<\/p>\n<p>De vez sem sempre, algu\u00e9m faz alguma cr\u00edtica ao articulista de plant\u00e3o em terras tupiniquins sobre os temas e tem\u00e1ticas abordadas nesta coluna semanal em fun\u00e7\u00e3o das palavras utilizadas e at\u00e9 mesmo, abusadas pelo autor, tais como: prov\u00edncia, tupiniquim, pa\u00eds do faz de conta, globaliza\u00e7\u00e3o, glocal, p\u00f3s-globaliza\u00e7\u00e3o, processos midi\u00e1ticos e outras, estas, como sempre, isso \u00e9, \u201cas outras\u201d, s\u00e3o as ditas \u201cironias que o vocabul\u00e1rio tupiniquim\u201d proporciona para os amantes (sic) desta l\u00edngua amada e idolatrada pela minoria e odiada pela maioria dos leitores da m\u00eddia impressa&#8230;<\/p>\n<p>No caso de usa e abusar ao mesmo tempo deste dialeto, pode-se pensar em muitas perguntas, claro, para raras respostas aos indagadores de sempre, ou seriam, \u201cinquisidores travestidos pelo tempo?\u201d, bom, um ou outro, pouco interessa neste momento sublime da ironia frente \u00e0s carapu\u00e7as que os mesmos teimam em vestir semana ap\u00f3s semana por meio dos artigos opinativos postados neste site e outros&#8230;<\/p>\n<p>A conjuntura atual, quando os ditos nada cujos \u201cinquisidores provincianos\u201d ficam pegando no p\u00e9 dos outros sem mais e sem menos, nestes casos, com olhos alucinados pelo poder sem o poder, explico, em cima de uma ou mais horas de uma atividade qualquer na \u00e1rea acad\u00eamica, os pesquisadores provincianos se perdem em suas pr\u00f3prias contradi\u00e7\u00f5es que s\u00e3o mais do que limitadas pela falta de reflex\u00e3o cr\u00edtico-te\u00f3rica sobre o objetivo desta proposta que tem \u201ccheiro de censura pseudo-religiosa\u201d&#8230;<\/p>\n<p>Talvez, quando os anos se forem, pessoas partirem das terras provincianas, outros estar\u00e3o chegando com novas propostas de pesquisa e trabalho, isto e mais aquilo faz parte de um mesmo jogo viciado que o poder sabe muito bem desenvolver em reuni\u00f5es escusas de uma madrugada perdida em terras nada produtivas para a sabedoria do homem frente ao homem deste novo tempo que se chama hoje&#8230;<\/p>\n<p>Mas, ainda bem que tem sempre um \u201cmas\u201d, poderia ser um \u201ctodavia\u201d, at\u00e9 mesmo, um \u201cquem sabe\u201d ou um \u201ctalvez\u201d, como gostam os juristas, \u201chaja vista\u201d, entretanto, o importante nestes momentos \u00e9 tentar compreender sem entender o que anda acontecendo em nossa volta para um olhar mais adiante do horizonte provinciano em tempo de p\u00f3s-globaliza\u00e7\u00e3o midi\u00e1tica no Pa\u00eds do faz de conta para uma ou mais gera\u00e7\u00e3o tupiniquim como produto de venda e n\u00e3o de compra, destoando do cen\u00e1rio da p\u00f3s-modernidade pela filosofia do \u201cvigiar e punir\u201d, se bem que, a maioria prefere uma outra proposta, a saber: SORRIA, VOC\u00ca EST\u00c1 SENDO FILMADO\u201d..<\/p>\n<p>Nestes casos, melhor ler e reler o cl\u00e1ssico de GEORGE ORWELL, escrito na d\u00e9cada de 40, \u201c1984\u201d, caso o leitor ou a leitora tenha um tempinho a mais, mais uma sugest\u00e3o, deste mesmo autor, \u201cA REVOLU\u00c7\u00c3O DOS BICHOS\u201d, ainda, tem um autor brasileiro que escreveu, se n\u00e3o me engano, nos anos 70, outro cl\u00e1ssico pouco conhecido: \u201cFAZENDA MODELO\u201d de Chico Buarque&#8230;<\/p>\n<p>_____________________________________<br \/>\n(*) Jornalista diplomado<\/p>\n<div class='flex flex-wrap items-center -mx-1'>\r\n<a class='thumbnail gallery p-1 w-1\/2 md:w-1\/4' href='https:\/\/radiolifefm.com.br\/noticias\/wp-content\/uploads\/2019\/05\/SEBAR-3-1.jpg'><img class='border border-white' src='https:\/\/radiolifefm.com.br\/noticias\/wp-content\/uploads\/2019\/05\/SEBAR-3-1-200x200.jpg' alt='SEBAR   3' \/><\/a><a class='thumbnail gallery p-1 w-1\/2 md:w-1\/4' href='https:\/\/radiolifefm.com.br\/noticias\/wp-content\/uploads\/2019\/05\/SEBAR-2-1.jpg'><img class='border border-white' src='https:\/\/radiolifefm.com.br\/noticias\/wp-content\/uploads\/2019\/05\/SEBAR-2-1-200x200.jpg' alt='SEBAR   2' \/><\/a><a class='thumbnail gallery p-1 w-1\/2 md:w-1\/4' href='https:\/\/radiolifefm.com.br\/noticias\/wp-content\/uploads\/2019\/05\/SEBAR-1-1.jpg'><img class='border border-white' src='https:\/\/radiolifefm.com.br\/noticias\/wp-content\/uploads\/2019\/05\/SEBAR-1-1-200x200.jpg' alt='SEBAR   1' \/><\/a><\/div>\n","protected":false},"excerpt":{"rendered":"<p>\u201cQuem vai em busca de montes, n\u00e3o se det\u00e9m a recolher as pedras do caminho\u201d. (Jos\u00e9 Marti) S\u00e9rgio Barbosa (*) Sobre os acontecimentos ocorridos em terras provincianas, pode-se usar e abusar de uma ou mais reflex\u00e3o cr\u00edtica sobre tais acontecimentos em n\u00edvel glocal, ou seja, do global para o local, assim, \u00e9 poss\u00edvel tentar fazer [&hellip;]<\/p>\n","protected":false},"author":3,"featured_media":13091,"comment_status":"closed","ping_status":"open","sticky":false,"template":"","format":"standard","meta":{"_acf_changed":false,"_exactmetrics_skip_tracking":false,"_exactmetrics_sitenote_active":false,"_exactmetrics_sitenote_note":"","_exactmetrics_sitenote_category":0,"footnotes":""},"categories":[59],"tags":[],"class_list":["post-13090","post","type-post","status-publish","format-standard","has-post-thumbnail","hentry","category-opiniao"],"acf":[],"yoast_head":"<!-- This site is optimized with the Yoast SEO plugin v27.2 - https:\/\/yoast.com\/product\/yoast-seo-wordpress\/ -->\n<title>PROV\u00cdNCIA, \u201cFAZENDA MODELO\u201d E P\u00d3SGLOBALIZA\u00c7\u00c3O MIDI\u00c1TICA! - R\u00e1dio Life FM<\/title>\n<meta name=\"robots\" content=\"index, follow, max-snippet:-1, max-image-preview:large, max-video-preview:-1\" \/>\n<link rel=\"canonical\" href=\"https:\/\/radiolifefm.com.br\/noticias\/provincia-fazenda-modelo-e-posglobalizacao-midiatica\/\" \/>\n<meta property=\"og:locale\" content=\"pt_BR\" \/>\n<meta property=\"og:type\" content=\"article\" \/>\n<meta property=\"og:title\" content=\"PROV\u00cdNCIA, \u201cFAZENDA MODELO\u201d E P\u00d3SGLOBALIZA\u00c7\u00c3O MIDI\u00c1TICA! - R\u00e1dio Life FM\" \/>\n<meta property=\"og:description\" content=\"\u201cQuem vai em busca de montes, n\u00e3o se det\u00e9m a recolher as pedras do caminho\u201d. (Jos\u00e9 Marti) S\u00e9rgio Barbosa (*) Sobre os acontecimentos ocorridos em terras provincianas, pode-se usar e abusar de uma ou mais reflex\u00e3o cr\u00edtica sobre tais acontecimentos em n\u00edvel glocal, ou seja, do global para o local, assim, \u00e9 poss\u00edvel tentar fazer [&hellip;]\" \/>\n<meta property=\"og:url\" content=\"https:\/\/radiolifefm.com.br\/noticias\/provincia-fazenda-modelo-e-posglobalizacao-midiatica\/\" \/>\n<meta property=\"og:site_name\" content=\"R\u00e1dio Life FM\" \/>\n<meta property=\"article:publisher\" content=\"https:\/\/www.facebook.com\/radiolifefm\/\" \/>\n<meta property=\"article:published_time\" content=\"2019-05-15T01:47:31+00:00\" \/>\n<meta property=\"article:modified_time\" content=\"2026-04-17T12:39:31+00:00\" \/>\n<meta property=\"og:image\" content=\"https:\/\/radiolifefm.com.br\/noticias\/wp-content\/uploads\/2019\/05\/SEBAR.jpg\" \/>\n\t<meta property=\"og:image:width\" content=\"1920\" \/>\n\t<meta property=\"og:image:height\" content=\"1080\" \/>\n\t<meta property=\"og:image:type\" content=\"image\/jpeg\" \/>\n<meta name=\"author\" content=\"lifefm\" \/>\n<meta name=\"twitter:card\" content=\"summary_large_image\" \/>\n<meta name=\"twitter:label1\" content=\"Escrito por\" \/>\n\t<meta name=\"twitter:data1\" content=\"lifefm\" \/>\n\t<meta name=\"twitter:label2\" content=\"Est. tempo de leitura\" \/>\n\t<meta name=\"twitter:data2\" content=\"3 minutos\" \/>\n<script type=\"application\/ld+json\" class=\"yoast-schema-graph\">{\"@context\":\"https:\/\/schema.org\",\"@graph\":[{\"@type\":\"Article\",\"@id\":\"https:\/\/radiolifefm.com.br\/noticias\/provincia-fazenda-modelo-e-posglobalizacao-midiatica\/#article\",\"isPartOf\":{\"@id\":\"https:\/\/radiolifefm.com.br\/noticias\/provincia-fazenda-modelo-e-posglobalizacao-midiatica\/\"},\"author\":{\"name\":\"lifefm\",\"@id\":\"https:\/\/radiolifefm.com.br\/noticias\/#\/schema\/person\/1d4e4b1301322090c6221bf1c8420490\"},\"headline\":\"PROV\u00cdNCIA, \u201cFAZENDA MODELO\u201d E P\u00d3SGLOBALIZA\u00c7\u00c3O MIDI\u00c1TICA!\",\"datePublished\":\"2019-05-15T01:47:31+00:00\",\"dateModified\":\"2026-04-17T12:39:31+00:00\",\"mainEntityOfPage\":{\"@id\":\"https:\/\/radiolifefm.com.br\/noticias\/provincia-fazenda-modelo-e-posglobalizacao-midiatica\/\"},\"wordCount\":581,\"publisher\":{\"@id\":\"https:\/\/radiolifefm.com.br\/noticias\/#organization\"},\"image\":{\"@id\":\"https:\/\/radiolifefm.com.br\/noticias\/provincia-fazenda-modelo-e-posglobalizacao-midiatica\/#primaryimage\"},\"thumbnailUrl\":\"https:\/\/radiolifefm.com.br\/noticias\/wp-content\/uploads\/2019\/05\/SEBAR.jpg\",\"articleSection\":[\"Opini\u00e3o\"],\"inLanguage\":\"pt-BR\"},{\"@type\":\"WebPage\",\"@id\":\"https:\/\/radiolifefm.com.br\/noticias\/provincia-fazenda-modelo-e-posglobalizacao-midiatica\/\",\"url\":\"https:\/\/radiolifefm.com.br\/noticias\/provincia-fazenda-modelo-e-posglobalizacao-midiatica\/\",\"name\":\"PROV\u00cdNCIA, \u201cFAZENDA MODELO\u201d E P\u00d3SGLOBALIZA\u00c7\u00c3O MIDI\u00c1TICA! - R\u00e1dio Life FM\",\"isPartOf\":{\"@id\":\"https:\/\/radiolifefm.com.br\/noticias\/#website\"},\"primaryImageOfPage\":{\"@id\":\"https:\/\/radiolifefm.com.br\/noticias\/provincia-fazenda-modelo-e-posglobalizacao-midiatica\/#primaryimage\"},\"image\":{\"@id\":\"https:\/\/radiolifefm.com.br\/noticias\/provincia-fazenda-modelo-e-posglobalizacao-midiatica\/#primaryimage\"},\"thumbnailUrl\":\"https:\/\/radiolifefm.com.br\/noticias\/wp-content\/uploads\/2019\/05\/SEBAR.jpg\",\"datePublished\":\"2019-05-15T01:47:31+00:00\",\"dateModified\":\"2026-04-17T12:39:31+00:00\",\"breadcrumb\":{\"@id\":\"https:\/\/radiolifefm.com.br\/noticias\/provincia-fazenda-modelo-e-posglobalizacao-midiatica\/#breadcrumb\"},\"inLanguage\":\"pt-BR\",\"potentialAction\":[{\"@type\":\"ReadAction\",\"target\":[\"https:\/\/radiolifefm.com.br\/noticias\/provincia-fazenda-modelo-e-posglobalizacao-midiatica\/\"]}]},{\"@type\":\"ImageObject\",\"inLanguage\":\"pt-BR\",\"@id\":\"https:\/\/radiolifefm.com.br\/noticias\/provincia-fazenda-modelo-e-posglobalizacao-midiatica\/#primaryimage\",\"url\":\"https:\/\/radiolifefm.com.br\/noticias\/wp-content\/uploads\/2019\/05\/SEBAR.jpg\",\"contentUrl\":\"https:\/\/radiolifefm.com.br\/noticias\/wp-content\/uploads\/2019\/05\/SEBAR.jpg\",\"width\":1920,\"height\":1080},{\"@type\":\"BreadcrumbList\",\"@id\":\"https:\/\/radiolifefm.com.br\/noticias\/provincia-fazenda-modelo-e-posglobalizacao-midiatica\/#breadcrumb\",\"itemListElement\":[{\"@type\":\"ListItem\",\"position\":1,\"name\":\"In\u00edcio\",\"item\":\"https:\/\/radiolifefm.com.br\/noticias\/\"},{\"@type\":\"ListItem\",\"position\":2,\"name\":\"PROV\u00cdNCIA, \u201cFAZENDA MODELO\u201d E P\u00d3SGLOBALIZA\u00c7\u00c3O MIDI\u00c1TICA!\"}]},{\"@type\":\"WebSite\",\"@id\":\"https:\/\/radiolifefm.com.br\/noticias\/#website\",\"url\":\"https:\/\/radiolifefm.com.br\/noticias\/\",\"name\":\"R\u00e1dio Life FM\",\"description\":\"O Portal de Not\u00edcias de Adamantina\",\"publisher\":{\"@id\":\"https:\/\/radiolifefm.com.br\/noticias\/#organization\"},\"alternateName\":\"Life FM\",\"potentialAction\":[{\"@type\":\"SearchAction\",\"target\":{\"@type\":\"EntryPoint\",\"urlTemplate\":\"https:\/\/radiolifefm.com.br\/noticias\/?s={search_term_string}\"},\"query-input\":{\"@type\":\"PropertyValueSpecification\",\"valueRequired\":true,\"valueName\":\"search_term_string\"}}],\"inLanguage\":\"pt-BR\"},{\"@type\":\"Organization\",\"@id\":\"https:\/\/radiolifefm.com.br\/noticias\/#organization\",\"name\":\"R\u00e1dio Life FM\",\"alternateName\":\"Life FM\",\"url\":\"https:\/\/radiolifefm.com.br\/noticias\/\",\"logo\":{\"@type\":\"ImageObject\",\"inLanguage\":\"pt-BR\",\"@id\":\"https:\/\/radiolifefm.com.br\/noticias\/#\/schema\/logo\/image\/\",\"url\":\"https:\/\/static.radiolifefm.com.br\/noticias\/wp-content\/uploads\/2019\/10\/logo-lifefm.png\",\"contentUrl\":\"https:\/\/static.radiolifefm.com.br\/noticias\/wp-content\/uploads\/2019\/10\/logo-lifefm.png\",\"width\":196,\"height\":47,\"caption\":\"R\u00e1dio Life FM\"},\"image\":{\"@id\":\"https:\/\/radiolifefm.com.br\/noticias\/#\/schema\/logo\/image\/\"},\"sameAs\":[\"https:\/\/www.facebook.com\/radiolifefm\/\",\"https:\/\/www.instagram.com\/life1079fm\/\"]},{\"@type\":\"Person\",\"@id\":\"https:\/\/radiolifefm.com.br\/noticias\/#\/schema\/person\/1d4e4b1301322090c6221bf1c8420490\",\"name\":\"lifefm\",\"image\":{\"@type\":\"ImageObject\",\"inLanguage\":\"pt-BR\",\"@id\":\"https:\/\/secure.gravatar.com\/avatar\/eca268467d925ec97d20641bb054fd944c0abb2f92854171620706bbe6474e7c?s=96&d=mm&r=g\",\"url\":\"https:\/\/secure.gravatar.com\/avatar\/eca268467d925ec97d20641bb054fd944c0abb2f92854171620706bbe6474e7c?s=96&d=mm&r=g\",\"contentUrl\":\"https:\/\/secure.gravatar.com\/avatar\/eca268467d925ec97d20641bb054fd944c0abb2f92854171620706bbe6474e7c?s=96&d=mm&r=g\",\"caption\":\"lifefm\"}}]}<\/script>\n<!-- \/ Yoast SEO plugin. -->","yoast_head_json":{"title":"PROV\u00cdNCIA, \u201cFAZENDA MODELO\u201d E P\u00d3SGLOBALIZA\u00c7\u00c3O MIDI\u00c1TICA! - R\u00e1dio Life FM","robots":{"index":"index","follow":"follow","max-snippet":"max-snippet:-1","max-image-preview":"max-image-preview:large","max-video-preview":"max-video-preview:-1"},"canonical":"https:\/\/radiolifefm.com.br\/noticias\/provincia-fazenda-modelo-e-posglobalizacao-midiatica\/","og_locale":"pt_BR","og_type":"article","og_title":"PROV\u00cdNCIA, \u201cFAZENDA MODELO\u201d E P\u00d3SGLOBALIZA\u00c7\u00c3O MIDI\u00c1TICA! - R\u00e1dio Life FM","og_description":"\u201cQuem vai em busca de montes, n\u00e3o se det\u00e9m a recolher as pedras do caminho\u201d. (Jos\u00e9 Marti) S\u00e9rgio Barbosa (*) Sobre os acontecimentos ocorridos em terras provincianas, pode-se usar e abusar de uma ou mais reflex\u00e3o cr\u00edtica sobre tais acontecimentos em n\u00edvel glocal, ou seja, do global para o local, assim, \u00e9 poss\u00edvel tentar fazer [&hellip;]","og_url":"https:\/\/radiolifefm.com.br\/noticias\/provincia-fazenda-modelo-e-posglobalizacao-midiatica\/","og_site_name":"R\u00e1dio Life FM","article_publisher":"https:\/\/www.facebook.com\/radiolifefm\/","article_published_time":"2019-05-15T01:47:31+00:00","article_modified_time":"2026-04-17T12:39:31+00:00","og_image":[{"width":1920,"height":1080,"url":"https:\/\/radiolifefm.com.br\/noticias\/wp-content\/uploads\/2019\/05\/SEBAR.jpg","type":"image\/jpeg"}],"author":"lifefm","twitter_card":"summary_large_image","twitter_misc":{"Escrito por":"lifefm","Est. tempo de leitura":"3 minutos"},"schema":{"@context":"https:\/\/schema.org","@graph":[{"@type":"Article","@id":"https:\/\/radiolifefm.com.br\/noticias\/provincia-fazenda-modelo-e-posglobalizacao-midiatica\/#article","isPartOf":{"@id":"https:\/\/radiolifefm.com.br\/noticias\/provincia-fazenda-modelo-e-posglobalizacao-midiatica\/"},"author":{"name":"lifefm","@id":"https:\/\/radiolifefm.com.br\/noticias\/#\/schema\/person\/1d4e4b1301322090c6221bf1c8420490"},"headline":"PROV\u00cdNCIA, \u201cFAZENDA MODELO\u201d E P\u00d3SGLOBALIZA\u00c7\u00c3O MIDI\u00c1TICA!","datePublished":"2019-05-15T01:47:31+00:00","dateModified":"2026-04-17T12:39:31+00:00","mainEntityOfPage":{"@id":"https:\/\/radiolifefm.com.br\/noticias\/provincia-fazenda-modelo-e-posglobalizacao-midiatica\/"},"wordCount":581,"publisher":{"@id":"https:\/\/radiolifefm.com.br\/noticias\/#organization"},"image":{"@id":"https:\/\/radiolifefm.com.br\/noticias\/provincia-fazenda-modelo-e-posglobalizacao-midiatica\/#primaryimage"},"thumbnailUrl":"https:\/\/radiolifefm.com.br\/noticias\/wp-content\/uploads\/2019\/05\/SEBAR.jpg","articleSection":["Opini\u00e3o"],"inLanguage":"pt-BR"},{"@type":"WebPage","@id":"https:\/\/radiolifefm.com.br\/noticias\/provincia-fazenda-modelo-e-posglobalizacao-midiatica\/","url":"https:\/\/radiolifefm.com.br\/noticias\/provincia-fazenda-modelo-e-posglobalizacao-midiatica\/","name":"PROV\u00cdNCIA, \u201cFAZENDA MODELO\u201d E P\u00d3SGLOBALIZA\u00c7\u00c3O MIDI\u00c1TICA! - R\u00e1dio Life FM","isPartOf":{"@id":"https:\/\/radiolifefm.com.br\/noticias\/#website"},"primaryImageOfPage":{"@id":"https:\/\/radiolifefm.com.br\/noticias\/provincia-fazenda-modelo-e-posglobalizacao-midiatica\/#primaryimage"},"image":{"@id":"https:\/\/radiolifefm.com.br\/noticias\/provincia-fazenda-modelo-e-posglobalizacao-midiatica\/#primaryimage"},"thumbnailUrl":"https:\/\/radiolifefm.com.br\/noticias\/wp-content\/uploads\/2019\/05\/SEBAR.jpg","datePublished":"2019-05-15T01:47:31+00:00","dateModified":"2026-04-17T12:39:31+00:00","breadcrumb":{"@id":"https:\/\/radiolifefm.com.br\/noticias\/provincia-fazenda-modelo-e-posglobalizacao-midiatica\/#breadcrumb"},"inLanguage":"pt-BR","potentialAction":[{"@type":"ReadAction","target":["https:\/\/radiolifefm.com.br\/noticias\/provincia-fazenda-modelo-e-posglobalizacao-midiatica\/"]}]},{"@type":"ImageObject","inLanguage":"pt-BR","@id":"https:\/\/radiolifefm.com.br\/noticias\/provincia-fazenda-modelo-e-posglobalizacao-midiatica\/#primaryimage","url":"https:\/\/radiolifefm.com.br\/noticias\/wp-content\/uploads\/2019\/05\/SEBAR.jpg","contentUrl":"https:\/\/radiolifefm.com.br\/noticias\/wp-content\/uploads\/2019\/05\/SEBAR.jpg","width":1920,"height":1080},{"@type":"BreadcrumbList","@id":"https:\/\/radiolifefm.com.br\/noticias\/provincia-fazenda-modelo-e-posglobalizacao-midiatica\/#breadcrumb","itemListElement":[{"@type":"ListItem","position":1,"name":"In\u00edcio","item":"https:\/\/radiolifefm.com.br\/noticias\/"},{"@type":"ListItem","position":2,"name":"PROV\u00cdNCIA, \u201cFAZENDA MODELO\u201d E P\u00d3SGLOBALIZA\u00c7\u00c3O MIDI\u00c1TICA!"}]},{"@type":"WebSite","@id":"https:\/\/radiolifefm.com.br\/noticias\/#website","url":"https:\/\/radiolifefm.com.br\/noticias\/","name":"R\u00e1dio Life FM","description":"O Portal de Not\u00edcias de Adamantina","publisher":{"@id":"https:\/\/radiolifefm.com.br\/noticias\/#organization"},"alternateName":"Life FM","potentialAction":[{"@type":"SearchAction","target":{"@type":"EntryPoint","urlTemplate":"https:\/\/radiolifefm.com.br\/noticias\/?s={search_term_string}"},"query-input":{"@type":"PropertyValueSpecification","valueRequired":true,"valueName":"search_term_string"}}],"inLanguage":"pt-BR"},{"@type":"Organization","@id":"https:\/\/radiolifefm.com.br\/noticias\/#organization","name":"R\u00e1dio Life FM","alternateName":"Life FM","url":"https:\/\/radiolifefm.com.br\/noticias\/","logo":{"@type":"ImageObject","inLanguage":"pt-BR","@id":"https:\/\/radiolifefm.com.br\/noticias\/#\/schema\/logo\/image\/","url":"https:\/\/static.radiolifefm.com.br\/noticias\/wp-content\/uploads\/2019\/10\/logo-lifefm.png","contentUrl":"https:\/\/static.radiolifefm.com.br\/noticias\/wp-content\/uploads\/2019\/10\/logo-lifefm.png","width":196,"height":47,"caption":"R\u00e1dio Life FM"},"image":{"@id":"https:\/\/radiolifefm.com.br\/noticias\/#\/schema\/logo\/image\/"},"sameAs":["https:\/\/www.facebook.com\/radiolifefm\/","https:\/\/www.instagram.com\/life1079fm\/"]},{"@type":"Person","@id":"https:\/\/radiolifefm.com.br\/noticias\/#\/schema\/person\/1d4e4b1301322090c6221bf1c8420490","name":"lifefm","image":{"@type":"ImageObject","inLanguage":"pt-BR","@id":"https:\/\/secure.gravatar.com\/avatar\/eca268467d925ec97d20641bb054fd944c0abb2f92854171620706bbe6474e7c?s=96&d=mm&r=g","url":"https:\/\/secure.gravatar.com\/avatar\/eca268467d925ec97d20641bb054fd944c0abb2f92854171620706bbe6474e7c?s=96&d=mm&r=g","contentUrl":"https:\/\/secure.gravatar.com\/avatar\/eca268467d925ec97d20641bb054fd944c0abb2f92854171620706bbe6474e7c?s=96&d=mm&r=g","caption":"lifefm"}}]}},"amp_enabled":true,"_links":{"self":[{"href":"https:\/\/radiolifefm.com.br\/noticias\/wp-json\/wp\/v2\/posts\/13090","targetHints":{"allow":["GET"]}}],"collection":[{"href":"https:\/\/radiolifefm.com.br\/noticias\/wp-json\/wp\/v2\/posts"}],"about":[{"href":"https:\/\/radiolifefm.com.br\/noticias\/wp-json\/wp\/v2\/types\/post"}],"author":[{"embeddable":true,"href":"https:\/\/radiolifefm.com.br\/noticias\/wp-json\/wp\/v2\/users\/3"}],"replies":[{"embeddable":true,"href":"https:\/\/radiolifefm.com.br\/noticias\/wp-json\/wp\/v2\/comments?post=13090"}],"version-history":[{"count":1,"href":"https:\/\/radiolifefm.com.br\/noticias\/wp-json\/wp\/v2\/posts\/13090\/revisions"}],"predecessor-version":[{"id":13095,"href":"https:\/\/radiolifefm.com.br\/noticias\/wp-json\/wp\/v2\/posts\/13090\/revisions\/13095"}],"wp:featuredmedia":[{"embeddable":true,"href":"https:\/\/radiolifefm.com.br\/noticias\/wp-json\/wp\/v2\/media\/13091"}],"wp:attachment":[{"href":"https:\/\/radiolifefm.com.br\/noticias\/wp-json\/wp\/v2\/media?parent=13090"}],"wp:term":[{"taxonomy":"category","embeddable":true,"href":"https:\/\/radiolifefm.com.br\/noticias\/wp-json\/wp\/v2\/categories?post=13090"},{"taxonomy":"post_tag","embeddable":true,"href":"https:\/\/radiolifefm.com.br\/noticias\/wp-json\/wp\/v2\/tags?post=13090"}],"curies":[{"name":"wp","href":"https:\/\/api.w.org\/{rel}","templated":true}]}}