{"id":13064,"date":"2019-05-13T19:04:38","date_gmt":"2019-05-13T22:04:38","guid":{"rendered":"https:\/\/radiolifefm.com.br\/noticias\/?p=13064"},"modified":"2026-04-19T16:47:59","modified_gmt":"2026-04-19T19:47:59","slug":"policiais-militares-sofrem-agressoes-e-ofensas-durante-atendimento-de-ocorrencia-de-desentendimento","status":"publish","type":"post","link":"https:\/\/radiolifefm.com.br\/noticias\/policiais-militares-sofrem-agressoes-e-ofensas-durante-atendimento-de-ocorrencia-de-desentendimento\/","title":{"rendered":"Policiais Militares sofrem agress\u00f5es e ofensas durante atendimento de ocorr\u00eancia de desentendimento"},"content":{"rendered":"<div id=\"fb-root\"><\/div>\n<p><em>Ocorr\u00eancia \u00e9 de uma briga generalizada entre sogra, nora e o am\u00e1sio<\/em><\/p>\n<p>Dois policiais militares sofreram ferimentos quando atendiam uma ocorr\u00eancia de desintelig\u00eancia familiar, na tarde deste domingo (12), em Fl\u00f3rida Paulista.<\/p>\n<p>Segundo informa\u00e7\u00f5es da Pol\u00edcia Militar, a guarni\u00e7\u00e3o foi acionada via COPOM \u2013 (Centro de Opera\u00e7\u00f5es da Pol\u00edcia Militar) e os policiais compareceram ao local da ocorr\u00eancia, onde a autora estava totalmente alterada e quebrando os pertences da resid\u00eancia de uma familiar.<br \/>\nNo momento da chegada da equipe no local, sogra e nora estavam em vias de fato.<\/p>\n<p>Ap\u00f3s serem contidas e separadas pelos policiais, a nora investiu contra a soldado feminina que atendia a ocorr\u00eancia, a ofendeu com v\u00e1rias palavras de baixo cal\u00e3o, ofendendo assim a integridade moral da mesma. De imediato, a autora recebeu voz de pris\u00e3o, resistiu e passou a ofender os militares.<\/p>\n<p>Ainda segundo a Pol\u00edcia, durante o translado da autora para a Delegacia de Pol\u00edcia, a mesma atacou novamente o policial com uma mordida no bra\u00e7o direito e arranhou a face do mesmo, causando-lhe les\u00f5es nos olhos, queixo e face.<\/p>\n<p>As partes envolvidas passaram pelo m\u00e9dico plantonista da Santa Casa, Dr. Raul Paschoaletto, que atestou les\u00f5es na sogra, que foram causadas pela nora, nos policiais e no am\u00e1sio, tamb\u00e9m ocasionadas pela autora.<\/p>\n<p>Tamb\u00e9m foram constatadas les\u00f5es na autora, que, segundo os policiais militares, s\u00e3o provenientes da briga entre ela e a sogra.<br \/>\nFoi lavrado o boletim de ocorr\u00eancia de les\u00e3o corporal, desacato, resist\u00eancia e danos morais.<\/p>\n<p>Em seguida, a autora foi liberada pela Pol\u00edcia Civil, que instaurou inqu\u00e9rito para apurar os fatos.<\/p>\n<p>Fonte: Folha Regional<\/p>\n<p>Reda\u00e7\u00e3o &#8211; Kako de Oliveira<\/p>\n","protected":false},"excerpt":{"rendered":"<p>Ocorr\u00eancia \u00e9 de uma briga generalizada entre sogra, nora e o am\u00e1sio Dois policiais militares sofreram ferimentos quando atendiam uma ocorr\u00eancia de desintelig\u00eancia familiar, na tarde deste domingo (12), em Fl\u00f3rida Paulista. Segundo informa\u00e7\u00f5es da Pol\u00edcia Militar, a guarni\u00e7\u00e3o foi acionada via COPOM \u2013 (Centro de Opera\u00e7\u00f5es da Pol\u00edcia Militar) e os policiais compareceram ao [&hellip;]<\/p>\n","protected":false},"author":3,"featured_media":13051,"comment_status":"closed","ping_status":"open","sticky":false,"template":"","format":"standard","meta":{"_acf_changed":false,"_exactmetrics_skip_tracking":false,"_exactmetrics_sitenote_active":false,"_exactmetrics_sitenote_note":"","_exactmetrics_sitenote_category":0,"footnotes":""},"categories":[24],"tags":[],"class_list":["post-13064","post","type-post","status-publish","format-standard","has-post-thumbnail","hentry","category-regiao"],"acf":[],"yoast_head":"<!-- This site is optimized with the Yoast SEO plugin v27.2 - https:\/\/yoast.com\/product\/yoast-seo-wordpress\/ -->\n<title>Policiais Militares sofrem agress\u00f5es e ofensas durante atendimento de ocorr\u00eancia de desentendimento - R\u00e1dio Life FM<\/title>\n<meta name=\"robots\" content=\"index, follow, max-snippet:-1, max-image-preview:large, max-video-preview:-1\" \/>\n<link rel=\"canonical\" href=\"https:\/\/radiolifefm.com.br\/noticias\/policiais-militares-sofrem-agressoes-e-ofensas-durante-atendimento-de-ocorrencia-de-desentendimento\/\" \/>\n<meta property=\"og:locale\" content=\"pt_BR\" \/>\n<meta property=\"og:type\" content=\"article\" \/>\n<meta property=\"og:title\" content=\"Policiais Militares sofrem agress\u00f5es e ofensas durante atendimento de ocorr\u00eancia de desentendimento - R\u00e1dio Life FM\" \/>\n<meta property=\"og:description\" content=\"Ocorr\u00eancia \u00e9 de uma briga generalizada entre sogra, nora e o am\u00e1sio Dois policiais militares sofreram ferimentos quando atendiam uma ocorr\u00eancia de desintelig\u00eancia familiar, na tarde deste domingo (12), em Fl\u00f3rida Paulista. Segundo informa\u00e7\u00f5es da Pol\u00edcia Militar, a guarni\u00e7\u00e3o foi acionada via COPOM \u2013 (Centro de Opera\u00e7\u00f5es da Pol\u00edcia Militar) e os policiais compareceram ao [&hellip;]\" \/>\n<meta property=\"og:url\" content=\"https:\/\/radiolifefm.com.br\/noticias\/policiais-militares-sofrem-agressoes-e-ofensas-durante-atendimento-de-ocorrencia-de-desentendimento\/\" \/>\n<meta property=\"og:site_name\" content=\"R\u00e1dio Life FM\" \/>\n<meta property=\"article:publisher\" content=\"https:\/\/www.facebook.com\/radiolifefm\/\" \/>\n<meta property=\"article:published_time\" content=\"2019-05-13T22:04:38+00:00\" \/>\n<meta property=\"article:modified_time\" content=\"2026-04-19T19:47:59+00:00\" \/>\n<meta property=\"og:image\" content=\"https:\/\/radiolifefm.com.br\/noticias\/wp-content\/uploads\/2019\/05\/Pol\u00edcia-Militar-Imagem-3.jpg\" \/>\n\t<meta property=\"og:image:width\" content=\"300\" \/>\n\t<meta property=\"og:image:height\" content=\"168\" \/>\n\t<meta property=\"og:image:type\" content=\"image\/jpeg\" \/>\n<meta name=\"author\" content=\"lifefm\" \/>\n<meta name=\"twitter:card\" content=\"summary_large_image\" \/>\n<meta name=\"twitter:label1\" content=\"Escrito por\" \/>\n\t<meta name=\"twitter:data1\" content=\"lifefm\" \/>\n\t<meta name=\"twitter:label2\" content=\"Est. tempo de leitura\" \/>\n\t<meta name=\"twitter:data2\" content=\"1 minuto\" \/>\n<script type=\"application\/ld+json\" class=\"yoast-schema-graph\">{\"@context\":\"https:\/\/schema.org\",\"@graph\":[{\"@type\":\"Article\",\"@id\":\"https:\/\/radiolifefm.com.br\/noticias\/policiais-militares-sofrem-agressoes-e-ofensas-durante-atendimento-de-ocorrencia-de-desentendimento\/#article\",\"isPartOf\":{\"@id\":\"https:\/\/radiolifefm.com.br\/noticias\/policiais-militares-sofrem-agressoes-e-ofensas-durante-atendimento-de-ocorrencia-de-desentendimento\/\"},\"author\":{\"name\":\"lifefm\",\"@id\":\"https:\/\/radiolifefm.com.br\/noticias\/#\/schema\/person\/1d4e4b1301322090c6221bf1c8420490\"},\"headline\":\"Policiais Militares sofrem agress\u00f5es e ofensas durante atendimento de ocorr\u00eancia de desentendimento\",\"datePublished\":\"2019-05-13T22:04:38+00:00\",\"dateModified\":\"2026-04-19T19:47:59+00:00\",\"mainEntityOfPage\":{\"@id\":\"https:\/\/radiolifefm.com.br\/noticias\/policiais-militares-sofrem-agressoes-e-ofensas-durante-atendimento-de-ocorrencia-de-desentendimento\/\"},\"wordCount\":311,\"publisher\":{\"@id\":\"https:\/\/radiolifefm.com.br\/noticias\/#organization\"},\"image\":{\"@id\":\"https:\/\/radiolifefm.com.br\/noticias\/policiais-militares-sofrem-agressoes-e-ofensas-durante-atendimento-de-ocorrencia-de-desentendimento\/#primaryimage\"},\"thumbnailUrl\":\"https:\/\/radiolifefm.com.br\/noticias\/wp-content\/uploads\/2019\/05\/Pol\u00edcia-Militar-Imagem-3.jpg\",\"articleSection\":[\"Regi\u00e3o\"],\"inLanguage\":\"pt-BR\"},{\"@type\":\"WebPage\",\"@id\":\"https:\/\/radiolifefm.com.br\/noticias\/policiais-militares-sofrem-agressoes-e-ofensas-durante-atendimento-de-ocorrencia-de-desentendimento\/\",\"url\":\"https:\/\/radiolifefm.com.br\/noticias\/policiais-militares-sofrem-agressoes-e-ofensas-durante-atendimento-de-ocorrencia-de-desentendimento\/\",\"name\":\"Policiais Militares sofrem agress\u00f5es e ofensas durante atendimento de ocorr\u00eancia de desentendimento - R\u00e1dio Life FM\",\"isPartOf\":{\"@id\":\"https:\/\/radiolifefm.com.br\/noticias\/#website\"},\"primaryImageOfPage\":{\"@id\":\"https:\/\/radiolifefm.com.br\/noticias\/policiais-militares-sofrem-agressoes-e-ofensas-durante-atendimento-de-ocorrencia-de-desentendimento\/#primaryimage\"},\"image\":{\"@id\":\"https:\/\/radiolifefm.com.br\/noticias\/policiais-militares-sofrem-agressoes-e-ofensas-durante-atendimento-de-ocorrencia-de-desentendimento\/#primaryimage\"},\"thumbnailUrl\":\"https:\/\/radiolifefm.com.br\/noticias\/wp-content\/uploads\/2019\/05\/Pol\u00edcia-Militar-Imagem-3.jpg\",\"datePublished\":\"2019-05-13T22:04:38+00:00\",\"dateModified\":\"2026-04-19T19:47:59+00:00\",\"breadcrumb\":{\"@id\":\"https:\/\/radiolifefm.com.br\/noticias\/policiais-militares-sofrem-agressoes-e-ofensas-durante-atendimento-de-ocorrencia-de-desentendimento\/#breadcrumb\"},\"inLanguage\":\"pt-BR\",\"potentialAction\":[{\"@type\":\"ReadAction\",\"target\":[\"https:\/\/radiolifefm.com.br\/noticias\/policiais-militares-sofrem-agressoes-e-ofensas-durante-atendimento-de-ocorrencia-de-desentendimento\/\"]}]},{\"@type\":\"ImageObject\",\"inLanguage\":\"pt-BR\",\"@id\":\"https:\/\/radiolifefm.com.br\/noticias\/policiais-militares-sofrem-agressoes-e-ofensas-durante-atendimento-de-ocorrencia-de-desentendimento\/#primaryimage\",\"url\":\"https:\/\/radiolifefm.com.br\/noticias\/wp-content\/uploads\/2019\/05\/Pol\u00edcia-Militar-Imagem-3.jpg\",\"contentUrl\":\"https:\/\/radiolifefm.com.br\/noticias\/wp-content\/uploads\/2019\/05\/Pol\u00edcia-Militar-Imagem-3.jpg\",\"width\":300,\"height\":168},{\"@type\":\"BreadcrumbList\",\"@id\":\"https:\/\/radiolifefm.com.br\/noticias\/policiais-militares-sofrem-agressoes-e-ofensas-durante-atendimento-de-ocorrencia-de-desentendimento\/#breadcrumb\",\"itemListElement\":[{\"@type\":\"ListItem\",\"position\":1,\"name\":\"In\u00edcio\",\"item\":\"https:\/\/radiolifefm.com.br\/noticias\/\"},{\"@type\":\"ListItem\",\"position\":2,\"name\":\"Policiais Militares sofrem agress\u00f5es e ofensas durante atendimento de ocorr\u00eancia de desentendimento\"}]},{\"@type\":\"WebSite\",\"@id\":\"https:\/\/radiolifefm.com.br\/noticias\/#website\",\"url\":\"https:\/\/radiolifefm.com.br\/noticias\/\",\"name\":\"R\u00e1dio Life FM\",\"description\":\"O Portal de Not\u00edcias de Adamantina\",\"publisher\":{\"@id\":\"https:\/\/radiolifefm.com.br\/noticias\/#organization\"},\"alternateName\":\"Life FM\",\"potentialAction\":[{\"@type\":\"SearchAction\",\"target\":{\"@type\":\"EntryPoint\",\"urlTemplate\":\"https:\/\/radiolifefm.com.br\/noticias\/?s={search_term_string}\"},\"query-input\":{\"@type\":\"PropertyValueSpecification\",\"valueRequired\":true,\"valueName\":\"search_term_string\"}}],\"inLanguage\":\"pt-BR\"},{\"@type\":\"Organization\",\"@id\":\"https:\/\/radiolifefm.com.br\/noticias\/#organization\",\"name\":\"R\u00e1dio Life FM\",\"alternateName\":\"Life FM\",\"url\":\"https:\/\/radiolifefm.com.br\/noticias\/\",\"logo\":{\"@type\":\"ImageObject\",\"inLanguage\":\"pt-BR\",\"@id\":\"https:\/\/radiolifefm.com.br\/noticias\/#\/schema\/logo\/image\/\",\"url\":\"https:\/\/static.radiolifefm.com.br\/noticias\/wp-content\/uploads\/2019\/10\/logo-lifefm.png\",\"contentUrl\":\"https:\/\/static.radiolifefm.com.br\/noticias\/wp-content\/uploads\/2019\/10\/logo-lifefm.png\",\"width\":196,\"height\":47,\"caption\":\"R\u00e1dio Life FM\"},\"image\":{\"@id\":\"https:\/\/radiolifefm.com.br\/noticias\/#\/schema\/logo\/image\/\"},\"sameAs\":[\"https:\/\/www.facebook.com\/radiolifefm\/\",\"https:\/\/www.instagram.com\/life1079fm\/\"]},{\"@type\":\"Person\",\"@id\":\"https:\/\/radiolifefm.com.br\/noticias\/#\/schema\/person\/1d4e4b1301322090c6221bf1c8420490\",\"name\":\"lifefm\",\"image\":{\"@type\":\"ImageObject\",\"inLanguage\":\"pt-BR\",\"@id\":\"https:\/\/secure.gravatar.com\/avatar\/eca268467d925ec97d20641bb054fd944c0abb2f92854171620706bbe6474e7c?s=96&d=mm&r=g\",\"url\":\"https:\/\/secure.gravatar.com\/avatar\/eca268467d925ec97d20641bb054fd944c0abb2f92854171620706bbe6474e7c?s=96&d=mm&r=g\",\"contentUrl\":\"https:\/\/secure.gravatar.com\/avatar\/eca268467d925ec97d20641bb054fd944c0abb2f92854171620706bbe6474e7c?s=96&d=mm&r=g\",\"caption\":\"lifefm\"}}]}<\/script>\n<!-- \/ Yoast SEO plugin. -->","yoast_head_json":{"title":"Policiais Militares sofrem agress\u00f5es e ofensas durante atendimento de ocorr\u00eancia de desentendimento - R\u00e1dio Life FM","robots":{"index":"index","follow":"follow","max-snippet":"max-snippet:-1","max-image-preview":"max-image-preview:large","max-video-preview":"max-video-preview:-1"},"canonical":"https:\/\/radiolifefm.com.br\/noticias\/policiais-militares-sofrem-agressoes-e-ofensas-durante-atendimento-de-ocorrencia-de-desentendimento\/","og_locale":"pt_BR","og_type":"article","og_title":"Policiais Militares sofrem agress\u00f5es e ofensas durante atendimento de ocorr\u00eancia de desentendimento - R\u00e1dio Life FM","og_description":"Ocorr\u00eancia \u00e9 de uma briga generalizada entre sogra, nora e o am\u00e1sio Dois policiais militares sofreram ferimentos quando atendiam uma ocorr\u00eancia de desintelig\u00eancia familiar, na tarde deste domingo (12), em Fl\u00f3rida Paulista. Segundo informa\u00e7\u00f5es da Pol\u00edcia Militar, a guarni\u00e7\u00e3o foi acionada via COPOM \u2013 (Centro de Opera\u00e7\u00f5es da Pol\u00edcia Militar) e os policiais compareceram ao [&hellip;]","og_url":"https:\/\/radiolifefm.com.br\/noticias\/policiais-militares-sofrem-agressoes-e-ofensas-durante-atendimento-de-ocorrencia-de-desentendimento\/","og_site_name":"R\u00e1dio Life FM","article_publisher":"https:\/\/www.facebook.com\/radiolifefm\/","article_published_time":"2019-05-13T22:04:38+00:00","article_modified_time":"2026-04-19T19:47:59+00:00","og_image":[{"width":300,"height":168,"url":"https:\/\/radiolifefm.com.br\/noticias\/wp-content\/uploads\/2019\/05\/Pol\u00edcia-Militar-Imagem-3.jpg","type":"image\/jpeg"}],"author":"lifefm","twitter_card":"summary_large_image","twitter_misc":{"Escrito por":"lifefm","Est. tempo de leitura":"1 minuto"},"schema":{"@context":"https:\/\/schema.org","@graph":[{"@type":"Article","@id":"https:\/\/radiolifefm.com.br\/noticias\/policiais-militares-sofrem-agressoes-e-ofensas-durante-atendimento-de-ocorrencia-de-desentendimento\/#article","isPartOf":{"@id":"https:\/\/radiolifefm.com.br\/noticias\/policiais-militares-sofrem-agressoes-e-ofensas-durante-atendimento-de-ocorrencia-de-desentendimento\/"},"author":{"name":"lifefm","@id":"https:\/\/radiolifefm.com.br\/noticias\/#\/schema\/person\/1d4e4b1301322090c6221bf1c8420490"},"headline":"Policiais Militares sofrem agress\u00f5es e ofensas durante atendimento de ocorr\u00eancia de desentendimento","datePublished":"2019-05-13T22:04:38+00:00","dateModified":"2026-04-19T19:47:59+00:00","mainEntityOfPage":{"@id":"https:\/\/radiolifefm.com.br\/noticias\/policiais-militares-sofrem-agressoes-e-ofensas-durante-atendimento-de-ocorrencia-de-desentendimento\/"},"wordCount":311,"publisher":{"@id":"https:\/\/radiolifefm.com.br\/noticias\/#organization"},"image":{"@id":"https:\/\/radiolifefm.com.br\/noticias\/policiais-militares-sofrem-agressoes-e-ofensas-durante-atendimento-de-ocorrencia-de-desentendimento\/#primaryimage"},"thumbnailUrl":"https:\/\/radiolifefm.com.br\/noticias\/wp-content\/uploads\/2019\/05\/Pol\u00edcia-Militar-Imagem-3.jpg","articleSection":["Regi\u00e3o"],"inLanguage":"pt-BR"},{"@type":"WebPage","@id":"https:\/\/radiolifefm.com.br\/noticias\/policiais-militares-sofrem-agressoes-e-ofensas-durante-atendimento-de-ocorrencia-de-desentendimento\/","url":"https:\/\/radiolifefm.com.br\/noticias\/policiais-militares-sofrem-agressoes-e-ofensas-durante-atendimento-de-ocorrencia-de-desentendimento\/","name":"Policiais Militares sofrem agress\u00f5es e ofensas durante atendimento de ocorr\u00eancia de desentendimento - R\u00e1dio Life FM","isPartOf":{"@id":"https:\/\/radiolifefm.com.br\/noticias\/#website"},"primaryImageOfPage":{"@id":"https:\/\/radiolifefm.com.br\/noticias\/policiais-militares-sofrem-agressoes-e-ofensas-durante-atendimento-de-ocorrencia-de-desentendimento\/#primaryimage"},"image":{"@id":"https:\/\/radiolifefm.com.br\/noticias\/policiais-militares-sofrem-agressoes-e-ofensas-durante-atendimento-de-ocorrencia-de-desentendimento\/#primaryimage"},"thumbnailUrl":"https:\/\/radiolifefm.com.br\/noticias\/wp-content\/uploads\/2019\/05\/Pol\u00edcia-Militar-Imagem-3.jpg","datePublished":"2019-05-13T22:04:38+00:00","dateModified":"2026-04-19T19:47:59+00:00","breadcrumb":{"@id":"https:\/\/radiolifefm.com.br\/noticias\/policiais-militares-sofrem-agressoes-e-ofensas-durante-atendimento-de-ocorrencia-de-desentendimento\/#breadcrumb"},"inLanguage":"pt-BR","potentialAction":[{"@type":"ReadAction","target":["https:\/\/radiolifefm.com.br\/noticias\/policiais-militares-sofrem-agressoes-e-ofensas-durante-atendimento-de-ocorrencia-de-desentendimento\/"]}]},{"@type":"ImageObject","inLanguage":"pt-BR","@id":"https:\/\/radiolifefm.com.br\/noticias\/policiais-militares-sofrem-agressoes-e-ofensas-durante-atendimento-de-ocorrencia-de-desentendimento\/#primaryimage","url":"https:\/\/radiolifefm.com.br\/noticias\/wp-content\/uploads\/2019\/05\/Pol\u00edcia-Militar-Imagem-3.jpg","contentUrl":"https:\/\/radiolifefm.com.br\/noticias\/wp-content\/uploads\/2019\/05\/Pol\u00edcia-Militar-Imagem-3.jpg","width":300,"height":168},{"@type":"BreadcrumbList","@id":"https:\/\/radiolifefm.com.br\/noticias\/policiais-militares-sofrem-agressoes-e-ofensas-durante-atendimento-de-ocorrencia-de-desentendimento\/#breadcrumb","itemListElement":[{"@type":"ListItem","position":1,"name":"In\u00edcio","item":"https:\/\/radiolifefm.com.br\/noticias\/"},{"@type":"ListItem","position":2,"name":"Policiais Militares sofrem agress\u00f5es e ofensas durante atendimento de ocorr\u00eancia de desentendimento"}]},{"@type":"WebSite","@id":"https:\/\/radiolifefm.com.br\/noticias\/#website","url":"https:\/\/radiolifefm.com.br\/noticias\/","name":"R\u00e1dio Life FM","description":"O Portal de Not\u00edcias de Adamantina","publisher":{"@id":"https:\/\/radiolifefm.com.br\/noticias\/#organization"},"alternateName":"Life FM","potentialAction":[{"@type":"SearchAction","target":{"@type":"EntryPoint","urlTemplate":"https:\/\/radiolifefm.com.br\/noticias\/?s={search_term_string}"},"query-input":{"@type":"PropertyValueSpecification","valueRequired":true,"valueName":"search_term_string"}}],"inLanguage":"pt-BR"},{"@type":"Organization","@id":"https:\/\/radiolifefm.com.br\/noticias\/#organization","name":"R\u00e1dio Life FM","alternateName":"Life FM","url":"https:\/\/radiolifefm.com.br\/noticias\/","logo":{"@type":"ImageObject","inLanguage":"pt-BR","@id":"https:\/\/radiolifefm.com.br\/noticias\/#\/schema\/logo\/image\/","url":"https:\/\/static.radiolifefm.com.br\/noticias\/wp-content\/uploads\/2019\/10\/logo-lifefm.png","contentUrl":"https:\/\/static.radiolifefm.com.br\/noticias\/wp-content\/uploads\/2019\/10\/logo-lifefm.png","width":196,"height":47,"caption":"R\u00e1dio Life FM"},"image":{"@id":"https:\/\/radiolifefm.com.br\/noticias\/#\/schema\/logo\/image\/"},"sameAs":["https:\/\/www.facebook.com\/radiolifefm\/","https:\/\/www.instagram.com\/life1079fm\/"]},{"@type":"Person","@id":"https:\/\/radiolifefm.com.br\/noticias\/#\/schema\/person\/1d4e4b1301322090c6221bf1c8420490","name":"lifefm","image":{"@type":"ImageObject","inLanguage":"pt-BR","@id":"https:\/\/secure.gravatar.com\/avatar\/eca268467d925ec97d20641bb054fd944c0abb2f92854171620706bbe6474e7c?s=96&d=mm&r=g","url":"https:\/\/secure.gravatar.com\/avatar\/eca268467d925ec97d20641bb054fd944c0abb2f92854171620706bbe6474e7c?s=96&d=mm&r=g","contentUrl":"https:\/\/secure.gravatar.com\/avatar\/eca268467d925ec97d20641bb054fd944c0abb2f92854171620706bbe6474e7c?s=96&d=mm&r=g","caption":"lifefm"}}]}},"amp_enabled":true,"_links":{"self":[{"href":"https:\/\/radiolifefm.com.br\/noticias\/wp-json\/wp\/v2\/posts\/13064","targetHints":{"allow":["GET"]}}],"collection":[{"href":"https:\/\/radiolifefm.com.br\/noticias\/wp-json\/wp\/v2\/posts"}],"about":[{"href":"https:\/\/radiolifefm.com.br\/noticias\/wp-json\/wp\/v2\/types\/post"}],"author":[{"embeddable":true,"href":"https:\/\/radiolifefm.com.br\/noticias\/wp-json\/wp\/v2\/users\/3"}],"replies":[{"embeddable":true,"href":"https:\/\/radiolifefm.com.br\/noticias\/wp-json\/wp\/v2\/comments?post=13064"}],"version-history":[{"count":1,"href":"https:\/\/radiolifefm.com.br\/noticias\/wp-json\/wp\/v2\/posts\/13064\/revisions"}],"predecessor-version":[{"id":13065,"href":"https:\/\/radiolifefm.com.br\/noticias\/wp-json\/wp\/v2\/posts\/13064\/revisions\/13065"}],"wp:featuredmedia":[{"embeddable":true,"href":"https:\/\/radiolifefm.com.br\/noticias\/wp-json\/wp\/v2\/media\/13051"}],"wp:attachment":[{"href":"https:\/\/radiolifefm.com.br\/noticias\/wp-json\/wp\/v2\/media?parent=13064"}],"wp:term":[{"taxonomy":"category","embeddable":true,"href":"https:\/\/radiolifefm.com.br\/noticias\/wp-json\/wp\/v2\/categories?post=13064"},{"taxonomy":"post_tag","embeddable":true,"href":"https:\/\/radiolifefm.com.br\/noticias\/wp-json\/wp\/v2\/tags?post=13064"}],"curies":[{"name":"wp","href":"https:\/\/api.w.org\/{rel}","templated":true}]}}