{"id":13053,"date":"2019-05-13T18:30:29","date_gmt":"2019-05-13T21:30:29","guid":{"rendered":"https:\/\/radiolifefm.com.br\/noticias\/?p=13053"},"modified":"2026-04-09T05:01:37","modified_gmt":"2026-04-09T08:01:37","slug":"policia-militar-de-oc-apreende-adolescente-conduzindo-veiculo-embriagado-pela-via","status":"publish","type":"post","link":"https:\/\/radiolifefm.com.br\/noticias\/policia-militar-de-oc-apreende-adolescente-conduzindo-veiculo-embriagado-pela-via\/","title":{"rendered":"Pol\u00edcia Militar de OC apreende adolescente conduzindo ve\u00edculo embriagado pela via"},"content":{"rendered":"<div id=\"fb-root\"><\/div>\n<p><em>Foi registrada ocorr\u00eancia de embriaguez ao volante<\/em><\/p>\n<p>Neste domingo (12), por volta das 13h45min, durante patrulhamento, a Pol\u00edcia Militar avistou um ve\u00edculo Golf, transitando em zigue zague pela via, na Vila Calif\u00f3rnia, em Osvaldo Cruz.<\/p>\n<p>O ve\u00edculo transitava em primeira marcha, for\u00e7ando o motor, motivando a abordagem, na qual se constatou que o condutor era um adolescente, M.P.F., 17 anos, que, al\u00e9m de ser menor de idade, estava sob o efeito de \u00e1lcool.<\/p>\n<p>Diante dos fatos, o menor foi convidado a realizar o teste do etil\u00f4metro, sendo recusado, mas, o mesmo apresentava olhos vermelhos, odor de \u00e1lcool no h\u00e1lito, dificuldades no equil\u00edbrio e fala alterada.<\/p>\n<p>O adolescente, ap\u00f3s ser ouvido, foi liberado.<\/p>\n<p>Informa\u00e7\u00f5es &#8211; Pol\u00edcia Militar<\/p>\n<p>Reda\u00e7\u00e3o &#8211; Kako de Oliveira<\/p>\n","protected":false},"excerpt":{"rendered":"<p>Foi registrada ocorr\u00eancia de embriaguez ao volante Neste domingo (12), por volta das 13h45min, durante patrulhamento, a Pol\u00edcia Militar avistou um ve\u00edculo Golf, transitando em zigue zague pela via, na Vila Calif\u00f3rnia, em Osvaldo Cruz. O ve\u00edculo transitava em primeira marcha, for\u00e7ando o motor, motivando a abordagem, na qual se constatou que o condutor era [&hellip;]<\/p>\n","protected":false},"author":3,"featured_media":13054,"comment_status":"closed","ping_status":"open","sticky":false,"template":"","format":"standard","meta":{"_acf_changed":false,"_exactmetrics_skip_tracking":false,"_exactmetrics_sitenote_active":false,"_exactmetrics_sitenote_note":"","_exactmetrics_sitenote_category":0,"footnotes":""},"categories":[24],"tags":[],"class_list":["post-13053","post","type-post","status-publish","format-standard","has-post-thumbnail","hentry","category-regiao"],"acf":[],"yoast_head":"<!-- This site is optimized with the Yoast SEO plugin v27.2 - https:\/\/yoast.com\/product\/yoast-seo-wordpress\/ -->\n<title>Pol\u00edcia Militar de OC apreende adolescente conduzindo ve\u00edculo embriagado pela via - R\u00e1dio Life FM<\/title>\n<meta name=\"robots\" content=\"index, follow, max-snippet:-1, max-image-preview:large, max-video-preview:-1\" \/>\n<link rel=\"canonical\" href=\"https:\/\/radiolifefm.com.br\/noticias\/policia-militar-de-oc-apreende-adolescente-conduzindo-veiculo-embriagado-pela-via\/\" \/>\n<meta property=\"og:locale\" content=\"pt_BR\" \/>\n<meta property=\"og:type\" content=\"article\" \/>\n<meta property=\"og:title\" content=\"Pol\u00edcia Militar de OC apreende adolescente conduzindo ve\u00edculo embriagado pela via - R\u00e1dio Life FM\" \/>\n<meta property=\"og:description\" content=\"Foi registrada ocorr\u00eancia de embriaguez ao volante Neste domingo (12), por volta das 13h45min, durante patrulhamento, a Pol\u00edcia Militar avistou um ve\u00edculo Golf, transitando em zigue zague pela via, na Vila Calif\u00f3rnia, em Osvaldo Cruz. O ve\u00edculo transitava em primeira marcha, for\u00e7ando o motor, motivando a abordagem, na qual se constatou que o condutor era [&hellip;]\" \/>\n<meta property=\"og:url\" content=\"https:\/\/radiolifefm.com.br\/noticias\/policia-militar-de-oc-apreende-adolescente-conduzindo-veiculo-embriagado-pela-via\/\" \/>\n<meta property=\"og:site_name\" content=\"R\u00e1dio Life FM\" \/>\n<meta property=\"article:publisher\" content=\"https:\/\/www.facebook.com\/radiolifefm\/\" \/>\n<meta property=\"article:published_time\" content=\"2019-05-13T21:30:29+00:00\" \/>\n<meta property=\"article:modified_time\" content=\"2026-04-09T08:01:37+00:00\" \/>\n<meta property=\"og:image\" content=\"https:\/\/radiolifefm.com.br\/noticias\/wp-content\/uploads\/2019\/05\/Baf\u00f4metro.jpg\" \/>\n\t<meta property=\"og:image:width\" content=\"273\" \/>\n\t<meta property=\"og:image:height\" content=\"185\" \/>\n\t<meta property=\"og:image:type\" content=\"image\/jpeg\" \/>\n<meta name=\"author\" content=\"lifefm\" \/>\n<meta name=\"twitter:card\" content=\"summary_large_image\" \/>\n<meta name=\"twitter:label1\" content=\"Escrito por\" \/>\n\t<meta name=\"twitter:data1\" content=\"lifefm\" \/>\n\t<meta name=\"twitter:label2\" content=\"Est. tempo de leitura\" \/>\n\t<meta name=\"twitter:data2\" content=\"1 minuto\" \/>\n<script type=\"application\/ld+json\" class=\"yoast-schema-graph\">{\"@context\":\"https:\/\/schema.org\",\"@graph\":[{\"@type\":\"Article\",\"@id\":\"https:\/\/radiolifefm.com.br\/noticias\/policia-militar-de-oc-apreende-adolescente-conduzindo-veiculo-embriagado-pela-via\/#article\",\"isPartOf\":{\"@id\":\"https:\/\/radiolifefm.com.br\/noticias\/policia-militar-de-oc-apreende-adolescente-conduzindo-veiculo-embriagado-pela-via\/\"},\"author\":{\"name\":\"lifefm\",\"@id\":\"https:\/\/radiolifefm.com.br\/noticias\/#\/schema\/person\/1d4e4b1301322090c6221bf1c8420490\"},\"headline\":\"Pol\u00edcia Militar de OC apreende adolescente conduzindo ve\u00edculo embriagado pela via\",\"datePublished\":\"2019-05-13T21:30:29+00:00\",\"dateModified\":\"2026-04-09T08:01:37+00:00\",\"mainEntityOfPage\":{\"@id\":\"https:\/\/radiolifefm.com.br\/noticias\/policia-militar-de-oc-apreende-adolescente-conduzindo-veiculo-embriagado-pela-via\/\"},\"wordCount\":149,\"publisher\":{\"@id\":\"https:\/\/radiolifefm.com.br\/noticias\/#organization\"},\"image\":{\"@id\":\"https:\/\/radiolifefm.com.br\/noticias\/policia-militar-de-oc-apreende-adolescente-conduzindo-veiculo-embriagado-pela-via\/#primaryimage\"},\"thumbnailUrl\":\"https:\/\/radiolifefm.com.br\/noticias\/wp-content\/uploads\/2019\/05\/Baf\u00f4metro.jpg\",\"articleSection\":[\"Regi\u00e3o\"],\"inLanguage\":\"pt-BR\"},{\"@type\":\"WebPage\",\"@id\":\"https:\/\/radiolifefm.com.br\/noticias\/policia-militar-de-oc-apreende-adolescente-conduzindo-veiculo-embriagado-pela-via\/\",\"url\":\"https:\/\/radiolifefm.com.br\/noticias\/policia-militar-de-oc-apreende-adolescente-conduzindo-veiculo-embriagado-pela-via\/\",\"name\":\"Pol\u00edcia Militar de OC apreende adolescente conduzindo ve\u00edculo embriagado pela via - R\u00e1dio Life FM\",\"isPartOf\":{\"@id\":\"https:\/\/radiolifefm.com.br\/noticias\/#website\"},\"primaryImageOfPage\":{\"@id\":\"https:\/\/radiolifefm.com.br\/noticias\/policia-militar-de-oc-apreende-adolescente-conduzindo-veiculo-embriagado-pela-via\/#primaryimage\"},\"image\":{\"@id\":\"https:\/\/radiolifefm.com.br\/noticias\/policia-militar-de-oc-apreende-adolescente-conduzindo-veiculo-embriagado-pela-via\/#primaryimage\"},\"thumbnailUrl\":\"https:\/\/radiolifefm.com.br\/noticias\/wp-content\/uploads\/2019\/05\/Baf\u00f4metro.jpg\",\"datePublished\":\"2019-05-13T21:30:29+00:00\",\"dateModified\":\"2026-04-09T08:01:37+00:00\",\"breadcrumb\":{\"@id\":\"https:\/\/radiolifefm.com.br\/noticias\/policia-militar-de-oc-apreende-adolescente-conduzindo-veiculo-embriagado-pela-via\/#breadcrumb\"},\"inLanguage\":\"pt-BR\",\"potentialAction\":[{\"@type\":\"ReadAction\",\"target\":[\"https:\/\/radiolifefm.com.br\/noticias\/policia-militar-de-oc-apreende-adolescente-conduzindo-veiculo-embriagado-pela-via\/\"]}]},{\"@type\":\"ImageObject\",\"inLanguage\":\"pt-BR\",\"@id\":\"https:\/\/radiolifefm.com.br\/noticias\/policia-militar-de-oc-apreende-adolescente-conduzindo-veiculo-embriagado-pela-via\/#primaryimage\",\"url\":\"https:\/\/radiolifefm.com.br\/noticias\/wp-content\/uploads\/2019\/05\/Baf\u00f4metro.jpg\",\"contentUrl\":\"https:\/\/radiolifefm.com.br\/noticias\/wp-content\/uploads\/2019\/05\/Baf\u00f4metro.jpg\",\"width\":273,\"height\":185},{\"@type\":\"BreadcrumbList\",\"@id\":\"https:\/\/radiolifefm.com.br\/noticias\/policia-militar-de-oc-apreende-adolescente-conduzindo-veiculo-embriagado-pela-via\/#breadcrumb\",\"itemListElement\":[{\"@type\":\"ListItem\",\"position\":1,\"name\":\"In\u00edcio\",\"item\":\"https:\/\/radiolifefm.com.br\/noticias\/\"},{\"@type\":\"ListItem\",\"position\":2,\"name\":\"Pol\u00edcia Militar de OC apreende adolescente conduzindo ve\u00edculo embriagado pela via\"}]},{\"@type\":\"WebSite\",\"@id\":\"https:\/\/radiolifefm.com.br\/noticias\/#website\",\"url\":\"https:\/\/radiolifefm.com.br\/noticias\/\",\"name\":\"R\u00e1dio Life FM\",\"description\":\"O Portal de Not\u00edcias de Adamantina\",\"publisher\":{\"@id\":\"https:\/\/radiolifefm.com.br\/noticias\/#organization\"},\"alternateName\":\"Life FM\",\"potentialAction\":[{\"@type\":\"SearchAction\",\"target\":{\"@type\":\"EntryPoint\",\"urlTemplate\":\"https:\/\/radiolifefm.com.br\/noticias\/?s={search_term_string}\"},\"query-input\":{\"@type\":\"PropertyValueSpecification\",\"valueRequired\":true,\"valueName\":\"search_term_string\"}}],\"inLanguage\":\"pt-BR\"},{\"@type\":\"Organization\",\"@id\":\"https:\/\/radiolifefm.com.br\/noticias\/#organization\",\"name\":\"R\u00e1dio Life FM\",\"alternateName\":\"Life FM\",\"url\":\"https:\/\/radiolifefm.com.br\/noticias\/\",\"logo\":{\"@type\":\"ImageObject\",\"inLanguage\":\"pt-BR\",\"@id\":\"https:\/\/radiolifefm.com.br\/noticias\/#\/schema\/logo\/image\/\",\"url\":\"https:\/\/static.radiolifefm.com.br\/noticias\/wp-content\/uploads\/2019\/10\/logo-lifefm.png\",\"contentUrl\":\"https:\/\/static.radiolifefm.com.br\/noticias\/wp-content\/uploads\/2019\/10\/logo-lifefm.png\",\"width\":196,\"height\":47,\"caption\":\"R\u00e1dio Life FM\"},\"image\":{\"@id\":\"https:\/\/radiolifefm.com.br\/noticias\/#\/schema\/logo\/image\/\"},\"sameAs\":[\"https:\/\/www.facebook.com\/radiolifefm\/\",\"https:\/\/www.instagram.com\/life1079fm\/\"]},{\"@type\":\"Person\",\"@id\":\"https:\/\/radiolifefm.com.br\/noticias\/#\/schema\/person\/1d4e4b1301322090c6221bf1c8420490\",\"name\":\"lifefm\",\"image\":{\"@type\":\"ImageObject\",\"inLanguage\":\"pt-BR\",\"@id\":\"https:\/\/secure.gravatar.com\/avatar\/eca268467d925ec97d20641bb054fd944c0abb2f92854171620706bbe6474e7c?s=96&d=mm&r=g\",\"url\":\"https:\/\/secure.gravatar.com\/avatar\/eca268467d925ec97d20641bb054fd944c0abb2f92854171620706bbe6474e7c?s=96&d=mm&r=g\",\"contentUrl\":\"https:\/\/secure.gravatar.com\/avatar\/eca268467d925ec97d20641bb054fd944c0abb2f92854171620706bbe6474e7c?s=96&d=mm&r=g\",\"caption\":\"lifefm\"}}]}<\/script>\n<!-- \/ Yoast SEO plugin. -->","yoast_head_json":{"title":"Pol\u00edcia Militar de OC apreende adolescente conduzindo ve\u00edculo embriagado pela via - R\u00e1dio Life FM","robots":{"index":"index","follow":"follow","max-snippet":"max-snippet:-1","max-image-preview":"max-image-preview:large","max-video-preview":"max-video-preview:-1"},"canonical":"https:\/\/radiolifefm.com.br\/noticias\/policia-militar-de-oc-apreende-adolescente-conduzindo-veiculo-embriagado-pela-via\/","og_locale":"pt_BR","og_type":"article","og_title":"Pol\u00edcia Militar de OC apreende adolescente conduzindo ve\u00edculo embriagado pela via - R\u00e1dio Life FM","og_description":"Foi registrada ocorr\u00eancia de embriaguez ao volante Neste domingo (12), por volta das 13h45min, durante patrulhamento, a Pol\u00edcia Militar avistou um ve\u00edculo Golf, transitando em zigue zague pela via, na Vila Calif\u00f3rnia, em Osvaldo Cruz. O ve\u00edculo transitava em primeira marcha, for\u00e7ando o motor, motivando a abordagem, na qual se constatou que o condutor era [&hellip;]","og_url":"https:\/\/radiolifefm.com.br\/noticias\/policia-militar-de-oc-apreende-adolescente-conduzindo-veiculo-embriagado-pela-via\/","og_site_name":"R\u00e1dio Life FM","article_publisher":"https:\/\/www.facebook.com\/radiolifefm\/","article_published_time":"2019-05-13T21:30:29+00:00","article_modified_time":"2026-04-09T08:01:37+00:00","og_image":[{"width":273,"height":185,"url":"https:\/\/radiolifefm.com.br\/noticias\/wp-content\/uploads\/2019\/05\/Baf\u00f4metro.jpg","type":"image\/jpeg"}],"author":"lifefm","twitter_card":"summary_large_image","twitter_misc":{"Escrito por":"lifefm","Est. tempo de leitura":"1 minuto"},"schema":{"@context":"https:\/\/schema.org","@graph":[{"@type":"Article","@id":"https:\/\/radiolifefm.com.br\/noticias\/policia-militar-de-oc-apreende-adolescente-conduzindo-veiculo-embriagado-pela-via\/#article","isPartOf":{"@id":"https:\/\/radiolifefm.com.br\/noticias\/policia-militar-de-oc-apreende-adolescente-conduzindo-veiculo-embriagado-pela-via\/"},"author":{"name":"lifefm","@id":"https:\/\/radiolifefm.com.br\/noticias\/#\/schema\/person\/1d4e4b1301322090c6221bf1c8420490"},"headline":"Pol\u00edcia Militar de OC apreende adolescente conduzindo ve\u00edculo embriagado pela via","datePublished":"2019-05-13T21:30:29+00:00","dateModified":"2026-04-09T08:01:37+00:00","mainEntityOfPage":{"@id":"https:\/\/radiolifefm.com.br\/noticias\/policia-militar-de-oc-apreende-adolescente-conduzindo-veiculo-embriagado-pela-via\/"},"wordCount":149,"publisher":{"@id":"https:\/\/radiolifefm.com.br\/noticias\/#organization"},"image":{"@id":"https:\/\/radiolifefm.com.br\/noticias\/policia-militar-de-oc-apreende-adolescente-conduzindo-veiculo-embriagado-pela-via\/#primaryimage"},"thumbnailUrl":"https:\/\/radiolifefm.com.br\/noticias\/wp-content\/uploads\/2019\/05\/Baf\u00f4metro.jpg","articleSection":["Regi\u00e3o"],"inLanguage":"pt-BR"},{"@type":"WebPage","@id":"https:\/\/radiolifefm.com.br\/noticias\/policia-militar-de-oc-apreende-adolescente-conduzindo-veiculo-embriagado-pela-via\/","url":"https:\/\/radiolifefm.com.br\/noticias\/policia-militar-de-oc-apreende-adolescente-conduzindo-veiculo-embriagado-pela-via\/","name":"Pol\u00edcia Militar de OC apreende adolescente conduzindo ve\u00edculo embriagado pela via - R\u00e1dio Life FM","isPartOf":{"@id":"https:\/\/radiolifefm.com.br\/noticias\/#website"},"primaryImageOfPage":{"@id":"https:\/\/radiolifefm.com.br\/noticias\/policia-militar-de-oc-apreende-adolescente-conduzindo-veiculo-embriagado-pela-via\/#primaryimage"},"image":{"@id":"https:\/\/radiolifefm.com.br\/noticias\/policia-militar-de-oc-apreende-adolescente-conduzindo-veiculo-embriagado-pela-via\/#primaryimage"},"thumbnailUrl":"https:\/\/radiolifefm.com.br\/noticias\/wp-content\/uploads\/2019\/05\/Baf\u00f4metro.jpg","datePublished":"2019-05-13T21:30:29+00:00","dateModified":"2026-04-09T08:01:37+00:00","breadcrumb":{"@id":"https:\/\/radiolifefm.com.br\/noticias\/policia-militar-de-oc-apreende-adolescente-conduzindo-veiculo-embriagado-pela-via\/#breadcrumb"},"inLanguage":"pt-BR","potentialAction":[{"@type":"ReadAction","target":["https:\/\/radiolifefm.com.br\/noticias\/policia-militar-de-oc-apreende-adolescente-conduzindo-veiculo-embriagado-pela-via\/"]}]},{"@type":"ImageObject","inLanguage":"pt-BR","@id":"https:\/\/radiolifefm.com.br\/noticias\/policia-militar-de-oc-apreende-adolescente-conduzindo-veiculo-embriagado-pela-via\/#primaryimage","url":"https:\/\/radiolifefm.com.br\/noticias\/wp-content\/uploads\/2019\/05\/Baf\u00f4metro.jpg","contentUrl":"https:\/\/radiolifefm.com.br\/noticias\/wp-content\/uploads\/2019\/05\/Baf\u00f4metro.jpg","width":273,"height":185},{"@type":"BreadcrumbList","@id":"https:\/\/radiolifefm.com.br\/noticias\/policia-militar-de-oc-apreende-adolescente-conduzindo-veiculo-embriagado-pela-via\/#breadcrumb","itemListElement":[{"@type":"ListItem","position":1,"name":"In\u00edcio","item":"https:\/\/radiolifefm.com.br\/noticias\/"},{"@type":"ListItem","position":2,"name":"Pol\u00edcia Militar de OC apreende adolescente conduzindo ve\u00edculo embriagado pela via"}]},{"@type":"WebSite","@id":"https:\/\/radiolifefm.com.br\/noticias\/#website","url":"https:\/\/radiolifefm.com.br\/noticias\/","name":"R\u00e1dio Life FM","description":"O Portal de Not\u00edcias de Adamantina","publisher":{"@id":"https:\/\/radiolifefm.com.br\/noticias\/#organization"},"alternateName":"Life FM","potentialAction":[{"@type":"SearchAction","target":{"@type":"EntryPoint","urlTemplate":"https:\/\/radiolifefm.com.br\/noticias\/?s={search_term_string}"},"query-input":{"@type":"PropertyValueSpecification","valueRequired":true,"valueName":"search_term_string"}}],"inLanguage":"pt-BR"},{"@type":"Organization","@id":"https:\/\/radiolifefm.com.br\/noticias\/#organization","name":"R\u00e1dio Life FM","alternateName":"Life FM","url":"https:\/\/radiolifefm.com.br\/noticias\/","logo":{"@type":"ImageObject","inLanguage":"pt-BR","@id":"https:\/\/radiolifefm.com.br\/noticias\/#\/schema\/logo\/image\/","url":"https:\/\/static.radiolifefm.com.br\/noticias\/wp-content\/uploads\/2019\/10\/logo-lifefm.png","contentUrl":"https:\/\/static.radiolifefm.com.br\/noticias\/wp-content\/uploads\/2019\/10\/logo-lifefm.png","width":196,"height":47,"caption":"R\u00e1dio Life FM"},"image":{"@id":"https:\/\/radiolifefm.com.br\/noticias\/#\/schema\/logo\/image\/"},"sameAs":["https:\/\/www.facebook.com\/radiolifefm\/","https:\/\/www.instagram.com\/life1079fm\/"]},{"@type":"Person","@id":"https:\/\/radiolifefm.com.br\/noticias\/#\/schema\/person\/1d4e4b1301322090c6221bf1c8420490","name":"lifefm","image":{"@type":"ImageObject","inLanguage":"pt-BR","@id":"https:\/\/secure.gravatar.com\/avatar\/eca268467d925ec97d20641bb054fd944c0abb2f92854171620706bbe6474e7c?s=96&d=mm&r=g","url":"https:\/\/secure.gravatar.com\/avatar\/eca268467d925ec97d20641bb054fd944c0abb2f92854171620706bbe6474e7c?s=96&d=mm&r=g","contentUrl":"https:\/\/secure.gravatar.com\/avatar\/eca268467d925ec97d20641bb054fd944c0abb2f92854171620706bbe6474e7c?s=96&d=mm&r=g","caption":"lifefm"}}]}},"amp_enabled":true,"_links":{"self":[{"href":"https:\/\/radiolifefm.com.br\/noticias\/wp-json\/wp\/v2\/posts\/13053","targetHints":{"allow":["GET"]}}],"collection":[{"href":"https:\/\/radiolifefm.com.br\/noticias\/wp-json\/wp\/v2\/posts"}],"about":[{"href":"https:\/\/radiolifefm.com.br\/noticias\/wp-json\/wp\/v2\/types\/post"}],"author":[{"embeddable":true,"href":"https:\/\/radiolifefm.com.br\/noticias\/wp-json\/wp\/v2\/users\/3"}],"replies":[{"embeddable":true,"href":"https:\/\/radiolifefm.com.br\/noticias\/wp-json\/wp\/v2\/comments?post=13053"}],"version-history":[{"count":1,"href":"https:\/\/radiolifefm.com.br\/noticias\/wp-json\/wp\/v2\/posts\/13053\/revisions"}],"predecessor-version":[{"id":13055,"href":"https:\/\/radiolifefm.com.br\/noticias\/wp-json\/wp\/v2\/posts\/13053\/revisions\/13055"}],"wp:featuredmedia":[{"embeddable":true,"href":"https:\/\/radiolifefm.com.br\/noticias\/wp-json\/wp\/v2\/media\/13054"}],"wp:attachment":[{"href":"https:\/\/radiolifefm.com.br\/noticias\/wp-json\/wp\/v2\/media?parent=13053"}],"wp:term":[{"taxonomy":"category","embeddable":true,"href":"https:\/\/radiolifefm.com.br\/noticias\/wp-json\/wp\/v2\/categories?post=13053"},{"taxonomy":"post_tag","embeddable":true,"href":"https:\/\/radiolifefm.com.br\/noticias\/wp-json\/wp\/v2\/tags?post=13053"}],"curies":[{"name":"wp","href":"https:\/\/api.w.org\/{rel}","templated":true}]}}