{"id":13019,"date":"2019-05-13T11:19:27","date_gmt":"2019-05-13T14:19:27","guid":{"rendered":"https:\/\/radiolifefm.com.br\/noticias\/?p=13019"},"modified":"2024-08-07T04:58:52","modified_gmt":"2024-08-07T07:58:52","slug":"inscricoes-para-conselho-tutelar-de-mariapolis-seguem-ate-sexta-feira-17","status":"publish","type":"post","link":"https:\/\/radiolifefm.com.br\/noticias\/inscricoes-para-conselho-tutelar-de-mariapolis-seguem-ate-sexta-feira-17\/","title":{"rendered":"Inscri\u00e7\u00f5es para Conselho Tutelar de Mari\u00e1polis seguem at\u00e9 sexta-feira, 17"},"content":{"rendered":"<div id=\"fb-root\"><\/div>\n<p><em>Inscri\u00e7\u00f5es seguem at\u00e9 sexta-feira, 17<\/em><\/p>\n<p>Seguem at\u00e9 a pr\u00f3xima sexta-feira, 17, as inscri\u00e7\u00f5es para o Processo de Escolha dos Conselheiros Tutelares de Mari\u00e1polis, para o quadri\u00eanio 2020\/2024.<\/p>\n<p>A remunera\u00e7\u00e3o fixada ser\u00e1 de 01 (um) sal\u00e1rio m\u00ednimo vigente nacional e n\u00e3o gerar\u00e1 rela\u00e7\u00e3o de emprego com o Poder P\u00fablico Municipal.<\/p>\n<p>A inscri\u00e7\u00e3o dos candidatos est\u00e1 sendo efetuada pessoalmente em dias \u00fateis, na sede da Secretaria Municipal de Assist\u00eancia Social, situada \u00e0 Avenida Prefeito Joaquim Costa e Silva, n\u00ba. 374.<\/p>\n<p>O hor\u00e1rio \u00e9 das 08:00 \u00e0s 11:00 horas e das 13:00 \u00e0s 16:00 horas, e segue at\u00e9 o dia 17 de maio.<\/p>\n<p>O Edital completo se encontra no site da prefeitura municipal, atrav\u00e9s do endere\u00e7o eletr\u00f4nico: http:\/\/www.mariapolis.sp.gov.br\/.<\/p>\n<p>O Povo &#8211; Mari\u00e1polis<\/p>\n<p>Reda\u00e7\u00e3o &#8211; Kako de Oliveira<\/p>\n","protected":false},"excerpt":{"rendered":"<p>Inscri\u00e7\u00f5es seguem at\u00e9 sexta-feira, 17 Seguem at\u00e9 a pr\u00f3xima sexta-feira, 17, as inscri\u00e7\u00f5es para o Processo de Escolha dos Conselheiros Tutelares de Mari\u00e1polis, para o quadri\u00eanio 2020\/2024. A remunera\u00e7\u00e3o fixada ser\u00e1 de 01 (um) sal\u00e1rio m\u00ednimo vigente nacional e n\u00e3o gerar\u00e1 rela\u00e7\u00e3o de emprego com o Poder P\u00fablico Municipal. A inscri\u00e7\u00e3o dos candidatos est\u00e1 sendo [&hellip;]<\/p>\n","protected":false},"author":3,"featured_media":13020,"comment_status":"open","ping_status":"open","sticky":false,"template":"","format":"standard","meta":{"_acf_changed":false,"_exactmetrics_skip_tracking":false,"_exactmetrics_sitenote_active":false,"_exactmetrics_sitenote_note":"","_exactmetrics_sitenote_category":0,"footnotes":""},"categories":[24],"tags":[],"class_list":["post-13019","post","type-post","status-publish","format-standard","has-post-thumbnail","hentry","category-regiao"],"acf":[],"yoast_head":"<!-- This site is optimized with the Yoast SEO plugin v27.2 - https:\/\/yoast.com\/product\/yoast-seo-wordpress\/ -->\n<title>Inscri\u00e7\u00f5es para Conselho Tutelar de Mari\u00e1polis seguem at\u00e9 sexta-feira, 17 - R\u00e1dio Life FM<\/title>\n<meta name=\"robots\" content=\"index, follow, max-snippet:-1, max-image-preview:large, max-video-preview:-1\" \/>\n<link rel=\"canonical\" href=\"https:\/\/radiolifefm.com.br\/noticias\/inscricoes-para-conselho-tutelar-de-mariapolis-seguem-ate-sexta-feira-17\/\" \/>\n<meta property=\"og:locale\" content=\"pt_BR\" \/>\n<meta property=\"og:type\" content=\"article\" \/>\n<meta property=\"og:title\" content=\"Inscri\u00e7\u00f5es para Conselho Tutelar de Mari\u00e1polis seguem at\u00e9 sexta-feira, 17 - R\u00e1dio Life FM\" \/>\n<meta property=\"og:description\" content=\"Inscri\u00e7\u00f5es seguem at\u00e9 sexta-feira, 17 Seguem at\u00e9 a pr\u00f3xima sexta-feira, 17, as inscri\u00e7\u00f5es para o Processo de Escolha dos Conselheiros Tutelares de Mari\u00e1polis, para o quadri\u00eanio 2020\/2024. A remunera\u00e7\u00e3o fixada ser\u00e1 de 01 (um) sal\u00e1rio m\u00ednimo vigente nacional e n\u00e3o gerar\u00e1 rela\u00e7\u00e3o de emprego com o Poder P\u00fablico Municipal. A inscri\u00e7\u00e3o dos candidatos est\u00e1 sendo [&hellip;]\" \/>\n<meta property=\"og:url\" content=\"https:\/\/radiolifefm.com.br\/noticias\/inscricoes-para-conselho-tutelar-de-mariapolis-seguem-ate-sexta-feira-17\/\" \/>\n<meta property=\"og:site_name\" content=\"R\u00e1dio Life FM\" \/>\n<meta property=\"article:publisher\" content=\"https:\/\/www.facebook.com\/radiolifefm\/\" \/>\n<meta property=\"article:published_time\" content=\"2019-05-13T14:19:27+00:00\" \/>\n<meta property=\"article:modified_time\" content=\"2024-08-07T07:58:52+00:00\" \/>\n<meta property=\"og:image\" content=\"https:\/\/static.radiolifefm.com.br\/noticias\/wp-content\/uploads\/2019\/05\/Conselho-Tutelar-Mari\u00e1polis.png\" \/>\n\t<meta property=\"og:image:width\" content=\"685\" \/>\n\t<meta property=\"og:image:height\" content=\"435\" \/>\n\t<meta property=\"og:image:type\" content=\"image\/png\" \/>\n<meta name=\"author\" content=\"lifefm\" \/>\n<meta name=\"twitter:card\" content=\"summary_large_image\" \/>\n<meta name=\"twitter:label1\" content=\"Escrito por\" \/>\n\t<meta name=\"twitter:data1\" content=\"lifefm\" \/>\n\t<meta name=\"twitter:label2\" content=\"Est. tempo de leitura\" \/>\n\t<meta name=\"twitter:data2\" content=\"1 minuto\" \/>\n<script type=\"application\/ld+json\" class=\"yoast-schema-graph\">{\"@context\":\"https:\/\/schema.org\",\"@graph\":[{\"@type\":\"Article\",\"@id\":\"https:\/\/radiolifefm.com.br\/noticias\/inscricoes-para-conselho-tutelar-de-mariapolis-seguem-ate-sexta-feira-17\/#article\",\"isPartOf\":{\"@id\":\"https:\/\/radiolifefm.com.br\/noticias\/inscricoes-para-conselho-tutelar-de-mariapolis-seguem-ate-sexta-feira-17\/\"},\"author\":{\"name\":\"lifefm\",\"@id\":\"https:\/\/radiolifefm.com.br\/noticias\/#\/schema\/person\/1d4e4b1301322090c6221bf1c8420490\"},\"headline\":\"Inscri\u00e7\u00f5es para Conselho Tutelar de Mari\u00e1polis seguem at\u00e9 sexta-feira, 17\",\"datePublished\":\"2019-05-13T14:19:27+00:00\",\"dateModified\":\"2024-08-07T07:58:52+00:00\",\"mainEntityOfPage\":{\"@id\":\"https:\/\/radiolifefm.com.br\/noticias\/inscricoes-para-conselho-tutelar-de-mariapolis-seguem-ate-sexta-feira-17\/\"},\"wordCount\":147,\"commentCount\":0,\"publisher\":{\"@id\":\"https:\/\/radiolifefm.com.br\/noticias\/#organization\"},\"image\":{\"@id\":\"https:\/\/radiolifefm.com.br\/noticias\/inscricoes-para-conselho-tutelar-de-mariapolis-seguem-ate-sexta-feira-17\/#primaryimage\"},\"thumbnailUrl\":\"https:\/\/radiolifefm.com.br\/noticias\/wp-content\/uploads\/2019\/05\/Conselho-Tutelar-Mari\u00e1polis.png\",\"articleSection\":[\"Regi\u00e3o\"],\"inLanguage\":\"pt-BR\",\"potentialAction\":[{\"@type\":\"CommentAction\",\"name\":\"Comment\",\"target\":[\"https:\/\/radiolifefm.com.br\/noticias\/inscricoes-para-conselho-tutelar-de-mariapolis-seguem-ate-sexta-feira-17\/#respond\"]}]},{\"@type\":\"WebPage\",\"@id\":\"https:\/\/radiolifefm.com.br\/noticias\/inscricoes-para-conselho-tutelar-de-mariapolis-seguem-ate-sexta-feira-17\/\",\"url\":\"https:\/\/radiolifefm.com.br\/noticias\/inscricoes-para-conselho-tutelar-de-mariapolis-seguem-ate-sexta-feira-17\/\",\"name\":\"Inscri\u00e7\u00f5es para Conselho Tutelar de Mari\u00e1polis seguem at\u00e9 sexta-feira, 17 - R\u00e1dio Life FM\",\"isPartOf\":{\"@id\":\"https:\/\/radiolifefm.com.br\/noticias\/#website\"},\"primaryImageOfPage\":{\"@id\":\"https:\/\/radiolifefm.com.br\/noticias\/inscricoes-para-conselho-tutelar-de-mariapolis-seguem-ate-sexta-feira-17\/#primaryimage\"},\"image\":{\"@id\":\"https:\/\/radiolifefm.com.br\/noticias\/inscricoes-para-conselho-tutelar-de-mariapolis-seguem-ate-sexta-feira-17\/#primaryimage\"},\"thumbnailUrl\":\"https:\/\/radiolifefm.com.br\/noticias\/wp-content\/uploads\/2019\/05\/Conselho-Tutelar-Mari\u00e1polis.png\",\"datePublished\":\"2019-05-13T14:19:27+00:00\",\"dateModified\":\"2024-08-07T07:58:52+00:00\",\"breadcrumb\":{\"@id\":\"https:\/\/radiolifefm.com.br\/noticias\/inscricoes-para-conselho-tutelar-de-mariapolis-seguem-ate-sexta-feira-17\/#breadcrumb\"},\"inLanguage\":\"pt-BR\",\"potentialAction\":[{\"@type\":\"ReadAction\",\"target\":[\"https:\/\/radiolifefm.com.br\/noticias\/inscricoes-para-conselho-tutelar-de-mariapolis-seguem-ate-sexta-feira-17\/\"]}]},{\"@type\":\"ImageObject\",\"inLanguage\":\"pt-BR\",\"@id\":\"https:\/\/radiolifefm.com.br\/noticias\/inscricoes-para-conselho-tutelar-de-mariapolis-seguem-ate-sexta-feira-17\/#primaryimage\",\"url\":\"https:\/\/radiolifefm.com.br\/noticias\/wp-content\/uploads\/2019\/05\/Conselho-Tutelar-Mari\u00e1polis.png\",\"contentUrl\":\"https:\/\/radiolifefm.com.br\/noticias\/wp-content\/uploads\/2019\/05\/Conselho-Tutelar-Mari\u00e1polis.png\",\"width\":685,\"height\":435,\"caption\":\"Inscri\u00e7\u00f5es para o Conselho Tutelar de Mari\u00e1polis - Foto ilustrativa\"},{\"@type\":\"BreadcrumbList\",\"@id\":\"https:\/\/radiolifefm.com.br\/noticias\/inscricoes-para-conselho-tutelar-de-mariapolis-seguem-ate-sexta-feira-17\/#breadcrumb\",\"itemListElement\":[{\"@type\":\"ListItem\",\"position\":1,\"name\":\"In\u00edcio\",\"item\":\"https:\/\/radiolifefm.com.br\/noticias\/\"},{\"@type\":\"ListItem\",\"position\":2,\"name\":\"Inscri\u00e7\u00f5es para Conselho Tutelar de Mari\u00e1polis seguem at\u00e9 sexta-feira, 17\"}]},{\"@type\":\"WebSite\",\"@id\":\"https:\/\/radiolifefm.com.br\/noticias\/#website\",\"url\":\"https:\/\/radiolifefm.com.br\/noticias\/\",\"name\":\"R\u00e1dio Life FM\",\"description\":\"O Portal de Not\u00edcias de Adamantina\",\"publisher\":{\"@id\":\"https:\/\/radiolifefm.com.br\/noticias\/#organization\"},\"alternateName\":\"Life FM\",\"potentialAction\":[{\"@type\":\"SearchAction\",\"target\":{\"@type\":\"EntryPoint\",\"urlTemplate\":\"https:\/\/radiolifefm.com.br\/noticias\/?s={search_term_string}\"},\"query-input\":{\"@type\":\"PropertyValueSpecification\",\"valueRequired\":true,\"valueName\":\"search_term_string\"}}],\"inLanguage\":\"pt-BR\"},{\"@type\":\"Organization\",\"@id\":\"https:\/\/radiolifefm.com.br\/noticias\/#organization\",\"name\":\"R\u00e1dio Life FM\",\"alternateName\":\"Life FM\",\"url\":\"https:\/\/radiolifefm.com.br\/noticias\/\",\"logo\":{\"@type\":\"ImageObject\",\"inLanguage\":\"pt-BR\",\"@id\":\"https:\/\/radiolifefm.com.br\/noticias\/#\/schema\/logo\/image\/\",\"url\":\"https:\/\/static.radiolifefm.com.br\/noticias\/wp-content\/uploads\/2019\/10\/logo-lifefm.png\",\"contentUrl\":\"https:\/\/static.radiolifefm.com.br\/noticias\/wp-content\/uploads\/2019\/10\/logo-lifefm.png\",\"width\":196,\"height\":47,\"caption\":\"R\u00e1dio Life FM\"},\"image\":{\"@id\":\"https:\/\/radiolifefm.com.br\/noticias\/#\/schema\/logo\/image\/\"},\"sameAs\":[\"https:\/\/www.facebook.com\/radiolifefm\/\",\"https:\/\/www.instagram.com\/life1079fm\/\"]},{\"@type\":\"Person\",\"@id\":\"https:\/\/radiolifefm.com.br\/noticias\/#\/schema\/person\/1d4e4b1301322090c6221bf1c8420490\",\"name\":\"lifefm\",\"image\":{\"@type\":\"ImageObject\",\"inLanguage\":\"pt-BR\",\"@id\":\"https:\/\/secure.gravatar.com\/avatar\/eca268467d925ec97d20641bb054fd944c0abb2f92854171620706bbe6474e7c?s=96&d=mm&r=g\",\"url\":\"https:\/\/secure.gravatar.com\/avatar\/eca268467d925ec97d20641bb054fd944c0abb2f92854171620706bbe6474e7c?s=96&d=mm&r=g\",\"contentUrl\":\"https:\/\/secure.gravatar.com\/avatar\/eca268467d925ec97d20641bb054fd944c0abb2f92854171620706bbe6474e7c?s=96&d=mm&r=g\",\"caption\":\"lifefm\"}}]}<\/script>\n<!-- \/ Yoast SEO plugin. -->","yoast_head_json":{"title":"Inscri\u00e7\u00f5es para Conselho Tutelar de Mari\u00e1polis seguem at\u00e9 sexta-feira, 17 - R\u00e1dio Life FM","robots":{"index":"index","follow":"follow","max-snippet":"max-snippet:-1","max-image-preview":"max-image-preview:large","max-video-preview":"max-video-preview:-1"},"canonical":"https:\/\/radiolifefm.com.br\/noticias\/inscricoes-para-conselho-tutelar-de-mariapolis-seguem-ate-sexta-feira-17\/","og_locale":"pt_BR","og_type":"article","og_title":"Inscri\u00e7\u00f5es para Conselho Tutelar de Mari\u00e1polis seguem at\u00e9 sexta-feira, 17 - R\u00e1dio Life FM","og_description":"Inscri\u00e7\u00f5es seguem at\u00e9 sexta-feira, 17 Seguem at\u00e9 a pr\u00f3xima sexta-feira, 17, as inscri\u00e7\u00f5es para o Processo de Escolha dos Conselheiros Tutelares de Mari\u00e1polis, para o quadri\u00eanio 2020\/2024. A remunera\u00e7\u00e3o fixada ser\u00e1 de 01 (um) sal\u00e1rio m\u00ednimo vigente nacional e n\u00e3o gerar\u00e1 rela\u00e7\u00e3o de emprego com o Poder P\u00fablico Municipal. A inscri\u00e7\u00e3o dos candidatos est\u00e1 sendo [&hellip;]","og_url":"https:\/\/radiolifefm.com.br\/noticias\/inscricoes-para-conselho-tutelar-de-mariapolis-seguem-ate-sexta-feira-17\/","og_site_name":"R\u00e1dio Life FM","article_publisher":"https:\/\/www.facebook.com\/radiolifefm\/","article_published_time":"2019-05-13T14:19:27+00:00","article_modified_time":"2024-08-07T07:58:52+00:00","og_image":[{"width":685,"height":435,"url":"https:\/\/static.radiolifefm.com.br\/noticias\/wp-content\/uploads\/2019\/05\/Conselho-Tutelar-Mari\u00e1polis.png","type":"image\/png"}],"author":"lifefm","twitter_card":"summary_large_image","twitter_misc":{"Escrito por":"lifefm","Est. tempo de leitura":"1 minuto"},"schema":{"@context":"https:\/\/schema.org","@graph":[{"@type":"Article","@id":"https:\/\/radiolifefm.com.br\/noticias\/inscricoes-para-conselho-tutelar-de-mariapolis-seguem-ate-sexta-feira-17\/#article","isPartOf":{"@id":"https:\/\/radiolifefm.com.br\/noticias\/inscricoes-para-conselho-tutelar-de-mariapolis-seguem-ate-sexta-feira-17\/"},"author":{"name":"lifefm","@id":"https:\/\/radiolifefm.com.br\/noticias\/#\/schema\/person\/1d4e4b1301322090c6221bf1c8420490"},"headline":"Inscri\u00e7\u00f5es para Conselho Tutelar de Mari\u00e1polis seguem at\u00e9 sexta-feira, 17","datePublished":"2019-05-13T14:19:27+00:00","dateModified":"2024-08-07T07:58:52+00:00","mainEntityOfPage":{"@id":"https:\/\/radiolifefm.com.br\/noticias\/inscricoes-para-conselho-tutelar-de-mariapolis-seguem-ate-sexta-feira-17\/"},"wordCount":147,"commentCount":0,"publisher":{"@id":"https:\/\/radiolifefm.com.br\/noticias\/#organization"},"image":{"@id":"https:\/\/radiolifefm.com.br\/noticias\/inscricoes-para-conselho-tutelar-de-mariapolis-seguem-ate-sexta-feira-17\/#primaryimage"},"thumbnailUrl":"https:\/\/radiolifefm.com.br\/noticias\/wp-content\/uploads\/2019\/05\/Conselho-Tutelar-Mari\u00e1polis.png","articleSection":["Regi\u00e3o"],"inLanguage":"pt-BR","potentialAction":[{"@type":"CommentAction","name":"Comment","target":["https:\/\/radiolifefm.com.br\/noticias\/inscricoes-para-conselho-tutelar-de-mariapolis-seguem-ate-sexta-feira-17\/#respond"]}]},{"@type":"WebPage","@id":"https:\/\/radiolifefm.com.br\/noticias\/inscricoes-para-conselho-tutelar-de-mariapolis-seguem-ate-sexta-feira-17\/","url":"https:\/\/radiolifefm.com.br\/noticias\/inscricoes-para-conselho-tutelar-de-mariapolis-seguem-ate-sexta-feira-17\/","name":"Inscri\u00e7\u00f5es para Conselho Tutelar de Mari\u00e1polis seguem at\u00e9 sexta-feira, 17 - R\u00e1dio Life FM","isPartOf":{"@id":"https:\/\/radiolifefm.com.br\/noticias\/#website"},"primaryImageOfPage":{"@id":"https:\/\/radiolifefm.com.br\/noticias\/inscricoes-para-conselho-tutelar-de-mariapolis-seguem-ate-sexta-feira-17\/#primaryimage"},"image":{"@id":"https:\/\/radiolifefm.com.br\/noticias\/inscricoes-para-conselho-tutelar-de-mariapolis-seguem-ate-sexta-feira-17\/#primaryimage"},"thumbnailUrl":"https:\/\/radiolifefm.com.br\/noticias\/wp-content\/uploads\/2019\/05\/Conselho-Tutelar-Mari\u00e1polis.png","datePublished":"2019-05-13T14:19:27+00:00","dateModified":"2024-08-07T07:58:52+00:00","breadcrumb":{"@id":"https:\/\/radiolifefm.com.br\/noticias\/inscricoes-para-conselho-tutelar-de-mariapolis-seguem-ate-sexta-feira-17\/#breadcrumb"},"inLanguage":"pt-BR","potentialAction":[{"@type":"ReadAction","target":["https:\/\/radiolifefm.com.br\/noticias\/inscricoes-para-conselho-tutelar-de-mariapolis-seguem-ate-sexta-feira-17\/"]}]},{"@type":"ImageObject","inLanguage":"pt-BR","@id":"https:\/\/radiolifefm.com.br\/noticias\/inscricoes-para-conselho-tutelar-de-mariapolis-seguem-ate-sexta-feira-17\/#primaryimage","url":"https:\/\/radiolifefm.com.br\/noticias\/wp-content\/uploads\/2019\/05\/Conselho-Tutelar-Mari\u00e1polis.png","contentUrl":"https:\/\/radiolifefm.com.br\/noticias\/wp-content\/uploads\/2019\/05\/Conselho-Tutelar-Mari\u00e1polis.png","width":685,"height":435,"caption":"Inscri\u00e7\u00f5es para o Conselho Tutelar de Mari\u00e1polis - Foto ilustrativa"},{"@type":"BreadcrumbList","@id":"https:\/\/radiolifefm.com.br\/noticias\/inscricoes-para-conselho-tutelar-de-mariapolis-seguem-ate-sexta-feira-17\/#breadcrumb","itemListElement":[{"@type":"ListItem","position":1,"name":"In\u00edcio","item":"https:\/\/radiolifefm.com.br\/noticias\/"},{"@type":"ListItem","position":2,"name":"Inscri\u00e7\u00f5es para Conselho Tutelar de Mari\u00e1polis seguem at\u00e9 sexta-feira, 17"}]},{"@type":"WebSite","@id":"https:\/\/radiolifefm.com.br\/noticias\/#website","url":"https:\/\/radiolifefm.com.br\/noticias\/","name":"R\u00e1dio Life FM","description":"O Portal de Not\u00edcias de Adamantina","publisher":{"@id":"https:\/\/radiolifefm.com.br\/noticias\/#organization"},"alternateName":"Life FM","potentialAction":[{"@type":"SearchAction","target":{"@type":"EntryPoint","urlTemplate":"https:\/\/radiolifefm.com.br\/noticias\/?s={search_term_string}"},"query-input":{"@type":"PropertyValueSpecification","valueRequired":true,"valueName":"search_term_string"}}],"inLanguage":"pt-BR"},{"@type":"Organization","@id":"https:\/\/radiolifefm.com.br\/noticias\/#organization","name":"R\u00e1dio Life FM","alternateName":"Life FM","url":"https:\/\/radiolifefm.com.br\/noticias\/","logo":{"@type":"ImageObject","inLanguage":"pt-BR","@id":"https:\/\/radiolifefm.com.br\/noticias\/#\/schema\/logo\/image\/","url":"https:\/\/static.radiolifefm.com.br\/noticias\/wp-content\/uploads\/2019\/10\/logo-lifefm.png","contentUrl":"https:\/\/static.radiolifefm.com.br\/noticias\/wp-content\/uploads\/2019\/10\/logo-lifefm.png","width":196,"height":47,"caption":"R\u00e1dio Life FM"},"image":{"@id":"https:\/\/radiolifefm.com.br\/noticias\/#\/schema\/logo\/image\/"},"sameAs":["https:\/\/www.facebook.com\/radiolifefm\/","https:\/\/www.instagram.com\/life1079fm\/"]},{"@type":"Person","@id":"https:\/\/radiolifefm.com.br\/noticias\/#\/schema\/person\/1d4e4b1301322090c6221bf1c8420490","name":"lifefm","image":{"@type":"ImageObject","inLanguage":"pt-BR","@id":"https:\/\/secure.gravatar.com\/avatar\/eca268467d925ec97d20641bb054fd944c0abb2f92854171620706bbe6474e7c?s=96&d=mm&r=g","url":"https:\/\/secure.gravatar.com\/avatar\/eca268467d925ec97d20641bb054fd944c0abb2f92854171620706bbe6474e7c?s=96&d=mm&r=g","contentUrl":"https:\/\/secure.gravatar.com\/avatar\/eca268467d925ec97d20641bb054fd944c0abb2f92854171620706bbe6474e7c?s=96&d=mm&r=g","caption":"lifefm"}}]}},"amp_enabled":true,"_links":{"self":[{"href":"https:\/\/radiolifefm.com.br\/noticias\/wp-json\/wp\/v2\/posts\/13019","targetHints":{"allow":["GET"]}}],"collection":[{"href":"https:\/\/radiolifefm.com.br\/noticias\/wp-json\/wp\/v2\/posts"}],"about":[{"href":"https:\/\/radiolifefm.com.br\/noticias\/wp-json\/wp\/v2\/types\/post"}],"author":[{"embeddable":true,"href":"https:\/\/radiolifefm.com.br\/noticias\/wp-json\/wp\/v2\/users\/3"}],"replies":[{"embeddable":true,"href":"https:\/\/radiolifefm.com.br\/noticias\/wp-json\/wp\/v2\/comments?post=13019"}],"version-history":[{"count":2,"href":"https:\/\/radiolifefm.com.br\/noticias\/wp-json\/wp\/v2\/posts\/13019\/revisions"}],"predecessor-version":[{"id":13022,"href":"https:\/\/radiolifefm.com.br\/noticias\/wp-json\/wp\/v2\/posts\/13019\/revisions\/13022"}],"wp:featuredmedia":[{"embeddable":true,"href":"https:\/\/radiolifefm.com.br\/noticias\/wp-json\/wp\/v2\/media\/13020"}],"wp:attachment":[{"href":"https:\/\/radiolifefm.com.br\/noticias\/wp-json\/wp\/v2\/media?parent=13019"}],"wp:term":[{"taxonomy":"category","embeddable":true,"href":"https:\/\/radiolifefm.com.br\/noticias\/wp-json\/wp\/v2\/categories?post=13019"},{"taxonomy":"post_tag","embeddable":true,"href":"https:\/\/radiolifefm.com.br\/noticias\/wp-json\/wp\/v2\/tags?post=13019"}],"curies":[{"name":"wp","href":"https:\/\/api.w.org\/{rel}","templated":true}]}}