{"id":12951,"date":"2019-05-11T12:43:02","date_gmt":"2019-05-11T15:43:02","guid":{"rendered":"https:\/\/radiolifefm.com.br\/noticias\/?p=12951"},"modified":"2026-04-30T06:26:00","modified_gmt":"2026-04-30T09:26:00","slug":"policia-civil-da-area-de-presidente-venceslau-prende-mais-um-envolvido-em-homicidio","status":"publish","type":"post","link":"https:\/\/radiolifefm.com.br\/noticias\/policia-civil-da-area-de-presidente-venceslau-prende-mais-um-envolvido-em-homicidio\/","title":{"rendered":"Pol\u00edcia Civil da \u00e1rea de Presidente Venceslau, prende mais um envolvido em homic\u00eddio"},"content":{"rendered":"<div id=\"fb-root\"><\/div>\n<p>A Pol\u00edcia Civil, por interm\u00e9dio da Delegacia de Investiga\u00e7\u00f5es Geais e Sobre Entorpecentes (DIG\/DISE), com o apoio da Central de Pol\u00edcia Judici\u00e1ria (CPJ), Delegacia de Pol\u00edcia do Munic\u00edpio de Piquerobi e da Pol\u00edcia Militar\/For\u00e7a T\u00e1tica, cumpriram um mandado de pris\u00e3o tempor\u00e1ria em desfavor de \u201cV.H.M.S.\u201d, de 20 anos, bem como foram cumpridas buscas domiciliares com o intuito de localizar a arma de fogo utilizada no crime de homic\u00eddio ocorrido no dia 25 de mar\u00e7o, que vitimou Raylon Rodrigo Reinaldo da Silva.<\/p>\n<p>As investiga\u00e7\u00f5es policiais apontaram que \u201cV.H.M.S.\u201d participou diretamente do homic\u00eddio na companhia de um adolescente, o qual j\u00e1 foi apreendido e encaminhado a Funda\u00e7\u00e3o Casa por ordem judicial.<\/p>\n<p>Por fim, cumpre esclarecer que as investiga\u00e7\u00f5es ainda est\u00e3o em andamento com o intuito de identificar outros eventuais participantes do crime.<\/p>\n<p>Foi elaborado o BO pelo Plant\u00e3o Policial, versando sobre Captura de Procurado.<\/p>\n<p>O preso foi encaminhado a Cadeia P\u00fablica local, onde ficar\u00e1 \u00e0 disposi\u00e7\u00e3o da autoridade policial e judicial.<\/p>\n<p>Deinter &#8211; 8<\/p>\n<p>Reda\u00e7\u00e3o &#8211; Kako de Oliveira<\/p>\n","protected":false},"excerpt":{"rendered":"<p>A Pol\u00edcia Civil, por interm\u00e9dio da Delegacia de Investiga\u00e7\u00f5es Geais e Sobre Entorpecentes (DIG\/DISE), com o apoio da Central de Pol\u00edcia Judici\u00e1ria (CPJ), Delegacia de Pol\u00edcia do Munic\u00edpio de Piquerobi e da Pol\u00edcia Militar\/For\u00e7a T\u00e1tica, cumpriram um mandado de pris\u00e3o tempor\u00e1ria em desfavor de \u201cV.H.M.S.\u201d, de 20 anos, bem como foram cumpridas buscas domiciliares com [&hellip;]<\/p>\n","protected":false},"author":3,"featured_media":12952,"comment_status":"open","ping_status":"open","sticky":false,"template":"","format":"standard","meta":{"_acf_changed":false,"_exactmetrics_skip_tracking":false,"_exactmetrics_sitenote_active":false,"_exactmetrics_sitenote_note":"","_exactmetrics_sitenote_category":0,"footnotes":""},"categories":[24],"tags":[],"class_list":["post-12951","post","type-post","status-publish","format-standard","has-post-thumbnail","hentry","category-regiao"],"acf":[],"yoast_head":"<!-- This site is optimized with the Yoast SEO plugin v27.2 - https:\/\/yoast.com\/product\/yoast-seo-wordpress\/ -->\n<title>Pol\u00edcia Civil da \u00e1rea de Presidente Venceslau, prende mais um envolvido em homic\u00eddio - R\u00e1dio Life FM<\/title>\n<meta name=\"robots\" content=\"index, follow, max-snippet:-1, max-image-preview:large, max-video-preview:-1\" \/>\n<link rel=\"canonical\" href=\"https:\/\/radiolifefm.com.br\/noticias\/policia-civil-da-area-de-presidente-venceslau-prende-mais-um-envolvido-em-homicidio\/\" \/>\n<meta property=\"og:locale\" content=\"pt_BR\" \/>\n<meta property=\"og:type\" content=\"article\" \/>\n<meta property=\"og:title\" content=\"Pol\u00edcia Civil da \u00e1rea de Presidente Venceslau, prende mais um envolvido em homic\u00eddio - R\u00e1dio Life FM\" \/>\n<meta property=\"og:description\" content=\"A Pol\u00edcia Civil, por interm\u00e9dio da Delegacia de Investiga\u00e7\u00f5es Geais e Sobre Entorpecentes (DIG\/DISE), com o apoio da Central de Pol\u00edcia Judici\u00e1ria (CPJ), Delegacia de Pol\u00edcia do Munic\u00edpio de Piquerobi e da Pol\u00edcia Militar\/For\u00e7a T\u00e1tica, cumpriram um mandado de pris\u00e3o tempor\u00e1ria em desfavor de \u201cV.H.M.S.\u201d, de 20 anos, bem como foram cumpridas buscas domiciliares com [&hellip;]\" \/>\n<meta property=\"og:url\" content=\"https:\/\/radiolifefm.com.br\/noticias\/policia-civil-da-area-de-presidente-venceslau-prende-mais-um-envolvido-em-homicidio\/\" \/>\n<meta property=\"og:site_name\" content=\"R\u00e1dio Life FM\" \/>\n<meta property=\"article:publisher\" content=\"https:\/\/www.facebook.com\/radiolifefm\/\" \/>\n<meta property=\"article:published_time\" content=\"2019-05-11T15:43:02+00:00\" \/>\n<meta property=\"article:modified_time\" content=\"2026-04-30T09:26:00+00:00\" \/>\n<meta property=\"og:image\" content=\"https:\/\/radiolifefm.com.br\/noticias\/wp-content\/uploads\/2019\/05\/Homic\u00eddio-Venceslau.jpg\" \/>\n\t<meta property=\"og:image:width\" content=\"979\" \/>\n\t<meta property=\"og:image:height\" content=\"575\" \/>\n\t<meta property=\"og:image:type\" content=\"image\/jpeg\" \/>\n<meta name=\"author\" content=\"lifefm\" \/>\n<meta name=\"twitter:card\" content=\"summary_large_image\" \/>\n<meta name=\"twitter:label1\" content=\"Escrito por\" \/>\n\t<meta name=\"twitter:data1\" content=\"lifefm\" \/>\n\t<meta name=\"twitter:label2\" content=\"Est. tempo de leitura\" \/>\n\t<meta name=\"twitter:data2\" content=\"1 minuto\" \/>\n<script type=\"application\/ld+json\" class=\"yoast-schema-graph\">{\"@context\":\"https:\/\/schema.org\",\"@graph\":[{\"@type\":\"Article\",\"@id\":\"https:\/\/radiolifefm.com.br\/noticias\/policia-civil-da-area-de-presidente-venceslau-prende-mais-um-envolvido-em-homicidio\/#article\",\"isPartOf\":{\"@id\":\"https:\/\/radiolifefm.com.br\/noticias\/policia-civil-da-area-de-presidente-venceslau-prende-mais-um-envolvido-em-homicidio\/\"},\"author\":{\"name\":\"lifefm\",\"@id\":\"https:\/\/radiolifefm.com.br\/noticias\/#\/schema\/person\/1d4e4b1301322090c6221bf1c8420490\"},\"headline\":\"Pol\u00edcia Civil da \u00e1rea de Presidente Venceslau, prende mais um envolvido em homic\u00eddio\",\"datePublished\":\"2019-05-11T15:43:02+00:00\",\"dateModified\":\"2026-04-30T09:26:00+00:00\",\"mainEntityOfPage\":{\"@id\":\"https:\/\/radiolifefm.com.br\/noticias\/policia-civil-da-area-de-presidente-venceslau-prende-mais-um-envolvido-em-homicidio\/\"},\"wordCount\":209,\"commentCount\":0,\"publisher\":{\"@id\":\"https:\/\/radiolifefm.com.br\/noticias\/#organization\"},\"image\":{\"@id\":\"https:\/\/radiolifefm.com.br\/noticias\/policia-civil-da-area-de-presidente-venceslau-prende-mais-um-envolvido-em-homicidio\/#primaryimage\"},\"thumbnailUrl\":\"https:\/\/radiolifefm.com.br\/noticias\/wp-content\/uploads\/2019\/05\/Homic\u00eddio-Venceslau.jpg\",\"articleSection\":[\"Regi\u00e3o\"],\"inLanguage\":\"pt-BR\",\"potentialAction\":[{\"@type\":\"CommentAction\",\"name\":\"Comment\",\"target\":[\"https:\/\/radiolifefm.com.br\/noticias\/policia-civil-da-area-de-presidente-venceslau-prende-mais-um-envolvido-em-homicidio\/#respond\"]}]},{\"@type\":\"WebPage\",\"@id\":\"https:\/\/radiolifefm.com.br\/noticias\/policia-civil-da-area-de-presidente-venceslau-prende-mais-um-envolvido-em-homicidio\/\",\"url\":\"https:\/\/radiolifefm.com.br\/noticias\/policia-civil-da-area-de-presidente-venceslau-prende-mais-um-envolvido-em-homicidio\/\",\"name\":\"Pol\u00edcia Civil da \u00e1rea de Presidente Venceslau, prende mais um envolvido em homic\u00eddio - R\u00e1dio Life FM\",\"isPartOf\":{\"@id\":\"https:\/\/radiolifefm.com.br\/noticias\/#website\"},\"primaryImageOfPage\":{\"@id\":\"https:\/\/radiolifefm.com.br\/noticias\/policia-civil-da-area-de-presidente-venceslau-prende-mais-um-envolvido-em-homicidio\/#primaryimage\"},\"image\":{\"@id\":\"https:\/\/radiolifefm.com.br\/noticias\/policia-civil-da-area-de-presidente-venceslau-prende-mais-um-envolvido-em-homicidio\/#primaryimage\"},\"thumbnailUrl\":\"https:\/\/radiolifefm.com.br\/noticias\/wp-content\/uploads\/2019\/05\/Homic\u00eddio-Venceslau.jpg\",\"datePublished\":\"2019-05-11T15:43:02+00:00\",\"dateModified\":\"2026-04-30T09:26:00+00:00\",\"breadcrumb\":{\"@id\":\"https:\/\/radiolifefm.com.br\/noticias\/policia-civil-da-area-de-presidente-venceslau-prende-mais-um-envolvido-em-homicidio\/#breadcrumb\"},\"inLanguage\":\"pt-BR\",\"potentialAction\":[{\"@type\":\"ReadAction\",\"target\":[\"https:\/\/radiolifefm.com.br\/noticias\/policia-civil-da-area-de-presidente-venceslau-prende-mais-um-envolvido-em-homicidio\/\"]}]},{\"@type\":\"ImageObject\",\"inLanguage\":\"pt-BR\",\"@id\":\"https:\/\/radiolifefm.com.br\/noticias\/policia-civil-da-area-de-presidente-venceslau-prende-mais-um-envolvido-em-homicidio\/#primaryimage\",\"url\":\"https:\/\/radiolifefm.com.br\/noticias\/wp-content\/uploads\/2019\/05\/Homic\u00eddio-Venceslau.jpg\",\"contentUrl\":\"https:\/\/radiolifefm.com.br\/noticias\/wp-content\/uploads\/2019\/05\/Homic\u00eddio-Venceslau.jpg\",\"width\":979,\"height\":575,\"caption\":\"Opera\u00e7\u00e3o policial prende mais um envolvido em homic\u00eddio em presidente Venceslau - Foto - Pol\u00edcia\/Cedida\"},{\"@type\":\"BreadcrumbList\",\"@id\":\"https:\/\/radiolifefm.com.br\/noticias\/policia-civil-da-area-de-presidente-venceslau-prende-mais-um-envolvido-em-homicidio\/#breadcrumb\",\"itemListElement\":[{\"@type\":\"ListItem\",\"position\":1,\"name\":\"In\u00edcio\",\"item\":\"https:\/\/radiolifefm.com.br\/noticias\/\"},{\"@type\":\"ListItem\",\"position\":2,\"name\":\"Pol\u00edcia Civil da \u00e1rea de Presidente Venceslau, prende mais um envolvido em homic\u00eddio\"}]},{\"@type\":\"WebSite\",\"@id\":\"https:\/\/radiolifefm.com.br\/noticias\/#website\",\"url\":\"https:\/\/radiolifefm.com.br\/noticias\/\",\"name\":\"R\u00e1dio Life FM\",\"description\":\"O Portal de Not\u00edcias de Adamantina\",\"publisher\":{\"@id\":\"https:\/\/radiolifefm.com.br\/noticias\/#organization\"},\"alternateName\":\"Life FM\",\"potentialAction\":[{\"@type\":\"SearchAction\",\"target\":{\"@type\":\"EntryPoint\",\"urlTemplate\":\"https:\/\/radiolifefm.com.br\/noticias\/?s={search_term_string}\"},\"query-input\":{\"@type\":\"PropertyValueSpecification\",\"valueRequired\":true,\"valueName\":\"search_term_string\"}}],\"inLanguage\":\"pt-BR\"},{\"@type\":\"Organization\",\"@id\":\"https:\/\/radiolifefm.com.br\/noticias\/#organization\",\"name\":\"R\u00e1dio Life FM\",\"alternateName\":\"Life FM\",\"url\":\"https:\/\/radiolifefm.com.br\/noticias\/\",\"logo\":{\"@type\":\"ImageObject\",\"inLanguage\":\"pt-BR\",\"@id\":\"https:\/\/radiolifefm.com.br\/noticias\/#\/schema\/logo\/image\/\",\"url\":\"https:\/\/static.radiolifefm.com.br\/noticias\/wp-content\/uploads\/2019\/10\/logo-lifefm.png\",\"contentUrl\":\"https:\/\/static.radiolifefm.com.br\/noticias\/wp-content\/uploads\/2019\/10\/logo-lifefm.png\",\"width\":196,\"height\":47,\"caption\":\"R\u00e1dio Life FM\"},\"image\":{\"@id\":\"https:\/\/radiolifefm.com.br\/noticias\/#\/schema\/logo\/image\/\"},\"sameAs\":[\"https:\/\/www.facebook.com\/radiolifefm\/\",\"https:\/\/www.instagram.com\/life1079fm\/\"]},{\"@type\":\"Person\",\"@id\":\"https:\/\/radiolifefm.com.br\/noticias\/#\/schema\/person\/1d4e4b1301322090c6221bf1c8420490\",\"name\":\"lifefm\",\"image\":{\"@type\":\"ImageObject\",\"inLanguage\":\"pt-BR\",\"@id\":\"https:\/\/secure.gravatar.com\/avatar\/eca268467d925ec97d20641bb054fd944c0abb2f92854171620706bbe6474e7c?s=96&d=mm&r=g\",\"url\":\"https:\/\/secure.gravatar.com\/avatar\/eca268467d925ec97d20641bb054fd944c0abb2f92854171620706bbe6474e7c?s=96&d=mm&r=g\",\"contentUrl\":\"https:\/\/secure.gravatar.com\/avatar\/eca268467d925ec97d20641bb054fd944c0abb2f92854171620706bbe6474e7c?s=96&d=mm&r=g\",\"caption\":\"lifefm\"}}]}<\/script>\n<!-- \/ Yoast SEO plugin. -->","yoast_head_json":{"title":"Pol\u00edcia Civil da \u00e1rea de Presidente Venceslau, prende mais um envolvido em homic\u00eddio - R\u00e1dio Life FM","robots":{"index":"index","follow":"follow","max-snippet":"max-snippet:-1","max-image-preview":"max-image-preview:large","max-video-preview":"max-video-preview:-1"},"canonical":"https:\/\/radiolifefm.com.br\/noticias\/policia-civil-da-area-de-presidente-venceslau-prende-mais-um-envolvido-em-homicidio\/","og_locale":"pt_BR","og_type":"article","og_title":"Pol\u00edcia Civil da \u00e1rea de Presidente Venceslau, prende mais um envolvido em homic\u00eddio - R\u00e1dio Life FM","og_description":"A Pol\u00edcia Civil, por interm\u00e9dio da Delegacia de Investiga\u00e7\u00f5es Geais e Sobre Entorpecentes (DIG\/DISE), com o apoio da Central de Pol\u00edcia Judici\u00e1ria (CPJ), Delegacia de Pol\u00edcia do Munic\u00edpio de Piquerobi e da Pol\u00edcia Militar\/For\u00e7a T\u00e1tica, cumpriram um mandado de pris\u00e3o tempor\u00e1ria em desfavor de \u201cV.H.M.S.\u201d, de 20 anos, bem como foram cumpridas buscas domiciliares com [&hellip;]","og_url":"https:\/\/radiolifefm.com.br\/noticias\/policia-civil-da-area-de-presidente-venceslau-prende-mais-um-envolvido-em-homicidio\/","og_site_name":"R\u00e1dio Life FM","article_publisher":"https:\/\/www.facebook.com\/radiolifefm\/","article_published_time":"2019-05-11T15:43:02+00:00","article_modified_time":"2026-04-30T09:26:00+00:00","og_image":[{"width":979,"height":575,"url":"https:\/\/radiolifefm.com.br\/noticias\/wp-content\/uploads\/2019\/05\/Homic\u00eddio-Venceslau.jpg","type":"image\/jpeg"}],"author":"lifefm","twitter_card":"summary_large_image","twitter_misc":{"Escrito por":"lifefm","Est. tempo de leitura":"1 minuto"},"schema":{"@context":"https:\/\/schema.org","@graph":[{"@type":"Article","@id":"https:\/\/radiolifefm.com.br\/noticias\/policia-civil-da-area-de-presidente-venceslau-prende-mais-um-envolvido-em-homicidio\/#article","isPartOf":{"@id":"https:\/\/radiolifefm.com.br\/noticias\/policia-civil-da-area-de-presidente-venceslau-prende-mais-um-envolvido-em-homicidio\/"},"author":{"name":"lifefm","@id":"https:\/\/radiolifefm.com.br\/noticias\/#\/schema\/person\/1d4e4b1301322090c6221bf1c8420490"},"headline":"Pol\u00edcia Civil da \u00e1rea de Presidente Venceslau, prende mais um envolvido em homic\u00eddio","datePublished":"2019-05-11T15:43:02+00:00","dateModified":"2026-04-30T09:26:00+00:00","mainEntityOfPage":{"@id":"https:\/\/radiolifefm.com.br\/noticias\/policia-civil-da-area-de-presidente-venceslau-prende-mais-um-envolvido-em-homicidio\/"},"wordCount":209,"commentCount":0,"publisher":{"@id":"https:\/\/radiolifefm.com.br\/noticias\/#organization"},"image":{"@id":"https:\/\/radiolifefm.com.br\/noticias\/policia-civil-da-area-de-presidente-venceslau-prende-mais-um-envolvido-em-homicidio\/#primaryimage"},"thumbnailUrl":"https:\/\/radiolifefm.com.br\/noticias\/wp-content\/uploads\/2019\/05\/Homic\u00eddio-Venceslau.jpg","articleSection":["Regi\u00e3o"],"inLanguage":"pt-BR","potentialAction":[{"@type":"CommentAction","name":"Comment","target":["https:\/\/radiolifefm.com.br\/noticias\/policia-civil-da-area-de-presidente-venceslau-prende-mais-um-envolvido-em-homicidio\/#respond"]}]},{"@type":"WebPage","@id":"https:\/\/radiolifefm.com.br\/noticias\/policia-civil-da-area-de-presidente-venceslau-prende-mais-um-envolvido-em-homicidio\/","url":"https:\/\/radiolifefm.com.br\/noticias\/policia-civil-da-area-de-presidente-venceslau-prende-mais-um-envolvido-em-homicidio\/","name":"Pol\u00edcia Civil da \u00e1rea de Presidente Venceslau, prende mais um envolvido em homic\u00eddio - R\u00e1dio Life FM","isPartOf":{"@id":"https:\/\/radiolifefm.com.br\/noticias\/#website"},"primaryImageOfPage":{"@id":"https:\/\/radiolifefm.com.br\/noticias\/policia-civil-da-area-de-presidente-venceslau-prende-mais-um-envolvido-em-homicidio\/#primaryimage"},"image":{"@id":"https:\/\/radiolifefm.com.br\/noticias\/policia-civil-da-area-de-presidente-venceslau-prende-mais-um-envolvido-em-homicidio\/#primaryimage"},"thumbnailUrl":"https:\/\/radiolifefm.com.br\/noticias\/wp-content\/uploads\/2019\/05\/Homic\u00eddio-Venceslau.jpg","datePublished":"2019-05-11T15:43:02+00:00","dateModified":"2026-04-30T09:26:00+00:00","breadcrumb":{"@id":"https:\/\/radiolifefm.com.br\/noticias\/policia-civil-da-area-de-presidente-venceslau-prende-mais-um-envolvido-em-homicidio\/#breadcrumb"},"inLanguage":"pt-BR","potentialAction":[{"@type":"ReadAction","target":["https:\/\/radiolifefm.com.br\/noticias\/policia-civil-da-area-de-presidente-venceslau-prende-mais-um-envolvido-em-homicidio\/"]}]},{"@type":"ImageObject","inLanguage":"pt-BR","@id":"https:\/\/radiolifefm.com.br\/noticias\/policia-civil-da-area-de-presidente-venceslau-prende-mais-um-envolvido-em-homicidio\/#primaryimage","url":"https:\/\/radiolifefm.com.br\/noticias\/wp-content\/uploads\/2019\/05\/Homic\u00eddio-Venceslau.jpg","contentUrl":"https:\/\/radiolifefm.com.br\/noticias\/wp-content\/uploads\/2019\/05\/Homic\u00eddio-Venceslau.jpg","width":979,"height":575,"caption":"Opera\u00e7\u00e3o policial prende mais um envolvido em homic\u00eddio em presidente Venceslau - Foto - Pol\u00edcia\/Cedida"},{"@type":"BreadcrumbList","@id":"https:\/\/radiolifefm.com.br\/noticias\/policia-civil-da-area-de-presidente-venceslau-prende-mais-um-envolvido-em-homicidio\/#breadcrumb","itemListElement":[{"@type":"ListItem","position":1,"name":"In\u00edcio","item":"https:\/\/radiolifefm.com.br\/noticias\/"},{"@type":"ListItem","position":2,"name":"Pol\u00edcia Civil da \u00e1rea de Presidente Venceslau, prende mais um envolvido em homic\u00eddio"}]},{"@type":"WebSite","@id":"https:\/\/radiolifefm.com.br\/noticias\/#website","url":"https:\/\/radiolifefm.com.br\/noticias\/","name":"R\u00e1dio Life FM","description":"O Portal de Not\u00edcias de Adamantina","publisher":{"@id":"https:\/\/radiolifefm.com.br\/noticias\/#organization"},"alternateName":"Life FM","potentialAction":[{"@type":"SearchAction","target":{"@type":"EntryPoint","urlTemplate":"https:\/\/radiolifefm.com.br\/noticias\/?s={search_term_string}"},"query-input":{"@type":"PropertyValueSpecification","valueRequired":true,"valueName":"search_term_string"}}],"inLanguage":"pt-BR"},{"@type":"Organization","@id":"https:\/\/radiolifefm.com.br\/noticias\/#organization","name":"R\u00e1dio Life FM","alternateName":"Life FM","url":"https:\/\/radiolifefm.com.br\/noticias\/","logo":{"@type":"ImageObject","inLanguage":"pt-BR","@id":"https:\/\/radiolifefm.com.br\/noticias\/#\/schema\/logo\/image\/","url":"https:\/\/static.radiolifefm.com.br\/noticias\/wp-content\/uploads\/2019\/10\/logo-lifefm.png","contentUrl":"https:\/\/static.radiolifefm.com.br\/noticias\/wp-content\/uploads\/2019\/10\/logo-lifefm.png","width":196,"height":47,"caption":"R\u00e1dio Life FM"},"image":{"@id":"https:\/\/radiolifefm.com.br\/noticias\/#\/schema\/logo\/image\/"},"sameAs":["https:\/\/www.facebook.com\/radiolifefm\/","https:\/\/www.instagram.com\/life1079fm\/"]},{"@type":"Person","@id":"https:\/\/radiolifefm.com.br\/noticias\/#\/schema\/person\/1d4e4b1301322090c6221bf1c8420490","name":"lifefm","image":{"@type":"ImageObject","inLanguage":"pt-BR","@id":"https:\/\/secure.gravatar.com\/avatar\/eca268467d925ec97d20641bb054fd944c0abb2f92854171620706bbe6474e7c?s=96&d=mm&r=g","url":"https:\/\/secure.gravatar.com\/avatar\/eca268467d925ec97d20641bb054fd944c0abb2f92854171620706bbe6474e7c?s=96&d=mm&r=g","contentUrl":"https:\/\/secure.gravatar.com\/avatar\/eca268467d925ec97d20641bb054fd944c0abb2f92854171620706bbe6474e7c?s=96&d=mm&r=g","caption":"lifefm"}}]}},"amp_enabled":true,"_links":{"self":[{"href":"https:\/\/radiolifefm.com.br\/noticias\/wp-json\/wp\/v2\/posts\/12951","targetHints":{"allow":["GET"]}}],"collection":[{"href":"https:\/\/radiolifefm.com.br\/noticias\/wp-json\/wp\/v2\/posts"}],"about":[{"href":"https:\/\/radiolifefm.com.br\/noticias\/wp-json\/wp\/v2\/types\/post"}],"author":[{"embeddable":true,"href":"https:\/\/radiolifefm.com.br\/noticias\/wp-json\/wp\/v2\/users\/3"}],"replies":[{"embeddable":true,"href":"https:\/\/radiolifefm.com.br\/noticias\/wp-json\/wp\/v2\/comments?post=12951"}],"version-history":[{"count":1,"href":"https:\/\/radiolifefm.com.br\/noticias\/wp-json\/wp\/v2\/posts\/12951\/revisions"}],"predecessor-version":[{"id":12953,"href":"https:\/\/radiolifefm.com.br\/noticias\/wp-json\/wp\/v2\/posts\/12951\/revisions\/12953"}],"wp:featuredmedia":[{"embeddable":true,"href":"https:\/\/radiolifefm.com.br\/noticias\/wp-json\/wp\/v2\/media\/12952"}],"wp:attachment":[{"href":"https:\/\/radiolifefm.com.br\/noticias\/wp-json\/wp\/v2\/media?parent=12951"}],"wp:term":[{"taxonomy":"category","embeddable":true,"href":"https:\/\/radiolifefm.com.br\/noticias\/wp-json\/wp\/v2\/categories?post=12951"},{"taxonomy":"post_tag","embeddable":true,"href":"https:\/\/radiolifefm.com.br\/noticias\/wp-json\/wp\/v2\/tags?post=12951"}],"curies":[{"name":"wp","href":"https:\/\/api.w.org\/{rel}","templated":true}]}}