{"id":12937,"date":"2019-05-10T10:10:04","date_gmt":"2019-05-10T13:10:04","guid":{"rendered":"https:\/\/radiolifefm.com.br\/noticias\/?p=12937"},"modified":"2026-04-27T20:46:19","modified_gmt":"2026-04-27T23:46:19","slug":"secretaria-de-educacao-de-oc-comemora-1-ano-do-projeto-de-uma-mao-para-o-nosso-coletor","status":"publish","type":"post","link":"https:\/\/radiolifefm.com.br\/noticias\/secretaria-de-educacao-de-oc-comemora-1-ano-do-projeto-de-uma-mao-para-o-nosso-coletor\/","title":{"rendered":"Secretaria de Educa\u00e7\u00e3o de OC comemora 1 ano do Projeto \u201cD\u00ea uma m\u00e3o para o nosso Coletor\u201d"},"content":{"rendered":"<div id=\"fb-root\"><\/div>\n<p><em>Comemora\u00e7\u00e3o do primeiro ano de execu\u00e7\u00e3o do projeto foi realizada na Escola Max Wirth<\/em><\/p>\n<p>A prefeitura de Osvaldo Cruz, atrav\u00e9s da Secretaria Municipal de Educa\u00e7\u00e3o e a T\u00e9cnica de Seguran\u00e7a no Trabalho, comemoraram nesta quinta-feira (09), um ano de sucesso na execu\u00e7\u00e3o do Projeto, \u201dD\u00ea uma M\u00e3o ao Nosso Coletor\u201d, visando proteger os colaboradores da coleta de lixo.<\/p>\n<p>Todo os dias eles recolhem os restos de tudo o que usamos e descartamos. Fa\u00e7a chuva ou fa\u00e7a sol, frio ou calor, eles n\u00e3o falham. Esse \u00e9 o trabalho de um coletor de lixo, mais conhecido por lixeiro ou Gari.<\/p>\n<p>A a\u00e7\u00e3o trabalhou junto aos alunos do ensino fundamental a\u00e7\u00f5es para ensinar como prevenir acidentes com materiais que s\u00e3o jogados no lixo e onde ocorre o maior n\u00famero de acidentes por parte dos funcion\u00e1rios da Limpeza P\u00fablica.<\/p>\n<p>Como acondicionar de forma correta agulhas, seringas, vidros, utens\u00edlios quebrados e outros materiais que podem lesionar os servidores.<\/p>\n<div class='flex flex-wrap items-center -mx-1'>\r\n<a class='thumbnail gallery p-1 w-1\/2 md:w-1\/4' href='https:\/\/radiolifefm.com.br\/noticias\/wp-content\/uploads\/2019\/05\/Educa\u00e7\u00e3o-OC-1.jpg'><img class='border border-white' src='https:\/\/radiolifefm.com.br\/noticias\/wp-content\/uploads\/2019\/05\/Educa\u00e7\u00e3o-OC-1-200x200.jpg' alt='Educa\u00e7\u00e3o   OC   1' \/><\/a><\/div>\n<p>A comemora\u00e7\u00e3o de um ano do projeto \u201cD\u00ea uma M\u00e3o para o Nosso coletor\u201d, ocorreu com apresenta\u00e7\u00f5es art\u00edsticas, homenagem aos coletores, b\u00ean\u00e7\u00e3o do P\u00e1roco, Padre Rog\u00e9rio Mendes e contou com a presen\u00e7a de autoridades.<\/p>\n<p>A festiva foi realizada em conjunto com as secretarias municipais de Agricultura e Meio Ambiente e Opera\u00e7\u00f5es e Servi\u00e7os Urbanos.<\/p>\n<p>Assessoria de imprensa<\/p>\n<p>Reda\u00e7\u00e3o &#8211; Kako de Oliveira<\/p>\n","protected":false},"excerpt":{"rendered":"<p>Comemora\u00e7\u00e3o do primeiro ano de execu\u00e7\u00e3o do projeto foi realizada na Escola Max Wirth A prefeitura de Osvaldo Cruz, atrav\u00e9s da Secretaria Municipal de Educa\u00e7\u00e3o e a T\u00e9cnica de Seguran\u00e7a no Trabalho, comemoraram nesta quinta-feira (09), um ano de sucesso na execu\u00e7\u00e3o do Projeto, \u201dD\u00ea uma M\u00e3o ao Nosso Coletor\u201d, visando proteger os colaboradores da [&hellip;]<\/p>\n","protected":false},"author":3,"featured_media":12938,"comment_status":"closed","ping_status":"open","sticky":false,"template":"","format":"standard","meta":{"_acf_changed":false,"_exactmetrics_skip_tracking":false,"_exactmetrics_sitenote_active":false,"_exactmetrics_sitenote_note":"","_exactmetrics_sitenote_category":0,"footnotes":""},"categories":[24],"tags":[],"class_list":["post-12937","post","type-post","status-publish","format-standard","has-post-thumbnail","hentry","category-regiao"],"acf":[],"yoast_head":"<!-- This site is optimized with the Yoast SEO plugin v27.2 - https:\/\/yoast.com\/product\/yoast-seo-wordpress\/ -->\n<title>Secretaria de Educa\u00e7\u00e3o de OC comemora 1 ano do Projeto \u201cD\u00ea uma m\u00e3o para o nosso Coletor\u201d - R\u00e1dio Life FM<\/title>\n<meta name=\"robots\" content=\"index, follow, max-snippet:-1, max-image-preview:large, max-video-preview:-1\" \/>\n<link rel=\"canonical\" href=\"https:\/\/radiolifefm.com.br\/noticias\/secretaria-de-educacao-de-oc-comemora-1-ano-do-projeto-de-uma-mao-para-o-nosso-coletor\/\" \/>\n<meta property=\"og:locale\" content=\"pt_BR\" \/>\n<meta property=\"og:type\" content=\"article\" \/>\n<meta property=\"og:title\" content=\"Secretaria de Educa\u00e7\u00e3o de OC comemora 1 ano do Projeto \u201cD\u00ea uma m\u00e3o para o nosso Coletor\u201d - R\u00e1dio Life FM\" \/>\n<meta property=\"og:description\" content=\"Comemora\u00e7\u00e3o do primeiro ano de execu\u00e7\u00e3o do projeto foi realizada na Escola Max Wirth A prefeitura de Osvaldo Cruz, atrav\u00e9s da Secretaria Municipal de Educa\u00e7\u00e3o e a T\u00e9cnica de Seguran\u00e7a no Trabalho, comemoraram nesta quinta-feira (09), um ano de sucesso na execu\u00e7\u00e3o do Projeto, \u201dD\u00ea uma M\u00e3o ao Nosso Coletor\u201d, visando proteger os colaboradores da [&hellip;]\" \/>\n<meta property=\"og:url\" content=\"https:\/\/radiolifefm.com.br\/noticias\/secretaria-de-educacao-de-oc-comemora-1-ano-do-projeto-de-uma-mao-para-o-nosso-coletor\/\" \/>\n<meta property=\"og:site_name\" content=\"R\u00e1dio Life FM\" \/>\n<meta property=\"article:publisher\" content=\"https:\/\/www.facebook.com\/radiolifefm\/\" \/>\n<meta property=\"article:published_time\" content=\"2019-05-10T13:10:04+00:00\" \/>\n<meta property=\"article:modified_time\" content=\"2026-04-27T23:46:19+00:00\" \/>\n<meta property=\"og:image\" content=\"https:\/\/radiolifefm.com.br\/noticias\/wp-content\/uploads\/2019\/05\/Educa\u00e7\u00e3o-OC.jpg\" \/>\n\t<meta property=\"og:image:width\" content=\"960\" \/>\n\t<meta property=\"og:image:height\" content=\"720\" \/>\n\t<meta property=\"og:image:type\" content=\"image\/jpeg\" \/>\n<meta name=\"author\" content=\"lifefm\" \/>\n<meta name=\"twitter:card\" content=\"summary_large_image\" \/>\n<meta name=\"twitter:label1\" content=\"Escrito por\" \/>\n\t<meta name=\"twitter:data1\" content=\"lifefm\" \/>\n\t<meta name=\"twitter:label2\" content=\"Est. tempo de leitura\" \/>\n\t<meta name=\"twitter:data2\" content=\"1 minuto\" \/>\n<script type=\"application\/ld+json\" class=\"yoast-schema-graph\">{\"@context\":\"https:\/\/schema.org\",\"@graph\":[{\"@type\":\"Article\",\"@id\":\"https:\/\/radiolifefm.com.br\/noticias\/secretaria-de-educacao-de-oc-comemora-1-ano-do-projeto-de-uma-mao-para-o-nosso-coletor\/#article\",\"isPartOf\":{\"@id\":\"https:\/\/radiolifefm.com.br\/noticias\/secretaria-de-educacao-de-oc-comemora-1-ano-do-projeto-de-uma-mao-para-o-nosso-coletor\/\"},\"author\":{\"name\":\"lifefm\",\"@id\":\"https:\/\/radiolifefm.com.br\/noticias\/#\/schema\/person\/1d4e4b1301322090c6221bf1c8420490\"},\"headline\":\"Secretaria de Educa\u00e7\u00e3o de OC comemora 1 ano do Projeto \u201cD\u00ea uma m\u00e3o para o nosso Coletor\u201d\",\"datePublished\":\"2019-05-10T13:10:04+00:00\",\"dateModified\":\"2026-04-27T23:46:19+00:00\",\"mainEntityOfPage\":{\"@id\":\"https:\/\/radiolifefm.com.br\/noticias\/secretaria-de-educacao-de-oc-comemora-1-ano-do-projeto-de-uma-mao-para-o-nosso-coletor\/\"},\"wordCount\":263,\"publisher\":{\"@id\":\"https:\/\/radiolifefm.com.br\/noticias\/#organization\"},\"image\":{\"@id\":\"https:\/\/radiolifefm.com.br\/noticias\/secretaria-de-educacao-de-oc-comemora-1-ano-do-projeto-de-uma-mao-para-o-nosso-coletor\/#primaryimage\"},\"thumbnailUrl\":\"https:\/\/radiolifefm.com.br\/noticias\/wp-content\/uploads\/2019\/05\/Educa\u00e7\u00e3o-OC.jpg\",\"articleSection\":[\"Regi\u00e3o\"],\"inLanguage\":\"pt-BR\"},{\"@type\":\"WebPage\",\"@id\":\"https:\/\/radiolifefm.com.br\/noticias\/secretaria-de-educacao-de-oc-comemora-1-ano-do-projeto-de-uma-mao-para-o-nosso-coletor\/\",\"url\":\"https:\/\/radiolifefm.com.br\/noticias\/secretaria-de-educacao-de-oc-comemora-1-ano-do-projeto-de-uma-mao-para-o-nosso-coletor\/\",\"name\":\"Secretaria de Educa\u00e7\u00e3o de OC comemora 1 ano do Projeto \u201cD\u00ea uma m\u00e3o para o nosso Coletor\u201d - R\u00e1dio Life FM\",\"isPartOf\":{\"@id\":\"https:\/\/radiolifefm.com.br\/noticias\/#website\"},\"primaryImageOfPage\":{\"@id\":\"https:\/\/radiolifefm.com.br\/noticias\/secretaria-de-educacao-de-oc-comemora-1-ano-do-projeto-de-uma-mao-para-o-nosso-coletor\/#primaryimage\"},\"image\":{\"@id\":\"https:\/\/radiolifefm.com.br\/noticias\/secretaria-de-educacao-de-oc-comemora-1-ano-do-projeto-de-uma-mao-para-o-nosso-coletor\/#primaryimage\"},\"thumbnailUrl\":\"https:\/\/radiolifefm.com.br\/noticias\/wp-content\/uploads\/2019\/05\/Educa\u00e7\u00e3o-OC.jpg\",\"datePublished\":\"2019-05-10T13:10:04+00:00\",\"dateModified\":\"2026-04-27T23:46:19+00:00\",\"breadcrumb\":{\"@id\":\"https:\/\/radiolifefm.com.br\/noticias\/secretaria-de-educacao-de-oc-comemora-1-ano-do-projeto-de-uma-mao-para-o-nosso-coletor\/#breadcrumb\"},\"inLanguage\":\"pt-BR\",\"potentialAction\":[{\"@type\":\"ReadAction\",\"target\":[\"https:\/\/radiolifefm.com.br\/noticias\/secretaria-de-educacao-de-oc-comemora-1-ano-do-projeto-de-uma-mao-para-o-nosso-coletor\/\"]}]},{\"@type\":\"ImageObject\",\"inLanguage\":\"pt-BR\",\"@id\":\"https:\/\/radiolifefm.com.br\/noticias\/secretaria-de-educacao-de-oc-comemora-1-ano-do-projeto-de-uma-mao-para-o-nosso-coletor\/#primaryimage\",\"url\":\"https:\/\/radiolifefm.com.br\/noticias\/wp-content\/uploads\/2019\/05\/Educa\u00e7\u00e3o-OC.jpg\",\"contentUrl\":\"https:\/\/radiolifefm.com.br\/noticias\/wp-content\/uploads\/2019\/05\/Educa\u00e7\u00e3o-OC.jpg\",\"width\":960,\"height\":720,\"caption\":\"D\u00ea uma M\u00e3o ao Nosso Coletor, projeto desenvolvido pela Secretaria de Educa\u00e7\u00e3o de Osvaldo cruz - Foto - Assessoria de Imprensa\"},{\"@type\":\"BreadcrumbList\",\"@id\":\"https:\/\/radiolifefm.com.br\/noticias\/secretaria-de-educacao-de-oc-comemora-1-ano-do-projeto-de-uma-mao-para-o-nosso-coletor\/#breadcrumb\",\"itemListElement\":[{\"@type\":\"ListItem\",\"position\":1,\"name\":\"In\u00edcio\",\"item\":\"https:\/\/radiolifefm.com.br\/noticias\/\"},{\"@type\":\"ListItem\",\"position\":2,\"name\":\"Secretaria de Educa\u00e7\u00e3o de OC comemora 1 ano do Projeto \u201cD\u00ea uma m\u00e3o para o nosso Coletor\u201d\"}]},{\"@type\":\"WebSite\",\"@id\":\"https:\/\/radiolifefm.com.br\/noticias\/#website\",\"url\":\"https:\/\/radiolifefm.com.br\/noticias\/\",\"name\":\"R\u00e1dio Life FM\",\"description\":\"O Portal de Not\u00edcias de Adamantina\",\"publisher\":{\"@id\":\"https:\/\/radiolifefm.com.br\/noticias\/#organization\"},\"alternateName\":\"Life FM\",\"potentialAction\":[{\"@type\":\"SearchAction\",\"target\":{\"@type\":\"EntryPoint\",\"urlTemplate\":\"https:\/\/radiolifefm.com.br\/noticias\/?s={search_term_string}\"},\"query-input\":{\"@type\":\"PropertyValueSpecification\",\"valueRequired\":true,\"valueName\":\"search_term_string\"}}],\"inLanguage\":\"pt-BR\"},{\"@type\":\"Organization\",\"@id\":\"https:\/\/radiolifefm.com.br\/noticias\/#organization\",\"name\":\"R\u00e1dio Life FM\",\"alternateName\":\"Life FM\",\"url\":\"https:\/\/radiolifefm.com.br\/noticias\/\",\"logo\":{\"@type\":\"ImageObject\",\"inLanguage\":\"pt-BR\",\"@id\":\"https:\/\/radiolifefm.com.br\/noticias\/#\/schema\/logo\/image\/\",\"url\":\"https:\/\/static.radiolifefm.com.br\/noticias\/wp-content\/uploads\/2019\/10\/logo-lifefm.png\",\"contentUrl\":\"https:\/\/static.radiolifefm.com.br\/noticias\/wp-content\/uploads\/2019\/10\/logo-lifefm.png\",\"width\":196,\"height\":47,\"caption\":\"R\u00e1dio Life FM\"},\"image\":{\"@id\":\"https:\/\/radiolifefm.com.br\/noticias\/#\/schema\/logo\/image\/\"},\"sameAs\":[\"https:\/\/www.facebook.com\/radiolifefm\/\",\"https:\/\/www.instagram.com\/life1079fm\/\"]},{\"@type\":\"Person\",\"@id\":\"https:\/\/radiolifefm.com.br\/noticias\/#\/schema\/person\/1d4e4b1301322090c6221bf1c8420490\",\"name\":\"lifefm\",\"image\":{\"@type\":\"ImageObject\",\"inLanguage\":\"pt-BR\",\"@id\":\"https:\/\/secure.gravatar.com\/avatar\/eca268467d925ec97d20641bb054fd944c0abb2f92854171620706bbe6474e7c?s=96&d=mm&r=g\",\"url\":\"https:\/\/secure.gravatar.com\/avatar\/eca268467d925ec97d20641bb054fd944c0abb2f92854171620706bbe6474e7c?s=96&d=mm&r=g\",\"contentUrl\":\"https:\/\/secure.gravatar.com\/avatar\/eca268467d925ec97d20641bb054fd944c0abb2f92854171620706bbe6474e7c?s=96&d=mm&r=g\",\"caption\":\"lifefm\"}}]}<\/script>\n<!-- \/ Yoast SEO plugin. -->","yoast_head_json":{"title":"Secretaria de Educa\u00e7\u00e3o de OC comemora 1 ano do Projeto \u201cD\u00ea uma m\u00e3o para o nosso Coletor\u201d - R\u00e1dio Life FM","robots":{"index":"index","follow":"follow","max-snippet":"max-snippet:-1","max-image-preview":"max-image-preview:large","max-video-preview":"max-video-preview:-1"},"canonical":"https:\/\/radiolifefm.com.br\/noticias\/secretaria-de-educacao-de-oc-comemora-1-ano-do-projeto-de-uma-mao-para-o-nosso-coletor\/","og_locale":"pt_BR","og_type":"article","og_title":"Secretaria de Educa\u00e7\u00e3o de OC comemora 1 ano do Projeto \u201cD\u00ea uma m\u00e3o para o nosso Coletor\u201d - R\u00e1dio Life FM","og_description":"Comemora\u00e7\u00e3o do primeiro ano de execu\u00e7\u00e3o do projeto foi realizada na Escola Max Wirth A prefeitura de Osvaldo Cruz, atrav\u00e9s da Secretaria Municipal de Educa\u00e7\u00e3o e a T\u00e9cnica de Seguran\u00e7a no Trabalho, comemoraram nesta quinta-feira (09), um ano de sucesso na execu\u00e7\u00e3o do Projeto, \u201dD\u00ea uma M\u00e3o ao Nosso Coletor\u201d, visando proteger os colaboradores da [&hellip;]","og_url":"https:\/\/radiolifefm.com.br\/noticias\/secretaria-de-educacao-de-oc-comemora-1-ano-do-projeto-de-uma-mao-para-o-nosso-coletor\/","og_site_name":"R\u00e1dio Life FM","article_publisher":"https:\/\/www.facebook.com\/radiolifefm\/","article_published_time":"2019-05-10T13:10:04+00:00","article_modified_time":"2026-04-27T23:46:19+00:00","og_image":[{"width":960,"height":720,"url":"https:\/\/radiolifefm.com.br\/noticias\/wp-content\/uploads\/2019\/05\/Educa\u00e7\u00e3o-OC.jpg","type":"image\/jpeg"}],"author":"lifefm","twitter_card":"summary_large_image","twitter_misc":{"Escrito por":"lifefm","Est. tempo de leitura":"1 minuto"},"schema":{"@context":"https:\/\/schema.org","@graph":[{"@type":"Article","@id":"https:\/\/radiolifefm.com.br\/noticias\/secretaria-de-educacao-de-oc-comemora-1-ano-do-projeto-de-uma-mao-para-o-nosso-coletor\/#article","isPartOf":{"@id":"https:\/\/radiolifefm.com.br\/noticias\/secretaria-de-educacao-de-oc-comemora-1-ano-do-projeto-de-uma-mao-para-o-nosso-coletor\/"},"author":{"name":"lifefm","@id":"https:\/\/radiolifefm.com.br\/noticias\/#\/schema\/person\/1d4e4b1301322090c6221bf1c8420490"},"headline":"Secretaria de Educa\u00e7\u00e3o de OC comemora 1 ano do Projeto \u201cD\u00ea uma m\u00e3o para o nosso Coletor\u201d","datePublished":"2019-05-10T13:10:04+00:00","dateModified":"2026-04-27T23:46:19+00:00","mainEntityOfPage":{"@id":"https:\/\/radiolifefm.com.br\/noticias\/secretaria-de-educacao-de-oc-comemora-1-ano-do-projeto-de-uma-mao-para-o-nosso-coletor\/"},"wordCount":263,"publisher":{"@id":"https:\/\/radiolifefm.com.br\/noticias\/#organization"},"image":{"@id":"https:\/\/radiolifefm.com.br\/noticias\/secretaria-de-educacao-de-oc-comemora-1-ano-do-projeto-de-uma-mao-para-o-nosso-coletor\/#primaryimage"},"thumbnailUrl":"https:\/\/radiolifefm.com.br\/noticias\/wp-content\/uploads\/2019\/05\/Educa\u00e7\u00e3o-OC.jpg","articleSection":["Regi\u00e3o"],"inLanguage":"pt-BR"},{"@type":"WebPage","@id":"https:\/\/radiolifefm.com.br\/noticias\/secretaria-de-educacao-de-oc-comemora-1-ano-do-projeto-de-uma-mao-para-o-nosso-coletor\/","url":"https:\/\/radiolifefm.com.br\/noticias\/secretaria-de-educacao-de-oc-comemora-1-ano-do-projeto-de-uma-mao-para-o-nosso-coletor\/","name":"Secretaria de Educa\u00e7\u00e3o de OC comemora 1 ano do Projeto \u201cD\u00ea uma m\u00e3o para o nosso Coletor\u201d - R\u00e1dio Life FM","isPartOf":{"@id":"https:\/\/radiolifefm.com.br\/noticias\/#website"},"primaryImageOfPage":{"@id":"https:\/\/radiolifefm.com.br\/noticias\/secretaria-de-educacao-de-oc-comemora-1-ano-do-projeto-de-uma-mao-para-o-nosso-coletor\/#primaryimage"},"image":{"@id":"https:\/\/radiolifefm.com.br\/noticias\/secretaria-de-educacao-de-oc-comemora-1-ano-do-projeto-de-uma-mao-para-o-nosso-coletor\/#primaryimage"},"thumbnailUrl":"https:\/\/radiolifefm.com.br\/noticias\/wp-content\/uploads\/2019\/05\/Educa\u00e7\u00e3o-OC.jpg","datePublished":"2019-05-10T13:10:04+00:00","dateModified":"2026-04-27T23:46:19+00:00","breadcrumb":{"@id":"https:\/\/radiolifefm.com.br\/noticias\/secretaria-de-educacao-de-oc-comemora-1-ano-do-projeto-de-uma-mao-para-o-nosso-coletor\/#breadcrumb"},"inLanguage":"pt-BR","potentialAction":[{"@type":"ReadAction","target":["https:\/\/radiolifefm.com.br\/noticias\/secretaria-de-educacao-de-oc-comemora-1-ano-do-projeto-de-uma-mao-para-o-nosso-coletor\/"]}]},{"@type":"ImageObject","inLanguage":"pt-BR","@id":"https:\/\/radiolifefm.com.br\/noticias\/secretaria-de-educacao-de-oc-comemora-1-ano-do-projeto-de-uma-mao-para-o-nosso-coletor\/#primaryimage","url":"https:\/\/radiolifefm.com.br\/noticias\/wp-content\/uploads\/2019\/05\/Educa\u00e7\u00e3o-OC.jpg","contentUrl":"https:\/\/radiolifefm.com.br\/noticias\/wp-content\/uploads\/2019\/05\/Educa\u00e7\u00e3o-OC.jpg","width":960,"height":720,"caption":"D\u00ea uma M\u00e3o ao Nosso Coletor, projeto desenvolvido pela Secretaria de Educa\u00e7\u00e3o de Osvaldo cruz - Foto - Assessoria de Imprensa"},{"@type":"BreadcrumbList","@id":"https:\/\/radiolifefm.com.br\/noticias\/secretaria-de-educacao-de-oc-comemora-1-ano-do-projeto-de-uma-mao-para-o-nosso-coletor\/#breadcrumb","itemListElement":[{"@type":"ListItem","position":1,"name":"In\u00edcio","item":"https:\/\/radiolifefm.com.br\/noticias\/"},{"@type":"ListItem","position":2,"name":"Secretaria de Educa\u00e7\u00e3o de OC comemora 1 ano do Projeto \u201cD\u00ea uma m\u00e3o para o nosso Coletor\u201d"}]},{"@type":"WebSite","@id":"https:\/\/radiolifefm.com.br\/noticias\/#website","url":"https:\/\/radiolifefm.com.br\/noticias\/","name":"R\u00e1dio Life FM","description":"O Portal de Not\u00edcias de Adamantina","publisher":{"@id":"https:\/\/radiolifefm.com.br\/noticias\/#organization"},"alternateName":"Life FM","potentialAction":[{"@type":"SearchAction","target":{"@type":"EntryPoint","urlTemplate":"https:\/\/radiolifefm.com.br\/noticias\/?s={search_term_string}"},"query-input":{"@type":"PropertyValueSpecification","valueRequired":true,"valueName":"search_term_string"}}],"inLanguage":"pt-BR"},{"@type":"Organization","@id":"https:\/\/radiolifefm.com.br\/noticias\/#organization","name":"R\u00e1dio Life FM","alternateName":"Life FM","url":"https:\/\/radiolifefm.com.br\/noticias\/","logo":{"@type":"ImageObject","inLanguage":"pt-BR","@id":"https:\/\/radiolifefm.com.br\/noticias\/#\/schema\/logo\/image\/","url":"https:\/\/static.radiolifefm.com.br\/noticias\/wp-content\/uploads\/2019\/10\/logo-lifefm.png","contentUrl":"https:\/\/static.radiolifefm.com.br\/noticias\/wp-content\/uploads\/2019\/10\/logo-lifefm.png","width":196,"height":47,"caption":"R\u00e1dio Life FM"},"image":{"@id":"https:\/\/radiolifefm.com.br\/noticias\/#\/schema\/logo\/image\/"},"sameAs":["https:\/\/www.facebook.com\/radiolifefm\/","https:\/\/www.instagram.com\/life1079fm\/"]},{"@type":"Person","@id":"https:\/\/radiolifefm.com.br\/noticias\/#\/schema\/person\/1d4e4b1301322090c6221bf1c8420490","name":"lifefm","image":{"@type":"ImageObject","inLanguage":"pt-BR","@id":"https:\/\/secure.gravatar.com\/avatar\/eca268467d925ec97d20641bb054fd944c0abb2f92854171620706bbe6474e7c?s=96&d=mm&r=g","url":"https:\/\/secure.gravatar.com\/avatar\/eca268467d925ec97d20641bb054fd944c0abb2f92854171620706bbe6474e7c?s=96&d=mm&r=g","contentUrl":"https:\/\/secure.gravatar.com\/avatar\/eca268467d925ec97d20641bb054fd944c0abb2f92854171620706bbe6474e7c?s=96&d=mm&r=g","caption":"lifefm"}}]}},"amp_enabled":true,"_links":{"self":[{"href":"https:\/\/radiolifefm.com.br\/noticias\/wp-json\/wp\/v2\/posts\/12937","targetHints":{"allow":["GET"]}}],"collection":[{"href":"https:\/\/radiolifefm.com.br\/noticias\/wp-json\/wp\/v2\/posts"}],"about":[{"href":"https:\/\/radiolifefm.com.br\/noticias\/wp-json\/wp\/v2\/types\/post"}],"author":[{"embeddable":true,"href":"https:\/\/radiolifefm.com.br\/noticias\/wp-json\/wp\/v2\/users\/3"}],"replies":[{"embeddable":true,"href":"https:\/\/radiolifefm.com.br\/noticias\/wp-json\/wp\/v2\/comments?post=12937"}],"version-history":[{"count":2,"href":"https:\/\/radiolifefm.com.br\/noticias\/wp-json\/wp\/v2\/posts\/12937\/revisions"}],"predecessor-version":[{"id":13030,"href":"https:\/\/radiolifefm.com.br\/noticias\/wp-json\/wp\/v2\/posts\/12937\/revisions\/13030"}],"wp:featuredmedia":[{"embeddable":true,"href":"https:\/\/radiolifefm.com.br\/noticias\/wp-json\/wp\/v2\/media\/12938"}],"wp:attachment":[{"href":"https:\/\/radiolifefm.com.br\/noticias\/wp-json\/wp\/v2\/media?parent=12937"}],"wp:term":[{"taxonomy":"category","embeddable":true,"href":"https:\/\/radiolifefm.com.br\/noticias\/wp-json\/wp\/v2\/categories?post=12937"},{"taxonomy":"post_tag","embeddable":true,"href":"https:\/\/radiolifefm.com.br\/noticias\/wp-json\/wp\/v2\/tags?post=12937"}],"curies":[{"name":"wp","href":"https:\/\/api.w.org\/{rel}","templated":true}]}}