{"id":12929,"date":"2019-05-10T09:57:49","date_gmt":"2019-05-10T12:57:49","guid":{"rendered":"https:\/\/radiolifefm.com.br\/noticias\/?p=12929"},"modified":"2026-03-27T01:27:01","modified_gmt":"2026-03-27T04:27:01","slug":"motorista-capota-veiculo-dirigindo-embriagado-pela-rodovia-comandante-joao-ribeiro-de-barros-em-irapuru","status":"publish","type":"post","link":"https:\/\/radiolifefm.com.br\/noticias\/motorista-capota-veiculo-dirigindo-embriagado-pela-rodovia-comandante-joao-ribeiro-de-barros-em-irapuru\/","title":{"rendered":"Motorista capota ve\u00edculo dirigindo embriagado pela Rodovia Comandante Jo\u00e3o Ribeiro de Barros em Irapuru"},"content":{"rendered":"<div id=\"fb-root\"><\/div>\n<p><em>O condutor estava dirigindo sob efeito de \u00e1lcool e n\u00e3o possui carteira de habilita\u00e7\u00e3o<\/em><\/p>\n<p>Um acidente de tr\u00e2nsito foi registrado, um capotamento, com duas v\u00edtimas leves, sendo o condutor e um passageiro, que envolveu um ve\u00edculo Fiat\/Uno, cor branca, com placas Junqueir\u00f3polis, registrado no Km 624, na altura do munic\u00edpio de Irapuru.<\/p>\n<p>O condutor, J.H.F., 43 anos, morador de Bastos, apresentou sinais not\u00f3rios de embriaguez, desta forma, foi realizado o teste de etil\u00f4metro, o qual apresentou a taxa de 1,34 mg\/L de ar alveolar expelido pelos pulm\u00f5es, conforme teste.<\/p>\n<p>Al\u00e9m de ter causado les\u00e3o corporal de natureza leve no passageiro, o condutor n\u00e3o possui Carteira Nacional de Habilita\u00e7\u00e3o.<\/p>\n<p>A ocorr\u00eancia foi apresentada ao delegado, que ratificou a pris\u00e3o em flagrante, com base no Art. 303, par\u00e1grafo 1\u00b0 e 306 do CTB.<\/p>\n<p>Ato cont\u00ednuo, o autor foi encaminhado a Cadeia P\u00fablica de Adamantina, a fim de submeter-se a audi\u00eancia de cust\u00f3dia.<\/p>\n<p>Informa\u00e7\u00f5es \u2013 Pol\u00edcia Rodovi\u00e1ria<\/p>\n<p>Reda\u00e7\u00e3o &#8211; Kako de Oliveira<\/p>\n","protected":false},"excerpt":{"rendered":"<p>O condutor estava dirigindo sob efeito de \u00e1lcool e n\u00e3o possui carteira de habilita\u00e7\u00e3o Um acidente de tr\u00e2nsito foi registrado, um capotamento, com duas v\u00edtimas leves, sendo o condutor e um passageiro, que envolveu um ve\u00edculo Fiat\/Uno, cor branca, com placas Junqueir\u00f3polis, registrado no Km 624, na altura do munic\u00edpio de Irapuru. O condutor, J.H.F., [&hellip;]<\/p>\n","protected":false},"author":3,"featured_media":12930,"comment_status":"closed","ping_status":"open","sticky":false,"template":"","format":"standard","meta":{"_acf_changed":false,"_exactmetrics_skip_tracking":false,"_exactmetrics_sitenote_active":false,"_exactmetrics_sitenote_note":"","_exactmetrics_sitenote_category":0,"footnotes":""},"categories":[24],"tags":[],"class_list":["post-12929","post","type-post","status-publish","format-standard","has-post-thumbnail","hentry","category-regiao"],"acf":[],"yoast_head":"<!-- This site is optimized with the Yoast SEO plugin v27.2 - https:\/\/yoast.com\/product\/yoast-seo-wordpress\/ -->\n<title>Motorista capota ve\u00edculo dirigindo embriagado pela Rodovia Comandante Jo\u00e3o Ribeiro de Barros em Irapuru - R\u00e1dio Life FM<\/title>\n<meta name=\"robots\" content=\"index, follow, max-snippet:-1, max-image-preview:large, max-video-preview:-1\" \/>\n<link rel=\"canonical\" href=\"https:\/\/radiolifefm.com.br\/noticias\/motorista-capota-veiculo-dirigindo-embriagado-pela-rodovia-comandante-joao-ribeiro-de-barros-em-irapuru\/\" \/>\n<meta property=\"og:locale\" content=\"pt_BR\" \/>\n<meta property=\"og:type\" content=\"article\" \/>\n<meta property=\"og:title\" content=\"Motorista capota ve\u00edculo dirigindo embriagado pela Rodovia Comandante Jo\u00e3o Ribeiro de Barros em Irapuru - R\u00e1dio Life FM\" \/>\n<meta property=\"og:description\" content=\"O condutor estava dirigindo sob efeito de \u00e1lcool e n\u00e3o possui carteira de habilita\u00e7\u00e3o Um acidente de tr\u00e2nsito foi registrado, um capotamento, com duas v\u00edtimas leves, sendo o condutor e um passageiro, que envolveu um ve\u00edculo Fiat\/Uno, cor branca, com placas Junqueir\u00f3polis, registrado no Km 624, na altura do munic\u00edpio de Irapuru. O condutor, J.H.F., [&hellip;]\" \/>\n<meta property=\"og:url\" content=\"https:\/\/radiolifefm.com.br\/noticias\/motorista-capota-veiculo-dirigindo-embriagado-pela-rodovia-comandante-joao-ribeiro-de-barros-em-irapuru\/\" \/>\n<meta property=\"og:site_name\" content=\"R\u00e1dio Life FM\" \/>\n<meta property=\"article:publisher\" content=\"https:\/\/www.facebook.com\/radiolifefm\/\" \/>\n<meta property=\"article:published_time\" content=\"2019-05-10T12:57:49+00:00\" \/>\n<meta property=\"article:modified_time\" content=\"2026-03-27T04:27:01+00:00\" \/>\n<meta property=\"og:image\" content=\"https:\/\/radiolifefm.com.br\/noticias\/wp-content\/uploads\/2019\/05\/Pol\u00edcia-Rodovi\u00e1ria-Imagem.jpg\" \/>\n\t<meta property=\"og:image:width\" content=\"275\" \/>\n\t<meta property=\"og:image:height\" content=\"183\" \/>\n\t<meta property=\"og:image:type\" content=\"image\/jpeg\" \/>\n<meta name=\"author\" content=\"lifefm\" \/>\n<meta name=\"twitter:card\" content=\"summary_large_image\" \/>\n<meta name=\"twitter:label1\" content=\"Escrito por\" \/>\n\t<meta name=\"twitter:data1\" content=\"lifefm\" \/>\n\t<meta name=\"twitter:label2\" content=\"Est. tempo de leitura\" \/>\n\t<meta name=\"twitter:data2\" content=\"1 minuto\" \/>\n<script type=\"application\/ld+json\" class=\"yoast-schema-graph\">{\"@context\":\"https:\/\/schema.org\",\"@graph\":[{\"@type\":\"Article\",\"@id\":\"https:\/\/radiolifefm.com.br\/noticias\/motorista-capota-veiculo-dirigindo-embriagado-pela-rodovia-comandante-joao-ribeiro-de-barros-em-irapuru\/#article\",\"isPartOf\":{\"@id\":\"https:\/\/radiolifefm.com.br\/noticias\/motorista-capota-veiculo-dirigindo-embriagado-pela-rodovia-comandante-joao-ribeiro-de-barros-em-irapuru\/\"},\"author\":{\"name\":\"lifefm\",\"@id\":\"https:\/\/radiolifefm.com.br\/noticias\/#\/schema\/person\/1d4e4b1301322090c6221bf1c8420490\"},\"headline\":\"Motorista capota ve\u00edculo dirigindo embriagado pela Rodovia Comandante Jo\u00e3o Ribeiro de Barros em Irapuru\",\"datePublished\":\"2019-05-10T12:57:49+00:00\",\"dateModified\":\"2026-03-27T04:27:01+00:00\",\"mainEntityOfPage\":{\"@id\":\"https:\/\/radiolifefm.com.br\/noticias\/motorista-capota-veiculo-dirigindo-embriagado-pela-rodovia-comandante-joao-ribeiro-de-barros-em-irapuru\/\"},\"wordCount\":197,\"publisher\":{\"@id\":\"https:\/\/radiolifefm.com.br\/noticias\/#organization\"},\"image\":{\"@id\":\"https:\/\/radiolifefm.com.br\/noticias\/motorista-capota-veiculo-dirigindo-embriagado-pela-rodovia-comandante-joao-ribeiro-de-barros-em-irapuru\/#primaryimage\"},\"thumbnailUrl\":\"https:\/\/radiolifefm.com.br\/noticias\/wp-content\/uploads\/2019\/05\/Pol\u00edcia-Rodovi\u00e1ria-Imagem.jpg\",\"articleSection\":[\"Regi\u00e3o\"],\"inLanguage\":\"pt-BR\"},{\"@type\":\"WebPage\",\"@id\":\"https:\/\/radiolifefm.com.br\/noticias\/motorista-capota-veiculo-dirigindo-embriagado-pela-rodovia-comandante-joao-ribeiro-de-barros-em-irapuru\/\",\"url\":\"https:\/\/radiolifefm.com.br\/noticias\/motorista-capota-veiculo-dirigindo-embriagado-pela-rodovia-comandante-joao-ribeiro-de-barros-em-irapuru\/\",\"name\":\"Motorista capota ve\u00edculo dirigindo embriagado pela Rodovia Comandante Jo\u00e3o Ribeiro de Barros em Irapuru - R\u00e1dio Life FM\",\"isPartOf\":{\"@id\":\"https:\/\/radiolifefm.com.br\/noticias\/#website\"},\"primaryImageOfPage\":{\"@id\":\"https:\/\/radiolifefm.com.br\/noticias\/motorista-capota-veiculo-dirigindo-embriagado-pela-rodovia-comandante-joao-ribeiro-de-barros-em-irapuru\/#primaryimage\"},\"image\":{\"@id\":\"https:\/\/radiolifefm.com.br\/noticias\/motorista-capota-veiculo-dirigindo-embriagado-pela-rodovia-comandante-joao-ribeiro-de-barros-em-irapuru\/#primaryimage\"},\"thumbnailUrl\":\"https:\/\/radiolifefm.com.br\/noticias\/wp-content\/uploads\/2019\/05\/Pol\u00edcia-Rodovi\u00e1ria-Imagem.jpg\",\"datePublished\":\"2019-05-10T12:57:49+00:00\",\"dateModified\":\"2026-03-27T04:27:01+00:00\",\"breadcrumb\":{\"@id\":\"https:\/\/radiolifefm.com.br\/noticias\/motorista-capota-veiculo-dirigindo-embriagado-pela-rodovia-comandante-joao-ribeiro-de-barros-em-irapuru\/#breadcrumb\"},\"inLanguage\":\"pt-BR\",\"potentialAction\":[{\"@type\":\"ReadAction\",\"target\":[\"https:\/\/radiolifefm.com.br\/noticias\/motorista-capota-veiculo-dirigindo-embriagado-pela-rodovia-comandante-joao-ribeiro-de-barros-em-irapuru\/\"]}]},{\"@type\":\"ImageObject\",\"inLanguage\":\"pt-BR\",\"@id\":\"https:\/\/radiolifefm.com.br\/noticias\/motorista-capota-veiculo-dirigindo-embriagado-pela-rodovia-comandante-joao-ribeiro-de-barros-em-irapuru\/#primaryimage\",\"url\":\"https:\/\/radiolifefm.com.br\/noticias\/wp-content\/uploads\/2019\/05\/Pol\u00edcia-Rodovi\u00e1ria-Imagem.jpg\",\"contentUrl\":\"https:\/\/radiolifefm.com.br\/noticias\/wp-content\/uploads\/2019\/05\/Pol\u00edcia-Rodovi\u00e1ria-Imagem.jpg\",\"width\":275,\"height\":183,\"caption\":\"Acidente envolveu condutor dirigindo embriagado e sem possuir CNH\"},{\"@type\":\"BreadcrumbList\",\"@id\":\"https:\/\/radiolifefm.com.br\/noticias\/motorista-capota-veiculo-dirigindo-embriagado-pela-rodovia-comandante-joao-ribeiro-de-barros-em-irapuru\/#breadcrumb\",\"itemListElement\":[{\"@type\":\"ListItem\",\"position\":1,\"name\":\"In\u00edcio\",\"item\":\"https:\/\/radiolifefm.com.br\/noticias\/\"},{\"@type\":\"ListItem\",\"position\":2,\"name\":\"Motorista capota ve\u00edculo dirigindo embriagado pela Rodovia Comandante Jo\u00e3o Ribeiro de Barros em Irapuru\"}]},{\"@type\":\"WebSite\",\"@id\":\"https:\/\/radiolifefm.com.br\/noticias\/#website\",\"url\":\"https:\/\/radiolifefm.com.br\/noticias\/\",\"name\":\"R\u00e1dio Life FM\",\"description\":\"O Portal de Not\u00edcias de Adamantina\",\"publisher\":{\"@id\":\"https:\/\/radiolifefm.com.br\/noticias\/#organization\"},\"alternateName\":\"Life FM\",\"potentialAction\":[{\"@type\":\"SearchAction\",\"target\":{\"@type\":\"EntryPoint\",\"urlTemplate\":\"https:\/\/radiolifefm.com.br\/noticias\/?s={search_term_string}\"},\"query-input\":{\"@type\":\"PropertyValueSpecification\",\"valueRequired\":true,\"valueName\":\"search_term_string\"}}],\"inLanguage\":\"pt-BR\"},{\"@type\":\"Organization\",\"@id\":\"https:\/\/radiolifefm.com.br\/noticias\/#organization\",\"name\":\"R\u00e1dio Life FM\",\"alternateName\":\"Life FM\",\"url\":\"https:\/\/radiolifefm.com.br\/noticias\/\",\"logo\":{\"@type\":\"ImageObject\",\"inLanguage\":\"pt-BR\",\"@id\":\"https:\/\/radiolifefm.com.br\/noticias\/#\/schema\/logo\/image\/\",\"url\":\"https:\/\/static.radiolifefm.com.br\/noticias\/wp-content\/uploads\/2019\/10\/logo-lifefm.png\",\"contentUrl\":\"https:\/\/static.radiolifefm.com.br\/noticias\/wp-content\/uploads\/2019\/10\/logo-lifefm.png\",\"width\":196,\"height\":47,\"caption\":\"R\u00e1dio Life FM\"},\"image\":{\"@id\":\"https:\/\/radiolifefm.com.br\/noticias\/#\/schema\/logo\/image\/\"},\"sameAs\":[\"https:\/\/www.facebook.com\/radiolifefm\/\",\"https:\/\/www.instagram.com\/life1079fm\/\"]},{\"@type\":\"Person\",\"@id\":\"https:\/\/radiolifefm.com.br\/noticias\/#\/schema\/person\/1d4e4b1301322090c6221bf1c8420490\",\"name\":\"lifefm\",\"image\":{\"@type\":\"ImageObject\",\"inLanguage\":\"pt-BR\",\"@id\":\"https:\/\/secure.gravatar.com\/avatar\/eca268467d925ec97d20641bb054fd944c0abb2f92854171620706bbe6474e7c?s=96&d=mm&r=g\",\"url\":\"https:\/\/secure.gravatar.com\/avatar\/eca268467d925ec97d20641bb054fd944c0abb2f92854171620706bbe6474e7c?s=96&d=mm&r=g\",\"contentUrl\":\"https:\/\/secure.gravatar.com\/avatar\/eca268467d925ec97d20641bb054fd944c0abb2f92854171620706bbe6474e7c?s=96&d=mm&r=g\",\"caption\":\"lifefm\"}}]}<\/script>\n<!-- \/ Yoast SEO plugin. -->","yoast_head_json":{"title":"Motorista capota ve\u00edculo dirigindo embriagado pela Rodovia Comandante Jo\u00e3o Ribeiro de Barros em Irapuru - R\u00e1dio Life FM","robots":{"index":"index","follow":"follow","max-snippet":"max-snippet:-1","max-image-preview":"max-image-preview:large","max-video-preview":"max-video-preview:-1"},"canonical":"https:\/\/radiolifefm.com.br\/noticias\/motorista-capota-veiculo-dirigindo-embriagado-pela-rodovia-comandante-joao-ribeiro-de-barros-em-irapuru\/","og_locale":"pt_BR","og_type":"article","og_title":"Motorista capota ve\u00edculo dirigindo embriagado pela Rodovia Comandante Jo\u00e3o Ribeiro de Barros em Irapuru - R\u00e1dio Life FM","og_description":"O condutor estava dirigindo sob efeito de \u00e1lcool e n\u00e3o possui carteira de habilita\u00e7\u00e3o Um acidente de tr\u00e2nsito foi registrado, um capotamento, com duas v\u00edtimas leves, sendo o condutor e um passageiro, que envolveu um ve\u00edculo Fiat\/Uno, cor branca, com placas Junqueir\u00f3polis, registrado no Km 624, na altura do munic\u00edpio de Irapuru. O condutor, J.H.F., [&hellip;]","og_url":"https:\/\/radiolifefm.com.br\/noticias\/motorista-capota-veiculo-dirigindo-embriagado-pela-rodovia-comandante-joao-ribeiro-de-barros-em-irapuru\/","og_site_name":"R\u00e1dio Life FM","article_publisher":"https:\/\/www.facebook.com\/radiolifefm\/","article_published_time":"2019-05-10T12:57:49+00:00","article_modified_time":"2026-03-27T04:27:01+00:00","og_image":[{"width":275,"height":183,"url":"https:\/\/radiolifefm.com.br\/noticias\/wp-content\/uploads\/2019\/05\/Pol\u00edcia-Rodovi\u00e1ria-Imagem.jpg","type":"image\/jpeg"}],"author":"lifefm","twitter_card":"summary_large_image","twitter_misc":{"Escrito por":"lifefm","Est. tempo de leitura":"1 minuto"},"schema":{"@context":"https:\/\/schema.org","@graph":[{"@type":"Article","@id":"https:\/\/radiolifefm.com.br\/noticias\/motorista-capota-veiculo-dirigindo-embriagado-pela-rodovia-comandante-joao-ribeiro-de-barros-em-irapuru\/#article","isPartOf":{"@id":"https:\/\/radiolifefm.com.br\/noticias\/motorista-capota-veiculo-dirigindo-embriagado-pela-rodovia-comandante-joao-ribeiro-de-barros-em-irapuru\/"},"author":{"name":"lifefm","@id":"https:\/\/radiolifefm.com.br\/noticias\/#\/schema\/person\/1d4e4b1301322090c6221bf1c8420490"},"headline":"Motorista capota ve\u00edculo dirigindo embriagado pela Rodovia Comandante Jo\u00e3o Ribeiro de Barros em Irapuru","datePublished":"2019-05-10T12:57:49+00:00","dateModified":"2026-03-27T04:27:01+00:00","mainEntityOfPage":{"@id":"https:\/\/radiolifefm.com.br\/noticias\/motorista-capota-veiculo-dirigindo-embriagado-pela-rodovia-comandante-joao-ribeiro-de-barros-em-irapuru\/"},"wordCount":197,"publisher":{"@id":"https:\/\/radiolifefm.com.br\/noticias\/#organization"},"image":{"@id":"https:\/\/radiolifefm.com.br\/noticias\/motorista-capota-veiculo-dirigindo-embriagado-pela-rodovia-comandante-joao-ribeiro-de-barros-em-irapuru\/#primaryimage"},"thumbnailUrl":"https:\/\/radiolifefm.com.br\/noticias\/wp-content\/uploads\/2019\/05\/Pol\u00edcia-Rodovi\u00e1ria-Imagem.jpg","articleSection":["Regi\u00e3o"],"inLanguage":"pt-BR"},{"@type":"WebPage","@id":"https:\/\/radiolifefm.com.br\/noticias\/motorista-capota-veiculo-dirigindo-embriagado-pela-rodovia-comandante-joao-ribeiro-de-barros-em-irapuru\/","url":"https:\/\/radiolifefm.com.br\/noticias\/motorista-capota-veiculo-dirigindo-embriagado-pela-rodovia-comandante-joao-ribeiro-de-barros-em-irapuru\/","name":"Motorista capota ve\u00edculo dirigindo embriagado pela Rodovia Comandante Jo\u00e3o Ribeiro de Barros em Irapuru - R\u00e1dio Life FM","isPartOf":{"@id":"https:\/\/radiolifefm.com.br\/noticias\/#website"},"primaryImageOfPage":{"@id":"https:\/\/radiolifefm.com.br\/noticias\/motorista-capota-veiculo-dirigindo-embriagado-pela-rodovia-comandante-joao-ribeiro-de-barros-em-irapuru\/#primaryimage"},"image":{"@id":"https:\/\/radiolifefm.com.br\/noticias\/motorista-capota-veiculo-dirigindo-embriagado-pela-rodovia-comandante-joao-ribeiro-de-barros-em-irapuru\/#primaryimage"},"thumbnailUrl":"https:\/\/radiolifefm.com.br\/noticias\/wp-content\/uploads\/2019\/05\/Pol\u00edcia-Rodovi\u00e1ria-Imagem.jpg","datePublished":"2019-05-10T12:57:49+00:00","dateModified":"2026-03-27T04:27:01+00:00","breadcrumb":{"@id":"https:\/\/radiolifefm.com.br\/noticias\/motorista-capota-veiculo-dirigindo-embriagado-pela-rodovia-comandante-joao-ribeiro-de-barros-em-irapuru\/#breadcrumb"},"inLanguage":"pt-BR","potentialAction":[{"@type":"ReadAction","target":["https:\/\/radiolifefm.com.br\/noticias\/motorista-capota-veiculo-dirigindo-embriagado-pela-rodovia-comandante-joao-ribeiro-de-barros-em-irapuru\/"]}]},{"@type":"ImageObject","inLanguage":"pt-BR","@id":"https:\/\/radiolifefm.com.br\/noticias\/motorista-capota-veiculo-dirigindo-embriagado-pela-rodovia-comandante-joao-ribeiro-de-barros-em-irapuru\/#primaryimage","url":"https:\/\/radiolifefm.com.br\/noticias\/wp-content\/uploads\/2019\/05\/Pol\u00edcia-Rodovi\u00e1ria-Imagem.jpg","contentUrl":"https:\/\/radiolifefm.com.br\/noticias\/wp-content\/uploads\/2019\/05\/Pol\u00edcia-Rodovi\u00e1ria-Imagem.jpg","width":275,"height":183,"caption":"Acidente envolveu condutor dirigindo embriagado e sem possuir CNH"},{"@type":"BreadcrumbList","@id":"https:\/\/radiolifefm.com.br\/noticias\/motorista-capota-veiculo-dirigindo-embriagado-pela-rodovia-comandante-joao-ribeiro-de-barros-em-irapuru\/#breadcrumb","itemListElement":[{"@type":"ListItem","position":1,"name":"In\u00edcio","item":"https:\/\/radiolifefm.com.br\/noticias\/"},{"@type":"ListItem","position":2,"name":"Motorista capota ve\u00edculo dirigindo embriagado pela Rodovia Comandante Jo\u00e3o Ribeiro de Barros em Irapuru"}]},{"@type":"WebSite","@id":"https:\/\/radiolifefm.com.br\/noticias\/#website","url":"https:\/\/radiolifefm.com.br\/noticias\/","name":"R\u00e1dio Life FM","description":"O Portal de Not\u00edcias de Adamantina","publisher":{"@id":"https:\/\/radiolifefm.com.br\/noticias\/#organization"},"alternateName":"Life FM","potentialAction":[{"@type":"SearchAction","target":{"@type":"EntryPoint","urlTemplate":"https:\/\/radiolifefm.com.br\/noticias\/?s={search_term_string}"},"query-input":{"@type":"PropertyValueSpecification","valueRequired":true,"valueName":"search_term_string"}}],"inLanguage":"pt-BR"},{"@type":"Organization","@id":"https:\/\/radiolifefm.com.br\/noticias\/#organization","name":"R\u00e1dio Life FM","alternateName":"Life FM","url":"https:\/\/radiolifefm.com.br\/noticias\/","logo":{"@type":"ImageObject","inLanguage":"pt-BR","@id":"https:\/\/radiolifefm.com.br\/noticias\/#\/schema\/logo\/image\/","url":"https:\/\/static.radiolifefm.com.br\/noticias\/wp-content\/uploads\/2019\/10\/logo-lifefm.png","contentUrl":"https:\/\/static.radiolifefm.com.br\/noticias\/wp-content\/uploads\/2019\/10\/logo-lifefm.png","width":196,"height":47,"caption":"R\u00e1dio Life FM"},"image":{"@id":"https:\/\/radiolifefm.com.br\/noticias\/#\/schema\/logo\/image\/"},"sameAs":["https:\/\/www.facebook.com\/radiolifefm\/","https:\/\/www.instagram.com\/life1079fm\/"]},{"@type":"Person","@id":"https:\/\/radiolifefm.com.br\/noticias\/#\/schema\/person\/1d4e4b1301322090c6221bf1c8420490","name":"lifefm","image":{"@type":"ImageObject","inLanguage":"pt-BR","@id":"https:\/\/secure.gravatar.com\/avatar\/eca268467d925ec97d20641bb054fd944c0abb2f92854171620706bbe6474e7c?s=96&d=mm&r=g","url":"https:\/\/secure.gravatar.com\/avatar\/eca268467d925ec97d20641bb054fd944c0abb2f92854171620706bbe6474e7c?s=96&d=mm&r=g","contentUrl":"https:\/\/secure.gravatar.com\/avatar\/eca268467d925ec97d20641bb054fd944c0abb2f92854171620706bbe6474e7c?s=96&d=mm&r=g","caption":"lifefm"}}]}},"amp_enabled":true,"_links":{"self":[{"href":"https:\/\/radiolifefm.com.br\/noticias\/wp-json\/wp\/v2\/posts\/12929","targetHints":{"allow":["GET"]}}],"collection":[{"href":"https:\/\/radiolifefm.com.br\/noticias\/wp-json\/wp\/v2\/posts"}],"about":[{"href":"https:\/\/radiolifefm.com.br\/noticias\/wp-json\/wp\/v2\/types\/post"}],"author":[{"embeddable":true,"href":"https:\/\/radiolifefm.com.br\/noticias\/wp-json\/wp\/v2\/users\/3"}],"replies":[{"embeddable":true,"href":"https:\/\/radiolifefm.com.br\/noticias\/wp-json\/wp\/v2\/comments?post=12929"}],"version-history":[{"count":2,"href":"https:\/\/radiolifefm.com.br\/noticias\/wp-json\/wp\/v2\/posts\/12929\/revisions"}],"predecessor-version":[{"id":12932,"href":"https:\/\/radiolifefm.com.br\/noticias\/wp-json\/wp\/v2\/posts\/12929\/revisions\/12932"}],"wp:featuredmedia":[{"embeddable":true,"href":"https:\/\/radiolifefm.com.br\/noticias\/wp-json\/wp\/v2\/media\/12930"}],"wp:attachment":[{"href":"https:\/\/radiolifefm.com.br\/noticias\/wp-json\/wp\/v2\/media?parent=12929"}],"wp:term":[{"taxonomy":"category","embeddable":true,"href":"https:\/\/radiolifefm.com.br\/noticias\/wp-json\/wp\/v2\/categories?post=12929"},{"taxonomy":"post_tag","embeddable":true,"href":"https:\/\/radiolifefm.com.br\/noticias\/wp-json\/wp\/v2\/tags?post=12929"}],"curies":[{"name":"wp","href":"https:\/\/api.w.org\/{rel}","templated":true}]}}