{"id":12923,"date":"2019-05-10T09:42:51","date_gmt":"2019-05-10T12:42:51","guid":{"rendered":"https:\/\/radiolifefm.com.br\/noticias\/?p=12923"},"modified":"2026-04-28T18:41:44","modified_gmt":"2026-04-28T21:41:44","slug":"carro-com-mais-de-22-kg-de-maconha-e-encontrado-capotado-em-estrada-vicinal-de-iacri","status":"publish","type":"post","link":"https:\/\/radiolifefm.com.br\/noticias\/carro-com-mais-de-22-kg-de-maconha-e-encontrado-capotado-em-estrada-vicinal-de-iacri\/","title":{"rendered":"Carro com mais de 22 kg de maconha \u00e9 encontrado capotado em estrada vicinal de Iacri"},"content":{"rendered":"<div id=\"fb-root\"><\/div>\n<p><em>Ve\u00edculo com placas de Maring\u00e1 (PR), foi encontrado capotado, com 22 kg de maconha no interior<\/em><\/p>\n<p>Um ve\u00edculo Citroen C3, carregado com 22 quilos e meio de maconha, foi encontrado capotado, na Vicinal IAC 020, que liga o munic\u00edpio de Iacri a Rodovia Assis Chateabriand (SP-425), munic\u00edpio de Sant\u00f3polis do Aguapei, na manh\u00e3 dessa quinta-feira (9).<\/p>\n<p>O motorista que conduzia o carro fugiu ap\u00f3s o acidente e mesmo com o empenho da Pol\u00edcia Militar, com apoio da Pol\u00edcia Civil, n\u00e3o havia sido localizado.<br \/>\nSegundo informa\u00e7\u00f5es, s policiais militares de Iacri, foram at\u00e9 a Vicinal IAC 020, na altura do Bairro Goitchoro, a cerca de 20 quil\u00f4metros da cidade de Iacri, onde havia um ve\u00edculo Citroen C3, com placas de Maring\u00e1 (PR), capotado no acostamento da pista.<\/p>\n<p>No local n\u00e3o foi encontrado o motorista que conduzia o carro no momento do acidente.<br \/>\nOs PMs encontraram pr\u00f3ximo do ve\u00edculo, um pacote envolvido com fitas pl\u00e1sticas adesivas que continha subst\u00e2ncia caracter\u00edstica conhecida por maconha.<\/p>\n<p>O delegado da Pol\u00edcia Civil de Iacri, Wellington Ubirat\u00e3 de Lima e a investigadora, Viviane, compareceram no local e teve in\u00edcio as dilig\u00eancias pelas imedia\u00e7\u00f5es para localizar o condutor e poss\u00edvel propriet\u00e1rio do entorpecente.<\/p>\n<p>Durante o trabalho de buscas, o delegado e a investigadora receberam informa\u00e7\u00e3o de um usu\u00e1rio da vicinal, que havia um indiv\u00edduo suspeito \u00e0 cerca 2 quil\u00f4metros do local e este suspeito estaria trajando blusa escura e short marrom.<\/p>\n<p>Os policiais militares foram at\u00e9 uma propriedade, onde existe uma planta\u00e7\u00e3o de cana e receberam informa\u00e7\u00f5es do delegado que o indiv\u00edduo, ao ver a viatura, abandonou uma blusa e fugiu para o meio do canavial.<\/p>\n<p>Foi acionado apoio das equipes da Pol\u00edcia Militar de Rin\u00f3polis, que preservaram o ve\u00edculo at\u00e9 a chegada da per\u00edcia e da PM de Tup\u00e3, al\u00e9m de apoio da Dise de Tup\u00e3, com o delegado respons\u00e1vel, Fl\u00e1vio Delgado de Melo.<br \/>\nAp\u00f3s v\u00e1rias buscas no canavial e imedia\u00e7\u00f5es, o indiv\u00edduo n\u00e3o foi localizado.<\/p>\n<p>Compareceu tamb\u00e9m a Per\u00edcia T\u00e9cnica e ap\u00f3s o trabalho, o carro foi removido pelo guincho at\u00e9 um deposito em Tup\u00e3.<br \/>\nFoi realizada a pesagem do entorpecente pela Delegacia de Pol\u00edcia Civil de Iacri e totalizou 22,5 kg, droga que estava distribu\u00edda em 26 tijolos.<\/p>\n<p>Bastos J\u00e1<\/p>\n<p>Reda\u00e7\u00e3o &#8211; Kako de Oliveira<\/p>\n","protected":false},"excerpt":{"rendered":"<p>Ve\u00edculo com placas de Maring\u00e1 (PR), foi encontrado capotado, com 22 kg de maconha no interior Um ve\u00edculo Citroen C3, carregado com 22 quilos e meio de maconha, foi encontrado capotado, na Vicinal IAC 020, que liga o munic\u00edpio de Iacri a Rodovia Assis Chateabriand (SP-425), munic\u00edpio de Sant\u00f3polis do Aguapei, na manh\u00e3 dessa quinta-feira [&hellip;]<\/p>\n","protected":false},"author":3,"featured_media":12924,"comment_status":"open","ping_status":"open","sticky":false,"template":"","format":"standard","meta":{"_acf_changed":false,"_exactmetrics_skip_tracking":false,"_exactmetrics_sitenote_active":false,"_exactmetrics_sitenote_note":"","_exactmetrics_sitenote_category":0,"footnotes":""},"categories":[24],"tags":[],"class_list":["post-12923","post","type-post","status-publish","format-standard","has-post-thumbnail","hentry","category-regiao"],"acf":[],"yoast_head":"<!-- This site is optimized with the Yoast SEO plugin v27.2 - https:\/\/yoast.com\/product\/yoast-seo-wordpress\/ -->\n<title>Carro com mais de 22 kg de maconha \u00e9 encontrado capotado em estrada vicinal de Iacri - R\u00e1dio Life FM<\/title>\n<meta name=\"robots\" content=\"index, follow, max-snippet:-1, max-image-preview:large, max-video-preview:-1\" \/>\n<link rel=\"canonical\" href=\"https:\/\/radiolifefm.com.br\/noticias\/carro-com-mais-de-22-kg-de-maconha-e-encontrado-capotado-em-estrada-vicinal-de-iacri\/\" \/>\n<meta property=\"og:locale\" content=\"pt_BR\" \/>\n<meta property=\"og:type\" content=\"article\" \/>\n<meta property=\"og:title\" content=\"Carro com mais de 22 kg de maconha \u00e9 encontrado capotado em estrada vicinal de Iacri - R\u00e1dio Life FM\" \/>\n<meta property=\"og:description\" content=\"Ve\u00edculo com placas de Maring\u00e1 (PR), foi encontrado capotado, com 22 kg de maconha no interior Um ve\u00edculo Citroen C3, carregado com 22 quilos e meio de maconha, foi encontrado capotado, na Vicinal IAC 020, que liga o munic\u00edpio de Iacri a Rodovia Assis Chateabriand (SP-425), munic\u00edpio de Sant\u00f3polis do Aguapei, na manh\u00e3 dessa quinta-feira [&hellip;]\" \/>\n<meta property=\"og:url\" content=\"https:\/\/radiolifefm.com.br\/noticias\/carro-com-mais-de-22-kg-de-maconha-e-encontrado-capotado-em-estrada-vicinal-de-iacri\/\" \/>\n<meta property=\"og:site_name\" content=\"R\u00e1dio Life FM\" \/>\n<meta property=\"article:publisher\" content=\"https:\/\/www.facebook.com\/radiolifefm\/\" \/>\n<meta property=\"article:published_time\" content=\"2019-05-10T12:42:51+00:00\" \/>\n<meta property=\"article:modified_time\" content=\"2026-04-28T21:41:44+00:00\" \/>\n<meta property=\"og:image\" content=\"https:\/\/radiolifefm.com.br\/noticias\/wp-content\/uploads\/2019\/05\/Capotou-com-maconha.jpg\" \/>\n\t<meta property=\"og:image:width\" content=\"540\" \/>\n\t<meta property=\"og:image:height\" content=\"300\" \/>\n\t<meta property=\"og:image:type\" content=\"image\/jpeg\" \/>\n<meta name=\"author\" content=\"lifefm\" \/>\n<meta name=\"twitter:card\" content=\"summary_large_image\" \/>\n<meta name=\"twitter:label1\" content=\"Escrito por\" \/>\n\t<meta name=\"twitter:data1\" content=\"lifefm\" \/>\n\t<meta name=\"twitter:label2\" content=\"Est. tempo de leitura\" \/>\n\t<meta name=\"twitter:data2\" content=\"2 minutos\" \/>\n<script type=\"application\/ld+json\" class=\"yoast-schema-graph\">{\"@context\":\"https:\/\/schema.org\",\"@graph\":[{\"@type\":\"Article\",\"@id\":\"https:\/\/radiolifefm.com.br\/noticias\/carro-com-mais-de-22-kg-de-maconha-e-encontrado-capotado-em-estrada-vicinal-de-iacri\/#article\",\"isPartOf\":{\"@id\":\"https:\/\/radiolifefm.com.br\/noticias\/carro-com-mais-de-22-kg-de-maconha-e-encontrado-capotado-em-estrada-vicinal-de-iacri\/\"},\"author\":{\"name\":\"lifefm\",\"@id\":\"https:\/\/radiolifefm.com.br\/noticias\/#\/schema\/person\/1d4e4b1301322090c6221bf1c8420490\"},\"headline\":\"Carro com mais de 22 kg de maconha \u00e9 encontrado capotado em estrada vicinal de Iacri\",\"datePublished\":\"2019-05-10T12:42:51+00:00\",\"dateModified\":\"2026-04-28T21:41:44+00:00\",\"mainEntityOfPage\":{\"@id\":\"https:\/\/radiolifefm.com.br\/noticias\/carro-com-mais-de-22-kg-de-maconha-e-encontrado-capotado-em-estrada-vicinal-de-iacri\/\"},\"wordCount\":424,\"commentCount\":0,\"publisher\":{\"@id\":\"https:\/\/radiolifefm.com.br\/noticias\/#organization\"},\"image\":{\"@id\":\"https:\/\/radiolifefm.com.br\/noticias\/carro-com-mais-de-22-kg-de-maconha-e-encontrado-capotado-em-estrada-vicinal-de-iacri\/#primaryimage\"},\"thumbnailUrl\":\"https:\/\/radiolifefm.com.br\/noticias\/wp-content\/uploads\/2019\/05\/Capotou-com-maconha.jpg\",\"articleSection\":[\"Regi\u00e3o\"],\"inLanguage\":\"pt-BR\",\"potentialAction\":[{\"@type\":\"CommentAction\",\"name\":\"Comment\",\"target\":[\"https:\/\/radiolifefm.com.br\/noticias\/carro-com-mais-de-22-kg-de-maconha-e-encontrado-capotado-em-estrada-vicinal-de-iacri\/#respond\"]}]},{\"@type\":\"WebPage\",\"@id\":\"https:\/\/radiolifefm.com.br\/noticias\/carro-com-mais-de-22-kg-de-maconha-e-encontrado-capotado-em-estrada-vicinal-de-iacri\/\",\"url\":\"https:\/\/radiolifefm.com.br\/noticias\/carro-com-mais-de-22-kg-de-maconha-e-encontrado-capotado-em-estrada-vicinal-de-iacri\/\",\"name\":\"Carro com mais de 22 kg de maconha \u00e9 encontrado capotado em estrada vicinal de Iacri - R\u00e1dio Life FM\",\"isPartOf\":{\"@id\":\"https:\/\/radiolifefm.com.br\/noticias\/#website\"},\"primaryImageOfPage\":{\"@id\":\"https:\/\/radiolifefm.com.br\/noticias\/carro-com-mais-de-22-kg-de-maconha-e-encontrado-capotado-em-estrada-vicinal-de-iacri\/#primaryimage\"},\"image\":{\"@id\":\"https:\/\/radiolifefm.com.br\/noticias\/carro-com-mais-de-22-kg-de-maconha-e-encontrado-capotado-em-estrada-vicinal-de-iacri\/#primaryimage\"},\"thumbnailUrl\":\"https:\/\/radiolifefm.com.br\/noticias\/wp-content\/uploads\/2019\/05\/Capotou-com-maconha.jpg\",\"datePublished\":\"2019-05-10T12:42:51+00:00\",\"dateModified\":\"2026-04-28T21:41:44+00:00\",\"breadcrumb\":{\"@id\":\"https:\/\/radiolifefm.com.br\/noticias\/carro-com-mais-de-22-kg-de-maconha-e-encontrado-capotado-em-estrada-vicinal-de-iacri\/#breadcrumb\"},\"inLanguage\":\"pt-BR\",\"potentialAction\":[{\"@type\":\"ReadAction\",\"target\":[\"https:\/\/radiolifefm.com.br\/noticias\/carro-com-mais-de-22-kg-de-maconha-e-encontrado-capotado-em-estrada-vicinal-de-iacri\/\"]}]},{\"@type\":\"ImageObject\",\"inLanguage\":\"pt-BR\",\"@id\":\"https:\/\/radiolifefm.com.br\/noticias\/carro-com-mais-de-22-kg-de-maconha-e-encontrado-capotado-em-estrada-vicinal-de-iacri\/#primaryimage\",\"url\":\"https:\/\/radiolifefm.com.br\/noticias\/wp-content\/uploads\/2019\/05\/Capotou-com-maconha.jpg\",\"contentUrl\":\"https:\/\/radiolifefm.com.br\/noticias\/wp-content\/uploads\/2019\/05\/Capotou-com-maconha.jpg\",\"width\":540,\"height\":300,\"caption\":\"Ve\u00edculo foi encontrado capotado na via com mais de 22 Kg de maconha no inteiror\"},{\"@type\":\"BreadcrumbList\",\"@id\":\"https:\/\/radiolifefm.com.br\/noticias\/carro-com-mais-de-22-kg-de-maconha-e-encontrado-capotado-em-estrada-vicinal-de-iacri\/#breadcrumb\",\"itemListElement\":[{\"@type\":\"ListItem\",\"position\":1,\"name\":\"In\u00edcio\",\"item\":\"https:\/\/radiolifefm.com.br\/noticias\/\"},{\"@type\":\"ListItem\",\"position\":2,\"name\":\"Carro com mais de 22 kg de maconha \u00e9 encontrado capotado em estrada vicinal de Iacri\"}]},{\"@type\":\"WebSite\",\"@id\":\"https:\/\/radiolifefm.com.br\/noticias\/#website\",\"url\":\"https:\/\/radiolifefm.com.br\/noticias\/\",\"name\":\"R\u00e1dio Life FM\",\"description\":\"O Portal de Not\u00edcias de Adamantina\",\"publisher\":{\"@id\":\"https:\/\/radiolifefm.com.br\/noticias\/#organization\"},\"alternateName\":\"Life FM\",\"potentialAction\":[{\"@type\":\"SearchAction\",\"target\":{\"@type\":\"EntryPoint\",\"urlTemplate\":\"https:\/\/radiolifefm.com.br\/noticias\/?s={search_term_string}\"},\"query-input\":{\"@type\":\"PropertyValueSpecification\",\"valueRequired\":true,\"valueName\":\"search_term_string\"}}],\"inLanguage\":\"pt-BR\"},{\"@type\":\"Organization\",\"@id\":\"https:\/\/radiolifefm.com.br\/noticias\/#organization\",\"name\":\"R\u00e1dio Life FM\",\"alternateName\":\"Life FM\",\"url\":\"https:\/\/radiolifefm.com.br\/noticias\/\",\"logo\":{\"@type\":\"ImageObject\",\"inLanguage\":\"pt-BR\",\"@id\":\"https:\/\/radiolifefm.com.br\/noticias\/#\/schema\/logo\/image\/\",\"url\":\"https:\/\/static.radiolifefm.com.br\/noticias\/wp-content\/uploads\/2019\/10\/logo-lifefm.png\",\"contentUrl\":\"https:\/\/static.radiolifefm.com.br\/noticias\/wp-content\/uploads\/2019\/10\/logo-lifefm.png\",\"width\":196,\"height\":47,\"caption\":\"R\u00e1dio Life FM\"},\"image\":{\"@id\":\"https:\/\/radiolifefm.com.br\/noticias\/#\/schema\/logo\/image\/\"},\"sameAs\":[\"https:\/\/www.facebook.com\/radiolifefm\/\",\"https:\/\/www.instagram.com\/life1079fm\/\"]},{\"@type\":\"Person\",\"@id\":\"https:\/\/radiolifefm.com.br\/noticias\/#\/schema\/person\/1d4e4b1301322090c6221bf1c8420490\",\"name\":\"lifefm\",\"image\":{\"@type\":\"ImageObject\",\"inLanguage\":\"pt-BR\",\"@id\":\"https:\/\/secure.gravatar.com\/avatar\/eca268467d925ec97d20641bb054fd944c0abb2f92854171620706bbe6474e7c?s=96&d=mm&r=g\",\"url\":\"https:\/\/secure.gravatar.com\/avatar\/eca268467d925ec97d20641bb054fd944c0abb2f92854171620706bbe6474e7c?s=96&d=mm&r=g\",\"contentUrl\":\"https:\/\/secure.gravatar.com\/avatar\/eca268467d925ec97d20641bb054fd944c0abb2f92854171620706bbe6474e7c?s=96&d=mm&r=g\",\"caption\":\"lifefm\"}}]}<\/script>\n<!-- \/ Yoast SEO plugin. -->","yoast_head_json":{"title":"Carro com mais de 22 kg de maconha \u00e9 encontrado capotado em estrada vicinal de Iacri - R\u00e1dio Life FM","robots":{"index":"index","follow":"follow","max-snippet":"max-snippet:-1","max-image-preview":"max-image-preview:large","max-video-preview":"max-video-preview:-1"},"canonical":"https:\/\/radiolifefm.com.br\/noticias\/carro-com-mais-de-22-kg-de-maconha-e-encontrado-capotado-em-estrada-vicinal-de-iacri\/","og_locale":"pt_BR","og_type":"article","og_title":"Carro com mais de 22 kg de maconha \u00e9 encontrado capotado em estrada vicinal de Iacri - R\u00e1dio Life FM","og_description":"Ve\u00edculo com placas de Maring\u00e1 (PR), foi encontrado capotado, com 22 kg de maconha no interior Um ve\u00edculo Citroen C3, carregado com 22 quilos e meio de maconha, foi encontrado capotado, na Vicinal IAC 020, que liga o munic\u00edpio de Iacri a Rodovia Assis Chateabriand (SP-425), munic\u00edpio de Sant\u00f3polis do Aguapei, na manh\u00e3 dessa quinta-feira [&hellip;]","og_url":"https:\/\/radiolifefm.com.br\/noticias\/carro-com-mais-de-22-kg-de-maconha-e-encontrado-capotado-em-estrada-vicinal-de-iacri\/","og_site_name":"R\u00e1dio Life FM","article_publisher":"https:\/\/www.facebook.com\/radiolifefm\/","article_published_time":"2019-05-10T12:42:51+00:00","article_modified_time":"2026-04-28T21:41:44+00:00","og_image":[{"width":540,"height":300,"url":"https:\/\/radiolifefm.com.br\/noticias\/wp-content\/uploads\/2019\/05\/Capotou-com-maconha.jpg","type":"image\/jpeg"}],"author":"lifefm","twitter_card":"summary_large_image","twitter_misc":{"Escrito por":"lifefm","Est. tempo de leitura":"2 minutos"},"schema":{"@context":"https:\/\/schema.org","@graph":[{"@type":"Article","@id":"https:\/\/radiolifefm.com.br\/noticias\/carro-com-mais-de-22-kg-de-maconha-e-encontrado-capotado-em-estrada-vicinal-de-iacri\/#article","isPartOf":{"@id":"https:\/\/radiolifefm.com.br\/noticias\/carro-com-mais-de-22-kg-de-maconha-e-encontrado-capotado-em-estrada-vicinal-de-iacri\/"},"author":{"name":"lifefm","@id":"https:\/\/radiolifefm.com.br\/noticias\/#\/schema\/person\/1d4e4b1301322090c6221bf1c8420490"},"headline":"Carro com mais de 22 kg de maconha \u00e9 encontrado capotado em estrada vicinal de Iacri","datePublished":"2019-05-10T12:42:51+00:00","dateModified":"2026-04-28T21:41:44+00:00","mainEntityOfPage":{"@id":"https:\/\/radiolifefm.com.br\/noticias\/carro-com-mais-de-22-kg-de-maconha-e-encontrado-capotado-em-estrada-vicinal-de-iacri\/"},"wordCount":424,"commentCount":0,"publisher":{"@id":"https:\/\/radiolifefm.com.br\/noticias\/#organization"},"image":{"@id":"https:\/\/radiolifefm.com.br\/noticias\/carro-com-mais-de-22-kg-de-maconha-e-encontrado-capotado-em-estrada-vicinal-de-iacri\/#primaryimage"},"thumbnailUrl":"https:\/\/radiolifefm.com.br\/noticias\/wp-content\/uploads\/2019\/05\/Capotou-com-maconha.jpg","articleSection":["Regi\u00e3o"],"inLanguage":"pt-BR","potentialAction":[{"@type":"CommentAction","name":"Comment","target":["https:\/\/radiolifefm.com.br\/noticias\/carro-com-mais-de-22-kg-de-maconha-e-encontrado-capotado-em-estrada-vicinal-de-iacri\/#respond"]}]},{"@type":"WebPage","@id":"https:\/\/radiolifefm.com.br\/noticias\/carro-com-mais-de-22-kg-de-maconha-e-encontrado-capotado-em-estrada-vicinal-de-iacri\/","url":"https:\/\/radiolifefm.com.br\/noticias\/carro-com-mais-de-22-kg-de-maconha-e-encontrado-capotado-em-estrada-vicinal-de-iacri\/","name":"Carro com mais de 22 kg de maconha \u00e9 encontrado capotado em estrada vicinal de Iacri - R\u00e1dio Life FM","isPartOf":{"@id":"https:\/\/radiolifefm.com.br\/noticias\/#website"},"primaryImageOfPage":{"@id":"https:\/\/radiolifefm.com.br\/noticias\/carro-com-mais-de-22-kg-de-maconha-e-encontrado-capotado-em-estrada-vicinal-de-iacri\/#primaryimage"},"image":{"@id":"https:\/\/radiolifefm.com.br\/noticias\/carro-com-mais-de-22-kg-de-maconha-e-encontrado-capotado-em-estrada-vicinal-de-iacri\/#primaryimage"},"thumbnailUrl":"https:\/\/radiolifefm.com.br\/noticias\/wp-content\/uploads\/2019\/05\/Capotou-com-maconha.jpg","datePublished":"2019-05-10T12:42:51+00:00","dateModified":"2026-04-28T21:41:44+00:00","breadcrumb":{"@id":"https:\/\/radiolifefm.com.br\/noticias\/carro-com-mais-de-22-kg-de-maconha-e-encontrado-capotado-em-estrada-vicinal-de-iacri\/#breadcrumb"},"inLanguage":"pt-BR","potentialAction":[{"@type":"ReadAction","target":["https:\/\/radiolifefm.com.br\/noticias\/carro-com-mais-de-22-kg-de-maconha-e-encontrado-capotado-em-estrada-vicinal-de-iacri\/"]}]},{"@type":"ImageObject","inLanguage":"pt-BR","@id":"https:\/\/radiolifefm.com.br\/noticias\/carro-com-mais-de-22-kg-de-maconha-e-encontrado-capotado-em-estrada-vicinal-de-iacri\/#primaryimage","url":"https:\/\/radiolifefm.com.br\/noticias\/wp-content\/uploads\/2019\/05\/Capotou-com-maconha.jpg","contentUrl":"https:\/\/radiolifefm.com.br\/noticias\/wp-content\/uploads\/2019\/05\/Capotou-com-maconha.jpg","width":540,"height":300,"caption":"Ve\u00edculo foi encontrado capotado na via com mais de 22 Kg de maconha no inteiror"},{"@type":"BreadcrumbList","@id":"https:\/\/radiolifefm.com.br\/noticias\/carro-com-mais-de-22-kg-de-maconha-e-encontrado-capotado-em-estrada-vicinal-de-iacri\/#breadcrumb","itemListElement":[{"@type":"ListItem","position":1,"name":"In\u00edcio","item":"https:\/\/radiolifefm.com.br\/noticias\/"},{"@type":"ListItem","position":2,"name":"Carro com mais de 22 kg de maconha \u00e9 encontrado capotado em estrada vicinal de Iacri"}]},{"@type":"WebSite","@id":"https:\/\/radiolifefm.com.br\/noticias\/#website","url":"https:\/\/radiolifefm.com.br\/noticias\/","name":"R\u00e1dio Life FM","description":"O Portal de Not\u00edcias de Adamantina","publisher":{"@id":"https:\/\/radiolifefm.com.br\/noticias\/#organization"},"alternateName":"Life FM","potentialAction":[{"@type":"SearchAction","target":{"@type":"EntryPoint","urlTemplate":"https:\/\/radiolifefm.com.br\/noticias\/?s={search_term_string}"},"query-input":{"@type":"PropertyValueSpecification","valueRequired":true,"valueName":"search_term_string"}}],"inLanguage":"pt-BR"},{"@type":"Organization","@id":"https:\/\/radiolifefm.com.br\/noticias\/#organization","name":"R\u00e1dio Life FM","alternateName":"Life FM","url":"https:\/\/radiolifefm.com.br\/noticias\/","logo":{"@type":"ImageObject","inLanguage":"pt-BR","@id":"https:\/\/radiolifefm.com.br\/noticias\/#\/schema\/logo\/image\/","url":"https:\/\/static.radiolifefm.com.br\/noticias\/wp-content\/uploads\/2019\/10\/logo-lifefm.png","contentUrl":"https:\/\/static.radiolifefm.com.br\/noticias\/wp-content\/uploads\/2019\/10\/logo-lifefm.png","width":196,"height":47,"caption":"R\u00e1dio Life FM"},"image":{"@id":"https:\/\/radiolifefm.com.br\/noticias\/#\/schema\/logo\/image\/"},"sameAs":["https:\/\/www.facebook.com\/radiolifefm\/","https:\/\/www.instagram.com\/life1079fm\/"]},{"@type":"Person","@id":"https:\/\/radiolifefm.com.br\/noticias\/#\/schema\/person\/1d4e4b1301322090c6221bf1c8420490","name":"lifefm","image":{"@type":"ImageObject","inLanguage":"pt-BR","@id":"https:\/\/secure.gravatar.com\/avatar\/eca268467d925ec97d20641bb054fd944c0abb2f92854171620706bbe6474e7c?s=96&d=mm&r=g","url":"https:\/\/secure.gravatar.com\/avatar\/eca268467d925ec97d20641bb054fd944c0abb2f92854171620706bbe6474e7c?s=96&d=mm&r=g","contentUrl":"https:\/\/secure.gravatar.com\/avatar\/eca268467d925ec97d20641bb054fd944c0abb2f92854171620706bbe6474e7c?s=96&d=mm&r=g","caption":"lifefm"}}]}},"amp_enabled":true,"_links":{"self":[{"href":"https:\/\/radiolifefm.com.br\/noticias\/wp-json\/wp\/v2\/posts\/12923","targetHints":{"allow":["GET"]}}],"collection":[{"href":"https:\/\/radiolifefm.com.br\/noticias\/wp-json\/wp\/v2\/posts"}],"about":[{"href":"https:\/\/radiolifefm.com.br\/noticias\/wp-json\/wp\/v2\/types\/post"}],"author":[{"embeddable":true,"href":"https:\/\/radiolifefm.com.br\/noticias\/wp-json\/wp\/v2\/users\/3"}],"replies":[{"embeddable":true,"href":"https:\/\/radiolifefm.com.br\/noticias\/wp-json\/wp\/v2\/comments?post=12923"}],"version-history":[{"count":2,"href":"https:\/\/radiolifefm.com.br\/noticias\/wp-json\/wp\/v2\/posts\/12923\/revisions"}],"predecessor-version":[{"id":12926,"href":"https:\/\/radiolifefm.com.br\/noticias\/wp-json\/wp\/v2\/posts\/12923\/revisions\/12926"}],"wp:featuredmedia":[{"embeddable":true,"href":"https:\/\/radiolifefm.com.br\/noticias\/wp-json\/wp\/v2\/media\/12924"}],"wp:attachment":[{"href":"https:\/\/radiolifefm.com.br\/noticias\/wp-json\/wp\/v2\/media?parent=12923"}],"wp:term":[{"taxonomy":"category","embeddable":true,"href":"https:\/\/radiolifefm.com.br\/noticias\/wp-json\/wp\/v2\/categories?post=12923"},{"taxonomy":"post_tag","embeddable":true,"href":"https:\/\/radiolifefm.com.br\/noticias\/wp-json\/wp\/v2\/tags?post=12923"}],"curies":[{"name":"wp","href":"https:\/\/api.w.org\/{rel}","templated":true}]}}