{"id":12841,"date":"2019-05-08T10:42:53","date_gmt":"2019-05-08T13:42:53","guid":{"rendered":"https:\/\/radiolifefm.com.br\/noticias\/?p=12841"},"modified":"2026-04-30T10:09:45","modified_gmt":"2026-04-30T13:09:45","slug":"crianca-tem-braco-arrancado-por-maquina-de-lavar-roupas","status":"publish","type":"post","link":"https:\/\/radiolifefm.com.br\/noticias\/crianca-tem-braco-arrancado-por-maquina-de-lavar-roupas\/","title":{"rendered":"Crian\u00e7a tem bra\u00e7o arrancado por m\u00e1quina de lavar roupas"},"content":{"rendered":"<div id=\"fb-root\"><\/div>\n<p><em>A crian\u00e7a estava na casa do av\u00f4 quando colocou a m\u00e3o dentro do equipamento e teve o bra\u00e7o arrancado na altura do ombro<\/em><\/p>\n<p>Na tarde desta ter\u00e7a feira (7), uma crian\u00e7a de quatro anos teve um dos bra\u00e7os decepado por uma m\u00e1quina de lavar roupas. O caso aconteceu em Presidente Venceslau (SP).<\/p>\n<p>As primeiras informa\u00e7\u00f5es s\u00e3o de que a crian\u00e7a estava na casa do av\u00f4, que utilizava a m\u00e1quina para centrifugar roupas.<br \/>\nEnquanto ele estendia as roupas no varal, o menino colocou o bra\u00e7o direto entre a lateral do equipamento e o tambor que gira e faz a secagem das roupas.<\/p>\n<p>O bra\u00e7o foi arrancado na altura do ombro.<\/p>\n<p>O av\u00f4 ent\u00e3o correu com o garoto para o hospital de Presidente Prudente, que fica a 60 km de Presidente Venceslau.<\/p>\n<p>A crian\u00e7a passou pelos primeiros procedimentos m\u00e9dicos e est\u00e1 internado na UTI infantil. A pol\u00edcia investiga o caso.<\/p>\n<p>Tupa City<\/p>\n<p>Reda\u00e7\u00e3o &#8211; Kako de Oliveira<\/p>\n","protected":false},"excerpt":{"rendered":"<p>A crian\u00e7a estava na casa do av\u00f4 quando colocou a m\u00e3o dentro do equipamento e teve o bra\u00e7o arrancado na altura do ombro Na tarde desta ter\u00e7a feira (7), uma crian\u00e7a de quatro anos teve um dos bra\u00e7os decepado por uma m\u00e1quina de lavar roupas. O caso aconteceu em Presidente Venceslau (SP). As primeiras informa\u00e7\u00f5es [&hellip;]<\/p>\n","protected":false},"author":3,"featured_media":12842,"comment_status":"open","ping_status":"open","sticky":false,"template":"","format":"standard","meta":{"_acf_changed":false,"_exactmetrics_skip_tracking":false,"_exactmetrics_sitenote_active":false,"_exactmetrics_sitenote_note":"","_exactmetrics_sitenote_category":0,"footnotes":""},"categories":[24],"tags":[],"class_list":["post-12841","post","type-post","status-publish","format-standard","has-post-thumbnail","hentry","category-regiao"],"acf":[],"yoast_head":"<!-- This site is optimized with the Yoast SEO plugin v27.2 - https:\/\/yoast.com\/product\/yoast-seo-wordpress\/ -->\n<title>Crian\u00e7a tem bra\u00e7o arrancado por m\u00e1quina de lavar roupas - R\u00e1dio Life FM<\/title>\n<meta name=\"robots\" content=\"index, follow, max-snippet:-1, max-image-preview:large, max-video-preview:-1\" \/>\n<link rel=\"canonical\" href=\"https:\/\/radiolifefm.com.br\/noticias\/crianca-tem-braco-arrancado-por-maquina-de-lavar-roupas\/\" \/>\n<meta property=\"og:locale\" content=\"pt_BR\" \/>\n<meta property=\"og:type\" content=\"article\" \/>\n<meta property=\"og:title\" content=\"Crian\u00e7a tem bra\u00e7o arrancado por m\u00e1quina de lavar roupas - R\u00e1dio Life FM\" \/>\n<meta property=\"og:description\" content=\"A crian\u00e7a estava na casa do av\u00f4 quando colocou a m\u00e3o dentro do equipamento e teve o bra\u00e7o arrancado na altura do ombro Na tarde desta ter\u00e7a feira (7), uma crian\u00e7a de quatro anos teve um dos bra\u00e7os decepado por uma m\u00e1quina de lavar roupas. O caso aconteceu em Presidente Venceslau (SP). As primeiras informa\u00e7\u00f5es [&hellip;]\" \/>\n<meta property=\"og:url\" content=\"https:\/\/radiolifefm.com.br\/noticias\/crianca-tem-braco-arrancado-por-maquina-de-lavar-roupas\/\" \/>\n<meta property=\"og:site_name\" content=\"R\u00e1dio Life FM\" \/>\n<meta property=\"article:publisher\" content=\"https:\/\/www.facebook.com\/radiolifefm\/\" \/>\n<meta property=\"article:published_time\" content=\"2019-05-08T13:42:53+00:00\" \/>\n<meta property=\"article:modified_time\" content=\"2026-04-30T13:09:45+00:00\" \/>\n<meta property=\"og:image\" content=\"https:\/\/radiolifefm.com.br\/noticias\/wp-content\/uploads\/2019\/05\/M\u00e1quina-de-lavar-1.jpg\" \/>\n\t<meta property=\"og:image:width\" content=\"620\" \/>\n\t<meta property=\"og:image:height\" content=\"349\" \/>\n\t<meta property=\"og:image:type\" content=\"image\/jpeg\" \/>\n<meta name=\"author\" content=\"lifefm\" \/>\n<meta name=\"twitter:card\" content=\"summary_large_image\" \/>\n<meta name=\"twitter:label1\" content=\"Escrito por\" \/>\n\t<meta name=\"twitter:data1\" content=\"lifefm\" \/>\n\t<meta name=\"twitter:label2\" content=\"Est. tempo de leitura\" \/>\n\t<meta name=\"twitter:data2\" content=\"1 minuto\" \/>\n<script type=\"application\/ld+json\" class=\"yoast-schema-graph\">{\"@context\":\"https:\/\/schema.org\",\"@graph\":[{\"@type\":\"Article\",\"@id\":\"https:\/\/radiolifefm.com.br\/noticias\/crianca-tem-braco-arrancado-por-maquina-de-lavar-roupas\/#article\",\"isPartOf\":{\"@id\":\"https:\/\/radiolifefm.com.br\/noticias\/crianca-tem-braco-arrancado-por-maquina-de-lavar-roupas\/\"},\"author\":{\"name\":\"lifefm\",\"@id\":\"https:\/\/radiolifefm.com.br\/noticias\/#\/schema\/person\/1d4e4b1301322090c6221bf1c8420490\"},\"headline\":\"Crian\u00e7a tem bra\u00e7o arrancado por m\u00e1quina de lavar roupas\",\"datePublished\":\"2019-05-08T13:42:53+00:00\",\"dateModified\":\"2026-04-30T13:09:45+00:00\",\"mainEntityOfPage\":{\"@id\":\"https:\/\/radiolifefm.com.br\/noticias\/crianca-tem-braco-arrancado-por-maquina-de-lavar-roupas\/\"},\"wordCount\":183,\"commentCount\":0,\"publisher\":{\"@id\":\"https:\/\/radiolifefm.com.br\/noticias\/#organization\"},\"image\":{\"@id\":\"https:\/\/radiolifefm.com.br\/noticias\/crianca-tem-braco-arrancado-por-maquina-de-lavar-roupas\/#primaryimage\"},\"thumbnailUrl\":\"https:\/\/radiolifefm.com.br\/noticias\/wp-content\/uploads\/2019\/05\/M\u00e1quina-de-lavar-1.jpg\",\"articleSection\":[\"Regi\u00e3o\"],\"inLanguage\":\"pt-BR\",\"potentialAction\":[{\"@type\":\"CommentAction\",\"name\":\"Comment\",\"target\":[\"https:\/\/radiolifefm.com.br\/noticias\/crianca-tem-braco-arrancado-por-maquina-de-lavar-roupas\/#respond\"]}]},{\"@type\":\"WebPage\",\"@id\":\"https:\/\/radiolifefm.com.br\/noticias\/crianca-tem-braco-arrancado-por-maquina-de-lavar-roupas\/\",\"url\":\"https:\/\/radiolifefm.com.br\/noticias\/crianca-tem-braco-arrancado-por-maquina-de-lavar-roupas\/\",\"name\":\"Crian\u00e7a tem bra\u00e7o arrancado por m\u00e1quina de lavar roupas - R\u00e1dio Life FM\",\"isPartOf\":{\"@id\":\"https:\/\/radiolifefm.com.br\/noticias\/#website\"},\"primaryImageOfPage\":{\"@id\":\"https:\/\/radiolifefm.com.br\/noticias\/crianca-tem-braco-arrancado-por-maquina-de-lavar-roupas\/#primaryimage\"},\"image\":{\"@id\":\"https:\/\/radiolifefm.com.br\/noticias\/crianca-tem-braco-arrancado-por-maquina-de-lavar-roupas\/#primaryimage\"},\"thumbnailUrl\":\"https:\/\/radiolifefm.com.br\/noticias\/wp-content\/uploads\/2019\/05\/M\u00e1quina-de-lavar-1.jpg\",\"datePublished\":\"2019-05-08T13:42:53+00:00\",\"dateModified\":\"2026-04-30T13:09:45+00:00\",\"breadcrumb\":{\"@id\":\"https:\/\/radiolifefm.com.br\/noticias\/crianca-tem-braco-arrancado-por-maquina-de-lavar-roupas\/#breadcrumb\"},\"inLanguage\":\"pt-BR\",\"potentialAction\":[{\"@type\":\"ReadAction\",\"target\":[\"https:\/\/radiolifefm.com.br\/noticias\/crianca-tem-braco-arrancado-por-maquina-de-lavar-roupas\/\"]}]},{\"@type\":\"ImageObject\",\"inLanguage\":\"pt-BR\",\"@id\":\"https:\/\/radiolifefm.com.br\/noticias\/crianca-tem-braco-arrancado-por-maquina-de-lavar-roupas\/#primaryimage\",\"url\":\"https:\/\/radiolifefm.com.br\/noticias\/wp-content\/uploads\/2019\/05\/M\u00e1quina-de-lavar-1.jpg\",\"contentUrl\":\"https:\/\/radiolifefm.com.br\/noticias\/wp-content\/uploads\/2019\/05\/M\u00e1quina-de-lavar-1.jpg\",\"width\":620,\"height\":349,\"caption\":\"Crian\u00e7a teve bra\u00e7o arrancado em m\u00e1quina de lavar\"},{\"@type\":\"BreadcrumbList\",\"@id\":\"https:\/\/radiolifefm.com.br\/noticias\/crianca-tem-braco-arrancado-por-maquina-de-lavar-roupas\/#breadcrumb\",\"itemListElement\":[{\"@type\":\"ListItem\",\"position\":1,\"name\":\"In\u00edcio\",\"item\":\"https:\/\/radiolifefm.com.br\/noticias\/\"},{\"@type\":\"ListItem\",\"position\":2,\"name\":\"Crian\u00e7a tem bra\u00e7o arrancado por m\u00e1quina de lavar roupas\"}]},{\"@type\":\"WebSite\",\"@id\":\"https:\/\/radiolifefm.com.br\/noticias\/#website\",\"url\":\"https:\/\/radiolifefm.com.br\/noticias\/\",\"name\":\"R\u00e1dio Life FM\",\"description\":\"O Portal de Not\u00edcias de Adamantina\",\"publisher\":{\"@id\":\"https:\/\/radiolifefm.com.br\/noticias\/#organization\"},\"alternateName\":\"Life FM\",\"potentialAction\":[{\"@type\":\"SearchAction\",\"target\":{\"@type\":\"EntryPoint\",\"urlTemplate\":\"https:\/\/radiolifefm.com.br\/noticias\/?s={search_term_string}\"},\"query-input\":{\"@type\":\"PropertyValueSpecification\",\"valueRequired\":true,\"valueName\":\"search_term_string\"}}],\"inLanguage\":\"pt-BR\"},{\"@type\":\"Organization\",\"@id\":\"https:\/\/radiolifefm.com.br\/noticias\/#organization\",\"name\":\"R\u00e1dio Life FM\",\"alternateName\":\"Life FM\",\"url\":\"https:\/\/radiolifefm.com.br\/noticias\/\",\"logo\":{\"@type\":\"ImageObject\",\"inLanguage\":\"pt-BR\",\"@id\":\"https:\/\/radiolifefm.com.br\/noticias\/#\/schema\/logo\/image\/\",\"url\":\"https:\/\/static.radiolifefm.com.br\/noticias\/wp-content\/uploads\/2019\/10\/logo-lifefm.png\",\"contentUrl\":\"https:\/\/static.radiolifefm.com.br\/noticias\/wp-content\/uploads\/2019\/10\/logo-lifefm.png\",\"width\":196,\"height\":47,\"caption\":\"R\u00e1dio Life FM\"},\"image\":{\"@id\":\"https:\/\/radiolifefm.com.br\/noticias\/#\/schema\/logo\/image\/\"},\"sameAs\":[\"https:\/\/www.facebook.com\/radiolifefm\/\",\"https:\/\/www.instagram.com\/life1079fm\/\"]},{\"@type\":\"Person\",\"@id\":\"https:\/\/radiolifefm.com.br\/noticias\/#\/schema\/person\/1d4e4b1301322090c6221bf1c8420490\",\"name\":\"lifefm\",\"image\":{\"@type\":\"ImageObject\",\"inLanguage\":\"pt-BR\",\"@id\":\"https:\/\/secure.gravatar.com\/avatar\/eca268467d925ec97d20641bb054fd944c0abb2f92854171620706bbe6474e7c?s=96&d=mm&r=g\",\"url\":\"https:\/\/secure.gravatar.com\/avatar\/eca268467d925ec97d20641bb054fd944c0abb2f92854171620706bbe6474e7c?s=96&d=mm&r=g\",\"contentUrl\":\"https:\/\/secure.gravatar.com\/avatar\/eca268467d925ec97d20641bb054fd944c0abb2f92854171620706bbe6474e7c?s=96&d=mm&r=g\",\"caption\":\"lifefm\"}}]}<\/script>\n<!-- \/ Yoast SEO plugin. -->","yoast_head_json":{"title":"Crian\u00e7a tem bra\u00e7o arrancado por m\u00e1quina de lavar roupas - R\u00e1dio Life FM","robots":{"index":"index","follow":"follow","max-snippet":"max-snippet:-1","max-image-preview":"max-image-preview:large","max-video-preview":"max-video-preview:-1"},"canonical":"https:\/\/radiolifefm.com.br\/noticias\/crianca-tem-braco-arrancado-por-maquina-de-lavar-roupas\/","og_locale":"pt_BR","og_type":"article","og_title":"Crian\u00e7a tem bra\u00e7o arrancado por m\u00e1quina de lavar roupas - R\u00e1dio Life FM","og_description":"A crian\u00e7a estava na casa do av\u00f4 quando colocou a m\u00e3o dentro do equipamento e teve o bra\u00e7o arrancado na altura do ombro Na tarde desta ter\u00e7a feira (7), uma crian\u00e7a de quatro anos teve um dos bra\u00e7os decepado por uma m\u00e1quina de lavar roupas. O caso aconteceu em Presidente Venceslau (SP). As primeiras informa\u00e7\u00f5es [&hellip;]","og_url":"https:\/\/radiolifefm.com.br\/noticias\/crianca-tem-braco-arrancado-por-maquina-de-lavar-roupas\/","og_site_name":"R\u00e1dio Life FM","article_publisher":"https:\/\/www.facebook.com\/radiolifefm\/","article_published_time":"2019-05-08T13:42:53+00:00","article_modified_time":"2026-04-30T13:09:45+00:00","og_image":[{"width":620,"height":349,"url":"https:\/\/radiolifefm.com.br\/noticias\/wp-content\/uploads\/2019\/05\/M\u00e1quina-de-lavar-1.jpg","type":"image\/jpeg"}],"author":"lifefm","twitter_card":"summary_large_image","twitter_misc":{"Escrito por":"lifefm","Est. tempo de leitura":"1 minuto"},"schema":{"@context":"https:\/\/schema.org","@graph":[{"@type":"Article","@id":"https:\/\/radiolifefm.com.br\/noticias\/crianca-tem-braco-arrancado-por-maquina-de-lavar-roupas\/#article","isPartOf":{"@id":"https:\/\/radiolifefm.com.br\/noticias\/crianca-tem-braco-arrancado-por-maquina-de-lavar-roupas\/"},"author":{"name":"lifefm","@id":"https:\/\/radiolifefm.com.br\/noticias\/#\/schema\/person\/1d4e4b1301322090c6221bf1c8420490"},"headline":"Crian\u00e7a tem bra\u00e7o arrancado por m\u00e1quina de lavar roupas","datePublished":"2019-05-08T13:42:53+00:00","dateModified":"2026-04-30T13:09:45+00:00","mainEntityOfPage":{"@id":"https:\/\/radiolifefm.com.br\/noticias\/crianca-tem-braco-arrancado-por-maquina-de-lavar-roupas\/"},"wordCount":183,"commentCount":0,"publisher":{"@id":"https:\/\/radiolifefm.com.br\/noticias\/#organization"},"image":{"@id":"https:\/\/radiolifefm.com.br\/noticias\/crianca-tem-braco-arrancado-por-maquina-de-lavar-roupas\/#primaryimage"},"thumbnailUrl":"https:\/\/radiolifefm.com.br\/noticias\/wp-content\/uploads\/2019\/05\/M\u00e1quina-de-lavar-1.jpg","articleSection":["Regi\u00e3o"],"inLanguage":"pt-BR","potentialAction":[{"@type":"CommentAction","name":"Comment","target":["https:\/\/radiolifefm.com.br\/noticias\/crianca-tem-braco-arrancado-por-maquina-de-lavar-roupas\/#respond"]}]},{"@type":"WebPage","@id":"https:\/\/radiolifefm.com.br\/noticias\/crianca-tem-braco-arrancado-por-maquina-de-lavar-roupas\/","url":"https:\/\/radiolifefm.com.br\/noticias\/crianca-tem-braco-arrancado-por-maquina-de-lavar-roupas\/","name":"Crian\u00e7a tem bra\u00e7o arrancado por m\u00e1quina de lavar roupas - R\u00e1dio Life FM","isPartOf":{"@id":"https:\/\/radiolifefm.com.br\/noticias\/#website"},"primaryImageOfPage":{"@id":"https:\/\/radiolifefm.com.br\/noticias\/crianca-tem-braco-arrancado-por-maquina-de-lavar-roupas\/#primaryimage"},"image":{"@id":"https:\/\/radiolifefm.com.br\/noticias\/crianca-tem-braco-arrancado-por-maquina-de-lavar-roupas\/#primaryimage"},"thumbnailUrl":"https:\/\/radiolifefm.com.br\/noticias\/wp-content\/uploads\/2019\/05\/M\u00e1quina-de-lavar-1.jpg","datePublished":"2019-05-08T13:42:53+00:00","dateModified":"2026-04-30T13:09:45+00:00","breadcrumb":{"@id":"https:\/\/radiolifefm.com.br\/noticias\/crianca-tem-braco-arrancado-por-maquina-de-lavar-roupas\/#breadcrumb"},"inLanguage":"pt-BR","potentialAction":[{"@type":"ReadAction","target":["https:\/\/radiolifefm.com.br\/noticias\/crianca-tem-braco-arrancado-por-maquina-de-lavar-roupas\/"]}]},{"@type":"ImageObject","inLanguage":"pt-BR","@id":"https:\/\/radiolifefm.com.br\/noticias\/crianca-tem-braco-arrancado-por-maquina-de-lavar-roupas\/#primaryimage","url":"https:\/\/radiolifefm.com.br\/noticias\/wp-content\/uploads\/2019\/05\/M\u00e1quina-de-lavar-1.jpg","contentUrl":"https:\/\/radiolifefm.com.br\/noticias\/wp-content\/uploads\/2019\/05\/M\u00e1quina-de-lavar-1.jpg","width":620,"height":349,"caption":"Crian\u00e7a teve bra\u00e7o arrancado em m\u00e1quina de lavar"},{"@type":"BreadcrumbList","@id":"https:\/\/radiolifefm.com.br\/noticias\/crianca-tem-braco-arrancado-por-maquina-de-lavar-roupas\/#breadcrumb","itemListElement":[{"@type":"ListItem","position":1,"name":"In\u00edcio","item":"https:\/\/radiolifefm.com.br\/noticias\/"},{"@type":"ListItem","position":2,"name":"Crian\u00e7a tem bra\u00e7o arrancado por m\u00e1quina de lavar roupas"}]},{"@type":"WebSite","@id":"https:\/\/radiolifefm.com.br\/noticias\/#website","url":"https:\/\/radiolifefm.com.br\/noticias\/","name":"R\u00e1dio Life FM","description":"O Portal de Not\u00edcias de Adamantina","publisher":{"@id":"https:\/\/radiolifefm.com.br\/noticias\/#organization"},"alternateName":"Life FM","potentialAction":[{"@type":"SearchAction","target":{"@type":"EntryPoint","urlTemplate":"https:\/\/radiolifefm.com.br\/noticias\/?s={search_term_string}"},"query-input":{"@type":"PropertyValueSpecification","valueRequired":true,"valueName":"search_term_string"}}],"inLanguage":"pt-BR"},{"@type":"Organization","@id":"https:\/\/radiolifefm.com.br\/noticias\/#organization","name":"R\u00e1dio Life FM","alternateName":"Life FM","url":"https:\/\/radiolifefm.com.br\/noticias\/","logo":{"@type":"ImageObject","inLanguage":"pt-BR","@id":"https:\/\/radiolifefm.com.br\/noticias\/#\/schema\/logo\/image\/","url":"https:\/\/static.radiolifefm.com.br\/noticias\/wp-content\/uploads\/2019\/10\/logo-lifefm.png","contentUrl":"https:\/\/static.radiolifefm.com.br\/noticias\/wp-content\/uploads\/2019\/10\/logo-lifefm.png","width":196,"height":47,"caption":"R\u00e1dio Life FM"},"image":{"@id":"https:\/\/radiolifefm.com.br\/noticias\/#\/schema\/logo\/image\/"},"sameAs":["https:\/\/www.facebook.com\/radiolifefm\/","https:\/\/www.instagram.com\/life1079fm\/"]},{"@type":"Person","@id":"https:\/\/radiolifefm.com.br\/noticias\/#\/schema\/person\/1d4e4b1301322090c6221bf1c8420490","name":"lifefm","image":{"@type":"ImageObject","inLanguage":"pt-BR","@id":"https:\/\/secure.gravatar.com\/avatar\/eca268467d925ec97d20641bb054fd944c0abb2f92854171620706bbe6474e7c?s=96&d=mm&r=g","url":"https:\/\/secure.gravatar.com\/avatar\/eca268467d925ec97d20641bb054fd944c0abb2f92854171620706bbe6474e7c?s=96&d=mm&r=g","contentUrl":"https:\/\/secure.gravatar.com\/avatar\/eca268467d925ec97d20641bb054fd944c0abb2f92854171620706bbe6474e7c?s=96&d=mm&r=g","caption":"lifefm"}}]}},"amp_enabled":true,"_links":{"self":[{"href":"https:\/\/radiolifefm.com.br\/noticias\/wp-json\/wp\/v2\/posts\/12841","targetHints":{"allow":["GET"]}}],"collection":[{"href":"https:\/\/radiolifefm.com.br\/noticias\/wp-json\/wp\/v2\/posts"}],"about":[{"href":"https:\/\/radiolifefm.com.br\/noticias\/wp-json\/wp\/v2\/types\/post"}],"author":[{"embeddable":true,"href":"https:\/\/radiolifefm.com.br\/noticias\/wp-json\/wp\/v2\/users\/3"}],"replies":[{"embeddable":true,"href":"https:\/\/radiolifefm.com.br\/noticias\/wp-json\/wp\/v2\/comments?post=12841"}],"version-history":[{"count":2,"href":"https:\/\/radiolifefm.com.br\/noticias\/wp-json\/wp\/v2\/posts\/12841\/revisions"}],"predecessor-version":[{"id":12885,"href":"https:\/\/radiolifefm.com.br\/noticias\/wp-json\/wp\/v2\/posts\/12841\/revisions\/12885"}],"wp:featuredmedia":[{"embeddable":true,"href":"https:\/\/radiolifefm.com.br\/noticias\/wp-json\/wp\/v2\/media\/12842"}],"wp:attachment":[{"href":"https:\/\/radiolifefm.com.br\/noticias\/wp-json\/wp\/v2\/media?parent=12841"}],"wp:term":[{"taxonomy":"category","embeddable":true,"href":"https:\/\/radiolifefm.com.br\/noticias\/wp-json\/wp\/v2\/categories?post=12841"},{"taxonomy":"post_tag","embeddable":true,"href":"https:\/\/radiolifefm.com.br\/noticias\/wp-json\/wp\/v2\/tags?post=12841"}],"curies":[{"name":"wp","href":"https:\/\/api.w.org\/{rel}","templated":true}]}}