{"id":12815,"date":"2019-05-08T09:15:39","date_gmt":"2019-05-08T12:15:39","guid":{"rendered":"https:\/\/radiolifefm.com.br\/noticias\/?p=12815"},"modified":"2026-04-24T06:51:46","modified_gmt":"2026-04-24T09:51:46","slug":"aladim-ali-baba-e-outros-desencontros-na-provincia-2","status":"publish","type":"post","link":"https:\/\/radiolifefm.com.br\/noticias\/aladim-ali-baba-e-outros-desencontros-na-provincia-2\/","title":{"rendered":"ALADIM, ALI BAB\u00c1 E OUTROS DESENCONTROS NA PROV\u00cdNCIA&#8230;"},"content":{"rendered":"<div id=\"fb-root\"><\/div>\n<p><em>&#8220;eu prefiro ser aquela metamorfose ambulante&#8230;&#8221; (Raul Seixas)<\/em><\/p>\n<p>S\u00e9rgio Barbosa (*)<\/p>\n<p>Parece que agora as coisas est\u00e3o mais ou menos encaminhas para ambos os lados de um mesmo lado em terras provincianas, por\u00e9m, nada como o dito popular tupiniquim pra refor\u00e7ar com a frase: &#8220;quem viver, vai ver&#8230;&#8221;<\/p>\n<p>Algumas pessoas, entre as quais, aquelas raras que colocam &#8220;o nome&#8221; em textos aqui ou ali, bem como, sem mais e sem menos, ficam teimando em querer se colocar acima do &#8220;bem e do mal&#8221; sobre diversas quest\u00f5es relacionadas com a Prov\u00edncia, por\u00e9m, para ser isso ou aquilo, faz-e necess\u00e1rio SER e n\u00e3o apenas ESTAR&#8230;<\/p>\n<p>Tamb\u00e9m, cada qual sabe onde aperta o seu &#8220;cinto&#8221;, pode ser a &#8220;cinta&#8221; ou outra coisas desta mesma coisa, sendo assim, vamos que vamos em meio aos desencontros afins aos interesses em n\u00edvel regiocal, ou seja, do regional para o local&#8230;<\/p>\n<p>Neste meio tempo sem tempo, os interesses est\u00e3o quase sempre escondidos por debaixo do tapete, talvez, do &#8220;Aladim&#8221; sem esquecer o tal do &#8220;Ali Bab\u00e1&#8221; e sua turma, assim, &#8220;todo cuidado \u00e9 pouco&#8221; neste per\u00edodo pr\u00e9-eleitoral e ponto quase final&#8230;<\/p>\n<p>O meu amigo &#8220;Londrina&#8221; que \u00e9 especialista em escrever usando e abusando das lendas, mitos e outros em seus artigos sobre o cen\u00e1rio do &#8220;faz de conta&#8221; desta Prov\u00edncia, sempre refor\u00e7a que tais alus\u00f5es s\u00e3o mais do que necess\u00e1rias para ilustrar o contexto e personagens do local&#8230;<\/p>\n<div class='flex flex-wrap items-center -mx-1'>\r\n<a class='thumbnail gallery p-1 w-1\/2 md:w-1\/4' href='https:\/\/radiolifefm.com.br\/noticias\/wp-content\/uploads\/2019\/05\/SEBAR-1.jpg'><img class='border border-white' src='https:\/\/radiolifefm.com.br\/noticias\/wp-content\/uploads\/2019\/05\/SEBAR-1-200x200.jpg' alt='SEBAR   1' \/><\/a><\/div>\n<p>Mas, voltando ao senso comum de sempre, ou seja, essa turma do &#8220;Aladim&#8221; que continua buscando o apoio incondicional de &#8220;Ali Bab\u00e1&#8221;, sem esquecer que deste lado pode ser convocado \u00e0queles outros &#8220;40&#8221;, se isso ocorrer, acredita que a coisa pode desandar para todos os cantos provincianos&#8230;<\/p>\n<p>Al\u00e9m do mais ou de menos, nas madrugadas sem fim, dizem que &#8220;todos os gatos ou gatas s\u00e3o pardo\/ass&#8230;&#8221;, todavia, neste cen\u00e1rio que est\u00e1 cada vez mais nebuloso pelas tocas que continuam ocorrendo nas esquinas, padarias, m\u00e1quinas e outros, pode-se esperar um pouco de tudo, tendo em vista que tais trocas quase sempre s\u00e3o por meio do tradicional &#8220;fico do seu lado, mas, quero isto ou aquilo&#8230;&#8221;<\/p>\n<div class='flex flex-wrap items-center -mx-1'>\r\n<a class='thumbnail gallery p-1 w-1\/2 md:w-1\/4' href='https:\/\/radiolifefm.com.br\/noticias\/wp-content\/uploads\/2019\/05\/SEBAR-2.jpg'><img class='border border-white' src='https:\/\/radiolifefm.com.br\/noticias\/wp-content\/uploads\/2019\/05\/SEBAR-2-200x200.jpg' alt='SEBAR   2' \/><\/a><\/div>\n<p>Na realidade, todos\/as buscam alguma coisa para isto ou aquilo, ainda, sem mais e sem menos, por\u00e9m, se poss\u00edvel para o \u201cmais\u201d e nada de \u201cmenos\u201d nestas trocas nada simb\u00f3licas em terras provincianas&#8230;<\/p>\n<p>Cada qual deve saber dos seus interesses neste mercado que envolve muitas moedas com o mesmo valor de sempre, entretanto, o\/a leitor\/a deve ficara em alerta m\u00e1ximo com rela\u00e7\u00e3o \u00e0s movimenta\u00e7\u00f5es destas \u201ctrocas\u201d em meio aos desencontros do poder com o poder pelo poder em busca do poder&#8230;<\/p>\n<p>O que n\u00e3o se pode deixar de lado daqui pra frente tem a ver, talvez, pode ser que n\u00e3o, com o &#8220;fogo cruzado&#8221; pra cima dos nomes que est\u00e3o sendo veiculados na m\u00eddia provinciana em busca de um \u201clugar no quinto andar\u201d no pr\u00f3ximo ano&#8230;<\/p>\n<div class='flex flex-wrap items-center -mx-1'>\r\n<a class='thumbnail gallery p-1 w-1\/2 md:w-1\/4' href='https:\/\/radiolifefm.com.br\/noticias\/wp-content\/uploads\/2019\/05\/SEBAR-3.jpg'><img class='border border-white' src='https:\/\/radiolifefm.com.br\/noticias\/wp-content\/uploads\/2019\/05\/SEBAR-3-200x200.jpg' alt='SEBAR   3' \/><\/a><\/div>\n<p>Assim, dizem que \u201ccaminha a humanidade\u201d neste tempo velho tempo na Prov\u00edncia, portanto que o tal do ALADIM possa fazer a sua parte de um jeito ou de outro, tendo em vista que s\u00f3 vai sobreviver quem localizar a \u201cL\u00e2mpada\u201d ou uma quem sabe localizar uma \u201cgarrafa m\u00e1gica\u201d em algum balc\u00e3o qualquer&#8230;<\/p>\n<p>Ah! N\u00e3o se pode esquecer-se da outra turma, ou seja, de &#8220;Ali Bab\u00e1\u201d, afinal de contas n\u00e3o se pode deixar de lado a m\u00e1xima dessa turma, a saber; \u201cquanto vou levar nesta para dar o meu apoio\u201d e ponto quase final&#8230;<br \/>\nE finalizando, &#8220;todos os meios v\u00e3o justificar o fim&#8221;&#8230;<\/p>\n<p>S\u00e9rgio Barbosa<br \/>\n(*) jornalista diplomado.<\/p>\n<p>&nbsp;<\/p>\n","protected":false},"excerpt":{"rendered":"<p>&#8220;eu prefiro ser aquela metamorfose ambulante&#8230;&#8221; (Raul Seixas) S\u00e9rgio Barbosa (*) Parece que agora as coisas est\u00e3o mais ou menos encaminhas para ambos os lados de um mesmo lado em terras provincianas, por\u00e9m, nada como o dito popular tupiniquim pra refor\u00e7ar com a frase: &#8220;quem viver, vai ver&#8230;&#8221; Algumas pessoas, entre as quais, aquelas raras [&hellip;]<\/p>\n","protected":false},"author":3,"featured_media":12812,"comment_status":"closed","ping_status":"open","sticky":false,"template":"","format":"standard","meta":{"_acf_changed":false,"_exactmetrics_skip_tracking":false,"_exactmetrics_sitenote_active":false,"_exactmetrics_sitenote_note":"","_exactmetrics_sitenote_category":0,"footnotes":""},"categories":[59],"tags":[],"class_list":["post-12815","post","type-post","status-publish","format-standard","has-post-thumbnail","hentry","category-opiniao"],"acf":[],"yoast_head":"<!-- This site is optimized with the Yoast SEO plugin v27.2 - https:\/\/yoast.com\/product\/yoast-seo-wordpress\/ -->\n<title>ALADIM, ALI BAB\u00c1 E OUTROS DESENCONTROS NA PROV\u00cdNCIA... - R\u00e1dio Life FM<\/title>\n<meta name=\"robots\" content=\"index, follow, max-snippet:-1, max-image-preview:large, max-video-preview:-1\" \/>\n<link rel=\"canonical\" href=\"https:\/\/radiolifefm.com.br\/noticias\/aladim-ali-baba-e-outros-desencontros-na-provincia-2\/\" \/>\n<meta property=\"og:locale\" content=\"pt_BR\" \/>\n<meta property=\"og:type\" content=\"article\" \/>\n<meta property=\"og:title\" content=\"ALADIM, ALI BAB\u00c1 E OUTROS DESENCONTROS NA PROV\u00cdNCIA... - R\u00e1dio Life FM\" \/>\n<meta property=\"og:description\" content=\"&#8220;eu prefiro ser aquela metamorfose ambulante&#8230;&#8221; (Raul Seixas) S\u00e9rgio Barbosa (*) Parece que agora as coisas est\u00e3o mais ou menos encaminhas para ambos os lados de um mesmo lado em terras provincianas, por\u00e9m, nada como o dito popular tupiniquim pra refor\u00e7ar com a frase: &#8220;quem viver, vai ver&#8230;&#8221; Algumas pessoas, entre as quais, aquelas raras [&hellip;]\" \/>\n<meta property=\"og:url\" content=\"https:\/\/radiolifefm.com.br\/noticias\/aladim-ali-baba-e-outros-desencontros-na-provincia-2\/\" \/>\n<meta property=\"og:site_name\" content=\"R\u00e1dio Life FM\" \/>\n<meta property=\"article:publisher\" content=\"https:\/\/www.facebook.com\/radiolifefm\/\" \/>\n<meta property=\"article:published_time\" content=\"2019-05-08T12:15:39+00:00\" \/>\n<meta property=\"article:modified_time\" content=\"2026-04-24T09:51:46+00:00\" \/>\n<meta property=\"og:image\" content=\"https:\/\/radiolifefm.com.br\/noticias\/wp-content\/uploads\/2019\/05\/03-1024x768.jpg\" \/>\n\t<meta property=\"og:image:width\" content=\"1024\" \/>\n\t<meta property=\"og:image:height\" content=\"768\" \/>\n\t<meta property=\"og:image:type\" content=\"image\/jpeg\" \/>\n<meta name=\"author\" content=\"lifefm\" \/>\n<meta name=\"twitter:card\" content=\"summary_large_image\" \/>\n<meta name=\"twitter:label1\" content=\"Escrito por\" \/>\n\t<meta name=\"twitter:data1\" content=\"lifefm\" \/>\n\t<meta name=\"twitter:label2\" content=\"Est. tempo de leitura\" \/>\n\t<meta name=\"twitter:data2\" content=\"3 minutos\" \/>\n<script type=\"application\/ld+json\" class=\"yoast-schema-graph\">{\"@context\":\"https:\/\/schema.org\",\"@graph\":[{\"@type\":\"Article\",\"@id\":\"https:\/\/radiolifefm.com.br\/noticias\/aladim-ali-baba-e-outros-desencontros-na-provincia-2\/#article\",\"isPartOf\":{\"@id\":\"https:\/\/radiolifefm.com.br\/noticias\/aladim-ali-baba-e-outros-desencontros-na-provincia-2\/\"},\"author\":{\"name\":\"lifefm\",\"@id\":\"https:\/\/radiolifefm.com.br\/noticias\/#\/schema\/person\/1d4e4b1301322090c6221bf1c8420490\"},\"headline\":\"ALADIM, ALI BAB\u00c1 E OUTROS DESENCONTROS NA PROV\u00cdNCIA&#8230;\",\"datePublished\":\"2019-05-08T12:15:39+00:00\",\"dateModified\":\"2026-04-24T09:51:46+00:00\",\"mainEntityOfPage\":{\"@id\":\"https:\/\/radiolifefm.com.br\/noticias\/aladim-ali-baba-e-outros-desencontros-na-provincia-2\/\"},\"wordCount\":638,\"publisher\":{\"@id\":\"https:\/\/radiolifefm.com.br\/noticias\/#organization\"},\"image\":{\"@id\":\"https:\/\/radiolifefm.com.br\/noticias\/aladim-ali-baba-e-outros-desencontros-na-provincia-2\/#primaryimage\"},\"thumbnailUrl\":\"https:\/\/radiolifefm.com.br\/noticias\/wp-content\/uploads\/2019\/05\/03.jpg\",\"articleSection\":[\"Opini\u00e3o\"],\"inLanguage\":\"pt-BR\"},{\"@type\":\"WebPage\",\"@id\":\"https:\/\/radiolifefm.com.br\/noticias\/aladim-ali-baba-e-outros-desencontros-na-provincia-2\/\",\"url\":\"https:\/\/radiolifefm.com.br\/noticias\/aladim-ali-baba-e-outros-desencontros-na-provincia-2\/\",\"name\":\"ALADIM, ALI BAB\u00c1 E OUTROS DESENCONTROS NA PROV\u00cdNCIA... - R\u00e1dio Life FM\",\"isPartOf\":{\"@id\":\"https:\/\/radiolifefm.com.br\/noticias\/#website\"},\"primaryImageOfPage\":{\"@id\":\"https:\/\/radiolifefm.com.br\/noticias\/aladim-ali-baba-e-outros-desencontros-na-provincia-2\/#primaryimage\"},\"image\":{\"@id\":\"https:\/\/radiolifefm.com.br\/noticias\/aladim-ali-baba-e-outros-desencontros-na-provincia-2\/#primaryimage\"},\"thumbnailUrl\":\"https:\/\/radiolifefm.com.br\/noticias\/wp-content\/uploads\/2019\/05\/03.jpg\",\"datePublished\":\"2019-05-08T12:15:39+00:00\",\"dateModified\":\"2026-04-24T09:51:46+00:00\",\"breadcrumb\":{\"@id\":\"https:\/\/radiolifefm.com.br\/noticias\/aladim-ali-baba-e-outros-desencontros-na-provincia-2\/#breadcrumb\"},\"inLanguage\":\"pt-BR\",\"potentialAction\":[{\"@type\":\"ReadAction\",\"target\":[\"https:\/\/radiolifefm.com.br\/noticias\/aladim-ali-baba-e-outros-desencontros-na-provincia-2\/\"]}]},{\"@type\":\"ImageObject\",\"inLanguage\":\"pt-BR\",\"@id\":\"https:\/\/radiolifefm.com.br\/noticias\/aladim-ali-baba-e-outros-desencontros-na-provincia-2\/#primaryimage\",\"url\":\"https:\/\/radiolifefm.com.br\/noticias\/wp-content\/uploads\/2019\/05\/03.jpg\",\"contentUrl\":\"https:\/\/radiolifefm.com.br\/noticias\/wp-content\/uploads\/2019\/05\/03.jpg\",\"width\":3648,\"height\":2736},{\"@type\":\"BreadcrumbList\",\"@id\":\"https:\/\/radiolifefm.com.br\/noticias\/aladim-ali-baba-e-outros-desencontros-na-provincia-2\/#breadcrumb\",\"itemListElement\":[{\"@type\":\"ListItem\",\"position\":1,\"name\":\"In\u00edcio\",\"item\":\"https:\/\/radiolifefm.com.br\/noticias\/\"},{\"@type\":\"ListItem\",\"position\":2,\"name\":\"ALADIM, ALI BAB\u00c1 E OUTROS DESENCONTROS NA PROV\u00cdNCIA&#8230;\"}]},{\"@type\":\"WebSite\",\"@id\":\"https:\/\/radiolifefm.com.br\/noticias\/#website\",\"url\":\"https:\/\/radiolifefm.com.br\/noticias\/\",\"name\":\"R\u00e1dio Life FM\",\"description\":\"O Portal de Not\u00edcias de Adamantina\",\"publisher\":{\"@id\":\"https:\/\/radiolifefm.com.br\/noticias\/#organization\"},\"alternateName\":\"Life FM\",\"potentialAction\":[{\"@type\":\"SearchAction\",\"target\":{\"@type\":\"EntryPoint\",\"urlTemplate\":\"https:\/\/radiolifefm.com.br\/noticias\/?s={search_term_string}\"},\"query-input\":{\"@type\":\"PropertyValueSpecification\",\"valueRequired\":true,\"valueName\":\"search_term_string\"}}],\"inLanguage\":\"pt-BR\"},{\"@type\":\"Organization\",\"@id\":\"https:\/\/radiolifefm.com.br\/noticias\/#organization\",\"name\":\"R\u00e1dio Life FM\",\"alternateName\":\"Life FM\",\"url\":\"https:\/\/radiolifefm.com.br\/noticias\/\",\"logo\":{\"@type\":\"ImageObject\",\"inLanguage\":\"pt-BR\",\"@id\":\"https:\/\/radiolifefm.com.br\/noticias\/#\/schema\/logo\/image\/\",\"url\":\"https:\/\/static.radiolifefm.com.br\/noticias\/wp-content\/uploads\/2019\/10\/logo-lifefm.png\",\"contentUrl\":\"https:\/\/static.radiolifefm.com.br\/noticias\/wp-content\/uploads\/2019\/10\/logo-lifefm.png\",\"width\":196,\"height\":47,\"caption\":\"R\u00e1dio Life FM\"},\"image\":{\"@id\":\"https:\/\/radiolifefm.com.br\/noticias\/#\/schema\/logo\/image\/\"},\"sameAs\":[\"https:\/\/www.facebook.com\/radiolifefm\/\",\"https:\/\/www.instagram.com\/life1079fm\/\"]},{\"@type\":\"Person\",\"@id\":\"https:\/\/radiolifefm.com.br\/noticias\/#\/schema\/person\/1d4e4b1301322090c6221bf1c8420490\",\"name\":\"lifefm\",\"image\":{\"@type\":\"ImageObject\",\"inLanguage\":\"pt-BR\",\"@id\":\"https:\/\/secure.gravatar.com\/avatar\/eca268467d925ec97d20641bb054fd944c0abb2f92854171620706bbe6474e7c?s=96&d=mm&r=g\",\"url\":\"https:\/\/secure.gravatar.com\/avatar\/eca268467d925ec97d20641bb054fd944c0abb2f92854171620706bbe6474e7c?s=96&d=mm&r=g\",\"contentUrl\":\"https:\/\/secure.gravatar.com\/avatar\/eca268467d925ec97d20641bb054fd944c0abb2f92854171620706bbe6474e7c?s=96&d=mm&r=g\",\"caption\":\"lifefm\"}}]}<\/script>\n<!-- \/ Yoast SEO plugin. -->","yoast_head_json":{"title":"ALADIM, ALI BAB\u00c1 E OUTROS DESENCONTROS NA PROV\u00cdNCIA... - R\u00e1dio Life FM","robots":{"index":"index","follow":"follow","max-snippet":"max-snippet:-1","max-image-preview":"max-image-preview:large","max-video-preview":"max-video-preview:-1"},"canonical":"https:\/\/radiolifefm.com.br\/noticias\/aladim-ali-baba-e-outros-desencontros-na-provincia-2\/","og_locale":"pt_BR","og_type":"article","og_title":"ALADIM, ALI BAB\u00c1 E OUTROS DESENCONTROS NA PROV\u00cdNCIA... - R\u00e1dio Life FM","og_description":"&#8220;eu prefiro ser aquela metamorfose ambulante&#8230;&#8221; (Raul Seixas) S\u00e9rgio Barbosa (*) Parece que agora as coisas est\u00e3o mais ou menos encaminhas para ambos os lados de um mesmo lado em terras provincianas, por\u00e9m, nada como o dito popular tupiniquim pra refor\u00e7ar com a frase: &#8220;quem viver, vai ver&#8230;&#8221; Algumas pessoas, entre as quais, aquelas raras [&hellip;]","og_url":"https:\/\/radiolifefm.com.br\/noticias\/aladim-ali-baba-e-outros-desencontros-na-provincia-2\/","og_site_name":"R\u00e1dio Life FM","article_publisher":"https:\/\/www.facebook.com\/radiolifefm\/","article_published_time":"2019-05-08T12:15:39+00:00","article_modified_time":"2026-04-24T09:51:46+00:00","og_image":[{"width":1024,"height":768,"url":"https:\/\/radiolifefm.com.br\/noticias\/wp-content\/uploads\/2019\/05\/03-1024x768.jpg","type":"image\/jpeg"}],"author":"lifefm","twitter_card":"summary_large_image","twitter_misc":{"Escrito por":"lifefm","Est. tempo de leitura":"3 minutos"},"schema":{"@context":"https:\/\/schema.org","@graph":[{"@type":"Article","@id":"https:\/\/radiolifefm.com.br\/noticias\/aladim-ali-baba-e-outros-desencontros-na-provincia-2\/#article","isPartOf":{"@id":"https:\/\/radiolifefm.com.br\/noticias\/aladim-ali-baba-e-outros-desencontros-na-provincia-2\/"},"author":{"name":"lifefm","@id":"https:\/\/radiolifefm.com.br\/noticias\/#\/schema\/person\/1d4e4b1301322090c6221bf1c8420490"},"headline":"ALADIM, ALI BAB\u00c1 E OUTROS DESENCONTROS NA PROV\u00cdNCIA&#8230;","datePublished":"2019-05-08T12:15:39+00:00","dateModified":"2026-04-24T09:51:46+00:00","mainEntityOfPage":{"@id":"https:\/\/radiolifefm.com.br\/noticias\/aladim-ali-baba-e-outros-desencontros-na-provincia-2\/"},"wordCount":638,"publisher":{"@id":"https:\/\/radiolifefm.com.br\/noticias\/#organization"},"image":{"@id":"https:\/\/radiolifefm.com.br\/noticias\/aladim-ali-baba-e-outros-desencontros-na-provincia-2\/#primaryimage"},"thumbnailUrl":"https:\/\/radiolifefm.com.br\/noticias\/wp-content\/uploads\/2019\/05\/03.jpg","articleSection":["Opini\u00e3o"],"inLanguage":"pt-BR"},{"@type":"WebPage","@id":"https:\/\/radiolifefm.com.br\/noticias\/aladim-ali-baba-e-outros-desencontros-na-provincia-2\/","url":"https:\/\/radiolifefm.com.br\/noticias\/aladim-ali-baba-e-outros-desencontros-na-provincia-2\/","name":"ALADIM, ALI BAB\u00c1 E OUTROS DESENCONTROS NA PROV\u00cdNCIA... - R\u00e1dio Life FM","isPartOf":{"@id":"https:\/\/radiolifefm.com.br\/noticias\/#website"},"primaryImageOfPage":{"@id":"https:\/\/radiolifefm.com.br\/noticias\/aladim-ali-baba-e-outros-desencontros-na-provincia-2\/#primaryimage"},"image":{"@id":"https:\/\/radiolifefm.com.br\/noticias\/aladim-ali-baba-e-outros-desencontros-na-provincia-2\/#primaryimage"},"thumbnailUrl":"https:\/\/radiolifefm.com.br\/noticias\/wp-content\/uploads\/2019\/05\/03.jpg","datePublished":"2019-05-08T12:15:39+00:00","dateModified":"2026-04-24T09:51:46+00:00","breadcrumb":{"@id":"https:\/\/radiolifefm.com.br\/noticias\/aladim-ali-baba-e-outros-desencontros-na-provincia-2\/#breadcrumb"},"inLanguage":"pt-BR","potentialAction":[{"@type":"ReadAction","target":["https:\/\/radiolifefm.com.br\/noticias\/aladim-ali-baba-e-outros-desencontros-na-provincia-2\/"]}]},{"@type":"ImageObject","inLanguage":"pt-BR","@id":"https:\/\/radiolifefm.com.br\/noticias\/aladim-ali-baba-e-outros-desencontros-na-provincia-2\/#primaryimage","url":"https:\/\/radiolifefm.com.br\/noticias\/wp-content\/uploads\/2019\/05\/03.jpg","contentUrl":"https:\/\/radiolifefm.com.br\/noticias\/wp-content\/uploads\/2019\/05\/03.jpg","width":3648,"height":2736},{"@type":"BreadcrumbList","@id":"https:\/\/radiolifefm.com.br\/noticias\/aladim-ali-baba-e-outros-desencontros-na-provincia-2\/#breadcrumb","itemListElement":[{"@type":"ListItem","position":1,"name":"In\u00edcio","item":"https:\/\/radiolifefm.com.br\/noticias\/"},{"@type":"ListItem","position":2,"name":"ALADIM, ALI BAB\u00c1 E OUTROS DESENCONTROS NA PROV\u00cdNCIA&#8230;"}]},{"@type":"WebSite","@id":"https:\/\/radiolifefm.com.br\/noticias\/#website","url":"https:\/\/radiolifefm.com.br\/noticias\/","name":"R\u00e1dio Life FM","description":"O Portal de Not\u00edcias de Adamantina","publisher":{"@id":"https:\/\/radiolifefm.com.br\/noticias\/#organization"},"alternateName":"Life FM","potentialAction":[{"@type":"SearchAction","target":{"@type":"EntryPoint","urlTemplate":"https:\/\/radiolifefm.com.br\/noticias\/?s={search_term_string}"},"query-input":{"@type":"PropertyValueSpecification","valueRequired":true,"valueName":"search_term_string"}}],"inLanguage":"pt-BR"},{"@type":"Organization","@id":"https:\/\/radiolifefm.com.br\/noticias\/#organization","name":"R\u00e1dio Life FM","alternateName":"Life FM","url":"https:\/\/radiolifefm.com.br\/noticias\/","logo":{"@type":"ImageObject","inLanguage":"pt-BR","@id":"https:\/\/radiolifefm.com.br\/noticias\/#\/schema\/logo\/image\/","url":"https:\/\/static.radiolifefm.com.br\/noticias\/wp-content\/uploads\/2019\/10\/logo-lifefm.png","contentUrl":"https:\/\/static.radiolifefm.com.br\/noticias\/wp-content\/uploads\/2019\/10\/logo-lifefm.png","width":196,"height":47,"caption":"R\u00e1dio Life FM"},"image":{"@id":"https:\/\/radiolifefm.com.br\/noticias\/#\/schema\/logo\/image\/"},"sameAs":["https:\/\/www.facebook.com\/radiolifefm\/","https:\/\/www.instagram.com\/life1079fm\/"]},{"@type":"Person","@id":"https:\/\/radiolifefm.com.br\/noticias\/#\/schema\/person\/1d4e4b1301322090c6221bf1c8420490","name":"lifefm","image":{"@type":"ImageObject","inLanguage":"pt-BR","@id":"https:\/\/secure.gravatar.com\/avatar\/eca268467d925ec97d20641bb054fd944c0abb2f92854171620706bbe6474e7c?s=96&d=mm&r=g","url":"https:\/\/secure.gravatar.com\/avatar\/eca268467d925ec97d20641bb054fd944c0abb2f92854171620706bbe6474e7c?s=96&d=mm&r=g","contentUrl":"https:\/\/secure.gravatar.com\/avatar\/eca268467d925ec97d20641bb054fd944c0abb2f92854171620706bbe6474e7c?s=96&d=mm&r=g","caption":"lifefm"}}]}},"amp_enabled":true,"_links":{"self":[{"href":"https:\/\/radiolifefm.com.br\/noticias\/wp-json\/wp\/v2\/posts\/12815","targetHints":{"allow":["GET"]}}],"collection":[{"href":"https:\/\/radiolifefm.com.br\/noticias\/wp-json\/wp\/v2\/posts"}],"about":[{"href":"https:\/\/radiolifefm.com.br\/noticias\/wp-json\/wp\/v2\/types\/post"}],"author":[{"embeddable":true,"href":"https:\/\/radiolifefm.com.br\/noticias\/wp-json\/wp\/v2\/users\/3"}],"replies":[{"embeddable":true,"href":"https:\/\/radiolifefm.com.br\/noticias\/wp-json\/wp\/v2\/comments?post=12815"}],"version-history":[{"count":1,"href":"https:\/\/radiolifefm.com.br\/noticias\/wp-json\/wp\/v2\/posts\/12815\/revisions"}],"predecessor-version":[{"id":12819,"href":"https:\/\/radiolifefm.com.br\/noticias\/wp-json\/wp\/v2\/posts\/12815\/revisions\/12819"}],"wp:featuredmedia":[{"embeddable":true,"href":"https:\/\/radiolifefm.com.br\/noticias\/wp-json\/wp\/v2\/media\/12812"}],"wp:attachment":[{"href":"https:\/\/radiolifefm.com.br\/noticias\/wp-json\/wp\/v2\/media?parent=12815"}],"wp:term":[{"taxonomy":"category","embeddable":true,"href":"https:\/\/radiolifefm.com.br\/noticias\/wp-json\/wp\/v2\/categories?post=12815"},{"taxonomy":"post_tag","embeddable":true,"href":"https:\/\/radiolifefm.com.br\/noticias\/wp-json\/wp\/v2\/tags?post=12815"}],"curies":[{"name":"wp","href":"https:\/\/api.w.org\/{rel}","templated":true}]}}