{"id":12736,"date":"2019-05-07T11:11:56","date_gmt":"2019-05-07T14:11:56","guid":{"rendered":"https:\/\/radiolifefm.com.br\/noticias\/?p=12736"},"modified":"2026-04-28T01:34:09","modified_gmt":"2026-04-28T04:34:09","slug":"aceoc-comeca-emitir-certificado-digital-certisign-aos-associados-de-osvaldo-cruz","status":"publish","type":"post","link":"https:\/\/radiolifefm.com.br\/noticias\/aceoc-comeca-emitir-certificado-digital-certisign-aos-associados-de-osvaldo-cruz\/","title":{"rendered":"ACEOC come\u00e7a emitir Certificado Digital Certisign aos associados de Osvaldo Cruz"},"content":{"rendered":"<div id=\"fb-root\"><\/div>\n<p>A Associa\u00e7\u00e3o Comercial e Empresarial de Osvaldo Cruz come\u00e7ou a oferecer desde o in\u00edcio de maio o servi\u00e7o de Certificado Digital. Atrav\u00e9s de uma parceria com a Certisign, a Entidade passa a emitir para empresas e pessoas f\u00edsicas a sua identidade digital no meio eletr\u00f4nico.<\/p>\n<p>Essa Identidade Digital garante autenticidade, confidencialidade, integridade e n\u00e3o rep\u00fadio nas opera\u00e7\u00f5es que s\u00e3o realizadas por meio dele, atribuindo validade jur\u00eddica.<\/p>\n<p>Segundo a Certisign, um dos benef\u00edcios do Certificado Digital \u00e9 uma assinatura digital, e hoje para o e-cnpj o seu uso \u00e9 obrigat\u00f3rio e permite que diversos servi\u00e7os sejam realizados sem a necessidade da presen\u00e7a f\u00edsica, o que significa: agilidade nos processos, sustentabilidade e redu\u00e7\u00e3o de custos.<\/p>\n<p>Existem 2 tipos de Certificado Digital: Certificado A1: Emitido e armazenado no computador ou no dispositivo m\u00f3vel (smartphone ou tablet). Tem validade de 1 ano.<\/p>\n<p>Certificado A3 &#8211; \u00e9 emitido e armazenado na m\u00eddia criptogr\u00e1fica (Cart\u00e3o ou Token). Tem validade de 1 a 3 anos.<br \/>\nUma das modalidades de Certifica\u00e7\u00e3o Digital que a ACEOC ir\u00e1 emitir em parceria com a Certisign \u00e9 o e-CNPJ, para empresas. O e-CNPJ \u00e9 a Identidade Digital da Pessoa Jur\u00eddica no meio eletr\u00f4nico, que viabiliza a autentica\u00e7\u00e3o em sistemas p\u00fablicos ou privados em nome da empresa. Com o e-CNPJ \u00e9 poss\u00edvel assinar documentos com validade jur\u00eddica, se comunicar com a Receita, acessar ao programa Conectividade Social, emitir a Nota Fiscal Eletr\u00f4nica (NF-e) e a Nota Fiscal de Consumidor Eletr\u00f4nica (NFC-e), entre outras aplica\u00e7\u00f5es.<\/p>\n<p>&#8220;Estamos estruturando esse novo servi\u00e7o que agora passa a ser oferecido aos associados h\u00e1 praticamente um ano. Tivemos que fazer reformas em uma das salas do nosso pr\u00e9dio, compra de equipamentos, treinamento de colaboradores. Enfim, \u00e9 mais um servi\u00e7o que passa a integrar nossa Associa\u00e7\u00e3o e que j\u00e1 est\u00e1 \u00e0 disposi\u00e7\u00e3o do associado&#8221;, declarou o Presidente da ACEOC, Edivaldo Marconato.<\/p>\n<p>Para mais informa\u00e7\u00f5es e consulta de valores para os servi\u00e7os de Certifica\u00e7\u00e3o Digital, entre em contato com a ACEOC, em sua sede ou atrav\u00e9s do telefone: (18) 3528-2130 ou celular: (18) 99640-2130.<\/p>\n<p>Portal Metr\u00f3pole de Not\u00edcias<\/p>\n<p>Reda\u00e7\u00e3o &#8211; Kako de Oliveira<\/p>\n","protected":false},"excerpt":{"rendered":"<p>A Associa\u00e7\u00e3o Comercial e Empresarial de Osvaldo Cruz come\u00e7ou a oferecer desde o in\u00edcio de maio o servi\u00e7o de Certificado Digital. Atrav\u00e9s de uma parceria com a Certisign, a Entidade passa a emitir para empresas e pessoas f\u00edsicas a sua identidade digital no meio eletr\u00f4nico. Essa Identidade Digital garante autenticidade, confidencialidade, integridade e n\u00e3o rep\u00fadio [&hellip;]<\/p>\n","protected":false},"author":3,"featured_media":12737,"comment_status":"open","ping_status":"open","sticky":false,"template":"","format":"standard","meta":{"_acf_changed":false,"_exactmetrics_skip_tracking":false,"_exactmetrics_sitenote_active":false,"_exactmetrics_sitenote_note":"","_exactmetrics_sitenote_category":0,"footnotes":""},"categories":[24],"tags":[],"class_list":["post-12736","post","type-post","status-publish","format-standard","has-post-thumbnail","hentry","category-regiao"],"acf":[],"yoast_head":"<!-- This site is optimized with the Yoast SEO plugin v27.2 - https:\/\/yoast.com\/product\/yoast-seo-wordpress\/ -->\n<title>ACEOC come\u00e7a emitir Certificado Digital Certisign aos associados de Osvaldo Cruz - R\u00e1dio Life FM<\/title>\n<meta name=\"robots\" content=\"index, follow, max-snippet:-1, max-image-preview:large, max-video-preview:-1\" \/>\n<link rel=\"canonical\" href=\"https:\/\/radiolifefm.com.br\/noticias\/aceoc-comeca-emitir-certificado-digital-certisign-aos-associados-de-osvaldo-cruz\/\" \/>\n<meta property=\"og:locale\" content=\"pt_BR\" \/>\n<meta property=\"og:type\" content=\"article\" \/>\n<meta property=\"og:title\" content=\"ACEOC come\u00e7a emitir Certificado Digital Certisign aos associados de Osvaldo Cruz - R\u00e1dio Life FM\" \/>\n<meta property=\"og:description\" content=\"A Associa\u00e7\u00e3o Comercial e Empresarial de Osvaldo Cruz come\u00e7ou a oferecer desde o in\u00edcio de maio o servi\u00e7o de Certificado Digital. Atrav\u00e9s de uma parceria com a Certisign, a Entidade passa a emitir para empresas e pessoas f\u00edsicas a sua identidade digital no meio eletr\u00f4nico. Essa Identidade Digital garante autenticidade, confidencialidade, integridade e n\u00e3o rep\u00fadio [&hellip;]\" \/>\n<meta property=\"og:url\" content=\"https:\/\/radiolifefm.com.br\/noticias\/aceoc-comeca-emitir-certificado-digital-certisign-aos-associados-de-osvaldo-cruz\/\" \/>\n<meta property=\"og:site_name\" content=\"R\u00e1dio Life FM\" \/>\n<meta property=\"article:publisher\" content=\"https:\/\/www.facebook.com\/radiolifefm\/\" \/>\n<meta property=\"article:published_time\" content=\"2019-05-07T14:11:56+00:00\" \/>\n<meta property=\"article:modified_time\" content=\"2026-04-28T04:34:09+00:00\" \/>\n<meta property=\"og:image\" content=\"https:\/\/radiolifefm.com.br\/noticias\/wp-content\/uploads\/2019\/05\/Certificado-Digital-ACEOC.jpg\" \/>\n\t<meta property=\"og:image:width\" content=\"605\" \/>\n\t<meta property=\"og:image:height\" content=\"605\" \/>\n\t<meta property=\"og:image:type\" content=\"image\/jpeg\" \/>\n<meta name=\"author\" content=\"lifefm\" \/>\n<meta name=\"twitter:card\" content=\"summary_large_image\" \/>\n<meta name=\"twitter:label1\" content=\"Escrito por\" \/>\n\t<meta name=\"twitter:data1\" content=\"lifefm\" \/>\n\t<meta name=\"twitter:label2\" content=\"Est. tempo de leitura\" \/>\n\t<meta name=\"twitter:data2\" content=\"2 minutos\" \/>\n<script type=\"application\/ld+json\" class=\"yoast-schema-graph\">{\"@context\":\"https:\/\/schema.org\",\"@graph\":[{\"@type\":\"Article\",\"@id\":\"https:\/\/radiolifefm.com.br\/noticias\/aceoc-comeca-emitir-certificado-digital-certisign-aos-associados-de-osvaldo-cruz\/#article\",\"isPartOf\":{\"@id\":\"https:\/\/radiolifefm.com.br\/noticias\/aceoc-comeca-emitir-certificado-digital-certisign-aos-associados-de-osvaldo-cruz\/\"},\"author\":{\"name\":\"lifefm\",\"@id\":\"https:\/\/radiolifefm.com.br\/noticias\/#\/schema\/person\/1d4e4b1301322090c6221bf1c8420490\"},\"headline\":\"ACEOC come\u00e7a emitir Certificado Digital Certisign aos associados de Osvaldo Cruz\",\"datePublished\":\"2019-05-07T14:11:56+00:00\",\"dateModified\":\"2026-04-28T04:34:09+00:00\",\"mainEntityOfPage\":{\"@id\":\"https:\/\/radiolifefm.com.br\/noticias\/aceoc-comeca-emitir-certificado-digital-certisign-aos-associados-de-osvaldo-cruz\/\"},\"wordCount\":384,\"commentCount\":0,\"publisher\":{\"@id\":\"https:\/\/radiolifefm.com.br\/noticias\/#organization\"},\"image\":{\"@id\":\"https:\/\/radiolifefm.com.br\/noticias\/aceoc-comeca-emitir-certificado-digital-certisign-aos-associados-de-osvaldo-cruz\/#primaryimage\"},\"thumbnailUrl\":\"https:\/\/radiolifefm.com.br\/noticias\/wp-content\/uploads\/2019\/05\/Certificado-Digital-ACEOC.jpg\",\"articleSection\":[\"Regi\u00e3o\"],\"inLanguage\":\"pt-BR\",\"potentialAction\":[{\"@type\":\"CommentAction\",\"name\":\"Comment\",\"target\":[\"https:\/\/radiolifefm.com.br\/noticias\/aceoc-comeca-emitir-certificado-digital-certisign-aos-associados-de-osvaldo-cruz\/#respond\"]}]},{\"@type\":\"WebPage\",\"@id\":\"https:\/\/radiolifefm.com.br\/noticias\/aceoc-comeca-emitir-certificado-digital-certisign-aos-associados-de-osvaldo-cruz\/\",\"url\":\"https:\/\/radiolifefm.com.br\/noticias\/aceoc-comeca-emitir-certificado-digital-certisign-aos-associados-de-osvaldo-cruz\/\",\"name\":\"ACEOC come\u00e7a emitir Certificado Digital Certisign aos associados de Osvaldo Cruz - R\u00e1dio Life FM\",\"isPartOf\":{\"@id\":\"https:\/\/radiolifefm.com.br\/noticias\/#website\"},\"primaryImageOfPage\":{\"@id\":\"https:\/\/radiolifefm.com.br\/noticias\/aceoc-comeca-emitir-certificado-digital-certisign-aos-associados-de-osvaldo-cruz\/#primaryimage\"},\"image\":{\"@id\":\"https:\/\/radiolifefm.com.br\/noticias\/aceoc-comeca-emitir-certificado-digital-certisign-aos-associados-de-osvaldo-cruz\/#primaryimage\"},\"thumbnailUrl\":\"https:\/\/radiolifefm.com.br\/noticias\/wp-content\/uploads\/2019\/05\/Certificado-Digital-ACEOC.jpg\",\"datePublished\":\"2019-05-07T14:11:56+00:00\",\"dateModified\":\"2026-04-28T04:34:09+00:00\",\"breadcrumb\":{\"@id\":\"https:\/\/radiolifefm.com.br\/noticias\/aceoc-comeca-emitir-certificado-digital-certisign-aos-associados-de-osvaldo-cruz\/#breadcrumb\"},\"inLanguage\":\"pt-BR\",\"potentialAction\":[{\"@type\":\"ReadAction\",\"target\":[\"https:\/\/radiolifefm.com.br\/noticias\/aceoc-comeca-emitir-certificado-digital-certisign-aos-associados-de-osvaldo-cruz\/\"]}]},{\"@type\":\"ImageObject\",\"inLanguage\":\"pt-BR\",\"@id\":\"https:\/\/radiolifefm.com.br\/noticias\/aceoc-comeca-emitir-certificado-digital-certisign-aos-associados-de-osvaldo-cruz\/#primaryimage\",\"url\":\"https:\/\/radiolifefm.com.br\/noticias\/wp-content\/uploads\/2019\/05\/Certificado-Digital-ACEOC.jpg\",\"contentUrl\":\"https:\/\/radiolifefm.com.br\/noticias\/wp-content\/uploads\/2019\/05\/Certificado-Digital-ACEOC.jpg\",\"width\":605,\"height\":605,\"caption\":\"Associa\u00e7\u00e3o Comercial e Empresarial de Osvaldo Cruz passa a emitir Certificado Digital\"},{\"@type\":\"BreadcrumbList\",\"@id\":\"https:\/\/radiolifefm.com.br\/noticias\/aceoc-comeca-emitir-certificado-digital-certisign-aos-associados-de-osvaldo-cruz\/#breadcrumb\",\"itemListElement\":[{\"@type\":\"ListItem\",\"position\":1,\"name\":\"In\u00edcio\",\"item\":\"https:\/\/radiolifefm.com.br\/noticias\/\"},{\"@type\":\"ListItem\",\"position\":2,\"name\":\"ACEOC come\u00e7a emitir Certificado Digital Certisign aos associados de Osvaldo Cruz\"}]},{\"@type\":\"WebSite\",\"@id\":\"https:\/\/radiolifefm.com.br\/noticias\/#website\",\"url\":\"https:\/\/radiolifefm.com.br\/noticias\/\",\"name\":\"R\u00e1dio Life FM\",\"description\":\"O Portal de Not\u00edcias de Adamantina\",\"publisher\":{\"@id\":\"https:\/\/radiolifefm.com.br\/noticias\/#organization\"},\"alternateName\":\"Life FM\",\"potentialAction\":[{\"@type\":\"SearchAction\",\"target\":{\"@type\":\"EntryPoint\",\"urlTemplate\":\"https:\/\/radiolifefm.com.br\/noticias\/?s={search_term_string}\"},\"query-input\":{\"@type\":\"PropertyValueSpecification\",\"valueRequired\":true,\"valueName\":\"search_term_string\"}}],\"inLanguage\":\"pt-BR\"},{\"@type\":\"Organization\",\"@id\":\"https:\/\/radiolifefm.com.br\/noticias\/#organization\",\"name\":\"R\u00e1dio Life FM\",\"alternateName\":\"Life FM\",\"url\":\"https:\/\/radiolifefm.com.br\/noticias\/\",\"logo\":{\"@type\":\"ImageObject\",\"inLanguage\":\"pt-BR\",\"@id\":\"https:\/\/radiolifefm.com.br\/noticias\/#\/schema\/logo\/image\/\",\"url\":\"https:\/\/static.radiolifefm.com.br\/noticias\/wp-content\/uploads\/2019\/10\/logo-lifefm.png\",\"contentUrl\":\"https:\/\/static.radiolifefm.com.br\/noticias\/wp-content\/uploads\/2019\/10\/logo-lifefm.png\",\"width\":196,\"height\":47,\"caption\":\"R\u00e1dio Life FM\"},\"image\":{\"@id\":\"https:\/\/radiolifefm.com.br\/noticias\/#\/schema\/logo\/image\/\"},\"sameAs\":[\"https:\/\/www.facebook.com\/radiolifefm\/\",\"https:\/\/www.instagram.com\/life1079fm\/\"]},{\"@type\":\"Person\",\"@id\":\"https:\/\/radiolifefm.com.br\/noticias\/#\/schema\/person\/1d4e4b1301322090c6221bf1c8420490\",\"name\":\"lifefm\",\"image\":{\"@type\":\"ImageObject\",\"inLanguage\":\"pt-BR\",\"@id\":\"https:\/\/secure.gravatar.com\/avatar\/eca268467d925ec97d20641bb054fd944c0abb2f92854171620706bbe6474e7c?s=96&d=mm&r=g\",\"url\":\"https:\/\/secure.gravatar.com\/avatar\/eca268467d925ec97d20641bb054fd944c0abb2f92854171620706bbe6474e7c?s=96&d=mm&r=g\",\"contentUrl\":\"https:\/\/secure.gravatar.com\/avatar\/eca268467d925ec97d20641bb054fd944c0abb2f92854171620706bbe6474e7c?s=96&d=mm&r=g\",\"caption\":\"lifefm\"}}]}<\/script>\n<!-- \/ Yoast SEO plugin. -->","yoast_head_json":{"title":"ACEOC come\u00e7a emitir Certificado Digital Certisign aos associados de Osvaldo Cruz - R\u00e1dio Life FM","robots":{"index":"index","follow":"follow","max-snippet":"max-snippet:-1","max-image-preview":"max-image-preview:large","max-video-preview":"max-video-preview:-1"},"canonical":"https:\/\/radiolifefm.com.br\/noticias\/aceoc-comeca-emitir-certificado-digital-certisign-aos-associados-de-osvaldo-cruz\/","og_locale":"pt_BR","og_type":"article","og_title":"ACEOC come\u00e7a emitir Certificado Digital Certisign aos associados de Osvaldo Cruz - R\u00e1dio Life FM","og_description":"A Associa\u00e7\u00e3o Comercial e Empresarial de Osvaldo Cruz come\u00e7ou a oferecer desde o in\u00edcio de maio o servi\u00e7o de Certificado Digital. Atrav\u00e9s de uma parceria com a Certisign, a Entidade passa a emitir para empresas e pessoas f\u00edsicas a sua identidade digital no meio eletr\u00f4nico. Essa Identidade Digital garante autenticidade, confidencialidade, integridade e n\u00e3o rep\u00fadio [&hellip;]","og_url":"https:\/\/radiolifefm.com.br\/noticias\/aceoc-comeca-emitir-certificado-digital-certisign-aos-associados-de-osvaldo-cruz\/","og_site_name":"R\u00e1dio Life FM","article_publisher":"https:\/\/www.facebook.com\/radiolifefm\/","article_published_time":"2019-05-07T14:11:56+00:00","article_modified_time":"2026-04-28T04:34:09+00:00","og_image":[{"width":605,"height":605,"url":"https:\/\/radiolifefm.com.br\/noticias\/wp-content\/uploads\/2019\/05\/Certificado-Digital-ACEOC.jpg","type":"image\/jpeg"}],"author":"lifefm","twitter_card":"summary_large_image","twitter_misc":{"Escrito por":"lifefm","Est. tempo de leitura":"2 minutos"},"schema":{"@context":"https:\/\/schema.org","@graph":[{"@type":"Article","@id":"https:\/\/radiolifefm.com.br\/noticias\/aceoc-comeca-emitir-certificado-digital-certisign-aos-associados-de-osvaldo-cruz\/#article","isPartOf":{"@id":"https:\/\/radiolifefm.com.br\/noticias\/aceoc-comeca-emitir-certificado-digital-certisign-aos-associados-de-osvaldo-cruz\/"},"author":{"name":"lifefm","@id":"https:\/\/radiolifefm.com.br\/noticias\/#\/schema\/person\/1d4e4b1301322090c6221bf1c8420490"},"headline":"ACEOC come\u00e7a emitir Certificado Digital Certisign aos associados de Osvaldo Cruz","datePublished":"2019-05-07T14:11:56+00:00","dateModified":"2026-04-28T04:34:09+00:00","mainEntityOfPage":{"@id":"https:\/\/radiolifefm.com.br\/noticias\/aceoc-comeca-emitir-certificado-digital-certisign-aos-associados-de-osvaldo-cruz\/"},"wordCount":384,"commentCount":0,"publisher":{"@id":"https:\/\/radiolifefm.com.br\/noticias\/#organization"},"image":{"@id":"https:\/\/radiolifefm.com.br\/noticias\/aceoc-comeca-emitir-certificado-digital-certisign-aos-associados-de-osvaldo-cruz\/#primaryimage"},"thumbnailUrl":"https:\/\/radiolifefm.com.br\/noticias\/wp-content\/uploads\/2019\/05\/Certificado-Digital-ACEOC.jpg","articleSection":["Regi\u00e3o"],"inLanguage":"pt-BR","potentialAction":[{"@type":"CommentAction","name":"Comment","target":["https:\/\/radiolifefm.com.br\/noticias\/aceoc-comeca-emitir-certificado-digital-certisign-aos-associados-de-osvaldo-cruz\/#respond"]}]},{"@type":"WebPage","@id":"https:\/\/radiolifefm.com.br\/noticias\/aceoc-comeca-emitir-certificado-digital-certisign-aos-associados-de-osvaldo-cruz\/","url":"https:\/\/radiolifefm.com.br\/noticias\/aceoc-comeca-emitir-certificado-digital-certisign-aos-associados-de-osvaldo-cruz\/","name":"ACEOC come\u00e7a emitir Certificado Digital Certisign aos associados de Osvaldo Cruz - R\u00e1dio Life FM","isPartOf":{"@id":"https:\/\/radiolifefm.com.br\/noticias\/#website"},"primaryImageOfPage":{"@id":"https:\/\/radiolifefm.com.br\/noticias\/aceoc-comeca-emitir-certificado-digital-certisign-aos-associados-de-osvaldo-cruz\/#primaryimage"},"image":{"@id":"https:\/\/radiolifefm.com.br\/noticias\/aceoc-comeca-emitir-certificado-digital-certisign-aos-associados-de-osvaldo-cruz\/#primaryimage"},"thumbnailUrl":"https:\/\/radiolifefm.com.br\/noticias\/wp-content\/uploads\/2019\/05\/Certificado-Digital-ACEOC.jpg","datePublished":"2019-05-07T14:11:56+00:00","dateModified":"2026-04-28T04:34:09+00:00","breadcrumb":{"@id":"https:\/\/radiolifefm.com.br\/noticias\/aceoc-comeca-emitir-certificado-digital-certisign-aos-associados-de-osvaldo-cruz\/#breadcrumb"},"inLanguage":"pt-BR","potentialAction":[{"@type":"ReadAction","target":["https:\/\/radiolifefm.com.br\/noticias\/aceoc-comeca-emitir-certificado-digital-certisign-aos-associados-de-osvaldo-cruz\/"]}]},{"@type":"ImageObject","inLanguage":"pt-BR","@id":"https:\/\/radiolifefm.com.br\/noticias\/aceoc-comeca-emitir-certificado-digital-certisign-aos-associados-de-osvaldo-cruz\/#primaryimage","url":"https:\/\/radiolifefm.com.br\/noticias\/wp-content\/uploads\/2019\/05\/Certificado-Digital-ACEOC.jpg","contentUrl":"https:\/\/radiolifefm.com.br\/noticias\/wp-content\/uploads\/2019\/05\/Certificado-Digital-ACEOC.jpg","width":605,"height":605,"caption":"Associa\u00e7\u00e3o Comercial e Empresarial de Osvaldo Cruz passa a emitir Certificado Digital"},{"@type":"BreadcrumbList","@id":"https:\/\/radiolifefm.com.br\/noticias\/aceoc-comeca-emitir-certificado-digital-certisign-aos-associados-de-osvaldo-cruz\/#breadcrumb","itemListElement":[{"@type":"ListItem","position":1,"name":"In\u00edcio","item":"https:\/\/radiolifefm.com.br\/noticias\/"},{"@type":"ListItem","position":2,"name":"ACEOC come\u00e7a emitir Certificado Digital Certisign aos associados de Osvaldo Cruz"}]},{"@type":"WebSite","@id":"https:\/\/radiolifefm.com.br\/noticias\/#website","url":"https:\/\/radiolifefm.com.br\/noticias\/","name":"R\u00e1dio Life FM","description":"O Portal de Not\u00edcias de Adamantina","publisher":{"@id":"https:\/\/radiolifefm.com.br\/noticias\/#organization"},"alternateName":"Life FM","potentialAction":[{"@type":"SearchAction","target":{"@type":"EntryPoint","urlTemplate":"https:\/\/radiolifefm.com.br\/noticias\/?s={search_term_string}"},"query-input":{"@type":"PropertyValueSpecification","valueRequired":true,"valueName":"search_term_string"}}],"inLanguage":"pt-BR"},{"@type":"Organization","@id":"https:\/\/radiolifefm.com.br\/noticias\/#organization","name":"R\u00e1dio Life FM","alternateName":"Life FM","url":"https:\/\/radiolifefm.com.br\/noticias\/","logo":{"@type":"ImageObject","inLanguage":"pt-BR","@id":"https:\/\/radiolifefm.com.br\/noticias\/#\/schema\/logo\/image\/","url":"https:\/\/static.radiolifefm.com.br\/noticias\/wp-content\/uploads\/2019\/10\/logo-lifefm.png","contentUrl":"https:\/\/static.radiolifefm.com.br\/noticias\/wp-content\/uploads\/2019\/10\/logo-lifefm.png","width":196,"height":47,"caption":"R\u00e1dio Life FM"},"image":{"@id":"https:\/\/radiolifefm.com.br\/noticias\/#\/schema\/logo\/image\/"},"sameAs":["https:\/\/www.facebook.com\/radiolifefm\/","https:\/\/www.instagram.com\/life1079fm\/"]},{"@type":"Person","@id":"https:\/\/radiolifefm.com.br\/noticias\/#\/schema\/person\/1d4e4b1301322090c6221bf1c8420490","name":"lifefm","image":{"@type":"ImageObject","inLanguage":"pt-BR","@id":"https:\/\/secure.gravatar.com\/avatar\/eca268467d925ec97d20641bb054fd944c0abb2f92854171620706bbe6474e7c?s=96&d=mm&r=g","url":"https:\/\/secure.gravatar.com\/avatar\/eca268467d925ec97d20641bb054fd944c0abb2f92854171620706bbe6474e7c?s=96&d=mm&r=g","contentUrl":"https:\/\/secure.gravatar.com\/avatar\/eca268467d925ec97d20641bb054fd944c0abb2f92854171620706bbe6474e7c?s=96&d=mm&r=g","caption":"lifefm"}}]}},"amp_enabled":true,"_links":{"self":[{"href":"https:\/\/radiolifefm.com.br\/noticias\/wp-json\/wp\/v2\/posts\/12736","targetHints":{"allow":["GET"]}}],"collection":[{"href":"https:\/\/radiolifefm.com.br\/noticias\/wp-json\/wp\/v2\/posts"}],"about":[{"href":"https:\/\/radiolifefm.com.br\/noticias\/wp-json\/wp\/v2\/types\/post"}],"author":[{"embeddable":true,"href":"https:\/\/radiolifefm.com.br\/noticias\/wp-json\/wp\/v2\/users\/3"}],"replies":[{"embeddable":true,"href":"https:\/\/radiolifefm.com.br\/noticias\/wp-json\/wp\/v2\/comments?post=12736"}],"version-history":[{"count":1,"href":"https:\/\/radiolifefm.com.br\/noticias\/wp-json\/wp\/v2\/posts\/12736\/revisions"}],"predecessor-version":[{"id":12738,"href":"https:\/\/radiolifefm.com.br\/noticias\/wp-json\/wp\/v2\/posts\/12736\/revisions\/12738"}],"wp:featuredmedia":[{"embeddable":true,"href":"https:\/\/radiolifefm.com.br\/noticias\/wp-json\/wp\/v2\/media\/12737"}],"wp:attachment":[{"href":"https:\/\/radiolifefm.com.br\/noticias\/wp-json\/wp\/v2\/media?parent=12736"}],"wp:term":[{"taxonomy":"category","embeddable":true,"href":"https:\/\/radiolifefm.com.br\/noticias\/wp-json\/wp\/v2\/categories?post=12736"},{"taxonomy":"post_tag","embeddable":true,"href":"https:\/\/radiolifefm.com.br\/noticias\/wp-json\/wp\/v2\/tags?post=12736"}],"curies":[{"name":"wp","href":"https:\/\/api.w.org\/{rel}","templated":true}]}}