{"id":12726,"date":"2019-05-06T23:23:44","date_gmt":"2019-05-07T02:23:44","guid":{"rendered":"https:\/\/radiolifefm.com.br\/noticias\/?p=12726"},"modified":"2026-04-29T21:32:03","modified_gmt":"2026-04-30T00:32:03","slug":"policia-militar-ambiental-apreende-armas-de-porte-ilegal-municoes-e-cacadores-sao-detidos","status":"publish","type":"post","link":"https:\/\/radiolifefm.com.br\/noticias\/policia-militar-ambiental-apreende-armas-de-porte-ilegal-municoes-e-cacadores-sao-detidos\/","title":{"rendered":"Pol\u00edcia Militar Ambiental apreende armas de porte ilegal, muni\u00e7\u00f5es e ca\u00e7adores s\u00e3o detidos"},"content":{"rendered":"<div id=\"fb-root\"><\/div>\n<p><em>Os policiais ambientais recuperaram nove c\u00e3es que seriam utilizados para ca\u00e7a<\/em><\/p>\n<p>Segundo informa\u00e7\u00f5es, neste domingo (05), a Pol\u00edcia Militar Ambiental estava em patrulhamento em uma \u00e1rea rural na cidade de Iacri (SP), quando se deparou com 6 homens, por volta das 09h50min, praticando ca\u00e7a de animais.<\/p>\n<p>Esses indiv\u00edduos, ao perceberem a presen\u00e7a da equipe policial, tentaram se livrar das armas e de 9 c\u00e3es que seriam utilizados para a ca\u00e7a.<\/p>\n<p>Foi localizado dentro do canavial, uma espingarda calibre 16 e ainda 6 cartuchos de calibre 16, intactos, 8 facas e 2 fac\u00f5es, n\u00e3o foi encontrado nenhum animal morto ou ferido.<\/p>\n<p>Diante dos fatos, foi elaborada a ocorr\u00eancia, onde os ca\u00e7adores foram encaminhados para Unidade Policial para ficar a disposi\u00e7\u00e3o da justi\u00e7a.<\/p>\n<p>Informa TUP\u00c3<\/p>\n<p><img loading=\"lazy\" decoding=\"async\" class=\"alignnone size-medium wp-image-12728\" src=\"https:\/\/radiolifefm.com.br\/noticias\/wp-content\/uploads\/sites\/2\/2019\/05\/Ca\u00e7a-1-300x225.jpg\" alt=\"\" width=\"300\" height=\"225\" srcset=\"https:\/\/radiolifefm.com.br\/noticias\/wp-content\/uploads\/2019\/05\/Ca\u00e7a-1-300x225.jpg 300w, https:\/\/radiolifefm.com.br\/noticias\/wp-content\/uploads\/2019\/05\/Ca\u00e7a-1-768x576.jpg 768w, https:\/\/radiolifefm.com.br\/noticias\/wp-content\/uploads\/2019\/05\/Ca\u00e7a-1.jpg 960w\" sizes=\"auto, (max-width: 300px) 100vw, 300px\" \/><\/p>\n","protected":false},"excerpt":{"rendered":"<p>Os policiais ambientais recuperaram nove c\u00e3es que seriam utilizados para ca\u00e7a Segundo informa\u00e7\u00f5es, neste domingo (05), a Pol\u00edcia Militar Ambiental estava em patrulhamento em uma \u00e1rea rural na cidade de Iacri (SP), quando se deparou com 6 homens, por volta das 09h50min, praticando ca\u00e7a de animais. Esses indiv\u00edduos, ao perceberem a presen\u00e7a da equipe policial, [&hellip;]<\/p>\n","protected":false},"author":3,"featured_media":12727,"comment_status":"closed","ping_status":"open","sticky":false,"template":"","format":"standard","meta":{"_acf_changed":false,"_exactmetrics_skip_tracking":false,"_exactmetrics_sitenote_active":false,"_exactmetrics_sitenote_note":"","_exactmetrics_sitenote_category":0,"footnotes":""},"categories":[24],"tags":[],"class_list":["post-12726","post","type-post","status-publish","format-standard","has-post-thumbnail","hentry","category-regiao"],"acf":[],"yoast_head":"<!-- This site is optimized with the Yoast SEO plugin v27.2 - https:\/\/yoast.com\/product\/yoast-seo-wordpress\/ -->\n<title>Pol\u00edcia Militar Ambiental apreende armas de porte ilegal, muni\u00e7\u00f5es e ca\u00e7adores s\u00e3o detidos - R\u00e1dio Life FM<\/title>\n<meta name=\"robots\" content=\"index, follow, max-snippet:-1, max-image-preview:large, max-video-preview:-1\" \/>\n<link rel=\"canonical\" href=\"https:\/\/radiolifefm.com.br\/noticias\/policia-militar-ambiental-apreende-armas-de-porte-ilegal-municoes-e-cacadores-sao-detidos\/\" \/>\n<meta property=\"og:locale\" content=\"pt_BR\" \/>\n<meta property=\"og:type\" content=\"article\" \/>\n<meta property=\"og:title\" content=\"Pol\u00edcia Militar Ambiental apreende armas de porte ilegal, muni\u00e7\u00f5es e ca\u00e7adores s\u00e3o detidos - R\u00e1dio Life FM\" \/>\n<meta property=\"og:description\" content=\"Os policiais ambientais recuperaram nove c\u00e3es que seriam utilizados para ca\u00e7a Segundo informa\u00e7\u00f5es, neste domingo (05), a Pol\u00edcia Militar Ambiental estava em patrulhamento em uma \u00e1rea rural na cidade de Iacri (SP), quando se deparou com 6 homens, por volta das 09h50min, praticando ca\u00e7a de animais. Esses indiv\u00edduos, ao perceberem a presen\u00e7a da equipe policial, [&hellip;]\" \/>\n<meta property=\"og:url\" content=\"https:\/\/radiolifefm.com.br\/noticias\/policia-militar-ambiental-apreende-armas-de-porte-ilegal-municoes-e-cacadores-sao-detidos\/\" \/>\n<meta property=\"og:site_name\" content=\"R\u00e1dio Life FM\" \/>\n<meta property=\"article:publisher\" content=\"https:\/\/www.facebook.com\/radiolifefm\/\" \/>\n<meta property=\"article:published_time\" content=\"2019-05-07T02:23:44+00:00\" \/>\n<meta property=\"article:modified_time\" content=\"2026-04-30T00:32:03+00:00\" \/>\n<meta property=\"og:image\" content=\"https:\/\/radiolifefm.com.br\/noticias\/wp-content\/uploads\/2019\/05\/Ca\u00e7a.jpg\" \/>\n\t<meta property=\"og:image:width\" content=\"960\" \/>\n\t<meta property=\"og:image:height\" content=\"720\" \/>\n\t<meta property=\"og:image:type\" content=\"image\/jpeg\" \/>\n<meta name=\"author\" content=\"lifefm\" \/>\n<meta name=\"twitter:card\" content=\"summary_large_image\" \/>\n<meta name=\"twitter:label1\" content=\"Escrito por\" \/>\n\t<meta name=\"twitter:data1\" content=\"lifefm\" \/>\n\t<meta name=\"twitter:label2\" content=\"Est. tempo de leitura\" \/>\n\t<meta name=\"twitter:data2\" content=\"1 minuto\" \/>\n<script type=\"application\/ld+json\" class=\"yoast-schema-graph\">{\"@context\":\"https:\/\/schema.org\",\"@graph\":[{\"@type\":\"Article\",\"@id\":\"https:\/\/radiolifefm.com.br\/noticias\/policia-militar-ambiental-apreende-armas-de-porte-ilegal-municoes-e-cacadores-sao-detidos\/#article\",\"isPartOf\":{\"@id\":\"https:\/\/radiolifefm.com.br\/noticias\/policia-militar-ambiental-apreende-armas-de-porte-ilegal-municoes-e-cacadores-sao-detidos\/\"},\"author\":{\"name\":\"lifefm\",\"@id\":\"https:\/\/radiolifefm.com.br\/noticias\/#\/schema\/person\/1d4e4b1301322090c6221bf1c8420490\"},\"headline\":\"Pol\u00edcia Militar Ambiental apreende armas de porte ilegal, muni\u00e7\u00f5es e ca\u00e7adores s\u00e3o detidos\",\"datePublished\":\"2019-05-07T02:23:44+00:00\",\"dateModified\":\"2026-04-30T00:32:03+00:00\",\"mainEntityOfPage\":{\"@id\":\"https:\/\/radiolifefm.com.br\/noticias\/policia-militar-ambiental-apreende-armas-de-porte-ilegal-municoes-e-cacadores-sao-detidos\/\"},\"wordCount\":148,\"publisher\":{\"@id\":\"https:\/\/radiolifefm.com.br\/noticias\/#organization\"},\"image\":{\"@id\":\"https:\/\/radiolifefm.com.br\/noticias\/policia-militar-ambiental-apreende-armas-de-porte-ilegal-municoes-e-cacadores-sao-detidos\/#primaryimage\"},\"thumbnailUrl\":\"https:\/\/radiolifefm.com.br\/noticias\/wp-content\/uploads\/2019\/05\/Ca\u00e7a.jpg\",\"articleSection\":[\"Regi\u00e3o\"],\"inLanguage\":\"pt-BR\"},{\"@type\":\"WebPage\",\"@id\":\"https:\/\/radiolifefm.com.br\/noticias\/policia-militar-ambiental-apreende-armas-de-porte-ilegal-municoes-e-cacadores-sao-detidos\/\",\"url\":\"https:\/\/radiolifefm.com.br\/noticias\/policia-militar-ambiental-apreende-armas-de-porte-ilegal-municoes-e-cacadores-sao-detidos\/\",\"name\":\"Pol\u00edcia Militar Ambiental apreende armas de porte ilegal, muni\u00e7\u00f5es e ca\u00e7adores s\u00e3o detidos - R\u00e1dio Life FM\",\"isPartOf\":{\"@id\":\"https:\/\/radiolifefm.com.br\/noticias\/#website\"},\"primaryImageOfPage\":{\"@id\":\"https:\/\/radiolifefm.com.br\/noticias\/policia-militar-ambiental-apreende-armas-de-porte-ilegal-municoes-e-cacadores-sao-detidos\/#primaryimage\"},\"image\":{\"@id\":\"https:\/\/radiolifefm.com.br\/noticias\/policia-militar-ambiental-apreende-armas-de-porte-ilegal-municoes-e-cacadores-sao-detidos\/#primaryimage\"},\"thumbnailUrl\":\"https:\/\/radiolifefm.com.br\/noticias\/wp-content\/uploads\/2019\/05\/Ca\u00e7a.jpg\",\"datePublished\":\"2019-05-07T02:23:44+00:00\",\"dateModified\":\"2026-04-30T00:32:03+00:00\",\"breadcrumb\":{\"@id\":\"https:\/\/radiolifefm.com.br\/noticias\/policia-militar-ambiental-apreende-armas-de-porte-ilegal-municoes-e-cacadores-sao-detidos\/#breadcrumb\"},\"inLanguage\":\"pt-BR\",\"potentialAction\":[{\"@type\":\"ReadAction\",\"target\":[\"https:\/\/radiolifefm.com.br\/noticias\/policia-militar-ambiental-apreende-armas-de-porte-ilegal-municoes-e-cacadores-sao-detidos\/\"]}]},{\"@type\":\"ImageObject\",\"inLanguage\":\"pt-BR\",\"@id\":\"https:\/\/radiolifefm.com.br\/noticias\/policia-militar-ambiental-apreende-armas-de-porte-ilegal-municoes-e-cacadores-sao-detidos\/#primaryimage\",\"url\":\"https:\/\/radiolifefm.com.br\/noticias\/wp-content\/uploads\/2019\/05\/Ca\u00e7a.jpg\",\"contentUrl\":\"https:\/\/radiolifefm.com.br\/noticias\/wp-content\/uploads\/2019\/05\/Ca\u00e7a.jpg\",\"width\":960,\"height\":720,\"caption\":\"Pol\u00edcia Ambiental apreende armas e muni\u00e7\u00f5es e prende ca\u00e7adores em Iacri\"},{\"@type\":\"BreadcrumbList\",\"@id\":\"https:\/\/radiolifefm.com.br\/noticias\/policia-militar-ambiental-apreende-armas-de-porte-ilegal-municoes-e-cacadores-sao-detidos\/#breadcrumb\",\"itemListElement\":[{\"@type\":\"ListItem\",\"position\":1,\"name\":\"In\u00edcio\",\"item\":\"https:\/\/radiolifefm.com.br\/noticias\/\"},{\"@type\":\"ListItem\",\"position\":2,\"name\":\"Pol\u00edcia Militar Ambiental apreende armas de porte ilegal, muni\u00e7\u00f5es e ca\u00e7adores s\u00e3o detidos\"}]},{\"@type\":\"WebSite\",\"@id\":\"https:\/\/radiolifefm.com.br\/noticias\/#website\",\"url\":\"https:\/\/radiolifefm.com.br\/noticias\/\",\"name\":\"R\u00e1dio Life FM\",\"description\":\"O Portal de Not\u00edcias de Adamantina\",\"publisher\":{\"@id\":\"https:\/\/radiolifefm.com.br\/noticias\/#organization\"},\"alternateName\":\"Life FM\",\"potentialAction\":[{\"@type\":\"SearchAction\",\"target\":{\"@type\":\"EntryPoint\",\"urlTemplate\":\"https:\/\/radiolifefm.com.br\/noticias\/?s={search_term_string}\"},\"query-input\":{\"@type\":\"PropertyValueSpecification\",\"valueRequired\":true,\"valueName\":\"search_term_string\"}}],\"inLanguage\":\"pt-BR\"},{\"@type\":\"Organization\",\"@id\":\"https:\/\/radiolifefm.com.br\/noticias\/#organization\",\"name\":\"R\u00e1dio Life FM\",\"alternateName\":\"Life FM\",\"url\":\"https:\/\/radiolifefm.com.br\/noticias\/\",\"logo\":{\"@type\":\"ImageObject\",\"inLanguage\":\"pt-BR\",\"@id\":\"https:\/\/radiolifefm.com.br\/noticias\/#\/schema\/logo\/image\/\",\"url\":\"https:\/\/static.radiolifefm.com.br\/noticias\/wp-content\/uploads\/2019\/10\/logo-lifefm.png\",\"contentUrl\":\"https:\/\/static.radiolifefm.com.br\/noticias\/wp-content\/uploads\/2019\/10\/logo-lifefm.png\",\"width\":196,\"height\":47,\"caption\":\"R\u00e1dio Life FM\"},\"image\":{\"@id\":\"https:\/\/radiolifefm.com.br\/noticias\/#\/schema\/logo\/image\/\"},\"sameAs\":[\"https:\/\/www.facebook.com\/radiolifefm\/\",\"https:\/\/www.instagram.com\/life1079fm\/\"]},{\"@type\":\"Person\",\"@id\":\"https:\/\/radiolifefm.com.br\/noticias\/#\/schema\/person\/1d4e4b1301322090c6221bf1c8420490\",\"name\":\"lifefm\",\"image\":{\"@type\":\"ImageObject\",\"inLanguage\":\"pt-BR\",\"@id\":\"https:\/\/secure.gravatar.com\/avatar\/eca268467d925ec97d20641bb054fd944c0abb2f92854171620706bbe6474e7c?s=96&d=mm&r=g\",\"url\":\"https:\/\/secure.gravatar.com\/avatar\/eca268467d925ec97d20641bb054fd944c0abb2f92854171620706bbe6474e7c?s=96&d=mm&r=g\",\"contentUrl\":\"https:\/\/secure.gravatar.com\/avatar\/eca268467d925ec97d20641bb054fd944c0abb2f92854171620706bbe6474e7c?s=96&d=mm&r=g\",\"caption\":\"lifefm\"}}]}<\/script>\n<!-- \/ Yoast SEO plugin. -->","yoast_head_json":{"title":"Pol\u00edcia Militar Ambiental apreende armas de porte ilegal, muni\u00e7\u00f5es e ca\u00e7adores s\u00e3o detidos - R\u00e1dio Life FM","robots":{"index":"index","follow":"follow","max-snippet":"max-snippet:-1","max-image-preview":"max-image-preview:large","max-video-preview":"max-video-preview:-1"},"canonical":"https:\/\/radiolifefm.com.br\/noticias\/policia-militar-ambiental-apreende-armas-de-porte-ilegal-municoes-e-cacadores-sao-detidos\/","og_locale":"pt_BR","og_type":"article","og_title":"Pol\u00edcia Militar Ambiental apreende armas de porte ilegal, muni\u00e7\u00f5es e ca\u00e7adores s\u00e3o detidos - R\u00e1dio Life FM","og_description":"Os policiais ambientais recuperaram nove c\u00e3es que seriam utilizados para ca\u00e7a Segundo informa\u00e7\u00f5es, neste domingo (05), a Pol\u00edcia Militar Ambiental estava em patrulhamento em uma \u00e1rea rural na cidade de Iacri (SP), quando se deparou com 6 homens, por volta das 09h50min, praticando ca\u00e7a de animais. Esses indiv\u00edduos, ao perceberem a presen\u00e7a da equipe policial, [&hellip;]","og_url":"https:\/\/radiolifefm.com.br\/noticias\/policia-militar-ambiental-apreende-armas-de-porte-ilegal-municoes-e-cacadores-sao-detidos\/","og_site_name":"R\u00e1dio Life FM","article_publisher":"https:\/\/www.facebook.com\/radiolifefm\/","article_published_time":"2019-05-07T02:23:44+00:00","article_modified_time":"2026-04-30T00:32:03+00:00","og_image":[{"width":960,"height":720,"url":"https:\/\/radiolifefm.com.br\/noticias\/wp-content\/uploads\/2019\/05\/Ca\u00e7a.jpg","type":"image\/jpeg"}],"author":"lifefm","twitter_card":"summary_large_image","twitter_misc":{"Escrito por":"lifefm","Est. tempo de leitura":"1 minuto"},"schema":{"@context":"https:\/\/schema.org","@graph":[{"@type":"Article","@id":"https:\/\/radiolifefm.com.br\/noticias\/policia-militar-ambiental-apreende-armas-de-porte-ilegal-municoes-e-cacadores-sao-detidos\/#article","isPartOf":{"@id":"https:\/\/radiolifefm.com.br\/noticias\/policia-militar-ambiental-apreende-armas-de-porte-ilegal-municoes-e-cacadores-sao-detidos\/"},"author":{"name":"lifefm","@id":"https:\/\/radiolifefm.com.br\/noticias\/#\/schema\/person\/1d4e4b1301322090c6221bf1c8420490"},"headline":"Pol\u00edcia Militar Ambiental apreende armas de porte ilegal, muni\u00e7\u00f5es e ca\u00e7adores s\u00e3o detidos","datePublished":"2019-05-07T02:23:44+00:00","dateModified":"2026-04-30T00:32:03+00:00","mainEntityOfPage":{"@id":"https:\/\/radiolifefm.com.br\/noticias\/policia-militar-ambiental-apreende-armas-de-porte-ilegal-municoes-e-cacadores-sao-detidos\/"},"wordCount":148,"publisher":{"@id":"https:\/\/radiolifefm.com.br\/noticias\/#organization"},"image":{"@id":"https:\/\/radiolifefm.com.br\/noticias\/policia-militar-ambiental-apreende-armas-de-porte-ilegal-municoes-e-cacadores-sao-detidos\/#primaryimage"},"thumbnailUrl":"https:\/\/radiolifefm.com.br\/noticias\/wp-content\/uploads\/2019\/05\/Ca\u00e7a.jpg","articleSection":["Regi\u00e3o"],"inLanguage":"pt-BR"},{"@type":"WebPage","@id":"https:\/\/radiolifefm.com.br\/noticias\/policia-militar-ambiental-apreende-armas-de-porte-ilegal-municoes-e-cacadores-sao-detidos\/","url":"https:\/\/radiolifefm.com.br\/noticias\/policia-militar-ambiental-apreende-armas-de-porte-ilegal-municoes-e-cacadores-sao-detidos\/","name":"Pol\u00edcia Militar Ambiental apreende armas de porte ilegal, muni\u00e7\u00f5es e ca\u00e7adores s\u00e3o detidos - R\u00e1dio Life FM","isPartOf":{"@id":"https:\/\/radiolifefm.com.br\/noticias\/#website"},"primaryImageOfPage":{"@id":"https:\/\/radiolifefm.com.br\/noticias\/policia-militar-ambiental-apreende-armas-de-porte-ilegal-municoes-e-cacadores-sao-detidos\/#primaryimage"},"image":{"@id":"https:\/\/radiolifefm.com.br\/noticias\/policia-militar-ambiental-apreende-armas-de-porte-ilegal-municoes-e-cacadores-sao-detidos\/#primaryimage"},"thumbnailUrl":"https:\/\/radiolifefm.com.br\/noticias\/wp-content\/uploads\/2019\/05\/Ca\u00e7a.jpg","datePublished":"2019-05-07T02:23:44+00:00","dateModified":"2026-04-30T00:32:03+00:00","breadcrumb":{"@id":"https:\/\/radiolifefm.com.br\/noticias\/policia-militar-ambiental-apreende-armas-de-porte-ilegal-municoes-e-cacadores-sao-detidos\/#breadcrumb"},"inLanguage":"pt-BR","potentialAction":[{"@type":"ReadAction","target":["https:\/\/radiolifefm.com.br\/noticias\/policia-militar-ambiental-apreende-armas-de-porte-ilegal-municoes-e-cacadores-sao-detidos\/"]}]},{"@type":"ImageObject","inLanguage":"pt-BR","@id":"https:\/\/radiolifefm.com.br\/noticias\/policia-militar-ambiental-apreende-armas-de-porte-ilegal-municoes-e-cacadores-sao-detidos\/#primaryimage","url":"https:\/\/radiolifefm.com.br\/noticias\/wp-content\/uploads\/2019\/05\/Ca\u00e7a.jpg","contentUrl":"https:\/\/radiolifefm.com.br\/noticias\/wp-content\/uploads\/2019\/05\/Ca\u00e7a.jpg","width":960,"height":720,"caption":"Pol\u00edcia Ambiental apreende armas e muni\u00e7\u00f5es e prende ca\u00e7adores em Iacri"},{"@type":"BreadcrumbList","@id":"https:\/\/radiolifefm.com.br\/noticias\/policia-militar-ambiental-apreende-armas-de-porte-ilegal-municoes-e-cacadores-sao-detidos\/#breadcrumb","itemListElement":[{"@type":"ListItem","position":1,"name":"In\u00edcio","item":"https:\/\/radiolifefm.com.br\/noticias\/"},{"@type":"ListItem","position":2,"name":"Pol\u00edcia Militar Ambiental apreende armas de porte ilegal, muni\u00e7\u00f5es e ca\u00e7adores s\u00e3o detidos"}]},{"@type":"WebSite","@id":"https:\/\/radiolifefm.com.br\/noticias\/#website","url":"https:\/\/radiolifefm.com.br\/noticias\/","name":"R\u00e1dio Life FM","description":"O Portal de Not\u00edcias de Adamantina","publisher":{"@id":"https:\/\/radiolifefm.com.br\/noticias\/#organization"},"alternateName":"Life FM","potentialAction":[{"@type":"SearchAction","target":{"@type":"EntryPoint","urlTemplate":"https:\/\/radiolifefm.com.br\/noticias\/?s={search_term_string}"},"query-input":{"@type":"PropertyValueSpecification","valueRequired":true,"valueName":"search_term_string"}}],"inLanguage":"pt-BR"},{"@type":"Organization","@id":"https:\/\/radiolifefm.com.br\/noticias\/#organization","name":"R\u00e1dio Life FM","alternateName":"Life FM","url":"https:\/\/radiolifefm.com.br\/noticias\/","logo":{"@type":"ImageObject","inLanguage":"pt-BR","@id":"https:\/\/radiolifefm.com.br\/noticias\/#\/schema\/logo\/image\/","url":"https:\/\/static.radiolifefm.com.br\/noticias\/wp-content\/uploads\/2019\/10\/logo-lifefm.png","contentUrl":"https:\/\/static.radiolifefm.com.br\/noticias\/wp-content\/uploads\/2019\/10\/logo-lifefm.png","width":196,"height":47,"caption":"R\u00e1dio Life FM"},"image":{"@id":"https:\/\/radiolifefm.com.br\/noticias\/#\/schema\/logo\/image\/"},"sameAs":["https:\/\/www.facebook.com\/radiolifefm\/","https:\/\/www.instagram.com\/life1079fm\/"]},{"@type":"Person","@id":"https:\/\/radiolifefm.com.br\/noticias\/#\/schema\/person\/1d4e4b1301322090c6221bf1c8420490","name":"lifefm","image":{"@type":"ImageObject","inLanguage":"pt-BR","@id":"https:\/\/secure.gravatar.com\/avatar\/eca268467d925ec97d20641bb054fd944c0abb2f92854171620706bbe6474e7c?s=96&d=mm&r=g","url":"https:\/\/secure.gravatar.com\/avatar\/eca268467d925ec97d20641bb054fd944c0abb2f92854171620706bbe6474e7c?s=96&d=mm&r=g","contentUrl":"https:\/\/secure.gravatar.com\/avatar\/eca268467d925ec97d20641bb054fd944c0abb2f92854171620706bbe6474e7c?s=96&d=mm&r=g","caption":"lifefm"}}]}},"amp_enabled":true,"_links":{"self":[{"href":"https:\/\/radiolifefm.com.br\/noticias\/wp-json\/wp\/v2\/posts\/12726","targetHints":{"allow":["GET"]}}],"collection":[{"href":"https:\/\/radiolifefm.com.br\/noticias\/wp-json\/wp\/v2\/posts"}],"about":[{"href":"https:\/\/radiolifefm.com.br\/noticias\/wp-json\/wp\/v2\/types\/post"}],"author":[{"embeddable":true,"href":"https:\/\/radiolifefm.com.br\/noticias\/wp-json\/wp\/v2\/users\/3"}],"replies":[{"embeddable":true,"href":"https:\/\/radiolifefm.com.br\/noticias\/wp-json\/wp\/v2\/comments?post=12726"}],"version-history":[{"count":1,"href":"https:\/\/radiolifefm.com.br\/noticias\/wp-json\/wp\/v2\/posts\/12726\/revisions"}],"predecessor-version":[{"id":12729,"href":"https:\/\/radiolifefm.com.br\/noticias\/wp-json\/wp\/v2\/posts\/12726\/revisions\/12729"}],"wp:featuredmedia":[{"embeddable":true,"href":"https:\/\/radiolifefm.com.br\/noticias\/wp-json\/wp\/v2\/media\/12727"}],"wp:attachment":[{"href":"https:\/\/radiolifefm.com.br\/noticias\/wp-json\/wp\/v2\/media?parent=12726"}],"wp:term":[{"taxonomy":"category","embeddable":true,"href":"https:\/\/radiolifefm.com.br\/noticias\/wp-json\/wp\/v2\/categories?post=12726"},{"taxonomy":"post_tag","embeddable":true,"href":"https:\/\/radiolifefm.com.br\/noticias\/wp-json\/wp\/v2\/tags?post=12726"}],"curies":[{"name":"wp","href":"https:\/\/api.w.org\/{rel}","templated":true}]}}