{"id":12691,"date":"2019-05-06T10:02:56","date_gmt":"2019-05-06T13:02:56","guid":{"rendered":"https:\/\/radiolifefm.com.br\/noticias\/?p=12691"},"modified":"2026-04-18T11:49:07","modified_gmt":"2026-04-18T14:49:07","slug":"policia-identifica-homem-morto-a-facadas-em-presidente-venceslau-e-investigacao-aponta-para-crime-passional","status":"publish","type":"post","link":"https:\/\/radiolifefm.com.br\/noticias\/policia-identifica-homem-morto-a-facadas-em-presidente-venceslau-e-investigacao-aponta-para-crime-passional\/","title":{"rendered":"Pol\u00edcia identifica homem morto a facadas, em Presidente Venceslau e investiga\u00e7\u00e3o aponta para crime passional"},"content":{"rendered":"<div id=\"fb-root\"><\/div>\n<p><em>V\u00edtima havia se mudado h\u00e1 menos de uma semana para a cidade. Corpo foi encontrado no s\u00e1bado (4) com 29 perfura\u00e7\u00f5es \u00e0s margens de uma estrada vicinal<\/em><\/p>\n<p>A Pol\u00edcia Civil identificou o corpo do homem morto com 29 facadas, em Presidente Venceslau, neste final de semana. A v\u00edtima foi encontrada na manh\u00e3 de s\u00e1bado (4), \u00e0s margens da estrada vicinal SPV-20, nas proximidades do aterro sanit\u00e1rio municipal, com perfura\u00e7\u00f5es nas costas e na cabe\u00e7a.<\/p>\n<p>Segundo o delegado Adalberto Gonini J\u00fanior, a pol\u00edcia j\u00e1 tem dois suspeitos. Ele informou que, at\u00e9 o momento, as investiga\u00e7\u00f5es apontam para um crime passional.<\/p>\n<p>Gonini J\u00fanior disse ainda que os detalhes do caso ser\u00e3o divulgados em uma entrevista coletiva nesta segunda-feira (6), na sede da Delegacia de Investiga\u00e7\u00f5es Gerais (DIG), em Venceslau.<\/p>\n<p>A v\u00edtima, que morava com um irm\u00e3o em um assentamento em Bataguassu (MS), havia se mudado para Presidente Venceslau h\u00e1 menos de uma semana, para viver com uma mulher.<\/p>\n<p>Fonte &#8211; G 1<\/p>\n<p>Reda\u00e7\u00e3o &#8211; Kako de Oliveira<\/p>\n","protected":false},"excerpt":{"rendered":"<p>V\u00edtima havia se mudado h\u00e1 menos de uma semana para a cidade. Corpo foi encontrado no s\u00e1bado (4) com 29 perfura\u00e7\u00f5es \u00e0s margens de uma estrada vicinal A Pol\u00edcia Civil identificou o corpo do homem morto com 29 facadas, em Presidente Venceslau, neste final de semana. A v\u00edtima foi encontrada na manh\u00e3 de s\u00e1bado (4), [&hellip;]<\/p>\n","protected":false},"author":3,"featured_media":12692,"comment_status":"open","ping_status":"open","sticky":false,"template":"","format":"standard","meta":{"_acf_changed":false,"_exactmetrics_skip_tracking":false,"_exactmetrics_sitenote_active":false,"_exactmetrics_sitenote_note":"","_exactmetrics_sitenote_category":0,"footnotes":""},"categories":[24],"tags":[],"class_list":["post-12691","post","type-post","status-publish","format-standard","has-post-thumbnail","hentry","category-regiao"],"acf":[],"yoast_head":"<!-- This site is optimized with the Yoast SEO plugin v27.2 - https:\/\/yoast.com\/product\/yoast-seo-wordpress\/ -->\n<title>Pol\u00edcia identifica homem morto a facadas, em Presidente Venceslau e investiga\u00e7\u00e3o aponta para crime passional - R\u00e1dio Life FM<\/title>\n<meta name=\"robots\" content=\"index, follow, max-snippet:-1, max-image-preview:large, max-video-preview:-1\" \/>\n<link rel=\"canonical\" href=\"https:\/\/radiolifefm.com.br\/noticias\/policia-identifica-homem-morto-a-facadas-em-presidente-venceslau-e-investigacao-aponta-para-crime-passional\/\" \/>\n<meta property=\"og:locale\" content=\"pt_BR\" \/>\n<meta property=\"og:type\" content=\"article\" \/>\n<meta property=\"og:title\" content=\"Pol\u00edcia identifica homem morto a facadas, em Presidente Venceslau e investiga\u00e7\u00e3o aponta para crime passional - R\u00e1dio Life FM\" \/>\n<meta property=\"og:description\" content=\"V\u00edtima havia se mudado h\u00e1 menos de uma semana para a cidade. Corpo foi encontrado no s\u00e1bado (4) com 29 perfura\u00e7\u00f5es \u00e0s margens de uma estrada vicinal A Pol\u00edcia Civil identificou o corpo do homem morto com 29 facadas, em Presidente Venceslau, neste final de semana. A v\u00edtima foi encontrada na manh\u00e3 de s\u00e1bado (4), [&hellip;]\" \/>\n<meta property=\"og:url\" content=\"https:\/\/radiolifefm.com.br\/noticias\/policia-identifica-homem-morto-a-facadas-em-presidente-venceslau-e-investigacao-aponta-para-crime-passional\/\" \/>\n<meta property=\"og:site_name\" content=\"R\u00e1dio Life FM\" \/>\n<meta property=\"article:publisher\" content=\"https:\/\/www.facebook.com\/radiolifefm\/\" \/>\n<meta property=\"article:published_time\" content=\"2019-05-06T13:02:56+00:00\" \/>\n<meta property=\"article:modified_time\" content=\"2026-04-18T14:49:07+00:00\" \/>\n<meta property=\"og:image\" content=\"https:\/\/radiolifefm.com.br\/noticias\/wp-content\/uploads\/2019\/05\/Facada.jpg\" \/>\n\t<meta property=\"og:image:width\" content=\"1600\" \/>\n\t<meta property=\"og:image:height\" content=\"1028\" \/>\n\t<meta property=\"og:image:type\" content=\"image\/jpeg\" \/>\n<meta name=\"author\" content=\"lifefm\" \/>\n<meta name=\"twitter:card\" content=\"summary_large_image\" \/>\n<meta name=\"twitter:label1\" content=\"Escrito por\" \/>\n\t<meta name=\"twitter:data1\" content=\"lifefm\" \/>\n\t<meta name=\"twitter:label2\" content=\"Est. tempo de leitura\" \/>\n\t<meta name=\"twitter:data2\" content=\"1 minuto\" \/>\n<script type=\"application\/ld+json\" class=\"yoast-schema-graph\">{\"@context\":\"https:\/\/schema.org\",\"@graph\":[{\"@type\":\"Article\",\"@id\":\"https:\/\/radiolifefm.com.br\/noticias\/policia-identifica-homem-morto-a-facadas-em-presidente-venceslau-e-investigacao-aponta-para-crime-passional\/#article\",\"isPartOf\":{\"@id\":\"https:\/\/radiolifefm.com.br\/noticias\/policia-identifica-homem-morto-a-facadas-em-presidente-venceslau-e-investigacao-aponta-para-crime-passional\/\"},\"author\":{\"name\":\"lifefm\",\"@id\":\"https:\/\/radiolifefm.com.br\/noticias\/#\/schema\/person\/1d4e4b1301322090c6221bf1c8420490\"},\"headline\":\"Pol\u00edcia identifica homem morto a facadas, em Presidente Venceslau e investiga\u00e7\u00e3o aponta para crime passional\",\"datePublished\":\"2019-05-06T13:02:56+00:00\",\"dateModified\":\"2026-04-18T14:49:07+00:00\",\"mainEntityOfPage\":{\"@id\":\"https:\/\/radiolifefm.com.br\/noticias\/policia-identifica-homem-morto-a-facadas-em-presidente-venceslau-e-investigacao-aponta-para-crime-passional\/\"},\"wordCount\":194,\"commentCount\":0,\"publisher\":{\"@id\":\"https:\/\/radiolifefm.com.br\/noticias\/#organization\"},\"image\":{\"@id\":\"https:\/\/radiolifefm.com.br\/noticias\/policia-identifica-homem-morto-a-facadas-em-presidente-venceslau-e-investigacao-aponta-para-crime-passional\/#primaryimage\"},\"thumbnailUrl\":\"https:\/\/radiolifefm.com.br\/noticias\/wp-content\/uploads\/2019\/05\/Facada.jpg\",\"articleSection\":[\"Regi\u00e3o\"],\"inLanguage\":\"pt-BR\",\"potentialAction\":[{\"@type\":\"CommentAction\",\"name\":\"Comment\",\"target\":[\"https:\/\/radiolifefm.com.br\/noticias\/policia-identifica-homem-morto-a-facadas-em-presidente-venceslau-e-investigacao-aponta-para-crime-passional\/#respond\"]}]},{\"@type\":\"WebPage\",\"@id\":\"https:\/\/radiolifefm.com.br\/noticias\/policia-identifica-homem-morto-a-facadas-em-presidente-venceslau-e-investigacao-aponta-para-crime-passional\/\",\"url\":\"https:\/\/radiolifefm.com.br\/noticias\/policia-identifica-homem-morto-a-facadas-em-presidente-venceslau-e-investigacao-aponta-para-crime-passional\/\",\"name\":\"Pol\u00edcia identifica homem morto a facadas, em Presidente Venceslau e investiga\u00e7\u00e3o aponta para crime passional - R\u00e1dio Life FM\",\"isPartOf\":{\"@id\":\"https:\/\/radiolifefm.com.br\/noticias\/#website\"},\"primaryImageOfPage\":{\"@id\":\"https:\/\/radiolifefm.com.br\/noticias\/policia-identifica-homem-morto-a-facadas-em-presidente-venceslau-e-investigacao-aponta-para-crime-passional\/#primaryimage\"},\"image\":{\"@id\":\"https:\/\/radiolifefm.com.br\/noticias\/policia-identifica-homem-morto-a-facadas-em-presidente-venceslau-e-investigacao-aponta-para-crime-passional\/#primaryimage\"},\"thumbnailUrl\":\"https:\/\/radiolifefm.com.br\/noticias\/wp-content\/uploads\/2019\/05\/Facada.jpg\",\"datePublished\":\"2019-05-06T13:02:56+00:00\",\"dateModified\":\"2026-04-18T14:49:07+00:00\",\"breadcrumb\":{\"@id\":\"https:\/\/radiolifefm.com.br\/noticias\/policia-identifica-homem-morto-a-facadas-em-presidente-venceslau-e-investigacao-aponta-para-crime-passional\/#breadcrumb\"},\"inLanguage\":\"pt-BR\",\"potentialAction\":[{\"@type\":\"ReadAction\",\"target\":[\"https:\/\/radiolifefm.com.br\/noticias\/policia-identifica-homem-morto-a-facadas-em-presidente-venceslau-e-investigacao-aponta-para-crime-passional\/\"]}]},{\"@type\":\"ImageObject\",\"inLanguage\":\"pt-BR\",\"@id\":\"https:\/\/radiolifefm.com.br\/noticias\/policia-identifica-homem-morto-a-facadas-em-presidente-venceslau-e-investigacao-aponta-para-crime-passional\/#primaryimage\",\"url\":\"https:\/\/radiolifefm.com.br\/noticias\/wp-content\/uploads\/2019\/05\/Facada.jpg\",\"contentUrl\":\"https:\/\/radiolifefm.com.br\/noticias\/wp-content\/uploads\/2019\/05\/Facada.jpg\",\"width\":1600,\"height\":1028,\"caption\":\"Cad\u00e1ver foi encontrado em Presidente Venceslau \u2014 Foto: Wagner Bueno\/Portal Bueno\"},{\"@type\":\"BreadcrumbList\",\"@id\":\"https:\/\/radiolifefm.com.br\/noticias\/policia-identifica-homem-morto-a-facadas-em-presidente-venceslau-e-investigacao-aponta-para-crime-passional\/#breadcrumb\",\"itemListElement\":[{\"@type\":\"ListItem\",\"position\":1,\"name\":\"In\u00edcio\",\"item\":\"https:\/\/radiolifefm.com.br\/noticias\/\"},{\"@type\":\"ListItem\",\"position\":2,\"name\":\"Pol\u00edcia identifica homem morto a facadas, em Presidente Venceslau e investiga\u00e7\u00e3o aponta para crime passional\"}]},{\"@type\":\"WebSite\",\"@id\":\"https:\/\/radiolifefm.com.br\/noticias\/#website\",\"url\":\"https:\/\/radiolifefm.com.br\/noticias\/\",\"name\":\"R\u00e1dio Life FM\",\"description\":\"O Portal de Not\u00edcias de Adamantina\",\"publisher\":{\"@id\":\"https:\/\/radiolifefm.com.br\/noticias\/#organization\"},\"alternateName\":\"Life FM\",\"potentialAction\":[{\"@type\":\"SearchAction\",\"target\":{\"@type\":\"EntryPoint\",\"urlTemplate\":\"https:\/\/radiolifefm.com.br\/noticias\/?s={search_term_string}\"},\"query-input\":{\"@type\":\"PropertyValueSpecification\",\"valueRequired\":true,\"valueName\":\"search_term_string\"}}],\"inLanguage\":\"pt-BR\"},{\"@type\":\"Organization\",\"@id\":\"https:\/\/radiolifefm.com.br\/noticias\/#organization\",\"name\":\"R\u00e1dio Life FM\",\"alternateName\":\"Life FM\",\"url\":\"https:\/\/radiolifefm.com.br\/noticias\/\",\"logo\":{\"@type\":\"ImageObject\",\"inLanguage\":\"pt-BR\",\"@id\":\"https:\/\/radiolifefm.com.br\/noticias\/#\/schema\/logo\/image\/\",\"url\":\"https:\/\/static.radiolifefm.com.br\/noticias\/wp-content\/uploads\/2019\/10\/logo-lifefm.png\",\"contentUrl\":\"https:\/\/static.radiolifefm.com.br\/noticias\/wp-content\/uploads\/2019\/10\/logo-lifefm.png\",\"width\":196,\"height\":47,\"caption\":\"R\u00e1dio Life FM\"},\"image\":{\"@id\":\"https:\/\/radiolifefm.com.br\/noticias\/#\/schema\/logo\/image\/\"},\"sameAs\":[\"https:\/\/www.facebook.com\/radiolifefm\/\",\"https:\/\/www.instagram.com\/life1079fm\/\"]},{\"@type\":\"Person\",\"@id\":\"https:\/\/radiolifefm.com.br\/noticias\/#\/schema\/person\/1d4e4b1301322090c6221bf1c8420490\",\"name\":\"lifefm\",\"image\":{\"@type\":\"ImageObject\",\"inLanguage\":\"pt-BR\",\"@id\":\"https:\/\/secure.gravatar.com\/avatar\/eca268467d925ec97d20641bb054fd944c0abb2f92854171620706bbe6474e7c?s=96&d=mm&r=g\",\"url\":\"https:\/\/secure.gravatar.com\/avatar\/eca268467d925ec97d20641bb054fd944c0abb2f92854171620706bbe6474e7c?s=96&d=mm&r=g\",\"contentUrl\":\"https:\/\/secure.gravatar.com\/avatar\/eca268467d925ec97d20641bb054fd944c0abb2f92854171620706bbe6474e7c?s=96&d=mm&r=g\",\"caption\":\"lifefm\"}}]}<\/script>\n<!-- \/ Yoast SEO plugin. -->","yoast_head_json":{"title":"Pol\u00edcia identifica homem morto a facadas, em Presidente Venceslau e investiga\u00e7\u00e3o aponta para crime passional - R\u00e1dio Life FM","robots":{"index":"index","follow":"follow","max-snippet":"max-snippet:-1","max-image-preview":"max-image-preview:large","max-video-preview":"max-video-preview:-1"},"canonical":"https:\/\/radiolifefm.com.br\/noticias\/policia-identifica-homem-morto-a-facadas-em-presidente-venceslau-e-investigacao-aponta-para-crime-passional\/","og_locale":"pt_BR","og_type":"article","og_title":"Pol\u00edcia identifica homem morto a facadas, em Presidente Venceslau e investiga\u00e7\u00e3o aponta para crime passional - R\u00e1dio Life FM","og_description":"V\u00edtima havia se mudado h\u00e1 menos de uma semana para a cidade. Corpo foi encontrado no s\u00e1bado (4) com 29 perfura\u00e7\u00f5es \u00e0s margens de uma estrada vicinal A Pol\u00edcia Civil identificou o corpo do homem morto com 29 facadas, em Presidente Venceslau, neste final de semana. A v\u00edtima foi encontrada na manh\u00e3 de s\u00e1bado (4), [&hellip;]","og_url":"https:\/\/radiolifefm.com.br\/noticias\/policia-identifica-homem-morto-a-facadas-em-presidente-venceslau-e-investigacao-aponta-para-crime-passional\/","og_site_name":"R\u00e1dio Life FM","article_publisher":"https:\/\/www.facebook.com\/radiolifefm\/","article_published_time":"2019-05-06T13:02:56+00:00","article_modified_time":"2026-04-18T14:49:07+00:00","og_image":[{"width":1600,"height":1028,"url":"https:\/\/radiolifefm.com.br\/noticias\/wp-content\/uploads\/2019\/05\/Facada.jpg","type":"image\/jpeg"}],"author":"lifefm","twitter_card":"summary_large_image","twitter_misc":{"Escrito por":"lifefm","Est. tempo de leitura":"1 minuto"},"schema":{"@context":"https:\/\/schema.org","@graph":[{"@type":"Article","@id":"https:\/\/radiolifefm.com.br\/noticias\/policia-identifica-homem-morto-a-facadas-em-presidente-venceslau-e-investigacao-aponta-para-crime-passional\/#article","isPartOf":{"@id":"https:\/\/radiolifefm.com.br\/noticias\/policia-identifica-homem-morto-a-facadas-em-presidente-venceslau-e-investigacao-aponta-para-crime-passional\/"},"author":{"name":"lifefm","@id":"https:\/\/radiolifefm.com.br\/noticias\/#\/schema\/person\/1d4e4b1301322090c6221bf1c8420490"},"headline":"Pol\u00edcia identifica homem morto a facadas, em Presidente Venceslau e investiga\u00e7\u00e3o aponta para crime passional","datePublished":"2019-05-06T13:02:56+00:00","dateModified":"2026-04-18T14:49:07+00:00","mainEntityOfPage":{"@id":"https:\/\/radiolifefm.com.br\/noticias\/policia-identifica-homem-morto-a-facadas-em-presidente-venceslau-e-investigacao-aponta-para-crime-passional\/"},"wordCount":194,"commentCount":0,"publisher":{"@id":"https:\/\/radiolifefm.com.br\/noticias\/#organization"},"image":{"@id":"https:\/\/radiolifefm.com.br\/noticias\/policia-identifica-homem-morto-a-facadas-em-presidente-venceslau-e-investigacao-aponta-para-crime-passional\/#primaryimage"},"thumbnailUrl":"https:\/\/radiolifefm.com.br\/noticias\/wp-content\/uploads\/2019\/05\/Facada.jpg","articleSection":["Regi\u00e3o"],"inLanguage":"pt-BR","potentialAction":[{"@type":"CommentAction","name":"Comment","target":["https:\/\/radiolifefm.com.br\/noticias\/policia-identifica-homem-morto-a-facadas-em-presidente-venceslau-e-investigacao-aponta-para-crime-passional\/#respond"]}]},{"@type":"WebPage","@id":"https:\/\/radiolifefm.com.br\/noticias\/policia-identifica-homem-morto-a-facadas-em-presidente-venceslau-e-investigacao-aponta-para-crime-passional\/","url":"https:\/\/radiolifefm.com.br\/noticias\/policia-identifica-homem-morto-a-facadas-em-presidente-venceslau-e-investigacao-aponta-para-crime-passional\/","name":"Pol\u00edcia identifica homem morto a facadas, em Presidente Venceslau e investiga\u00e7\u00e3o aponta para crime passional - R\u00e1dio Life FM","isPartOf":{"@id":"https:\/\/radiolifefm.com.br\/noticias\/#website"},"primaryImageOfPage":{"@id":"https:\/\/radiolifefm.com.br\/noticias\/policia-identifica-homem-morto-a-facadas-em-presidente-venceslau-e-investigacao-aponta-para-crime-passional\/#primaryimage"},"image":{"@id":"https:\/\/radiolifefm.com.br\/noticias\/policia-identifica-homem-morto-a-facadas-em-presidente-venceslau-e-investigacao-aponta-para-crime-passional\/#primaryimage"},"thumbnailUrl":"https:\/\/radiolifefm.com.br\/noticias\/wp-content\/uploads\/2019\/05\/Facada.jpg","datePublished":"2019-05-06T13:02:56+00:00","dateModified":"2026-04-18T14:49:07+00:00","breadcrumb":{"@id":"https:\/\/radiolifefm.com.br\/noticias\/policia-identifica-homem-morto-a-facadas-em-presidente-venceslau-e-investigacao-aponta-para-crime-passional\/#breadcrumb"},"inLanguage":"pt-BR","potentialAction":[{"@type":"ReadAction","target":["https:\/\/radiolifefm.com.br\/noticias\/policia-identifica-homem-morto-a-facadas-em-presidente-venceslau-e-investigacao-aponta-para-crime-passional\/"]}]},{"@type":"ImageObject","inLanguage":"pt-BR","@id":"https:\/\/radiolifefm.com.br\/noticias\/policia-identifica-homem-morto-a-facadas-em-presidente-venceslau-e-investigacao-aponta-para-crime-passional\/#primaryimage","url":"https:\/\/radiolifefm.com.br\/noticias\/wp-content\/uploads\/2019\/05\/Facada.jpg","contentUrl":"https:\/\/radiolifefm.com.br\/noticias\/wp-content\/uploads\/2019\/05\/Facada.jpg","width":1600,"height":1028,"caption":"Cad\u00e1ver foi encontrado em Presidente Venceslau \u2014 Foto: Wagner Bueno\/Portal Bueno"},{"@type":"BreadcrumbList","@id":"https:\/\/radiolifefm.com.br\/noticias\/policia-identifica-homem-morto-a-facadas-em-presidente-venceslau-e-investigacao-aponta-para-crime-passional\/#breadcrumb","itemListElement":[{"@type":"ListItem","position":1,"name":"In\u00edcio","item":"https:\/\/radiolifefm.com.br\/noticias\/"},{"@type":"ListItem","position":2,"name":"Pol\u00edcia identifica homem morto a facadas, em Presidente Venceslau e investiga\u00e7\u00e3o aponta para crime passional"}]},{"@type":"WebSite","@id":"https:\/\/radiolifefm.com.br\/noticias\/#website","url":"https:\/\/radiolifefm.com.br\/noticias\/","name":"R\u00e1dio Life FM","description":"O Portal de Not\u00edcias de Adamantina","publisher":{"@id":"https:\/\/radiolifefm.com.br\/noticias\/#organization"},"alternateName":"Life FM","potentialAction":[{"@type":"SearchAction","target":{"@type":"EntryPoint","urlTemplate":"https:\/\/radiolifefm.com.br\/noticias\/?s={search_term_string}"},"query-input":{"@type":"PropertyValueSpecification","valueRequired":true,"valueName":"search_term_string"}}],"inLanguage":"pt-BR"},{"@type":"Organization","@id":"https:\/\/radiolifefm.com.br\/noticias\/#organization","name":"R\u00e1dio Life FM","alternateName":"Life FM","url":"https:\/\/radiolifefm.com.br\/noticias\/","logo":{"@type":"ImageObject","inLanguage":"pt-BR","@id":"https:\/\/radiolifefm.com.br\/noticias\/#\/schema\/logo\/image\/","url":"https:\/\/static.radiolifefm.com.br\/noticias\/wp-content\/uploads\/2019\/10\/logo-lifefm.png","contentUrl":"https:\/\/static.radiolifefm.com.br\/noticias\/wp-content\/uploads\/2019\/10\/logo-lifefm.png","width":196,"height":47,"caption":"R\u00e1dio Life FM"},"image":{"@id":"https:\/\/radiolifefm.com.br\/noticias\/#\/schema\/logo\/image\/"},"sameAs":["https:\/\/www.facebook.com\/radiolifefm\/","https:\/\/www.instagram.com\/life1079fm\/"]},{"@type":"Person","@id":"https:\/\/radiolifefm.com.br\/noticias\/#\/schema\/person\/1d4e4b1301322090c6221bf1c8420490","name":"lifefm","image":{"@type":"ImageObject","inLanguage":"pt-BR","@id":"https:\/\/secure.gravatar.com\/avatar\/eca268467d925ec97d20641bb054fd944c0abb2f92854171620706bbe6474e7c?s=96&d=mm&r=g","url":"https:\/\/secure.gravatar.com\/avatar\/eca268467d925ec97d20641bb054fd944c0abb2f92854171620706bbe6474e7c?s=96&d=mm&r=g","contentUrl":"https:\/\/secure.gravatar.com\/avatar\/eca268467d925ec97d20641bb054fd944c0abb2f92854171620706bbe6474e7c?s=96&d=mm&r=g","caption":"lifefm"}}]}},"amp_enabled":true,"_links":{"self":[{"href":"https:\/\/radiolifefm.com.br\/noticias\/wp-json\/wp\/v2\/posts\/12691","targetHints":{"allow":["GET"]}}],"collection":[{"href":"https:\/\/radiolifefm.com.br\/noticias\/wp-json\/wp\/v2\/posts"}],"about":[{"href":"https:\/\/radiolifefm.com.br\/noticias\/wp-json\/wp\/v2\/types\/post"}],"author":[{"embeddable":true,"href":"https:\/\/radiolifefm.com.br\/noticias\/wp-json\/wp\/v2\/users\/3"}],"replies":[{"embeddable":true,"href":"https:\/\/radiolifefm.com.br\/noticias\/wp-json\/wp\/v2\/comments?post=12691"}],"version-history":[{"count":1,"href":"https:\/\/radiolifefm.com.br\/noticias\/wp-json\/wp\/v2\/posts\/12691\/revisions"}],"predecessor-version":[{"id":12693,"href":"https:\/\/radiolifefm.com.br\/noticias\/wp-json\/wp\/v2\/posts\/12691\/revisions\/12693"}],"wp:featuredmedia":[{"embeddable":true,"href":"https:\/\/radiolifefm.com.br\/noticias\/wp-json\/wp\/v2\/media\/12692"}],"wp:attachment":[{"href":"https:\/\/radiolifefm.com.br\/noticias\/wp-json\/wp\/v2\/media?parent=12691"}],"wp:term":[{"taxonomy":"category","embeddable":true,"href":"https:\/\/radiolifefm.com.br\/noticias\/wp-json\/wp\/v2\/categories?post=12691"},{"taxonomy":"post_tag","embeddable":true,"href":"https:\/\/radiolifefm.com.br\/noticias\/wp-json\/wp\/v2\/tags?post=12691"}],"curies":[{"name":"wp","href":"https:\/\/api.w.org\/{rel}","templated":true}]}}