{"id":12686,"date":"2019-05-05T17:24:23","date_gmt":"2019-05-05T20:24:23","guid":{"rendered":"https:\/\/radiolifefm.com.br\/noticias\/?p=12686"},"modified":"2026-04-29T06:44:11","modified_gmt":"2026-04-29T09:44:11","slug":"acidente-na-sp-294-em-quintana-neste-sabado-deixa-3-pessoas-feridas-duas-em-estado-grave","status":"publish","type":"post","link":"https:\/\/radiolifefm.com.br\/noticias\/acidente-na-sp-294-em-quintana-neste-sabado-deixa-3-pessoas-feridas-duas-em-estado-grave\/","title":{"rendered":"Acidente na SP-294 em Quintana neste s\u00e1bado deixa 3 pessoas feridas, duas em estado grave"},"content":{"rendered":"<div id=\"fb-root\"><\/div>\n<p><em>Os feridos foram socorridos pela unidade de resgate do Corpo de Bombeiros de Tup\u00e3<\/em><\/p>\n<p>Um grave acidente ocorrido na tarde deste s\u00e1bado (04), em Quintana, na Rodovia Comandante Jo\u00e3o Ribeiro de Barros (SP-294), Km 501, deixou 3 feridos, dois dos quais em estado grave, segundo informa\u00e7\u00f5es, chovia muito na hora em que ocorreu o acidente.<\/p>\n<p>Os ve\u00edculos envolvidos foram, um Ford-Focus, com placas de Campinas e um Chevrolet Cruze, com placas de Tup\u00e3, que transitava no sentido contr\u00e1rio.<\/p>\n<p>Ainda segundo as informa\u00e7\u00f5es, uma ambul\u00e2ncia que passava pelo local no momento do acidente, fez o socorro do motorista do ve\u00edculo Focus, os outros feridos que estavam no ve\u00edculo Cruze, foram socorridos pela Unidade de Resgate do Corpo de Bombeiros.<\/p>\n<p>Os 3 feridos foram encaminhados para a Santa-Casa de Tup\u00e3, para atendimento m\u00e9dico, a ocorr\u00eancia foi atendida pela Pol\u00edcia Militar Rodovi\u00e1ria, Pol\u00edcia Militar de Quintana, Corpo de Bombeiros de Tup\u00e3 e equipes do DER.<\/p>\n<p>Informa TUP\u00c3<\/p>\n<p>Reda\u00e7\u00e3o &#8211; Kako de Oliveira<\/p>\n<div class='flex flex-wrap items-center -mx-1'>\r\n<a class='thumbnail gallery p-1 w-1\/2 md:w-1\/4' href='https:\/\/radiolifefm.com.br\/noticias\/wp-content\/uploads\/2019\/05\/Acidente-Quintana.jpg'><img class='border border-white' src='https:\/\/radiolifefm.com.br\/noticias\/wp-content\/uploads\/2019\/05\/Acidente-Quintana-200x200.jpg' alt='Acidente   Quintana' \/><\/a><\/div>\n","protected":false},"excerpt":{"rendered":"<p>Os feridos foram socorridos pela unidade de resgate do Corpo de Bombeiros de Tup\u00e3 Um grave acidente ocorrido na tarde deste s\u00e1bado (04), em Quintana, na Rodovia Comandante Jo\u00e3o Ribeiro de Barros (SP-294), Km 501, deixou 3 feridos, dois dos quais em estado grave, segundo informa\u00e7\u00f5es, chovia muito na hora em que ocorreu o acidente. [&hellip;]<\/p>\n","protected":false},"author":3,"featured_media":12688,"comment_status":"closed","ping_status":"open","sticky":false,"template":"","format":"standard","meta":{"_acf_changed":false,"_exactmetrics_skip_tracking":false,"_exactmetrics_sitenote_active":false,"_exactmetrics_sitenote_note":"","_exactmetrics_sitenote_category":0,"footnotes":""},"categories":[24],"tags":[],"class_list":["post-12686","post","type-post","status-publish","format-standard","has-post-thumbnail","hentry","category-regiao"],"acf":[],"yoast_head":"<!-- This site is optimized with the Yoast SEO plugin v27.2 - https:\/\/yoast.com\/product\/yoast-seo-wordpress\/ -->\n<title>Acidente na SP-294 em Quintana neste s\u00e1bado deixa 3 pessoas feridas, duas em estado grave - R\u00e1dio Life FM<\/title>\n<meta name=\"robots\" content=\"index, follow, max-snippet:-1, max-image-preview:large, max-video-preview:-1\" \/>\n<link rel=\"canonical\" href=\"https:\/\/radiolifefm.com.br\/noticias\/acidente-na-sp-294-em-quintana-neste-sabado-deixa-3-pessoas-feridas-duas-em-estado-grave\/\" \/>\n<meta property=\"og:locale\" content=\"pt_BR\" \/>\n<meta property=\"og:type\" content=\"article\" \/>\n<meta property=\"og:title\" content=\"Acidente na SP-294 em Quintana neste s\u00e1bado deixa 3 pessoas feridas, duas em estado grave - R\u00e1dio Life FM\" \/>\n<meta property=\"og:description\" content=\"Os feridos foram socorridos pela unidade de resgate do Corpo de Bombeiros de Tup\u00e3 Um grave acidente ocorrido na tarde deste s\u00e1bado (04), em Quintana, na Rodovia Comandante Jo\u00e3o Ribeiro de Barros (SP-294), Km 501, deixou 3 feridos, dois dos quais em estado grave, segundo informa\u00e7\u00f5es, chovia muito na hora em que ocorreu o acidente. [&hellip;]\" \/>\n<meta property=\"og:url\" content=\"https:\/\/radiolifefm.com.br\/noticias\/acidente-na-sp-294-em-quintana-neste-sabado-deixa-3-pessoas-feridas-duas-em-estado-grave\/\" \/>\n<meta property=\"og:site_name\" content=\"R\u00e1dio Life FM\" \/>\n<meta property=\"article:publisher\" content=\"https:\/\/www.facebook.com\/radiolifefm\/\" \/>\n<meta property=\"article:published_time\" content=\"2019-05-05T20:24:23+00:00\" \/>\n<meta property=\"article:modified_time\" content=\"2026-04-29T09:44:11+00:00\" \/>\n<meta property=\"og:image\" content=\"https:\/\/radiolifefm.com.br\/noticias\/wp-content\/uploads\/2019\/05\/Acidente-Quintana-1.jpg\" \/>\n\t<meta property=\"og:image:width\" content=\"960\" \/>\n\t<meta property=\"og:image:height\" content=\"720\" \/>\n\t<meta property=\"og:image:type\" content=\"image\/jpeg\" \/>\n<meta name=\"author\" content=\"lifefm\" \/>\n<meta name=\"twitter:card\" content=\"summary_large_image\" \/>\n<meta name=\"twitter:label1\" content=\"Escrito por\" \/>\n\t<meta name=\"twitter:data1\" content=\"lifefm\" \/>\n\t<meta name=\"twitter:label2\" content=\"Est. tempo de leitura\" \/>\n\t<meta name=\"twitter:data2\" content=\"1 minuto\" \/>\n<script type=\"application\/ld+json\" class=\"yoast-schema-graph\">{\"@context\":\"https:\/\/schema.org\",\"@graph\":[{\"@type\":\"Article\",\"@id\":\"https:\/\/radiolifefm.com.br\/noticias\/acidente-na-sp-294-em-quintana-neste-sabado-deixa-3-pessoas-feridas-duas-em-estado-grave\/#article\",\"isPartOf\":{\"@id\":\"https:\/\/radiolifefm.com.br\/noticias\/acidente-na-sp-294-em-quintana-neste-sabado-deixa-3-pessoas-feridas-duas-em-estado-grave\/\"},\"author\":{\"name\":\"lifefm\",\"@id\":\"https:\/\/radiolifefm.com.br\/noticias\/#\/schema\/person\/1d4e4b1301322090c6221bf1c8420490\"},\"headline\":\"Acidente na SP-294 em Quintana neste s\u00e1bado deixa 3 pessoas feridas, duas em estado grave\",\"datePublished\":\"2019-05-05T20:24:23+00:00\",\"dateModified\":\"2026-04-29T09:44:11+00:00\",\"mainEntityOfPage\":{\"@id\":\"https:\/\/radiolifefm.com.br\/noticias\/acidente-na-sp-294-em-quintana-neste-sabado-deixa-3-pessoas-feridas-duas-em-estado-grave\/\"},\"wordCount\":187,\"publisher\":{\"@id\":\"https:\/\/radiolifefm.com.br\/noticias\/#organization\"},\"image\":{\"@id\":\"https:\/\/radiolifefm.com.br\/noticias\/acidente-na-sp-294-em-quintana-neste-sabado-deixa-3-pessoas-feridas-duas-em-estado-grave\/#primaryimage\"},\"thumbnailUrl\":\"https:\/\/radiolifefm.com.br\/noticias\/wp-content\/uploads\/2019\/05\/Acidente-Quintana-1.jpg\",\"articleSection\":[\"Regi\u00e3o\"],\"inLanguage\":\"pt-BR\"},{\"@type\":\"WebPage\",\"@id\":\"https:\/\/radiolifefm.com.br\/noticias\/acidente-na-sp-294-em-quintana-neste-sabado-deixa-3-pessoas-feridas-duas-em-estado-grave\/\",\"url\":\"https:\/\/radiolifefm.com.br\/noticias\/acidente-na-sp-294-em-quintana-neste-sabado-deixa-3-pessoas-feridas-duas-em-estado-grave\/\",\"name\":\"Acidente na SP-294 em Quintana neste s\u00e1bado deixa 3 pessoas feridas, duas em estado grave - R\u00e1dio Life FM\",\"isPartOf\":{\"@id\":\"https:\/\/radiolifefm.com.br\/noticias\/#website\"},\"primaryImageOfPage\":{\"@id\":\"https:\/\/radiolifefm.com.br\/noticias\/acidente-na-sp-294-em-quintana-neste-sabado-deixa-3-pessoas-feridas-duas-em-estado-grave\/#primaryimage\"},\"image\":{\"@id\":\"https:\/\/radiolifefm.com.br\/noticias\/acidente-na-sp-294-em-quintana-neste-sabado-deixa-3-pessoas-feridas-duas-em-estado-grave\/#primaryimage\"},\"thumbnailUrl\":\"https:\/\/radiolifefm.com.br\/noticias\/wp-content\/uploads\/2019\/05\/Acidente-Quintana-1.jpg\",\"datePublished\":\"2019-05-05T20:24:23+00:00\",\"dateModified\":\"2026-04-29T09:44:11+00:00\",\"breadcrumb\":{\"@id\":\"https:\/\/radiolifefm.com.br\/noticias\/acidente-na-sp-294-em-quintana-neste-sabado-deixa-3-pessoas-feridas-duas-em-estado-grave\/#breadcrumb\"},\"inLanguage\":\"pt-BR\",\"potentialAction\":[{\"@type\":\"ReadAction\",\"target\":[\"https:\/\/radiolifefm.com.br\/noticias\/acidente-na-sp-294-em-quintana-neste-sabado-deixa-3-pessoas-feridas-duas-em-estado-grave\/\"]}]},{\"@type\":\"ImageObject\",\"inLanguage\":\"pt-BR\",\"@id\":\"https:\/\/radiolifefm.com.br\/noticias\/acidente-na-sp-294-em-quintana-neste-sabado-deixa-3-pessoas-feridas-duas-em-estado-grave\/#primaryimage\",\"url\":\"https:\/\/radiolifefm.com.br\/noticias\/wp-content\/uploads\/2019\/05\/Acidente-Quintana-1.jpg\",\"contentUrl\":\"https:\/\/radiolifefm.com.br\/noticias\/wp-content\/uploads\/2019\/05\/Acidente-Quintana-1.jpg\",\"width\":960,\"height\":720,\"caption\":\"Ve\u00edculo danificado ap\u00f3s se envolver em acidente na SP-294, tr\u00eas ficaram feridos - Foto - Jo\u00e3o M\u00e1rio Trentini\/Divulga\u00e7\u00e3o\"},{\"@type\":\"BreadcrumbList\",\"@id\":\"https:\/\/radiolifefm.com.br\/noticias\/acidente-na-sp-294-em-quintana-neste-sabado-deixa-3-pessoas-feridas-duas-em-estado-grave\/#breadcrumb\",\"itemListElement\":[{\"@type\":\"ListItem\",\"position\":1,\"name\":\"In\u00edcio\",\"item\":\"https:\/\/radiolifefm.com.br\/noticias\/\"},{\"@type\":\"ListItem\",\"position\":2,\"name\":\"Acidente na SP-294 em Quintana neste s\u00e1bado deixa 3 pessoas feridas, duas em estado grave\"}]},{\"@type\":\"WebSite\",\"@id\":\"https:\/\/radiolifefm.com.br\/noticias\/#website\",\"url\":\"https:\/\/radiolifefm.com.br\/noticias\/\",\"name\":\"R\u00e1dio Life FM\",\"description\":\"O Portal de Not\u00edcias de Adamantina\",\"publisher\":{\"@id\":\"https:\/\/radiolifefm.com.br\/noticias\/#organization\"},\"alternateName\":\"Life FM\",\"potentialAction\":[{\"@type\":\"SearchAction\",\"target\":{\"@type\":\"EntryPoint\",\"urlTemplate\":\"https:\/\/radiolifefm.com.br\/noticias\/?s={search_term_string}\"},\"query-input\":{\"@type\":\"PropertyValueSpecification\",\"valueRequired\":true,\"valueName\":\"search_term_string\"}}],\"inLanguage\":\"pt-BR\"},{\"@type\":\"Organization\",\"@id\":\"https:\/\/radiolifefm.com.br\/noticias\/#organization\",\"name\":\"R\u00e1dio Life FM\",\"alternateName\":\"Life FM\",\"url\":\"https:\/\/radiolifefm.com.br\/noticias\/\",\"logo\":{\"@type\":\"ImageObject\",\"inLanguage\":\"pt-BR\",\"@id\":\"https:\/\/radiolifefm.com.br\/noticias\/#\/schema\/logo\/image\/\",\"url\":\"https:\/\/static.radiolifefm.com.br\/noticias\/wp-content\/uploads\/2019\/10\/logo-lifefm.png\",\"contentUrl\":\"https:\/\/static.radiolifefm.com.br\/noticias\/wp-content\/uploads\/2019\/10\/logo-lifefm.png\",\"width\":196,\"height\":47,\"caption\":\"R\u00e1dio Life FM\"},\"image\":{\"@id\":\"https:\/\/radiolifefm.com.br\/noticias\/#\/schema\/logo\/image\/\"},\"sameAs\":[\"https:\/\/www.facebook.com\/radiolifefm\/\",\"https:\/\/www.instagram.com\/life1079fm\/\"]},{\"@type\":\"Person\",\"@id\":\"https:\/\/radiolifefm.com.br\/noticias\/#\/schema\/person\/1d4e4b1301322090c6221bf1c8420490\",\"name\":\"lifefm\",\"image\":{\"@type\":\"ImageObject\",\"inLanguage\":\"pt-BR\",\"@id\":\"https:\/\/secure.gravatar.com\/avatar\/eca268467d925ec97d20641bb054fd944c0abb2f92854171620706bbe6474e7c?s=96&d=mm&r=g\",\"url\":\"https:\/\/secure.gravatar.com\/avatar\/eca268467d925ec97d20641bb054fd944c0abb2f92854171620706bbe6474e7c?s=96&d=mm&r=g\",\"contentUrl\":\"https:\/\/secure.gravatar.com\/avatar\/eca268467d925ec97d20641bb054fd944c0abb2f92854171620706bbe6474e7c?s=96&d=mm&r=g\",\"caption\":\"lifefm\"}}]}<\/script>\n<!-- \/ Yoast SEO plugin. -->","yoast_head_json":{"title":"Acidente na SP-294 em Quintana neste s\u00e1bado deixa 3 pessoas feridas, duas em estado grave - R\u00e1dio Life FM","robots":{"index":"index","follow":"follow","max-snippet":"max-snippet:-1","max-image-preview":"max-image-preview:large","max-video-preview":"max-video-preview:-1"},"canonical":"https:\/\/radiolifefm.com.br\/noticias\/acidente-na-sp-294-em-quintana-neste-sabado-deixa-3-pessoas-feridas-duas-em-estado-grave\/","og_locale":"pt_BR","og_type":"article","og_title":"Acidente na SP-294 em Quintana neste s\u00e1bado deixa 3 pessoas feridas, duas em estado grave - R\u00e1dio Life FM","og_description":"Os feridos foram socorridos pela unidade de resgate do Corpo de Bombeiros de Tup\u00e3 Um grave acidente ocorrido na tarde deste s\u00e1bado (04), em Quintana, na Rodovia Comandante Jo\u00e3o Ribeiro de Barros (SP-294), Km 501, deixou 3 feridos, dois dos quais em estado grave, segundo informa\u00e7\u00f5es, chovia muito na hora em que ocorreu o acidente. [&hellip;]","og_url":"https:\/\/radiolifefm.com.br\/noticias\/acidente-na-sp-294-em-quintana-neste-sabado-deixa-3-pessoas-feridas-duas-em-estado-grave\/","og_site_name":"R\u00e1dio Life FM","article_publisher":"https:\/\/www.facebook.com\/radiolifefm\/","article_published_time":"2019-05-05T20:24:23+00:00","article_modified_time":"2026-04-29T09:44:11+00:00","og_image":[{"width":960,"height":720,"url":"https:\/\/radiolifefm.com.br\/noticias\/wp-content\/uploads\/2019\/05\/Acidente-Quintana-1.jpg","type":"image\/jpeg"}],"author":"lifefm","twitter_card":"summary_large_image","twitter_misc":{"Escrito por":"lifefm","Est. tempo de leitura":"1 minuto"},"schema":{"@context":"https:\/\/schema.org","@graph":[{"@type":"Article","@id":"https:\/\/radiolifefm.com.br\/noticias\/acidente-na-sp-294-em-quintana-neste-sabado-deixa-3-pessoas-feridas-duas-em-estado-grave\/#article","isPartOf":{"@id":"https:\/\/radiolifefm.com.br\/noticias\/acidente-na-sp-294-em-quintana-neste-sabado-deixa-3-pessoas-feridas-duas-em-estado-grave\/"},"author":{"name":"lifefm","@id":"https:\/\/radiolifefm.com.br\/noticias\/#\/schema\/person\/1d4e4b1301322090c6221bf1c8420490"},"headline":"Acidente na SP-294 em Quintana neste s\u00e1bado deixa 3 pessoas feridas, duas em estado grave","datePublished":"2019-05-05T20:24:23+00:00","dateModified":"2026-04-29T09:44:11+00:00","mainEntityOfPage":{"@id":"https:\/\/radiolifefm.com.br\/noticias\/acidente-na-sp-294-em-quintana-neste-sabado-deixa-3-pessoas-feridas-duas-em-estado-grave\/"},"wordCount":187,"publisher":{"@id":"https:\/\/radiolifefm.com.br\/noticias\/#organization"},"image":{"@id":"https:\/\/radiolifefm.com.br\/noticias\/acidente-na-sp-294-em-quintana-neste-sabado-deixa-3-pessoas-feridas-duas-em-estado-grave\/#primaryimage"},"thumbnailUrl":"https:\/\/radiolifefm.com.br\/noticias\/wp-content\/uploads\/2019\/05\/Acidente-Quintana-1.jpg","articleSection":["Regi\u00e3o"],"inLanguage":"pt-BR"},{"@type":"WebPage","@id":"https:\/\/radiolifefm.com.br\/noticias\/acidente-na-sp-294-em-quintana-neste-sabado-deixa-3-pessoas-feridas-duas-em-estado-grave\/","url":"https:\/\/radiolifefm.com.br\/noticias\/acidente-na-sp-294-em-quintana-neste-sabado-deixa-3-pessoas-feridas-duas-em-estado-grave\/","name":"Acidente na SP-294 em Quintana neste s\u00e1bado deixa 3 pessoas feridas, duas em estado grave - R\u00e1dio Life FM","isPartOf":{"@id":"https:\/\/radiolifefm.com.br\/noticias\/#website"},"primaryImageOfPage":{"@id":"https:\/\/radiolifefm.com.br\/noticias\/acidente-na-sp-294-em-quintana-neste-sabado-deixa-3-pessoas-feridas-duas-em-estado-grave\/#primaryimage"},"image":{"@id":"https:\/\/radiolifefm.com.br\/noticias\/acidente-na-sp-294-em-quintana-neste-sabado-deixa-3-pessoas-feridas-duas-em-estado-grave\/#primaryimage"},"thumbnailUrl":"https:\/\/radiolifefm.com.br\/noticias\/wp-content\/uploads\/2019\/05\/Acidente-Quintana-1.jpg","datePublished":"2019-05-05T20:24:23+00:00","dateModified":"2026-04-29T09:44:11+00:00","breadcrumb":{"@id":"https:\/\/radiolifefm.com.br\/noticias\/acidente-na-sp-294-em-quintana-neste-sabado-deixa-3-pessoas-feridas-duas-em-estado-grave\/#breadcrumb"},"inLanguage":"pt-BR","potentialAction":[{"@type":"ReadAction","target":["https:\/\/radiolifefm.com.br\/noticias\/acidente-na-sp-294-em-quintana-neste-sabado-deixa-3-pessoas-feridas-duas-em-estado-grave\/"]}]},{"@type":"ImageObject","inLanguage":"pt-BR","@id":"https:\/\/radiolifefm.com.br\/noticias\/acidente-na-sp-294-em-quintana-neste-sabado-deixa-3-pessoas-feridas-duas-em-estado-grave\/#primaryimage","url":"https:\/\/radiolifefm.com.br\/noticias\/wp-content\/uploads\/2019\/05\/Acidente-Quintana-1.jpg","contentUrl":"https:\/\/radiolifefm.com.br\/noticias\/wp-content\/uploads\/2019\/05\/Acidente-Quintana-1.jpg","width":960,"height":720,"caption":"Ve\u00edculo danificado ap\u00f3s se envolver em acidente na SP-294, tr\u00eas ficaram feridos - Foto - Jo\u00e3o M\u00e1rio Trentini\/Divulga\u00e7\u00e3o"},{"@type":"BreadcrumbList","@id":"https:\/\/radiolifefm.com.br\/noticias\/acidente-na-sp-294-em-quintana-neste-sabado-deixa-3-pessoas-feridas-duas-em-estado-grave\/#breadcrumb","itemListElement":[{"@type":"ListItem","position":1,"name":"In\u00edcio","item":"https:\/\/radiolifefm.com.br\/noticias\/"},{"@type":"ListItem","position":2,"name":"Acidente na SP-294 em Quintana neste s\u00e1bado deixa 3 pessoas feridas, duas em estado grave"}]},{"@type":"WebSite","@id":"https:\/\/radiolifefm.com.br\/noticias\/#website","url":"https:\/\/radiolifefm.com.br\/noticias\/","name":"R\u00e1dio Life FM","description":"O Portal de Not\u00edcias de Adamantina","publisher":{"@id":"https:\/\/radiolifefm.com.br\/noticias\/#organization"},"alternateName":"Life FM","potentialAction":[{"@type":"SearchAction","target":{"@type":"EntryPoint","urlTemplate":"https:\/\/radiolifefm.com.br\/noticias\/?s={search_term_string}"},"query-input":{"@type":"PropertyValueSpecification","valueRequired":true,"valueName":"search_term_string"}}],"inLanguage":"pt-BR"},{"@type":"Organization","@id":"https:\/\/radiolifefm.com.br\/noticias\/#organization","name":"R\u00e1dio Life FM","alternateName":"Life FM","url":"https:\/\/radiolifefm.com.br\/noticias\/","logo":{"@type":"ImageObject","inLanguage":"pt-BR","@id":"https:\/\/radiolifefm.com.br\/noticias\/#\/schema\/logo\/image\/","url":"https:\/\/static.radiolifefm.com.br\/noticias\/wp-content\/uploads\/2019\/10\/logo-lifefm.png","contentUrl":"https:\/\/static.radiolifefm.com.br\/noticias\/wp-content\/uploads\/2019\/10\/logo-lifefm.png","width":196,"height":47,"caption":"R\u00e1dio Life FM"},"image":{"@id":"https:\/\/radiolifefm.com.br\/noticias\/#\/schema\/logo\/image\/"},"sameAs":["https:\/\/www.facebook.com\/radiolifefm\/","https:\/\/www.instagram.com\/life1079fm\/"]},{"@type":"Person","@id":"https:\/\/radiolifefm.com.br\/noticias\/#\/schema\/person\/1d4e4b1301322090c6221bf1c8420490","name":"lifefm","image":{"@type":"ImageObject","inLanguage":"pt-BR","@id":"https:\/\/secure.gravatar.com\/avatar\/eca268467d925ec97d20641bb054fd944c0abb2f92854171620706bbe6474e7c?s=96&d=mm&r=g","url":"https:\/\/secure.gravatar.com\/avatar\/eca268467d925ec97d20641bb054fd944c0abb2f92854171620706bbe6474e7c?s=96&d=mm&r=g","contentUrl":"https:\/\/secure.gravatar.com\/avatar\/eca268467d925ec97d20641bb054fd944c0abb2f92854171620706bbe6474e7c?s=96&d=mm&r=g","caption":"lifefm"}}]}},"amp_enabled":true,"_links":{"self":[{"href":"https:\/\/radiolifefm.com.br\/noticias\/wp-json\/wp\/v2\/posts\/12686","targetHints":{"allow":["GET"]}}],"collection":[{"href":"https:\/\/radiolifefm.com.br\/noticias\/wp-json\/wp\/v2\/posts"}],"about":[{"href":"https:\/\/radiolifefm.com.br\/noticias\/wp-json\/wp\/v2\/types\/post"}],"author":[{"embeddable":true,"href":"https:\/\/radiolifefm.com.br\/noticias\/wp-json\/wp\/v2\/users\/3"}],"replies":[{"embeddable":true,"href":"https:\/\/radiolifefm.com.br\/noticias\/wp-json\/wp\/v2\/comments?post=12686"}],"version-history":[{"count":2,"href":"https:\/\/radiolifefm.com.br\/noticias\/wp-json\/wp\/v2\/posts\/12686\/revisions"}],"predecessor-version":[{"id":12690,"href":"https:\/\/radiolifefm.com.br\/noticias\/wp-json\/wp\/v2\/posts\/12686\/revisions\/12690"}],"wp:featuredmedia":[{"embeddable":true,"href":"https:\/\/radiolifefm.com.br\/noticias\/wp-json\/wp\/v2\/media\/12688"}],"wp:attachment":[{"href":"https:\/\/radiolifefm.com.br\/noticias\/wp-json\/wp\/v2\/media?parent=12686"}],"wp:term":[{"taxonomy":"category","embeddable":true,"href":"https:\/\/radiolifefm.com.br\/noticias\/wp-json\/wp\/v2\/categories?post=12686"},{"taxonomy":"post_tag","embeddable":true,"href":"https:\/\/radiolifefm.com.br\/noticias\/wp-json\/wp\/v2\/tags?post=12686"}],"curies":[{"name":"wp","href":"https:\/\/api.w.org\/{rel}","templated":true}]}}