{"id":12658,"date":"2019-05-04T23:11:23","date_gmt":"2019-05-05T02:11:23","guid":{"rendered":"https:\/\/radiolifefm.com.br\/noticias\/?p=12658"},"modified":"2026-04-26T23:26:50","modified_gmt":"2026-04-27T02:26:50","slug":"individuo-com-mandado-de-prisao-foge-da-policia-a-pe-e-acaba-detido-pela-pm","status":"publish","type":"post","link":"https:\/\/radiolifefm.com.br\/noticias\/individuo-com-mandado-de-prisao-foge-da-policia-a-pe-e-acaba-detido-pela-pm\/","title":{"rendered":"Indiv\u00edduo com mandado de pris\u00e3o foge da pol\u00edcia a p\u00e9 e acaba detido pela PM"},"content":{"rendered":"<div id=\"fb-root\"><\/div>\n<p>A Pol\u00edcia Militar deteve na tarde desta sexta-feira (3), um indiv\u00edduo de 25 anos, que possu\u00eda um mandado de pris\u00e3o expedido pelo F\u00f3rum da Comarca de Fl\u00f3rida Paulista, pela Lei Maria da Penha.<\/p>\n<p>Ciente do mandado de pris\u00e3o, os policiais militares realizavam patrulhamento com vistas ao indiv\u00edduo, que foi localizado no cruzamento das avenidas, Presidente Vargas e Jos\u00e9 Fonterrada Vieira, no centro da cidade.<\/p>\n<p>Ao perceber a aproxima\u00e7\u00e3o da viatura e receber voz de parada, o indiv\u00edduo empreendeu fuga a p\u00e9, momento em que os policiais desembarcaram da viatura e iniciaram o acompanhamento, correndo atr\u00e1s at\u00e9 capturar o mesmo, que foi abordado, contido e algemado,visando manter sua integridade e tamb\u00e9m a da equipe.<\/p>\n<p>De acordo com a Pol\u00edcia Militar, a pena imposta pela Justi\u00e7a \u00e9 de quatro meses e vinte dias de deten\u00e7\u00e3o.<\/p>\n<p>Ele foi conduzido para a Delegacia de Pol\u00edcia onde permaneceu \u00e0 disposi\u00e7\u00e3o da Justi\u00e7a.<\/p>\n<p>Folha Regional<\/p>\n","protected":false},"excerpt":{"rendered":"<p>A Pol\u00edcia Militar deteve na tarde desta sexta-feira (3), um indiv\u00edduo de 25 anos, que possu\u00eda um mandado de pris\u00e3o expedido pelo F\u00f3rum da Comarca de Fl\u00f3rida Paulista, pela Lei Maria da Penha. Ciente do mandado de pris\u00e3o, os policiais militares realizavam patrulhamento com vistas ao indiv\u00edduo, que foi localizado no cruzamento das avenidas, Presidente [&hellip;]<\/p>\n","protected":false},"author":3,"featured_media":12659,"comment_status":"closed","ping_status":"open","sticky":false,"template":"","format":"standard","meta":{"_acf_changed":false,"_exactmetrics_skip_tracking":false,"_exactmetrics_sitenote_active":false,"_exactmetrics_sitenote_note":"","_exactmetrics_sitenote_category":0,"footnotes":""},"categories":[24],"tags":[],"class_list":["post-12658","post","type-post","status-publish","format-standard","has-post-thumbnail","hentry","category-regiao"],"acf":[],"yoast_head":"<!-- This site is optimized with the Yoast SEO plugin v27.2 - https:\/\/yoast.com\/product\/yoast-seo-wordpress\/ -->\n<title>Indiv\u00edduo com mandado de pris\u00e3o foge da pol\u00edcia a p\u00e9 e acaba detido pela PM - R\u00e1dio Life FM<\/title>\n<meta name=\"robots\" content=\"index, follow, max-snippet:-1, max-image-preview:large, max-video-preview:-1\" \/>\n<link rel=\"canonical\" href=\"https:\/\/radiolifefm.com.br\/noticias\/individuo-com-mandado-de-prisao-foge-da-policia-a-pe-e-acaba-detido-pela-pm\/\" \/>\n<meta property=\"og:locale\" content=\"pt_BR\" \/>\n<meta property=\"og:type\" content=\"article\" \/>\n<meta property=\"og:title\" content=\"Indiv\u00edduo com mandado de pris\u00e3o foge da pol\u00edcia a p\u00e9 e acaba detido pela PM - R\u00e1dio Life FM\" \/>\n<meta property=\"og:description\" content=\"A Pol\u00edcia Militar deteve na tarde desta sexta-feira (3), um indiv\u00edduo de 25 anos, que possu\u00eda um mandado de pris\u00e3o expedido pelo F\u00f3rum da Comarca de Fl\u00f3rida Paulista, pela Lei Maria da Penha. Ciente do mandado de pris\u00e3o, os policiais militares realizavam patrulhamento com vistas ao indiv\u00edduo, que foi localizado no cruzamento das avenidas, Presidente [&hellip;]\" \/>\n<meta property=\"og:url\" content=\"https:\/\/radiolifefm.com.br\/noticias\/individuo-com-mandado-de-prisao-foge-da-policia-a-pe-e-acaba-detido-pela-pm\/\" \/>\n<meta property=\"og:site_name\" content=\"R\u00e1dio Life FM\" \/>\n<meta property=\"article:publisher\" content=\"https:\/\/www.facebook.com\/radiolifefm\/\" \/>\n<meta property=\"article:published_time\" content=\"2019-05-05T02:11:23+00:00\" \/>\n<meta property=\"article:modified_time\" content=\"2026-04-27T02:26:50+00:00\" \/>\n<meta property=\"og:image\" content=\"https:\/\/radiolifefm.com.br\/noticias\/wp-content\/uploads\/2019\/05\/Pol\u00edcia-Militar-Imagem-1.jpg\" \/>\n\t<meta property=\"og:image:width\" content=\"300\" \/>\n\t<meta property=\"og:image:height\" content=\"168\" \/>\n\t<meta property=\"og:image:type\" content=\"image\/jpeg\" \/>\n<meta name=\"author\" content=\"lifefm\" \/>\n<meta name=\"twitter:card\" content=\"summary_large_image\" \/>\n<meta name=\"twitter:label1\" content=\"Escrito por\" \/>\n\t<meta name=\"twitter:data1\" content=\"lifefm\" \/>\n\t<meta name=\"twitter:label2\" content=\"Est. tempo de leitura\" \/>\n\t<meta name=\"twitter:data2\" content=\"1 minuto\" \/>\n<script type=\"application\/ld+json\" class=\"yoast-schema-graph\">{\"@context\":\"https:\/\/schema.org\",\"@graph\":[{\"@type\":\"Article\",\"@id\":\"https:\/\/radiolifefm.com.br\/noticias\/individuo-com-mandado-de-prisao-foge-da-policia-a-pe-e-acaba-detido-pela-pm\/#article\",\"isPartOf\":{\"@id\":\"https:\/\/radiolifefm.com.br\/noticias\/individuo-com-mandado-de-prisao-foge-da-policia-a-pe-e-acaba-detido-pela-pm\/\"},\"author\":{\"name\":\"lifefm\",\"@id\":\"https:\/\/radiolifefm.com.br\/noticias\/#\/schema\/person\/1d4e4b1301322090c6221bf1c8420490\"},\"headline\":\"Indiv\u00edduo com mandado de pris\u00e3o foge da pol\u00edcia a p\u00e9 e acaba detido pela PM\",\"datePublished\":\"2019-05-05T02:11:23+00:00\",\"dateModified\":\"2026-04-27T02:26:50+00:00\",\"mainEntityOfPage\":{\"@id\":\"https:\/\/radiolifefm.com.br\/noticias\/individuo-com-mandado-de-prisao-foge-da-policia-a-pe-e-acaba-detido-pela-pm\/\"},\"wordCount\":182,\"publisher\":{\"@id\":\"https:\/\/radiolifefm.com.br\/noticias\/#organization\"},\"image\":{\"@id\":\"https:\/\/radiolifefm.com.br\/noticias\/individuo-com-mandado-de-prisao-foge-da-policia-a-pe-e-acaba-detido-pela-pm\/#primaryimage\"},\"thumbnailUrl\":\"https:\/\/radiolifefm.com.br\/noticias\/wp-content\/uploads\/2019\/05\/Pol\u00edcia-Militar-Imagem-1.jpg\",\"articleSection\":[\"Regi\u00e3o\"],\"inLanguage\":\"pt-BR\"},{\"@type\":\"WebPage\",\"@id\":\"https:\/\/radiolifefm.com.br\/noticias\/individuo-com-mandado-de-prisao-foge-da-policia-a-pe-e-acaba-detido-pela-pm\/\",\"url\":\"https:\/\/radiolifefm.com.br\/noticias\/individuo-com-mandado-de-prisao-foge-da-policia-a-pe-e-acaba-detido-pela-pm\/\",\"name\":\"Indiv\u00edduo com mandado de pris\u00e3o foge da pol\u00edcia a p\u00e9 e acaba detido pela PM - R\u00e1dio Life FM\",\"isPartOf\":{\"@id\":\"https:\/\/radiolifefm.com.br\/noticias\/#website\"},\"primaryImageOfPage\":{\"@id\":\"https:\/\/radiolifefm.com.br\/noticias\/individuo-com-mandado-de-prisao-foge-da-policia-a-pe-e-acaba-detido-pela-pm\/#primaryimage\"},\"image\":{\"@id\":\"https:\/\/radiolifefm.com.br\/noticias\/individuo-com-mandado-de-prisao-foge-da-policia-a-pe-e-acaba-detido-pela-pm\/#primaryimage\"},\"thumbnailUrl\":\"https:\/\/radiolifefm.com.br\/noticias\/wp-content\/uploads\/2019\/05\/Pol\u00edcia-Militar-Imagem-1.jpg\",\"datePublished\":\"2019-05-05T02:11:23+00:00\",\"dateModified\":\"2026-04-27T02:26:50+00:00\",\"breadcrumb\":{\"@id\":\"https:\/\/radiolifefm.com.br\/noticias\/individuo-com-mandado-de-prisao-foge-da-policia-a-pe-e-acaba-detido-pela-pm\/#breadcrumb\"},\"inLanguage\":\"pt-BR\",\"potentialAction\":[{\"@type\":\"ReadAction\",\"target\":[\"https:\/\/radiolifefm.com.br\/noticias\/individuo-com-mandado-de-prisao-foge-da-policia-a-pe-e-acaba-detido-pela-pm\/\"]}]},{\"@type\":\"ImageObject\",\"inLanguage\":\"pt-BR\",\"@id\":\"https:\/\/radiolifefm.com.br\/noticias\/individuo-com-mandado-de-prisao-foge-da-policia-a-pe-e-acaba-detido-pela-pm\/#primaryimage\",\"url\":\"https:\/\/radiolifefm.com.br\/noticias\/wp-content\/uploads\/2019\/05\/Pol\u00edcia-Militar-Imagem-1.jpg\",\"contentUrl\":\"https:\/\/radiolifefm.com.br\/noticias\/wp-content\/uploads\/2019\/05\/Pol\u00edcia-Militar-Imagem-1.jpg\",\"width\":300,\"height\":168,\"caption\":\"Mandado de pris\u00e3o foi cumprido e o procurado permaneceu detido - Foto ilustrativa\"},{\"@type\":\"BreadcrumbList\",\"@id\":\"https:\/\/radiolifefm.com.br\/noticias\/individuo-com-mandado-de-prisao-foge-da-policia-a-pe-e-acaba-detido-pela-pm\/#breadcrumb\",\"itemListElement\":[{\"@type\":\"ListItem\",\"position\":1,\"name\":\"In\u00edcio\",\"item\":\"https:\/\/radiolifefm.com.br\/noticias\/\"},{\"@type\":\"ListItem\",\"position\":2,\"name\":\"Indiv\u00edduo com mandado de pris\u00e3o foge da pol\u00edcia a p\u00e9 e acaba detido pela PM\"}]},{\"@type\":\"WebSite\",\"@id\":\"https:\/\/radiolifefm.com.br\/noticias\/#website\",\"url\":\"https:\/\/radiolifefm.com.br\/noticias\/\",\"name\":\"R\u00e1dio Life FM\",\"description\":\"O Portal de Not\u00edcias de Adamantina\",\"publisher\":{\"@id\":\"https:\/\/radiolifefm.com.br\/noticias\/#organization\"},\"alternateName\":\"Life FM\",\"potentialAction\":[{\"@type\":\"SearchAction\",\"target\":{\"@type\":\"EntryPoint\",\"urlTemplate\":\"https:\/\/radiolifefm.com.br\/noticias\/?s={search_term_string}\"},\"query-input\":{\"@type\":\"PropertyValueSpecification\",\"valueRequired\":true,\"valueName\":\"search_term_string\"}}],\"inLanguage\":\"pt-BR\"},{\"@type\":\"Organization\",\"@id\":\"https:\/\/radiolifefm.com.br\/noticias\/#organization\",\"name\":\"R\u00e1dio Life FM\",\"alternateName\":\"Life FM\",\"url\":\"https:\/\/radiolifefm.com.br\/noticias\/\",\"logo\":{\"@type\":\"ImageObject\",\"inLanguage\":\"pt-BR\",\"@id\":\"https:\/\/radiolifefm.com.br\/noticias\/#\/schema\/logo\/image\/\",\"url\":\"https:\/\/static.radiolifefm.com.br\/noticias\/wp-content\/uploads\/2019\/10\/logo-lifefm.png\",\"contentUrl\":\"https:\/\/static.radiolifefm.com.br\/noticias\/wp-content\/uploads\/2019\/10\/logo-lifefm.png\",\"width\":196,\"height\":47,\"caption\":\"R\u00e1dio Life FM\"},\"image\":{\"@id\":\"https:\/\/radiolifefm.com.br\/noticias\/#\/schema\/logo\/image\/\"},\"sameAs\":[\"https:\/\/www.facebook.com\/radiolifefm\/\",\"https:\/\/www.instagram.com\/life1079fm\/\"]},{\"@type\":\"Person\",\"@id\":\"https:\/\/radiolifefm.com.br\/noticias\/#\/schema\/person\/1d4e4b1301322090c6221bf1c8420490\",\"name\":\"lifefm\",\"image\":{\"@type\":\"ImageObject\",\"inLanguage\":\"pt-BR\",\"@id\":\"https:\/\/secure.gravatar.com\/avatar\/eca268467d925ec97d20641bb054fd944c0abb2f92854171620706bbe6474e7c?s=96&d=mm&r=g\",\"url\":\"https:\/\/secure.gravatar.com\/avatar\/eca268467d925ec97d20641bb054fd944c0abb2f92854171620706bbe6474e7c?s=96&d=mm&r=g\",\"contentUrl\":\"https:\/\/secure.gravatar.com\/avatar\/eca268467d925ec97d20641bb054fd944c0abb2f92854171620706bbe6474e7c?s=96&d=mm&r=g\",\"caption\":\"lifefm\"}}]}<\/script>\n<!-- \/ Yoast SEO plugin. -->","yoast_head_json":{"title":"Indiv\u00edduo com mandado de pris\u00e3o foge da pol\u00edcia a p\u00e9 e acaba detido pela PM - R\u00e1dio Life FM","robots":{"index":"index","follow":"follow","max-snippet":"max-snippet:-1","max-image-preview":"max-image-preview:large","max-video-preview":"max-video-preview:-1"},"canonical":"https:\/\/radiolifefm.com.br\/noticias\/individuo-com-mandado-de-prisao-foge-da-policia-a-pe-e-acaba-detido-pela-pm\/","og_locale":"pt_BR","og_type":"article","og_title":"Indiv\u00edduo com mandado de pris\u00e3o foge da pol\u00edcia a p\u00e9 e acaba detido pela PM - R\u00e1dio Life FM","og_description":"A Pol\u00edcia Militar deteve na tarde desta sexta-feira (3), um indiv\u00edduo de 25 anos, que possu\u00eda um mandado de pris\u00e3o expedido pelo F\u00f3rum da Comarca de Fl\u00f3rida Paulista, pela Lei Maria da Penha. Ciente do mandado de pris\u00e3o, os policiais militares realizavam patrulhamento com vistas ao indiv\u00edduo, que foi localizado no cruzamento das avenidas, Presidente [&hellip;]","og_url":"https:\/\/radiolifefm.com.br\/noticias\/individuo-com-mandado-de-prisao-foge-da-policia-a-pe-e-acaba-detido-pela-pm\/","og_site_name":"R\u00e1dio Life FM","article_publisher":"https:\/\/www.facebook.com\/radiolifefm\/","article_published_time":"2019-05-05T02:11:23+00:00","article_modified_time":"2026-04-27T02:26:50+00:00","og_image":[{"width":300,"height":168,"url":"https:\/\/radiolifefm.com.br\/noticias\/wp-content\/uploads\/2019\/05\/Pol\u00edcia-Militar-Imagem-1.jpg","type":"image\/jpeg"}],"author":"lifefm","twitter_card":"summary_large_image","twitter_misc":{"Escrito por":"lifefm","Est. tempo de leitura":"1 minuto"},"schema":{"@context":"https:\/\/schema.org","@graph":[{"@type":"Article","@id":"https:\/\/radiolifefm.com.br\/noticias\/individuo-com-mandado-de-prisao-foge-da-policia-a-pe-e-acaba-detido-pela-pm\/#article","isPartOf":{"@id":"https:\/\/radiolifefm.com.br\/noticias\/individuo-com-mandado-de-prisao-foge-da-policia-a-pe-e-acaba-detido-pela-pm\/"},"author":{"name":"lifefm","@id":"https:\/\/radiolifefm.com.br\/noticias\/#\/schema\/person\/1d4e4b1301322090c6221bf1c8420490"},"headline":"Indiv\u00edduo com mandado de pris\u00e3o foge da pol\u00edcia a p\u00e9 e acaba detido pela PM","datePublished":"2019-05-05T02:11:23+00:00","dateModified":"2026-04-27T02:26:50+00:00","mainEntityOfPage":{"@id":"https:\/\/radiolifefm.com.br\/noticias\/individuo-com-mandado-de-prisao-foge-da-policia-a-pe-e-acaba-detido-pela-pm\/"},"wordCount":182,"publisher":{"@id":"https:\/\/radiolifefm.com.br\/noticias\/#organization"},"image":{"@id":"https:\/\/radiolifefm.com.br\/noticias\/individuo-com-mandado-de-prisao-foge-da-policia-a-pe-e-acaba-detido-pela-pm\/#primaryimage"},"thumbnailUrl":"https:\/\/radiolifefm.com.br\/noticias\/wp-content\/uploads\/2019\/05\/Pol\u00edcia-Militar-Imagem-1.jpg","articleSection":["Regi\u00e3o"],"inLanguage":"pt-BR"},{"@type":"WebPage","@id":"https:\/\/radiolifefm.com.br\/noticias\/individuo-com-mandado-de-prisao-foge-da-policia-a-pe-e-acaba-detido-pela-pm\/","url":"https:\/\/radiolifefm.com.br\/noticias\/individuo-com-mandado-de-prisao-foge-da-policia-a-pe-e-acaba-detido-pela-pm\/","name":"Indiv\u00edduo com mandado de pris\u00e3o foge da pol\u00edcia a p\u00e9 e acaba detido pela PM - R\u00e1dio Life FM","isPartOf":{"@id":"https:\/\/radiolifefm.com.br\/noticias\/#website"},"primaryImageOfPage":{"@id":"https:\/\/radiolifefm.com.br\/noticias\/individuo-com-mandado-de-prisao-foge-da-policia-a-pe-e-acaba-detido-pela-pm\/#primaryimage"},"image":{"@id":"https:\/\/radiolifefm.com.br\/noticias\/individuo-com-mandado-de-prisao-foge-da-policia-a-pe-e-acaba-detido-pela-pm\/#primaryimage"},"thumbnailUrl":"https:\/\/radiolifefm.com.br\/noticias\/wp-content\/uploads\/2019\/05\/Pol\u00edcia-Militar-Imagem-1.jpg","datePublished":"2019-05-05T02:11:23+00:00","dateModified":"2026-04-27T02:26:50+00:00","breadcrumb":{"@id":"https:\/\/radiolifefm.com.br\/noticias\/individuo-com-mandado-de-prisao-foge-da-policia-a-pe-e-acaba-detido-pela-pm\/#breadcrumb"},"inLanguage":"pt-BR","potentialAction":[{"@type":"ReadAction","target":["https:\/\/radiolifefm.com.br\/noticias\/individuo-com-mandado-de-prisao-foge-da-policia-a-pe-e-acaba-detido-pela-pm\/"]}]},{"@type":"ImageObject","inLanguage":"pt-BR","@id":"https:\/\/radiolifefm.com.br\/noticias\/individuo-com-mandado-de-prisao-foge-da-policia-a-pe-e-acaba-detido-pela-pm\/#primaryimage","url":"https:\/\/radiolifefm.com.br\/noticias\/wp-content\/uploads\/2019\/05\/Pol\u00edcia-Militar-Imagem-1.jpg","contentUrl":"https:\/\/radiolifefm.com.br\/noticias\/wp-content\/uploads\/2019\/05\/Pol\u00edcia-Militar-Imagem-1.jpg","width":300,"height":168,"caption":"Mandado de pris\u00e3o foi cumprido e o procurado permaneceu detido - Foto ilustrativa"},{"@type":"BreadcrumbList","@id":"https:\/\/radiolifefm.com.br\/noticias\/individuo-com-mandado-de-prisao-foge-da-policia-a-pe-e-acaba-detido-pela-pm\/#breadcrumb","itemListElement":[{"@type":"ListItem","position":1,"name":"In\u00edcio","item":"https:\/\/radiolifefm.com.br\/noticias\/"},{"@type":"ListItem","position":2,"name":"Indiv\u00edduo com mandado de pris\u00e3o foge da pol\u00edcia a p\u00e9 e acaba detido pela PM"}]},{"@type":"WebSite","@id":"https:\/\/radiolifefm.com.br\/noticias\/#website","url":"https:\/\/radiolifefm.com.br\/noticias\/","name":"R\u00e1dio Life FM","description":"O Portal de Not\u00edcias de Adamantina","publisher":{"@id":"https:\/\/radiolifefm.com.br\/noticias\/#organization"},"alternateName":"Life FM","potentialAction":[{"@type":"SearchAction","target":{"@type":"EntryPoint","urlTemplate":"https:\/\/radiolifefm.com.br\/noticias\/?s={search_term_string}"},"query-input":{"@type":"PropertyValueSpecification","valueRequired":true,"valueName":"search_term_string"}}],"inLanguage":"pt-BR"},{"@type":"Organization","@id":"https:\/\/radiolifefm.com.br\/noticias\/#organization","name":"R\u00e1dio Life FM","alternateName":"Life FM","url":"https:\/\/radiolifefm.com.br\/noticias\/","logo":{"@type":"ImageObject","inLanguage":"pt-BR","@id":"https:\/\/radiolifefm.com.br\/noticias\/#\/schema\/logo\/image\/","url":"https:\/\/static.radiolifefm.com.br\/noticias\/wp-content\/uploads\/2019\/10\/logo-lifefm.png","contentUrl":"https:\/\/static.radiolifefm.com.br\/noticias\/wp-content\/uploads\/2019\/10\/logo-lifefm.png","width":196,"height":47,"caption":"R\u00e1dio Life FM"},"image":{"@id":"https:\/\/radiolifefm.com.br\/noticias\/#\/schema\/logo\/image\/"},"sameAs":["https:\/\/www.facebook.com\/radiolifefm\/","https:\/\/www.instagram.com\/life1079fm\/"]},{"@type":"Person","@id":"https:\/\/radiolifefm.com.br\/noticias\/#\/schema\/person\/1d4e4b1301322090c6221bf1c8420490","name":"lifefm","image":{"@type":"ImageObject","inLanguage":"pt-BR","@id":"https:\/\/secure.gravatar.com\/avatar\/eca268467d925ec97d20641bb054fd944c0abb2f92854171620706bbe6474e7c?s=96&d=mm&r=g","url":"https:\/\/secure.gravatar.com\/avatar\/eca268467d925ec97d20641bb054fd944c0abb2f92854171620706bbe6474e7c?s=96&d=mm&r=g","contentUrl":"https:\/\/secure.gravatar.com\/avatar\/eca268467d925ec97d20641bb054fd944c0abb2f92854171620706bbe6474e7c?s=96&d=mm&r=g","caption":"lifefm"}}]}},"amp_enabled":true,"_links":{"self":[{"href":"https:\/\/radiolifefm.com.br\/noticias\/wp-json\/wp\/v2\/posts\/12658","targetHints":{"allow":["GET"]}}],"collection":[{"href":"https:\/\/radiolifefm.com.br\/noticias\/wp-json\/wp\/v2\/posts"}],"about":[{"href":"https:\/\/radiolifefm.com.br\/noticias\/wp-json\/wp\/v2\/types\/post"}],"author":[{"embeddable":true,"href":"https:\/\/radiolifefm.com.br\/noticias\/wp-json\/wp\/v2\/users\/3"}],"replies":[{"embeddable":true,"href":"https:\/\/radiolifefm.com.br\/noticias\/wp-json\/wp\/v2\/comments?post=12658"}],"version-history":[{"count":1,"href":"https:\/\/radiolifefm.com.br\/noticias\/wp-json\/wp\/v2\/posts\/12658\/revisions"}],"predecessor-version":[{"id":12660,"href":"https:\/\/radiolifefm.com.br\/noticias\/wp-json\/wp\/v2\/posts\/12658\/revisions\/12660"}],"wp:featuredmedia":[{"embeddable":true,"href":"https:\/\/radiolifefm.com.br\/noticias\/wp-json\/wp\/v2\/media\/12659"}],"wp:attachment":[{"href":"https:\/\/radiolifefm.com.br\/noticias\/wp-json\/wp\/v2\/media?parent=12658"}],"wp:term":[{"taxonomy":"category","embeddable":true,"href":"https:\/\/radiolifefm.com.br\/noticias\/wp-json\/wp\/v2\/categories?post=12658"},{"taxonomy":"post_tag","embeddable":true,"href":"https:\/\/radiolifefm.com.br\/noticias\/wp-json\/wp\/v2\/tags?post=12658"}],"curies":[{"name":"wp","href":"https:\/\/api.w.org\/{rel}","templated":true}]}}