{"id":12604,"date":"2019-05-02T21:21:49","date_gmt":"2019-05-03T00:21:49","guid":{"rendered":"https:\/\/radiolifefm.com.br\/noticias\/?p=12604"},"modified":"2026-04-14T19:06:30","modified_gmt":"2026-04-14T22:06:30","slug":"cegos-surdos-e-mudos","status":"publish","type":"post","link":"https:\/\/radiolifefm.com.br\/noticias\/cegos-surdos-e-mudos\/","title":{"rendered":"Cegos, surdos e mudos"},"content":{"rendered":"<div id=\"fb-root\"><\/div>\n<p><em>\u201cNunca o nosso mundo teve ao seu dispor tanta comunica\u00e7\u00e3o. E nunca foi t\u00e3o dram\u00e1tica a nossa solid\u00e3o. Nunca houve tanta estrada. E nunca nos visitamos t\u00e3o pouco\u201d (Mia Couto). <\/em><\/p>\n<p>A internet, os aparelhos celulares e as redes sociais facilitaram a comunica\u00e7\u00e3o entre os seres humanos. Hoje, em qualquer lugar e a qualquer momento, uma mensagem pode ser enviada pelo Whatsapp para informar algo importante, o Facebook facilita a aproxima\u00e7\u00e3o e reencontro entre as pessoas e o Instragram proporciona o compartilhamento de fotos de momentos importantes.<\/p>\n<p>Os aparelhos celulares com boas c\u00e2meras permitem a grava\u00e7\u00e3o de v\u00eddeos que mostram as injusti\u00e7as sociais e outros acontecimentos cotidianos. Por isso, novos grupos de comunica\u00e7\u00e3o emergem com o intuito de apresentar narrativas que divergem das m\u00eddias hegem\u00f4nicas ao mesmo tempo em que as m\u00eddias hegem\u00f4nicas se apropriam desses recursos para se aproximar do p\u00fablico e difundir not\u00edcias.<\/p>\n<p>O ser humano tem ao seu dispor todos esses instrumentos que facilitam a comunica\u00e7\u00e3o e a aproxima\u00e7\u00e3o. Apesar disso, nunca esteve t\u00e3o isolado, embora pense que seja diferente.<\/p>\n<p>Certa vez, um rapaz publicou um texto em seu Facebook relatando sua luta contra a depress\u00e3o. Na ocasi\u00e3o, recebeu dezenas de likes e coment\u00e1rios. Muitas pessoas que interagiram com ele faziam parte do seu c\u00edrculo de amigos e manifestaram apoio e empatia na publica\u00e7\u00e3o. Dias depois, encontrou-se com algumas dessas pessoas e tentou manter algum di\u00e1logo. Por\u00e9m, as mesmas pessoas preocupavam-se mais com as mensagens de Whatsapp do que com suas palavras. Percebeu, ali, que as palavras t\u00eam mais efeitos nas redes do que na vida real.<\/p>\n<p>Esse epis\u00f3dio revela a atual sociedade contempor\u00e2nea. As pessoas leem e escrevem textos no Facebook, ouvem \u00e1udios de Whatsapp, observam e curtem fotos no Instagram e seguem a l\u00f3gica da troca de informa\u00e7\u00f5es permitida pelas redes. No entanto, est\u00e3o cegas, surdas e mudas para as rela\u00e7\u00f5es humanas.<\/p>\n<p>Por Carlos Eduardo Bertin<\/p>\n<p><em>*Carlos Eduardo Bertin (31) \u00e9 jornalista e publicit\u00e1rio formado pela UniFai e mestre em Comunica\u00e7\u00e3o Social pela Universidade Metodista de S\u00e3o Paulo (UMESP). Trabalhou como respons\u00e1vel pelo setor de Informa\u00e7\u00e3o, Educa\u00e7\u00e3o e Comunica\u00e7\u00e3o (IEC) do Departamento de Controle de Vetores da Prefeitura de Luc\u00e9lia, rep\u00f3rter do Jornal Impacto e editor do Jornal Brasileiro da Ci\u00eancia da Comunica\u00e7\u00e3o (JBCC) da C\u00e1tedra UNESCO\/ UMESP de Comunica\u00e7\u00e3o para o Desenvolvimento Social. Escreve sobre cultura, pol\u00edtica, religi\u00e3o e comunica\u00e7\u00e3o. \u00c9 luceliense, esquerdista e torce para o S\u00e3o Paulo Futebol Clube. Atualmente, reside em S\u00e3o Bernardo do Campo.<\/em><\/p>\n","protected":false},"excerpt":{"rendered":"<p>\u201cNunca o nosso mundo teve ao seu dispor tanta comunica\u00e7\u00e3o. E nunca foi t\u00e3o dram\u00e1tica a nossa solid\u00e3o. Nunca houve tanta estrada. E nunca nos visitamos t\u00e3o pouco\u201d (Mia Couto). A internet, os aparelhos celulares e as redes sociais facilitaram a comunica\u00e7\u00e3o entre os seres humanos. Hoje, em qualquer lugar e a qualquer momento, uma [&hellip;]<\/p>\n","protected":false},"author":3,"featured_media":12605,"comment_status":"closed","ping_status":"open","sticky":false,"template":"","format":"standard","meta":{"_acf_changed":false,"_exactmetrics_skip_tracking":false,"_exactmetrics_sitenote_active":false,"_exactmetrics_sitenote_note":"","_exactmetrics_sitenote_category":0,"footnotes":""},"categories":[59],"tags":[],"class_list":["post-12604","post","type-post","status-publish","format-standard","has-post-thumbnail","hentry","category-opiniao"],"acf":[],"yoast_head":"<!-- This site is optimized with the Yoast SEO plugin v27.2 - https:\/\/yoast.com\/product\/yoast-seo-wordpress\/ -->\n<title>Cegos, surdos e mudos - R\u00e1dio Life FM<\/title>\n<meta name=\"robots\" content=\"index, follow, max-snippet:-1, max-image-preview:large, max-video-preview:-1\" \/>\n<link rel=\"canonical\" href=\"https:\/\/radiolifefm.com.br\/noticias\/cegos-surdos-e-mudos\/\" \/>\n<meta property=\"og:locale\" content=\"pt_BR\" \/>\n<meta property=\"og:type\" content=\"article\" \/>\n<meta property=\"og:title\" content=\"Cegos, surdos e mudos - R\u00e1dio Life FM\" \/>\n<meta property=\"og:description\" content=\"\u201cNunca o nosso mundo teve ao seu dispor tanta comunica\u00e7\u00e3o. E nunca foi t\u00e3o dram\u00e1tica a nossa solid\u00e3o. Nunca houve tanta estrada. E nunca nos visitamos t\u00e3o pouco\u201d (Mia Couto). A internet, os aparelhos celulares e as redes sociais facilitaram a comunica\u00e7\u00e3o entre os seres humanos. Hoje, em qualquer lugar e a qualquer momento, uma [&hellip;]\" \/>\n<meta property=\"og:url\" content=\"https:\/\/radiolifefm.com.br\/noticias\/cegos-surdos-e-mudos\/\" \/>\n<meta property=\"og:site_name\" content=\"R\u00e1dio Life FM\" \/>\n<meta property=\"article:publisher\" content=\"https:\/\/www.facebook.com\/radiolifefm\/\" \/>\n<meta property=\"article:published_time\" content=\"2019-05-03T00:21:49+00:00\" \/>\n<meta property=\"article:modified_time\" content=\"2026-04-14T22:06:30+00:00\" \/>\n<meta property=\"og:image\" content=\"https:\/\/radiolifefm.com.br\/noticias\/wp-content\/uploads\/2019\/05\/Bertin.jpg\" \/>\n\t<meta property=\"og:image:width\" content=\"717\" \/>\n\t<meta property=\"og:image:height\" content=\"717\" \/>\n\t<meta property=\"og:image:type\" content=\"image\/jpeg\" \/>\n<meta name=\"author\" content=\"lifefm\" \/>\n<meta name=\"twitter:card\" content=\"summary_large_image\" \/>\n<meta name=\"twitter:label1\" content=\"Escrito por\" \/>\n\t<meta name=\"twitter:data1\" content=\"lifefm\" \/>\n\t<meta name=\"twitter:label2\" content=\"Est. tempo de leitura\" \/>\n\t<meta name=\"twitter:data2\" content=\"2 minutos\" \/>\n<script type=\"application\/ld+json\" class=\"yoast-schema-graph\">{\"@context\":\"https:\/\/schema.org\",\"@graph\":[{\"@type\":\"Article\",\"@id\":\"https:\/\/radiolifefm.com.br\/noticias\/cegos-surdos-e-mudos\/#article\",\"isPartOf\":{\"@id\":\"https:\/\/radiolifefm.com.br\/noticias\/cegos-surdos-e-mudos\/\"},\"author\":{\"name\":\"lifefm\",\"@id\":\"https:\/\/radiolifefm.com.br\/noticias\/#\/schema\/person\/1d4e4b1301322090c6221bf1c8420490\"},\"headline\":\"Cegos, surdos e mudos\",\"datePublished\":\"2019-05-03T00:21:49+00:00\",\"dateModified\":\"2026-04-14T22:06:30+00:00\",\"mainEntityOfPage\":{\"@id\":\"https:\/\/radiolifefm.com.br\/noticias\/cegos-surdos-e-mudos\/\"},\"wordCount\":457,\"publisher\":{\"@id\":\"https:\/\/radiolifefm.com.br\/noticias\/#organization\"},\"image\":{\"@id\":\"https:\/\/radiolifefm.com.br\/noticias\/cegos-surdos-e-mudos\/#primaryimage\"},\"thumbnailUrl\":\"https:\/\/radiolifefm.com.br\/noticias\/wp-content\/uploads\/2019\/05\/Bertin.jpg\",\"articleSection\":[\"Opini\u00e3o\"],\"inLanguage\":\"pt-BR\"},{\"@type\":\"WebPage\",\"@id\":\"https:\/\/radiolifefm.com.br\/noticias\/cegos-surdos-e-mudos\/\",\"url\":\"https:\/\/radiolifefm.com.br\/noticias\/cegos-surdos-e-mudos\/\",\"name\":\"Cegos, surdos e mudos - R\u00e1dio Life FM\",\"isPartOf\":{\"@id\":\"https:\/\/radiolifefm.com.br\/noticias\/#website\"},\"primaryImageOfPage\":{\"@id\":\"https:\/\/radiolifefm.com.br\/noticias\/cegos-surdos-e-mudos\/#primaryimage\"},\"image\":{\"@id\":\"https:\/\/radiolifefm.com.br\/noticias\/cegos-surdos-e-mudos\/#primaryimage\"},\"thumbnailUrl\":\"https:\/\/radiolifefm.com.br\/noticias\/wp-content\/uploads\/2019\/05\/Bertin.jpg\",\"datePublished\":\"2019-05-03T00:21:49+00:00\",\"dateModified\":\"2026-04-14T22:06:30+00:00\",\"breadcrumb\":{\"@id\":\"https:\/\/radiolifefm.com.br\/noticias\/cegos-surdos-e-mudos\/#breadcrumb\"},\"inLanguage\":\"pt-BR\",\"potentialAction\":[{\"@type\":\"ReadAction\",\"target\":[\"https:\/\/radiolifefm.com.br\/noticias\/cegos-surdos-e-mudos\/\"]}]},{\"@type\":\"ImageObject\",\"inLanguage\":\"pt-BR\",\"@id\":\"https:\/\/radiolifefm.com.br\/noticias\/cegos-surdos-e-mudos\/#primaryimage\",\"url\":\"https:\/\/radiolifefm.com.br\/noticias\/wp-content\/uploads\/2019\/05\/Bertin.jpg\",\"contentUrl\":\"https:\/\/radiolifefm.com.br\/noticias\/wp-content\/uploads\/2019\/05\/Bertin.jpg\",\"width\":717,\"height\":717,\"caption\":\"Carlos Eduardo Bertin - Foto - Arquivo pessoal\"},{\"@type\":\"BreadcrumbList\",\"@id\":\"https:\/\/radiolifefm.com.br\/noticias\/cegos-surdos-e-mudos\/#breadcrumb\",\"itemListElement\":[{\"@type\":\"ListItem\",\"position\":1,\"name\":\"In\u00edcio\",\"item\":\"https:\/\/radiolifefm.com.br\/noticias\/\"},{\"@type\":\"ListItem\",\"position\":2,\"name\":\"Cegos, surdos e mudos\"}]},{\"@type\":\"WebSite\",\"@id\":\"https:\/\/radiolifefm.com.br\/noticias\/#website\",\"url\":\"https:\/\/radiolifefm.com.br\/noticias\/\",\"name\":\"R\u00e1dio Life FM\",\"description\":\"O Portal de Not\u00edcias de Adamantina\",\"publisher\":{\"@id\":\"https:\/\/radiolifefm.com.br\/noticias\/#organization\"},\"alternateName\":\"Life FM\",\"potentialAction\":[{\"@type\":\"SearchAction\",\"target\":{\"@type\":\"EntryPoint\",\"urlTemplate\":\"https:\/\/radiolifefm.com.br\/noticias\/?s={search_term_string}\"},\"query-input\":{\"@type\":\"PropertyValueSpecification\",\"valueRequired\":true,\"valueName\":\"search_term_string\"}}],\"inLanguage\":\"pt-BR\"},{\"@type\":\"Organization\",\"@id\":\"https:\/\/radiolifefm.com.br\/noticias\/#organization\",\"name\":\"R\u00e1dio Life FM\",\"alternateName\":\"Life FM\",\"url\":\"https:\/\/radiolifefm.com.br\/noticias\/\",\"logo\":{\"@type\":\"ImageObject\",\"inLanguage\":\"pt-BR\",\"@id\":\"https:\/\/radiolifefm.com.br\/noticias\/#\/schema\/logo\/image\/\",\"url\":\"https:\/\/static.radiolifefm.com.br\/noticias\/wp-content\/uploads\/2019\/10\/logo-lifefm.png\",\"contentUrl\":\"https:\/\/static.radiolifefm.com.br\/noticias\/wp-content\/uploads\/2019\/10\/logo-lifefm.png\",\"width\":196,\"height\":47,\"caption\":\"R\u00e1dio Life FM\"},\"image\":{\"@id\":\"https:\/\/radiolifefm.com.br\/noticias\/#\/schema\/logo\/image\/\"},\"sameAs\":[\"https:\/\/www.facebook.com\/radiolifefm\/\",\"https:\/\/www.instagram.com\/life1079fm\/\"]},{\"@type\":\"Person\",\"@id\":\"https:\/\/radiolifefm.com.br\/noticias\/#\/schema\/person\/1d4e4b1301322090c6221bf1c8420490\",\"name\":\"lifefm\",\"image\":{\"@type\":\"ImageObject\",\"inLanguage\":\"pt-BR\",\"@id\":\"https:\/\/secure.gravatar.com\/avatar\/eca268467d925ec97d20641bb054fd944c0abb2f92854171620706bbe6474e7c?s=96&d=mm&r=g\",\"url\":\"https:\/\/secure.gravatar.com\/avatar\/eca268467d925ec97d20641bb054fd944c0abb2f92854171620706bbe6474e7c?s=96&d=mm&r=g\",\"contentUrl\":\"https:\/\/secure.gravatar.com\/avatar\/eca268467d925ec97d20641bb054fd944c0abb2f92854171620706bbe6474e7c?s=96&d=mm&r=g\",\"caption\":\"lifefm\"}}]}<\/script>\n<!-- \/ Yoast SEO plugin. -->","yoast_head_json":{"title":"Cegos, surdos e mudos - R\u00e1dio Life FM","robots":{"index":"index","follow":"follow","max-snippet":"max-snippet:-1","max-image-preview":"max-image-preview:large","max-video-preview":"max-video-preview:-1"},"canonical":"https:\/\/radiolifefm.com.br\/noticias\/cegos-surdos-e-mudos\/","og_locale":"pt_BR","og_type":"article","og_title":"Cegos, surdos e mudos - R\u00e1dio Life FM","og_description":"\u201cNunca o nosso mundo teve ao seu dispor tanta comunica\u00e7\u00e3o. E nunca foi t\u00e3o dram\u00e1tica a nossa solid\u00e3o. Nunca houve tanta estrada. E nunca nos visitamos t\u00e3o pouco\u201d (Mia Couto). A internet, os aparelhos celulares e as redes sociais facilitaram a comunica\u00e7\u00e3o entre os seres humanos. Hoje, em qualquer lugar e a qualquer momento, uma [&hellip;]","og_url":"https:\/\/radiolifefm.com.br\/noticias\/cegos-surdos-e-mudos\/","og_site_name":"R\u00e1dio Life FM","article_publisher":"https:\/\/www.facebook.com\/radiolifefm\/","article_published_time":"2019-05-03T00:21:49+00:00","article_modified_time":"2026-04-14T22:06:30+00:00","og_image":[{"width":717,"height":717,"url":"https:\/\/radiolifefm.com.br\/noticias\/wp-content\/uploads\/2019\/05\/Bertin.jpg","type":"image\/jpeg"}],"author":"lifefm","twitter_card":"summary_large_image","twitter_misc":{"Escrito por":"lifefm","Est. tempo de leitura":"2 minutos"},"schema":{"@context":"https:\/\/schema.org","@graph":[{"@type":"Article","@id":"https:\/\/radiolifefm.com.br\/noticias\/cegos-surdos-e-mudos\/#article","isPartOf":{"@id":"https:\/\/radiolifefm.com.br\/noticias\/cegos-surdos-e-mudos\/"},"author":{"name":"lifefm","@id":"https:\/\/radiolifefm.com.br\/noticias\/#\/schema\/person\/1d4e4b1301322090c6221bf1c8420490"},"headline":"Cegos, surdos e mudos","datePublished":"2019-05-03T00:21:49+00:00","dateModified":"2026-04-14T22:06:30+00:00","mainEntityOfPage":{"@id":"https:\/\/radiolifefm.com.br\/noticias\/cegos-surdos-e-mudos\/"},"wordCount":457,"publisher":{"@id":"https:\/\/radiolifefm.com.br\/noticias\/#organization"},"image":{"@id":"https:\/\/radiolifefm.com.br\/noticias\/cegos-surdos-e-mudos\/#primaryimage"},"thumbnailUrl":"https:\/\/radiolifefm.com.br\/noticias\/wp-content\/uploads\/2019\/05\/Bertin.jpg","articleSection":["Opini\u00e3o"],"inLanguage":"pt-BR"},{"@type":"WebPage","@id":"https:\/\/radiolifefm.com.br\/noticias\/cegos-surdos-e-mudos\/","url":"https:\/\/radiolifefm.com.br\/noticias\/cegos-surdos-e-mudos\/","name":"Cegos, surdos e mudos - R\u00e1dio Life FM","isPartOf":{"@id":"https:\/\/radiolifefm.com.br\/noticias\/#website"},"primaryImageOfPage":{"@id":"https:\/\/radiolifefm.com.br\/noticias\/cegos-surdos-e-mudos\/#primaryimage"},"image":{"@id":"https:\/\/radiolifefm.com.br\/noticias\/cegos-surdos-e-mudos\/#primaryimage"},"thumbnailUrl":"https:\/\/radiolifefm.com.br\/noticias\/wp-content\/uploads\/2019\/05\/Bertin.jpg","datePublished":"2019-05-03T00:21:49+00:00","dateModified":"2026-04-14T22:06:30+00:00","breadcrumb":{"@id":"https:\/\/radiolifefm.com.br\/noticias\/cegos-surdos-e-mudos\/#breadcrumb"},"inLanguage":"pt-BR","potentialAction":[{"@type":"ReadAction","target":["https:\/\/radiolifefm.com.br\/noticias\/cegos-surdos-e-mudos\/"]}]},{"@type":"ImageObject","inLanguage":"pt-BR","@id":"https:\/\/radiolifefm.com.br\/noticias\/cegos-surdos-e-mudos\/#primaryimage","url":"https:\/\/radiolifefm.com.br\/noticias\/wp-content\/uploads\/2019\/05\/Bertin.jpg","contentUrl":"https:\/\/radiolifefm.com.br\/noticias\/wp-content\/uploads\/2019\/05\/Bertin.jpg","width":717,"height":717,"caption":"Carlos Eduardo Bertin - Foto - Arquivo pessoal"},{"@type":"BreadcrumbList","@id":"https:\/\/radiolifefm.com.br\/noticias\/cegos-surdos-e-mudos\/#breadcrumb","itemListElement":[{"@type":"ListItem","position":1,"name":"In\u00edcio","item":"https:\/\/radiolifefm.com.br\/noticias\/"},{"@type":"ListItem","position":2,"name":"Cegos, surdos e mudos"}]},{"@type":"WebSite","@id":"https:\/\/radiolifefm.com.br\/noticias\/#website","url":"https:\/\/radiolifefm.com.br\/noticias\/","name":"R\u00e1dio Life FM","description":"O Portal de Not\u00edcias de Adamantina","publisher":{"@id":"https:\/\/radiolifefm.com.br\/noticias\/#organization"},"alternateName":"Life FM","potentialAction":[{"@type":"SearchAction","target":{"@type":"EntryPoint","urlTemplate":"https:\/\/radiolifefm.com.br\/noticias\/?s={search_term_string}"},"query-input":{"@type":"PropertyValueSpecification","valueRequired":true,"valueName":"search_term_string"}}],"inLanguage":"pt-BR"},{"@type":"Organization","@id":"https:\/\/radiolifefm.com.br\/noticias\/#organization","name":"R\u00e1dio Life FM","alternateName":"Life FM","url":"https:\/\/radiolifefm.com.br\/noticias\/","logo":{"@type":"ImageObject","inLanguage":"pt-BR","@id":"https:\/\/radiolifefm.com.br\/noticias\/#\/schema\/logo\/image\/","url":"https:\/\/static.radiolifefm.com.br\/noticias\/wp-content\/uploads\/2019\/10\/logo-lifefm.png","contentUrl":"https:\/\/static.radiolifefm.com.br\/noticias\/wp-content\/uploads\/2019\/10\/logo-lifefm.png","width":196,"height":47,"caption":"R\u00e1dio Life FM"},"image":{"@id":"https:\/\/radiolifefm.com.br\/noticias\/#\/schema\/logo\/image\/"},"sameAs":["https:\/\/www.facebook.com\/radiolifefm\/","https:\/\/www.instagram.com\/life1079fm\/"]},{"@type":"Person","@id":"https:\/\/radiolifefm.com.br\/noticias\/#\/schema\/person\/1d4e4b1301322090c6221bf1c8420490","name":"lifefm","image":{"@type":"ImageObject","inLanguage":"pt-BR","@id":"https:\/\/secure.gravatar.com\/avatar\/eca268467d925ec97d20641bb054fd944c0abb2f92854171620706bbe6474e7c?s=96&d=mm&r=g","url":"https:\/\/secure.gravatar.com\/avatar\/eca268467d925ec97d20641bb054fd944c0abb2f92854171620706bbe6474e7c?s=96&d=mm&r=g","contentUrl":"https:\/\/secure.gravatar.com\/avatar\/eca268467d925ec97d20641bb054fd944c0abb2f92854171620706bbe6474e7c?s=96&d=mm&r=g","caption":"lifefm"}}]}},"amp_enabled":true,"_links":{"self":[{"href":"https:\/\/radiolifefm.com.br\/noticias\/wp-json\/wp\/v2\/posts\/12604","targetHints":{"allow":["GET"]}}],"collection":[{"href":"https:\/\/radiolifefm.com.br\/noticias\/wp-json\/wp\/v2\/posts"}],"about":[{"href":"https:\/\/radiolifefm.com.br\/noticias\/wp-json\/wp\/v2\/types\/post"}],"author":[{"embeddable":true,"href":"https:\/\/radiolifefm.com.br\/noticias\/wp-json\/wp\/v2\/users\/3"}],"replies":[{"embeddable":true,"href":"https:\/\/radiolifefm.com.br\/noticias\/wp-json\/wp\/v2\/comments?post=12604"}],"version-history":[{"count":2,"href":"https:\/\/radiolifefm.com.br\/noticias\/wp-json\/wp\/v2\/posts\/12604\/revisions"}],"predecessor-version":[{"id":12617,"href":"https:\/\/radiolifefm.com.br\/noticias\/wp-json\/wp\/v2\/posts\/12604\/revisions\/12617"}],"wp:featuredmedia":[{"embeddable":true,"href":"https:\/\/radiolifefm.com.br\/noticias\/wp-json\/wp\/v2\/media\/12605"}],"wp:attachment":[{"href":"https:\/\/radiolifefm.com.br\/noticias\/wp-json\/wp\/v2\/media?parent=12604"}],"wp:term":[{"taxonomy":"category","embeddable":true,"href":"https:\/\/radiolifefm.com.br\/noticias\/wp-json\/wp\/v2\/categories?post=12604"},{"taxonomy":"post_tag","embeddable":true,"href":"https:\/\/radiolifefm.com.br\/noticias\/wp-json\/wp\/v2\/tags?post=12604"}],"curies":[{"name":"wp","href":"https:\/\/api.w.org\/{rel}","templated":true}]}}