{"id":12554,"date":"2019-05-02T08:11:05","date_gmt":"2019-05-02T11:11:05","guid":{"rendered":"https:\/\/radiolifefm.com.br\/noticias\/?p=12554"},"modified":"2026-04-24T07:56:33","modified_gmt":"2026-04-24T10:56:33","slug":"contos-da-carochinha-em-terras-provincianas","status":"publish","type":"post","link":"https:\/\/radiolifefm.com.br\/noticias\/contos-da-carochinha-em-terras-provincianas\/","title":{"rendered":"&#8220;Contos da Carochinha&#8221; em terras provincianas&#8230;"},"content":{"rendered":"<div id=\"fb-root\"><\/div>\n<p>&#8220;Uma narrativa fict\u00edcia no que tange a seus personagens. Onde todos se encontram no mundo do faz de conta. Cada hist\u00f3ria tem sua \u00e9tica ou moral a ser refletida e utilizada, com situa\u00e7\u00f5es e\/ou personagens n\u00e3o reais.&#8221; Chapeuzinho Vermelho e o Lobo Mau \u00e9 um conto-da-carochinha. (Fonte: Significado de Conto-da-carochinha Por Dicion\u00e1rio inFormal (SP) em 04-04-2011)<\/p>\n<p>&#8220;Voc\u00ea pode enganar algumas pessoas todo o tempo. Voc\u00ea pode tamb\u00e9m enganar todas as pessoas algum tempo. Mas voc\u00ea n\u00e3o pode enganar todas as pessoas todo o tempo.&#8221; (Abraham Lincoln) in Dispon\u00edvel em: &lt;https:\/\/dicionariocriativo.com.br\/citacoes\/hist%C3%B3ria_da_carochinha\/citacoes\/mentira&gt;. Acesso em: 17\/01\/2018.<\/p>\n<p>&#8220;Engolimos de um sorvo a mentira que nos adula e bebemos gota a gota a verdade que nos amarga.&#8221; (Denis Diderot in Dispon\u00edvel em: &lt;https:\/\/dicionariocriativo.com.br\/citacoes\/hist%C3%B3ria_da_carochinha\/citacoes\/mentira&gt;. Acesso em: 17\/01\/2018.)<\/p>\n<p>S\u00e9rgio Barbosa (*)<br \/>\nPelo andar da carruagem provinciana nestas \u00faltimas semanas, pode-se escrever que as coisas est\u00e3o mais ou menos em termos de administra\u00e7\u00e3o p\u00fablica, ainda, mais pra menos do que pra mais&#8230;<\/p>\n<p>N\u00e3o se podem esquecer as muitas &#8220;promessas da campanha eleitoral&#8221;, quando o at\u00e9 ent\u00e3o candidato andou propagando pelos quatro cantos da Prov\u00edncia tudo e mais alguma coisa para a comunidade e ponto quase final&#8230;<br \/>\nPor\u00e9m, como sempre, estamos vivendo no denominado &#8220;Pa\u00eds do faz de conta&#8221; em todos os sentidos, tal qual aqueles &#8220;Contos da Carochinha&#8221; das velhas e inesquec\u00edveis est\u00f3rias infantis&#8230;<\/p>\n<p>Mesmo assim, de um jeito ou de outro, as promessas da Campanha Eleitoral, ainda, ecoam em todos os cantos provincianos, bem como, as cobran\u00e7as nas redes sociais em nome deste ou daquele grupo&#8230;<br \/>\nEntretanto, n\u00e3o se pode deixar de lado a responsabilidade do &#8220;Legislativo&#8221; que continua o mesmo de sempre, salvo um ou outro legislador, assim mesmo, dependendo sempre dos interesses do mesmo nisto ou naquilo&#8230;<\/p>\n<p>Portanto, neste cen\u00e1rio mais para o quadro &#8220;preto no branco&#8221; do que colorido, Executor e Legisladores est\u00e3o mais do que comprometidos com as &#8220;trocas nada simb\u00f3licas&#8221; patrocinadas, como sempre, &#8220;pelo poder em nome do poder&#8221;&#8230;<br \/>\nTamb\u00e9m, n\u00e3o se pode deixar de lado o contexto mediado pela &#8220;crise&#8221; que marca presen\u00e7a em todas as \u00e1reas, menos para os telejornais da emissora global com apoio do P.I.G&#8230;<\/p>\n<p>Ainda, espera-se que a turma das panelas e suas camisetas amarelas, se poss\u00edvel, com o &#8220;pato amarelo&#8221; como s\u00edmbolo, fa\u00e7am a diferen\u00e7a em terras provincianas&#8230;<br \/>\nOutra coisa desta mesma coisa, ainda bem que existe uma minoria que sabe o que est\u00e1 correndo nesta politicagem provinciana, todavia, a comunidade deve estar sempre em alerta quanto aos desmandos do &#8220;Executor com apoio dos Legisladores&#8221;&#8230;<br \/>\nPor isso e mais aquilo, faz-se necess\u00e1rio estar sempre em conex\u00e3o com os fatos hist\u00f3ricos do passado, buscando tentar entender o presente para uma ou mais reflex\u00f5es sobre o futuro da Prov\u00edncia&#8230;<\/p>\n<p>E t\u00eam mais para isto ou mais aquilo, as promessas do outro tempo continuam mais presentes do que nunca nos registros impressos e grava\u00e7\u00f5es, portanto, depois de 12 meses de mais de Administra\u00e7\u00e3o, as coisas continuam quase as mesmas coisas do outro tempo para este novo tempo novo&#8230;<\/p>\n<p>Mas, tal qual aquele outro conto da &#8220;Carochinha&#8221; do pai Gepeto com o seu filho, mais do que especial, &#8220;Pin\u00f3quio&#8221;, al\u00e9m do outro conto denominado de &#8220;A Bela Adormecida e os An\u00f5es&#8221;, ainda, &#8220;Alice no Pais das Maravilhas&#8221;, bem como, &#8220;Chapeuzinho Vermelho&#8221;&#8230;<\/p>\n<p>Quem sobreviver vai saber&#8230;<\/p>\n<p>(*) Jornalista diplomado.<\/p>\n<div class='flex flex-wrap items-center -mx-1'>\r\n<a class='thumbnail gallery p-1 w-1\/2 md:w-1\/4' href='https:\/\/radiolifefm.com.br\/noticias\/wp-content\/uploads\/2019\/05\/Sebar-2.jpg'><img class='border border-white' src='https:\/\/radiolifefm.com.br\/noticias\/wp-content\/uploads\/2019\/05\/Sebar-2-200x200.jpg' alt='Sebar   2' \/><\/a><a class='thumbnail gallery p-1 w-1\/2 md:w-1\/4' href='https:\/\/radiolifefm.com.br\/noticias\/wp-content\/uploads\/2019\/05\/Sebar-1.jpg'><img class='border border-white' src='https:\/\/radiolifefm.com.br\/noticias\/wp-content\/uploads\/2019\/05\/Sebar-1-200x200.jpg' alt='Sebar   1' \/><\/a><\/div>\n","protected":false},"excerpt":{"rendered":"<p>&#8220;Uma narrativa fict\u00edcia no que tange a seus personagens. Onde todos se encontram no mundo do faz de conta. Cada hist\u00f3ria tem sua \u00e9tica ou moral a ser refletida e utilizada, com situa\u00e7\u00f5es e\/ou personagens n\u00e3o reais.&#8221; Chapeuzinho Vermelho e o Lobo Mau \u00e9 um conto-da-carochinha. (Fonte: Significado de Conto-da-carochinha Por Dicion\u00e1rio inFormal (SP) em [&hellip;]<\/p>\n","protected":false},"author":3,"featured_media":12556,"comment_status":"closed","ping_status":"open","sticky":false,"template":"","format":"standard","meta":{"_acf_changed":false,"_exactmetrics_skip_tracking":false,"_exactmetrics_sitenote_active":false,"_exactmetrics_sitenote_note":"","_exactmetrics_sitenote_category":0,"footnotes":""},"categories":[59],"tags":[],"class_list":["post-12554","post","type-post","status-publish","format-standard","has-post-thumbnail","hentry","category-opiniao"],"acf":[],"yoast_head":"<!-- This site is optimized with the Yoast SEO plugin v27.2 - https:\/\/yoast.com\/product\/yoast-seo-wordpress\/ -->\n<title>&quot;Contos da Carochinha&quot; em terras provincianas... - R\u00e1dio Life FM<\/title>\n<meta name=\"robots\" content=\"index, follow, max-snippet:-1, max-image-preview:large, max-video-preview:-1\" \/>\n<link rel=\"canonical\" href=\"https:\/\/radiolifefm.com.br\/noticias\/contos-da-carochinha-em-terras-provincianas\/\" \/>\n<meta property=\"og:locale\" content=\"pt_BR\" \/>\n<meta property=\"og:type\" content=\"article\" \/>\n<meta property=\"og:title\" content=\"&quot;Contos da Carochinha&quot; em terras provincianas... - R\u00e1dio Life FM\" \/>\n<meta property=\"og:description\" content=\"&#8220;Uma narrativa fict\u00edcia no que tange a seus personagens. Onde todos se encontram no mundo do faz de conta. Cada hist\u00f3ria tem sua \u00e9tica ou moral a ser refletida e utilizada, com situa\u00e7\u00f5es e\/ou personagens n\u00e3o reais.&#8221; Chapeuzinho Vermelho e o Lobo Mau \u00e9 um conto-da-carochinha. (Fonte: Significado de Conto-da-carochinha Por Dicion\u00e1rio inFormal (SP) em [&hellip;]\" \/>\n<meta property=\"og:url\" content=\"https:\/\/radiolifefm.com.br\/noticias\/contos-da-carochinha-em-terras-provincianas\/\" \/>\n<meta property=\"og:site_name\" content=\"R\u00e1dio Life FM\" \/>\n<meta property=\"article:publisher\" content=\"https:\/\/www.facebook.com\/radiolifefm\/\" \/>\n<meta property=\"article:published_time\" content=\"2019-05-02T11:11:05+00:00\" \/>\n<meta property=\"article:modified_time\" content=\"2026-04-24T10:56:33+00:00\" \/>\n<meta property=\"og:image\" content=\"https:\/\/radiolifefm.com.br\/noticias\/wp-content\/uploads\/2019\/05\/Sebar-1024x768.jpg\" \/>\n\t<meta property=\"og:image:width\" content=\"1024\" \/>\n\t<meta property=\"og:image:height\" content=\"768\" \/>\n\t<meta property=\"og:image:type\" content=\"image\/jpeg\" \/>\n<meta name=\"author\" content=\"lifefm\" \/>\n<meta name=\"twitter:card\" content=\"summary_large_image\" \/>\n<meta name=\"twitter:label1\" content=\"Escrito por\" \/>\n\t<meta name=\"twitter:data1\" content=\"lifefm\" \/>\n\t<meta name=\"twitter:label2\" content=\"Est. tempo de leitura\" \/>\n\t<meta name=\"twitter:data2\" content=\"3 minutos\" \/>\n<script type=\"application\/ld+json\" class=\"yoast-schema-graph\">{\"@context\":\"https:\/\/schema.org\",\"@graph\":[{\"@type\":\"Article\",\"@id\":\"https:\/\/radiolifefm.com.br\/noticias\/contos-da-carochinha-em-terras-provincianas\/#article\",\"isPartOf\":{\"@id\":\"https:\/\/radiolifefm.com.br\/noticias\/contos-da-carochinha-em-terras-provincianas\/\"},\"author\":{\"name\":\"lifefm\",\"@id\":\"https:\/\/radiolifefm.com.br\/noticias\/#\/schema\/person\/1d4e4b1301322090c6221bf1c8420490\"},\"headline\":\"&#8220;Contos da Carochinha&#8221; em terras provincianas&#8230;\",\"datePublished\":\"2019-05-02T11:11:05+00:00\",\"dateModified\":\"2026-04-24T10:56:33+00:00\",\"mainEntityOfPage\":{\"@id\":\"https:\/\/radiolifefm.com.br\/noticias\/contos-da-carochinha-em-terras-provincianas\/\"},\"wordCount\":615,\"publisher\":{\"@id\":\"https:\/\/radiolifefm.com.br\/noticias\/#organization\"},\"image\":{\"@id\":\"https:\/\/radiolifefm.com.br\/noticias\/contos-da-carochinha-em-terras-provincianas\/#primaryimage\"},\"thumbnailUrl\":\"https:\/\/radiolifefm.com.br\/noticias\/wp-content\/uploads\/2019\/05\/Sebar.jpg\",\"articleSection\":[\"Opini\u00e3o\"],\"inLanguage\":\"pt-BR\"},{\"@type\":\"WebPage\",\"@id\":\"https:\/\/radiolifefm.com.br\/noticias\/contos-da-carochinha-em-terras-provincianas\/\",\"url\":\"https:\/\/radiolifefm.com.br\/noticias\/contos-da-carochinha-em-terras-provincianas\/\",\"name\":\"\\\"Contos da Carochinha\\\" em terras provincianas... - R\u00e1dio Life FM\",\"isPartOf\":{\"@id\":\"https:\/\/radiolifefm.com.br\/noticias\/#website\"},\"primaryImageOfPage\":{\"@id\":\"https:\/\/radiolifefm.com.br\/noticias\/contos-da-carochinha-em-terras-provincianas\/#primaryimage\"},\"image\":{\"@id\":\"https:\/\/radiolifefm.com.br\/noticias\/contos-da-carochinha-em-terras-provincianas\/#primaryimage\"},\"thumbnailUrl\":\"https:\/\/radiolifefm.com.br\/noticias\/wp-content\/uploads\/2019\/05\/Sebar.jpg\",\"datePublished\":\"2019-05-02T11:11:05+00:00\",\"dateModified\":\"2026-04-24T10:56:33+00:00\",\"breadcrumb\":{\"@id\":\"https:\/\/radiolifefm.com.br\/noticias\/contos-da-carochinha-em-terras-provincianas\/#breadcrumb\"},\"inLanguage\":\"pt-BR\",\"potentialAction\":[{\"@type\":\"ReadAction\",\"target\":[\"https:\/\/radiolifefm.com.br\/noticias\/contos-da-carochinha-em-terras-provincianas\/\"]}]},{\"@type\":\"ImageObject\",\"inLanguage\":\"pt-BR\",\"@id\":\"https:\/\/radiolifefm.com.br\/noticias\/contos-da-carochinha-em-terras-provincianas\/#primaryimage\",\"url\":\"https:\/\/radiolifefm.com.br\/noticias\/wp-content\/uploads\/2019\/05\/Sebar.jpg\",\"contentUrl\":\"https:\/\/radiolifefm.com.br\/noticias\/wp-content\/uploads\/2019\/05\/Sebar.jpg\",\"width\":3648,\"height\":2736},{\"@type\":\"BreadcrumbList\",\"@id\":\"https:\/\/radiolifefm.com.br\/noticias\/contos-da-carochinha-em-terras-provincianas\/#breadcrumb\",\"itemListElement\":[{\"@type\":\"ListItem\",\"position\":1,\"name\":\"In\u00edcio\",\"item\":\"https:\/\/radiolifefm.com.br\/noticias\/\"},{\"@type\":\"ListItem\",\"position\":2,\"name\":\"&#8220;Contos da Carochinha&#8221; em terras provincianas&#8230;\"}]},{\"@type\":\"WebSite\",\"@id\":\"https:\/\/radiolifefm.com.br\/noticias\/#website\",\"url\":\"https:\/\/radiolifefm.com.br\/noticias\/\",\"name\":\"R\u00e1dio Life FM\",\"description\":\"O Portal de Not\u00edcias de Adamantina\",\"publisher\":{\"@id\":\"https:\/\/radiolifefm.com.br\/noticias\/#organization\"},\"alternateName\":\"Life FM\",\"potentialAction\":[{\"@type\":\"SearchAction\",\"target\":{\"@type\":\"EntryPoint\",\"urlTemplate\":\"https:\/\/radiolifefm.com.br\/noticias\/?s={search_term_string}\"},\"query-input\":{\"@type\":\"PropertyValueSpecification\",\"valueRequired\":true,\"valueName\":\"search_term_string\"}}],\"inLanguage\":\"pt-BR\"},{\"@type\":\"Organization\",\"@id\":\"https:\/\/radiolifefm.com.br\/noticias\/#organization\",\"name\":\"R\u00e1dio Life FM\",\"alternateName\":\"Life FM\",\"url\":\"https:\/\/radiolifefm.com.br\/noticias\/\",\"logo\":{\"@type\":\"ImageObject\",\"inLanguage\":\"pt-BR\",\"@id\":\"https:\/\/radiolifefm.com.br\/noticias\/#\/schema\/logo\/image\/\",\"url\":\"https:\/\/static.radiolifefm.com.br\/noticias\/wp-content\/uploads\/2019\/10\/logo-lifefm.png\",\"contentUrl\":\"https:\/\/static.radiolifefm.com.br\/noticias\/wp-content\/uploads\/2019\/10\/logo-lifefm.png\",\"width\":196,\"height\":47,\"caption\":\"R\u00e1dio Life FM\"},\"image\":{\"@id\":\"https:\/\/radiolifefm.com.br\/noticias\/#\/schema\/logo\/image\/\"},\"sameAs\":[\"https:\/\/www.facebook.com\/radiolifefm\/\",\"https:\/\/www.instagram.com\/life1079fm\/\"]},{\"@type\":\"Person\",\"@id\":\"https:\/\/radiolifefm.com.br\/noticias\/#\/schema\/person\/1d4e4b1301322090c6221bf1c8420490\",\"name\":\"lifefm\",\"image\":{\"@type\":\"ImageObject\",\"inLanguage\":\"pt-BR\",\"@id\":\"https:\/\/secure.gravatar.com\/avatar\/eca268467d925ec97d20641bb054fd944c0abb2f92854171620706bbe6474e7c?s=96&d=mm&r=g\",\"url\":\"https:\/\/secure.gravatar.com\/avatar\/eca268467d925ec97d20641bb054fd944c0abb2f92854171620706bbe6474e7c?s=96&d=mm&r=g\",\"contentUrl\":\"https:\/\/secure.gravatar.com\/avatar\/eca268467d925ec97d20641bb054fd944c0abb2f92854171620706bbe6474e7c?s=96&d=mm&r=g\",\"caption\":\"lifefm\"}}]}<\/script>\n<!-- \/ Yoast SEO plugin. -->","yoast_head_json":{"title":"\"Contos da Carochinha\" em terras provincianas... - R\u00e1dio Life FM","robots":{"index":"index","follow":"follow","max-snippet":"max-snippet:-1","max-image-preview":"max-image-preview:large","max-video-preview":"max-video-preview:-1"},"canonical":"https:\/\/radiolifefm.com.br\/noticias\/contos-da-carochinha-em-terras-provincianas\/","og_locale":"pt_BR","og_type":"article","og_title":"\"Contos da Carochinha\" em terras provincianas... - R\u00e1dio Life FM","og_description":"&#8220;Uma narrativa fict\u00edcia no que tange a seus personagens. Onde todos se encontram no mundo do faz de conta. Cada hist\u00f3ria tem sua \u00e9tica ou moral a ser refletida e utilizada, com situa\u00e7\u00f5es e\/ou personagens n\u00e3o reais.&#8221; Chapeuzinho Vermelho e o Lobo Mau \u00e9 um conto-da-carochinha. (Fonte: Significado de Conto-da-carochinha Por Dicion\u00e1rio inFormal (SP) em [&hellip;]","og_url":"https:\/\/radiolifefm.com.br\/noticias\/contos-da-carochinha-em-terras-provincianas\/","og_site_name":"R\u00e1dio Life FM","article_publisher":"https:\/\/www.facebook.com\/radiolifefm\/","article_published_time":"2019-05-02T11:11:05+00:00","article_modified_time":"2026-04-24T10:56:33+00:00","og_image":[{"width":1024,"height":768,"url":"https:\/\/radiolifefm.com.br\/noticias\/wp-content\/uploads\/2019\/05\/Sebar-1024x768.jpg","type":"image\/jpeg"}],"author":"lifefm","twitter_card":"summary_large_image","twitter_misc":{"Escrito por":"lifefm","Est. tempo de leitura":"3 minutos"},"schema":{"@context":"https:\/\/schema.org","@graph":[{"@type":"Article","@id":"https:\/\/radiolifefm.com.br\/noticias\/contos-da-carochinha-em-terras-provincianas\/#article","isPartOf":{"@id":"https:\/\/radiolifefm.com.br\/noticias\/contos-da-carochinha-em-terras-provincianas\/"},"author":{"name":"lifefm","@id":"https:\/\/radiolifefm.com.br\/noticias\/#\/schema\/person\/1d4e4b1301322090c6221bf1c8420490"},"headline":"&#8220;Contos da Carochinha&#8221; em terras provincianas&#8230;","datePublished":"2019-05-02T11:11:05+00:00","dateModified":"2026-04-24T10:56:33+00:00","mainEntityOfPage":{"@id":"https:\/\/radiolifefm.com.br\/noticias\/contos-da-carochinha-em-terras-provincianas\/"},"wordCount":615,"publisher":{"@id":"https:\/\/radiolifefm.com.br\/noticias\/#organization"},"image":{"@id":"https:\/\/radiolifefm.com.br\/noticias\/contos-da-carochinha-em-terras-provincianas\/#primaryimage"},"thumbnailUrl":"https:\/\/radiolifefm.com.br\/noticias\/wp-content\/uploads\/2019\/05\/Sebar.jpg","articleSection":["Opini\u00e3o"],"inLanguage":"pt-BR"},{"@type":"WebPage","@id":"https:\/\/radiolifefm.com.br\/noticias\/contos-da-carochinha-em-terras-provincianas\/","url":"https:\/\/radiolifefm.com.br\/noticias\/contos-da-carochinha-em-terras-provincianas\/","name":"\"Contos da Carochinha\" em terras provincianas... - R\u00e1dio Life FM","isPartOf":{"@id":"https:\/\/radiolifefm.com.br\/noticias\/#website"},"primaryImageOfPage":{"@id":"https:\/\/radiolifefm.com.br\/noticias\/contos-da-carochinha-em-terras-provincianas\/#primaryimage"},"image":{"@id":"https:\/\/radiolifefm.com.br\/noticias\/contos-da-carochinha-em-terras-provincianas\/#primaryimage"},"thumbnailUrl":"https:\/\/radiolifefm.com.br\/noticias\/wp-content\/uploads\/2019\/05\/Sebar.jpg","datePublished":"2019-05-02T11:11:05+00:00","dateModified":"2026-04-24T10:56:33+00:00","breadcrumb":{"@id":"https:\/\/radiolifefm.com.br\/noticias\/contos-da-carochinha-em-terras-provincianas\/#breadcrumb"},"inLanguage":"pt-BR","potentialAction":[{"@type":"ReadAction","target":["https:\/\/radiolifefm.com.br\/noticias\/contos-da-carochinha-em-terras-provincianas\/"]}]},{"@type":"ImageObject","inLanguage":"pt-BR","@id":"https:\/\/radiolifefm.com.br\/noticias\/contos-da-carochinha-em-terras-provincianas\/#primaryimage","url":"https:\/\/radiolifefm.com.br\/noticias\/wp-content\/uploads\/2019\/05\/Sebar.jpg","contentUrl":"https:\/\/radiolifefm.com.br\/noticias\/wp-content\/uploads\/2019\/05\/Sebar.jpg","width":3648,"height":2736},{"@type":"BreadcrumbList","@id":"https:\/\/radiolifefm.com.br\/noticias\/contos-da-carochinha-em-terras-provincianas\/#breadcrumb","itemListElement":[{"@type":"ListItem","position":1,"name":"In\u00edcio","item":"https:\/\/radiolifefm.com.br\/noticias\/"},{"@type":"ListItem","position":2,"name":"&#8220;Contos da Carochinha&#8221; em terras provincianas&#8230;"}]},{"@type":"WebSite","@id":"https:\/\/radiolifefm.com.br\/noticias\/#website","url":"https:\/\/radiolifefm.com.br\/noticias\/","name":"R\u00e1dio Life FM","description":"O Portal de Not\u00edcias de Adamantina","publisher":{"@id":"https:\/\/radiolifefm.com.br\/noticias\/#organization"},"alternateName":"Life FM","potentialAction":[{"@type":"SearchAction","target":{"@type":"EntryPoint","urlTemplate":"https:\/\/radiolifefm.com.br\/noticias\/?s={search_term_string}"},"query-input":{"@type":"PropertyValueSpecification","valueRequired":true,"valueName":"search_term_string"}}],"inLanguage":"pt-BR"},{"@type":"Organization","@id":"https:\/\/radiolifefm.com.br\/noticias\/#organization","name":"R\u00e1dio Life FM","alternateName":"Life FM","url":"https:\/\/radiolifefm.com.br\/noticias\/","logo":{"@type":"ImageObject","inLanguage":"pt-BR","@id":"https:\/\/radiolifefm.com.br\/noticias\/#\/schema\/logo\/image\/","url":"https:\/\/static.radiolifefm.com.br\/noticias\/wp-content\/uploads\/2019\/10\/logo-lifefm.png","contentUrl":"https:\/\/static.radiolifefm.com.br\/noticias\/wp-content\/uploads\/2019\/10\/logo-lifefm.png","width":196,"height":47,"caption":"R\u00e1dio Life FM"},"image":{"@id":"https:\/\/radiolifefm.com.br\/noticias\/#\/schema\/logo\/image\/"},"sameAs":["https:\/\/www.facebook.com\/radiolifefm\/","https:\/\/www.instagram.com\/life1079fm\/"]},{"@type":"Person","@id":"https:\/\/radiolifefm.com.br\/noticias\/#\/schema\/person\/1d4e4b1301322090c6221bf1c8420490","name":"lifefm","image":{"@type":"ImageObject","inLanguage":"pt-BR","@id":"https:\/\/secure.gravatar.com\/avatar\/eca268467d925ec97d20641bb054fd944c0abb2f92854171620706bbe6474e7c?s=96&d=mm&r=g","url":"https:\/\/secure.gravatar.com\/avatar\/eca268467d925ec97d20641bb054fd944c0abb2f92854171620706bbe6474e7c?s=96&d=mm&r=g","contentUrl":"https:\/\/secure.gravatar.com\/avatar\/eca268467d925ec97d20641bb054fd944c0abb2f92854171620706bbe6474e7c?s=96&d=mm&r=g","caption":"lifefm"}}]}},"amp_enabled":true,"_links":{"self":[{"href":"https:\/\/radiolifefm.com.br\/noticias\/wp-json\/wp\/v2\/posts\/12554","targetHints":{"allow":["GET"]}}],"collection":[{"href":"https:\/\/radiolifefm.com.br\/noticias\/wp-json\/wp\/v2\/posts"}],"about":[{"href":"https:\/\/radiolifefm.com.br\/noticias\/wp-json\/wp\/v2\/types\/post"}],"author":[{"embeddable":true,"href":"https:\/\/radiolifefm.com.br\/noticias\/wp-json\/wp\/v2\/users\/3"}],"replies":[{"embeddable":true,"href":"https:\/\/radiolifefm.com.br\/noticias\/wp-json\/wp\/v2\/comments?post=12554"}],"version-history":[{"count":2,"href":"https:\/\/radiolifefm.com.br\/noticias\/wp-json\/wp\/v2\/posts\/12554\/revisions"}],"predecessor-version":[{"id":12559,"href":"https:\/\/radiolifefm.com.br\/noticias\/wp-json\/wp\/v2\/posts\/12554\/revisions\/12559"}],"wp:featuredmedia":[{"embeddable":true,"href":"https:\/\/radiolifefm.com.br\/noticias\/wp-json\/wp\/v2\/media\/12556"}],"wp:attachment":[{"href":"https:\/\/radiolifefm.com.br\/noticias\/wp-json\/wp\/v2\/media?parent=12554"}],"wp:term":[{"taxonomy":"category","embeddable":true,"href":"https:\/\/radiolifefm.com.br\/noticias\/wp-json\/wp\/v2\/categories?post=12554"},{"taxonomy":"post_tag","embeddable":true,"href":"https:\/\/radiolifefm.com.br\/noticias\/wp-json\/wp\/v2\/tags?post=12554"}],"curies":[{"name":"wp","href":"https:\/\/api.w.org\/{rel}","templated":true}]}}