{"id":12454,"date":"2019-04-29T09:37:19","date_gmt":"2019-04-29T12:37:19","guid":{"rendered":"https:\/\/radiolifefm.com.br\/noticias\/?p=12454"},"modified":"2026-04-22T10:56:08","modified_gmt":"2026-04-22T13:56:08","slug":"pedreiro-tem-morte-cerebral-apos-cair-de-escada-e-orgaos-sao-doados-por-familiares","status":"publish","type":"post","link":"https:\/\/radiolifefm.com.br\/noticias\/pedreiro-tem-morte-cerebral-apos-cair-de-escada-e-orgaos-sao-doados-por-familiares\/","title":{"rendered":"Pedreiro tem morte cerebral ap\u00f3s cair de escada e \u00f3rg\u00e3os s\u00e3o doados por familiares"},"content":{"rendered":"<div id=\"fb-root\"><\/div>\n<p><em>Foram captados os rins, as c\u00f3rneas e os ossos, que beneficiar\u00e3o mais de cinco pessoas<\/em><\/p>\n<p>Foi realizada neste s\u00e1bado (27), na Santa Casa de Presidente Prudente, a retirada de \u00f3rg\u00e3os do pedreiro Jos\u00e9 Gilberto de Souza, de 44, morador em Panorama, que foram captados para doa\u00e7\u00e3o.<\/p>\n<p>Ele trabalhava em uma obra e ap\u00f3s cair de uma escada, sofreu fraturas graves na cabe\u00e7a. Foi socorrido, mas teve morte cerebral diagnosticada pela equipe m\u00e9dica. Sensibilizada, a fam\u00edlia autorizou a doa\u00e7\u00e3o dos \u00f3rg\u00e3os para transplante. Segundo a Santa Casa de Presidente Prudente, foram captados os rins, as c\u00f3rneas e os ossos do pedreiro de panorama.<\/p>\n<p>A retirada dos rins foi realizada pela equipe de transplantes e capta\u00e7\u00e3o do hospital. \u201cPara o reimplante dos rins, temos at\u00e9 48 horas ap\u00f3s essa capta\u00e7\u00e3o\u201d, explicou o urologista Matheus Rodrigues.<\/p>\n<div class='flex flex-wrap items-center -mx-1'>\r\n<a class='thumbnail gallery p-1 w-1\/2 md:w-1\/4' href='https:\/\/radiolifefm.com.br\/noticias\/wp-content\/uploads\/2019\/04\/Urologistas-Transplante.jpg'><img class='border border-white' src='https:\/\/radiolifefm.com.br\/noticias\/wp-content\/uploads\/2019\/04\/Urologistas-Transplante-200x200.jpg' alt='Urologistas   Transplante' \/><\/a><\/div>\n<p>Os rins e as c\u00f3rneas foram encaminhados para a Organiza\u00e7\u00e3o de Procura de \u00d3rg\u00e3os (OPO), de Mar\u00edlia, que, ap\u00f3s o exame de compatibilidade, faz a distribui\u00e7\u00e3o de acordo com a fila de espera. Os ossos foram captados por uma equipe de um banco de tecido \u00f3sseo de Mar\u00edlia.<\/p>\n<p>A Santa Casa de Presidente Prudente informou que mais de cinco pessoas que esperam por um transplante ser\u00e3o beneficiadas com os \u00f3rg\u00e3os do morador de Panorama.<\/p>\n<p>Nos \u00faltimos 15 dias, esta foi a terceira capta\u00e7\u00e3o de m\u00faltiplos \u00f3rg\u00e3os realizada no hospital prudentino. Nos \u00faltimos dois casos, uma mulher de 50 anos e um homem de 57, que morreram de AVC hemorr\u00e1gico, as fam\u00edlias aceitaram fazer a doa\u00e7\u00e3o.<\/p>\n<p>Segundo o m\u00e9dico coordenador da Comiss\u00e3o Intra-Hospitalar de Transplantes, Carlos Eduardo Bosso, um aumento na chegada de casos neurol\u00f3gicos graves e a circula\u00e7\u00e3o de informa\u00e7\u00f5es acabam incentivando a doa\u00e7\u00e3o.<\/p>\n<p>Portal Regional<\/p>\n<p>Reda\u00e7\u00e3o &#8211; Kako de Oliveira<\/p>\n<div class='flex flex-wrap items-center -mx-1'>\r\n<a class='thumbnail gallery p-1 w-1\/2 md:w-1\/4' href='https:\/\/radiolifefm.com.br\/noticias\/wp-content\/uploads\/2019\/04\/\u00d3rg\u00e3os-Transplante.jpg'><img class='border border-white' src='https:\/\/radiolifefm.com.br\/noticias\/wp-content\/uploads\/2019\/04\/\u00d3rg\u00e3os-Transplante-200x200.jpg' alt='\u00d3rg\u00e3os   Transplante' \/><\/a><\/div>\n","protected":false},"excerpt":{"rendered":"<p>Foram captados os rins, as c\u00f3rneas e os ossos, que beneficiar\u00e3o mais de cinco pessoas Foi realizada neste s\u00e1bado (27), na Santa Casa de Presidente Prudente, a retirada de \u00f3rg\u00e3os do pedreiro Jos\u00e9 Gilberto de Souza, de 44, morador em Panorama, que foram captados para doa\u00e7\u00e3o. Ele trabalhava em uma obra e ap\u00f3s cair de [&hellip;]<\/p>\n","protected":false},"author":8,"featured_media":12455,"comment_status":"closed","ping_status":"open","sticky":false,"template":"","format":"standard","meta":{"_acf_changed":false,"_exactmetrics_skip_tracking":false,"_exactmetrics_sitenote_active":false,"_exactmetrics_sitenote_note":"","_exactmetrics_sitenote_category":0,"footnotes":""},"categories":[24],"tags":[],"class_list":["post-12454","post","type-post","status-publish","format-standard","has-post-thumbnail","hentry","category-regiao"],"acf":[],"yoast_head":"<!-- This site is optimized with the Yoast SEO plugin v27.2 - https:\/\/yoast.com\/product\/yoast-seo-wordpress\/ -->\n<title>Pedreiro tem morte cerebral ap\u00f3s cair de escada e \u00f3rg\u00e3os s\u00e3o doados por familiares - R\u00e1dio Life FM<\/title>\n<meta name=\"robots\" content=\"index, follow, max-snippet:-1, max-image-preview:large, max-video-preview:-1\" \/>\n<link rel=\"canonical\" href=\"https:\/\/radiolifefm.com.br\/noticias\/pedreiro-tem-morte-cerebral-apos-cair-de-escada-e-orgaos-sao-doados-por-familiares\/\" \/>\n<meta property=\"og:locale\" content=\"pt_BR\" \/>\n<meta property=\"og:type\" content=\"article\" \/>\n<meta property=\"og:title\" content=\"Pedreiro tem morte cerebral ap\u00f3s cair de escada e \u00f3rg\u00e3os s\u00e3o doados por familiares - R\u00e1dio Life FM\" \/>\n<meta property=\"og:description\" content=\"Foram captados os rins, as c\u00f3rneas e os ossos, que beneficiar\u00e3o mais de cinco pessoas Foi realizada neste s\u00e1bado (27), na Santa Casa de Presidente Prudente, a retirada de \u00f3rg\u00e3os do pedreiro Jos\u00e9 Gilberto de Souza, de 44, morador em Panorama, que foram captados para doa\u00e7\u00e3o. Ele trabalhava em uma obra e ap\u00f3s cair de [&hellip;]\" \/>\n<meta property=\"og:url\" content=\"https:\/\/radiolifefm.com.br\/noticias\/pedreiro-tem-morte-cerebral-apos-cair-de-escada-e-orgaos-sao-doados-por-familiares\/\" \/>\n<meta property=\"og:site_name\" content=\"R\u00e1dio Life FM\" \/>\n<meta property=\"article:publisher\" content=\"https:\/\/www.facebook.com\/radiolifefm\/\" \/>\n<meta property=\"article:published_time\" content=\"2019-04-29T12:37:19+00:00\" \/>\n<meta property=\"article:modified_time\" content=\"2026-04-22T13:56:08+00:00\" \/>\n<meta property=\"og:image\" content=\"https:\/\/radiolifefm.com.br\/noticias\/wp-content\/uploads\/2019\/04\/Gilberto-Transplante.jpg\" \/>\n\t<meta property=\"og:image:width\" content=\"500\" \/>\n\t<meta property=\"og:image:height\" content=\"571\" \/>\n\t<meta property=\"og:image:type\" content=\"image\/jpeg\" \/>\n<meta name=\"author\" content=\"joaograndao\" \/>\n<meta name=\"twitter:card\" content=\"summary_large_image\" \/>\n<meta name=\"twitter:label1\" content=\"Escrito por\" \/>\n\t<meta name=\"twitter:data1\" content=\"joaograndao\" \/>\n\t<meta name=\"twitter:label2\" content=\"Est. tempo de leitura\" \/>\n\t<meta name=\"twitter:data2\" content=\"2 minutos\" \/>\n<script type=\"application\/ld+json\" class=\"yoast-schema-graph\">{\"@context\":\"https:\/\/schema.org\",\"@graph\":[{\"@type\":\"Article\",\"@id\":\"https:\/\/radiolifefm.com.br\/noticias\/pedreiro-tem-morte-cerebral-apos-cair-de-escada-e-orgaos-sao-doados-por-familiares\/#article\",\"isPartOf\":{\"@id\":\"https:\/\/radiolifefm.com.br\/noticias\/pedreiro-tem-morte-cerebral-apos-cair-de-escada-e-orgaos-sao-doados-por-familiares\/\"},\"author\":{\"name\":\"joaograndao\",\"@id\":\"https:\/\/radiolifefm.com.br\/noticias\/#\/schema\/person\/6876e1240feffe6e1b63fd5cb85abf28\"},\"headline\":\"Pedreiro tem morte cerebral ap\u00f3s cair de escada e \u00f3rg\u00e3os s\u00e3o doados por familiares\",\"datePublished\":\"2019-04-29T12:37:19+00:00\",\"dateModified\":\"2026-04-22T13:56:08+00:00\",\"mainEntityOfPage\":{\"@id\":\"https:\/\/radiolifefm.com.br\/noticias\/pedreiro-tem-morte-cerebral-apos-cair-de-escada-e-orgaos-sao-doados-por-familiares\/\"},\"wordCount\":336,\"publisher\":{\"@id\":\"https:\/\/radiolifefm.com.br\/noticias\/#organization\"},\"image\":{\"@id\":\"https:\/\/radiolifefm.com.br\/noticias\/pedreiro-tem-morte-cerebral-apos-cair-de-escada-e-orgaos-sao-doados-por-familiares\/#primaryimage\"},\"thumbnailUrl\":\"https:\/\/radiolifefm.com.br\/noticias\/wp-content\/uploads\/2019\/04\/Gilberto-Transplante.jpg\",\"articleSection\":[\"Regi\u00e3o\"],\"inLanguage\":\"pt-BR\"},{\"@type\":\"WebPage\",\"@id\":\"https:\/\/radiolifefm.com.br\/noticias\/pedreiro-tem-morte-cerebral-apos-cair-de-escada-e-orgaos-sao-doados-por-familiares\/\",\"url\":\"https:\/\/radiolifefm.com.br\/noticias\/pedreiro-tem-morte-cerebral-apos-cair-de-escada-e-orgaos-sao-doados-por-familiares\/\",\"name\":\"Pedreiro tem morte cerebral ap\u00f3s cair de escada e \u00f3rg\u00e3os s\u00e3o doados por familiares - R\u00e1dio Life FM\",\"isPartOf\":{\"@id\":\"https:\/\/radiolifefm.com.br\/noticias\/#website\"},\"primaryImageOfPage\":{\"@id\":\"https:\/\/radiolifefm.com.br\/noticias\/pedreiro-tem-morte-cerebral-apos-cair-de-escada-e-orgaos-sao-doados-por-familiares\/#primaryimage\"},\"image\":{\"@id\":\"https:\/\/radiolifefm.com.br\/noticias\/pedreiro-tem-morte-cerebral-apos-cair-de-escada-e-orgaos-sao-doados-por-familiares\/#primaryimage\"},\"thumbnailUrl\":\"https:\/\/radiolifefm.com.br\/noticias\/wp-content\/uploads\/2019\/04\/Gilberto-Transplante.jpg\",\"datePublished\":\"2019-04-29T12:37:19+00:00\",\"dateModified\":\"2026-04-22T13:56:08+00:00\",\"breadcrumb\":{\"@id\":\"https:\/\/radiolifefm.com.br\/noticias\/pedreiro-tem-morte-cerebral-apos-cair-de-escada-e-orgaos-sao-doados-por-familiares\/#breadcrumb\"},\"inLanguage\":\"pt-BR\",\"potentialAction\":[{\"@type\":\"ReadAction\",\"target\":[\"https:\/\/radiolifefm.com.br\/noticias\/pedreiro-tem-morte-cerebral-apos-cair-de-escada-e-orgaos-sao-doados-por-familiares\/\"]}]},{\"@type\":\"ImageObject\",\"inLanguage\":\"pt-BR\",\"@id\":\"https:\/\/radiolifefm.com.br\/noticias\/pedreiro-tem-morte-cerebral-apos-cair-de-escada-e-orgaos-sao-doados-por-familiares\/#primaryimage\",\"url\":\"https:\/\/radiolifefm.com.br\/noticias\/wp-content\/uploads\/2019\/04\/Gilberto-Transplante.jpg\",\"contentUrl\":\"https:\/\/radiolifefm.com.br\/noticias\/wp-content\/uploads\/2019\/04\/Gilberto-Transplante.jpg\",\"width\":500,\"height\":571,\"caption\":\"Ap\u00f3s constatada a morte cerebral do pedreiro Jos\u00e9 Gilberto de Souza, fam\u00edlia autorizou doa\u00e7\u00e3o de \u00f3rg\u00e3os (Reprodu\u00e7\u00e3o\/Panorama Not\u00edcia)\"},{\"@type\":\"BreadcrumbList\",\"@id\":\"https:\/\/radiolifefm.com.br\/noticias\/pedreiro-tem-morte-cerebral-apos-cair-de-escada-e-orgaos-sao-doados-por-familiares\/#breadcrumb\",\"itemListElement\":[{\"@type\":\"ListItem\",\"position\":1,\"name\":\"In\u00edcio\",\"item\":\"https:\/\/radiolifefm.com.br\/noticias\/\"},{\"@type\":\"ListItem\",\"position\":2,\"name\":\"Pedreiro tem morte cerebral ap\u00f3s cair de escada e \u00f3rg\u00e3os s\u00e3o doados por familiares\"}]},{\"@type\":\"WebSite\",\"@id\":\"https:\/\/radiolifefm.com.br\/noticias\/#website\",\"url\":\"https:\/\/radiolifefm.com.br\/noticias\/\",\"name\":\"R\u00e1dio Life FM\",\"description\":\"O Portal de Not\u00edcias de Adamantina\",\"publisher\":{\"@id\":\"https:\/\/radiolifefm.com.br\/noticias\/#organization\"},\"alternateName\":\"Life FM\",\"potentialAction\":[{\"@type\":\"SearchAction\",\"target\":{\"@type\":\"EntryPoint\",\"urlTemplate\":\"https:\/\/radiolifefm.com.br\/noticias\/?s={search_term_string}\"},\"query-input\":{\"@type\":\"PropertyValueSpecification\",\"valueRequired\":true,\"valueName\":\"search_term_string\"}}],\"inLanguage\":\"pt-BR\"},{\"@type\":\"Organization\",\"@id\":\"https:\/\/radiolifefm.com.br\/noticias\/#organization\",\"name\":\"R\u00e1dio Life FM\",\"alternateName\":\"Life FM\",\"url\":\"https:\/\/radiolifefm.com.br\/noticias\/\",\"logo\":{\"@type\":\"ImageObject\",\"inLanguage\":\"pt-BR\",\"@id\":\"https:\/\/radiolifefm.com.br\/noticias\/#\/schema\/logo\/image\/\",\"url\":\"https:\/\/static.radiolifefm.com.br\/noticias\/wp-content\/uploads\/2019\/10\/logo-lifefm.png\",\"contentUrl\":\"https:\/\/static.radiolifefm.com.br\/noticias\/wp-content\/uploads\/2019\/10\/logo-lifefm.png\",\"width\":196,\"height\":47,\"caption\":\"R\u00e1dio Life FM\"},\"image\":{\"@id\":\"https:\/\/radiolifefm.com.br\/noticias\/#\/schema\/logo\/image\/\"},\"sameAs\":[\"https:\/\/www.facebook.com\/radiolifefm\/\",\"https:\/\/www.instagram.com\/life1079fm\/\"]},{\"@type\":\"Person\",\"@id\":\"https:\/\/radiolifefm.com.br\/noticias\/#\/schema\/person\/6876e1240feffe6e1b63fd5cb85abf28\",\"name\":\"joaograndao\",\"image\":{\"@type\":\"ImageObject\",\"inLanguage\":\"pt-BR\",\"@id\":\"https:\/\/secure.gravatar.com\/avatar\/d5b1a3cf357ed9c50404e256a1294083aa8ab5d2a994001567302786016cb32c?s=96&d=mm&r=g\",\"url\":\"https:\/\/secure.gravatar.com\/avatar\/d5b1a3cf357ed9c50404e256a1294083aa8ab5d2a994001567302786016cb32c?s=96&d=mm&r=g\",\"contentUrl\":\"https:\/\/secure.gravatar.com\/avatar\/d5b1a3cf357ed9c50404e256a1294083aa8ab5d2a994001567302786016cb32c?s=96&d=mm&r=g\",\"caption\":\"joaograndao\"}}]}<\/script>\n<!-- \/ Yoast SEO plugin. -->","yoast_head_json":{"title":"Pedreiro tem morte cerebral ap\u00f3s cair de escada e \u00f3rg\u00e3os s\u00e3o doados por familiares - R\u00e1dio Life FM","robots":{"index":"index","follow":"follow","max-snippet":"max-snippet:-1","max-image-preview":"max-image-preview:large","max-video-preview":"max-video-preview:-1"},"canonical":"https:\/\/radiolifefm.com.br\/noticias\/pedreiro-tem-morte-cerebral-apos-cair-de-escada-e-orgaos-sao-doados-por-familiares\/","og_locale":"pt_BR","og_type":"article","og_title":"Pedreiro tem morte cerebral ap\u00f3s cair de escada e \u00f3rg\u00e3os s\u00e3o doados por familiares - R\u00e1dio Life FM","og_description":"Foram captados os rins, as c\u00f3rneas e os ossos, que beneficiar\u00e3o mais de cinco pessoas Foi realizada neste s\u00e1bado (27), na Santa Casa de Presidente Prudente, a retirada de \u00f3rg\u00e3os do pedreiro Jos\u00e9 Gilberto de Souza, de 44, morador em Panorama, que foram captados para doa\u00e7\u00e3o. Ele trabalhava em uma obra e ap\u00f3s cair de [&hellip;]","og_url":"https:\/\/radiolifefm.com.br\/noticias\/pedreiro-tem-morte-cerebral-apos-cair-de-escada-e-orgaos-sao-doados-por-familiares\/","og_site_name":"R\u00e1dio Life FM","article_publisher":"https:\/\/www.facebook.com\/radiolifefm\/","article_published_time":"2019-04-29T12:37:19+00:00","article_modified_time":"2026-04-22T13:56:08+00:00","og_image":[{"width":500,"height":571,"url":"https:\/\/radiolifefm.com.br\/noticias\/wp-content\/uploads\/2019\/04\/Gilberto-Transplante.jpg","type":"image\/jpeg"}],"author":"joaograndao","twitter_card":"summary_large_image","twitter_misc":{"Escrito por":"joaograndao","Est. tempo de leitura":"2 minutos"},"schema":{"@context":"https:\/\/schema.org","@graph":[{"@type":"Article","@id":"https:\/\/radiolifefm.com.br\/noticias\/pedreiro-tem-morte-cerebral-apos-cair-de-escada-e-orgaos-sao-doados-por-familiares\/#article","isPartOf":{"@id":"https:\/\/radiolifefm.com.br\/noticias\/pedreiro-tem-morte-cerebral-apos-cair-de-escada-e-orgaos-sao-doados-por-familiares\/"},"author":{"name":"joaograndao","@id":"https:\/\/radiolifefm.com.br\/noticias\/#\/schema\/person\/6876e1240feffe6e1b63fd5cb85abf28"},"headline":"Pedreiro tem morte cerebral ap\u00f3s cair de escada e \u00f3rg\u00e3os s\u00e3o doados por familiares","datePublished":"2019-04-29T12:37:19+00:00","dateModified":"2026-04-22T13:56:08+00:00","mainEntityOfPage":{"@id":"https:\/\/radiolifefm.com.br\/noticias\/pedreiro-tem-morte-cerebral-apos-cair-de-escada-e-orgaos-sao-doados-por-familiares\/"},"wordCount":336,"publisher":{"@id":"https:\/\/radiolifefm.com.br\/noticias\/#organization"},"image":{"@id":"https:\/\/radiolifefm.com.br\/noticias\/pedreiro-tem-morte-cerebral-apos-cair-de-escada-e-orgaos-sao-doados-por-familiares\/#primaryimage"},"thumbnailUrl":"https:\/\/radiolifefm.com.br\/noticias\/wp-content\/uploads\/2019\/04\/Gilberto-Transplante.jpg","articleSection":["Regi\u00e3o"],"inLanguage":"pt-BR"},{"@type":"WebPage","@id":"https:\/\/radiolifefm.com.br\/noticias\/pedreiro-tem-morte-cerebral-apos-cair-de-escada-e-orgaos-sao-doados-por-familiares\/","url":"https:\/\/radiolifefm.com.br\/noticias\/pedreiro-tem-morte-cerebral-apos-cair-de-escada-e-orgaos-sao-doados-por-familiares\/","name":"Pedreiro tem morte cerebral ap\u00f3s cair de escada e \u00f3rg\u00e3os s\u00e3o doados por familiares - R\u00e1dio Life FM","isPartOf":{"@id":"https:\/\/radiolifefm.com.br\/noticias\/#website"},"primaryImageOfPage":{"@id":"https:\/\/radiolifefm.com.br\/noticias\/pedreiro-tem-morte-cerebral-apos-cair-de-escada-e-orgaos-sao-doados-por-familiares\/#primaryimage"},"image":{"@id":"https:\/\/radiolifefm.com.br\/noticias\/pedreiro-tem-morte-cerebral-apos-cair-de-escada-e-orgaos-sao-doados-por-familiares\/#primaryimage"},"thumbnailUrl":"https:\/\/radiolifefm.com.br\/noticias\/wp-content\/uploads\/2019\/04\/Gilberto-Transplante.jpg","datePublished":"2019-04-29T12:37:19+00:00","dateModified":"2026-04-22T13:56:08+00:00","breadcrumb":{"@id":"https:\/\/radiolifefm.com.br\/noticias\/pedreiro-tem-morte-cerebral-apos-cair-de-escada-e-orgaos-sao-doados-por-familiares\/#breadcrumb"},"inLanguage":"pt-BR","potentialAction":[{"@type":"ReadAction","target":["https:\/\/radiolifefm.com.br\/noticias\/pedreiro-tem-morte-cerebral-apos-cair-de-escada-e-orgaos-sao-doados-por-familiares\/"]}]},{"@type":"ImageObject","inLanguage":"pt-BR","@id":"https:\/\/radiolifefm.com.br\/noticias\/pedreiro-tem-morte-cerebral-apos-cair-de-escada-e-orgaos-sao-doados-por-familiares\/#primaryimage","url":"https:\/\/radiolifefm.com.br\/noticias\/wp-content\/uploads\/2019\/04\/Gilberto-Transplante.jpg","contentUrl":"https:\/\/radiolifefm.com.br\/noticias\/wp-content\/uploads\/2019\/04\/Gilberto-Transplante.jpg","width":500,"height":571,"caption":"Ap\u00f3s constatada a morte cerebral do pedreiro Jos\u00e9 Gilberto de Souza, fam\u00edlia autorizou doa\u00e7\u00e3o de \u00f3rg\u00e3os (Reprodu\u00e7\u00e3o\/Panorama Not\u00edcia)"},{"@type":"BreadcrumbList","@id":"https:\/\/radiolifefm.com.br\/noticias\/pedreiro-tem-morte-cerebral-apos-cair-de-escada-e-orgaos-sao-doados-por-familiares\/#breadcrumb","itemListElement":[{"@type":"ListItem","position":1,"name":"In\u00edcio","item":"https:\/\/radiolifefm.com.br\/noticias\/"},{"@type":"ListItem","position":2,"name":"Pedreiro tem morte cerebral ap\u00f3s cair de escada e \u00f3rg\u00e3os s\u00e3o doados por familiares"}]},{"@type":"WebSite","@id":"https:\/\/radiolifefm.com.br\/noticias\/#website","url":"https:\/\/radiolifefm.com.br\/noticias\/","name":"R\u00e1dio Life FM","description":"O Portal de Not\u00edcias de Adamantina","publisher":{"@id":"https:\/\/radiolifefm.com.br\/noticias\/#organization"},"alternateName":"Life FM","potentialAction":[{"@type":"SearchAction","target":{"@type":"EntryPoint","urlTemplate":"https:\/\/radiolifefm.com.br\/noticias\/?s={search_term_string}"},"query-input":{"@type":"PropertyValueSpecification","valueRequired":true,"valueName":"search_term_string"}}],"inLanguage":"pt-BR"},{"@type":"Organization","@id":"https:\/\/radiolifefm.com.br\/noticias\/#organization","name":"R\u00e1dio Life FM","alternateName":"Life FM","url":"https:\/\/radiolifefm.com.br\/noticias\/","logo":{"@type":"ImageObject","inLanguage":"pt-BR","@id":"https:\/\/radiolifefm.com.br\/noticias\/#\/schema\/logo\/image\/","url":"https:\/\/static.radiolifefm.com.br\/noticias\/wp-content\/uploads\/2019\/10\/logo-lifefm.png","contentUrl":"https:\/\/static.radiolifefm.com.br\/noticias\/wp-content\/uploads\/2019\/10\/logo-lifefm.png","width":196,"height":47,"caption":"R\u00e1dio Life FM"},"image":{"@id":"https:\/\/radiolifefm.com.br\/noticias\/#\/schema\/logo\/image\/"},"sameAs":["https:\/\/www.facebook.com\/radiolifefm\/","https:\/\/www.instagram.com\/life1079fm\/"]},{"@type":"Person","@id":"https:\/\/radiolifefm.com.br\/noticias\/#\/schema\/person\/6876e1240feffe6e1b63fd5cb85abf28","name":"joaograndao","image":{"@type":"ImageObject","inLanguage":"pt-BR","@id":"https:\/\/secure.gravatar.com\/avatar\/d5b1a3cf357ed9c50404e256a1294083aa8ab5d2a994001567302786016cb32c?s=96&d=mm&r=g","url":"https:\/\/secure.gravatar.com\/avatar\/d5b1a3cf357ed9c50404e256a1294083aa8ab5d2a994001567302786016cb32c?s=96&d=mm&r=g","contentUrl":"https:\/\/secure.gravatar.com\/avatar\/d5b1a3cf357ed9c50404e256a1294083aa8ab5d2a994001567302786016cb32c?s=96&d=mm&r=g","caption":"joaograndao"}}]}},"amp_enabled":true,"_links":{"self":[{"href":"https:\/\/radiolifefm.com.br\/noticias\/wp-json\/wp\/v2\/posts\/12454","targetHints":{"allow":["GET"]}}],"collection":[{"href":"https:\/\/radiolifefm.com.br\/noticias\/wp-json\/wp\/v2\/posts"}],"about":[{"href":"https:\/\/radiolifefm.com.br\/noticias\/wp-json\/wp\/v2\/types\/post"}],"author":[{"embeddable":true,"href":"https:\/\/radiolifefm.com.br\/noticias\/wp-json\/wp\/v2\/users\/8"}],"replies":[{"embeddable":true,"href":"https:\/\/radiolifefm.com.br\/noticias\/wp-json\/wp\/v2\/comments?post=12454"}],"version-history":[{"count":2,"href":"https:\/\/radiolifefm.com.br\/noticias\/wp-json\/wp\/v2\/posts\/12454\/revisions"}],"predecessor-version":[{"id":12522,"href":"https:\/\/radiolifefm.com.br\/noticias\/wp-json\/wp\/v2\/posts\/12454\/revisions\/12522"}],"wp:featuredmedia":[{"embeddable":true,"href":"https:\/\/radiolifefm.com.br\/noticias\/wp-json\/wp\/v2\/media\/12455"}],"wp:attachment":[{"href":"https:\/\/radiolifefm.com.br\/noticias\/wp-json\/wp\/v2\/media?parent=12454"}],"wp:term":[{"taxonomy":"category","embeddable":true,"href":"https:\/\/radiolifefm.com.br\/noticias\/wp-json\/wp\/v2\/categories?post=12454"},{"taxonomy":"post_tag","embeddable":true,"href":"https:\/\/radiolifefm.com.br\/noticias\/wp-json\/wp\/v2\/tags?post=12454"}],"curies":[{"name":"wp","href":"https:\/\/api.w.org\/{rel}","templated":true}]}}