{"id":12450,"date":"2019-04-29T09:23:03","date_gmt":"2019-04-29T12:23:03","guid":{"rendered":"https:\/\/radiolifefm.com.br\/noticias\/?p=12450"},"modified":"2026-04-24T13:41:17","modified_gmt":"2026-04-24T16:41:17","slug":"homem-morre-ao-ser-atropelado-por-caminhonete-na-rodovia-raposo-tavares","status":"publish","type":"post","link":"https:\/\/radiolifefm.com.br\/noticias\/homem-morre-ao-ser-atropelado-por-caminhonete-na-rodovia-raposo-tavares\/","title":{"rendered":"Homem morre ao ser atropelado por caminhonete na Rodovia Raposo Tavares"},"content":{"rendered":"<div id=\"fb-root\"><\/div>\n<p><em>Acidente foi registrado no km 100 da SP-270 em Regente Feij\u00f3<\/em><\/p>\n<p>Neste domingo (28), foi registrado um acidente de tr\u00e2nsito com v\u00edtima fatal, atropelamento de um pedestre, no sentido Regente Feij\u00f3 a Martin\u00f3polis. As causas do acidente ser\u00e3o apuradas pela equipe de per\u00edcia cient\u00edfica, que compareceu ao local.<\/p>\n<p>A v\u00edtima fatal, um homem, 1,75 m de altura, magro, pardo, que n\u00e3o portava documentos, impossibilitando a identifica\u00e7\u00e3o e com idade estimada entre 20 e 30 anos.<\/p>\n<p>O tr\u00e2nsito no local n\u00e3o foi interrompido, devido ao hor\u00e1rio e com baixo fluxo de ve\u00edculos, foi desviado para o acostamento, mantendo a circula\u00e7\u00e3o.<\/p>\n<p>No ve\u00edculo, uma caminhonete Hilux, com placas de Taciba, al\u00e9m do condutor, um homem de 54 anos, morador de Taciba, tinha uma passageira de 46 anos e tamb\u00e9m moradora de Taciba, que n\u00e3o tiveram ferimentos.<\/p>\n<p>O local \u00e9 desprovido de passarelas.<\/p>\n<p>Ocorr\u00eancia apresentada na delegacia de Pol\u00edcia Civil de Regente Feij\u00f3\/SP.<\/p>\n<p>Informa\u00e7\u00f5es &#8211; Pol\u00edcia Rodovi\u00e1ria<\/p>\n<p>Reda\u00e7\u00e3o &#8211; Kako de Oliveira<\/p>\n<div class='flex flex-wrap items-center -mx-1'>\r\n<a class='thumbnail gallery p-1 w-1\/2 md:w-1\/4' href='https:\/\/radiolifefm.com.br\/noticias\/wp-content\/uploads\/2019\/04\/Atropelamento-Regente-1.jpg'><img class='border border-white' src='https:\/\/radiolifefm.com.br\/noticias\/wp-content\/uploads\/2019\/04\/Atropelamento-Regente-1-200x200.jpg' alt='Atropelamento Regente   1' \/><\/a><\/div>\n","protected":false},"excerpt":{"rendered":"<p>Acidente foi registrado no km 100 da SP-270 em Regente Feij\u00f3 Neste domingo (28), foi registrado um acidente de tr\u00e2nsito com v\u00edtima fatal, atropelamento de um pedestre, no sentido Regente Feij\u00f3 a Martin\u00f3polis. As causas do acidente ser\u00e3o apuradas pela equipe de per\u00edcia cient\u00edfica, que compareceu ao local. A v\u00edtima fatal, um homem, 1,75 m [&hellip;]<\/p>\n","protected":false},"author":8,"featured_media":12451,"comment_status":"closed","ping_status":"open","sticky":false,"template":"","format":"standard","meta":{"_acf_changed":false,"_exactmetrics_skip_tracking":false,"_exactmetrics_sitenote_active":false,"_exactmetrics_sitenote_note":"","_exactmetrics_sitenote_category":0,"footnotes":""},"categories":[24],"tags":[],"class_list":["post-12450","post","type-post","status-publish","format-standard","has-post-thumbnail","hentry","category-regiao"],"acf":[],"yoast_head":"<!-- This site is optimized with the Yoast SEO plugin v27.2 - https:\/\/yoast.com\/product\/yoast-seo-wordpress\/ -->\n<title>Homem morre ao ser atropelado por caminhonete na Rodovia Raposo Tavares - R\u00e1dio Life FM<\/title>\n<meta name=\"robots\" content=\"index, follow, max-snippet:-1, max-image-preview:large, max-video-preview:-1\" \/>\n<link rel=\"canonical\" href=\"https:\/\/radiolifefm.com.br\/noticias\/homem-morre-ao-ser-atropelado-por-caminhonete-na-rodovia-raposo-tavares\/\" \/>\n<meta property=\"og:locale\" content=\"pt_BR\" \/>\n<meta property=\"og:type\" content=\"article\" \/>\n<meta property=\"og:title\" content=\"Homem morre ao ser atropelado por caminhonete na Rodovia Raposo Tavares - R\u00e1dio Life FM\" \/>\n<meta property=\"og:description\" content=\"Acidente foi registrado no km 100 da SP-270 em Regente Feij\u00f3 Neste domingo (28), foi registrado um acidente de tr\u00e2nsito com v\u00edtima fatal, atropelamento de um pedestre, no sentido Regente Feij\u00f3 a Martin\u00f3polis. As causas do acidente ser\u00e3o apuradas pela equipe de per\u00edcia cient\u00edfica, que compareceu ao local. A v\u00edtima fatal, um homem, 1,75 m [&hellip;]\" \/>\n<meta property=\"og:url\" content=\"https:\/\/radiolifefm.com.br\/noticias\/homem-morre-ao-ser-atropelado-por-caminhonete-na-rodovia-raposo-tavares\/\" \/>\n<meta property=\"og:site_name\" content=\"R\u00e1dio Life FM\" \/>\n<meta property=\"article:publisher\" content=\"https:\/\/www.facebook.com\/radiolifefm\/\" \/>\n<meta property=\"article:published_time\" content=\"2019-04-29T12:23:03+00:00\" \/>\n<meta property=\"article:modified_time\" content=\"2026-04-24T16:41:17+00:00\" \/>\n<meta property=\"og:image\" content=\"https:\/\/radiolifefm.com.br\/noticias\/wp-content\/uploads\/2019\/04\/Atropelamento-Regente.jpg\" \/>\n\t<meta property=\"og:image:width\" content=\"774\" \/>\n\t<meta property=\"og:image:height\" content=\"1032\" \/>\n\t<meta property=\"og:image:type\" content=\"image\/jpeg\" \/>\n<meta name=\"author\" content=\"joaograndao\" \/>\n<meta name=\"twitter:card\" content=\"summary_large_image\" \/>\n<meta name=\"twitter:label1\" content=\"Escrito por\" \/>\n\t<meta name=\"twitter:data1\" content=\"joaograndao\" \/>\n\t<meta name=\"twitter:label2\" content=\"Est. tempo de leitura\" \/>\n\t<meta name=\"twitter:data2\" content=\"1 minuto\" \/>\n<script type=\"application\/ld+json\" class=\"yoast-schema-graph\">{\"@context\":\"https:\/\/schema.org\",\"@graph\":[{\"@type\":\"Article\",\"@id\":\"https:\/\/radiolifefm.com.br\/noticias\/homem-morre-ao-ser-atropelado-por-caminhonete-na-rodovia-raposo-tavares\/#article\",\"isPartOf\":{\"@id\":\"https:\/\/radiolifefm.com.br\/noticias\/homem-morre-ao-ser-atropelado-por-caminhonete-na-rodovia-raposo-tavares\/\"},\"author\":{\"name\":\"joaograndao\",\"@id\":\"https:\/\/radiolifefm.com.br\/noticias\/#\/schema\/person\/6876e1240feffe6e1b63fd5cb85abf28\"},\"headline\":\"Homem morre ao ser atropelado por caminhonete na Rodovia Raposo Tavares\",\"datePublished\":\"2019-04-29T12:23:03+00:00\",\"dateModified\":\"2026-04-24T16:41:17+00:00\",\"mainEntityOfPage\":{\"@id\":\"https:\/\/radiolifefm.com.br\/noticias\/homem-morre-ao-ser-atropelado-por-caminhonete-na-rodovia-raposo-tavares\/\"},\"wordCount\":189,\"publisher\":{\"@id\":\"https:\/\/radiolifefm.com.br\/noticias\/#organization\"},\"image\":{\"@id\":\"https:\/\/radiolifefm.com.br\/noticias\/homem-morre-ao-ser-atropelado-por-caminhonete-na-rodovia-raposo-tavares\/#primaryimage\"},\"thumbnailUrl\":\"https:\/\/radiolifefm.com.br\/noticias\/wp-content\/uploads\/2019\/04\/Atropelamento-Regente.jpg\",\"articleSection\":[\"Regi\u00e3o\"],\"inLanguage\":\"pt-BR\"},{\"@type\":\"WebPage\",\"@id\":\"https:\/\/radiolifefm.com.br\/noticias\/homem-morre-ao-ser-atropelado-por-caminhonete-na-rodovia-raposo-tavares\/\",\"url\":\"https:\/\/radiolifefm.com.br\/noticias\/homem-morre-ao-ser-atropelado-por-caminhonete-na-rodovia-raposo-tavares\/\",\"name\":\"Homem morre ao ser atropelado por caminhonete na Rodovia Raposo Tavares - R\u00e1dio Life FM\",\"isPartOf\":{\"@id\":\"https:\/\/radiolifefm.com.br\/noticias\/#website\"},\"primaryImageOfPage\":{\"@id\":\"https:\/\/radiolifefm.com.br\/noticias\/homem-morre-ao-ser-atropelado-por-caminhonete-na-rodovia-raposo-tavares\/#primaryimage\"},\"image\":{\"@id\":\"https:\/\/radiolifefm.com.br\/noticias\/homem-morre-ao-ser-atropelado-por-caminhonete-na-rodovia-raposo-tavares\/#primaryimage\"},\"thumbnailUrl\":\"https:\/\/radiolifefm.com.br\/noticias\/wp-content\/uploads\/2019\/04\/Atropelamento-Regente.jpg\",\"datePublished\":\"2019-04-29T12:23:03+00:00\",\"dateModified\":\"2026-04-24T16:41:17+00:00\",\"breadcrumb\":{\"@id\":\"https:\/\/radiolifefm.com.br\/noticias\/homem-morre-ao-ser-atropelado-por-caminhonete-na-rodovia-raposo-tavares\/#breadcrumb\"},\"inLanguage\":\"pt-BR\",\"potentialAction\":[{\"@type\":\"ReadAction\",\"target\":[\"https:\/\/radiolifefm.com.br\/noticias\/homem-morre-ao-ser-atropelado-por-caminhonete-na-rodovia-raposo-tavares\/\"]}]},{\"@type\":\"ImageObject\",\"inLanguage\":\"pt-BR\",\"@id\":\"https:\/\/radiolifefm.com.br\/noticias\/homem-morre-ao-ser-atropelado-por-caminhonete-na-rodovia-raposo-tavares\/#primaryimage\",\"url\":\"https:\/\/radiolifefm.com.br\/noticias\/wp-content\/uploads\/2019\/04\/Atropelamento-Regente.jpg\",\"contentUrl\":\"https:\/\/radiolifefm.com.br\/noticias\/wp-content\/uploads\/2019\/04\/Atropelamento-Regente.jpg\",\"width\":774,\"height\":1032,\"caption\":\"Homem morreu atropelado pela SP-270 em regente Feij\u00f3 - Foto - Pol\u00edcia Militar\/Cedida\"},{\"@type\":\"BreadcrumbList\",\"@id\":\"https:\/\/radiolifefm.com.br\/noticias\/homem-morre-ao-ser-atropelado-por-caminhonete-na-rodovia-raposo-tavares\/#breadcrumb\",\"itemListElement\":[{\"@type\":\"ListItem\",\"position\":1,\"name\":\"In\u00edcio\",\"item\":\"https:\/\/radiolifefm.com.br\/noticias\/\"},{\"@type\":\"ListItem\",\"position\":2,\"name\":\"Homem morre ao ser atropelado por caminhonete na Rodovia Raposo Tavares\"}]},{\"@type\":\"WebSite\",\"@id\":\"https:\/\/radiolifefm.com.br\/noticias\/#website\",\"url\":\"https:\/\/radiolifefm.com.br\/noticias\/\",\"name\":\"R\u00e1dio Life FM\",\"description\":\"O Portal de Not\u00edcias de Adamantina\",\"publisher\":{\"@id\":\"https:\/\/radiolifefm.com.br\/noticias\/#organization\"},\"alternateName\":\"Life FM\",\"potentialAction\":[{\"@type\":\"SearchAction\",\"target\":{\"@type\":\"EntryPoint\",\"urlTemplate\":\"https:\/\/radiolifefm.com.br\/noticias\/?s={search_term_string}\"},\"query-input\":{\"@type\":\"PropertyValueSpecification\",\"valueRequired\":true,\"valueName\":\"search_term_string\"}}],\"inLanguage\":\"pt-BR\"},{\"@type\":\"Organization\",\"@id\":\"https:\/\/radiolifefm.com.br\/noticias\/#organization\",\"name\":\"R\u00e1dio Life FM\",\"alternateName\":\"Life FM\",\"url\":\"https:\/\/radiolifefm.com.br\/noticias\/\",\"logo\":{\"@type\":\"ImageObject\",\"inLanguage\":\"pt-BR\",\"@id\":\"https:\/\/radiolifefm.com.br\/noticias\/#\/schema\/logo\/image\/\",\"url\":\"https:\/\/static.radiolifefm.com.br\/noticias\/wp-content\/uploads\/2019\/10\/logo-lifefm.png\",\"contentUrl\":\"https:\/\/static.radiolifefm.com.br\/noticias\/wp-content\/uploads\/2019\/10\/logo-lifefm.png\",\"width\":196,\"height\":47,\"caption\":\"R\u00e1dio Life FM\"},\"image\":{\"@id\":\"https:\/\/radiolifefm.com.br\/noticias\/#\/schema\/logo\/image\/\"},\"sameAs\":[\"https:\/\/www.facebook.com\/radiolifefm\/\",\"https:\/\/www.instagram.com\/life1079fm\/\"]},{\"@type\":\"Person\",\"@id\":\"https:\/\/radiolifefm.com.br\/noticias\/#\/schema\/person\/6876e1240feffe6e1b63fd5cb85abf28\",\"name\":\"joaograndao\",\"image\":{\"@type\":\"ImageObject\",\"inLanguage\":\"pt-BR\",\"@id\":\"https:\/\/secure.gravatar.com\/avatar\/d5b1a3cf357ed9c50404e256a1294083aa8ab5d2a994001567302786016cb32c?s=96&d=mm&r=g\",\"url\":\"https:\/\/secure.gravatar.com\/avatar\/d5b1a3cf357ed9c50404e256a1294083aa8ab5d2a994001567302786016cb32c?s=96&d=mm&r=g\",\"contentUrl\":\"https:\/\/secure.gravatar.com\/avatar\/d5b1a3cf357ed9c50404e256a1294083aa8ab5d2a994001567302786016cb32c?s=96&d=mm&r=g\",\"caption\":\"joaograndao\"}}]}<\/script>\n<!-- \/ Yoast SEO plugin. -->","yoast_head_json":{"title":"Homem morre ao ser atropelado por caminhonete na Rodovia Raposo Tavares - R\u00e1dio Life FM","robots":{"index":"index","follow":"follow","max-snippet":"max-snippet:-1","max-image-preview":"max-image-preview:large","max-video-preview":"max-video-preview:-1"},"canonical":"https:\/\/radiolifefm.com.br\/noticias\/homem-morre-ao-ser-atropelado-por-caminhonete-na-rodovia-raposo-tavares\/","og_locale":"pt_BR","og_type":"article","og_title":"Homem morre ao ser atropelado por caminhonete na Rodovia Raposo Tavares - R\u00e1dio Life FM","og_description":"Acidente foi registrado no km 100 da SP-270 em Regente Feij\u00f3 Neste domingo (28), foi registrado um acidente de tr\u00e2nsito com v\u00edtima fatal, atropelamento de um pedestre, no sentido Regente Feij\u00f3 a Martin\u00f3polis. As causas do acidente ser\u00e3o apuradas pela equipe de per\u00edcia cient\u00edfica, que compareceu ao local. A v\u00edtima fatal, um homem, 1,75 m [&hellip;]","og_url":"https:\/\/radiolifefm.com.br\/noticias\/homem-morre-ao-ser-atropelado-por-caminhonete-na-rodovia-raposo-tavares\/","og_site_name":"R\u00e1dio Life FM","article_publisher":"https:\/\/www.facebook.com\/radiolifefm\/","article_published_time":"2019-04-29T12:23:03+00:00","article_modified_time":"2026-04-24T16:41:17+00:00","og_image":[{"width":774,"height":1032,"url":"https:\/\/radiolifefm.com.br\/noticias\/wp-content\/uploads\/2019\/04\/Atropelamento-Regente.jpg","type":"image\/jpeg"}],"author":"joaograndao","twitter_card":"summary_large_image","twitter_misc":{"Escrito por":"joaograndao","Est. tempo de leitura":"1 minuto"},"schema":{"@context":"https:\/\/schema.org","@graph":[{"@type":"Article","@id":"https:\/\/radiolifefm.com.br\/noticias\/homem-morre-ao-ser-atropelado-por-caminhonete-na-rodovia-raposo-tavares\/#article","isPartOf":{"@id":"https:\/\/radiolifefm.com.br\/noticias\/homem-morre-ao-ser-atropelado-por-caminhonete-na-rodovia-raposo-tavares\/"},"author":{"name":"joaograndao","@id":"https:\/\/radiolifefm.com.br\/noticias\/#\/schema\/person\/6876e1240feffe6e1b63fd5cb85abf28"},"headline":"Homem morre ao ser atropelado por caminhonete na Rodovia Raposo Tavares","datePublished":"2019-04-29T12:23:03+00:00","dateModified":"2026-04-24T16:41:17+00:00","mainEntityOfPage":{"@id":"https:\/\/radiolifefm.com.br\/noticias\/homem-morre-ao-ser-atropelado-por-caminhonete-na-rodovia-raposo-tavares\/"},"wordCount":189,"publisher":{"@id":"https:\/\/radiolifefm.com.br\/noticias\/#organization"},"image":{"@id":"https:\/\/radiolifefm.com.br\/noticias\/homem-morre-ao-ser-atropelado-por-caminhonete-na-rodovia-raposo-tavares\/#primaryimage"},"thumbnailUrl":"https:\/\/radiolifefm.com.br\/noticias\/wp-content\/uploads\/2019\/04\/Atropelamento-Regente.jpg","articleSection":["Regi\u00e3o"],"inLanguage":"pt-BR"},{"@type":"WebPage","@id":"https:\/\/radiolifefm.com.br\/noticias\/homem-morre-ao-ser-atropelado-por-caminhonete-na-rodovia-raposo-tavares\/","url":"https:\/\/radiolifefm.com.br\/noticias\/homem-morre-ao-ser-atropelado-por-caminhonete-na-rodovia-raposo-tavares\/","name":"Homem morre ao ser atropelado por caminhonete na Rodovia Raposo Tavares - R\u00e1dio Life FM","isPartOf":{"@id":"https:\/\/radiolifefm.com.br\/noticias\/#website"},"primaryImageOfPage":{"@id":"https:\/\/radiolifefm.com.br\/noticias\/homem-morre-ao-ser-atropelado-por-caminhonete-na-rodovia-raposo-tavares\/#primaryimage"},"image":{"@id":"https:\/\/radiolifefm.com.br\/noticias\/homem-morre-ao-ser-atropelado-por-caminhonete-na-rodovia-raposo-tavares\/#primaryimage"},"thumbnailUrl":"https:\/\/radiolifefm.com.br\/noticias\/wp-content\/uploads\/2019\/04\/Atropelamento-Regente.jpg","datePublished":"2019-04-29T12:23:03+00:00","dateModified":"2026-04-24T16:41:17+00:00","breadcrumb":{"@id":"https:\/\/radiolifefm.com.br\/noticias\/homem-morre-ao-ser-atropelado-por-caminhonete-na-rodovia-raposo-tavares\/#breadcrumb"},"inLanguage":"pt-BR","potentialAction":[{"@type":"ReadAction","target":["https:\/\/radiolifefm.com.br\/noticias\/homem-morre-ao-ser-atropelado-por-caminhonete-na-rodovia-raposo-tavares\/"]}]},{"@type":"ImageObject","inLanguage":"pt-BR","@id":"https:\/\/radiolifefm.com.br\/noticias\/homem-morre-ao-ser-atropelado-por-caminhonete-na-rodovia-raposo-tavares\/#primaryimage","url":"https:\/\/radiolifefm.com.br\/noticias\/wp-content\/uploads\/2019\/04\/Atropelamento-Regente.jpg","contentUrl":"https:\/\/radiolifefm.com.br\/noticias\/wp-content\/uploads\/2019\/04\/Atropelamento-Regente.jpg","width":774,"height":1032,"caption":"Homem morreu atropelado pela SP-270 em regente Feij\u00f3 - Foto - Pol\u00edcia Militar\/Cedida"},{"@type":"BreadcrumbList","@id":"https:\/\/radiolifefm.com.br\/noticias\/homem-morre-ao-ser-atropelado-por-caminhonete-na-rodovia-raposo-tavares\/#breadcrumb","itemListElement":[{"@type":"ListItem","position":1,"name":"In\u00edcio","item":"https:\/\/radiolifefm.com.br\/noticias\/"},{"@type":"ListItem","position":2,"name":"Homem morre ao ser atropelado por caminhonete na Rodovia Raposo Tavares"}]},{"@type":"WebSite","@id":"https:\/\/radiolifefm.com.br\/noticias\/#website","url":"https:\/\/radiolifefm.com.br\/noticias\/","name":"R\u00e1dio Life FM","description":"O Portal de Not\u00edcias de Adamantina","publisher":{"@id":"https:\/\/radiolifefm.com.br\/noticias\/#organization"},"alternateName":"Life FM","potentialAction":[{"@type":"SearchAction","target":{"@type":"EntryPoint","urlTemplate":"https:\/\/radiolifefm.com.br\/noticias\/?s={search_term_string}"},"query-input":{"@type":"PropertyValueSpecification","valueRequired":true,"valueName":"search_term_string"}}],"inLanguage":"pt-BR"},{"@type":"Organization","@id":"https:\/\/radiolifefm.com.br\/noticias\/#organization","name":"R\u00e1dio Life FM","alternateName":"Life FM","url":"https:\/\/radiolifefm.com.br\/noticias\/","logo":{"@type":"ImageObject","inLanguage":"pt-BR","@id":"https:\/\/radiolifefm.com.br\/noticias\/#\/schema\/logo\/image\/","url":"https:\/\/static.radiolifefm.com.br\/noticias\/wp-content\/uploads\/2019\/10\/logo-lifefm.png","contentUrl":"https:\/\/static.radiolifefm.com.br\/noticias\/wp-content\/uploads\/2019\/10\/logo-lifefm.png","width":196,"height":47,"caption":"R\u00e1dio Life FM"},"image":{"@id":"https:\/\/radiolifefm.com.br\/noticias\/#\/schema\/logo\/image\/"},"sameAs":["https:\/\/www.facebook.com\/radiolifefm\/","https:\/\/www.instagram.com\/life1079fm\/"]},{"@type":"Person","@id":"https:\/\/radiolifefm.com.br\/noticias\/#\/schema\/person\/6876e1240feffe6e1b63fd5cb85abf28","name":"joaograndao","image":{"@type":"ImageObject","inLanguage":"pt-BR","@id":"https:\/\/secure.gravatar.com\/avatar\/d5b1a3cf357ed9c50404e256a1294083aa8ab5d2a994001567302786016cb32c?s=96&d=mm&r=g","url":"https:\/\/secure.gravatar.com\/avatar\/d5b1a3cf357ed9c50404e256a1294083aa8ab5d2a994001567302786016cb32c?s=96&d=mm&r=g","contentUrl":"https:\/\/secure.gravatar.com\/avatar\/d5b1a3cf357ed9c50404e256a1294083aa8ab5d2a994001567302786016cb32c?s=96&d=mm&r=g","caption":"joaograndao"}}]}},"amp_enabled":true,"_links":{"self":[{"href":"https:\/\/radiolifefm.com.br\/noticias\/wp-json\/wp\/v2\/posts\/12450","targetHints":{"allow":["GET"]}}],"collection":[{"href":"https:\/\/radiolifefm.com.br\/noticias\/wp-json\/wp\/v2\/posts"}],"about":[{"href":"https:\/\/radiolifefm.com.br\/noticias\/wp-json\/wp\/v2\/types\/post"}],"author":[{"embeddable":true,"href":"https:\/\/radiolifefm.com.br\/noticias\/wp-json\/wp\/v2\/users\/8"}],"replies":[{"embeddable":true,"href":"https:\/\/radiolifefm.com.br\/noticias\/wp-json\/wp\/v2\/comments?post=12450"}],"version-history":[{"count":1,"href":"https:\/\/radiolifefm.com.br\/noticias\/wp-json\/wp\/v2\/posts\/12450\/revisions"}],"predecessor-version":[{"id":12453,"href":"https:\/\/radiolifefm.com.br\/noticias\/wp-json\/wp\/v2\/posts\/12450\/revisions\/12453"}],"wp:featuredmedia":[{"embeddable":true,"href":"https:\/\/radiolifefm.com.br\/noticias\/wp-json\/wp\/v2\/media\/12451"}],"wp:attachment":[{"href":"https:\/\/radiolifefm.com.br\/noticias\/wp-json\/wp\/v2\/media?parent=12450"}],"wp:term":[{"taxonomy":"category","embeddable":true,"href":"https:\/\/radiolifefm.com.br\/noticias\/wp-json\/wp\/v2\/categories?post=12450"},{"taxonomy":"post_tag","embeddable":true,"href":"https:\/\/radiolifefm.com.br\/noticias\/wp-json\/wp\/v2\/tags?post=12450"}],"curies":[{"name":"wp","href":"https:\/\/api.w.org\/{rel}","templated":true}]}}