{"id":124315,"date":"2026-09-04T19:06:39","date_gmt":"2026-09-04T22:06:39","guid":{"rendered":"https:\/\/radiolifefm.com.br\/noticias\/?p=124315"},"modified":"2026-09-04T19:06:39","modified_gmt":"2026-09-04T22:06:39","slug":"expoverde-2026-reune-grande-publico-na-primeira-noite-e-inicia-segundo-dia-com-programacao-diversificada","status":"publish","type":"post","link":"https:\/\/radiolifefm.com.br\/noticias\/expoverde-2026-reune-grande-publico-na-primeira-noite-e-inicia-segundo-dia-com-programacao-diversificada\/","title":{"rendered":"ExpoVerde 2026 re\u00fane grande p\u00fablico na primeira noite e inicia segundo dia com programa\u00e7\u00e3o diversificada"},"content":{"rendered":"<div id=\"fb-root\"><\/div>\n<p>&nbsp;<\/p>\n<p>A primeira noite da 34\u00aa ExpoVerde 2026 \u2013 Ra\u00edzes do Futuro, em Adamantina, foi marcada por grande participa\u00e7\u00e3o popular e confirmou a for\u00e7a do evento como uma das principais festas da regi\u00e3o da Nova Alta Paulista. Fam\u00edlias, crian\u00e7as, jovens, adultos e idosos compareceram ao Recinto Poliesportivo para prestigiar uma programa\u00e7\u00e3o diversificada, com atra\u00e7\u00f5es para todos os p\u00fablicos.<\/p>\n<p>Considerada a maior festa da regi\u00e3o da Nova Alta Paulista, a ExpoVerde proporcionou aos visitantes uma noite de muita divers\u00e3o, alegria e op\u00e7\u00f5es de lazer. A programa\u00e7\u00e3o contou com atra\u00e7\u00f5es variadas, al\u00e9m de um rodeio de alto n\u00edvel e a tradicional prova dos Tr\u00eas Tambores.<\/p>\n<p>Rodeio re\u00fane tradi\u00e7\u00e3o, f\u00e9 e grandes profissionais<\/p>\n<p>Ap\u00f3s as provas dos Tr\u00eas Tambores, a arena recebeu a abertura oficial do rodeio, reunindo a Comiss\u00e3o Organizadora, vereadores, os locutores oficiais do rodeio, t\u00e9cnicos, ju\u00edzes e pe\u00f5es que participam da competi\u00e7\u00e3o.<\/p>\n<p>O momento foi marcado por muita energia positiva e pela valoriza\u00e7\u00e3o das tradi\u00e7\u00f5es que fazem parte do rodeio. A abertura contou tamb\u00e9m com as tradicionais e importantes ora\u00e7\u00f5es religiosas, em um momento de f\u00e9, uni\u00e3o e gratid\u00e3o, com pedidos de b\u00ean\u00e7\u00e3os, prote\u00e7\u00e3o e positividade para os pe\u00f5es, profissionais, equipes de trabalho, organiza\u00e7\u00e3o e p\u00fablico presente.<\/p>\n<p>Na sequ\u00eancia, teve in\u00edcio o rodeio com a participa\u00e7\u00e3o da ACR, reunindo grandes profissionais qualificados e reconhecidos no Brasil, al\u00e9m de uma tropa de alto n\u00edvel, garantindo uma competi\u00e7\u00e3o de qualidade e muita emo\u00e7\u00e3o na arena.<\/p>\n<p>A presen\u00e7a de competidores experientes e de profissionais especializados refor\u00e7a a qualidade da programa\u00e7\u00e3o da ExpoVerde 2026, que valoriza a tradi\u00e7\u00e3o do rodeio e proporciona ao p\u00fablico uma experi\u00eancia marcada por emo\u00e7\u00e3o, entretenimento e respeito ao esporte.<\/p>\n<p>Guilherme &amp; Santiago encerram primeira noite<\/p>\n<p>Encerrando a primeira noite em grande estilo, o p\u00fablico acompanhou o show da dupla Guilherme &amp; Santiago, que levou seus grandes sucessos ao palco e fechou a programa\u00e7\u00e3o com muita anima\u00e7\u00e3o.<\/p>\n<p>Segundo dia come\u00e7a com participa\u00e7\u00e3o das escolas municipais<\/p>\n<p>O segundo dia da ExpoVerde 2026 j\u00e1 come\u00e7ou movimentado. Durante a manh\u00e3, as escolas municipais marcaram presen\u00e7a no recinto, proporcionando \u00e0s crian\u00e7as a oportunidade de conhecer os diferentes espa\u00e7os, atra\u00e7\u00f5es e atividades preparadas para a festa.<\/p>\n<p>Os pavilh\u00f5es receberam visitantes em busca das diversas op\u00e7\u00f5es oferecidas pelo evento, entre elas a Fazendinha, exposi\u00e7\u00e3o de ve\u00edculos, Feira da Mulher Empreendedora, al\u00e9m de espa\u00e7os com produtores, feirantes, flores, frutas e outros produtos.<\/p>\n<p>A gastronomia tamb\u00e9m \u00e9 um dos destaques da ExpoVerde, com diversas op\u00e7\u00f5es para os visitantes durante os dias de realiza\u00e7\u00e3o do evento.<\/p>\n<p>A programa\u00e7\u00e3o desta sexta-feira segue ao longo do dia e ter\u00e1, no in\u00edcio da noite, a prova dos Tr\u00eas Tambores, seguida pelo rodeio. Para encerrar mais uma noite de atra\u00e7\u00f5es, o p\u00fablico poder\u00e1 acompanhar o show de Dilsinho, um dos destaques da programa\u00e7\u00e3o musical da ExpoVerde 2026.<\/p>\n<p>A ExpoVerde 2026 \u2013 Ra\u00edzes do Futuro segue at\u00e9 domingo (7), reunindo cultura, entretenimento, agroneg\u00f3cio, empreendedorismo, gastronomia e atra\u00e7\u00f5es para toda a fam\u00edlia, com programa\u00e7\u00e3o gratuita.<\/p>\n<p>Ra\u00edzes que sustentam. Inova\u00e7\u00e3o que transforma. Futuro que se constr\u00f3i em Adamantina.<img loading=\"lazy\" decoding=\"async\" class=\"alignnone size-medium wp-image-124316\" src=\"https:\/\/radiolifefm.com.br\/noticias\/wp-content\/uploads\/2026\/09\/IMG-20260904-WA0044-300x200.jpg\" alt=\"\" width=\"300\" height=\"200\" srcset=\"https:\/\/radiolifefm.com.br\/noticias\/wp-content\/uploads\/2026\/09\/IMG-20260904-WA0044-300x200.jpg 300w, https:\/\/radiolifefm.com.br\/noticias\/wp-content\/uploads\/2026\/09\/IMG-20260904-WA0044-1024x682.jpg 1024w, https:\/\/radiolifefm.com.br\/noticias\/wp-content\/uploads\/2026\/09\/IMG-20260904-WA0044-768x512.jpg 768w, https:\/\/radiolifefm.com.br\/noticias\/wp-content\/uploads\/2026\/09\/IMG-20260904-WA0044-1536x1023.jpg 1536w, https:\/\/radiolifefm.com.br\/noticias\/wp-content\/uploads\/2026\/09\/IMG-20260904-WA0044.jpg 1600w\" sizes=\"auto, (max-width: 300px) 100vw, 300px\" \/> <img loading=\"lazy\" decoding=\"async\" class=\"alignnone size-medium wp-image-124317\" src=\"https:\/\/radiolifefm.com.br\/noticias\/wp-content\/uploads\/2026\/09\/IMG-20260904-WA0043-300x200.jpg\" alt=\"\" width=\"300\" height=\"200\" srcset=\"https:\/\/radiolifefm.com.br\/noticias\/wp-content\/uploads\/2026\/09\/IMG-20260904-WA0043-300x200.jpg 300w, https:\/\/radiolifefm.com.br\/noticias\/wp-content\/uploads\/2026\/09\/IMG-20260904-WA0043-1024x682.jpg 1024w, https:\/\/radiolifefm.com.br\/noticias\/wp-content\/uploads\/2026\/09\/IMG-20260904-WA0043-768x512.jpg 768w, https:\/\/radiolifefm.com.br\/noticias\/wp-content\/uploads\/2026\/09\/IMG-20260904-WA0043-1536x1023.jpg 1536w, https:\/\/radiolifefm.com.br\/noticias\/wp-content\/uploads\/2026\/09\/IMG-20260904-WA0043.jpg 1600w\" sizes=\"auto, (max-width: 300px) 100vw, 300px\" \/> <img loading=\"lazy\" decoding=\"async\" class=\"alignnone size-medium wp-image-124318\" src=\"https:\/\/radiolifefm.com.br\/noticias\/wp-content\/uploads\/2026\/09\/IMG-20260904-WA0042-300x200.jpg\" alt=\"\" width=\"300\" height=\"200\" srcset=\"https:\/\/radiolifefm.com.br\/noticias\/wp-content\/uploads\/2026\/09\/IMG-20260904-WA0042-300x200.jpg 300w, https:\/\/radiolifefm.com.br\/noticias\/wp-content\/uploads\/2026\/09\/IMG-20260904-WA0042-1024x682.jpg 1024w, https:\/\/radiolifefm.com.br\/noticias\/wp-content\/uploads\/2026\/09\/IMG-20260904-WA0042-768x512.jpg 768w, https:\/\/radiolifefm.com.br\/noticias\/wp-content\/uploads\/2026\/09\/IMG-20260904-WA0042-1536x1023.jpg 1536w, https:\/\/radiolifefm.com.br\/noticias\/wp-content\/uploads\/2026\/09\/IMG-20260904-WA0042.jpg 1600w\" sizes=\"auto, (max-width: 300px) 100vw, 300px\" \/> <img loading=\"lazy\" decoding=\"async\" class=\"alignnone size-medium wp-image-124319\" src=\"https:\/\/radiolifefm.com.br\/noticias\/wp-content\/uploads\/2026\/09\/IMG-20260904-WA0041-300x200.jpg\" alt=\"\" width=\"300\" height=\"200\" srcset=\"https:\/\/radiolifefm.com.br\/noticias\/wp-content\/uploads\/2026\/09\/IMG-20260904-WA0041-300x200.jpg 300w, https:\/\/radiolifefm.com.br\/noticias\/wp-content\/uploads\/2026\/09\/IMG-20260904-WA0041-1024x682.jpg 1024w, https:\/\/radiolifefm.com.br\/noticias\/wp-content\/uploads\/2026\/09\/IMG-20260904-WA0041-768x512.jpg 768w, https:\/\/radiolifefm.com.br\/noticias\/wp-content\/uploads\/2026\/09\/IMG-20260904-WA0041-1536x1023.jpg 1536w, https:\/\/radiolifefm.com.br\/noticias\/wp-content\/uploads\/2026\/09\/IMG-20260904-WA0041.jpg 1600w\" sizes=\"auto, (max-width: 300px) 100vw, 300px\" \/> <img loading=\"lazy\" decoding=\"async\" class=\"alignnone size-medium wp-image-124320\" src=\"https:\/\/radiolifefm.com.br\/noticias\/wp-content\/uploads\/2026\/09\/IMG-20260904-WA0039-300x200.jpg\" alt=\"\" width=\"300\" height=\"200\" srcset=\"https:\/\/radiolifefm.com.br\/noticias\/wp-content\/uploads\/2026\/09\/IMG-20260904-WA0039-300x200.jpg 300w, https:\/\/radiolifefm.com.br\/noticias\/wp-content\/uploads\/2026\/09\/IMG-20260904-WA0039-1024x682.jpg 1024w, https:\/\/radiolifefm.com.br\/noticias\/wp-content\/uploads\/2026\/09\/IMG-20260904-WA0039-768x512.jpg 768w, https:\/\/radiolifefm.com.br\/noticias\/wp-content\/uploads\/2026\/09\/IMG-20260904-WA0039-1536x1023.jpg 1536w, https:\/\/radiolifefm.com.br\/noticias\/wp-content\/uploads\/2026\/09\/IMG-20260904-WA0039.jpg 1600w\" sizes=\"auto, (max-width: 300px) 100vw, 300px\" \/> <img loading=\"lazy\" decoding=\"async\" class=\"alignnone size-medium wp-image-124321\" src=\"https:\/\/radiolifefm.com.br\/noticias\/wp-content\/uploads\/2026\/09\/IMG-20260904-WA0040-300x200.jpg\" alt=\"\" width=\"300\" height=\"200\" srcset=\"https:\/\/radiolifefm.com.br\/noticias\/wp-content\/uploads\/2026\/09\/IMG-20260904-WA0040-300x200.jpg 300w, https:\/\/radiolifefm.com.br\/noticias\/wp-content\/uploads\/2026\/09\/IMG-20260904-WA0040-1024x682.jpg 1024w, https:\/\/radiolifefm.com.br\/noticias\/wp-content\/uploads\/2026\/09\/IMG-20260904-WA0040-768x512.jpg 768w, https:\/\/radiolifefm.com.br\/noticias\/wp-content\/uploads\/2026\/09\/IMG-20260904-WA0040-1536x1023.jpg 1536w, https:\/\/radiolifefm.com.br\/noticias\/wp-content\/uploads\/2026\/09\/IMG-20260904-WA0040.jpg 1600w\" sizes=\"auto, (max-width: 300px) 100vw, 300px\" \/> <img loading=\"lazy\" decoding=\"async\" class=\"alignnone size-medium wp-image-124322\" src=\"https:\/\/radiolifefm.com.br\/noticias\/wp-content\/uploads\/2026\/09\/IMG-20260904-WA0038-300x200.jpg\" alt=\"\" width=\"300\" height=\"200\" srcset=\"https:\/\/radiolifefm.com.br\/noticias\/wp-content\/uploads\/2026\/09\/IMG-20260904-WA0038-300x200.jpg 300w, https:\/\/radiolifefm.com.br\/noticias\/wp-content\/uploads\/2026\/09\/IMG-20260904-WA0038-1024x682.jpg 1024w, https:\/\/radiolifefm.com.br\/noticias\/wp-content\/uploads\/2026\/09\/IMG-20260904-WA0038-768x512.jpg 768w, https:\/\/radiolifefm.com.br\/noticias\/wp-content\/uploads\/2026\/09\/IMG-20260904-WA0038-1536x1023.jpg 1536w, https:\/\/radiolifefm.com.br\/noticias\/wp-content\/uploads\/2026\/09\/IMG-20260904-WA0038.jpg 1600w\" sizes=\"auto, (max-width: 300px) 100vw, 300px\" \/> <img loading=\"lazy\" decoding=\"async\" class=\"alignnone size-medium wp-image-124323\" src=\"https:\/\/radiolifefm.com.br\/noticias\/wp-content\/uploads\/2026\/09\/IMG-20260904-WA0037-300x200.jpg\" alt=\"\" width=\"300\" height=\"200\" srcset=\"https:\/\/radiolifefm.com.br\/noticias\/wp-content\/uploads\/2026\/09\/IMG-20260904-WA0037-300x200.jpg 300w, https:\/\/radiolifefm.com.br\/noticias\/wp-content\/uploads\/2026\/09\/IMG-20260904-WA0037-1024x682.jpg 1024w, https:\/\/radiolifefm.com.br\/noticias\/wp-content\/uploads\/2026\/09\/IMG-20260904-WA0037-768x512.jpg 768w, https:\/\/radiolifefm.com.br\/noticias\/wp-content\/uploads\/2026\/09\/IMG-20260904-WA0037-1536x1023.jpg 1536w, https:\/\/radiolifefm.com.br\/noticias\/wp-content\/uploads\/2026\/09\/IMG-20260904-WA0037.jpg 1600w\" sizes=\"auto, (max-width: 300px) 100vw, 300px\" \/><\/p>\n","protected":false},"excerpt":{"rendered":"<p>&nbsp; A primeira noite da 34\u00aa ExpoVerde 2026 \u2013 Ra\u00edzes do Futuro, em Adamantina, foi marcada por grande participa\u00e7\u00e3o popular e confirmou a for\u00e7a do evento como uma das principais festas da regi\u00e3o da Nova Alta Paulista. Fam\u00edlias, crian\u00e7as, jovens, adultos e idosos compareceram ao Recinto Poliesportivo para prestigiar uma programa\u00e7\u00e3o diversificada, com atra\u00e7\u00f5es para [&hellip;]<\/p>\n","protected":false},"author":13,"featured_media":124317,"comment_status":"closed","ping_status":"open","sticky":false,"template":"","format":"standard","meta":{"_acf_changed":false,"_exactmetrics_skip_tracking":false,"footnotes":""},"categories":[21],"tags":[],"class_list":["post-124315","post","type-post","status-publish","format-standard","has-post-thumbnail","hentry","category-adamantina"],"acf":[],"yoast_head":"<!-- This site is optimized with the Yoast SEO plugin v28.2 - https:\/\/yoast.com\/product\/yoast-seo-wordpress\/ -->\n<title>ExpoVerde 2026 re\u00fane grande p\u00fablico na primeira noite e inicia segundo dia com programa\u00e7\u00e3o diversificada - R\u00e1dio Life FM<\/title>\n<meta name=\"robots\" content=\"index, follow, max-snippet:-1, max-image-preview:large, max-video-preview:-1\" \/>\n<link rel=\"canonical\" href=\"https:\/\/radiolifefm.com.br\/noticias\/expoverde-2026-reune-grande-publico-na-primeira-noite-e-inicia-segundo-dia-com-programacao-diversificada\/\" \/>\n<meta property=\"og:locale\" content=\"pt_BR\" \/>\n<meta property=\"og:type\" content=\"article\" \/>\n<meta property=\"og:title\" content=\"ExpoVerde 2026 re\u00fane grande p\u00fablico na primeira noite e inicia segundo dia com programa\u00e7\u00e3o diversificada - R\u00e1dio Life FM\" \/>\n<meta property=\"og:description\" content=\"&nbsp; A primeira noite da 34\u00aa ExpoVerde 2026 \u2013 Ra\u00edzes do Futuro, em Adamantina, foi marcada por grande participa\u00e7\u00e3o popular e confirmou a for\u00e7a do evento como uma das principais festas da regi\u00e3o da Nova Alta Paulista. Fam\u00edlias, crian\u00e7as, jovens, adultos e idosos compareceram ao Recinto Poliesportivo para prestigiar uma programa\u00e7\u00e3o diversificada, com atra\u00e7\u00f5es para [&hellip;]\" \/>\n<meta property=\"og:url\" content=\"https:\/\/radiolifefm.com.br\/noticias\/expoverde-2026-reune-grande-publico-na-primeira-noite-e-inicia-segundo-dia-com-programacao-diversificada\/\" \/>\n<meta property=\"og:site_name\" content=\"R\u00e1dio Life FM\" \/>\n<meta property=\"article:publisher\" content=\"https:\/\/www.facebook.com\/radiolifefm\/\" \/>\n<meta property=\"article:published_time\" content=\"2026-09-04T22:06:39+00:00\" \/>\n<meta property=\"og:image\" content=\"https:\/\/radiolifefm.com.br\/noticias\/wp-content\/uploads\/2026\/09\/IMG-20260904-WA0043.jpg\" \/>\n\t<meta property=\"og:image:width\" content=\"1600\" \/>\n\t<meta property=\"og:image:height\" content=\"1066\" \/>\n\t<meta property=\"og:image:type\" content=\"image\/jpeg\" \/>\n<meta name=\"author\" content=\"ritanery\" \/>\n<meta name=\"twitter:card\" content=\"summary_large_image\" \/>\n<meta name=\"twitter:label1\" content=\"Escrito por\" \/>\n\t<meta name=\"twitter:data1\" content=\"ritanery\" \/>\n\t<meta name=\"twitter:label2\" content=\"Est. tempo de leitura\" \/>\n\t<meta name=\"twitter:data2\" content=\"5 minutos\" \/>\n<script type=\"application\/ld+json\" class=\"yoast-schema-graph\">{\"@context\":\"https:\\\/\\\/schema.org\",\"@graph\":[{\"@type\":\"Article\",\"@id\":\"https:\\\/\\\/radiolifefm.com.br\\\/noticias\\\/expoverde-2026-reune-grande-publico-na-primeira-noite-e-inicia-segundo-dia-com-programacao-diversificada\\\/#article\",\"isPartOf\":{\"@id\":\"https:\\\/\\\/radiolifefm.com.br\\\/noticias\\\/expoverde-2026-reune-grande-publico-na-primeira-noite-e-inicia-segundo-dia-com-programacao-diversificada\\\/\"},\"author\":{\"name\":\"ritanery\",\"@id\":\"https:\\\/\\\/radiolifefm.com.br\\\/noticias\\\/#\\\/schema\\\/person\\\/6339b9fac59d12b071dec680d7375d87\"},\"headline\":\"ExpoVerde 2026 re\u00fane grande p\u00fablico na primeira noite e inicia segundo dia com programa\u00e7\u00e3o diversificada\",\"datePublished\":\"2026-09-04T22:06:39+00:00\",\"mainEntityOfPage\":{\"@id\":\"https:\\\/\\\/radiolifefm.com.br\\\/noticias\\\/expoverde-2026-reune-grande-publico-na-primeira-noite-e-inicia-segundo-dia-com-programacao-diversificada\\\/\"},\"wordCount\":584,\"publisher\":{\"@id\":\"https:\\\/\\\/radiolifefm.com.br\\\/noticias\\\/#organization\"},\"image\":{\"@id\":\"https:\\\/\\\/radiolifefm.com.br\\\/noticias\\\/expoverde-2026-reune-grande-publico-na-primeira-noite-e-inicia-segundo-dia-com-programacao-diversificada\\\/#primaryimage\"},\"thumbnailUrl\":\"https:\\\/\\\/radiolifefm.com.br\\\/noticias\\\/wp-content\\\/uploads\\\/2026\\\/09\\\/IMG-20260904-WA0043.jpg\",\"articleSection\":[\"Adamantina\"],\"inLanguage\":\"pt-BR\"},{\"@type\":\"WebPage\",\"@id\":\"https:\\\/\\\/radiolifefm.com.br\\\/noticias\\\/expoverde-2026-reune-grande-publico-na-primeira-noite-e-inicia-segundo-dia-com-programacao-diversificada\\\/\",\"url\":\"https:\\\/\\\/radiolifefm.com.br\\\/noticias\\\/expoverde-2026-reune-grande-publico-na-primeira-noite-e-inicia-segundo-dia-com-programacao-diversificada\\\/\",\"name\":\"ExpoVerde 2026 re\u00fane grande p\u00fablico na primeira noite e inicia segundo dia com programa\u00e7\u00e3o diversificada - R\u00e1dio Life FM\",\"isPartOf\":{\"@id\":\"https:\\\/\\\/radiolifefm.com.br\\\/noticias\\\/#website\"},\"primaryImageOfPage\":{\"@id\":\"https:\\\/\\\/radiolifefm.com.br\\\/noticias\\\/expoverde-2026-reune-grande-publico-na-primeira-noite-e-inicia-segundo-dia-com-programacao-diversificada\\\/#primaryimage\"},\"image\":{\"@id\":\"https:\\\/\\\/radiolifefm.com.br\\\/noticias\\\/expoverde-2026-reune-grande-publico-na-primeira-noite-e-inicia-segundo-dia-com-programacao-diversificada\\\/#primaryimage\"},\"thumbnailUrl\":\"https:\\\/\\\/radiolifefm.com.br\\\/noticias\\\/wp-content\\\/uploads\\\/2026\\\/09\\\/IMG-20260904-WA0043.jpg\",\"datePublished\":\"2026-09-04T22:06:39+00:00\",\"breadcrumb\":{\"@id\":\"https:\\\/\\\/radiolifefm.com.br\\\/noticias\\\/expoverde-2026-reune-grande-publico-na-primeira-noite-e-inicia-segundo-dia-com-programacao-diversificada\\\/#breadcrumb\"},\"inLanguage\":\"pt-BR\",\"potentialAction\":[{\"@type\":\"ReadAction\",\"target\":[\"https:\\\/\\\/radiolifefm.com.br\\\/noticias\\\/expoverde-2026-reune-grande-publico-na-primeira-noite-e-inicia-segundo-dia-com-programacao-diversificada\\\/\"]}]},{\"@type\":\"ImageObject\",\"inLanguage\":\"pt-BR\",\"@id\":\"https:\\\/\\\/radiolifefm.com.br\\\/noticias\\\/expoverde-2026-reune-grande-publico-na-primeira-noite-e-inicia-segundo-dia-com-programacao-diversificada\\\/#primaryimage\",\"url\":\"https:\\\/\\\/radiolifefm.com.br\\\/noticias\\\/wp-content\\\/uploads\\\/2026\\\/09\\\/IMG-20260904-WA0043.jpg\",\"contentUrl\":\"https:\\\/\\\/radiolifefm.com.br\\\/noticias\\\/wp-content\\\/uploads\\\/2026\\\/09\\\/IMG-20260904-WA0043.jpg\",\"width\":1600,\"height\":1066},{\"@type\":\"BreadcrumbList\",\"@id\":\"https:\\\/\\\/radiolifefm.com.br\\\/noticias\\\/expoverde-2026-reune-grande-publico-na-primeira-noite-e-inicia-segundo-dia-com-programacao-diversificada\\\/#breadcrumb\",\"itemListElement\":[{\"@type\":\"ListItem\",\"position\":1,\"name\":\"In\u00edcio\",\"item\":\"https:\\\/\\\/radiolifefm.com.br\\\/noticias\\\/\"},{\"@type\":\"ListItem\",\"position\":2,\"name\":\"ExpoVerde 2026 re\u00fane grande p\u00fablico na primeira noite e inicia segundo dia com programa\u00e7\u00e3o diversificada\"}]},{\"@type\":\"WebSite\",\"@id\":\"https:\\\/\\\/radiolifefm.com.br\\\/noticias\\\/#website\",\"url\":\"https:\\\/\\\/radiolifefm.com.br\\\/noticias\\\/\",\"name\":\"R\u00e1dio Life FM\",\"description\":\"O Portal de Not\u00edcias de Adamantina\",\"publisher\":{\"@id\":\"https:\\\/\\\/radiolifefm.com.br\\\/noticias\\\/#organization\"},\"alternateName\":\"Life FM\",\"potentialAction\":[{\"@type\":\"SearchAction\",\"target\":{\"@type\":\"EntryPoint\",\"urlTemplate\":\"https:\\\/\\\/radiolifefm.com.br\\\/noticias\\\/?s={search_term_string}\"},\"query-input\":{\"@type\":\"PropertyValueSpecification\",\"valueRequired\":true,\"valueName\":\"search_term_string\"}}],\"inLanguage\":\"pt-BR\"},{\"@type\":\"Organization\",\"@id\":\"https:\\\/\\\/radiolifefm.com.br\\\/noticias\\\/#organization\",\"name\":\"R\u00e1dio Life FM\",\"alternateName\":\"Life FM\",\"url\":\"https:\\\/\\\/radiolifefm.com.br\\\/noticias\\\/\",\"logo\":{\"@type\":\"ImageObject\",\"inLanguage\":\"pt-BR\",\"@id\":\"https:\\\/\\\/radiolifefm.com.br\\\/noticias\\\/#\\\/schema\\\/logo\\\/image\\\/\",\"url\":\"https:\\\/\\\/static.radiolifefm.com.br\\\/noticias\\\/wp-content\\\/uploads\\\/2019\\\/10\\\/logo-lifefm.png\",\"contentUrl\":\"https:\\\/\\\/static.radiolifefm.com.br\\\/noticias\\\/wp-content\\\/uploads\\\/2019\\\/10\\\/logo-lifefm.png\",\"width\":196,\"height\":47,\"caption\":\"R\u00e1dio Life FM\"},\"image\":{\"@id\":\"https:\\\/\\\/radiolifefm.com.br\\\/noticias\\\/#\\\/schema\\\/logo\\\/image\\\/\"},\"sameAs\":[\"https:\\\/\\\/www.facebook.com\\\/radiolifefm\\\/\",\"https:\\\/\\\/www.instagram.com\\\/life1079fm\\\/\"]},{\"@type\":\"Person\",\"@id\":\"https:\\\/\\\/radiolifefm.com.br\\\/noticias\\\/#\\\/schema\\\/person\\\/6339b9fac59d12b071dec680d7375d87\",\"name\":\"ritanery\",\"image\":{\"@type\":\"ImageObject\",\"inLanguage\":\"pt-BR\",\"@id\":\"https:\\\/\\\/secure.gravatar.com\\\/avatar\\\/0e37bb19071f47c0b8a23f62a903df117c5a0e75f65a0c2901562f97cd41cf86?s=96&d=mm&r=g\",\"url\":\"https:\\\/\\\/secure.gravatar.com\\\/avatar\\\/0e37bb19071f47c0b8a23f62a903df117c5a0e75f65a0c2901562f97cd41cf86?s=96&d=mm&r=g\",\"contentUrl\":\"https:\\\/\\\/secure.gravatar.com\\\/avatar\\\/0e37bb19071f47c0b8a23f62a903df117c5a0e75f65a0c2901562f97cd41cf86?s=96&d=mm&r=g\",\"caption\":\"ritanery\"}}]}<\/script>\n<!-- \/ Yoast SEO plugin. -->","yoast_head_json":{"title":"ExpoVerde 2026 re\u00fane grande p\u00fablico na primeira noite e inicia segundo dia com programa\u00e7\u00e3o diversificada - R\u00e1dio Life FM","robots":{"index":"index","follow":"follow","max-snippet":"max-snippet:-1","max-image-preview":"max-image-preview:large","max-video-preview":"max-video-preview:-1"},"canonical":"https:\/\/radiolifefm.com.br\/noticias\/expoverde-2026-reune-grande-publico-na-primeira-noite-e-inicia-segundo-dia-com-programacao-diversificada\/","og_locale":"pt_BR","og_type":"article","og_title":"ExpoVerde 2026 re\u00fane grande p\u00fablico na primeira noite e inicia segundo dia com programa\u00e7\u00e3o diversificada - R\u00e1dio Life FM","og_description":"&nbsp; A primeira noite da 34\u00aa ExpoVerde 2026 \u2013 Ra\u00edzes do Futuro, em Adamantina, foi marcada por grande participa\u00e7\u00e3o popular e confirmou a for\u00e7a do evento como uma das principais festas da regi\u00e3o da Nova Alta Paulista. Fam\u00edlias, crian\u00e7as, jovens, adultos e idosos compareceram ao Recinto Poliesportivo para prestigiar uma programa\u00e7\u00e3o diversificada, com atra\u00e7\u00f5es para [&hellip;]","og_url":"https:\/\/radiolifefm.com.br\/noticias\/expoverde-2026-reune-grande-publico-na-primeira-noite-e-inicia-segundo-dia-com-programacao-diversificada\/","og_site_name":"R\u00e1dio Life FM","article_publisher":"https:\/\/www.facebook.com\/radiolifefm\/","article_published_time":"2026-09-04T22:06:39+00:00","og_image":[{"width":1600,"height":1066,"url":"https:\/\/radiolifefm.com.br\/noticias\/wp-content\/uploads\/2026\/09\/IMG-20260904-WA0043.jpg","type":"image\/jpeg"}],"author":"ritanery","twitter_card":"summary_large_image","twitter_misc":{"Escrito por":"ritanery","Est. tempo de leitura":"5 minutos"},"schema":{"@context":"https:\/\/schema.org","@graph":[{"@type":"Article","@id":"https:\/\/radiolifefm.com.br\/noticias\/expoverde-2026-reune-grande-publico-na-primeira-noite-e-inicia-segundo-dia-com-programacao-diversificada\/#article","isPartOf":{"@id":"https:\/\/radiolifefm.com.br\/noticias\/expoverde-2026-reune-grande-publico-na-primeira-noite-e-inicia-segundo-dia-com-programacao-diversificada\/"},"author":{"name":"ritanery","@id":"https:\/\/radiolifefm.com.br\/noticias\/#\/schema\/person\/6339b9fac59d12b071dec680d7375d87"},"headline":"ExpoVerde 2026 re\u00fane grande p\u00fablico na primeira noite e inicia segundo dia com programa\u00e7\u00e3o diversificada","datePublished":"2026-09-04T22:06:39+00:00","mainEntityOfPage":{"@id":"https:\/\/radiolifefm.com.br\/noticias\/expoverde-2026-reune-grande-publico-na-primeira-noite-e-inicia-segundo-dia-com-programacao-diversificada\/"},"wordCount":584,"publisher":{"@id":"https:\/\/radiolifefm.com.br\/noticias\/#organization"},"image":{"@id":"https:\/\/radiolifefm.com.br\/noticias\/expoverde-2026-reune-grande-publico-na-primeira-noite-e-inicia-segundo-dia-com-programacao-diversificada\/#primaryimage"},"thumbnailUrl":"https:\/\/radiolifefm.com.br\/noticias\/wp-content\/uploads\/2026\/09\/IMG-20260904-WA0043.jpg","articleSection":["Adamantina"],"inLanguage":"pt-BR"},{"@type":"WebPage","@id":"https:\/\/radiolifefm.com.br\/noticias\/expoverde-2026-reune-grande-publico-na-primeira-noite-e-inicia-segundo-dia-com-programacao-diversificada\/","url":"https:\/\/radiolifefm.com.br\/noticias\/expoverde-2026-reune-grande-publico-na-primeira-noite-e-inicia-segundo-dia-com-programacao-diversificada\/","name":"ExpoVerde 2026 re\u00fane grande p\u00fablico na primeira noite e inicia segundo dia com programa\u00e7\u00e3o diversificada - R\u00e1dio Life FM","isPartOf":{"@id":"https:\/\/radiolifefm.com.br\/noticias\/#website"},"primaryImageOfPage":{"@id":"https:\/\/radiolifefm.com.br\/noticias\/expoverde-2026-reune-grande-publico-na-primeira-noite-e-inicia-segundo-dia-com-programacao-diversificada\/#primaryimage"},"image":{"@id":"https:\/\/radiolifefm.com.br\/noticias\/expoverde-2026-reune-grande-publico-na-primeira-noite-e-inicia-segundo-dia-com-programacao-diversificada\/#primaryimage"},"thumbnailUrl":"https:\/\/radiolifefm.com.br\/noticias\/wp-content\/uploads\/2026\/09\/IMG-20260904-WA0043.jpg","datePublished":"2026-09-04T22:06:39+00:00","breadcrumb":{"@id":"https:\/\/radiolifefm.com.br\/noticias\/expoverde-2026-reune-grande-publico-na-primeira-noite-e-inicia-segundo-dia-com-programacao-diversificada\/#breadcrumb"},"inLanguage":"pt-BR","potentialAction":[{"@type":"ReadAction","target":["https:\/\/radiolifefm.com.br\/noticias\/expoverde-2026-reune-grande-publico-na-primeira-noite-e-inicia-segundo-dia-com-programacao-diversificada\/"]}]},{"@type":"ImageObject","inLanguage":"pt-BR","@id":"https:\/\/radiolifefm.com.br\/noticias\/expoverde-2026-reune-grande-publico-na-primeira-noite-e-inicia-segundo-dia-com-programacao-diversificada\/#primaryimage","url":"https:\/\/radiolifefm.com.br\/noticias\/wp-content\/uploads\/2026\/09\/IMG-20260904-WA0043.jpg","contentUrl":"https:\/\/radiolifefm.com.br\/noticias\/wp-content\/uploads\/2026\/09\/IMG-20260904-WA0043.jpg","width":1600,"height":1066},{"@type":"BreadcrumbList","@id":"https:\/\/radiolifefm.com.br\/noticias\/expoverde-2026-reune-grande-publico-na-primeira-noite-e-inicia-segundo-dia-com-programacao-diversificada\/#breadcrumb","itemListElement":[{"@type":"ListItem","position":1,"name":"In\u00edcio","item":"https:\/\/radiolifefm.com.br\/noticias\/"},{"@type":"ListItem","position":2,"name":"ExpoVerde 2026 re\u00fane grande p\u00fablico na primeira noite e inicia segundo dia com programa\u00e7\u00e3o diversificada"}]},{"@type":"WebSite","@id":"https:\/\/radiolifefm.com.br\/noticias\/#website","url":"https:\/\/radiolifefm.com.br\/noticias\/","name":"R\u00e1dio Life FM","description":"O Portal de Not\u00edcias de Adamantina","publisher":{"@id":"https:\/\/radiolifefm.com.br\/noticias\/#organization"},"alternateName":"Life FM","potentialAction":[{"@type":"SearchAction","target":{"@type":"EntryPoint","urlTemplate":"https:\/\/radiolifefm.com.br\/noticias\/?s={search_term_string}"},"query-input":{"@type":"PropertyValueSpecification","valueRequired":true,"valueName":"search_term_string"}}],"inLanguage":"pt-BR"},{"@type":"Organization","@id":"https:\/\/radiolifefm.com.br\/noticias\/#organization","name":"R\u00e1dio Life FM","alternateName":"Life FM","url":"https:\/\/radiolifefm.com.br\/noticias\/","logo":{"@type":"ImageObject","inLanguage":"pt-BR","@id":"https:\/\/radiolifefm.com.br\/noticias\/#\/schema\/logo\/image\/","url":"https:\/\/static.radiolifefm.com.br\/noticias\/wp-content\/uploads\/2019\/10\/logo-lifefm.png","contentUrl":"https:\/\/static.radiolifefm.com.br\/noticias\/wp-content\/uploads\/2019\/10\/logo-lifefm.png","width":196,"height":47,"caption":"R\u00e1dio Life FM"},"image":{"@id":"https:\/\/radiolifefm.com.br\/noticias\/#\/schema\/logo\/image\/"},"sameAs":["https:\/\/www.facebook.com\/radiolifefm\/","https:\/\/www.instagram.com\/life1079fm\/"]},{"@type":"Person","@id":"https:\/\/radiolifefm.com.br\/noticias\/#\/schema\/person\/6339b9fac59d12b071dec680d7375d87","name":"ritanery","image":{"@type":"ImageObject","inLanguage":"pt-BR","@id":"https:\/\/secure.gravatar.com\/avatar\/0e37bb19071f47c0b8a23f62a903df117c5a0e75f65a0c2901562f97cd41cf86?s=96&d=mm&r=g","url":"https:\/\/secure.gravatar.com\/avatar\/0e37bb19071f47c0b8a23f62a903df117c5a0e75f65a0c2901562f97cd41cf86?s=96&d=mm&r=g","contentUrl":"https:\/\/secure.gravatar.com\/avatar\/0e37bb19071f47c0b8a23f62a903df117c5a0e75f65a0c2901562f97cd41cf86?s=96&d=mm&r=g","caption":"ritanery"}}]}},"amp_enabled":true,"_links":{"self":[{"href":"https:\/\/radiolifefm.com.br\/noticias\/wp-json\/wp\/v2\/posts\/124315","targetHints":{"allow":["GET"]}}],"collection":[{"href":"https:\/\/radiolifefm.com.br\/noticias\/wp-json\/wp\/v2\/posts"}],"about":[{"href":"https:\/\/radiolifefm.com.br\/noticias\/wp-json\/wp\/v2\/types\/post"}],"author":[{"embeddable":true,"href":"https:\/\/radiolifefm.com.br\/noticias\/wp-json\/wp\/v2\/users\/13"}],"replies":[{"embeddable":true,"href":"https:\/\/radiolifefm.com.br\/noticias\/wp-json\/wp\/v2\/comments?post=124315"}],"version-history":[{"count":1,"href":"https:\/\/radiolifefm.com.br\/noticias\/wp-json\/wp\/v2\/posts\/124315\/revisions"}],"predecessor-version":[{"id":124324,"href":"https:\/\/radiolifefm.com.br\/noticias\/wp-json\/wp\/v2\/posts\/124315\/revisions\/124324"}],"wp:featuredmedia":[{"embeddable":true,"href":"https:\/\/radiolifefm.com.br\/noticias\/wp-json\/wp\/v2\/media\/124317"}],"wp:attachment":[{"href":"https:\/\/radiolifefm.com.br\/noticias\/wp-json\/wp\/v2\/media?parent=124315"}],"wp:term":[{"taxonomy":"category","embeddable":true,"href":"https:\/\/radiolifefm.com.br\/noticias\/wp-json\/wp\/v2\/categories?post=124315"},{"taxonomy":"post_tag","embeddable":true,"href":"https:\/\/radiolifefm.com.br\/noticias\/wp-json\/wp\/v2\/tags?post=124315"}],"curies":[{"name":"wp","href":"https:\/\/api.w.org\/{rel}","templated":true}]}}