{"id":124298,"date":"2026-09-04T16:00:28","date_gmt":"2026-09-04T19:00:28","guid":{"rendered":"https:\/\/radiolifefm.com.br\/noticias\/?p=124298"},"modified":"2026-09-04T16:00:28","modified_gmt":"2026-09-04T19:00:28","slug":"a-camaleao-para-min-sempre-veio-de-encontro-a-liberdade-nome-inspirado-em-ruth-rocha-afirmou-arieni-tarcila-no-pauta-aberta","status":"publish","type":"post","link":"https:\/\/radiolifefm.com.br\/noticias\/a-camaleao-para-min-sempre-veio-de-encontro-a-liberdade-nome-inspirado-em-ruth-rocha-afirmou-arieni-tarcila-no-pauta-aberta\/","title":{"rendered":"\u201cA Camale\u00e3o para min sempre veio de encontro a liberdade, nome inspirado em Ruth Rocha\u201d, afirmou Arieni Tarcila no Pauta Aberta."},"content":{"rendered":"<div id=\"fb-root\"><\/div>\n<p>&nbsp;<\/p>\n<div class='flex flex-wrap items-center -mx-1'>\r\n<a class='thumbnail gallery p-1 w-1\/2 md:w-1\/4' href='https:\/\/radiolifefm.com.br\/noticias\/wp-content\/uploads\/2026\/09\/Marca-dagua-Jornal-do-Meio-Dia-2026-09-04T154407.989.jpg'><img class='border border-white' src='https:\/\/radiolifefm.com.br\/noticias\/wp-content\/uploads\/2026\/09\/Marca-dagua-Jornal-do-Meio-Dia-2026-09-04T154407.989-200x200.jpg' alt='Marca D'agua Jornal Do Meio Dia   2026 09 04T154407.989' \/><\/a><a class='thumbnail gallery p-1 w-1\/2 md:w-1\/4' href='https:\/\/radiolifefm.com.br\/noticias\/wp-content\/uploads\/2026\/09\/Marca-dagua-Jornal-do-Meio-Dia-2026-09-04T154418.359.jpg'><img class='border border-white' src='https:\/\/radiolifefm.com.br\/noticias\/wp-content\/uploads\/2026\/09\/Marca-dagua-Jornal-do-Meio-Dia-2026-09-04T154418.359-200x200.jpg' alt='Marca D'agua Jornal Do Meio Dia   2026 09 04T154418.359' \/><\/a><a class='thumbnail gallery p-1 w-1\/2 md:w-1\/4' href='https:\/\/radiolifefm.com.br\/noticias\/wp-content\/uploads\/2026\/09\/Marca-dagua-Jornal-do-Meio-Dia-2026-09-04T154145.548.jpg'><img class='border border-white' src='https:\/\/radiolifefm.com.br\/noticias\/wp-content\/uploads\/2026\/09\/Marca-dagua-Jornal-do-Meio-Dia-2026-09-04T154145.548-200x200.jpg' alt='Marca D'agua Jornal Do Meio Dia   2026 09 04T154145.548' \/><\/a><a class='thumbnail gallery p-1 w-1\/2 md:w-1\/4' href='https:\/\/radiolifefm.com.br\/noticias\/wp-content\/uploads\/2026\/09\/Marca-dagua-Jornal-do-Meio-Dia-2026-09-04T153929.779.jpg'><img class='border border-white' src='https:\/\/radiolifefm.com.br\/noticias\/wp-content\/uploads\/2026\/09\/Marca-dagua-Jornal-do-Meio-Dia-2026-09-04T153929.779-200x200.jpg' alt='Marca D'agua Jornal Do Meio Dia   2026 09 04T153929.779' \/><\/a><\/div>\n<p>Na manh\u00e3 da \u00faltima ter\u00e7a-feira, 1\u00ba de setembro, a R\u00e1dio Comunit\u00e1ria LIFE FM de Adamantina, expedida em 107,9MHz, realizou em suas plataformas midi\u00e1ticas, o programa Pauta Aberta.<\/p>\n<p>Apresentado por Sergio Barbosa, jornalista diplomado, a edi\u00e7\u00e3o contou com a presen\u00e7a de Arieni Tarcila, Terapeuta Integrativa.<\/p>\n<div class='flex flex-wrap items-center -mx-1'>\r\n<a class='thumbnail gallery p-1 w-1\/2 md:w-1\/4' href='https:\/\/radiolifefm.com.br\/noticias\/wp-content\/uploads\/2026\/09\/Marca-dagua-Jornal-do-Meio-Dia-2026-09-04T154222.239.jpg'><img class='border border-white' src='https:\/\/radiolifefm.com.br\/noticias\/wp-content\/uploads\/2026\/09\/Marca-dagua-Jornal-do-Meio-Dia-2026-09-04T154222.239-200x200.jpg' alt='Marca D'agua Jornal Do Meio Dia   2026 09 04T154222.239' \/><\/a><a class='thumbnail gallery p-1 w-1\/2 md:w-1\/4' href='https:\/\/radiolifefm.com.br\/noticias\/wp-content\/uploads\/2026\/09\/Marca-dagua-Jornal-do-Meio-Dia-2026-09-04T154232.550.jpg'><img class='border border-white' src='https:\/\/radiolifefm.com.br\/noticias\/wp-content\/uploads\/2026\/09\/Marca-dagua-Jornal-do-Meio-Dia-2026-09-04T154232.550-200x200.jpg' alt='Marca D'agua Jornal Do Meio Dia   2026 09 04T154232.550' \/><\/a><\/div>\n<p><strong><em>Carreira profissional:<\/em><\/strong><\/p>\n<p>Natural de Adamantina e diplomada em Terapia Integrativa pela\u00a0 Unicesumar, Centro Universit\u00e1rio de Maring\u00e1-PR, assim, Arieni se destaca em atividades afins a forma\u00e7\u00e3o acad\u00eamica.<\/p>\n<p>Apaixonada pela literatura, Tarcila, j\u00e1 atuou em diferentes \u00f3rg\u00e3os de imprensa no munic\u00edpio, isso porque de acordo com a mesma, cursou Publicidade e Propaganda do Centro Universit\u00e1rio de Adamantina \u2013 FAI.<\/p>\n<p>Apesar da passagem pelo curso, Arieni n\u00e3o concluiu a gradua\u00e7\u00e3o, por\u00e9m, se manteve envolvida em outras atividades.<\/p>\n<div class='flex flex-wrap items-center -mx-1'>\r\n<a class='thumbnail gallery p-1 w-1\/2 md:w-1\/4' href='https:\/\/radiolifefm.com.br\/noticias\/wp-content\/uploads\/2026\/09\/Marca-dagua-Jornal-do-Meio-Dia-2026-09-04T154241.625.jpg'><img class='border border-white' src='https:\/\/radiolifefm.com.br\/noticias\/wp-content\/uploads\/2026\/09\/Marca-dagua-Jornal-do-Meio-Dia-2026-09-04T154241.625-200x200.jpg' alt='Marca D'agua Jornal Do Meio Dia   2026 09 04T154241.625' \/><\/a><a class='thumbnail gallery p-1 w-1\/2 md:w-1\/4' href='https:\/\/radiolifefm.com.br\/noticias\/wp-content\/uploads\/2026\/09\/Marca-dagua-Jornal-do-Meio-Dia-2026-09-04T154250.294.jpg'><img class='border border-white' src='https:\/\/radiolifefm.com.br\/noticias\/wp-content\/uploads\/2026\/09\/Marca-dagua-Jornal-do-Meio-Dia-2026-09-04T154250.294-200x200.jpg' alt='Marca D'agua Jornal Do Meio Dia   2026 09 04T154250.294' \/><\/a><\/div>\n<p>De fam\u00edlia com la\u00e7os efetivos na \u00e1rea da cultura por meio da produ\u00e7\u00e3o artesanal, Tarcila, tamb\u00e9m, se destaca como idealizadora da Feira Camale\u00e3o no munic\u00edpio por meio da proposta de Coletivo.<\/p>\n<p>Destaca que a Camale\u00e3o sempre veio de encontro da liberdade, nome inspirado em texto da escritora Ruth Rocha.<\/p>\n<p>Na regi\u00e3o, a Feira segue com suas propostas, por\u00e9m, as realiza\u00e7\u00f5es dos encontros seguem suspensas no momento, por\u00e9m, foram realizadas 30 edi\u00e7\u00f5es da \u201cCamale\u00e3o\u201d, destacou Tarcila.<\/p>\n<div class='flex flex-wrap items-center -mx-1'>\r\n<a class='thumbnail gallery p-1 w-1\/2 md:w-1\/4' href='https:\/\/radiolifefm.com.br\/noticias\/wp-content\/uploads\/2026\/09\/Marca-dagua-Jornal-do-Meio-Dia-2026-09-04T154347.426.jpg'><img class='border border-white' src='https:\/\/radiolifefm.com.br\/noticias\/wp-content\/uploads\/2026\/09\/Marca-dagua-Jornal-do-Meio-Dia-2026-09-04T154347.426-200x200.jpg' alt='Marca D'agua Jornal Do Meio Dia   2026 09 04T154347.426' \/><\/a><a class='thumbnail gallery p-1 w-1\/2 md:w-1\/4' href='https:\/\/radiolifefm.com.br\/noticias\/wp-content\/uploads\/2026\/09\/Marca-dagua-Jornal-do-Meio-Dia-2026-09-04T154356.517.jpg'><img class='border border-white' src='https:\/\/radiolifefm.com.br\/noticias\/wp-content\/uploads\/2026\/09\/Marca-dagua-Jornal-do-Meio-Dia-2026-09-04T154356.517-200x200.jpg' alt='Marca D'agua Jornal Do Meio Dia   2026 09 04T154356.517' \/><\/a><\/div>\n<p>Amigos, professores e uma bagagem de conhecimentos que a tornou articulada, assim, atualmente desenvolve diversas atividades em parceria com Alessandro por meio de uma Ag\u00eancia de Publicidade na regi\u00e3o, ou seja, a Marte.<\/p>\n<p>M\u00e3e do Noah e da Elis, busca repassar as experi\u00eancias de vida familiar e atividades profissionais, ainda, por meio dos ensinamentos e exemplos de presen\u00e7a pessoal com a fam\u00edlia.<\/p>\n<div class='flex flex-wrap items-center -mx-1'>\r\n<a class='thumbnail gallery p-1 w-1\/2 md:w-1\/4' href='https:\/\/radiolifefm.com.br\/noticias\/wp-content\/uploads\/2026\/09\/Marca-dagua-Jornal-do-Meio-Dia-2026-09-04T154300.832.jpg'><img class='border border-white' src='https:\/\/radiolifefm.com.br\/noticias\/wp-content\/uploads\/2026\/09\/Marca-dagua-Jornal-do-Meio-Dia-2026-09-04T154300.832-200x200.jpg' alt='Marca D'agua Jornal Do Meio Dia   2026 09 04T154300.832' \/><\/a><a class='thumbnail gallery p-1 w-1\/2 md:w-1\/4' href='https:\/\/radiolifefm.com.br\/noticias\/wp-content\/uploads\/2026\/09\/Marca-dagua-Jornal-do-Meio-Dia-2026-09-04T154317.774.jpg'><img class='border border-white' src='https:\/\/radiolifefm.com.br\/noticias\/wp-content\/uploads\/2026\/09\/Marca-dagua-Jornal-do-Meio-Dia-2026-09-04T154317.774-200x200.jpg' alt='Marca D'agua Jornal Do Meio Dia   2026 09 04T154317.774' \/><\/a><\/div>\n<p>Outros assuntos estiveram em ressalva, acesse o link a baixo e confira o programa completo.<\/p>\n<p><strong><em>O programa na emissora de r\u00e1dio: <\/em><\/strong><\/p>\n<p>Com exibi\u00e7\u00e3o semanalmente, todas as ter\u00e7as-feiras na Life FM, a partir das 10h15, o Programa Pauta Aberta tem o Apoio Institucional <strong>da C\u00e1tedra UNESCO\/UMESP de Comunica\u00e7\u00e3o para o Desenvolvimento Regional<\/strong>, tamb\u00e9m, Apoio Cultural da <strong>ESPA\u00c7O ROCK STORE<\/strong>.<\/p>\n<div class='flex flex-wrap items-center -mx-1'>\r\n<a class='thumbnail gallery p-1 w-1\/2 md:w-1\/4' href='https:\/\/radiolifefm.com.br\/noticias\/wp-content\/uploads\/2026\/09\/Marca-dagua-Jornal-do-Meio-Dia-2026-09-04T154327.438.jpg'><img class='border border-white' src='https:\/\/radiolifefm.com.br\/noticias\/wp-content\/uploads\/2026\/09\/Marca-dagua-Jornal-do-Meio-Dia-2026-09-04T154327.438-200x200.jpg' alt='Marca D'agua Jornal Do Meio Dia   2026 09 04T154327.438' \/><\/a><a class='thumbnail gallery p-1 w-1\/2 md:w-1\/4' href='https:\/\/radiolifefm.com.br\/noticias\/wp-content\/uploads\/2026\/09\/Marca-dagua-Jornal-do-Meio-Dia-2026-09-04T154336.624.jpg'><img class='border border-white' src='https:\/\/radiolifefm.com.br\/noticias\/wp-content\/uploads\/2026\/09\/Marca-dagua-Jornal-do-Meio-Dia-2026-09-04T154336.624-200x200.jpg' alt='Marca D'agua Jornal Do Meio Dia   2026 09 04T154336.624' \/><\/a><\/div>\n<p>&nbsp;<\/p>\n<p><strong><em>Por: jornalista diplomado Gilson Leandro.<\/em><\/strong><\/p>\n","protected":false},"excerpt":{"rendered":"<p>&nbsp; Na manh\u00e3 da \u00faltima ter\u00e7a-feira, 1\u00ba de setembro, a R\u00e1dio Comunit\u00e1ria LIFE FM de Adamantina, expedida em 107,9MHz, realizou em suas plataformas midi\u00e1ticas, o programa Pauta Aberta. Apresentado por Sergio Barbosa, jornalista diplomado, a edi\u00e7\u00e3o contou com a presen\u00e7a de Arieni Tarcila, Terapeuta Integrativa. Carreira profissional: Natural de Adamantina e diplomada em Terapia Integrativa [&hellip;]<\/p>\n","protected":false},"author":8,"featured_media":124313,"comment_status":"closed","ping_status":"open","sticky":false,"template":"","format":"standard","meta":{"_acf_changed":false,"_exactmetrics_skip_tracking":false,"footnotes":""},"categories":[126],"tags":[],"class_list":["post-124298","post","type-post","status-publish","format-standard","has-post-thumbnail","hentry","category-pauta-aberta"],"acf":[],"yoast_head":"<!-- This site is optimized with the Yoast SEO plugin v28.2 - https:\/\/yoast.com\/product\/yoast-seo-wordpress\/ -->\n<title>\u201cA Camale\u00e3o para min sempre veio de encontro a liberdade, nome inspirado em Ruth Rocha\u201d, afirmou Arieni Tarcila no Pauta Aberta. - R\u00e1dio Life FM<\/title>\n<meta name=\"robots\" content=\"index, follow, max-snippet:-1, max-image-preview:large, max-video-preview:-1\" \/>\n<link rel=\"canonical\" href=\"https:\/\/radiolifefm.com.br\/noticias\/a-camaleao-para-min-sempre-veio-de-encontro-a-liberdade-nome-inspirado-em-ruth-rocha-afirmou-arieni-tarcila-no-pauta-aberta\/\" \/>\n<meta property=\"og:locale\" content=\"pt_BR\" \/>\n<meta property=\"og:type\" content=\"article\" \/>\n<meta property=\"og:title\" content=\"\u201cA Camale\u00e3o para min sempre veio de encontro a liberdade, nome inspirado em Ruth Rocha\u201d, afirmou Arieni Tarcila no Pauta Aberta. - R\u00e1dio Life FM\" \/>\n<meta property=\"og:description\" content=\"&nbsp; Na manh\u00e3 da \u00faltima ter\u00e7a-feira, 1\u00ba de setembro, a R\u00e1dio Comunit\u00e1ria LIFE FM de Adamantina, expedida em 107,9MHz, realizou em suas plataformas midi\u00e1ticas, o programa Pauta Aberta. Apresentado por Sergio Barbosa, jornalista diplomado, a edi\u00e7\u00e3o contou com a presen\u00e7a de Arieni Tarcila, Terapeuta Integrativa. Carreira profissional: Natural de Adamantina e diplomada em Terapia Integrativa [&hellip;]\" \/>\n<meta property=\"og:url\" content=\"https:\/\/radiolifefm.com.br\/noticias\/a-camaleao-para-min-sempre-veio-de-encontro-a-liberdade-nome-inspirado-em-ruth-rocha-afirmou-arieni-tarcila-no-pauta-aberta\/\" \/>\n<meta property=\"og:site_name\" content=\"R\u00e1dio Life FM\" \/>\n<meta property=\"article:publisher\" content=\"https:\/\/www.facebook.com\/radiolifefm\/\" \/>\n<meta property=\"article:published_time\" content=\"2026-09-04T19:00:28+00:00\" \/>\n<meta property=\"og:image\" content=\"https:\/\/radiolifefm.com.br\/noticias\/wp-content\/uploads\/2026\/09\/Capa-Site.jpg\" \/>\n\t<meta property=\"og:image:width\" content=\"1366\" \/>\n\t<meta property=\"og:image:height\" content=\"768\" \/>\n\t<meta property=\"og:image:type\" content=\"image\/jpeg\" \/>\n<meta name=\"author\" content=\"joaograndao\" \/>\n<meta name=\"twitter:card\" content=\"summary_large_image\" \/>\n<meta name=\"twitter:label1\" content=\"Escrito por\" \/>\n\t<meta name=\"twitter:data1\" content=\"joaograndao\" \/>\n\t<meta name=\"twitter:label2\" content=\"Est. tempo de leitura\" \/>\n\t<meta name=\"twitter:data2\" content=\"2 minutos\" \/>\n<script type=\"application\/ld+json\" class=\"yoast-schema-graph\">{\"@context\":\"https:\\\/\\\/schema.org\",\"@graph\":[{\"@type\":\"Article\",\"@id\":\"https:\\\/\\\/radiolifefm.com.br\\\/noticias\\\/a-camaleao-para-min-sempre-veio-de-encontro-a-liberdade-nome-inspirado-em-ruth-rocha-afirmou-arieni-tarcila-no-pauta-aberta\\\/#article\",\"isPartOf\":{\"@id\":\"https:\\\/\\\/radiolifefm.com.br\\\/noticias\\\/a-camaleao-para-min-sempre-veio-de-encontro-a-liberdade-nome-inspirado-em-ruth-rocha-afirmou-arieni-tarcila-no-pauta-aberta\\\/\"},\"author\":{\"name\":\"joaograndao\",\"@id\":\"https:\\\/\\\/radiolifefm.com.br\\\/noticias\\\/#\\\/schema\\\/person\\\/6876e1240feffe6e1b63fd5cb85abf28\"},\"headline\":\"\u201cA Camale\u00e3o para min sempre veio de encontro a liberdade, nome inspirado em Ruth Rocha\u201d, afirmou Arieni Tarcila no Pauta Aberta.\",\"datePublished\":\"2026-09-04T19:00:28+00:00\",\"mainEntityOfPage\":{\"@id\":\"https:\\\/\\\/radiolifefm.com.br\\\/noticias\\\/a-camaleao-para-min-sempre-veio-de-encontro-a-liberdade-nome-inspirado-em-ruth-rocha-afirmou-arieni-tarcila-no-pauta-aberta\\\/\"},\"wordCount\":400,\"publisher\":{\"@id\":\"https:\\\/\\\/radiolifefm.com.br\\\/noticias\\\/#organization\"},\"image\":{\"@id\":\"https:\\\/\\\/radiolifefm.com.br\\\/noticias\\\/a-camaleao-para-min-sempre-veio-de-encontro-a-liberdade-nome-inspirado-em-ruth-rocha-afirmou-arieni-tarcila-no-pauta-aberta\\\/#primaryimage\"},\"thumbnailUrl\":\"https:\\\/\\\/radiolifefm.com.br\\\/noticias\\\/wp-content\\\/uploads\\\/2026\\\/09\\\/Capa-Site.jpg\",\"articleSection\":[\"Pauta Aberta\"],\"inLanguage\":\"pt-BR\"},{\"@type\":\"WebPage\",\"@id\":\"https:\\\/\\\/radiolifefm.com.br\\\/noticias\\\/a-camaleao-para-min-sempre-veio-de-encontro-a-liberdade-nome-inspirado-em-ruth-rocha-afirmou-arieni-tarcila-no-pauta-aberta\\\/\",\"url\":\"https:\\\/\\\/radiolifefm.com.br\\\/noticias\\\/a-camaleao-para-min-sempre-veio-de-encontro-a-liberdade-nome-inspirado-em-ruth-rocha-afirmou-arieni-tarcila-no-pauta-aberta\\\/\",\"name\":\"\u201cA Camale\u00e3o para min sempre veio de encontro a liberdade, nome inspirado em Ruth Rocha\u201d, afirmou Arieni Tarcila no Pauta Aberta. - R\u00e1dio Life FM\",\"isPartOf\":{\"@id\":\"https:\\\/\\\/radiolifefm.com.br\\\/noticias\\\/#website\"},\"primaryImageOfPage\":{\"@id\":\"https:\\\/\\\/radiolifefm.com.br\\\/noticias\\\/a-camaleao-para-min-sempre-veio-de-encontro-a-liberdade-nome-inspirado-em-ruth-rocha-afirmou-arieni-tarcila-no-pauta-aberta\\\/#primaryimage\"},\"image\":{\"@id\":\"https:\\\/\\\/radiolifefm.com.br\\\/noticias\\\/a-camaleao-para-min-sempre-veio-de-encontro-a-liberdade-nome-inspirado-em-ruth-rocha-afirmou-arieni-tarcila-no-pauta-aberta\\\/#primaryimage\"},\"thumbnailUrl\":\"https:\\\/\\\/radiolifefm.com.br\\\/noticias\\\/wp-content\\\/uploads\\\/2026\\\/09\\\/Capa-Site.jpg\",\"datePublished\":\"2026-09-04T19:00:28+00:00\",\"breadcrumb\":{\"@id\":\"https:\\\/\\\/radiolifefm.com.br\\\/noticias\\\/a-camaleao-para-min-sempre-veio-de-encontro-a-liberdade-nome-inspirado-em-ruth-rocha-afirmou-arieni-tarcila-no-pauta-aberta\\\/#breadcrumb\"},\"inLanguage\":\"pt-BR\",\"potentialAction\":[{\"@type\":\"ReadAction\",\"target\":[\"https:\\\/\\\/radiolifefm.com.br\\\/noticias\\\/a-camaleao-para-min-sempre-veio-de-encontro-a-liberdade-nome-inspirado-em-ruth-rocha-afirmou-arieni-tarcila-no-pauta-aberta\\\/\"]}]},{\"@type\":\"ImageObject\",\"inLanguage\":\"pt-BR\",\"@id\":\"https:\\\/\\\/radiolifefm.com.br\\\/noticias\\\/a-camaleao-para-min-sempre-veio-de-encontro-a-liberdade-nome-inspirado-em-ruth-rocha-afirmou-arieni-tarcila-no-pauta-aberta\\\/#primaryimage\",\"url\":\"https:\\\/\\\/radiolifefm.com.br\\\/noticias\\\/wp-content\\\/uploads\\\/2026\\\/09\\\/Capa-Site.jpg\",\"contentUrl\":\"https:\\\/\\\/radiolifefm.com.br\\\/noticias\\\/wp-content\\\/uploads\\\/2026\\\/09\\\/Capa-Site.jpg\",\"width\":1366,\"height\":768,\"caption\":\"S\u00e9rgio Barbosa, Jornalista Diplomado e a Arieni Tarcila, Terapeuta Integrativa\"},{\"@type\":\"BreadcrumbList\",\"@id\":\"https:\\\/\\\/radiolifefm.com.br\\\/noticias\\\/a-camaleao-para-min-sempre-veio-de-encontro-a-liberdade-nome-inspirado-em-ruth-rocha-afirmou-arieni-tarcila-no-pauta-aberta\\\/#breadcrumb\",\"itemListElement\":[{\"@type\":\"ListItem\",\"position\":1,\"name\":\"In\u00edcio\",\"item\":\"https:\\\/\\\/radiolifefm.com.br\\\/noticias\\\/\"},{\"@type\":\"ListItem\",\"position\":2,\"name\":\"\u201cA Camale\u00e3o para min sempre veio de encontro a liberdade, nome inspirado em Ruth Rocha\u201d, afirmou Arieni Tarcila no Pauta Aberta.\"}]},{\"@type\":\"WebSite\",\"@id\":\"https:\\\/\\\/radiolifefm.com.br\\\/noticias\\\/#website\",\"url\":\"https:\\\/\\\/radiolifefm.com.br\\\/noticias\\\/\",\"name\":\"R\u00e1dio Life FM\",\"description\":\"O Portal de Not\u00edcias de Adamantina\",\"publisher\":{\"@id\":\"https:\\\/\\\/radiolifefm.com.br\\\/noticias\\\/#organization\"},\"alternateName\":\"Life FM\",\"potentialAction\":[{\"@type\":\"SearchAction\",\"target\":{\"@type\":\"EntryPoint\",\"urlTemplate\":\"https:\\\/\\\/radiolifefm.com.br\\\/noticias\\\/?s={search_term_string}\"},\"query-input\":{\"@type\":\"PropertyValueSpecification\",\"valueRequired\":true,\"valueName\":\"search_term_string\"}}],\"inLanguage\":\"pt-BR\"},{\"@type\":\"Organization\",\"@id\":\"https:\\\/\\\/radiolifefm.com.br\\\/noticias\\\/#organization\",\"name\":\"R\u00e1dio Life FM\",\"alternateName\":\"Life FM\",\"url\":\"https:\\\/\\\/radiolifefm.com.br\\\/noticias\\\/\",\"logo\":{\"@type\":\"ImageObject\",\"inLanguage\":\"pt-BR\",\"@id\":\"https:\\\/\\\/radiolifefm.com.br\\\/noticias\\\/#\\\/schema\\\/logo\\\/image\\\/\",\"url\":\"https:\\\/\\\/static.radiolifefm.com.br\\\/noticias\\\/wp-content\\\/uploads\\\/2019\\\/10\\\/logo-lifefm.png\",\"contentUrl\":\"https:\\\/\\\/static.radiolifefm.com.br\\\/noticias\\\/wp-content\\\/uploads\\\/2019\\\/10\\\/logo-lifefm.png\",\"width\":196,\"height\":47,\"caption\":\"R\u00e1dio Life FM\"},\"image\":{\"@id\":\"https:\\\/\\\/radiolifefm.com.br\\\/noticias\\\/#\\\/schema\\\/logo\\\/image\\\/\"},\"sameAs\":[\"https:\\\/\\\/www.facebook.com\\\/radiolifefm\\\/\",\"https:\\\/\\\/www.instagram.com\\\/life1079fm\\\/\"]},{\"@type\":\"Person\",\"@id\":\"https:\\\/\\\/radiolifefm.com.br\\\/noticias\\\/#\\\/schema\\\/person\\\/6876e1240feffe6e1b63fd5cb85abf28\",\"name\":\"joaograndao\",\"image\":{\"@type\":\"ImageObject\",\"inLanguage\":\"pt-BR\",\"@id\":\"https:\\\/\\\/secure.gravatar.com\\\/avatar\\\/d5b1a3cf357ed9c50404e256a1294083aa8ab5d2a994001567302786016cb32c?s=96&d=mm&r=g\",\"url\":\"https:\\\/\\\/secure.gravatar.com\\\/avatar\\\/d5b1a3cf357ed9c50404e256a1294083aa8ab5d2a994001567302786016cb32c?s=96&d=mm&r=g\",\"contentUrl\":\"https:\\\/\\\/secure.gravatar.com\\\/avatar\\\/d5b1a3cf357ed9c50404e256a1294083aa8ab5d2a994001567302786016cb32c?s=96&d=mm&r=g\",\"caption\":\"joaograndao\"}}]}<\/script>\n<!-- \/ Yoast SEO plugin. -->","yoast_head_json":{"title":"\u201cA Camale\u00e3o para min sempre veio de encontro a liberdade, nome inspirado em Ruth Rocha\u201d, afirmou Arieni Tarcila no Pauta Aberta. - R\u00e1dio Life FM","robots":{"index":"index","follow":"follow","max-snippet":"max-snippet:-1","max-image-preview":"max-image-preview:large","max-video-preview":"max-video-preview:-1"},"canonical":"https:\/\/radiolifefm.com.br\/noticias\/a-camaleao-para-min-sempre-veio-de-encontro-a-liberdade-nome-inspirado-em-ruth-rocha-afirmou-arieni-tarcila-no-pauta-aberta\/","og_locale":"pt_BR","og_type":"article","og_title":"\u201cA Camale\u00e3o para min sempre veio de encontro a liberdade, nome inspirado em Ruth Rocha\u201d, afirmou Arieni Tarcila no Pauta Aberta. - R\u00e1dio Life FM","og_description":"&nbsp; Na manh\u00e3 da \u00faltima ter\u00e7a-feira, 1\u00ba de setembro, a R\u00e1dio Comunit\u00e1ria LIFE FM de Adamantina, expedida em 107,9MHz, realizou em suas plataformas midi\u00e1ticas, o programa Pauta Aberta. Apresentado por Sergio Barbosa, jornalista diplomado, a edi\u00e7\u00e3o contou com a presen\u00e7a de Arieni Tarcila, Terapeuta Integrativa. Carreira profissional: Natural de Adamantina e diplomada em Terapia Integrativa [&hellip;]","og_url":"https:\/\/radiolifefm.com.br\/noticias\/a-camaleao-para-min-sempre-veio-de-encontro-a-liberdade-nome-inspirado-em-ruth-rocha-afirmou-arieni-tarcila-no-pauta-aberta\/","og_site_name":"R\u00e1dio Life FM","article_publisher":"https:\/\/www.facebook.com\/radiolifefm\/","article_published_time":"2026-09-04T19:00:28+00:00","og_image":[{"width":1366,"height":768,"url":"https:\/\/radiolifefm.com.br\/noticias\/wp-content\/uploads\/2026\/09\/Capa-Site.jpg","type":"image\/jpeg"}],"author":"joaograndao","twitter_card":"summary_large_image","twitter_misc":{"Escrito por":"joaograndao","Est. tempo de leitura":"2 minutos"},"schema":{"@context":"https:\/\/schema.org","@graph":[{"@type":"Article","@id":"https:\/\/radiolifefm.com.br\/noticias\/a-camaleao-para-min-sempre-veio-de-encontro-a-liberdade-nome-inspirado-em-ruth-rocha-afirmou-arieni-tarcila-no-pauta-aberta\/#article","isPartOf":{"@id":"https:\/\/radiolifefm.com.br\/noticias\/a-camaleao-para-min-sempre-veio-de-encontro-a-liberdade-nome-inspirado-em-ruth-rocha-afirmou-arieni-tarcila-no-pauta-aberta\/"},"author":{"name":"joaograndao","@id":"https:\/\/radiolifefm.com.br\/noticias\/#\/schema\/person\/6876e1240feffe6e1b63fd5cb85abf28"},"headline":"\u201cA Camale\u00e3o para min sempre veio de encontro a liberdade, nome inspirado em Ruth Rocha\u201d, afirmou Arieni Tarcila no Pauta Aberta.","datePublished":"2026-09-04T19:00:28+00:00","mainEntityOfPage":{"@id":"https:\/\/radiolifefm.com.br\/noticias\/a-camaleao-para-min-sempre-veio-de-encontro-a-liberdade-nome-inspirado-em-ruth-rocha-afirmou-arieni-tarcila-no-pauta-aberta\/"},"wordCount":400,"publisher":{"@id":"https:\/\/radiolifefm.com.br\/noticias\/#organization"},"image":{"@id":"https:\/\/radiolifefm.com.br\/noticias\/a-camaleao-para-min-sempre-veio-de-encontro-a-liberdade-nome-inspirado-em-ruth-rocha-afirmou-arieni-tarcila-no-pauta-aberta\/#primaryimage"},"thumbnailUrl":"https:\/\/radiolifefm.com.br\/noticias\/wp-content\/uploads\/2026\/09\/Capa-Site.jpg","articleSection":["Pauta Aberta"],"inLanguage":"pt-BR"},{"@type":"WebPage","@id":"https:\/\/radiolifefm.com.br\/noticias\/a-camaleao-para-min-sempre-veio-de-encontro-a-liberdade-nome-inspirado-em-ruth-rocha-afirmou-arieni-tarcila-no-pauta-aberta\/","url":"https:\/\/radiolifefm.com.br\/noticias\/a-camaleao-para-min-sempre-veio-de-encontro-a-liberdade-nome-inspirado-em-ruth-rocha-afirmou-arieni-tarcila-no-pauta-aberta\/","name":"\u201cA Camale\u00e3o para min sempre veio de encontro a liberdade, nome inspirado em Ruth Rocha\u201d, afirmou Arieni Tarcila no Pauta Aberta. - R\u00e1dio Life FM","isPartOf":{"@id":"https:\/\/radiolifefm.com.br\/noticias\/#website"},"primaryImageOfPage":{"@id":"https:\/\/radiolifefm.com.br\/noticias\/a-camaleao-para-min-sempre-veio-de-encontro-a-liberdade-nome-inspirado-em-ruth-rocha-afirmou-arieni-tarcila-no-pauta-aberta\/#primaryimage"},"image":{"@id":"https:\/\/radiolifefm.com.br\/noticias\/a-camaleao-para-min-sempre-veio-de-encontro-a-liberdade-nome-inspirado-em-ruth-rocha-afirmou-arieni-tarcila-no-pauta-aberta\/#primaryimage"},"thumbnailUrl":"https:\/\/radiolifefm.com.br\/noticias\/wp-content\/uploads\/2026\/09\/Capa-Site.jpg","datePublished":"2026-09-04T19:00:28+00:00","breadcrumb":{"@id":"https:\/\/radiolifefm.com.br\/noticias\/a-camaleao-para-min-sempre-veio-de-encontro-a-liberdade-nome-inspirado-em-ruth-rocha-afirmou-arieni-tarcila-no-pauta-aberta\/#breadcrumb"},"inLanguage":"pt-BR","potentialAction":[{"@type":"ReadAction","target":["https:\/\/radiolifefm.com.br\/noticias\/a-camaleao-para-min-sempre-veio-de-encontro-a-liberdade-nome-inspirado-em-ruth-rocha-afirmou-arieni-tarcila-no-pauta-aberta\/"]}]},{"@type":"ImageObject","inLanguage":"pt-BR","@id":"https:\/\/radiolifefm.com.br\/noticias\/a-camaleao-para-min-sempre-veio-de-encontro-a-liberdade-nome-inspirado-em-ruth-rocha-afirmou-arieni-tarcila-no-pauta-aberta\/#primaryimage","url":"https:\/\/radiolifefm.com.br\/noticias\/wp-content\/uploads\/2026\/09\/Capa-Site.jpg","contentUrl":"https:\/\/radiolifefm.com.br\/noticias\/wp-content\/uploads\/2026\/09\/Capa-Site.jpg","width":1366,"height":768,"caption":"S\u00e9rgio Barbosa, Jornalista Diplomado e a Arieni Tarcila, Terapeuta Integrativa"},{"@type":"BreadcrumbList","@id":"https:\/\/radiolifefm.com.br\/noticias\/a-camaleao-para-min-sempre-veio-de-encontro-a-liberdade-nome-inspirado-em-ruth-rocha-afirmou-arieni-tarcila-no-pauta-aberta\/#breadcrumb","itemListElement":[{"@type":"ListItem","position":1,"name":"In\u00edcio","item":"https:\/\/radiolifefm.com.br\/noticias\/"},{"@type":"ListItem","position":2,"name":"\u201cA Camale\u00e3o para min sempre veio de encontro a liberdade, nome inspirado em Ruth Rocha\u201d, afirmou Arieni Tarcila no Pauta Aberta."}]},{"@type":"WebSite","@id":"https:\/\/radiolifefm.com.br\/noticias\/#website","url":"https:\/\/radiolifefm.com.br\/noticias\/","name":"R\u00e1dio Life FM","description":"O Portal de Not\u00edcias de Adamantina","publisher":{"@id":"https:\/\/radiolifefm.com.br\/noticias\/#organization"},"alternateName":"Life FM","potentialAction":[{"@type":"SearchAction","target":{"@type":"EntryPoint","urlTemplate":"https:\/\/radiolifefm.com.br\/noticias\/?s={search_term_string}"},"query-input":{"@type":"PropertyValueSpecification","valueRequired":true,"valueName":"search_term_string"}}],"inLanguage":"pt-BR"},{"@type":"Organization","@id":"https:\/\/radiolifefm.com.br\/noticias\/#organization","name":"R\u00e1dio Life FM","alternateName":"Life FM","url":"https:\/\/radiolifefm.com.br\/noticias\/","logo":{"@type":"ImageObject","inLanguage":"pt-BR","@id":"https:\/\/radiolifefm.com.br\/noticias\/#\/schema\/logo\/image\/","url":"https:\/\/static.radiolifefm.com.br\/noticias\/wp-content\/uploads\/2019\/10\/logo-lifefm.png","contentUrl":"https:\/\/static.radiolifefm.com.br\/noticias\/wp-content\/uploads\/2019\/10\/logo-lifefm.png","width":196,"height":47,"caption":"R\u00e1dio Life FM"},"image":{"@id":"https:\/\/radiolifefm.com.br\/noticias\/#\/schema\/logo\/image\/"},"sameAs":["https:\/\/www.facebook.com\/radiolifefm\/","https:\/\/www.instagram.com\/life1079fm\/"]},{"@type":"Person","@id":"https:\/\/radiolifefm.com.br\/noticias\/#\/schema\/person\/6876e1240feffe6e1b63fd5cb85abf28","name":"joaograndao","image":{"@type":"ImageObject","inLanguage":"pt-BR","@id":"https:\/\/secure.gravatar.com\/avatar\/d5b1a3cf357ed9c50404e256a1294083aa8ab5d2a994001567302786016cb32c?s=96&d=mm&r=g","url":"https:\/\/secure.gravatar.com\/avatar\/d5b1a3cf357ed9c50404e256a1294083aa8ab5d2a994001567302786016cb32c?s=96&d=mm&r=g","contentUrl":"https:\/\/secure.gravatar.com\/avatar\/d5b1a3cf357ed9c50404e256a1294083aa8ab5d2a994001567302786016cb32c?s=96&d=mm&r=g","caption":"joaograndao"}}]}},"amp_enabled":true,"_links":{"self":[{"href":"https:\/\/radiolifefm.com.br\/noticias\/wp-json\/wp\/v2\/posts\/124298","targetHints":{"allow":["GET"]}}],"collection":[{"href":"https:\/\/radiolifefm.com.br\/noticias\/wp-json\/wp\/v2\/posts"}],"about":[{"href":"https:\/\/radiolifefm.com.br\/noticias\/wp-json\/wp\/v2\/types\/post"}],"author":[{"embeddable":true,"href":"https:\/\/radiolifefm.com.br\/noticias\/wp-json\/wp\/v2\/users\/8"}],"replies":[{"embeddable":true,"href":"https:\/\/radiolifefm.com.br\/noticias\/wp-json\/wp\/v2\/comments?post=124298"}],"version-history":[{"count":1,"href":"https:\/\/radiolifefm.com.br\/noticias\/wp-json\/wp\/v2\/posts\/124298\/revisions"}],"predecessor-version":[{"id":124314,"href":"https:\/\/radiolifefm.com.br\/noticias\/wp-json\/wp\/v2\/posts\/124298\/revisions\/124314"}],"wp:featuredmedia":[{"embeddable":true,"href":"https:\/\/radiolifefm.com.br\/noticias\/wp-json\/wp\/v2\/media\/124313"}],"wp:attachment":[{"href":"https:\/\/radiolifefm.com.br\/noticias\/wp-json\/wp\/v2\/media?parent=124298"}],"wp:term":[{"taxonomy":"category","embeddable":true,"href":"https:\/\/radiolifefm.com.br\/noticias\/wp-json\/wp\/v2\/categories?post=124298"},{"taxonomy":"post_tag","embeddable":true,"href":"https:\/\/radiolifefm.com.br\/noticias\/wp-json\/wp\/v2\/tags?post=124298"}],"curies":[{"name":"wp","href":"https:\/\/api.w.org\/{rel}","templated":true}]}}