{"id":124287,"date":"2026-09-03T18:56:32","date_gmt":"2026-09-03T21:56:32","guid":{"rendered":"https:\/\/radiolifefm.com.br\/noticias\/?p=124287"},"modified":"2026-09-03T18:56:32","modified_gmt":"2026-09-03T21:56:32","slug":"energisa-antecipa-plano-emergencial-para-mais-um-fim-de-semana-de-chuvas-intensas-na-regiao","status":"publish","type":"post","link":"https:\/\/radiolifefm.com.br\/noticias\/energisa-antecipa-plano-emergencial-para-mais-um-fim-de-semana-de-chuvas-intensas-na-regiao\/","title":{"rendered":"Energisa antecipa plano emergencial para mais um fim de semana de chuvas intensas na regi\u00e3o"},"content":{"rendered":"<div id=\"fb-root\"><\/div>\n<div><\/div>\n<div>A previs\u00e3o \u00e9 de mais um fim de semana de instabilidade clim\u00e1tica nas \u00e1reas de concess\u00e3o da Energisa Sul-Sudeste. De acordo com institutos meteorol\u00f3gicos e a Defesa Civil, entre s\u00e1bado (5) e domingo (6) h\u00e1 expectativa de chuva intensa, descargas atmosf\u00e9ricas e rajadas de vento que podem atingir at\u00e9 80 km\/h em diversas localidades.<\/div>\n<div><\/div>\n<div>As regi\u00f5es de Presidente Prudente, Assis, Tup\u00e3, Catanduva, Bragan\u00e7a Paulista e Sul de Minas Gerais est\u00e3o entre as \u00e1reas monitoradas pela distribuidora.<\/div>\n<div><\/div>\n<div>Diante do cen\u00e1rio, a Energisa antecipou seu plano de atua\u00e7\u00e3o emergencial e colocou de prontid\u00e3o equipes operacionais, t\u00e9cnicas e administrativas para agilizar o atendimento em caso de ocorr\u00eancias que possam afetar a rede el\u00e9trica e o fornecimento de energia.<\/div>\n<div><\/div>\n<div>Segundo o gerente de Opera\u00e7\u00f5es da Energisa Sul-Sudeste, Alessandro Gomes Martins, o objetivo \u00e9 reduzir o tempo de resposta e garantir maior efici\u00eancia no restabelecimento do servi\u00e7o. \u201cAl\u00e9m de mobilizar nossas equipes, equipamentos e materiais, refor\u00e7amos as orienta\u00e7\u00f5es de seguran\u00e7a para que a popula\u00e7\u00e3o tamb\u00e9m saiba como agir durante as tempestades e evite acidentes el\u00e9tricos dentro e fora de casa\u201d, destaca.<\/div>\n<div><\/div>\n<div><b>Orienta\u00e7\u00f5es de seguran\u00e7a durante temporais<\/b><\/div>\n<div>A Energisa recomenda que, durante tempestades, as pessoas adotem medidas simples que ajudam a preservar a seguran\u00e7a e evitar danos causados por descargas atmosf\u00e9ricas:<\/div>\n<div><\/div>\n<ul>\n<li>Desligue aparelhos eletr\u00f4nicos das tomadas sempre que houver incid\u00eancia de raios;<\/li>\n<li>N\u00e3o utilize telefone com fio nem equipamentos conectados \u00e0 rede el\u00e9trica;<\/li>\n<li>Evite tocar em objetos met\u00e1licos ligados \u00e0 eletricidade, como geladeiras, fog\u00f5es e torneiras;<\/li>\n<li>Prefira usar o notebook na bateria e deixe para carregar o celular ap\u00f3s a tempestade;<\/li>\n<li>Se estiver na rua, procure abrigo em um local fechado e evite permanecer em \u00e1reas abertas.<\/li>\n<\/ul>\n<div><\/div>\n<div>Al\u00e9m disso, Alessandro alerta para outra situa\u00e7\u00e3o de risco ap\u00f3s as chuvas: os cabos rompidos. \u201cSe encontrar um cabo ca\u00eddo na rua ou cal\u00e7ada, n\u00e3o se aproxime em hip\u00f3tese alguma, pois n\u00e3o \u00e9 poss\u00edvel identificar se ele est\u00e1 energizado. Acione imediatamente a Energisa pelos canais de atendimento\u201d, orienta.<\/div>\n<div><\/div>\n<div>Para falar com a Energisa acesse:<\/div>\n<ul>\n<li>Aplicativo: Energisa On<\/li>\n<li>WhatsApp (Gisa): (18) 99120-3365<\/li>\n<li>Call Center: 0800 70 10 326<\/li>\n<li>Site:\u00a0<a href=\"http:\/\/www.energisa.com.br\/\" target=\"_blank\" rel=\"noopener noreferrer\" data-saferedirecturl=\"https:\/\/www.google.com\/url?q=http:\/\/www.energisa.com.br&amp;source=gmail&amp;ust=1788542343666000&amp;usg=AOvVaw11m5gshQMKPFffDJAJfh1x\">www.energisa.com.br<\/a><\/li>\n<\/ul>\n","protected":false},"excerpt":{"rendered":"<p>A previs\u00e3o \u00e9 de mais um fim de semana de instabilidade clim\u00e1tica nas \u00e1reas de concess\u00e3o da Energisa Sul-Sudeste. De acordo com institutos meteorol\u00f3gicos e a Defesa Civil, entre s\u00e1bado (5) e domingo (6) h\u00e1 expectativa de chuva intensa, descargas atmosf\u00e9ricas e rajadas de vento que podem atingir at\u00e9 80 km\/h em diversas localidades. As [&hellip;]<\/p>\n","protected":false},"author":13,"featured_media":124288,"comment_status":"closed","ping_status":"open","sticky":false,"template":"","format":"standard","meta":{"_acf_changed":false,"_exactmetrics_skip_tracking":false,"footnotes":""},"categories":[1],"tags":[],"class_list":["post-124287","post","type-post","status-publish","format-standard","has-post-thumbnail","hentry","category-geral"],"acf":[],"yoast_head":"<!-- This site is optimized with the Yoast SEO plugin v28.2 - https:\/\/yoast.com\/product\/yoast-seo-wordpress\/ -->\n<title>Energisa antecipa plano emergencial para mais um fim de semana de chuvas intensas na regi\u00e3o - R\u00e1dio Life FM<\/title>\n<meta name=\"robots\" content=\"index, follow, max-snippet:-1, max-image-preview:large, max-video-preview:-1\" \/>\n<link rel=\"canonical\" href=\"https:\/\/radiolifefm.com.br\/noticias\/energisa-antecipa-plano-emergencial-para-mais-um-fim-de-semana-de-chuvas-intensas-na-regiao\/\" \/>\n<meta property=\"og:locale\" content=\"pt_BR\" \/>\n<meta property=\"og:type\" content=\"article\" \/>\n<meta property=\"og:title\" content=\"Energisa antecipa plano emergencial para mais um fim de semana de chuvas intensas na regi\u00e3o - R\u00e1dio Life FM\" \/>\n<meta property=\"og:description\" content=\"A previs\u00e3o \u00e9 de mais um fim de semana de instabilidade clim\u00e1tica nas \u00e1reas de concess\u00e3o da Energisa Sul-Sudeste. De acordo com institutos meteorol\u00f3gicos e a Defesa Civil, entre s\u00e1bado (5) e domingo (6) h\u00e1 expectativa de chuva intensa, descargas atmosf\u00e9ricas e rajadas de vento que podem atingir at\u00e9 80 km\/h em diversas localidades. As [&hellip;]\" \/>\n<meta property=\"og:url\" content=\"https:\/\/radiolifefm.com.br\/noticias\/energisa-antecipa-plano-emergencial-para-mais-um-fim-de-semana-de-chuvas-intensas-na-regiao\/\" \/>\n<meta property=\"og:site_name\" content=\"R\u00e1dio Life FM\" \/>\n<meta property=\"article:publisher\" content=\"https:\/\/www.facebook.com\/radiolifefm\/\" \/>\n<meta property=\"article:published_time\" content=\"2026-09-03T21:56:32+00:00\" \/>\n<meta property=\"og:image\" content=\"https:\/\/radiolifefm.com.br\/noticias\/wp-content\/uploads\/2026\/09\/Alerta-de-chuvas-0309.jpeg\" \/>\n\t<meta property=\"og:image:width\" content=\"720\" \/>\n\t<meta property=\"og:image:height\" content=\"1280\" \/>\n\t<meta property=\"og:image:type\" content=\"image\/jpeg\" \/>\n<meta name=\"author\" content=\"ritanery\" \/>\n<meta name=\"twitter:card\" content=\"summary_large_image\" \/>\n<meta name=\"twitter:label1\" content=\"Escrito por\" \/>\n\t<meta name=\"twitter:data1\" content=\"ritanery\" \/>\n\t<meta name=\"twitter:label2\" content=\"Est. tempo de leitura\" \/>\n\t<meta name=\"twitter:data2\" content=\"3 minutos\" \/>\n<script type=\"application\/ld+json\" class=\"yoast-schema-graph\">{\"@context\":\"https:\\\/\\\/schema.org\",\"@graph\":[{\"@type\":\"Article\",\"@id\":\"https:\\\/\\\/radiolifefm.com.br\\\/noticias\\\/energisa-antecipa-plano-emergencial-para-mais-um-fim-de-semana-de-chuvas-intensas-na-regiao\\\/#article\",\"isPartOf\":{\"@id\":\"https:\\\/\\\/radiolifefm.com.br\\\/noticias\\\/energisa-antecipa-plano-emergencial-para-mais-um-fim-de-semana-de-chuvas-intensas-na-regiao\\\/\"},\"author\":{\"name\":\"ritanery\",\"@id\":\"https:\\\/\\\/radiolifefm.com.br\\\/noticias\\\/#\\\/schema\\\/person\\\/6339b9fac59d12b071dec680d7375d87\"},\"headline\":\"Energisa antecipa plano emergencial para mais um fim de semana de chuvas intensas na regi\u00e3o\",\"datePublished\":\"2026-09-03T21:56:32+00:00\",\"mainEntityOfPage\":{\"@id\":\"https:\\\/\\\/radiolifefm.com.br\\\/noticias\\\/energisa-antecipa-plano-emergencial-para-mais-um-fim-de-semana-de-chuvas-intensas-na-regiao\\\/\"},\"wordCount\":392,\"publisher\":{\"@id\":\"https:\\\/\\\/radiolifefm.com.br\\\/noticias\\\/#organization\"},\"image\":{\"@id\":\"https:\\\/\\\/radiolifefm.com.br\\\/noticias\\\/energisa-antecipa-plano-emergencial-para-mais-um-fim-de-semana-de-chuvas-intensas-na-regiao\\\/#primaryimage\"},\"thumbnailUrl\":\"https:\\\/\\\/radiolifefm.com.br\\\/noticias\\\/wp-content\\\/uploads\\\/2026\\\/09\\\/Alerta-de-chuvas-0309.jpeg\",\"articleSection\":[\"Geral\"],\"inLanguage\":\"pt-BR\"},{\"@type\":\"WebPage\",\"@id\":\"https:\\\/\\\/radiolifefm.com.br\\\/noticias\\\/energisa-antecipa-plano-emergencial-para-mais-um-fim-de-semana-de-chuvas-intensas-na-regiao\\\/\",\"url\":\"https:\\\/\\\/radiolifefm.com.br\\\/noticias\\\/energisa-antecipa-plano-emergencial-para-mais-um-fim-de-semana-de-chuvas-intensas-na-regiao\\\/\",\"name\":\"Energisa antecipa plano emergencial para mais um fim de semana de chuvas intensas na regi\u00e3o - R\u00e1dio Life FM\",\"isPartOf\":{\"@id\":\"https:\\\/\\\/radiolifefm.com.br\\\/noticias\\\/#website\"},\"primaryImageOfPage\":{\"@id\":\"https:\\\/\\\/radiolifefm.com.br\\\/noticias\\\/energisa-antecipa-plano-emergencial-para-mais-um-fim-de-semana-de-chuvas-intensas-na-regiao\\\/#primaryimage\"},\"image\":{\"@id\":\"https:\\\/\\\/radiolifefm.com.br\\\/noticias\\\/energisa-antecipa-plano-emergencial-para-mais-um-fim-de-semana-de-chuvas-intensas-na-regiao\\\/#primaryimage\"},\"thumbnailUrl\":\"https:\\\/\\\/radiolifefm.com.br\\\/noticias\\\/wp-content\\\/uploads\\\/2026\\\/09\\\/Alerta-de-chuvas-0309.jpeg\",\"datePublished\":\"2026-09-03T21:56:32+00:00\",\"breadcrumb\":{\"@id\":\"https:\\\/\\\/radiolifefm.com.br\\\/noticias\\\/energisa-antecipa-plano-emergencial-para-mais-um-fim-de-semana-de-chuvas-intensas-na-regiao\\\/#breadcrumb\"},\"inLanguage\":\"pt-BR\",\"potentialAction\":[{\"@type\":\"ReadAction\",\"target\":[\"https:\\\/\\\/radiolifefm.com.br\\\/noticias\\\/energisa-antecipa-plano-emergencial-para-mais-um-fim-de-semana-de-chuvas-intensas-na-regiao\\\/\"]}]},{\"@type\":\"ImageObject\",\"inLanguage\":\"pt-BR\",\"@id\":\"https:\\\/\\\/radiolifefm.com.br\\\/noticias\\\/energisa-antecipa-plano-emergencial-para-mais-um-fim-de-semana-de-chuvas-intensas-na-regiao\\\/#primaryimage\",\"url\":\"https:\\\/\\\/radiolifefm.com.br\\\/noticias\\\/wp-content\\\/uploads\\\/2026\\\/09\\\/Alerta-de-chuvas-0309.jpeg\",\"contentUrl\":\"https:\\\/\\\/radiolifefm.com.br\\\/noticias\\\/wp-content\\\/uploads\\\/2026\\\/09\\\/Alerta-de-chuvas-0309.jpeg\",\"width\":720,\"height\":1280},{\"@type\":\"BreadcrumbList\",\"@id\":\"https:\\\/\\\/radiolifefm.com.br\\\/noticias\\\/energisa-antecipa-plano-emergencial-para-mais-um-fim-de-semana-de-chuvas-intensas-na-regiao\\\/#breadcrumb\",\"itemListElement\":[{\"@type\":\"ListItem\",\"position\":1,\"name\":\"In\u00edcio\",\"item\":\"https:\\\/\\\/radiolifefm.com.br\\\/noticias\\\/\"},{\"@type\":\"ListItem\",\"position\":2,\"name\":\"Energisa antecipa plano emergencial para mais um fim de semana de chuvas intensas na regi\u00e3o\"}]},{\"@type\":\"WebSite\",\"@id\":\"https:\\\/\\\/radiolifefm.com.br\\\/noticias\\\/#website\",\"url\":\"https:\\\/\\\/radiolifefm.com.br\\\/noticias\\\/\",\"name\":\"R\u00e1dio Life FM\",\"description\":\"O Portal de Not\u00edcias de Adamantina\",\"publisher\":{\"@id\":\"https:\\\/\\\/radiolifefm.com.br\\\/noticias\\\/#organization\"},\"alternateName\":\"Life FM\",\"potentialAction\":[{\"@type\":\"SearchAction\",\"target\":{\"@type\":\"EntryPoint\",\"urlTemplate\":\"https:\\\/\\\/radiolifefm.com.br\\\/noticias\\\/?s={search_term_string}\"},\"query-input\":{\"@type\":\"PropertyValueSpecification\",\"valueRequired\":true,\"valueName\":\"search_term_string\"}}],\"inLanguage\":\"pt-BR\"},{\"@type\":\"Organization\",\"@id\":\"https:\\\/\\\/radiolifefm.com.br\\\/noticias\\\/#organization\",\"name\":\"R\u00e1dio Life FM\",\"alternateName\":\"Life FM\",\"url\":\"https:\\\/\\\/radiolifefm.com.br\\\/noticias\\\/\",\"logo\":{\"@type\":\"ImageObject\",\"inLanguage\":\"pt-BR\",\"@id\":\"https:\\\/\\\/radiolifefm.com.br\\\/noticias\\\/#\\\/schema\\\/logo\\\/image\\\/\",\"url\":\"https:\\\/\\\/static.radiolifefm.com.br\\\/noticias\\\/wp-content\\\/uploads\\\/2019\\\/10\\\/logo-lifefm.png\",\"contentUrl\":\"https:\\\/\\\/static.radiolifefm.com.br\\\/noticias\\\/wp-content\\\/uploads\\\/2019\\\/10\\\/logo-lifefm.png\",\"width\":196,\"height\":47,\"caption\":\"R\u00e1dio Life FM\"},\"image\":{\"@id\":\"https:\\\/\\\/radiolifefm.com.br\\\/noticias\\\/#\\\/schema\\\/logo\\\/image\\\/\"},\"sameAs\":[\"https:\\\/\\\/www.facebook.com\\\/radiolifefm\\\/\",\"https:\\\/\\\/www.instagram.com\\\/life1079fm\\\/\"]},{\"@type\":\"Person\",\"@id\":\"https:\\\/\\\/radiolifefm.com.br\\\/noticias\\\/#\\\/schema\\\/person\\\/6339b9fac59d12b071dec680d7375d87\",\"name\":\"ritanery\",\"image\":{\"@type\":\"ImageObject\",\"inLanguage\":\"pt-BR\",\"@id\":\"https:\\\/\\\/secure.gravatar.com\\\/avatar\\\/0e37bb19071f47c0b8a23f62a903df117c5a0e75f65a0c2901562f97cd41cf86?s=96&d=mm&r=g\",\"url\":\"https:\\\/\\\/secure.gravatar.com\\\/avatar\\\/0e37bb19071f47c0b8a23f62a903df117c5a0e75f65a0c2901562f97cd41cf86?s=96&d=mm&r=g\",\"contentUrl\":\"https:\\\/\\\/secure.gravatar.com\\\/avatar\\\/0e37bb19071f47c0b8a23f62a903df117c5a0e75f65a0c2901562f97cd41cf86?s=96&d=mm&r=g\",\"caption\":\"ritanery\"}}]}<\/script>\n<!-- \/ Yoast SEO plugin. -->","yoast_head_json":{"title":"Energisa antecipa plano emergencial para mais um fim de semana de chuvas intensas na regi\u00e3o - R\u00e1dio Life FM","robots":{"index":"index","follow":"follow","max-snippet":"max-snippet:-1","max-image-preview":"max-image-preview:large","max-video-preview":"max-video-preview:-1"},"canonical":"https:\/\/radiolifefm.com.br\/noticias\/energisa-antecipa-plano-emergencial-para-mais-um-fim-de-semana-de-chuvas-intensas-na-regiao\/","og_locale":"pt_BR","og_type":"article","og_title":"Energisa antecipa plano emergencial para mais um fim de semana de chuvas intensas na regi\u00e3o - R\u00e1dio Life FM","og_description":"A previs\u00e3o \u00e9 de mais um fim de semana de instabilidade clim\u00e1tica nas \u00e1reas de concess\u00e3o da Energisa Sul-Sudeste. De acordo com institutos meteorol\u00f3gicos e a Defesa Civil, entre s\u00e1bado (5) e domingo (6) h\u00e1 expectativa de chuva intensa, descargas atmosf\u00e9ricas e rajadas de vento que podem atingir at\u00e9 80 km\/h em diversas localidades. As [&hellip;]","og_url":"https:\/\/radiolifefm.com.br\/noticias\/energisa-antecipa-plano-emergencial-para-mais-um-fim-de-semana-de-chuvas-intensas-na-regiao\/","og_site_name":"R\u00e1dio Life FM","article_publisher":"https:\/\/www.facebook.com\/radiolifefm\/","article_published_time":"2026-09-03T21:56:32+00:00","og_image":[{"width":720,"height":1280,"url":"https:\/\/radiolifefm.com.br\/noticias\/wp-content\/uploads\/2026\/09\/Alerta-de-chuvas-0309.jpeg","type":"image\/jpeg"}],"author":"ritanery","twitter_card":"summary_large_image","twitter_misc":{"Escrito por":"ritanery","Est. tempo de leitura":"3 minutos"},"schema":{"@context":"https:\/\/schema.org","@graph":[{"@type":"Article","@id":"https:\/\/radiolifefm.com.br\/noticias\/energisa-antecipa-plano-emergencial-para-mais-um-fim-de-semana-de-chuvas-intensas-na-regiao\/#article","isPartOf":{"@id":"https:\/\/radiolifefm.com.br\/noticias\/energisa-antecipa-plano-emergencial-para-mais-um-fim-de-semana-de-chuvas-intensas-na-regiao\/"},"author":{"name":"ritanery","@id":"https:\/\/radiolifefm.com.br\/noticias\/#\/schema\/person\/6339b9fac59d12b071dec680d7375d87"},"headline":"Energisa antecipa plano emergencial para mais um fim de semana de chuvas intensas na regi\u00e3o","datePublished":"2026-09-03T21:56:32+00:00","mainEntityOfPage":{"@id":"https:\/\/radiolifefm.com.br\/noticias\/energisa-antecipa-plano-emergencial-para-mais-um-fim-de-semana-de-chuvas-intensas-na-regiao\/"},"wordCount":392,"publisher":{"@id":"https:\/\/radiolifefm.com.br\/noticias\/#organization"},"image":{"@id":"https:\/\/radiolifefm.com.br\/noticias\/energisa-antecipa-plano-emergencial-para-mais-um-fim-de-semana-de-chuvas-intensas-na-regiao\/#primaryimage"},"thumbnailUrl":"https:\/\/radiolifefm.com.br\/noticias\/wp-content\/uploads\/2026\/09\/Alerta-de-chuvas-0309.jpeg","articleSection":["Geral"],"inLanguage":"pt-BR"},{"@type":"WebPage","@id":"https:\/\/radiolifefm.com.br\/noticias\/energisa-antecipa-plano-emergencial-para-mais-um-fim-de-semana-de-chuvas-intensas-na-regiao\/","url":"https:\/\/radiolifefm.com.br\/noticias\/energisa-antecipa-plano-emergencial-para-mais-um-fim-de-semana-de-chuvas-intensas-na-regiao\/","name":"Energisa antecipa plano emergencial para mais um fim de semana de chuvas intensas na regi\u00e3o - R\u00e1dio Life FM","isPartOf":{"@id":"https:\/\/radiolifefm.com.br\/noticias\/#website"},"primaryImageOfPage":{"@id":"https:\/\/radiolifefm.com.br\/noticias\/energisa-antecipa-plano-emergencial-para-mais-um-fim-de-semana-de-chuvas-intensas-na-regiao\/#primaryimage"},"image":{"@id":"https:\/\/radiolifefm.com.br\/noticias\/energisa-antecipa-plano-emergencial-para-mais-um-fim-de-semana-de-chuvas-intensas-na-regiao\/#primaryimage"},"thumbnailUrl":"https:\/\/radiolifefm.com.br\/noticias\/wp-content\/uploads\/2026\/09\/Alerta-de-chuvas-0309.jpeg","datePublished":"2026-09-03T21:56:32+00:00","breadcrumb":{"@id":"https:\/\/radiolifefm.com.br\/noticias\/energisa-antecipa-plano-emergencial-para-mais-um-fim-de-semana-de-chuvas-intensas-na-regiao\/#breadcrumb"},"inLanguage":"pt-BR","potentialAction":[{"@type":"ReadAction","target":["https:\/\/radiolifefm.com.br\/noticias\/energisa-antecipa-plano-emergencial-para-mais-um-fim-de-semana-de-chuvas-intensas-na-regiao\/"]}]},{"@type":"ImageObject","inLanguage":"pt-BR","@id":"https:\/\/radiolifefm.com.br\/noticias\/energisa-antecipa-plano-emergencial-para-mais-um-fim-de-semana-de-chuvas-intensas-na-regiao\/#primaryimage","url":"https:\/\/radiolifefm.com.br\/noticias\/wp-content\/uploads\/2026\/09\/Alerta-de-chuvas-0309.jpeg","contentUrl":"https:\/\/radiolifefm.com.br\/noticias\/wp-content\/uploads\/2026\/09\/Alerta-de-chuvas-0309.jpeg","width":720,"height":1280},{"@type":"BreadcrumbList","@id":"https:\/\/radiolifefm.com.br\/noticias\/energisa-antecipa-plano-emergencial-para-mais-um-fim-de-semana-de-chuvas-intensas-na-regiao\/#breadcrumb","itemListElement":[{"@type":"ListItem","position":1,"name":"In\u00edcio","item":"https:\/\/radiolifefm.com.br\/noticias\/"},{"@type":"ListItem","position":2,"name":"Energisa antecipa plano emergencial para mais um fim de semana de chuvas intensas na regi\u00e3o"}]},{"@type":"WebSite","@id":"https:\/\/radiolifefm.com.br\/noticias\/#website","url":"https:\/\/radiolifefm.com.br\/noticias\/","name":"R\u00e1dio Life FM","description":"O Portal de Not\u00edcias de Adamantina","publisher":{"@id":"https:\/\/radiolifefm.com.br\/noticias\/#organization"},"alternateName":"Life FM","potentialAction":[{"@type":"SearchAction","target":{"@type":"EntryPoint","urlTemplate":"https:\/\/radiolifefm.com.br\/noticias\/?s={search_term_string}"},"query-input":{"@type":"PropertyValueSpecification","valueRequired":true,"valueName":"search_term_string"}}],"inLanguage":"pt-BR"},{"@type":"Organization","@id":"https:\/\/radiolifefm.com.br\/noticias\/#organization","name":"R\u00e1dio Life FM","alternateName":"Life FM","url":"https:\/\/radiolifefm.com.br\/noticias\/","logo":{"@type":"ImageObject","inLanguage":"pt-BR","@id":"https:\/\/radiolifefm.com.br\/noticias\/#\/schema\/logo\/image\/","url":"https:\/\/static.radiolifefm.com.br\/noticias\/wp-content\/uploads\/2019\/10\/logo-lifefm.png","contentUrl":"https:\/\/static.radiolifefm.com.br\/noticias\/wp-content\/uploads\/2019\/10\/logo-lifefm.png","width":196,"height":47,"caption":"R\u00e1dio Life FM"},"image":{"@id":"https:\/\/radiolifefm.com.br\/noticias\/#\/schema\/logo\/image\/"},"sameAs":["https:\/\/www.facebook.com\/radiolifefm\/","https:\/\/www.instagram.com\/life1079fm\/"]},{"@type":"Person","@id":"https:\/\/radiolifefm.com.br\/noticias\/#\/schema\/person\/6339b9fac59d12b071dec680d7375d87","name":"ritanery","image":{"@type":"ImageObject","inLanguage":"pt-BR","@id":"https:\/\/secure.gravatar.com\/avatar\/0e37bb19071f47c0b8a23f62a903df117c5a0e75f65a0c2901562f97cd41cf86?s=96&d=mm&r=g","url":"https:\/\/secure.gravatar.com\/avatar\/0e37bb19071f47c0b8a23f62a903df117c5a0e75f65a0c2901562f97cd41cf86?s=96&d=mm&r=g","contentUrl":"https:\/\/secure.gravatar.com\/avatar\/0e37bb19071f47c0b8a23f62a903df117c5a0e75f65a0c2901562f97cd41cf86?s=96&d=mm&r=g","caption":"ritanery"}}]}},"amp_enabled":true,"_links":{"self":[{"href":"https:\/\/radiolifefm.com.br\/noticias\/wp-json\/wp\/v2\/posts\/124287","targetHints":{"allow":["GET"]}}],"collection":[{"href":"https:\/\/radiolifefm.com.br\/noticias\/wp-json\/wp\/v2\/posts"}],"about":[{"href":"https:\/\/radiolifefm.com.br\/noticias\/wp-json\/wp\/v2\/types\/post"}],"author":[{"embeddable":true,"href":"https:\/\/radiolifefm.com.br\/noticias\/wp-json\/wp\/v2\/users\/13"}],"replies":[{"embeddable":true,"href":"https:\/\/radiolifefm.com.br\/noticias\/wp-json\/wp\/v2\/comments?post=124287"}],"version-history":[{"count":1,"href":"https:\/\/radiolifefm.com.br\/noticias\/wp-json\/wp\/v2\/posts\/124287\/revisions"}],"predecessor-version":[{"id":124289,"href":"https:\/\/radiolifefm.com.br\/noticias\/wp-json\/wp\/v2\/posts\/124287\/revisions\/124289"}],"wp:featuredmedia":[{"embeddable":true,"href":"https:\/\/radiolifefm.com.br\/noticias\/wp-json\/wp\/v2\/media\/124288"}],"wp:attachment":[{"href":"https:\/\/radiolifefm.com.br\/noticias\/wp-json\/wp\/v2\/media?parent=124287"}],"wp:term":[{"taxonomy":"category","embeddable":true,"href":"https:\/\/radiolifefm.com.br\/noticias\/wp-json\/wp\/v2\/categories?post=124287"},{"taxonomy":"post_tag","embeddable":true,"href":"https:\/\/radiolifefm.com.br\/noticias\/wp-json\/wp\/v2\/tags?post=124287"}],"curies":[{"name":"wp","href":"https:\/\/api.w.org\/{rel}","templated":true}]}}