{"id":124284,"date":"2026-09-03T18:53:42","date_gmt":"2026-09-03T21:53:42","guid":{"rendered":"https:\/\/radiolifefm.com.br\/noticias\/?p=124284"},"modified":"2026-09-03T18:53:42","modified_gmt":"2026-09-03T21:53:42","slug":"cooperacao-e-conscientizacao-marcam-a-passagem-da-caravana-dos-smurfs-por-pompeia-sp","status":"publish","type":"post","link":"https:\/\/radiolifefm.com.br\/noticias\/cooperacao-e-conscientizacao-marcam-a-passagem-da-caravana-dos-smurfs-por-pompeia-sp\/","title":{"rendered":"Coopera\u00e7\u00e3o e conscientiza\u00e7\u00e3o marcam a passagem da Caravana dos Smurfs por Pompeia (SP)"},"content":{"rendered":"<div id=\"fb-root\"><\/div>\n<p><strong>Pompeia (SP)<\/strong>\u00a0foi palco da passagem da Caravana Cada Gesto Conta na \u00faltima ter\u00e7a-feira\u00a0<strong>(25\/08)<\/strong>. A a\u00e7\u00e3o foi conduzida pela cooperativa Sicredi Centro Oeste Paulista, proporcionando para os estudantes um momento de aprendizado consciente, l\u00fadico e din\u00e2mico. O projeto busca estimular reflex\u00f5es sobre sustentabilidade e tem\u00e1ticas globais, mantendo a comunidade, os estudantes e os educadores conectados aos\u00a0<a href=\"https:\/\/brasil.un.org\/pt-br\/sdgs\" data-saferedirecturl=\"https:\/\/www.google.com\/url?q=https:\/\/brasil.un.org\/pt-br\/sdgs&amp;source=gmail&amp;ust=1788545900311000&amp;usg=AOvVaw32gwksAzLL8J7aMRdOJUWH\"><strong>Objetivos de Desenvolvimento Sustent\u00e1vel (ODS)<\/strong><\/a>.<\/p>\n<p>Na ocasi\u00e3o, foram recebidas as escolas\u00a0<strong>EMEF Professor Carmelino Jos\u00e9 Dalsenter<\/strong>,\u00a0<strong>CEMEI Maria Stella De Carvalho Lacombe<\/strong>,\u00a0<strong>CEMEI Dr. Paulo Vicente de Azevedo<\/strong>,\u00a0<strong>EMEF De Pompeia e CEMEI Cirlei Giroto<\/strong>, contabilizando\u00a0<strong>37 turmas<\/strong>\u00a0de ensino infantil e fundamental 1 (de 1\u00b0 a 5\u00b0 ano) atendidas.<\/p>\n<p>Localizada na regi\u00e3o de Mar\u00edlia, no estado de S\u00e3o Paulo, Pompeia \u00e9 conhecida pelo compromisso estabelecido de se tornar a &#8220;melhor cidade para se morar no Brasil at\u00e9 2038&#8221;, atualmente ocupando a\u00a0<strong>4\u00aa posi\u00e7\u00e3o no ranking nacional<\/strong>. H\u00e1 quase 15 anos o<strong>\u00a0Programa A Uni\u00e3o Faz A Vida (PUFV)<\/strong>\u00a0est\u00e1 presente no munic\u00edpio, que tamb\u00e9m estabelece uma parceria de longa data com outras iniciativas do Sicredi, como as Campanhas do\u00a0<strong>Dia C<\/strong>\u00a0e do\u00a0<strong>Coopera\u00e7\u00e3o na Ponta do L\u00e1pis<\/strong>.<\/p>\n<p>Para o presidente da Sicredi Centro Oeste Paulista, Dr. Jo\u00e3o Alberto Salvi, a passagem da Caravana por Pompeia refor\u00e7a uma trajet\u00f3ria constru\u00edda ao longo dos anos entre a cooperativa e o munic\u00edpio. \u201cQueremos reafirmar o compromisso do Sicredi com Pompeia, ajudando a ser uma das melhores cidades do Brasil para se viver. Nossa contribui\u00e7\u00e3o passa pelo desenvolvimento financeiro, mas tamb\u00e9m pela educa\u00e7\u00e3o. Por meio do Programa A Uni\u00e3o Faz a Vida, fortalecemos a coopera\u00e7\u00e3o e a cidadania entre professores, estudantes e toda a comunidade\u201d, destacou.<\/p>\n<p>O\u00a0<strong>Prefeito de Pompeia<\/strong>, Diogo Ceschim, destacou a import\u00e2ncia da uni\u00e3o entre a cidade e a cooperativa, ressaltando o papel de todos os envolvidos no projeto. \u201cPompeia tem a grata satisfa\u00e7\u00e3o de estar recebendo hoje aqui a caravana dos Smurfs. Uma parceria com a Sicredi e o Programa A Uni\u00e3o Faz a Vida. \u00c9 uma alegria poder estar aqui como prefeito acolhendo as crian\u00e7as e toda essa equipe. \u00c9 uma parceria muito importante e tem agregado para a qualidade da nossa educa\u00e7\u00e3o em tempo integral\u201d, comentou.<\/p>\n<p>J\u00e1 a\u00a0<strong>Secret\u00e1ria da Educa\u00e7\u00e3o da cidade<\/strong>, Claudine Pinheiro, abordou durante o evento a relev\u00e2ncia dos assuntos e da din\u00e2mica trabalhada. \u201cMais uma vez a parceria com o Sicredi nos encanta. Hoje n\u00f3s estamos recebendo a caravana Cada Gesto Conta em parceria com os Smurfs. Uma aprendizagem real fora dos muros das escolas. As crian\u00e7as est\u00e3o vivenciando e aprendendo na pr\u00e1tica as ODS, a cuidar do meio ambiente, para transformar a nossa cidade cada dia num lugar melhor para se viver\u201d<\/p>\n<p>A iniciativa refor\u00e7a a import\u00e2ncia de aproximar crian\u00e7as e jovens de temas ligados \u00e0 cidadania, coopera\u00e7\u00e3o e sustentabilidade desde cedo. De acordo com o\u00a0<strong>Coordenador de Desenvolvimento do Cooperativismo da Sicredi Centro Oeste Paulista<\/strong>, Marcello Zanluchi, o munic\u00edpio j\u00e1 est\u00e1 conectado \u00e0 essas pautas. \u201cN\u00f3s trouxemos a Caravana para c\u00e1 porque o munic\u00edpio j\u00e1 pensa no crescimento a partir dos 17 Objetivos do Desenvolvimento Sustent\u00e1vel. \u00c9 por isso que a Prefeitura Municipal come\u00e7ou o trabalho com os Smurfs, apoiado pelo Sicredi, em sala de aula, para que cheg\u00e1ssemos nesse grande evento e que as crian\u00e7as pudessem, de maneira l\u00fadica, vivenciar o que a sustentabilidade pode fazer na transforma\u00e7\u00e3o do sistema, do mundo, e, sobretudo, das cidades mais sustent\u00e1veis para se viver\u201d, ressaltou o coordenador.<\/p>\n<p><strong>Confira as pr\u00f3ximas cidades da Caravana Sicredi &amp; Smurfs 2026<\/strong><br \/>\n1\u00ba\/set \u2014 Tanabi (SP)<br \/>\n03\/set \u2014 Bebedouro (SP)<br \/>\n15\/set \u2014 Guariba (SP)<br \/>\n17\/set \u2014 Dourado (SP)<br \/>\n22\/set \u2014 Ita\u00ed (SP)<br \/>\n24\/set \u2014 Avar\u00e9 (SP)<br \/>\n29\/set \u2014 Piracicaba (SP)<br \/>\n01\/out \u2014 Cabre\u00fava (SP)<br \/>\n06\/out \u2014 Jacare\u00ed (SP)<br \/>\n09\/out \u2014 Bom Jesus do Itabapoana (RJ)<\/p>\n<p><strong><em>Sobre o Sicredi<\/em><\/strong><\/p>\n<p><em>O Sicredi \u00e9 uma institui\u00e7\u00e3o financeira cooperativa comprometida com o crescimento de seus associados e com o desenvolvimento das regi\u00f5es onde atua. Possui um modelo de gest\u00e3o que valoriza a participa\u00e7\u00e3o dos mais de 10 milh\u00f5es de associados, que exercem o papel de donos do neg\u00f3cio. Com mais de 3 mil ag\u00eancias, o Sicredi est\u00e1 presente fisicamente em todos os estados brasileiros e no Distrito Federal, disponibilizando uma gama completa de solu\u00e7\u00f5es financeiras e n\u00e3o financeiras.<\/em><\/p>\n<p><strong><em>Site do Sicredi:\u00a0<a href=\"http:\/\/www.sicredi.com.br\/\" data-saferedirecturl=\"https:\/\/www.google.com\/url?q=http:\/\/www.sicredi.com.br&amp;source=gmail&amp;ust=1788545900311000&amp;usg=AOvVaw3Dk-qz4LNrFZI4Naa5gUo8\">www.sicredi.com.br<\/a><\/em><\/strong><\/p>\n","protected":false},"excerpt":{"rendered":"<p>Pompeia (SP)\u00a0foi palco da passagem da Caravana Cada Gesto Conta na \u00faltima ter\u00e7a-feira\u00a0(25\/08). A a\u00e7\u00e3o foi conduzida pela cooperativa Sicredi Centro Oeste Paulista, proporcionando para os estudantes um momento de aprendizado consciente, l\u00fadico e din\u00e2mico. O projeto busca estimular reflex\u00f5es sobre sustentabilidade e tem\u00e1ticas globais, mantendo a comunidade, os estudantes e os educadores conectados aos\u00a0Objetivos [&hellip;]<\/p>\n","protected":false},"author":13,"featured_media":124285,"comment_status":"closed","ping_status":"open","sticky":false,"template":"","format":"standard","meta":{"_acf_changed":false,"_exactmetrics_skip_tracking":false,"footnotes":""},"categories":[1],"tags":[],"class_list":["post-124284","post","type-post","status-publish","format-standard","has-post-thumbnail","hentry","category-geral"],"acf":[],"yoast_head":"<!-- This site is optimized with the Yoast SEO plugin v28.2 - https:\/\/yoast.com\/product\/yoast-seo-wordpress\/ -->\n<title>Coopera\u00e7\u00e3o e conscientiza\u00e7\u00e3o marcam a passagem da Caravana dos Smurfs por Pompeia (SP) - R\u00e1dio Life FM<\/title>\n<meta name=\"robots\" content=\"index, follow, max-snippet:-1, max-image-preview:large, max-video-preview:-1\" \/>\n<link rel=\"canonical\" href=\"https:\/\/radiolifefm.com.br\/noticias\/cooperacao-e-conscientizacao-marcam-a-passagem-da-caravana-dos-smurfs-por-pompeia-sp\/\" \/>\n<meta property=\"og:locale\" content=\"pt_BR\" \/>\n<meta property=\"og:type\" content=\"article\" \/>\n<meta property=\"og:title\" content=\"Coopera\u00e7\u00e3o e conscientiza\u00e7\u00e3o marcam a passagem da Caravana dos Smurfs por Pompeia (SP) - R\u00e1dio Life FM\" \/>\n<meta property=\"og:description\" content=\"Pompeia (SP)\u00a0foi palco da passagem da Caravana Cada Gesto Conta na \u00faltima ter\u00e7a-feira\u00a0(25\/08). A a\u00e7\u00e3o foi conduzida pela cooperativa Sicredi Centro Oeste Paulista, proporcionando para os estudantes um momento de aprendizado consciente, l\u00fadico e din\u00e2mico. O projeto busca estimular reflex\u00f5es sobre sustentabilidade e tem\u00e1ticas globais, mantendo a comunidade, os estudantes e os educadores conectados aos\u00a0Objetivos [&hellip;]\" \/>\n<meta property=\"og:url\" content=\"https:\/\/radiolifefm.com.br\/noticias\/cooperacao-e-conscientizacao-marcam-a-passagem-da-caravana-dos-smurfs-por-pompeia-sp\/\" \/>\n<meta property=\"og:site_name\" content=\"R\u00e1dio Life FM\" \/>\n<meta property=\"article:publisher\" content=\"https:\/\/www.facebook.com\/radiolifefm\/\" \/>\n<meta property=\"article:published_time\" content=\"2026-09-03T21:53:42+00:00\" \/>\n<meta property=\"og:image\" content=\"https:\/\/radiolifefm.com.br\/noticias\/wp-content\/uploads\/2026\/09\/15_compressed_2026_09_03_185315.jpg\" \/>\n\t<meta property=\"og:image:width\" content=\"1280\" \/>\n\t<meta property=\"og:image:height\" content=\"853\" \/>\n\t<meta property=\"og:image:type\" content=\"image\/jpeg\" \/>\n<meta name=\"author\" content=\"ritanery\" \/>\n<meta name=\"twitter:card\" content=\"summary_large_image\" \/>\n<meta name=\"twitter:label1\" content=\"Escrito por\" \/>\n\t<meta name=\"twitter:data1\" content=\"ritanery\" \/>\n\t<meta name=\"twitter:label2\" content=\"Est. tempo de leitura\" \/>\n\t<meta name=\"twitter:data2\" content=\"4 minutos\" \/>\n<script type=\"application\/ld+json\" class=\"yoast-schema-graph\">{\"@context\":\"https:\\\/\\\/schema.org\",\"@graph\":[{\"@type\":\"Article\",\"@id\":\"https:\\\/\\\/radiolifefm.com.br\\\/noticias\\\/cooperacao-e-conscientizacao-marcam-a-passagem-da-caravana-dos-smurfs-por-pompeia-sp\\\/#article\",\"isPartOf\":{\"@id\":\"https:\\\/\\\/radiolifefm.com.br\\\/noticias\\\/cooperacao-e-conscientizacao-marcam-a-passagem-da-caravana-dos-smurfs-por-pompeia-sp\\\/\"},\"author\":{\"name\":\"ritanery\",\"@id\":\"https:\\\/\\\/radiolifefm.com.br\\\/noticias\\\/#\\\/schema\\\/person\\\/6339b9fac59d12b071dec680d7375d87\"},\"headline\":\"Coopera\u00e7\u00e3o e conscientiza\u00e7\u00e3o marcam a passagem da Caravana dos Smurfs por Pompeia (SP)\",\"datePublished\":\"2026-09-03T21:53:42+00:00\",\"mainEntityOfPage\":{\"@id\":\"https:\\\/\\\/radiolifefm.com.br\\\/noticias\\\/cooperacao-e-conscientizacao-marcam-a-passagem-da-caravana-dos-smurfs-por-pompeia-sp\\\/\"},\"wordCount\":753,\"publisher\":{\"@id\":\"https:\\\/\\\/radiolifefm.com.br\\\/noticias\\\/#organization\"},\"image\":{\"@id\":\"https:\\\/\\\/radiolifefm.com.br\\\/noticias\\\/cooperacao-e-conscientizacao-marcam-a-passagem-da-caravana-dos-smurfs-por-pompeia-sp\\\/#primaryimage\"},\"thumbnailUrl\":\"https:\\\/\\\/radiolifefm.com.br\\\/noticias\\\/wp-content\\\/uploads\\\/2026\\\/09\\\/15_compressed_2026_09_03_185315.jpg\",\"articleSection\":[\"Geral\"],\"inLanguage\":\"pt-BR\"},{\"@type\":\"WebPage\",\"@id\":\"https:\\\/\\\/radiolifefm.com.br\\\/noticias\\\/cooperacao-e-conscientizacao-marcam-a-passagem-da-caravana-dos-smurfs-por-pompeia-sp\\\/\",\"url\":\"https:\\\/\\\/radiolifefm.com.br\\\/noticias\\\/cooperacao-e-conscientizacao-marcam-a-passagem-da-caravana-dos-smurfs-por-pompeia-sp\\\/\",\"name\":\"Coopera\u00e7\u00e3o e conscientiza\u00e7\u00e3o marcam a passagem da Caravana dos Smurfs por Pompeia (SP) - R\u00e1dio Life FM\",\"isPartOf\":{\"@id\":\"https:\\\/\\\/radiolifefm.com.br\\\/noticias\\\/#website\"},\"primaryImageOfPage\":{\"@id\":\"https:\\\/\\\/radiolifefm.com.br\\\/noticias\\\/cooperacao-e-conscientizacao-marcam-a-passagem-da-caravana-dos-smurfs-por-pompeia-sp\\\/#primaryimage\"},\"image\":{\"@id\":\"https:\\\/\\\/radiolifefm.com.br\\\/noticias\\\/cooperacao-e-conscientizacao-marcam-a-passagem-da-caravana-dos-smurfs-por-pompeia-sp\\\/#primaryimage\"},\"thumbnailUrl\":\"https:\\\/\\\/radiolifefm.com.br\\\/noticias\\\/wp-content\\\/uploads\\\/2026\\\/09\\\/15_compressed_2026_09_03_185315.jpg\",\"datePublished\":\"2026-09-03T21:53:42+00:00\",\"breadcrumb\":{\"@id\":\"https:\\\/\\\/radiolifefm.com.br\\\/noticias\\\/cooperacao-e-conscientizacao-marcam-a-passagem-da-caravana-dos-smurfs-por-pompeia-sp\\\/#breadcrumb\"},\"inLanguage\":\"pt-BR\",\"potentialAction\":[{\"@type\":\"ReadAction\",\"target\":[\"https:\\\/\\\/radiolifefm.com.br\\\/noticias\\\/cooperacao-e-conscientizacao-marcam-a-passagem-da-caravana-dos-smurfs-por-pompeia-sp\\\/\"]}]},{\"@type\":\"ImageObject\",\"inLanguage\":\"pt-BR\",\"@id\":\"https:\\\/\\\/radiolifefm.com.br\\\/noticias\\\/cooperacao-e-conscientizacao-marcam-a-passagem-da-caravana-dos-smurfs-por-pompeia-sp\\\/#primaryimage\",\"url\":\"https:\\\/\\\/radiolifefm.com.br\\\/noticias\\\/wp-content\\\/uploads\\\/2026\\\/09\\\/15_compressed_2026_09_03_185315.jpg\",\"contentUrl\":\"https:\\\/\\\/radiolifefm.com.br\\\/noticias\\\/wp-content\\\/uploads\\\/2026\\\/09\\\/15_compressed_2026_09_03_185315.jpg\",\"width\":1280,\"height\":853},{\"@type\":\"BreadcrumbList\",\"@id\":\"https:\\\/\\\/radiolifefm.com.br\\\/noticias\\\/cooperacao-e-conscientizacao-marcam-a-passagem-da-caravana-dos-smurfs-por-pompeia-sp\\\/#breadcrumb\",\"itemListElement\":[{\"@type\":\"ListItem\",\"position\":1,\"name\":\"In\u00edcio\",\"item\":\"https:\\\/\\\/radiolifefm.com.br\\\/noticias\\\/\"},{\"@type\":\"ListItem\",\"position\":2,\"name\":\"Coopera\u00e7\u00e3o e conscientiza\u00e7\u00e3o marcam a passagem da Caravana dos Smurfs por Pompeia (SP)\"}]},{\"@type\":\"WebSite\",\"@id\":\"https:\\\/\\\/radiolifefm.com.br\\\/noticias\\\/#website\",\"url\":\"https:\\\/\\\/radiolifefm.com.br\\\/noticias\\\/\",\"name\":\"R\u00e1dio Life FM\",\"description\":\"O Portal de Not\u00edcias de Adamantina\",\"publisher\":{\"@id\":\"https:\\\/\\\/radiolifefm.com.br\\\/noticias\\\/#organization\"},\"alternateName\":\"Life FM\",\"potentialAction\":[{\"@type\":\"SearchAction\",\"target\":{\"@type\":\"EntryPoint\",\"urlTemplate\":\"https:\\\/\\\/radiolifefm.com.br\\\/noticias\\\/?s={search_term_string}\"},\"query-input\":{\"@type\":\"PropertyValueSpecification\",\"valueRequired\":true,\"valueName\":\"search_term_string\"}}],\"inLanguage\":\"pt-BR\"},{\"@type\":\"Organization\",\"@id\":\"https:\\\/\\\/radiolifefm.com.br\\\/noticias\\\/#organization\",\"name\":\"R\u00e1dio Life FM\",\"alternateName\":\"Life FM\",\"url\":\"https:\\\/\\\/radiolifefm.com.br\\\/noticias\\\/\",\"logo\":{\"@type\":\"ImageObject\",\"inLanguage\":\"pt-BR\",\"@id\":\"https:\\\/\\\/radiolifefm.com.br\\\/noticias\\\/#\\\/schema\\\/logo\\\/image\\\/\",\"url\":\"https:\\\/\\\/static.radiolifefm.com.br\\\/noticias\\\/wp-content\\\/uploads\\\/2019\\\/10\\\/logo-lifefm.png\",\"contentUrl\":\"https:\\\/\\\/static.radiolifefm.com.br\\\/noticias\\\/wp-content\\\/uploads\\\/2019\\\/10\\\/logo-lifefm.png\",\"width\":196,\"height\":47,\"caption\":\"R\u00e1dio Life FM\"},\"image\":{\"@id\":\"https:\\\/\\\/radiolifefm.com.br\\\/noticias\\\/#\\\/schema\\\/logo\\\/image\\\/\"},\"sameAs\":[\"https:\\\/\\\/www.facebook.com\\\/radiolifefm\\\/\",\"https:\\\/\\\/www.instagram.com\\\/life1079fm\\\/\"]},{\"@type\":\"Person\",\"@id\":\"https:\\\/\\\/radiolifefm.com.br\\\/noticias\\\/#\\\/schema\\\/person\\\/6339b9fac59d12b071dec680d7375d87\",\"name\":\"ritanery\",\"image\":{\"@type\":\"ImageObject\",\"inLanguage\":\"pt-BR\",\"@id\":\"https:\\\/\\\/secure.gravatar.com\\\/avatar\\\/0e37bb19071f47c0b8a23f62a903df117c5a0e75f65a0c2901562f97cd41cf86?s=96&d=mm&r=g\",\"url\":\"https:\\\/\\\/secure.gravatar.com\\\/avatar\\\/0e37bb19071f47c0b8a23f62a903df117c5a0e75f65a0c2901562f97cd41cf86?s=96&d=mm&r=g\",\"contentUrl\":\"https:\\\/\\\/secure.gravatar.com\\\/avatar\\\/0e37bb19071f47c0b8a23f62a903df117c5a0e75f65a0c2901562f97cd41cf86?s=96&d=mm&r=g\",\"caption\":\"ritanery\"}}]}<\/script>\n<!-- \/ Yoast SEO plugin. -->","yoast_head_json":{"title":"Coopera\u00e7\u00e3o e conscientiza\u00e7\u00e3o marcam a passagem da Caravana dos Smurfs por Pompeia (SP) - R\u00e1dio Life FM","robots":{"index":"index","follow":"follow","max-snippet":"max-snippet:-1","max-image-preview":"max-image-preview:large","max-video-preview":"max-video-preview:-1"},"canonical":"https:\/\/radiolifefm.com.br\/noticias\/cooperacao-e-conscientizacao-marcam-a-passagem-da-caravana-dos-smurfs-por-pompeia-sp\/","og_locale":"pt_BR","og_type":"article","og_title":"Coopera\u00e7\u00e3o e conscientiza\u00e7\u00e3o marcam a passagem da Caravana dos Smurfs por Pompeia (SP) - R\u00e1dio Life FM","og_description":"Pompeia (SP)\u00a0foi palco da passagem da Caravana Cada Gesto Conta na \u00faltima ter\u00e7a-feira\u00a0(25\/08). A a\u00e7\u00e3o foi conduzida pela cooperativa Sicredi Centro Oeste Paulista, proporcionando para os estudantes um momento de aprendizado consciente, l\u00fadico e din\u00e2mico. O projeto busca estimular reflex\u00f5es sobre sustentabilidade e tem\u00e1ticas globais, mantendo a comunidade, os estudantes e os educadores conectados aos\u00a0Objetivos [&hellip;]","og_url":"https:\/\/radiolifefm.com.br\/noticias\/cooperacao-e-conscientizacao-marcam-a-passagem-da-caravana-dos-smurfs-por-pompeia-sp\/","og_site_name":"R\u00e1dio Life FM","article_publisher":"https:\/\/www.facebook.com\/radiolifefm\/","article_published_time":"2026-09-03T21:53:42+00:00","og_image":[{"width":1280,"height":853,"url":"https:\/\/radiolifefm.com.br\/noticias\/wp-content\/uploads\/2026\/09\/15_compressed_2026_09_03_185315.jpg","type":"image\/jpeg"}],"author":"ritanery","twitter_card":"summary_large_image","twitter_misc":{"Escrito por":"ritanery","Est. tempo de leitura":"4 minutos"},"schema":{"@context":"https:\/\/schema.org","@graph":[{"@type":"Article","@id":"https:\/\/radiolifefm.com.br\/noticias\/cooperacao-e-conscientizacao-marcam-a-passagem-da-caravana-dos-smurfs-por-pompeia-sp\/#article","isPartOf":{"@id":"https:\/\/radiolifefm.com.br\/noticias\/cooperacao-e-conscientizacao-marcam-a-passagem-da-caravana-dos-smurfs-por-pompeia-sp\/"},"author":{"name":"ritanery","@id":"https:\/\/radiolifefm.com.br\/noticias\/#\/schema\/person\/6339b9fac59d12b071dec680d7375d87"},"headline":"Coopera\u00e7\u00e3o e conscientiza\u00e7\u00e3o marcam a passagem da Caravana dos Smurfs por Pompeia (SP)","datePublished":"2026-09-03T21:53:42+00:00","mainEntityOfPage":{"@id":"https:\/\/radiolifefm.com.br\/noticias\/cooperacao-e-conscientizacao-marcam-a-passagem-da-caravana-dos-smurfs-por-pompeia-sp\/"},"wordCount":753,"publisher":{"@id":"https:\/\/radiolifefm.com.br\/noticias\/#organization"},"image":{"@id":"https:\/\/radiolifefm.com.br\/noticias\/cooperacao-e-conscientizacao-marcam-a-passagem-da-caravana-dos-smurfs-por-pompeia-sp\/#primaryimage"},"thumbnailUrl":"https:\/\/radiolifefm.com.br\/noticias\/wp-content\/uploads\/2026\/09\/15_compressed_2026_09_03_185315.jpg","articleSection":["Geral"],"inLanguage":"pt-BR"},{"@type":"WebPage","@id":"https:\/\/radiolifefm.com.br\/noticias\/cooperacao-e-conscientizacao-marcam-a-passagem-da-caravana-dos-smurfs-por-pompeia-sp\/","url":"https:\/\/radiolifefm.com.br\/noticias\/cooperacao-e-conscientizacao-marcam-a-passagem-da-caravana-dos-smurfs-por-pompeia-sp\/","name":"Coopera\u00e7\u00e3o e conscientiza\u00e7\u00e3o marcam a passagem da Caravana dos Smurfs por Pompeia (SP) - R\u00e1dio Life FM","isPartOf":{"@id":"https:\/\/radiolifefm.com.br\/noticias\/#website"},"primaryImageOfPage":{"@id":"https:\/\/radiolifefm.com.br\/noticias\/cooperacao-e-conscientizacao-marcam-a-passagem-da-caravana-dos-smurfs-por-pompeia-sp\/#primaryimage"},"image":{"@id":"https:\/\/radiolifefm.com.br\/noticias\/cooperacao-e-conscientizacao-marcam-a-passagem-da-caravana-dos-smurfs-por-pompeia-sp\/#primaryimage"},"thumbnailUrl":"https:\/\/radiolifefm.com.br\/noticias\/wp-content\/uploads\/2026\/09\/15_compressed_2026_09_03_185315.jpg","datePublished":"2026-09-03T21:53:42+00:00","breadcrumb":{"@id":"https:\/\/radiolifefm.com.br\/noticias\/cooperacao-e-conscientizacao-marcam-a-passagem-da-caravana-dos-smurfs-por-pompeia-sp\/#breadcrumb"},"inLanguage":"pt-BR","potentialAction":[{"@type":"ReadAction","target":["https:\/\/radiolifefm.com.br\/noticias\/cooperacao-e-conscientizacao-marcam-a-passagem-da-caravana-dos-smurfs-por-pompeia-sp\/"]}]},{"@type":"ImageObject","inLanguage":"pt-BR","@id":"https:\/\/radiolifefm.com.br\/noticias\/cooperacao-e-conscientizacao-marcam-a-passagem-da-caravana-dos-smurfs-por-pompeia-sp\/#primaryimage","url":"https:\/\/radiolifefm.com.br\/noticias\/wp-content\/uploads\/2026\/09\/15_compressed_2026_09_03_185315.jpg","contentUrl":"https:\/\/radiolifefm.com.br\/noticias\/wp-content\/uploads\/2026\/09\/15_compressed_2026_09_03_185315.jpg","width":1280,"height":853},{"@type":"BreadcrumbList","@id":"https:\/\/radiolifefm.com.br\/noticias\/cooperacao-e-conscientizacao-marcam-a-passagem-da-caravana-dos-smurfs-por-pompeia-sp\/#breadcrumb","itemListElement":[{"@type":"ListItem","position":1,"name":"In\u00edcio","item":"https:\/\/radiolifefm.com.br\/noticias\/"},{"@type":"ListItem","position":2,"name":"Coopera\u00e7\u00e3o e conscientiza\u00e7\u00e3o marcam a passagem da Caravana dos Smurfs por Pompeia (SP)"}]},{"@type":"WebSite","@id":"https:\/\/radiolifefm.com.br\/noticias\/#website","url":"https:\/\/radiolifefm.com.br\/noticias\/","name":"R\u00e1dio Life FM","description":"O Portal de Not\u00edcias de Adamantina","publisher":{"@id":"https:\/\/radiolifefm.com.br\/noticias\/#organization"},"alternateName":"Life FM","potentialAction":[{"@type":"SearchAction","target":{"@type":"EntryPoint","urlTemplate":"https:\/\/radiolifefm.com.br\/noticias\/?s={search_term_string}"},"query-input":{"@type":"PropertyValueSpecification","valueRequired":true,"valueName":"search_term_string"}}],"inLanguage":"pt-BR"},{"@type":"Organization","@id":"https:\/\/radiolifefm.com.br\/noticias\/#organization","name":"R\u00e1dio Life FM","alternateName":"Life FM","url":"https:\/\/radiolifefm.com.br\/noticias\/","logo":{"@type":"ImageObject","inLanguage":"pt-BR","@id":"https:\/\/radiolifefm.com.br\/noticias\/#\/schema\/logo\/image\/","url":"https:\/\/static.radiolifefm.com.br\/noticias\/wp-content\/uploads\/2019\/10\/logo-lifefm.png","contentUrl":"https:\/\/static.radiolifefm.com.br\/noticias\/wp-content\/uploads\/2019\/10\/logo-lifefm.png","width":196,"height":47,"caption":"R\u00e1dio Life FM"},"image":{"@id":"https:\/\/radiolifefm.com.br\/noticias\/#\/schema\/logo\/image\/"},"sameAs":["https:\/\/www.facebook.com\/radiolifefm\/","https:\/\/www.instagram.com\/life1079fm\/"]},{"@type":"Person","@id":"https:\/\/radiolifefm.com.br\/noticias\/#\/schema\/person\/6339b9fac59d12b071dec680d7375d87","name":"ritanery","image":{"@type":"ImageObject","inLanguage":"pt-BR","@id":"https:\/\/secure.gravatar.com\/avatar\/0e37bb19071f47c0b8a23f62a903df117c5a0e75f65a0c2901562f97cd41cf86?s=96&d=mm&r=g","url":"https:\/\/secure.gravatar.com\/avatar\/0e37bb19071f47c0b8a23f62a903df117c5a0e75f65a0c2901562f97cd41cf86?s=96&d=mm&r=g","contentUrl":"https:\/\/secure.gravatar.com\/avatar\/0e37bb19071f47c0b8a23f62a903df117c5a0e75f65a0c2901562f97cd41cf86?s=96&d=mm&r=g","caption":"ritanery"}}]}},"amp_enabled":true,"_links":{"self":[{"href":"https:\/\/radiolifefm.com.br\/noticias\/wp-json\/wp\/v2\/posts\/124284","targetHints":{"allow":["GET"]}}],"collection":[{"href":"https:\/\/radiolifefm.com.br\/noticias\/wp-json\/wp\/v2\/posts"}],"about":[{"href":"https:\/\/radiolifefm.com.br\/noticias\/wp-json\/wp\/v2\/types\/post"}],"author":[{"embeddable":true,"href":"https:\/\/radiolifefm.com.br\/noticias\/wp-json\/wp\/v2\/users\/13"}],"replies":[{"embeddable":true,"href":"https:\/\/radiolifefm.com.br\/noticias\/wp-json\/wp\/v2\/comments?post=124284"}],"version-history":[{"count":1,"href":"https:\/\/radiolifefm.com.br\/noticias\/wp-json\/wp\/v2\/posts\/124284\/revisions"}],"predecessor-version":[{"id":124286,"href":"https:\/\/radiolifefm.com.br\/noticias\/wp-json\/wp\/v2\/posts\/124284\/revisions\/124286"}],"wp:featuredmedia":[{"embeddable":true,"href":"https:\/\/radiolifefm.com.br\/noticias\/wp-json\/wp\/v2\/media\/124285"}],"wp:attachment":[{"href":"https:\/\/radiolifefm.com.br\/noticias\/wp-json\/wp\/v2\/media?parent=124284"}],"wp:term":[{"taxonomy":"category","embeddable":true,"href":"https:\/\/radiolifefm.com.br\/noticias\/wp-json\/wp\/v2\/categories?post=124284"},{"taxonomy":"post_tag","embeddable":true,"href":"https:\/\/radiolifefm.com.br\/noticias\/wp-json\/wp\/v2\/tags?post=124284"}],"curies":[{"name":"wp","href":"https:\/\/api.w.org\/{rel}","templated":true}]}}