{"id":124275,"date":"2026-09-02T17:46:14","date_gmt":"2026-09-02T20:46:14","guid":{"rendered":"https:\/\/radiolifefm.com.br\/noticias\/?p=124275"},"modified":"2026-09-03T09:48:34","modified_gmt":"2026-09-03T12:48:34","slug":"alunas-de-enfermagem-da-fai-promovem-acao-de-saude-e-vacinacao-na-cooperadam","status":"publish","type":"post","link":"https:\/\/radiolifefm.com.br\/noticias\/alunas-de-enfermagem-da-fai-promovem-acao-de-saude-e-vacinacao-na-cooperadam\/","title":{"rendered":"Alunas de Enfermagem da FAI promovem a\u00e7\u00e3o de sa\u00fade e vacina\u00e7\u00e3o na COOPERADAM"},"content":{"rendered":"<div id=\"fb-root\"><\/div>\n<p dir=\"ltr\">As acad\u00eamicas do 6\u00ba termo do curso de Enfermagem do Centro Universit\u00e1rio de Adamantina &#8211; FAI realizaram, nesta quarta-feira (02), uma a\u00e7\u00e3o de vacina\u00e7\u00e3o voltada aos trabalhadores da Cooperativa de Reciclagem de Adamantina (COOPERADAM). A iniciativa visa promover a sa\u00fade e garantir maior seguran\u00e7a no ambiente de trabalho dos cooperados.<\/p>\n<p dir=\"ltr\">A atividade pr\u00e1tica foi realizada com a supervis\u00e3o da docente do curso, Profa. Rosemary Mantovani, e da orientadora de est\u00e1gio, Nielen Cupelli. A imers\u00e3o das alunas no ambiente da cooperativa refor\u00e7a de maneira significativa o papel da extens\u00e3o universit\u00e1ria da FAI, que busca aplicar o conhecimento acad\u00eamico diretamente na prote\u00e7\u00e3o e no amparo da comunidade local.<\/p>\n<p dir=\"ltr\">A vacina\u00e7\u00e3o desta quarta-feira coroa um ciclo cont\u00ednuo de interven\u00e7\u00f5es de sa\u00fade no local. Ao longo das \u00faltimas tr\u00eas semanas, as estudantes promoveram encontros educativos focados na rotina dos trabalhadores. Durante as din\u00e2micas, as futuras enfermeiras abordaram temas fundamentais, como os cuidados gerais no ambiente de trabalho e treinamentos espec\u00edficos sobre a correta higieniza\u00e7\u00e3o das m\u00e3os, uma medida essencial para a preven\u00e7\u00e3o de doen\u00e7as, especialmente durante o manuseio de materiais recicl\u00e1veis.<\/p>\n<p dir=\"ltr\">\n<p dir=\"ltr\">Por Gustavo Amaral &#8211; MTB: 0097737\/SP<\/p>\n","protected":false},"excerpt":{"rendered":"<p>As acad\u00eamicas do 6\u00ba termo do curso de Enfermagem do Centro Universit\u00e1rio de Adamantina &#8211; FAI realizaram, nesta quarta-feira (02), uma a\u00e7\u00e3o de vacina\u00e7\u00e3o voltada aos trabalhadores da Cooperativa de Reciclagem de Adamantina (COOPERADAM). A iniciativa visa promover a sa\u00fade e garantir maior seguran\u00e7a no ambiente de trabalho dos cooperados. A atividade pr\u00e1tica foi realizada [&hellip;]<\/p>\n","protected":false},"author":13,"featured_media":124276,"comment_status":"closed","ping_status":"open","sticky":false,"template":"","format":"standard","meta":{"_acf_changed":false,"_exactmetrics_skip_tracking":false,"footnotes":""},"categories":[1],"tags":[],"class_list":["post-124275","post","type-post","status-publish","format-standard","has-post-thumbnail","hentry","category-geral"],"acf":[],"yoast_head":"<!-- This site is optimized with the Yoast SEO plugin v28.2 - https:\/\/yoast.com\/product\/yoast-seo-wordpress\/ -->\n<title>Alunas de Enfermagem da FAI promovem a\u00e7\u00e3o de sa\u00fade e vacina\u00e7\u00e3o na COOPERADAM - R\u00e1dio Life FM<\/title>\n<meta name=\"robots\" content=\"index, follow, max-snippet:-1, max-image-preview:large, max-video-preview:-1\" \/>\n<link rel=\"canonical\" href=\"https:\/\/radiolifefm.com.br\/noticias\/alunas-de-enfermagem-da-fai-promovem-acao-de-saude-e-vacinacao-na-cooperadam\/\" \/>\n<meta property=\"og:locale\" content=\"pt_BR\" \/>\n<meta property=\"og:type\" content=\"article\" \/>\n<meta property=\"og:title\" content=\"Alunas de Enfermagem da FAI promovem a\u00e7\u00e3o de sa\u00fade e vacina\u00e7\u00e3o na COOPERADAM - R\u00e1dio Life FM\" \/>\n<meta property=\"og:description\" content=\"As acad\u00eamicas do 6\u00ba termo do curso de Enfermagem do Centro Universit\u00e1rio de Adamantina &#8211; FAI realizaram, nesta quarta-feira (02), uma a\u00e7\u00e3o de vacina\u00e7\u00e3o voltada aos trabalhadores da Cooperativa de Reciclagem de Adamantina (COOPERADAM). A iniciativa visa promover a sa\u00fade e garantir maior seguran\u00e7a no ambiente de trabalho dos cooperados. A atividade pr\u00e1tica foi realizada [&hellip;]\" \/>\n<meta property=\"og:url\" content=\"https:\/\/radiolifefm.com.br\/noticias\/alunas-de-enfermagem-da-fai-promovem-acao-de-saude-e-vacinacao-na-cooperadam\/\" \/>\n<meta property=\"og:site_name\" content=\"R\u00e1dio Life FM\" \/>\n<meta property=\"article:publisher\" content=\"https:\/\/www.facebook.com\/radiolifefm\/\" \/>\n<meta property=\"article:published_time\" content=\"2026-09-02T20:46:14+00:00\" \/>\n<meta property=\"article:modified_time\" content=\"2026-09-03T12:48:34+00:00\" \/>\n<meta property=\"og:image\" content=\"https:\/\/radiolifefm.com.br\/noticias\/wp-content\/uploads\/2026\/09\/Vacina-5.jpeg\" \/>\n\t<meta property=\"og:image:width\" content=\"1280\" \/>\n\t<meta property=\"og:image:height\" content=\"960\" \/>\n\t<meta property=\"og:image:type\" content=\"image\/jpeg\" \/>\n<meta name=\"author\" content=\"ritanery\" \/>\n<meta name=\"twitter:card\" content=\"summary_large_image\" \/>\n<meta name=\"twitter:label1\" content=\"Escrito por\" \/>\n\t<meta name=\"twitter:data1\" content=\"ritanery\" \/>\n\t<meta name=\"twitter:label2\" content=\"Est. tempo de leitura\" \/>\n\t<meta name=\"twitter:data2\" content=\"2 minutos\" \/>\n<script type=\"application\/ld+json\" class=\"yoast-schema-graph\">{\"@context\":\"https:\\\/\\\/schema.org\",\"@graph\":[{\"@type\":\"Article\",\"@id\":\"https:\\\/\\\/radiolifefm.com.br\\\/noticias\\\/alunas-de-enfermagem-da-fai-promovem-acao-de-saude-e-vacinacao-na-cooperadam\\\/#article\",\"isPartOf\":{\"@id\":\"https:\\\/\\\/radiolifefm.com.br\\\/noticias\\\/alunas-de-enfermagem-da-fai-promovem-acao-de-saude-e-vacinacao-na-cooperadam\\\/\"},\"author\":{\"name\":\"ritanery\",\"@id\":\"https:\\\/\\\/radiolifefm.com.br\\\/noticias\\\/#\\\/schema\\\/person\\\/6339b9fac59d12b071dec680d7375d87\"},\"headline\":\"Alunas de Enfermagem da FAI promovem a\u00e7\u00e3o de sa\u00fade e vacina\u00e7\u00e3o na COOPERADAM\",\"datePublished\":\"2026-09-02T20:46:14+00:00\",\"dateModified\":\"2026-09-03T12:48:34+00:00\",\"mainEntityOfPage\":{\"@id\":\"https:\\\/\\\/radiolifefm.com.br\\\/noticias\\\/alunas-de-enfermagem-da-fai-promovem-acao-de-saude-e-vacinacao-na-cooperadam\\\/\"},\"wordCount\":224,\"publisher\":{\"@id\":\"https:\\\/\\\/radiolifefm.com.br\\\/noticias\\\/#organization\"},\"image\":{\"@id\":\"https:\\\/\\\/radiolifefm.com.br\\\/noticias\\\/alunas-de-enfermagem-da-fai-promovem-acao-de-saude-e-vacinacao-na-cooperadam\\\/#primaryimage\"},\"thumbnailUrl\":\"https:\\\/\\\/radiolifefm.com.br\\\/noticias\\\/wp-content\\\/uploads\\\/2026\\\/09\\\/Vacina-5.jpeg\",\"articleSection\":[\"Geral\"],\"inLanguage\":\"pt-BR\"},{\"@type\":\"WebPage\",\"@id\":\"https:\\\/\\\/radiolifefm.com.br\\\/noticias\\\/alunas-de-enfermagem-da-fai-promovem-acao-de-saude-e-vacinacao-na-cooperadam\\\/\",\"url\":\"https:\\\/\\\/radiolifefm.com.br\\\/noticias\\\/alunas-de-enfermagem-da-fai-promovem-acao-de-saude-e-vacinacao-na-cooperadam\\\/\",\"name\":\"Alunas de Enfermagem da FAI promovem a\u00e7\u00e3o de sa\u00fade e vacina\u00e7\u00e3o na COOPERADAM - R\u00e1dio Life FM\",\"isPartOf\":{\"@id\":\"https:\\\/\\\/radiolifefm.com.br\\\/noticias\\\/#website\"},\"primaryImageOfPage\":{\"@id\":\"https:\\\/\\\/radiolifefm.com.br\\\/noticias\\\/alunas-de-enfermagem-da-fai-promovem-acao-de-saude-e-vacinacao-na-cooperadam\\\/#primaryimage\"},\"image\":{\"@id\":\"https:\\\/\\\/radiolifefm.com.br\\\/noticias\\\/alunas-de-enfermagem-da-fai-promovem-acao-de-saude-e-vacinacao-na-cooperadam\\\/#primaryimage\"},\"thumbnailUrl\":\"https:\\\/\\\/radiolifefm.com.br\\\/noticias\\\/wp-content\\\/uploads\\\/2026\\\/09\\\/Vacina-5.jpeg\",\"datePublished\":\"2026-09-02T20:46:14+00:00\",\"dateModified\":\"2026-09-03T12:48:34+00:00\",\"breadcrumb\":{\"@id\":\"https:\\\/\\\/radiolifefm.com.br\\\/noticias\\\/alunas-de-enfermagem-da-fai-promovem-acao-de-saude-e-vacinacao-na-cooperadam\\\/#breadcrumb\"},\"inLanguage\":\"pt-BR\",\"potentialAction\":[{\"@type\":\"ReadAction\",\"target\":[\"https:\\\/\\\/radiolifefm.com.br\\\/noticias\\\/alunas-de-enfermagem-da-fai-promovem-acao-de-saude-e-vacinacao-na-cooperadam\\\/\"]}]},{\"@type\":\"ImageObject\",\"inLanguage\":\"pt-BR\",\"@id\":\"https:\\\/\\\/radiolifefm.com.br\\\/noticias\\\/alunas-de-enfermagem-da-fai-promovem-acao-de-saude-e-vacinacao-na-cooperadam\\\/#primaryimage\",\"url\":\"https:\\\/\\\/radiolifefm.com.br\\\/noticias\\\/wp-content\\\/uploads\\\/2026\\\/09\\\/Vacina-5.jpeg\",\"contentUrl\":\"https:\\\/\\\/radiolifefm.com.br\\\/noticias\\\/wp-content\\\/uploads\\\/2026\\\/09\\\/Vacina-5.jpeg\",\"width\":1280,\"height\":960},{\"@type\":\"BreadcrumbList\",\"@id\":\"https:\\\/\\\/radiolifefm.com.br\\\/noticias\\\/alunas-de-enfermagem-da-fai-promovem-acao-de-saude-e-vacinacao-na-cooperadam\\\/#breadcrumb\",\"itemListElement\":[{\"@type\":\"ListItem\",\"position\":1,\"name\":\"In\u00edcio\",\"item\":\"https:\\\/\\\/radiolifefm.com.br\\\/noticias\\\/\"},{\"@type\":\"ListItem\",\"position\":2,\"name\":\"Alunas de Enfermagem da FAI promovem a\u00e7\u00e3o de sa\u00fade e vacina\u00e7\u00e3o na COOPERADAM\"}]},{\"@type\":\"WebSite\",\"@id\":\"https:\\\/\\\/radiolifefm.com.br\\\/noticias\\\/#website\",\"url\":\"https:\\\/\\\/radiolifefm.com.br\\\/noticias\\\/\",\"name\":\"R\u00e1dio Life FM\",\"description\":\"O Portal de Not\u00edcias de Adamantina\",\"publisher\":{\"@id\":\"https:\\\/\\\/radiolifefm.com.br\\\/noticias\\\/#organization\"},\"alternateName\":\"Life FM\",\"potentialAction\":[{\"@type\":\"SearchAction\",\"target\":{\"@type\":\"EntryPoint\",\"urlTemplate\":\"https:\\\/\\\/radiolifefm.com.br\\\/noticias\\\/?s={search_term_string}\"},\"query-input\":{\"@type\":\"PropertyValueSpecification\",\"valueRequired\":true,\"valueName\":\"search_term_string\"}}],\"inLanguage\":\"pt-BR\"},{\"@type\":\"Organization\",\"@id\":\"https:\\\/\\\/radiolifefm.com.br\\\/noticias\\\/#organization\",\"name\":\"R\u00e1dio Life FM\",\"alternateName\":\"Life FM\",\"url\":\"https:\\\/\\\/radiolifefm.com.br\\\/noticias\\\/\",\"logo\":{\"@type\":\"ImageObject\",\"inLanguage\":\"pt-BR\",\"@id\":\"https:\\\/\\\/radiolifefm.com.br\\\/noticias\\\/#\\\/schema\\\/logo\\\/image\\\/\",\"url\":\"https:\\\/\\\/static.radiolifefm.com.br\\\/noticias\\\/wp-content\\\/uploads\\\/2019\\\/10\\\/logo-lifefm.png\",\"contentUrl\":\"https:\\\/\\\/static.radiolifefm.com.br\\\/noticias\\\/wp-content\\\/uploads\\\/2019\\\/10\\\/logo-lifefm.png\",\"width\":196,\"height\":47,\"caption\":\"R\u00e1dio Life FM\"},\"image\":{\"@id\":\"https:\\\/\\\/radiolifefm.com.br\\\/noticias\\\/#\\\/schema\\\/logo\\\/image\\\/\"},\"sameAs\":[\"https:\\\/\\\/www.facebook.com\\\/radiolifefm\\\/\",\"https:\\\/\\\/www.instagram.com\\\/life1079fm\\\/\"]},{\"@type\":\"Person\",\"@id\":\"https:\\\/\\\/radiolifefm.com.br\\\/noticias\\\/#\\\/schema\\\/person\\\/6339b9fac59d12b071dec680d7375d87\",\"name\":\"ritanery\",\"image\":{\"@type\":\"ImageObject\",\"inLanguage\":\"pt-BR\",\"@id\":\"https:\\\/\\\/secure.gravatar.com\\\/avatar\\\/0e37bb19071f47c0b8a23f62a903df117c5a0e75f65a0c2901562f97cd41cf86?s=96&d=mm&r=g\",\"url\":\"https:\\\/\\\/secure.gravatar.com\\\/avatar\\\/0e37bb19071f47c0b8a23f62a903df117c5a0e75f65a0c2901562f97cd41cf86?s=96&d=mm&r=g\",\"contentUrl\":\"https:\\\/\\\/secure.gravatar.com\\\/avatar\\\/0e37bb19071f47c0b8a23f62a903df117c5a0e75f65a0c2901562f97cd41cf86?s=96&d=mm&r=g\",\"caption\":\"ritanery\"}}]}<\/script>\n<!-- \/ Yoast SEO plugin. -->","yoast_head_json":{"title":"Alunas de Enfermagem da FAI promovem a\u00e7\u00e3o de sa\u00fade e vacina\u00e7\u00e3o na COOPERADAM - R\u00e1dio Life FM","robots":{"index":"index","follow":"follow","max-snippet":"max-snippet:-1","max-image-preview":"max-image-preview:large","max-video-preview":"max-video-preview:-1"},"canonical":"https:\/\/radiolifefm.com.br\/noticias\/alunas-de-enfermagem-da-fai-promovem-acao-de-saude-e-vacinacao-na-cooperadam\/","og_locale":"pt_BR","og_type":"article","og_title":"Alunas de Enfermagem da FAI promovem a\u00e7\u00e3o de sa\u00fade e vacina\u00e7\u00e3o na COOPERADAM - R\u00e1dio Life FM","og_description":"As acad\u00eamicas do 6\u00ba termo do curso de Enfermagem do Centro Universit\u00e1rio de Adamantina &#8211; FAI realizaram, nesta quarta-feira (02), uma a\u00e7\u00e3o de vacina\u00e7\u00e3o voltada aos trabalhadores da Cooperativa de Reciclagem de Adamantina (COOPERADAM). A iniciativa visa promover a sa\u00fade e garantir maior seguran\u00e7a no ambiente de trabalho dos cooperados. A atividade pr\u00e1tica foi realizada [&hellip;]","og_url":"https:\/\/radiolifefm.com.br\/noticias\/alunas-de-enfermagem-da-fai-promovem-acao-de-saude-e-vacinacao-na-cooperadam\/","og_site_name":"R\u00e1dio Life FM","article_publisher":"https:\/\/www.facebook.com\/radiolifefm\/","article_published_time":"2026-09-02T20:46:14+00:00","article_modified_time":"2026-09-03T12:48:34+00:00","og_image":[{"width":1280,"height":960,"url":"https:\/\/radiolifefm.com.br\/noticias\/wp-content\/uploads\/2026\/09\/Vacina-5.jpeg","type":"image\/jpeg"}],"author":"ritanery","twitter_card":"summary_large_image","twitter_misc":{"Escrito por":"ritanery","Est. tempo de leitura":"2 minutos"},"schema":{"@context":"https:\/\/schema.org","@graph":[{"@type":"Article","@id":"https:\/\/radiolifefm.com.br\/noticias\/alunas-de-enfermagem-da-fai-promovem-acao-de-saude-e-vacinacao-na-cooperadam\/#article","isPartOf":{"@id":"https:\/\/radiolifefm.com.br\/noticias\/alunas-de-enfermagem-da-fai-promovem-acao-de-saude-e-vacinacao-na-cooperadam\/"},"author":{"name":"ritanery","@id":"https:\/\/radiolifefm.com.br\/noticias\/#\/schema\/person\/6339b9fac59d12b071dec680d7375d87"},"headline":"Alunas de Enfermagem da FAI promovem a\u00e7\u00e3o de sa\u00fade e vacina\u00e7\u00e3o na COOPERADAM","datePublished":"2026-09-02T20:46:14+00:00","dateModified":"2026-09-03T12:48:34+00:00","mainEntityOfPage":{"@id":"https:\/\/radiolifefm.com.br\/noticias\/alunas-de-enfermagem-da-fai-promovem-acao-de-saude-e-vacinacao-na-cooperadam\/"},"wordCount":224,"publisher":{"@id":"https:\/\/radiolifefm.com.br\/noticias\/#organization"},"image":{"@id":"https:\/\/radiolifefm.com.br\/noticias\/alunas-de-enfermagem-da-fai-promovem-acao-de-saude-e-vacinacao-na-cooperadam\/#primaryimage"},"thumbnailUrl":"https:\/\/radiolifefm.com.br\/noticias\/wp-content\/uploads\/2026\/09\/Vacina-5.jpeg","articleSection":["Geral"],"inLanguage":"pt-BR"},{"@type":"WebPage","@id":"https:\/\/radiolifefm.com.br\/noticias\/alunas-de-enfermagem-da-fai-promovem-acao-de-saude-e-vacinacao-na-cooperadam\/","url":"https:\/\/radiolifefm.com.br\/noticias\/alunas-de-enfermagem-da-fai-promovem-acao-de-saude-e-vacinacao-na-cooperadam\/","name":"Alunas de Enfermagem da FAI promovem a\u00e7\u00e3o de sa\u00fade e vacina\u00e7\u00e3o na COOPERADAM - R\u00e1dio Life FM","isPartOf":{"@id":"https:\/\/radiolifefm.com.br\/noticias\/#website"},"primaryImageOfPage":{"@id":"https:\/\/radiolifefm.com.br\/noticias\/alunas-de-enfermagem-da-fai-promovem-acao-de-saude-e-vacinacao-na-cooperadam\/#primaryimage"},"image":{"@id":"https:\/\/radiolifefm.com.br\/noticias\/alunas-de-enfermagem-da-fai-promovem-acao-de-saude-e-vacinacao-na-cooperadam\/#primaryimage"},"thumbnailUrl":"https:\/\/radiolifefm.com.br\/noticias\/wp-content\/uploads\/2026\/09\/Vacina-5.jpeg","datePublished":"2026-09-02T20:46:14+00:00","dateModified":"2026-09-03T12:48:34+00:00","breadcrumb":{"@id":"https:\/\/radiolifefm.com.br\/noticias\/alunas-de-enfermagem-da-fai-promovem-acao-de-saude-e-vacinacao-na-cooperadam\/#breadcrumb"},"inLanguage":"pt-BR","potentialAction":[{"@type":"ReadAction","target":["https:\/\/radiolifefm.com.br\/noticias\/alunas-de-enfermagem-da-fai-promovem-acao-de-saude-e-vacinacao-na-cooperadam\/"]}]},{"@type":"ImageObject","inLanguage":"pt-BR","@id":"https:\/\/radiolifefm.com.br\/noticias\/alunas-de-enfermagem-da-fai-promovem-acao-de-saude-e-vacinacao-na-cooperadam\/#primaryimage","url":"https:\/\/radiolifefm.com.br\/noticias\/wp-content\/uploads\/2026\/09\/Vacina-5.jpeg","contentUrl":"https:\/\/radiolifefm.com.br\/noticias\/wp-content\/uploads\/2026\/09\/Vacina-5.jpeg","width":1280,"height":960},{"@type":"BreadcrumbList","@id":"https:\/\/radiolifefm.com.br\/noticias\/alunas-de-enfermagem-da-fai-promovem-acao-de-saude-e-vacinacao-na-cooperadam\/#breadcrumb","itemListElement":[{"@type":"ListItem","position":1,"name":"In\u00edcio","item":"https:\/\/radiolifefm.com.br\/noticias\/"},{"@type":"ListItem","position":2,"name":"Alunas de Enfermagem da FAI promovem a\u00e7\u00e3o de sa\u00fade e vacina\u00e7\u00e3o na COOPERADAM"}]},{"@type":"WebSite","@id":"https:\/\/radiolifefm.com.br\/noticias\/#website","url":"https:\/\/radiolifefm.com.br\/noticias\/","name":"R\u00e1dio Life FM","description":"O Portal de Not\u00edcias de Adamantina","publisher":{"@id":"https:\/\/radiolifefm.com.br\/noticias\/#organization"},"alternateName":"Life FM","potentialAction":[{"@type":"SearchAction","target":{"@type":"EntryPoint","urlTemplate":"https:\/\/radiolifefm.com.br\/noticias\/?s={search_term_string}"},"query-input":{"@type":"PropertyValueSpecification","valueRequired":true,"valueName":"search_term_string"}}],"inLanguage":"pt-BR"},{"@type":"Organization","@id":"https:\/\/radiolifefm.com.br\/noticias\/#organization","name":"R\u00e1dio Life FM","alternateName":"Life FM","url":"https:\/\/radiolifefm.com.br\/noticias\/","logo":{"@type":"ImageObject","inLanguage":"pt-BR","@id":"https:\/\/radiolifefm.com.br\/noticias\/#\/schema\/logo\/image\/","url":"https:\/\/static.radiolifefm.com.br\/noticias\/wp-content\/uploads\/2019\/10\/logo-lifefm.png","contentUrl":"https:\/\/static.radiolifefm.com.br\/noticias\/wp-content\/uploads\/2019\/10\/logo-lifefm.png","width":196,"height":47,"caption":"R\u00e1dio Life FM"},"image":{"@id":"https:\/\/radiolifefm.com.br\/noticias\/#\/schema\/logo\/image\/"},"sameAs":["https:\/\/www.facebook.com\/radiolifefm\/","https:\/\/www.instagram.com\/life1079fm\/"]},{"@type":"Person","@id":"https:\/\/radiolifefm.com.br\/noticias\/#\/schema\/person\/6339b9fac59d12b071dec680d7375d87","name":"ritanery","image":{"@type":"ImageObject","inLanguage":"pt-BR","@id":"https:\/\/secure.gravatar.com\/avatar\/0e37bb19071f47c0b8a23f62a903df117c5a0e75f65a0c2901562f97cd41cf86?s=96&d=mm&r=g","url":"https:\/\/secure.gravatar.com\/avatar\/0e37bb19071f47c0b8a23f62a903df117c5a0e75f65a0c2901562f97cd41cf86?s=96&d=mm&r=g","contentUrl":"https:\/\/secure.gravatar.com\/avatar\/0e37bb19071f47c0b8a23f62a903df117c5a0e75f65a0c2901562f97cd41cf86?s=96&d=mm&r=g","caption":"ritanery"}}]}},"amp_enabled":true,"_links":{"self":[{"href":"https:\/\/radiolifefm.com.br\/noticias\/wp-json\/wp\/v2\/posts\/124275","targetHints":{"allow":["GET"]}}],"collection":[{"href":"https:\/\/radiolifefm.com.br\/noticias\/wp-json\/wp\/v2\/posts"}],"about":[{"href":"https:\/\/radiolifefm.com.br\/noticias\/wp-json\/wp\/v2\/types\/post"}],"author":[{"embeddable":true,"href":"https:\/\/radiolifefm.com.br\/noticias\/wp-json\/wp\/v2\/users\/13"}],"replies":[{"embeddable":true,"href":"https:\/\/radiolifefm.com.br\/noticias\/wp-json\/wp\/v2\/comments?post=124275"}],"version-history":[{"count":1,"href":"https:\/\/radiolifefm.com.br\/noticias\/wp-json\/wp\/v2\/posts\/124275\/revisions"}],"predecessor-version":[{"id":124277,"href":"https:\/\/radiolifefm.com.br\/noticias\/wp-json\/wp\/v2\/posts\/124275\/revisions\/124277"}],"wp:featuredmedia":[{"embeddable":true,"href":"https:\/\/radiolifefm.com.br\/noticias\/wp-json\/wp\/v2\/media\/124276"}],"wp:attachment":[{"href":"https:\/\/radiolifefm.com.br\/noticias\/wp-json\/wp\/v2\/media?parent=124275"}],"wp:term":[{"taxonomy":"category","embeddable":true,"href":"https:\/\/radiolifefm.com.br\/noticias\/wp-json\/wp\/v2\/categories?post=124275"},{"taxonomy":"post_tag","embeddable":true,"href":"https:\/\/radiolifefm.com.br\/noticias\/wp-json\/wp\/v2\/tags?post=124275"}],"curies":[{"name":"wp","href":"https:\/\/api.w.org\/{rel}","templated":true}]}}