{"id":124260,"date":"2026-09-03T09:32:45","date_gmt":"2026-09-03T12:32:45","guid":{"rendered":"https:\/\/radiolifefm.com.br\/noticias\/?p=124260"},"modified":"2026-09-03T09:32:45","modified_gmt":"2026-09-03T12:32:45","slug":"34a-expoverde-comeca-nesta-quinta-feira-em-adamantina-com-programacao-gratuita-e-expectativa-de-70-mil-visitantes","status":"publish","type":"post","link":"https:\/\/radiolifefm.com.br\/noticias\/34a-expoverde-comeca-nesta-quinta-feira-em-adamantina-com-programacao-gratuita-e-expectativa-de-70-mil-visitantes\/","title":{"rendered":"34\u00aa EXPOVERDE COME\u00c7A NESTA QUINTA-FEIRA EM ADAMANTINA COM PROGRAMA\u00c7\u00c3O GRATUITA E EXPECTATIVA DE 70 MIL VISITANTES"},"content":{"rendered":"<div id=\"fb-root\"><\/div>\n<div>Come\u00e7a nesta quinta-feira, 3 de setembro, a 34\u00aa ExpoVerde de Adamantina, um dos principais eventos do calend\u00e1rio regional. Com entrada gratuita, a feira deve receber aproximadamente 70 mil visitantes ao longo dos cinco dias de realiza\u00e7\u00e3o.<\/p>\n<p>Com capacidade para receber aproximadamente 15 mil pessoas simultaneamente, o recinto ser\u00e1 palco de uma programa\u00e7\u00e3o diversificada, que re\u00fane exposi\u00e7\u00e3o, entretenimento, cultura, rodeio, prova dos Tr\u00eas Tambores, parque de divers\u00f5es, pra\u00e7a de alimenta\u00e7\u00e3o e shows musicais.<\/p>\n<p>A abertura oficial acontece \u00e0s 9h de quinta-feira (3). Os port\u00f5es permanecer\u00e3o abertos at\u00e9 as 17h, com fechamento tempor\u00e1rio e reabertura \u00e0s 18h30. Durante o per\u00edodo diurno, o p\u00fablico poder\u00e1 visitar a exposi\u00e7\u00e3o. \u00c0 noite, a programa\u00e7\u00e3o contar\u00e1 com rodeio, prova dos Tr\u00eas Tambores e apresenta\u00e7\u00f5es musicais, al\u00e9m da continuidade das demais atra\u00e7\u00f5es.<\/p>\n<p>Entre os destaques da programa\u00e7\u00e3o musical est\u00e3o Guilherme &amp; Santiago, no dia 3; Dilsinho, no dia 4; Z\u00e9 Henrique &amp; Gabriel, no dia 5; e Matogrosso &amp; Mathias, no dia 6. No dia 7, ser\u00e1 realizado o tradicional Almo\u00e7o com as Entidades.<\/p>\n<p><strong><em>Impacto para toda a regi\u00e3o<br \/>\n<\/em><\/strong><\/p>\n<p>Mais do que movimentar o recinto, a ExpoVerde gera reflexos positivos em diversos setores da economia de Adamantina e regi\u00e3o. O aumento do fluxo de visitantes beneficia diretamente com\u00e9rcio, hot\u00e9is, restaurantes, bares, postos de combust\u00edveis, transporte, servi\u00e7os, ambulantes e outros estabelecimentos.<\/p>\n<p>Dessa forma, o evento representa um importante impulso para a economia local e regional durante os dias de sua realiza\u00e7\u00e3o, ampliando a circula\u00e7\u00e3o de pessoas e fortalecendo o turismo e a atividade econ\u00f4mica.<\/p>\n<p>A entrada \u00e9 gratuita, e a realiza\u00e7\u00e3o n\u00e3o possui finalidade de gera\u00e7\u00e3o de lucro para o Munic\u00edpio. O objetivo \u00e9 oferecer \u00e0 popula\u00e7\u00e3o e aos visitantes uma programa\u00e7\u00e3o de cultura e entretenimento, al\u00e9m de fomentar o turismo, fortalecer a economia e promover iniciativas de car\u00e1ter social e beneficente.<\/p>\n<p><strong><em>ExpoVerde tamb\u00e9m \u00e9 solidariedade<br \/>\n<\/em><\/strong><\/p>\n<p>A programa\u00e7\u00e3o deste ano contar\u00e1 ainda com importantes a\u00e7\u00f5es sociais.<\/p>\n<p>No dia 5 de setembro, ser\u00e1 solicitada a doa\u00e7\u00e3o de 1 quilo de alimento n\u00e3o perec\u00edvel. Os alimentos ser\u00e3o destinados a fam\u00edlias em situa\u00e7\u00e3o de vulnerabilidade social atendidas pelo Fundo Social de Solidariedade. Como incentivo \u00e0 participa\u00e7\u00e3o, quem realizar a doa\u00e7\u00e3o receber\u00e1 um ticket para concorrer a pr\u00eamios.<\/p>\n<p>No dia 6, acontece a Montaria do Bem, iniciativa que ter\u00e1 a arrecada\u00e7\u00e3o destinada \u00e0 Rede de Combate ao C\u00e2ncer de Adamantina.<\/p>\n<p>J\u00e1 no dia 7, ser\u00e1 realizado o Almo\u00e7o com as Entidades, reunindo institui\u00e7\u00f5es e participantes em uma a\u00e7\u00e3o de integra\u00e7\u00e3o e solidariedade.<\/p>\n<p><strong><em>Estacionamento<br \/>\n<\/em><\/strong><\/p>\n<p>Para atender ao p\u00fablico, haver\u00e1 estacionamento organizado pela entidade Lar dos Velhos de Adamantina, em parceria com empresa contratada pela pr\u00f3pria institui\u00e7\u00e3o.<\/p>\n<p>Al\u00e9m do estacionamento organizado, as vias p\u00fablicas localizadas nas proximidades do recinto continuar\u00e3o sendo utilizadas pelos visitantes.<\/p>\n<p>Com uma programa\u00e7\u00e3o para toda a fam\u00edlia, grandes atra\u00e7\u00f5es musicais, atividades culturais e a\u00e7\u00f5es sociais, a 34\u00aa ExpoVerde promete movimentar Adamantina e toda a regi\u00e3o durante os cinco dias de evento.<\/p>\n<p>A entrada \u00e9 gratuita.<\/p>\n<p>Venha participar da 34\u00aa ExpoVerde de Adamantina, a maior feira da regi\u00e3o!<\/p><\/div>\n<div class=\"signature-text\">\n<div><\/div>\n<p><span class=\"gmail_signature_prefix\">&#8212;<\/span><\/p>\n<div class=\"gmail_signature\" dir=\"ltr\" data-smartmail=\"gmail_signature\">\n<div dir=\"ltr\">\n<div dir=\"ltr\">\n<div dir=\"ltr\">\n<div dir=\"ltr\">\n<div dir=\"ltr\">\n<div dir=\"ltr\">\n<div dir=\"ltr\">\n<div>\n<div><\/div>\n<div><span style=\"font-family: tahoma, sans-serif; font-size: xx-small;\"><b>PREFEITURA DO MUNIC\u00cdPIO DE ADAMANTINA<br \/>\n<\/b><\/span><\/div>\n<\/div>\n<div>\n<div><span style=\"font-family: tahoma, sans-serif; font-size: xx-small;\"><b>Diretor de Comunica\u00e7\u00e3o<\/b><\/span><\/div>\n<div><b>Caio Vasques<\/b><\/div>\n<div><b>\u00a0<\/b><\/div>\n<div><b>Jornalista\u00a0<\/b><b><\/b><\/div>\n<div><span style=\"font-family: tahoma, sans-serif; font-size: xx-small;\"><b>Natacha Dominato\u00a0\u00a0<\/b><\/span><\/div>\n<\/div>\n<\/div>\n<\/div>\n<\/div>\n<\/div>\n<\/div>\n<\/div>\n<\/div>\n<\/div>\n<\/div>\n","protected":false},"excerpt":{"rendered":"<p>Come\u00e7a nesta quinta-feira, 3 de setembro, a 34\u00aa ExpoVerde de Adamantina, um dos principais eventos do calend\u00e1rio regional. Com entrada gratuita, a feira deve receber aproximadamente 70 mil visitantes ao longo dos cinco dias de realiza\u00e7\u00e3o. Com capacidade para receber aproximadamente 15 mil pessoas simultaneamente, o recinto ser\u00e1 palco de uma programa\u00e7\u00e3o diversificada, que re\u00fane [&hellip;]<\/p>\n","protected":false},"author":13,"featured_media":124261,"comment_status":"closed","ping_status":"open","sticky":false,"template":"","format":"standard","meta":{"_acf_changed":false,"_exactmetrics_skip_tracking":false,"footnotes":""},"categories":[21],"tags":[],"class_list":["post-124260","post","type-post","status-publish","format-standard","has-post-thumbnail","hentry","category-adamantina"],"acf":[],"yoast_head":"<!-- This site is optimized with the Yoast SEO plugin v28.2 - https:\/\/yoast.com\/product\/yoast-seo-wordpress\/ -->\n<title>34\u00aa EXPOVERDE COME\u00c7A NESTA QUINTA-FEIRA EM ADAMANTINA COM PROGRAMA\u00c7\u00c3O GRATUITA E EXPECTATIVA DE 70 MIL VISITANTES - R\u00e1dio Life FM<\/title>\n<meta name=\"robots\" content=\"index, follow, max-snippet:-1, max-image-preview:large, max-video-preview:-1\" \/>\n<link rel=\"canonical\" href=\"https:\/\/radiolifefm.com.br\/noticias\/34a-expoverde-comeca-nesta-quinta-feira-em-adamantina-com-programacao-gratuita-e-expectativa-de-70-mil-visitantes\/\" \/>\n<meta property=\"og:locale\" content=\"pt_BR\" \/>\n<meta property=\"og:type\" content=\"article\" \/>\n<meta property=\"og:title\" content=\"34\u00aa EXPOVERDE COME\u00c7A NESTA QUINTA-FEIRA EM ADAMANTINA COM PROGRAMA\u00c7\u00c3O GRATUITA E EXPECTATIVA DE 70 MIL VISITANTES - R\u00e1dio Life FM\" \/>\n<meta property=\"og:description\" content=\"Come\u00e7a nesta quinta-feira, 3 de setembro, a 34\u00aa ExpoVerde de Adamantina, um dos principais eventos do calend\u00e1rio regional. Com entrada gratuita, a feira deve receber aproximadamente 70 mil visitantes ao longo dos cinco dias de realiza\u00e7\u00e3o. Com capacidade para receber aproximadamente 15 mil pessoas simultaneamente, o recinto ser\u00e1 palco de uma programa\u00e7\u00e3o diversificada, que re\u00fane [&hellip;]\" \/>\n<meta property=\"og:url\" content=\"https:\/\/radiolifefm.com.br\/noticias\/34a-expoverde-comeca-nesta-quinta-feira-em-adamantina-com-programacao-gratuita-e-expectativa-de-70-mil-visitantes\/\" \/>\n<meta property=\"og:site_name\" content=\"R\u00e1dio Life FM\" \/>\n<meta property=\"article:publisher\" content=\"https:\/\/www.facebook.com\/radiolifefm\/\" \/>\n<meta property=\"article:published_time\" content=\"2026-09-03T12:32:45+00:00\" \/>\n<meta property=\"og:image\" content=\"https:\/\/radiolifefm.com.br\/noticias\/wp-content\/uploads\/2026\/09\/WhatsApp-Image-2026-09-02-at-11.58.55.jpeg\" \/>\n\t<meta property=\"og:image:width\" content=\"1078\" \/>\n\t<meta property=\"og:image:height\" content=\"1404\" \/>\n\t<meta property=\"og:image:type\" content=\"image\/jpeg\" \/>\n<meta name=\"author\" content=\"ritanery\" \/>\n<meta name=\"twitter:card\" content=\"summary_large_image\" \/>\n<meta name=\"twitter:label1\" content=\"Escrito por\" \/>\n\t<meta name=\"twitter:data1\" content=\"ritanery\" \/>\n\t<meta name=\"twitter:label2\" content=\"Est. tempo de leitura\" \/>\n\t<meta name=\"twitter:data2\" content=\"3 minutos\" \/>\n<script type=\"application\/ld+json\" class=\"yoast-schema-graph\">{\"@context\":\"https:\\\/\\\/schema.org\",\"@graph\":[{\"@type\":\"Article\",\"@id\":\"https:\\\/\\\/radiolifefm.com.br\\\/noticias\\\/34a-expoverde-comeca-nesta-quinta-feira-em-adamantina-com-programacao-gratuita-e-expectativa-de-70-mil-visitantes\\\/#article\",\"isPartOf\":{\"@id\":\"https:\\\/\\\/radiolifefm.com.br\\\/noticias\\\/34a-expoverde-comeca-nesta-quinta-feira-em-adamantina-com-programacao-gratuita-e-expectativa-de-70-mil-visitantes\\\/\"},\"author\":{\"name\":\"ritanery\",\"@id\":\"https:\\\/\\\/radiolifefm.com.br\\\/noticias\\\/#\\\/schema\\\/person\\\/6339b9fac59d12b071dec680d7375d87\"},\"headline\":\"34\u00aa EXPOVERDE COME\u00c7A NESTA QUINTA-FEIRA EM ADAMANTINA COM PROGRAMA\u00c7\u00c3O GRATUITA E EXPECTATIVA DE 70 MIL VISITANTES\",\"datePublished\":\"2026-09-03T12:32:45+00:00\",\"mainEntityOfPage\":{\"@id\":\"https:\\\/\\\/radiolifefm.com.br\\\/noticias\\\/34a-expoverde-comeca-nesta-quinta-feira-em-adamantina-com-programacao-gratuita-e-expectativa-de-70-mil-visitantes\\\/\"},\"wordCount\":566,\"publisher\":{\"@id\":\"https:\\\/\\\/radiolifefm.com.br\\\/noticias\\\/#organization\"},\"image\":{\"@id\":\"https:\\\/\\\/radiolifefm.com.br\\\/noticias\\\/34a-expoverde-comeca-nesta-quinta-feira-em-adamantina-com-programacao-gratuita-e-expectativa-de-70-mil-visitantes\\\/#primaryimage\"},\"thumbnailUrl\":\"https:\\\/\\\/radiolifefm.com.br\\\/noticias\\\/wp-content\\\/uploads\\\/2026\\\/09\\\/WhatsApp-Image-2026-09-02-at-11.58.55.jpeg\",\"articleSection\":[\"Adamantina\"],\"inLanguage\":\"pt-BR\"},{\"@type\":\"WebPage\",\"@id\":\"https:\\\/\\\/radiolifefm.com.br\\\/noticias\\\/34a-expoverde-comeca-nesta-quinta-feira-em-adamantina-com-programacao-gratuita-e-expectativa-de-70-mil-visitantes\\\/\",\"url\":\"https:\\\/\\\/radiolifefm.com.br\\\/noticias\\\/34a-expoverde-comeca-nesta-quinta-feira-em-adamantina-com-programacao-gratuita-e-expectativa-de-70-mil-visitantes\\\/\",\"name\":\"34\u00aa EXPOVERDE COME\u00c7A NESTA QUINTA-FEIRA EM ADAMANTINA COM PROGRAMA\u00c7\u00c3O GRATUITA E EXPECTATIVA DE 70 MIL VISITANTES - R\u00e1dio Life FM\",\"isPartOf\":{\"@id\":\"https:\\\/\\\/radiolifefm.com.br\\\/noticias\\\/#website\"},\"primaryImageOfPage\":{\"@id\":\"https:\\\/\\\/radiolifefm.com.br\\\/noticias\\\/34a-expoverde-comeca-nesta-quinta-feira-em-adamantina-com-programacao-gratuita-e-expectativa-de-70-mil-visitantes\\\/#primaryimage\"},\"image\":{\"@id\":\"https:\\\/\\\/radiolifefm.com.br\\\/noticias\\\/34a-expoverde-comeca-nesta-quinta-feira-em-adamantina-com-programacao-gratuita-e-expectativa-de-70-mil-visitantes\\\/#primaryimage\"},\"thumbnailUrl\":\"https:\\\/\\\/radiolifefm.com.br\\\/noticias\\\/wp-content\\\/uploads\\\/2026\\\/09\\\/WhatsApp-Image-2026-09-02-at-11.58.55.jpeg\",\"datePublished\":\"2026-09-03T12:32:45+00:00\",\"breadcrumb\":{\"@id\":\"https:\\\/\\\/radiolifefm.com.br\\\/noticias\\\/34a-expoverde-comeca-nesta-quinta-feira-em-adamantina-com-programacao-gratuita-e-expectativa-de-70-mil-visitantes\\\/#breadcrumb\"},\"inLanguage\":\"pt-BR\",\"potentialAction\":[{\"@type\":\"ReadAction\",\"target\":[\"https:\\\/\\\/radiolifefm.com.br\\\/noticias\\\/34a-expoverde-comeca-nesta-quinta-feira-em-adamantina-com-programacao-gratuita-e-expectativa-de-70-mil-visitantes\\\/\"]}]},{\"@type\":\"ImageObject\",\"inLanguage\":\"pt-BR\",\"@id\":\"https:\\\/\\\/radiolifefm.com.br\\\/noticias\\\/34a-expoverde-comeca-nesta-quinta-feira-em-adamantina-com-programacao-gratuita-e-expectativa-de-70-mil-visitantes\\\/#primaryimage\",\"url\":\"https:\\\/\\\/radiolifefm.com.br\\\/noticias\\\/wp-content\\\/uploads\\\/2026\\\/09\\\/WhatsApp-Image-2026-09-02-at-11.58.55.jpeg\",\"contentUrl\":\"https:\\\/\\\/radiolifefm.com.br\\\/noticias\\\/wp-content\\\/uploads\\\/2026\\\/09\\\/WhatsApp-Image-2026-09-02-at-11.58.55.jpeg\",\"width\":1078,\"height\":1404},{\"@type\":\"BreadcrumbList\",\"@id\":\"https:\\\/\\\/radiolifefm.com.br\\\/noticias\\\/34a-expoverde-comeca-nesta-quinta-feira-em-adamantina-com-programacao-gratuita-e-expectativa-de-70-mil-visitantes\\\/#breadcrumb\",\"itemListElement\":[{\"@type\":\"ListItem\",\"position\":1,\"name\":\"In\u00edcio\",\"item\":\"https:\\\/\\\/radiolifefm.com.br\\\/noticias\\\/\"},{\"@type\":\"ListItem\",\"position\":2,\"name\":\"34\u00aa EXPOVERDE COME\u00c7A NESTA QUINTA-FEIRA EM ADAMANTINA COM PROGRAMA\u00c7\u00c3O GRATUITA E EXPECTATIVA DE 70 MIL VISITANTES\"}]},{\"@type\":\"WebSite\",\"@id\":\"https:\\\/\\\/radiolifefm.com.br\\\/noticias\\\/#website\",\"url\":\"https:\\\/\\\/radiolifefm.com.br\\\/noticias\\\/\",\"name\":\"R\u00e1dio Life FM\",\"description\":\"O Portal de Not\u00edcias de Adamantina\",\"publisher\":{\"@id\":\"https:\\\/\\\/radiolifefm.com.br\\\/noticias\\\/#organization\"},\"alternateName\":\"Life FM\",\"potentialAction\":[{\"@type\":\"SearchAction\",\"target\":{\"@type\":\"EntryPoint\",\"urlTemplate\":\"https:\\\/\\\/radiolifefm.com.br\\\/noticias\\\/?s={search_term_string}\"},\"query-input\":{\"@type\":\"PropertyValueSpecification\",\"valueRequired\":true,\"valueName\":\"search_term_string\"}}],\"inLanguage\":\"pt-BR\"},{\"@type\":\"Organization\",\"@id\":\"https:\\\/\\\/radiolifefm.com.br\\\/noticias\\\/#organization\",\"name\":\"R\u00e1dio Life FM\",\"alternateName\":\"Life FM\",\"url\":\"https:\\\/\\\/radiolifefm.com.br\\\/noticias\\\/\",\"logo\":{\"@type\":\"ImageObject\",\"inLanguage\":\"pt-BR\",\"@id\":\"https:\\\/\\\/radiolifefm.com.br\\\/noticias\\\/#\\\/schema\\\/logo\\\/image\\\/\",\"url\":\"https:\\\/\\\/static.radiolifefm.com.br\\\/noticias\\\/wp-content\\\/uploads\\\/2019\\\/10\\\/logo-lifefm.png\",\"contentUrl\":\"https:\\\/\\\/static.radiolifefm.com.br\\\/noticias\\\/wp-content\\\/uploads\\\/2019\\\/10\\\/logo-lifefm.png\",\"width\":196,\"height\":47,\"caption\":\"R\u00e1dio Life FM\"},\"image\":{\"@id\":\"https:\\\/\\\/radiolifefm.com.br\\\/noticias\\\/#\\\/schema\\\/logo\\\/image\\\/\"},\"sameAs\":[\"https:\\\/\\\/www.facebook.com\\\/radiolifefm\\\/\",\"https:\\\/\\\/www.instagram.com\\\/life1079fm\\\/\"]},{\"@type\":\"Person\",\"@id\":\"https:\\\/\\\/radiolifefm.com.br\\\/noticias\\\/#\\\/schema\\\/person\\\/6339b9fac59d12b071dec680d7375d87\",\"name\":\"ritanery\",\"image\":{\"@type\":\"ImageObject\",\"inLanguage\":\"pt-BR\",\"@id\":\"https:\\\/\\\/secure.gravatar.com\\\/avatar\\\/0e37bb19071f47c0b8a23f62a903df117c5a0e75f65a0c2901562f97cd41cf86?s=96&d=mm&r=g\",\"url\":\"https:\\\/\\\/secure.gravatar.com\\\/avatar\\\/0e37bb19071f47c0b8a23f62a903df117c5a0e75f65a0c2901562f97cd41cf86?s=96&d=mm&r=g\",\"contentUrl\":\"https:\\\/\\\/secure.gravatar.com\\\/avatar\\\/0e37bb19071f47c0b8a23f62a903df117c5a0e75f65a0c2901562f97cd41cf86?s=96&d=mm&r=g\",\"caption\":\"ritanery\"}}]}<\/script>\n<!-- \/ Yoast SEO plugin. -->","yoast_head_json":{"title":"34\u00aa EXPOVERDE COME\u00c7A NESTA QUINTA-FEIRA EM ADAMANTINA COM PROGRAMA\u00c7\u00c3O GRATUITA E EXPECTATIVA DE 70 MIL VISITANTES - R\u00e1dio Life FM","robots":{"index":"index","follow":"follow","max-snippet":"max-snippet:-1","max-image-preview":"max-image-preview:large","max-video-preview":"max-video-preview:-1"},"canonical":"https:\/\/radiolifefm.com.br\/noticias\/34a-expoverde-comeca-nesta-quinta-feira-em-adamantina-com-programacao-gratuita-e-expectativa-de-70-mil-visitantes\/","og_locale":"pt_BR","og_type":"article","og_title":"34\u00aa EXPOVERDE COME\u00c7A NESTA QUINTA-FEIRA EM ADAMANTINA COM PROGRAMA\u00c7\u00c3O GRATUITA E EXPECTATIVA DE 70 MIL VISITANTES - R\u00e1dio Life FM","og_description":"Come\u00e7a nesta quinta-feira, 3 de setembro, a 34\u00aa ExpoVerde de Adamantina, um dos principais eventos do calend\u00e1rio regional. Com entrada gratuita, a feira deve receber aproximadamente 70 mil visitantes ao longo dos cinco dias de realiza\u00e7\u00e3o. Com capacidade para receber aproximadamente 15 mil pessoas simultaneamente, o recinto ser\u00e1 palco de uma programa\u00e7\u00e3o diversificada, que re\u00fane [&hellip;]","og_url":"https:\/\/radiolifefm.com.br\/noticias\/34a-expoverde-comeca-nesta-quinta-feira-em-adamantina-com-programacao-gratuita-e-expectativa-de-70-mil-visitantes\/","og_site_name":"R\u00e1dio Life FM","article_publisher":"https:\/\/www.facebook.com\/radiolifefm\/","article_published_time":"2026-09-03T12:32:45+00:00","og_image":[{"width":1078,"height":1404,"url":"https:\/\/radiolifefm.com.br\/noticias\/wp-content\/uploads\/2026\/09\/WhatsApp-Image-2026-09-02-at-11.58.55.jpeg","type":"image\/jpeg"}],"author":"ritanery","twitter_card":"summary_large_image","twitter_misc":{"Escrito por":"ritanery","Est. tempo de leitura":"3 minutos"},"schema":{"@context":"https:\/\/schema.org","@graph":[{"@type":"Article","@id":"https:\/\/radiolifefm.com.br\/noticias\/34a-expoverde-comeca-nesta-quinta-feira-em-adamantina-com-programacao-gratuita-e-expectativa-de-70-mil-visitantes\/#article","isPartOf":{"@id":"https:\/\/radiolifefm.com.br\/noticias\/34a-expoverde-comeca-nesta-quinta-feira-em-adamantina-com-programacao-gratuita-e-expectativa-de-70-mil-visitantes\/"},"author":{"name":"ritanery","@id":"https:\/\/radiolifefm.com.br\/noticias\/#\/schema\/person\/6339b9fac59d12b071dec680d7375d87"},"headline":"34\u00aa EXPOVERDE COME\u00c7A NESTA QUINTA-FEIRA EM ADAMANTINA COM PROGRAMA\u00c7\u00c3O GRATUITA E EXPECTATIVA DE 70 MIL VISITANTES","datePublished":"2026-09-03T12:32:45+00:00","mainEntityOfPage":{"@id":"https:\/\/radiolifefm.com.br\/noticias\/34a-expoverde-comeca-nesta-quinta-feira-em-adamantina-com-programacao-gratuita-e-expectativa-de-70-mil-visitantes\/"},"wordCount":566,"publisher":{"@id":"https:\/\/radiolifefm.com.br\/noticias\/#organization"},"image":{"@id":"https:\/\/radiolifefm.com.br\/noticias\/34a-expoverde-comeca-nesta-quinta-feira-em-adamantina-com-programacao-gratuita-e-expectativa-de-70-mil-visitantes\/#primaryimage"},"thumbnailUrl":"https:\/\/radiolifefm.com.br\/noticias\/wp-content\/uploads\/2026\/09\/WhatsApp-Image-2026-09-02-at-11.58.55.jpeg","articleSection":["Adamantina"],"inLanguage":"pt-BR"},{"@type":"WebPage","@id":"https:\/\/radiolifefm.com.br\/noticias\/34a-expoverde-comeca-nesta-quinta-feira-em-adamantina-com-programacao-gratuita-e-expectativa-de-70-mil-visitantes\/","url":"https:\/\/radiolifefm.com.br\/noticias\/34a-expoverde-comeca-nesta-quinta-feira-em-adamantina-com-programacao-gratuita-e-expectativa-de-70-mil-visitantes\/","name":"34\u00aa EXPOVERDE COME\u00c7A NESTA QUINTA-FEIRA EM ADAMANTINA COM PROGRAMA\u00c7\u00c3O GRATUITA E EXPECTATIVA DE 70 MIL VISITANTES - R\u00e1dio Life FM","isPartOf":{"@id":"https:\/\/radiolifefm.com.br\/noticias\/#website"},"primaryImageOfPage":{"@id":"https:\/\/radiolifefm.com.br\/noticias\/34a-expoverde-comeca-nesta-quinta-feira-em-adamantina-com-programacao-gratuita-e-expectativa-de-70-mil-visitantes\/#primaryimage"},"image":{"@id":"https:\/\/radiolifefm.com.br\/noticias\/34a-expoverde-comeca-nesta-quinta-feira-em-adamantina-com-programacao-gratuita-e-expectativa-de-70-mil-visitantes\/#primaryimage"},"thumbnailUrl":"https:\/\/radiolifefm.com.br\/noticias\/wp-content\/uploads\/2026\/09\/WhatsApp-Image-2026-09-02-at-11.58.55.jpeg","datePublished":"2026-09-03T12:32:45+00:00","breadcrumb":{"@id":"https:\/\/radiolifefm.com.br\/noticias\/34a-expoverde-comeca-nesta-quinta-feira-em-adamantina-com-programacao-gratuita-e-expectativa-de-70-mil-visitantes\/#breadcrumb"},"inLanguage":"pt-BR","potentialAction":[{"@type":"ReadAction","target":["https:\/\/radiolifefm.com.br\/noticias\/34a-expoverde-comeca-nesta-quinta-feira-em-adamantina-com-programacao-gratuita-e-expectativa-de-70-mil-visitantes\/"]}]},{"@type":"ImageObject","inLanguage":"pt-BR","@id":"https:\/\/radiolifefm.com.br\/noticias\/34a-expoverde-comeca-nesta-quinta-feira-em-adamantina-com-programacao-gratuita-e-expectativa-de-70-mil-visitantes\/#primaryimage","url":"https:\/\/radiolifefm.com.br\/noticias\/wp-content\/uploads\/2026\/09\/WhatsApp-Image-2026-09-02-at-11.58.55.jpeg","contentUrl":"https:\/\/radiolifefm.com.br\/noticias\/wp-content\/uploads\/2026\/09\/WhatsApp-Image-2026-09-02-at-11.58.55.jpeg","width":1078,"height":1404},{"@type":"BreadcrumbList","@id":"https:\/\/radiolifefm.com.br\/noticias\/34a-expoverde-comeca-nesta-quinta-feira-em-adamantina-com-programacao-gratuita-e-expectativa-de-70-mil-visitantes\/#breadcrumb","itemListElement":[{"@type":"ListItem","position":1,"name":"In\u00edcio","item":"https:\/\/radiolifefm.com.br\/noticias\/"},{"@type":"ListItem","position":2,"name":"34\u00aa EXPOVERDE COME\u00c7A NESTA QUINTA-FEIRA EM ADAMANTINA COM PROGRAMA\u00c7\u00c3O GRATUITA E EXPECTATIVA DE 70 MIL VISITANTES"}]},{"@type":"WebSite","@id":"https:\/\/radiolifefm.com.br\/noticias\/#website","url":"https:\/\/radiolifefm.com.br\/noticias\/","name":"R\u00e1dio Life FM","description":"O Portal de Not\u00edcias de Adamantina","publisher":{"@id":"https:\/\/radiolifefm.com.br\/noticias\/#organization"},"alternateName":"Life FM","potentialAction":[{"@type":"SearchAction","target":{"@type":"EntryPoint","urlTemplate":"https:\/\/radiolifefm.com.br\/noticias\/?s={search_term_string}"},"query-input":{"@type":"PropertyValueSpecification","valueRequired":true,"valueName":"search_term_string"}}],"inLanguage":"pt-BR"},{"@type":"Organization","@id":"https:\/\/radiolifefm.com.br\/noticias\/#organization","name":"R\u00e1dio Life FM","alternateName":"Life FM","url":"https:\/\/radiolifefm.com.br\/noticias\/","logo":{"@type":"ImageObject","inLanguage":"pt-BR","@id":"https:\/\/radiolifefm.com.br\/noticias\/#\/schema\/logo\/image\/","url":"https:\/\/static.radiolifefm.com.br\/noticias\/wp-content\/uploads\/2019\/10\/logo-lifefm.png","contentUrl":"https:\/\/static.radiolifefm.com.br\/noticias\/wp-content\/uploads\/2019\/10\/logo-lifefm.png","width":196,"height":47,"caption":"R\u00e1dio Life FM"},"image":{"@id":"https:\/\/radiolifefm.com.br\/noticias\/#\/schema\/logo\/image\/"},"sameAs":["https:\/\/www.facebook.com\/radiolifefm\/","https:\/\/www.instagram.com\/life1079fm\/"]},{"@type":"Person","@id":"https:\/\/radiolifefm.com.br\/noticias\/#\/schema\/person\/6339b9fac59d12b071dec680d7375d87","name":"ritanery","image":{"@type":"ImageObject","inLanguage":"pt-BR","@id":"https:\/\/secure.gravatar.com\/avatar\/0e37bb19071f47c0b8a23f62a903df117c5a0e75f65a0c2901562f97cd41cf86?s=96&d=mm&r=g","url":"https:\/\/secure.gravatar.com\/avatar\/0e37bb19071f47c0b8a23f62a903df117c5a0e75f65a0c2901562f97cd41cf86?s=96&d=mm&r=g","contentUrl":"https:\/\/secure.gravatar.com\/avatar\/0e37bb19071f47c0b8a23f62a903df117c5a0e75f65a0c2901562f97cd41cf86?s=96&d=mm&r=g","caption":"ritanery"}}]}},"amp_enabled":true,"_links":{"self":[{"href":"https:\/\/radiolifefm.com.br\/noticias\/wp-json\/wp\/v2\/posts\/124260","targetHints":{"allow":["GET"]}}],"collection":[{"href":"https:\/\/radiolifefm.com.br\/noticias\/wp-json\/wp\/v2\/posts"}],"about":[{"href":"https:\/\/radiolifefm.com.br\/noticias\/wp-json\/wp\/v2\/types\/post"}],"author":[{"embeddable":true,"href":"https:\/\/radiolifefm.com.br\/noticias\/wp-json\/wp\/v2\/users\/13"}],"replies":[{"embeddable":true,"href":"https:\/\/radiolifefm.com.br\/noticias\/wp-json\/wp\/v2\/comments?post=124260"}],"version-history":[{"count":1,"href":"https:\/\/radiolifefm.com.br\/noticias\/wp-json\/wp\/v2\/posts\/124260\/revisions"}],"predecessor-version":[{"id":124262,"href":"https:\/\/radiolifefm.com.br\/noticias\/wp-json\/wp\/v2\/posts\/124260\/revisions\/124262"}],"wp:featuredmedia":[{"embeddable":true,"href":"https:\/\/radiolifefm.com.br\/noticias\/wp-json\/wp\/v2\/media\/124261"}],"wp:attachment":[{"href":"https:\/\/radiolifefm.com.br\/noticias\/wp-json\/wp\/v2\/media?parent=124260"}],"wp:term":[{"taxonomy":"category","embeddable":true,"href":"https:\/\/radiolifefm.com.br\/noticias\/wp-json\/wp\/v2\/categories?post=124260"},{"taxonomy":"post_tag","embeddable":true,"href":"https:\/\/radiolifefm.com.br\/noticias\/wp-json\/wp\/v2\/tags?post=124260"}],"curies":[{"name":"wp","href":"https:\/\/api.w.org\/{rel}","templated":true}]}}