{"id":124199,"date":"2026-08-31T23:29:09","date_gmt":"2026-09-01T02:29:09","guid":{"rendered":"https:\/\/radiolifefm.com.br\/noticias\/?p=124199"},"modified":"2026-08-31T23:29:09","modified_gmt":"2026-09-01T02:29:09","slug":"adamantina-esta-ha-13-dias-sem-novos-casos-de-dengue-e-reforca-importancia-da-prevencao","status":"publish","type":"post","link":"https:\/\/radiolifefm.com.br\/noticias\/adamantina-esta-ha-13-dias-sem-novos-casos-de-dengue-e-reforca-importancia-da-prevencao\/","title":{"rendered":"Adamantina est\u00e1 h\u00e1 13 dias sem novos casos de dengue e refor\u00e7a import\u00e2ncia da preven\u00e7\u00e3o"},"content":{"rendered":"<div id=\"fb-root\"><\/div>\n<div>Adamantina est\u00e1 h\u00e1 13 dias sem novos casos confirmados de dengue, resultado que demonstra os avan\u00e7os das a\u00e7\u00f5es de preven\u00e7\u00e3o e controle realizadas no munic\u00edpio. Apesar do cen\u00e1rio positivo, a Prefeitura de Adamantina, por meio da Secretaria Municipal de Sa\u00fade, refor\u00e7a que a popula\u00e7\u00e3o deve manter os cuidados para evitar a prolifera\u00e7\u00e3o do mosquito Aedes aegypti.<\/p>\n<p>O \u00faltimo caso confirmado foi registrado em 18 de agosto. At\u00e9 o momento, o munic\u00edpio contabiliza 428 notifica\u00e7\u00f5es e 21 casos confirmados, com taxa de positividade de 4,91%.<\/p>\n<p>A Vigil\u00e2ncia Epidemiol\u00f3gica segue acompanhando a situa\u00e7\u00e3o e alerta que, mesmo com as temperaturas mais baixas, recipientes que acumulam \u00e1gua podem se tornar criadouros do mosquito transmissor da dengue.<\/p>\n<p><strong><em>Preven\u00e7\u00e3o come\u00e7a dentro de casa<\/em><\/strong><\/p>\n<p>A elimina\u00e7\u00e3o dos criadouros depende da participa\u00e7\u00e3o de toda a popula\u00e7\u00e3o. Entre os principais cuidados est\u00e3o:<\/p>\n<p>Vasos de plantas: retirar os pratos ou preench\u00ea-los com areia;<br \/>\nCalhas: mant\u00ea-las limpas e desobstru\u00eddas;<br \/>\nBebedouros de animais: realizar a higieniza\u00e7\u00e3o diariamente;<br \/>\nLixo e entulho: evitar o ac\u00famulo de materiais que possam armazenar \u00e1gua;<br \/>\nCaixas-d\u2019\u00e1gua: mant\u00ea-las devidamente fechadas;<br \/>\nRalos: proteg\u00ea-los e verificar outros locais que possam acumular \u00e1gua.<\/p>\n<p><strong><em>Situa\u00e7\u00e3o nas unidades de sa\u00fade<\/em><\/strong><\/p>\n<p>Entre as \u00e1reas de abrang\u00eancia das unidades de sa\u00fade, a UBS M\u00e1rio Covas concentra o maior n\u00famero de confirma\u00e7\u00f5es, com 8 casos entre 110 notifica\u00e7\u00f5es.<\/p>\n<p>As regi\u00f5es do Jardim Brasil, Jardim Adamantina, Cecap e CICMA registram dois casos confirmados cada.<\/p>\n<p>A UBS Nove de Julho contabiliza quatro confirma\u00e7\u00f5es, enquanto a \u00e1rea atendida pela UBS Dorigo registra um caso positivo.<\/p>\n<p>Na regi\u00e3o da Vila Jardim, foram registradas 52 notifica\u00e7\u00f5es, sem confirma\u00e7\u00e3o de dengue at\u00e9 o momento.<\/p>\n<p><strong><em>Fique atento aos sintomas<\/em><\/strong><\/p>\n<p>Os principais sintomas da dengue incluem:<\/p>\n<p><img decoding=\"async\" class=\"an1\" draggable=\"false\" src=\"https:\/\/fonts.gstatic.com\/s\/e\/notoemoji\/17.0\/1f321_fe0f\/32.png\" alt=\"\ud83c\udf21\ufe0f\" data-emoji=\"\ud83c\udf21\ufe0f\" aria-label=\"\ud83c\udf21\ufe0f\" \/> Febre alta de in\u00edcio repentino;<br \/>\n<img decoding=\"async\" class=\"an1\" draggable=\"false\" src=\"https:\/\/fonts.gstatic.com\/s\/e\/notoemoji\/17.0\/1f915\/32.png\" alt=\"\ud83e\udd15\" data-emoji=\"\ud83e\udd15\" aria-label=\"\ud83e\udd15\" \/> Dores no corpo e nas articula\u00e7\u00f5es;<br \/>\n<img decoding=\"async\" class=\"an1\" draggable=\"false\" src=\"https:\/\/fonts.gstatic.com\/s\/e\/notoemoji\/17.0\/1f441_fe0f\/32.png\" alt=\"\ud83d\udc41\ufe0f\" data-emoji=\"\ud83d\udc41\ufe0f\" aria-label=\"\ud83d\udc41\ufe0f\" \/> Dor atr\u00e1s dos olhos;<br \/>\n<img decoding=\"async\" class=\"an1\" draggable=\"false\" src=\"https:\/\/fonts.gstatic.com\/s\/e\/notoemoji\/17.0\/1f534\/32.png\" alt=\"\ud83d\udd34\" data-emoji=\"\ud83d\udd34\" aria-label=\"\ud83d\udd34\" \/> Manchas vermelhas na pele;<br \/>\n<img decoding=\"async\" class=\"an1\" draggable=\"false\" src=\"https:\/\/fonts.gstatic.com\/s\/e\/notoemoji\/17.0\/1f634\/32.png\" alt=\"\ud83d\ude34\" data-emoji=\"\ud83d\ude34\" aria-label=\"\ud83d\ude34\" \/> Mal-estar;<br \/>\n<img decoding=\"async\" class=\"an1\" draggable=\"false\" src=\"https:\/\/fonts.gstatic.com\/s\/e\/notoemoji\/17.0\/1f37d_fe0f\/32.png\" alt=\"\ud83c\udf7d\ufe0f\" data-emoji=\"\ud83c\udf7d\ufe0f\" aria-label=\"\ud83c\udf7d\ufe0f\" \/> Perda de apetite.<\/p>\n<p>Pessoas que apresentarem sintomas compat\u00edveis com a doen\u00e7a devem procurar a Unidade B\u00e1sica de Sa\u00fade mais pr\u00f3xima e evitar a automedica\u00e7\u00e3o.<\/p>\n<p>A Prefeitura de Adamantina, por meio da Secretaria Municipal de Sa\u00fade, destaca que a manuten\u00e7\u00e3o das medidas preventivas \u00e9 fundamental para que o munic\u00edpio continue avan\u00e7ando no controle da dengue.<\/p>\n<p>A elimina\u00e7\u00e3o de poss\u00edveis criadouros \u00e9 uma atitude simples, mas essencial para proteger a sa\u00fade de toda a popula\u00e7\u00e3o.<\/p>\n<p>Combater a dengue \u00e9 responsabilidade de todos. Fa\u00e7a a sua parte!<\/p><\/div>\n<p><span style=\"color: #888888;\"><span class=\"gmail_signature_prefix\">&#8212; <\/span><br \/>\n<\/span><\/p>\n<div class=\"gmail_signature\" dir=\"ltr\" data-smartmail=\"gmail_signature\">\n<div dir=\"ltr\">\n<div dir=\"ltr\">\n<div dir=\"ltr\">\n<div dir=\"ltr\">\n<div dir=\"ltr\">\n<div dir=\"ltr\">\n<div dir=\"ltr\">\n<div>\n<div><\/div>\n<div><span style=\"font-family: tahoma, sans-serif; font-size: xx-small;\">PREFEITURA DO MUNIC\u00cdPIO DE ADAMANTINA<br \/>\n<\/span><\/div>\n<\/div>\n<div>\n<div><span style=\"font-family: tahoma, sans-serif; font-size: xx-small;\">Diretor de Comunica\u00e7\u00e3o<\/span><\/div>\n<div>Caio Vasques<\/div>\n<div><\/div>\n<div>Jornalista<\/div>\n<div><span style=\"font-family: tahoma, sans-serif; font-size: xx-small;\">Natacha Dominato\u00a0\u00a0<\/span><\/div>\n<\/div>\n<\/div>\n<\/div>\n<\/div>\n<\/div>\n<\/div>\n<\/div>\n<\/div>\n<\/div>\n","protected":false},"excerpt":{"rendered":"<p>Adamantina est\u00e1 h\u00e1 13 dias sem novos casos confirmados de dengue, resultado que demonstra os avan\u00e7os das a\u00e7\u00f5es de preven\u00e7\u00e3o e controle realizadas no munic\u00edpio. Apesar do cen\u00e1rio positivo, a Prefeitura de Adamantina, por meio da Secretaria Municipal de Sa\u00fade, refor\u00e7a que a popula\u00e7\u00e3o deve manter os cuidados para evitar a prolifera\u00e7\u00e3o do mosquito Aedes [&hellip;]<\/p>\n","protected":false},"author":13,"featured_media":124200,"comment_status":"closed","ping_status":"open","sticky":false,"template":"","format":"standard","meta":{"_acf_changed":false,"_exactmetrics_skip_tracking":false,"footnotes":""},"categories":[21],"tags":[],"class_list":["post-124199","post","type-post","status-publish","format-standard","has-post-thumbnail","hentry","category-adamantina"],"acf":[],"yoast_head":"<!-- This site is optimized with the Yoast SEO plugin v28.2 - https:\/\/yoast.com\/product\/yoast-seo-wordpress\/ -->\n<title>Adamantina est\u00e1 h\u00e1 13 dias sem novos casos de dengue e refor\u00e7a import\u00e2ncia da preven\u00e7\u00e3o - R\u00e1dio Life FM<\/title>\n<meta name=\"robots\" content=\"index, follow, max-snippet:-1, max-image-preview:large, max-video-preview:-1\" \/>\n<link rel=\"canonical\" href=\"https:\/\/radiolifefm.com.br\/noticias\/adamantina-esta-ha-13-dias-sem-novos-casos-de-dengue-e-reforca-importancia-da-prevencao\/\" \/>\n<meta property=\"og:locale\" content=\"pt_BR\" \/>\n<meta property=\"og:type\" content=\"article\" \/>\n<meta property=\"og:title\" content=\"Adamantina est\u00e1 h\u00e1 13 dias sem novos casos de dengue e refor\u00e7a import\u00e2ncia da preven\u00e7\u00e3o - R\u00e1dio Life FM\" \/>\n<meta property=\"og:description\" content=\"Adamantina est\u00e1 h\u00e1 13 dias sem novos casos confirmados de dengue, resultado que demonstra os avan\u00e7os das a\u00e7\u00f5es de preven\u00e7\u00e3o e controle realizadas no munic\u00edpio. Apesar do cen\u00e1rio positivo, a Prefeitura de Adamantina, por meio da Secretaria Municipal de Sa\u00fade, refor\u00e7a que a popula\u00e7\u00e3o deve manter os cuidados para evitar a prolifera\u00e7\u00e3o do mosquito Aedes [&hellip;]\" \/>\n<meta property=\"og:url\" content=\"https:\/\/radiolifefm.com.br\/noticias\/adamantina-esta-ha-13-dias-sem-novos-casos-de-dengue-e-reforca-importancia-da-prevencao\/\" \/>\n<meta property=\"og:site_name\" content=\"R\u00e1dio Life FM\" \/>\n<meta property=\"article:publisher\" content=\"https:\/\/www.facebook.com\/radiolifefm\/\" \/>\n<meta property=\"article:published_time\" content=\"2026-09-01T02:29:09+00:00\" \/>\n<meta property=\"og:image\" content=\"https:\/\/radiolifefm.com.br\/noticias\/wp-content\/uploads\/2026\/08\/boletim-dengue-31-agosto.jpg\" \/>\n\t<meta property=\"og:image:width\" content=\"968\" \/>\n\t<meta property=\"og:image:height\" content=\"611\" \/>\n\t<meta property=\"og:image:type\" content=\"image\/jpeg\" \/>\n<meta name=\"author\" content=\"ritanery\" \/>\n<meta name=\"twitter:card\" content=\"summary_large_image\" \/>\n<meta name=\"twitter:label1\" content=\"Escrito por\" \/>\n\t<meta name=\"twitter:data1\" content=\"ritanery\" \/>\n\t<meta name=\"twitter:label2\" content=\"Est. tempo de leitura\" \/>\n\t<meta name=\"twitter:data2\" content=\"4 minutos\" \/>\n<script type=\"application\/ld+json\" class=\"yoast-schema-graph\">{\"@context\":\"https:\\\/\\\/schema.org\",\"@graph\":[{\"@type\":\"Article\",\"@id\":\"https:\\\/\\\/radiolifefm.com.br\\\/noticias\\\/adamantina-esta-ha-13-dias-sem-novos-casos-de-dengue-e-reforca-importancia-da-prevencao\\\/#article\",\"isPartOf\":{\"@id\":\"https:\\\/\\\/radiolifefm.com.br\\\/noticias\\\/adamantina-esta-ha-13-dias-sem-novos-casos-de-dengue-e-reforca-importancia-da-prevencao\\\/\"},\"author\":{\"name\":\"ritanery\",\"@id\":\"https:\\\/\\\/radiolifefm.com.br\\\/noticias\\\/#\\\/schema\\\/person\\\/6339b9fac59d12b071dec680d7375d87\"},\"headline\":\"Adamantina est\u00e1 h\u00e1 13 dias sem novos casos de dengue e refor\u00e7a import\u00e2ncia da preven\u00e7\u00e3o\",\"datePublished\":\"2026-09-01T02:29:09+00:00\",\"mainEntityOfPage\":{\"@id\":\"https:\\\/\\\/radiolifefm.com.br\\\/noticias\\\/adamantina-esta-ha-13-dias-sem-novos-casos-de-dengue-e-reforca-importancia-da-prevencao\\\/\"},\"wordCount\":457,\"publisher\":{\"@id\":\"https:\\\/\\\/radiolifefm.com.br\\\/noticias\\\/#organization\"},\"image\":{\"@id\":\"https:\\\/\\\/radiolifefm.com.br\\\/noticias\\\/adamantina-esta-ha-13-dias-sem-novos-casos-de-dengue-e-reforca-importancia-da-prevencao\\\/#primaryimage\"},\"thumbnailUrl\":\"https:\\\/\\\/radiolifefm.com.br\\\/noticias\\\/wp-content\\\/uploads\\\/2026\\\/08\\\/boletim-dengue-31-agosto.jpg\",\"articleSection\":[\"Adamantina\"],\"inLanguage\":\"pt-BR\"},{\"@type\":\"WebPage\",\"@id\":\"https:\\\/\\\/radiolifefm.com.br\\\/noticias\\\/adamantina-esta-ha-13-dias-sem-novos-casos-de-dengue-e-reforca-importancia-da-prevencao\\\/\",\"url\":\"https:\\\/\\\/radiolifefm.com.br\\\/noticias\\\/adamantina-esta-ha-13-dias-sem-novos-casos-de-dengue-e-reforca-importancia-da-prevencao\\\/\",\"name\":\"Adamantina est\u00e1 h\u00e1 13 dias sem novos casos de dengue e refor\u00e7a import\u00e2ncia da preven\u00e7\u00e3o - R\u00e1dio Life FM\",\"isPartOf\":{\"@id\":\"https:\\\/\\\/radiolifefm.com.br\\\/noticias\\\/#website\"},\"primaryImageOfPage\":{\"@id\":\"https:\\\/\\\/radiolifefm.com.br\\\/noticias\\\/adamantina-esta-ha-13-dias-sem-novos-casos-de-dengue-e-reforca-importancia-da-prevencao\\\/#primaryimage\"},\"image\":{\"@id\":\"https:\\\/\\\/radiolifefm.com.br\\\/noticias\\\/adamantina-esta-ha-13-dias-sem-novos-casos-de-dengue-e-reforca-importancia-da-prevencao\\\/#primaryimage\"},\"thumbnailUrl\":\"https:\\\/\\\/radiolifefm.com.br\\\/noticias\\\/wp-content\\\/uploads\\\/2026\\\/08\\\/boletim-dengue-31-agosto.jpg\",\"datePublished\":\"2026-09-01T02:29:09+00:00\",\"breadcrumb\":{\"@id\":\"https:\\\/\\\/radiolifefm.com.br\\\/noticias\\\/adamantina-esta-ha-13-dias-sem-novos-casos-de-dengue-e-reforca-importancia-da-prevencao\\\/#breadcrumb\"},\"inLanguage\":\"pt-BR\",\"potentialAction\":[{\"@type\":\"ReadAction\",\"target\":[\"https:\\\/\\\/radiolifefm.com.br\\\/noticias\\\/adamantina-esta-ha-13-dias-sem-novos-casos-de-dengue-e-reforca-importancia-da-prevencao\\\/\"]}]},{\"@type\":\"ImageObject\",\"inLanguage\":\"pt-BR\",\"@id\":\"https:\\\/\\\/radiolifefm.com.br\\\/noticias\\\/adamantina-esta-ha-13-dias-sem-novos-casos-de-dengue-e-reforca-importancia-da-prevencao\\\/#primaryimage\",\"url\":\"https:\\\/\\\/radiolifefm.com.br\\\/noticias\\\/wp-content\\\/uploads\\\/2026\\\/08\\\/boletim-dengue-31-agosto.jpg\",\"contentUrl\":\"https:\\\/\\\/radiolifefm.com.br\\\/noticias\\\/wp-content\\\/uploads\\\/2026\\\/08\\\/boletim-dengue-31-agosto.jpg\",\"width\":968,\"height\":611},{\"@type\":\"BreadcrumbList\",\"@id\":\"https:\\\/\\\/radiolifefm.com.br\\\/noticias\\\/adamantina-esta-ha-13-dias-sem-novos-casos-de-dengue-e-reforca-importancia-da-prevencao\\\/#breadcrumb\",\"itemListElement\":[{\"@type\":\"ListItem\",\"position\":1,\"name\":\"In\u00edcio\",\"item\":\"https:\\\/\\\/radiolifefm.com.br\\\/noticias\\\/\"},{\"@type\":\"ListItem\",\"position\":2,\"name\":\"Adamantina est\u00e1 h\u00e1 13 dias sem novos casos de dengue e refor\u00e7a import\u00e2ncia da preven\u00e7\u00e3o\"}]},{\"@type\":\"WebSite\",\"@id\":\"https:\\\/\\\/radiolifefm.com.br\\\/noticias\\\/#website\",\"url\":\"https:\\\/\\\/radiolifefm.com.br\\\/noticias\\\/\",\"name\":\"R\u00e1dio Life FM\",\"description\":\"O Portal de Not\u00edcias de Adamantina\",\"publisher\":{\"@id\":\"https:\\\/\\\/radiolifefm.com.br\\\/noticias\\\/#organization\"},\"alternateName\":\"Life FM\",\"potentialAction\":[{\"@type\":\"SearchAction\",\"target\":{\"@type\":\"EntryPoint\",\"urlTemplate\":\"https:\\\/\\\/radiolifefm.com.br\\\/noticias\\\/?s={search_term_string}\"},\"query-input\":{\"@type\":\"PropertyValueSpecification\",\"valueRequired\":true,\"valueName\":\"search_term_string\"}}],\"inLanguage\":\"pt-BR\"},{\"@type\":\"Organization\",\"@id\":\"https:\\\/\\\/radiolifefm.com.br\\\/noticias\\\/#organization\",\"name\":\"R\u00e1dio Life FM\",\"alternateName\":\"Life FM\",\"url\":\"https:\\\/\\\/radiolifefm.com.br\\\/noticias\\\/\",\"logo\":{\"@type\":\"ImageObject\",\"inLanguage\":\"pt-BR\",\"@id\":\"https:\\\/\\\/radiolifefm.com.br\\\/noticias\\\/#\\\/schema\\\/logo\\\/image\\\/\",\"url\":\"https:\\\/\\\/static.radiolifefm.com.br\\\/noticias\\\/wp-content\\\/uploads\\\/2019\\\/10\\\/logo-lifefm.png\",\"contentUrl\":\"https:\\\/\\\/static.radiolifefm.com.br\\\/noticias\\\/wp-content\\\/uploads\\\/2019\\\/10\\\/logo-lifefm.png\",\"width\":196,\"height\":47,\"caption\":\"R\u00e1dio Life FM\"},\"image\":{\"@id\":\"https:\\\/\\\/radiolifefm.com.br\\\/noticias\\\/#\\\/schema\\\/logo\\\/image\\\/\"},\"sameAs\":[\"https:\\\/\\\/www.facebook.com\\\/radiolifefm\\\/\",\"https:\\\/\\\/www.instagram.com\\\/life1079fm\\\/\"]},{\"@type\":\"Person\",\"@id\":\"https:\\\/\\\/radiolifefm.com.br\\\/noticias\\\/#\\\/schema\\\/person\\\/6339b9fac59d12b071dec680d7375d87\",\"name\":\"ritanery\",\"image\":{\"@type\":\"ImageObject\",\"inLanguage\":\"pt-BR\",\"@id\":\"https:\\\/\\\/secure.gravatar.com\\\/avatar\\\/0e37bb19071f47c0b8a23f62a903df117c5a0e75f65a0c2901562f97cd41cf86?s=96&d=mm&r=g\",\"url\":\"https:\\\/\\\/secure.gravatar.com\\\/avatar\\\/0e37bb19071f47c0b8a23f62a903df117c5a0e75f65a0c2901562f97cd41cf86?s=96&d=mm&r=g\",\"contentUrl\":\"https:\\\/\\\/secure.gravatar.com\\\/avatar\\\/0e37bb19071f47c0b8a23f62a903df117c5a0e75f65a0c2901562f97cd41cf86?s=96&d=mm&r=g\",\"caption\":\"ritanery\"}}]}<\/script>\n<!-- \/ Yoast SEO plugin. -->","yoast_head_json":{"title":"Adamantina est\u00e1 h\u00e1 13 dias sem novos casos de dengue e refor\u00e7a import\u00e2ncia da preven\u00e7\u00e3o - R\u00e1dio Life FM","robots":{"index":"index","follow":"follow","max-snippet":"max-snippet:-1","max-image-preview":"max-image-preview:large","max-video-preview":"max-video-preview:-1"},"canonical":"https:\/\/radiolifefm.com.br\/noticias\/adamantina-esta-ha-13-dias-sem-novos-casos-de-dengue-e-reforca-importancia-da-prevencao\/","og_locale":"pt_BR","og_type":"article","og_title":"Adamantina est\u00e1 h\u00e1 13 dias sem novos casos de dengue e refor\u00e7a import\u00e2ncia da preven\u00e7\u00e3o - R\u00e1dio Life FM","og_description":"Adamantina est\u00e1 h\u00e1 13 dias sem novos casos confirmados de dengue, resultado que demonstra os avan\u00e7os das a\u00e7\u00f5es de preven\u00e7\u00e3o e controle realizadas no munic\u00edpio. Apesar do cen\u00e1rio positivo, a Prefeitura de Adamantina, por meio da Secretaria Municipal de Sa\u00fade, refor\u00e7a que a popula\u00e7\u00e3o deve manter os cuidados para evitar a prolifera\u00e7\u00e3o do mosquito Aedes [&hellip;]","og_url":"https:\/\/radiolifefm.com.br\/noticias\/adamantina-esta-ha-13-dias-sem-novos-casos-de-dengue-e-reforca-importancia-da-prevencao\/","og_site_name":"R\u00e1dio Life FM","article_publisher":"https:\/\/www.facebook.com\/radiolifefm\/","article_published_time":"2026-09-01T02:29:09+00:00","og_image":[{"width":968,"height":611,"url":"https:\/\/radiolifefm.com.br\/noticias\/wp-content\/uploads\/2026\/08\/boletim-dengue-31-agosto.jpg","type":"image\/jpeg"}],"author":"ritanery","twitter_card":"summary_large_image","twitter_misc":{"Escrito por":"ritanery","Est. tempo de leitura":"4 minutos"},"schema":{"@context":"https:\/\/schema.org","@graph":[{"@type":"Article","@id":"https:\/\/radiolifefm.com.br\/noticias\/adamantina-esta-ha-13-dias-sem-novos-casos-de-dengue-e-reforca-importancia-da-prevencao\/#article","isPartOf":{"@id":"https:\/\/radiolifefm.com.br\/noticias\/adamantina-esta-ha-13-dias-sem-novos-casos-de-dengue-e-reforca-importancia-da-prevencao\/"},"author":{"name":"ritanery","@id":"https:\/\/radiolifefm.com.br\/noticias\/#\/schema\/person\/6339b9fac59d12b071dec680d7375d87"},"headline":"Adamantina est\u00e1 h\u00e1 13 dias sem novos casos de dengue e refor\u00e7a import\u00e2ncia da preven\u00e7\u00e3o","datePublished":"2026-09-01T02:29:09+00:00","mainEntityOfPage":{"@id":"https:\/\/radiolifefm.com.br\/noticias\/adamantina-esta-ha-13-dias-sem-novos-casos-de-dengue-e-reforca-importancia-da-prevencao\/"},"wordCount":457,"publisher":{"@id":"https:\/\/radiolifefm.com.br\/noticias\/#organization"},"image":{"@id":"https:\/\/radiolifefm.com.br\/noticias\/adamantina-esta-ha-13-dias-sem-novos-casos-de-dengue-e-reforca-importancia-da-prevencao\/#primaryimage"},"thumbnailUrl":"https:\/\/radiolifefm.com.br\/noticias\/wp-content\/uploads\/2026\/08\/boletim-dengue-31-agosto.jpg","articleSection":["Adamantina"],"inLanguage":"pt-BR"},{"@type":"WebPage","@id":"https:\/\/radiolifefm.com.br\/noticias\/adamantina-esta-ha-13-dias-sem-novos-casos-de-dengue-e-reforca-importancia-da-prevencao\/","url":"https:\/\/radiolifefm.com.br\/noticias\/adamantina-esta-ha-13-dias-sem-novos-casos-de-dengue-e-reforca-importancia-da-prevencao\/","name":"Adamantina est\u00e1 h\u00e1 13 dias sem novos casos de dengue e refor\u00e7a import\u00e2ncia da preven\u00e7\u00e3o - R\u00e1dio Life FM","isPartOf":{"@id":"https:\/\/radiolifefm.com.br\/noticias\/#website"},"primaryImageOfPage":{"@id":"https:\/\/radiolifefm.com.br\/noticias\/adamantina-esta-ha-13-dias-sem-novos-casos-de-dengue-e-reforca-importancia-da-prevencao\/#primaryimage"},"image":{"@id":"https:\/\/radiolifefm.com.br\/noticias\/adamantina-esta-ha-13-dias-sem-novos-casos-de-dengue-e-reforca-importancia-da-prevencao\/#primaryimage"},"thumbnailUrl":"https:\/\/radiolifefm.com.br\/noticias\/wp-content\/uploads\/2026\/08\/boletim-dengue-31-agosto.jpg","datePublished":"2026-09-01T02:29:09+00:00","breadcrumb":{"@id":"https:\/\/radiolifefm.com.br\/noticias\/adamantina-esta-ha-13-dias-sem-novos-casos-de-dengue-e-reforca-importancia-da-prevencao\/#breadcrumb"},"inLanguage":"pt-BR","potentialAction":[{"@type":"ReadAction","target":["https:\/\/radiolifefm.com.br\/noticias\/adamantina-esta-ha-13-dias-sem-novos-casos-de-dengue-e-reforca-importancia-da-prevencao\/"]}]},{"@type":"ImageObject","inLanguage":"pt-BR","@id":"https:\/\/radiolifefm.com.br\/noticias\/adamantina-esta-ha-13-dias-sem-novos-casos-de-dengue-e-reforca-importancia-da-prevencao\/#primaryimage","url":"https:\/\/radiolifefm.com.br\/noticias\/wp-content\/uploads\/2026\/08\/boletim-dengue-31-agosto.jpg","contentUrl":"https:\/\/radiolifefm.com.br\/noticias\/wp-content\/uploads\/2026\/08\/boletim-dengue-31-agosto.jpg","width":968,"height":611},{"@type":"BreadcrumbList","@id":"https:\/\/radiolifefm.com.br\/noticias\/adamantina-esta-ha-13-dias-sem-novos-casos-de-dengue-e-reforca-importancia-da-prevencao\/#breadcrumb","itemListElement":[{"@type":"ListItem","position":1,"name":"In\u00edcio","item":"https:\/\/radiolifefm.com.br\/noticias\/"},{"@type":"ListItem","position":2,"name":"Adamantina est\u00e1 h\u00e1 13 dias sem novos casos de dengue e refor\u00e7a import\u00e2ncia da preven\u00e7\u00e3o"}]},{"@type":"WebSite","@id":"https:\/\/radiolifefm.com.br\/noticias\/#website","url":"https:\/\/radiolifefm.com.br\/noticias\/","name":"R\u00e1dio Life FM","description":"O Portal de Not\u00edcias de Adamantina","publisher":{"@id":"https:\/\/radiolifefm.com.br\/noticias\/#organization"},"alternateName":"Life FM","potentialAction":[{"@type":"SearchAction","target":{"@type":"EntryPoint","urlTemplate":"https:\/\/radiolifefm.com.br\/noticias\/?s={search_term_string}"},"query-input":{"@type":"PropertyValueSpecification","valueRequired":true,"valueName":"search_term_string"}}],"inLanguage":"pt-BR"},{"@type":"Organization","@id":"https:\/\/radiolifefm.com.br\/noticias\/#organization","name":"R\u00e1dio Life FM","alternateName":"Life FM","url":"https:\/\/radiolifefm.com.br\/noticias\/","logo":{"@type":"ImageObject","inLanguage":"pt-BR","@id":"https:\/\/radiolifefm.com.br\/noticias\/#\/schema\/logo\/image\/","url":"https:\/\/static.radiolifefm.com.br\/noticias\/wp-content\/uploads\/2019\/10\/logo-lifefm.png","contentUrl":"https:\/\/static.radiolifefm.com.br\/noticias\/wp-content\/uploads\/2019\/10\/logo-lifefm.png","width":196,"height":47,"caption":"R\u00e1dio Life FM"},"image":{"@id":"https:\/\/radiolifefm.com.br\/noticias\/#\/schema\/logo\/image\/"},"sameAs":["https:\/\/www.facebook.com\/radiolifefm\/","https:\/\/www.instagram.com\/life1079fm\/"]},{"@type":"Person","@id":"https:\/\/radiolifefm.com.br\/noticias\/#\/schema\/person\/6339b9fac59d12b071dec680d7375d87","name":"ritanery","image":{"@type":"ImageObject","inLanguage":"pt-BR","@id":"https:\/\/secure.gravatar.com\/avatar\/0e37bb19071f47c0b8a23f62a903df117c5a0e75f65a0c2901562f97cd41cf86?s=96&d=mm&r=g","url":"https:\/\/secure.gravatar.com\/avatar\/0e37bb19071f47c0b8a23f62a903df117c5a0e75f65a0c2901562f97cd41cf86?s=96&d=mm&r=g","contentUrl":"https:\/\/secure.gravatar.com\/avatar\/0e37bb19071f47c0b8a23f62a903df117c5a0e75f65a0c2901562f97cd41cf86?s=96&d=mm&r=g","caption":"ritanery"}}]}},"amp_enabled":true,"_links":{"self":[{"href":"https:\/\/radiolifefm.com.br\/noticias\/wp-json\/wp\/v2\/posts\/124199","targetHints":{"allow":["GET"]}}],"collection":[{"href":"https:\/\/radiolifefm.com.br\/noticias\/wp-json\/wp\/v2\/posts"}],"about":[{"href":"https:\/\/radiolifefm.com.br\/noticias\/wp-json\/wp\/v2\/types\/post"}],"author":[{"embeddable":true,"href":"https:\/\/radiolifefm.com.br\/noticias\/wp-json\/wp\/v2\/users\/13"}],"replies":[{"embeddable":true,"href":"https:\/\/radiolifefm.com.br\/noticias\/wp-json\/wp\/v2\/comments?post=124199"}],"version-history":[{"count":1,"href":"https:\/\/radiolifefm.com.br\/noticias\/wp-json\/wp\/v2\/posts\/124199\/revisions"}],"predecessor-version":[{"id":124201,"href":"https:\/\/radiolifefm.com.br\/noticias\/wp-json\/wp\/v2\/posts\/124199\/revisions\/124201"}],"wp:featuredmedia":[{"embeddable":true,"href":"https:\/\/radiolifefm.com.br\/noticias\/wp-json\/wp\/v2\/media\/124200"}],"wp:attachment":[{"href":"https:\/\/radiolifefm.com.br\/noticias\/wp-json\/wp\/v2\/media?parent=124199"}],"wp:term":[{"taxonomy":"category","embeddable":true,"href":"https:\/\/radiolifefm.com.br\/noticias\/wp-json\/wp\/v2\/categories?post=124199"},{"taxonomy":"post_tag","embeddable":true,"href":"https:\/\/radiolifefm.com.br\/noticias\/wp-json\/wp\/v2\/tags?post=124199"}],"curies":[{"name":"wp","href":"https:\/\/api.w.org\/{rel}","templated":true}]}}