{"id":12403,"date":"2019-04-26T09:53:26","date_gmt":"2019-04-26T12:53:26","guid":{"rendered":"https:\/\/radiolifefm.com.br\/noticias\/?p=12403"},"modified":"2026-04-27T03:37:15","modified_gmt":"2026-04-27T06:37:15","slug":"vacinacao-contra-febre-aftosa-comeca-na-proxima-semana-com-dose-reduzida","status":"publish","type":"post","link":"https:\/\/radiolifefm.com.br\/noticias\/vacinacao-contra-febre-aftosa-comeca-na-proxima-semana-com-dose-reduzida\/","title":{"rendered":"Vacina\u00e7\u00e3o contra Febre Aftosa come\u00e7a na pr\u00f3xima semana com dose reduzida"},"content":{"rendered":"<div id=\"fb-root\"><\/div>\n<p><em>Nesta primeira etapa de imuniza\u00e7\u00e3o, que abrange todo o rebanho de bovinos e bubalinos<\/em><\/p>\n<p>A primeira etapa da campanha de vacina\u00e7\u00e3o com dose reduzida contra a febre aftosa no estado de S\u00e3o Paulo ocorrer\u00e1 de1\u00ba a 31 de maio, conforme a Secretaria de Agricultura e Abastecimento do Estado de S\u00e3o Paulo por meio da Coordenadoria de Defesa Agropecu\u00e1ria. A imuniza\u00e7\u00e3o abrange todo o rebanho de bovinos e bubalinos.<\/p>\n<p>O Minist\u00e9rio da Agricultura atendeu a uma solicita\u00e7\u00e3o da Confedera\u00e7\u00e3o da Agricultura e Pecu\u00e1ria do Brasil (CNA) e vai disponibilizar a nova vacina contra febre aftosa, em dose reduzida de 5 ml para 2 ml, nesta primeira etapa de imuniza\u00e7\u00e3o, que abrande todo o rebanho de bovinos e bubalinos.<\/p>\n<p>Em Dracena, o m\u00e9dico veterin\u00e1rio e assistente agropecu\u00e1rio Marcelo Kenji Yoshida explicou que num primeiro momento, a vacina\u00e7\u00e3o deve ser realizada com a aquisi\u00e7\u00e3o das vacinas em lojas cadastradas. \u201cAs vacinas devem ser mantidas refrigeradas (2 a 8\u00b0C), portanto devem ser acondicionadas em geladeira ou isopor com gelo e que seja suficiente para acondicionar as vacinas e a pistola de aplica\u00e7\u00e3o\u201d, orientou.<\/p>\n<p>Ainda conforme o veterin\u00e1rio, estima-se que na regional de Dracena \u2013 que corresponde a 16 munic\u00edpios (Dracena, Tupi Paulista, Ouro Verde, Santa Mercedes, Panorama, Paulic\u00e9ia, Nova Guataporanga, S\u00e3o Jo\u00e3o do Pau d\u2019Alho, Monte Castelo, Junqueir\u00f3polis, Irapuru, Flora Rica, Pacaembu, Fl\u00f3rida Paulista, Adamantina e Mari\u00e1polis) existam em torno de 4.141 produtores com 345.105 animais.<\/p>\n<p>A declara\u00e7\u00e3o de vacina deve ser feita at\u00e9 o dia 7 de junho em formul\u00e1rio pr\u00f3prio nas unidades de Defesa Agropecu\u00e1ria mais pr\u00f3xima ou pela internet no site do GEDAVE (Gest\u00e3o de Defesa Animal e Vegetal). A multa para quem deixar de aplicar a vacina \u00e9 de R$ 132,65 por cabe\u00e7a e 79,59 por deixar de declarar a vacina.<\/p>\n<p><strong>SERVI\u00c7O<\/strong> \u2013 A orienta\u00e7\u00e3o \u00e9 que os produtores rurais verifiquem os hor\u00e1rios de atendimento ao p\u00fablico de cada unidade no telefone (18) 3822-3651. A consulta pode ser feita tamb\u00e9m no site: gedave.defesaagropecuaria.sp.gov.br<\/p>\n<p><strong>Confira os endere\u00e7os:-<\/strong><\/p>\n<p>Dracena: Rua Brasil, 978<br \/>\nJunqueir\u00f3polis: Rua Belo Horizonte, 1380<br \/>\nAdamantina: Avenida Capit\u00e3o Jos\u00e9 Antonio de Oliveira, 225<br \/>\nFl\u00f3rida Paulista: Av. Jos\u00e9 Froio, 430<br \/>\nIrapuru: Rua Pedro Leite Ribeiro, 28<br \/>\nMari\u00e1polis: Rua Concei\u00e7\u00e3o, 406<br \/>\nPanorama: Rua Rodion Podolsky, 2314<br \/>\nTupi Paulista: Av. Brasil, 237<\/p>\n<p>Portal Regional<\/p>\n<p>Reda\u00e7\u00e3o &#8211; Kako de Oliveira<\/p>\n","protected":false},"excerpt":{"rendered":"<p>Nesta primeira etapa de imuniza\u00e7\u00e3o, que abrange todo o rebanho de bovinos e bubalinos A primeira etapa da campanha de vacina\u00e7\u00e3o com dose reduzida contra a febre aftosa no estado de S\u00e3o Paulo ocorrer\u00e1 de1\u00ba a 31 de maio, conforme a Secretaria de Agricultura e Abastecimento do Estado de S\u00e3o Paulo por meio da Coordenadoria [&hellip;]<\/p>\n","protected":false},"author":8,"featured_media":12405,"comment_status":"closed","ping_status":"open","sticky":false,"template":"","format":"standard","meta":{"_acf_changed":false,"_exactmetrics_skip_tracking":false,"_exactmetrics_sitenote_active":false,"_exactmetrics_sitenote_note":"","_exactmetrics_sitenote_category":0,"footnotes":""},"categories":[24],"tags":[],"class_list":["post-12403","post","type-post","status-publish","format-standard","has-post-thumbnail","hentry","category-regiao"],"acf":[],"yoast_head":"<!-- This site is optimized with the Yoast SEO plugin v27.2 - https:\/\/yoast.com\/product\/yoast-seo-wordpress\/ -->\n<title>Vacina\u00e7\u00e3o contra Febre Aftosa come\u00e7a na pr\u00f3xima semana com dose reduzida - R\u00e1dio Life FM<\/title>\n<meta name=\"robots\" content=\"index, follow, max-snippet:-1, max-image-preview:large, max-video-preview:-1\" \/>\n<link rel=\"canonical\" href=\"https:\/\/radiolifefm.com.br\/noticias\/vacinacao-contra-febre-aftosa-comeca-na-proxima-semana-com-dose-reduzida\/\" \/>\n<meta property=\"og:locale\" content=\"pt_BR\" \/>\n<meta property=\"og:type\" content=\"article\" \/>\n<meta property=\"og:title\" content=\"Vacina\u00e7\u00e3o contra Febre Aftosa come\u00e7a na pr\u00f3xima semana com dose reduzida - R\u00e1dio Life FM\" \/>\n<meta property=\"og:description\" content=\"Nesta primeira etapa de imuniza\u00e7\u00e3o, que abrange todo o rebanho de bovinos e bubalinos A primeira etapa da campanha de vacina\u00e7\u00e3o com dose reduzida contra a febre aftosa no estado de S\u00e3o Paulo ocorrer\u00e1 de1\u00ba a 31 de maio, conforme a Secretaria de Agricultura e Abastecimento do Estado de S\u00e3o Paulo por meio da Coordenadoria [&hellip;]\" \/>\n<meta property=\"og:url\" content=\"https:\/\/radiolifefm.com.br\/noticias\/vacinacao-contra-febre-aftosa-comeca-na-proxima-semana-com-dose-reduzida\/\" \/>\n<meta property=\"og:site_name\" content=\"R\u00e1dio Life FM\" \/>\n<meta property=\"article:publisher\" content=\"https:\/\/www.facebook.com\/radiolifefm\/\" \/>\n<meta property=\"article:published_time\" content=\"2019-04-26T12:53:26+00:00\" \/>\n<meta property=\"article:modified_time\" content=\"2026-04-27T06:37:15+00:00\" \/>\n<meta property=\"og:image\" content=\"https:\/\/radiolifefm.com.br\/noticias\/wp-content\/uploads\/2019\/04\/Aftosa.jpg\" \/>\n\t<meta property=\"og:image:width\" content=\"267\" \/>\n\t<meta property=\"og:image:height\" content=\"189\" \/>\n\t<meta property=\"og:image:type\" content=\"image\/jpeg\" \/>\n<meta name=\"author\" content=\"joaograndao\" \/>\n<meta name=\"twitter:card\" content=\"summary_large_image\" \/>\n<meta name=\"twitter:label1\" content=\"Escrito por\" \/>\n\t<meta name=\"twitter:data1\" content=\"joaograndao\" \/>\n\t<meta name=\"twitter:label2\" content=\"Est. tempo de leitura\" \/>\n\t<meta name=\"twitter:data2\" content=\"2 minutos\" \/>\n<script type=\"application\/ld+json\" class=\"yoast-schema-graph\">{\"@context\":\"https:\/\/schema.org\",\"@graph\":[{\"@type\":\"Article\",\"@id\":\"https:\/\/radiolifefm.com.br\/noticias\/vacinacao-contra-febre-aftosa-comeca-na-proxima-semana-com-dose-reduzida\/#article\",\"isPartOf\":{\"@id\":\"https:\/\/radiolifefm.com.br\/noticias\/vacinacao-contra-febre-aftosa-comeca-na-proxima-semana-com-dose-reduzida\/\"},\"author\":{\"name\":\"joaograndao\",\"@id\":\"https:\/\/radiolifefm.com.br\/noticias\/#\/schema\/person\/6876e1240feffe6e1b63fd5cb85abf28\"},\"headline\":\"Vacina\u00e7\u00e3o contra Febre Aftosa come\u00e7a na pr\u00f3xima semana com dose reduzida\",\"datePublished\":\"2019-04-26T12:53:26+00:00\",\"dateModified\":\"2026-04-27T06:37:15+00:00\",\"mainEntityOfPage\":{\"@id\":\"https:\/\/radiolifefm.com.br\/noticias\/vacinacao-contra-febre-aftosa-comeca-na-proxima-semana-com-dose-reduzida\/\"},\"wordCount\":417,\"publisher\":{\"@id\":\"https:\/\/radiolifefm.com.br\/noticias\/#organization\"},\"image\":{\"@id\":\"https:\/\/radiolifefm.com.br\/noticias\/vacinacao-contra-febre-aftosa-comeca-na-proxima-semana-com-dose-reduzida\/#primaryimage\"},\"thumbnailUrl\":\"https:\/\/radiolifefm.com.br\/noticias\/wp-content\/uploads\/2019\/04\/Aftosa.jpg\",\"articleSection\":[\"Regi\u00e3o\"],\"inLanguage\":\"pt-BR\"},{\"@type\":\"WebPage\",\"@id\":\"https:\/\/radiolifefm.com.br\/noticias\/vacinacao-contra-febre-aftosa-comeca-na-proxima-semana-com-dose-reduzida\/\",\"url\":\"https:\/\/radiolifefm.com.br\/noticias\/vacinacao-contra-febre-aftosa-comeca-na-proxima-semana-com-dose-reduzida\/\",\"name\":\"Vacina\u00e7\u00e3o contra Febre Aftosa come\u00e7a na pr\u00f3xima semana com dose reduzida - R\u00e1dio Life FM\",\"isPartOf\":{\"@id\":\"https:\/\/radiolifefm.com.br\/noticias\/#website\"},\"primaryImageOfPage\":{\"@id\":\"https:\/\/radiolifefm.com.br\/noticias\/vacinacao-contra-febre-aftosa-comeca-na-proxima-semana-com-dose-reduzida\/#primaryimage\"},\"image\":{\"@id\":\"https:\/\/radiolifefm.com.br\/noticias\/vacinacao-contra-febre-aftosa-comeca-na-proxima-semana-com-dose-reduzida\/#primaryimage\"},\"thumbnailUrl\":\"https:\/\/radiolifefm.com.br\/noticias\/wp-content\/uploads\/2019\/04\/Aftosa.jpg\",\"datePublished\":\"2019-04-26T12:53:26+00:00\",\"dateModified\":\"2026-04-27T06:37:15+00:00\",\"breadcrumb\":{\"@id\":\"https:\/\/radiolifefm.com.br\/noticias\/vacinacao-contra-febre-aftosa-comeca-na-proxima-semana-com-dose-reduzida\/#breadcrumb\"},\"inLanguage\":\"pt-BR\",\"potentialAction\":[{\"@type\":\"ReadAction\",\"target\":[\"https:\/\/radiolifefm.com.br\/noticias\/vacinacao-contra-febre-aftosa-comeca-na-proxima-semana-com-dose-reduzida\/\"]}]},{\"@type\":\"ImageObject\",\"inLanguage\":\"pt-BR\",\"@id\":\"https:\/\/radiolifefm.com.br\/noticias\/vacinacao-contra-febre-aftosa-comeca-na-proxima-semana-com-dose-reduzida\/#primaryimage\",\"url\":\"https:\/\/radiolifefm.com.br\/noticias\/wp-content\/uploads\/2019\/04\/Aftosa.jpg\",\"contentUrl\":\"https:\/\/radiolifefm.com.br\/noticias\/wp-content\/uploads\/2019\/04\/Aftosa.jpg\",\"width\":267,\"height\":189,\"caption\":\"Primeira etapa da vacina\u00e7\u00e3o contra a Febre Aftosa de 2019 ser\u00e1 com dose reduzida - Foto - Internet\"},{\"@type\":\"BreadcrumbList\",\"@id\":\"https:\/\/radiolifefm.com.br\/noticias\/vacinacao-contra-febre-aftosa-comeca-na-proxima-semana-com-dose-reduzida\/#breadcrumb\",\"itemListElement\":[{\"@type\":\"ListItem\",\"position\":1,\"name\":\"In\u00edcio\",\"item\":\"https:\/\/radiolifefm.com.br\/noticias\/\"},{\"@type\":\"ListItem\",\"position\":2,\"name\":\"Vacina\u00e7\u00e3o contra Febre Aftosa come\u00e7a na pr\u00f3xima semana com dose reduzida\"}]},{\"@type\":\"WebSite\",\"@id\":\"https:\/\/radiolifefm.com.br\/noticias\/#website\",\"url\":\"https:\/\/radiolifefm.com.br\/noticias\/\",\"name\":\"R\u00e1dio Life FM\",\"description\":\"O Portal de Not\u00edcias de Adamantina\",\"publisher\":{\"@id\":\"https:\/\/radiolifefm.com.br\/noticias\/#organization\"},\"alternateName\":\"Life FM\",\"potentialAction\":[{\"@type\":\"SearchAction\",\"target\":{\"@type\":\"EntryPoint\",\"urlTemplate\":\"https:\/\/radiolifefm.com.br\/noticias\/?s={search_term_string}\"},\"query-input\":{\"@type\":\"PropertyValueSpecification\",\"valueRequired\":true,\"valueName\":\"search_term_string\"}}],\"inLanguage\":\"pt-BR\"},{\"@type\":\"Organization\",\"@id\":\"https:\/\/radiolifefm.com.br\/noticias\/#organization\",\"name\":\"R\u00e1dio Life FM\",\"alternateName\":\"Life FM\",\"url\":\"https:\/\/radiolifefm.com.br\/noticias\/\",\"logo\":{\"@type\":\"ImageObject\",\"inLanguage\":\"pt-BR\",\"@id\":\"https:\/\/radiolifefm.com.br\/noticias\/#\/schema\/logo\/image\/\",\"url\":\"https:\/\/static.radiolifefm.com.br\/noticias\/wp-content\/uploads\/2019\/10\/logo-lifefm.png\",\"contentUrl\":\"https:\/\/static.radiolifefm.com.br\/noticias\/wp-content\/uploads\/2019\/10\/logo-lifefm.png\",\"width\":196,\"height\":47,\"caption\":\"R\u00e1dio Life FM\"},\"image\":{\"@id\":\"https:\/\/radiolifefm.com.br\/noticias\/#\/schema\/logo\/image\/\"},\"sameAs\":[\"https:\/\/www.facebook.com\/radiolifefm\/\",\"https:\/\/www.instagram.com\/life1079fm\/\"]},{\"@type\":\"Person\",\"@id\":\"https:\/\/radiolifefm.com.br\/noticias\/#\/schema\/person\/6876e1240feffe6e1b63fd5cb85abf28\",\"name\":\"joaograndao\",\"image\":{\"@type\":\"ImageObject\",\"inLanguage\":\"pt-BR\",\"@id\":\"https:\/\/secure.gravatar.com\/avatar\/d5b1a3cf357ed9c50404e256a1294083aa8ab5d2a994001567302786016cb32c?s=96&d=mm&r=g\",\"url\":\"https:\/\/secure.gravatar.com\/avatar\/d5b1a3cf357ed9c50404e256a1294083aa8ab5d2a994001567302786016cb32c?s=96&d=mm&r=g\",\"contentUrl\":\"https:\/\/secure.gravatar.com\/avatar\/d5b1a3cf357ed9c50404e256a1294083aa8ab5d2a994001567302786016cb32c?s=96&d=mm&r=g\",\"caption\":\"joaograndao\"}}]}<\/script>\n<!-- \/ Yoast SEO plugin. -->","yoast_head_json":{"title":"Vacina\u00e7\u00e3o contra Febre Aftosa come\u00e7a na pr\u00f3xima semana com dose reduzida - R\u00e1dio Life FM","robots":{"index":"index","follow":"follow","max-snippet":"max-snippet:-1","max-image-preview":"max-image-preview:large","max-video-preview":"max-video-preview:-1"},"canonical":"https:\/\/radiolifefm.com.br\/noticias\/vacinacao-contra-febre-aftosa-comeca-na-proxima-semana-com-dose-reduzida\/","og_locale":"pt_BR","og_type":"article","og_title":"Vacina\u00e7\u00e3o contra Febre Aftosa come\u00e7a na pr\u00f3xima semana com dose reduzida - R\u00e1dio Life FM","og_description":"Nesta primeira etapa de imuniza\u00e7\u00e3o, que abrange todo o rebanho de bovinos e bubalinos A primeira etapa da campanha de vacina\u00e7\u00e3o com dose reduzida contra a febre aftosa no estado de S\u00e3o Paulo ocorrer\u00e1 de1\u00ba a 31 de maio, conforme a Secretaria de Agricultura e Abastecimento do Estado de S\u00e3o Paulo por meio da Coordenadoria [&hellip;]","og_url":"https:\/\/radiolifefm.com.br\/noticias\/vacinacao-contra-febre-aftosa-comeca-na-proxima-semana-com-dose-reduzida\/","og_site_name":"R\u00e1dio Life FM","article_publisher":"https:\/\/www.facebook.com\/radiolifefm\/","article_published_time":"2019-04-26T12:53:26+00:00","article_modified_time":"2026-04-27T06:37:15+00:00","og_image":[{"width":267,"height":189,"url":"https:\/\/radiolifefm.com.br\/noticias\/wp-content\/uploads\/2019\/04\/Aftosa.jpg","type":"image\/jpeg"}],"author":"joaograndao","twitter_card":"summary_large_image","twitter_misc":{"Escrito por":"joaograndao","Est. tempo de leitura":"2 minutos"},"schema":{"@context":"https:\/\/schema.org","@graph":[{"@type":"Article","@id":"https:\/\/radiolifefm.com.br\/noticias\/vacinacao-contra-febre-aftosa-comeca-na-proxima-semana-com-dose-reduzida\/#article","isPartOf":{"@id":"https:\/\/radiolifefm.com.br\/noticias\/vacinacao-contra-febre-aftosa-comeca-na-proxima-semana-com-dose-reduzida\/"},"author":{"name":"joaograndao","@id":"https:\/\/radiolifefm.com.br\/noticias\/#\/schema\/person\/6876e1240feffe6e1b63fd5cb85abf28"},"headline":"Vacina\u00e7\u00e3o contra Febre Aftosa come\u00e7a na pr\u00f3xima semana com dose reduzida","datePublished":"2019-04-26T12:53:26+00:00","dateModified":"2026-04-27T06:37:15+00:00","mainEntityOfPage":{"@id":"https:\/\/radiolifefm.com.br\/noticias\/vacinacao-contra-febre-aftosa-comeca-na-proxima-semana-com-dose-reduzida\/"},"wordCount":417,"publisher":{"@id":"https:\/\/radiolifefm.com.br\/noticias\/#organization"},"image":{"@id":"https:\/\/radiolifefm.com.br\/noticias\/vacinacao-contra-febre-aftosa-comeca-na-proxima-semana-com-dose-reduzida\/#primaryimage"},"thumbnailUrl":"https:\/\/radiolifefm.com.br\/noticias\/wp-content\/uploads\/2019\/04\/Aftosa.jpg","articleSection":["Regi\u00e3o"],"inLanguage":"pt-BR"},{"@type":"WebPage","@id":"https:\/\/radiolifefm.com.br\/noticias\/vacinacao-contra-febre-aftosa-comeca-na-proxima-semana-com-dose-reduzida\/","url":"https:\/\/radiolifefm.com.br\/noticias\/vacinacao-contra-febre-aftosa-comeca-na-proxima-semana-com-dose-reduzida\/","name":"Vacina\u00e7\u00e3o contra Febre Aftosa come\u00e7a na pr\u00f3xima semana com dose reduzida - R\u00e1dio Life FM","isPartOf":{"@id":"https:\/\/radiolifefm.com.br\/noticias\/#website"},"primaryImageOfPage":{"@id":"https:\/\/radiolifefm.com.br\/noticias\/vacinacao-contra-febre-aftosa-comeca-na-proxima-semana-com-dose-reduzida\/#primaryimage"},"image":{"@id":"https:\/\/radiolifefm.com.br\/noticias\/vacinacao-contra-febre-aftosa-comeca-na-proxima-semana-com-dose-reduzida\/#primaryimage"},"thumbnailUrl":"https:\/\/radiolifefm.com.br\/noticias\/wp-content\/uploads\/2019\/04\/Aftosa.jpg","datePublished":"2019-04-26T12:53:26+00:00","dateModified":"2026-04-27T06:37:15+00:00","breadcrumb":{"@id":"https:\/\/radiolifefm.com.br\/noticias\/vacinacao-contra-febre-aftosa-comeca-na-proxima-semana-com-dose-reduzida\/#breadcrumb"},"inLanguage":"pt-BR","potentialAction":[{"@type":"ReadAction","target":["https:\/\/radiolifefm.com.br\/noticias\/vacinacao-contra-febre-aftosa-comeca-na-proxima-semana-com-dose-reduzida\/"]}]},{"@type":"ImageObject","inLanguage":"pt-BR","@id":"https:\/\/radiolifefm.com.br\/noticias\/vacinacao-contra-febre-aftosa-comeca-na-proxima-semana-com-dose-reduzida\/#primaryimage","url":"https:\/\/radiolifefm.com.br\/noticias\/wp-content\/uploads\/2019\/04\/Aftosa.jpg","contentUrl":"https:\/\/radiolifefm.com.br\/noticias\/wp-content\/uploads\/2019\/04\/Aftosa.jpg","width":267,"height":189,"caption":"Primeira etapa da vacina\u00e7\u00e3o contra a Febre Aftosa de 2019 ser\u00e1 com dose reduzida - Foto - Internet"},{"@type":"BreadcrumbList","@id":"https:\/\/radiolifefm.com.br\/noticias\/vacinacao-contra-febre-aftosa-comeca-na-proxima-semana-com-dose-reduzida\/#breadcrumb","itemListElement":[{"@type":"ListItem","position":1,"name":"In\u00edcio","item":"https:\/\/radiolifefm.com.br\/noticias\/"},{"@type":"ListItem","position":2,"name":"Vacina\u00e7\u00e3o contra Febre Aftosa come\u00e7a na pr\u00f3xima semana com dose reduzida"}]},{"@type":"WebSite","@id":"https:\/\/radiolifefm.com.br\/noticias\/#website","url":"https:\/\/radiolifefm.com.br\/noticias\/","name":"R\u00e1dio Life FM","description":"O Portal de Not\u00edcias de Adamantina","publisher":{"@id":"https:\/\/radiolifefm.com.br\/noticias\/#organization"},"alternateName":"Life FM","potentialAction":[{"@type":"SearchAction","target":{"@type":"EntryPoint","urlTemplate":"https:\/\/radiolifefm.com.br\/noticias\/?s={search_term_string}"},"query-input":{"@type":"PropertyValueSpecification","valueRequired":true,"valueName":"search_term_string"}}],"inLanguage":"pt-BR"},{"@type":"Organization","@id":"https:\/\/radiolifefm.com.br\/noticias\/#organization","name":"R\u00e1dio Life FM","alternateName":"Life FM","url":"https:\/\/radiolifefm.com.br\/noticias\/","logo":{"@type":"ImageObject","inLanguage":"pt-BR","@id":"https:\/\/radiolifefm.com.br\/noticias\/#\/schema\/logo\/image\/","url":"https:\/\/static.radiolifefm.com.br\/noticias\/wp-content\/uploads\/2019\/10\/logo-lifefm.png","contentUrl":"https:\/\/static.radiolifefm.com.br\/noticias\/wp-content\/uploads\/2019\/10\/logo-lifefm.png","width":196,"height":47,"caption":"R\u00e1dio Life FM"},"image":{"@id":"https:\/\/radiolifefm.com.br\/noticias\/#\/schema\/logo\/image\/"},"sameAs":["https:\/\/www.facebook.com\/radiolifefm\/","https:\/\/www.instagram.com\/life1079fm\/"]},{"@type":"Person","@id":"https:\/\/radiolifefm.com.br\/noticias\/#\/schema\/person\/6876e1240feffe6e1b63fd5cb85abf28","name":"joaograndao","image":{"@type":"ImageObject","inLanguage":"pt-BR","@id":"https:\/\/secure.gravatar.com\/avatar\/d5b1a3cf357ed9c50404e256a1294083aa8ab5d2a994001567302786016cb32c?s=96&d=mm&r=g","url":"https:\/\/secure.gravatar.com\/avatar\/d5b1a3cf357ed9c50404e256a1294083aa8ab5d2a994001567302786016cb32c?s=96&d=mm&r=g","contentUrl":"https:\/\/secure.gravatar.com\/avatar\/d5b1a3cf357ed9c50404e256a1294083aa8ab5d2a994001567302786016cb32c?s=96&d=mm&r=g","caption":"joaograndao"}}]}},"amp_enabled":true,"_links":{"self":[{"href":"https:\/\/radiolifefm.com.br\/noticias\/wp-json\/wp\/v2\/posts\/12403","targetHints":{"allow":["GET"]}}],"collection":[{"href":"https:\/\/radiolifefm.com.br\/noticias\/wp-json\/wp\/v2\/posts"}],"about":[{"href":"https:\/\/radiolifefm.com.br\/noticias\/wp-json\/wp\/v2\/types\/post"}],"author":[{"embeddable":true,"href":"https:\/\/radiolifefm.com.br\/noticias\/wp-json\/wp\/v2\/users\/8"}],"replies":[{"embeddable":true,"href":"https:\/\/radiolifefm.com.br\/noticias\/wp-json\/wp\/v2\/comments?post=12403"}],"version-history":[{"count":1,"href":"https:\/\/radiolifefm.com.br\/noticias\/wp-json\/wp\/v2\/posts\/12403\/revisions"}],"predecessor-version":[{"id":12406,"href":"https:\/\/radiolifefm.com.br\/noticias\/wp-json\/wp\/v2\/posts\/12403\/revisions\/12406"}],"wp:featuredmedia":[{"embeddable":true,"href":"https:\/\/radiolifefm.com.br\/noticias\/wp-json\/wp\/v2\/media\/12405"}],"wp:attachment":[{"href":"https:\/\/radiolifefm.com.br\/noticias\/wp-json\/wp\/v2\/media?parent=12403"}],"wp:term":[{"taxonomy":"category","embeddable":true,"href":"https:\/\/radiolifefm.com.br\/noticias\/wp-json\/wp\/v2\/categories?post=12403"},{"taxonomy":"post_tag","embeddable":true,"href":"https:\/\/radiolifefm.com.br\/noticias\/wp-json\/wp\/v2\/tags?post=12403"}],"curies":[{"name":"wp","href":"https:\/\/api.w.org\/{rel}","templated":true}]}}