{"id":12236,"date":"2019-04-22T09:23:39","date_gmt":"2019-04-22T12:23:39","guid":{"rendered":"https:\/\/radiolifefm.com.br\/noticias\/?p=12236"},"modified":"2025-07-07T14:02:36","modified_gmt":"2025-07-07T17:02:36","slug":"pm-de-lucelia-colabora-na-arrecadacao-e-distribuicao-de-caixas-de-bombons","status":"publish","type":"post","link":"https:\/\/radiolifefm.com.br\/noticias\/pm-de-lucelia-colabora-na-arrecadacao-e-distribuicao-de-caixas-de-bombons\/","title":{"rendered":"PM de Luc\u00e9lia colabora na arrecada\u00e7\u00e3o e distribui\u00e7\u00e3o de caixas de bombons"},"content":{"rendered":"<div id=\"fb-root\"><\/div>\n<p><em>Funcion\u00e1rios p\u00fablicos municipais, professores e comerciantes locais tamb\u00e9m colaboraram na arrecada\u00e7\u00e3o e distribui\u00e7\u00e3o dos bombons<\/em><\/p>\n<p>Policiais Militares colaboraram de forma volunt\u00e1ria, na arrecada\u00e7\u00e3o e distribui\u00e7\u00e3o de caixas de bombons que foram entregues neste s\u00e1bado (20), \u00e0 aproximadamente 200 crian\u00e7as carentes de um bairro em Luc\u00e9lia.<\/p>\n<p>Al\u00e9m dos policiais militares, tamb\u00e9m colaboraram funcion\u00e1rios p\u00fablicos municipais, professores e comerciantes locais.<\/p>\n<p>A Pol\u00edcia Militar apoiou a iniciativa da moradora de Luc\u00e9lia, Shirley, que entregou chocolates para as crian\u00e7as carentes com apoio de toda comunidade.<\/p>\n<p>Informa\u00e7\u00f5es &#8211; Pol\u00edcia Militar<\/p>\n<p>Reda\u00e7\u00e3o &#8211; Kako de Oliveira<\/p>\n","protected":false},"excerpt":{"rendered":"<p>Funcion\u00e1rios p\u00fablicos municipais, professores e comerciantes locais tamb\u00e9m colaboraram na arrecada\u00e7\u00e3o e distribui\u00e7\u00e3o dos bombons Policiais Militares colaboraram de forma volunt\u00e1ria, na arrecada\u00e7\u00e3o e distribui\u00e7\u00e3o de caixas de bombons que foram entregues neste s\u00e1bado (20), \u00e0 aproximadamente 200 crian\u00e7as carentes de um bairro em Luc\u00e9lia. Al\u00e9m dos policiais militares, tamb\u00e9m colaboraram funcion\u00e1rios p\u00fablicos municipais, professores [&hellip;]<\/p>\n","protected":false},"author":8,"featured_media":12237,"comment_status":"closed","ping_status":"open","sticky":false,"template":"","format":"standard","meta":{"_acf_changed":false,"_exactmetrics_skip_tracking":false,"_exactmetrics_sitenote_active":false,"_exactmetrics_sitenote_note":"","_exactmetrics_sitenote_category":0,"footnotes":""},"categories":[24],"tags":[],"class_list":["post-12236","post","type-post","status-publish","format-standard","has-post-thumbnail","hentry","category-regiao"],"acf":[],"yoast_head":"<!-- This site is optimized with the Yoast SEO plugin v27.2 - https:\/\/yoast.com\/product\/yoast-seo-wordpress\/ -->\n<title>PM de Luc\u00e9lia colabora na arrecada\u00e7\u00e3o e distribui\u00e7\u00e3o de caixas de bombons - R\u00e1dio Life FM<\/title>\n<meta name=\"robots\" content=\"index, follow, max-snippet:-1, max-image-preview:large, max-video-preview:-1\" \/>\n<link rel=\"canonical\" href=\"https:\/\/radiolifefm.com.br\/noticias\/pm-de-lucelia-colabora-na-arrecadacao-e-distribuicao-de-caixas-de-bombons\/\" \/>\n<meta property=\"og:locale\" content=\"pt_BR\" \/>\n<meta property=\"og:type\" content=\"article\" \/>\n<meta property=\"og:title\" content=\"PM de Luc\u00e9lia colabora na arrecada\u00e7\u00e3o e distribui\u00e7\u00e3o de caixas de bombons - R\u00e1dio Life FM\" \/>\n<meta property=\"og:description\" content=\"Funcion\u00e1rios p\u00fablicos municipais, professores e comerciantes locais tamb\u00e9m colaboraram na arrecada\u00e7\u00e3o e distribui\u00e7\u00e3o dos bombons Policiais Militares colaboraram de forma volunt\u00e1ria, na arrecada\u00e7\u00e3o e distribui\u00e7\u00e3o de caixas de bombons que foram entregues neste s\u00e1bado (20), \u00e0 aproximadamente 200 crian\u00e7as carentes de um bairro em Luc\u00e9lia. Al\u00e9m dos policiais militares, tamb\u00e9m colaboraram funcion\u00e1rios p\u00fablicos municipais, professores [&hellip;]\" \/>\n<meta property=\"og:url\" content=\"https:\/\/radiolifefm.com.br\/noticias\/pm-de-lucelia-colabora-na-arrecadacao-e-distribuicao-de-caixas-de-bombons\/\" \/>\n<meta property=\"og:site_name\" content=\"R\u00e1dio Life FM\" \/>\n<meta property=\"article:publisher\" content=\"https:\/\/www.facebook.com\/radiolifefm\/\" \/>\n<meta property=\"article:published_time\" content=\"2019-04-22T12:23:39+00:00\" \/>\n<meta property=\"article:modified_time\" content=\"2025-07-07T17:02:36+00:00\" \/>\n<meta property=\"og:image\" content=\"https:\/\/static.radiolifefm.com.br\/noticias\/wp-content\/uploads\/2019\/04\/Pol\u00edcia-Luc\u00e9lia.jpg\" \/>\n\t<meta property=\"og:image:width\" content=\"840\" \/>\n\t<meta property=\"og:image:height\" content=\"630\" \/>\n\t<meta property=\"og:image:type\" content=\"image\/jpeg\" \/>\n<meta name=\"author\" content=\"joaograndao\" \/>\n<meta name=\"twitter:card\" content=\"summary_large_image\" \/>\n<meta name=\"twitter:label1\" content=\"Escrito por\" \/>\n\t<meta name=\"twitter:data1\" content=\"joaograndao\" \/>\n\t<meta name=\"twitter:label2\" content=\"Est. tempo de leitura\" \/>\n\t<meta name=\"twitter:data2\" content=\"1 minuto\" \/>\n<script type=\"application\/ld+json\" class=\"yoast-schema-graph\">{\"@context\":\"https:\/\/schema.org\",\"@graph\":[{\"@type\":\"Article\",\"@id\":\"https:\/\/radiolifefm.com.br\/noticias\/pm-de-lucelia-colabora-na-arrecadacao-e-distribuicao-de-caixas-de-bombons\/#article\",\"isPartOf\":{\"@id\":\"https:\/\/radiolifefm.com.br\/noticias\/pm-de-lucelia-colabora-na-arrecadacao-e-distribuicao-de-caixas-de-bombons\/\"},\"author\":{\"name\":\"joaograndao\",\"@id\":\"https:\/\/radiolifefm.com.br\/noticias\/#\/schema\/person\/6876e1240feffe6e1b63fd5cb85abf28\"},\"headline\":\"PM de Luc\u00e9lia colabora na arrecada\u00e7\u00e3o e distribui\u00e7\u00e3o de caixas de bombons\",\"datePublished\":\"2019-04-22T12:23:39+00:00\",\"dateModified\":\"2025-07-07T17:02:36+00:00\",\"mainEntityOfPage\":{\"@id\":\"https:\/\/radiolifefm.com.br\/noticias\/pm-de-lucelia-colabora-na-arrecadacao-e-distribuicao-de-caixas-de-bombons\/\"},\"wordCount\":123,\"publisher\":{\"@id\":\"https:\/\/radiolifefm.com.br\/noticias\/#organization\"},\"image\":{\"@id\":\"https:\/\/radiolifefm.com.br\/noticias\/pm-de-lucelia-colabora-na-arrecadacao-e-distribuicao-de-caixas-de-bombons\/#primaryimage\"},\"thumbnailUrl\":\"https:\/\/radiolifefm.com.br\/noticias\/wp-content\/uploads\/2019\/04\/Pol\u00edcia-Luc\u00e9lia.jpg\",\"articleSection\":[\"Regi\u00e3o\"],\"inLanguage\":\"pt-BR\"},{\"@type\":\"WebPage\",\"@id\":\"https:\/\/radiolifefm.com.br\/noticias\/pm-de-lucelia-colabora-na-arrecadacao-e-distribuicao-de-caixas-de-bombons\/\",\"url\":\"https:\/\/radiolifefm.com.br\/noticias\/pm-de-lucelia-colabora-na-arrecadacao-e-distribuicao-de-caixas-de-bombons\/\",\"name\":\"PM de Luc\u00e9lia colabora na arrecada\u00e7\u00e3o e distribui\u00e7\u00e3o de caixas de bombons - R\u00e1dio Life FM\",\"isPartOf\":{\"@id\":\"https:\/\/radiolifefm.com.br\/noticias\/#website\"},\"primaryImageOfPage\":{\"@id\":\"https:\/\/radiolifefm.com.br\/noticias\/pm-de-lucelia-colabora-na-arrecadacao-e-distribuicao-de-caixas-de-bombons\/#primaryimage\"},\"image\":{\"@id\":\"https:\/\/radiolifefm.com.br\/noticias\/pm-de-lucelia-colabora-na-arrecadacao-e-distribuicao-de-caixas-de-bombons\/#primaryimage\"},\"thumbnailUrl\":\"https:\/\/radiolifefm.com.br\/noticias\/wp-content\/uploads\/2019\/04\/Pol\u00edcia-Luc\u00e9lia.jpg\",\"datePublished\":\"2019-04-22T12:23:39+00:00\",\"dateModified\":\"2025-07-07T17:02:36+00:00\",\"breadcrumb\":{\"@id\":\"https:\/\/radiolifefm.com.br\/noticias\/pm-de-lucelia-colabora-na-arrecadacao-e-distribuicao-de-caixas-de-bombons\/#breadcrumb\"},\"inLanguage\":\"pt-BR\",\"potentialAction\":[{\"@type\":\"ReadAction\",\"target\":[\"https:\/\/radiolifefm.com.br\/noticias\/pm-de-lucelia-colabora-na-arrecadacao-e-distribuicao-de-caixas-de-bombons\/\"]}]},{\"@type\":\"ImageObject\",\"inLanguage\":\"pt-BR\",\"@id\":\"https:\/\/radiolifefm.com.br\/noticias\/pm-de-lucelia-colabora-na-arrecadacao-e-distribuicao-de-caixas-de-bombons\/#primaryimage\",\"url\":\"https:\/\/radiolifefm.com.br\/noticias\/wp-content\/uploads\/2019\/04\/Pol\u00edcia-Luc\u00e9lia.jpg\",\"contentUrl\":\"https:\/\/radiolifefm.com.br\/noticias\/wp-content\/uploads\/2019\/04\/Pol\u00edcia-Luc\u00e9lia.jpg\",\"width\":840,\"height\":630,\"caption\":\"Policiais Militares de Luc\u00e9lia distribu\u00edram caixas de bombons para crian\u00e7as carentes - Foto - Policia Militar\"},{\"@type\":\"BreadcrumbList\",\"@id\":\"https:\/\/radiolifefm.com.br\/noticias\/pm-de-lucelia-colabora-na-arrecadacao-e-distribuicao-de-caixas-de-bombons\/#breadcrumb\",\"itemListElement\":[{\"@type\":\"ListItem\",\"position\":1,\"name\":\"In\u00edcio\",\"item\":\"https:\/\/radiolifefm.com.br\/noticias\/\"},{\"@type\":\"ListItem\",\"position\":2,\"name\":\"PM de Luc\u00e9lia colabora na arrecada\u00e7\u00e3o e distribui\u00e7\u00e3o de caixas de bombons\"}]},{\"@type\":\"WebSite\",\"@id\":\"https:\/\/radiolifefm.com.br\/noticias\/#website\",\"url\":\"https:\/\/radiolifefm.com.br\/noticias\/\",\"name\":\"R\u00e1dio Life FM\",\"description\":\"O Portal de Not\u00edcias de Adamantina\",\"publisher\":{\"@id\":\"https:\/\/radiolifefm.com.br\/noticias\/#organization\"},\"alternateName\":\"Life FM\",\"potentialAction\":[{\"@type\":\"SearchAction\",\"target\":{\"@type\":\"EntryPoint\",\"urlTemplate\":\"https:\/\/radiolifefm.com.br\/noticias\/?s={search_term_string}\"},\"query-input\":{\"@type\":\"PropertyValueSpecification\",\"valueRequired\":true,\"valueName\":\"search_term_string\"}}],\"inLanguage\":\"pt-BR\"},{\"@type\":\"Organization\",\"@id\":\"https:\/\/radiolifefm.com.br\/noticias\/#organization\",\"name\":\"R\u00e1dio Life FM\",\"alternateName\":\"Life FM\",\"url\":\"https:\/\/radiolifefm.com.br\/noticias\/\",\"logo\":{\"@type\":\"ImageObject\",\"inLanguage\":\"pt-BR\",\"@id\":\"https:\/\/radiolifefm.com.br\/noticias\/#\/schema\/logo\/image\/\",\"url\":\"https:\/\/static.radiolifefm.com.br\/noticias\/wp-content\/uploads\/2019\/10\/logo-lifefm.png\",\"contentUrl\":\"https:\/\/static.radiolifefm.com.br\/noticias\/wp-content\/uploads\/2019\/10\/logo-lifefm.png\",\"width\":196,\"height\":47,\"caption\":\"R\u00e1dio Life FM\"},\"image\":{\"@id\":\"https:\/\/radiolifefm.com.br\/noticias\/#\/schema\/logo\/image\/\"},\"sameAs\":[\"https:\/\/www.facebook.com\/radiolifefm\/\",\"https:\/\/www.instagram.com\/life1079fm\/\"]},{\"@type\":\"Person\",\"@id\":\"https:\/\/radiolifefm.com.br\/noticias\/#\/schema\/person\/6876e1240feffe6e1b63fd5cb85abf28\",\"name\":\"joaograndao\",\"image\":{\"@type\":\"ImageObject\",\"inLanguage\":\"pt-BR\",\"@id\":\"https:\/\/secure.gravatar.com\/avatar\/d5b1a3cf357ed9c50404e256a1294083aa8ab5d2a994001567302786016cb32c?s=96&d=mm&r=g\",\"url\":\"https:\/\/secure.gravatar.com\/avatar\/d5b1a3cf357ed9c50404e256a1294083aa8ab5d2a994001567302786016cb32c?s=96&d=mm&r=g\",\"contentUrl\":\"https:\/\/secure.gravatar.com\/avatar\/d5b1a3cf357ed9c50404e256a1294083aa8ab5d2a994001567302786016cb32c?s=96&d=mm&r=g\",\"caption\":\"joaograndao\"}}]}<\/script>\n<!-- \/ Yoast SEO plugin. -->","yoast_head_json":{"title":"PM de Luc\u00e9lia colabora na arrecada\u00e7\u00e3o e distribui\u00e7\u00e3o de caixas de bombons - R\u00e1dio Life FM","robots":{"index":"index","follow":"follow","max-snippet":"max-snippet:-1","max-image-preview":"max-image-preview:large","max-video-preview":"max-video-preview:-1"},"canonical":"https:\/\/radiolifefm.com.br\/noticias\/pm-de-lucelia-colabora-na-arrecadacao-e-distribuicao-de-caixas-de-bombons\/","og_locale":"pt_BR","og_type":"article","og_title":"PM de Luc\u00e9lia colabora na arrecada\u00e7\u00e3o e distribui\u00e7\u00e3o de caixas de bombons - R\u00e1dio Life FM","og_description":"Funcion\u00e1rios p\u00fablicos municipais, professores e comerciantes locais tamb\u00e9m colaboraram na arrecada\u00e7\u00e3o e distribui\u00e7\u00e3o dos bombons Policiais Militares colaboraram de forma volunt\u00e1ria, na arrecada\u00e7\u00e3o e distribui\u00e7\u00e3o de caixas de bombons que foram entregues neste s\u00e1bado (20), \u00e0 aproximadamente 200 crian\u00e7as carentes de um bairro em Luc\u00e9lia. Al\u00e9m dos policiais militares, tamb\u00e9m colaboraram funcion\u00e1rios p\u00fablicos municipais, professores [&hellip;]","og_url":"https:\/\/radiolifefm.com.br\/noticias\/pm-de-lucelia-colabora-na-arrecadacao-e-distribuicao-de-caixas-de-bombons\/","og_site_name":"R\u00e1dio Life FM","article_publisher":"https:\/\/www.facebook.com\/radiolifefm\/","article_published_time":"2019-04-22T12:23:39+00:00","article_modified_time":"2025-07-07T17:02:36+00:00","og_image":[{"width":840,"height":630,"url":"https:\/\/static.radiolifefm.com.br\/noticias\/wp-content\/uploads\/2019\/04\/Pol\u00edcia-Luc\u00e9lia.jpg","type":"image\/jpeg"}],"author":"joaograndao","twitter_card":"summary_large_image","twitter_misc":{"Escrito por":"joaograndao","Est. tempo de leitura":"1 minuto"},"schema":{"@context":"https:\/\/schema.org","@graph":[{"@type":"Article","@id":"https:\/\/radiolifefm.com.br\/noticias\/pm-de-lucelia-colabora-na-arrecadacao-e-distribuicao-de-caixas-de-bombons\/#article","isPartOf":{"@id":"https:\/\/radiolifefm.com.br\/noticias\/pm-de-lucelia-colabora-na-arrecadacao-e-distribuicao-de-caixas-de-bombons\/"},"author":{"name":"joaograndao","@id":"https:\/\/radiolifefm.com.br\/noticias\/#\/schema\/person\/6876e1240feffe6e1b63fd5cb85abf28"},"headline":"PM de Luc\u00e9lia colabora na arrecada\u00e7\u00e3o e distribui\u00e7\u00e3o de caixas de bombons","datePublished":"2019-04-22T12:23:39+00:00","dateModified":"2025-07-07T17:02:36+00:00","mainEntityOfPage":{"@id":"https:\/\/radiolifefm.com.br\/noticias\/pm-de-lucelia-colabora-na-arrecadacao-e-distribuicao-de-caixas-de-bombons\/"},"wordCount":123,"publisher":{"@id":"https:\/\/radiolifefm.com.br\/noticias\/#organization"},"image":{"@id":"https:\/\/radiolifefm.com.br\/noticias\/pm-de-lucelia-colabora-na-arrecadacao-e-distribuicao-de-caixas-de-bombons\/#primaryimage"},"thumbnailUrl":"https:\/\/radiolifefm.com.br\/noticias\/wp-content\/uploads\/2019\/04\/Pol\u00edcia-Luc\u00e9lia.jpg","articleSection":["Regi\u00e3o"],"inLanguage":"pt-BR"},{"@type":"WebPage","@id":"https:\/\/radiolifefm.com.br\/noticias\/pm-de-lucelia-colabora-na-arrecadacao-e-distribuicao-de-caixas-de-bombons\/","url":"https:\/\/radiolifefm.com.br\/noticias\/pm-de-lucelia-colabora-na-arrecadacao-e-distribuicao-de-caixas-de-bombons\/","name":"PM de Luc\u00e9lia colabora na arrecada\u00e7\u00e3o e distribui\u00e7\u00e3o de caixas de bombons - R\u00e1dio Life FM","isPartOf":{"@id":"https:\/\/radiolifefm.com.br\/noticias\/#website"},"primaryImageOfPage":{"@id":"https:\/\/radiolifefm.com.br\/noticias\/pm-de-lucelia-colabora-na-arrecadacao-e-distribuicao-de-caixas-de-bombons\/#primaryimage"},"image":{"@id":"https:\/\/radiolifefm.com.br\/noticias\/pm-de-lucelia-colabora-na-arrecadacao-e-distribuicao-de-caixas-de-bombons\/#primaryimage"},"thumbnailUrl":"https:\/\/radiolifefm.com.br\/noticias\/wp-content\/uploads\/2019\/04\/Pol\u00edcia-Luc\u00e9lia.jpg","datePublished":"2019-04-22T12:23:39+00:00","dateModified":"2025-07-07T17:02:36+00:00","breadcrumb":{"@id":"https:\/\/radiolifefm.com.br\/noticias\/pm-de-lucelia-colabora-na-arrecadacao-e-distribuicao-de-caixas-de-bombons\/#breadcrumb"},"inLanguage":"pt-BR","potentialAction":[{"@type":"ReadAction","target":["https:\/\/radiolifefm.com.br\/noticias\/pm-de-lucelia-colabora-na-arrecadacao-e-distribuicao-de-caixas-de-bombons\/"]}]},{"@type":"ImageObject","inLanguage":"pt-BR","@id":"https:\/\/radiolifefm.com.br\/noticias\/pm-de-lucelia-colabora-na-arrecadacao-e-distribuicao-de-caixas-de-bombons\/#primaryimage","url":"https:\/\/radiolifefm.com.br\/noticias\/wp-content\/uploads\/2019\/04\/Pol\u00edcia-Luc\u00e9lia.jpg","contentUrl":"https:\/\/radiolifefm.com.br\/noticias\/wp-content\/uploads\/2019\/04\/Pol\u00edcia-Luc\u00e9lia.jpg","width":840,"height":630,"caption":"Policiais Militares de Luc\u00e9lia distribu\u00edram caixas de bombons para crian\u00e7as carentes - Foto - Policia Militar"},{"@type":"BreadcrumbList","@id":"https:\/\/radiolifefm.com.br\/noticias\/pm-de-lucelia-colabora-na-arrecadacao-e-distribuicao-de-caixas-de-bombons\/#breadcrumb","itemListElement":[{"@type":"ListItem","position":1,"name":"In\u00edcio","item":"https:\/\/radiolifefm.com.br\/noticias\/"},{"@type":"ListItem","position":2,"name":"PM de Luc\u00e9lia colabora na arrecada\u00e7\u00e3o e distribui\u00e7\u00e3o de caixas de bombons"}]},{"@type":"WebSite","@id":"https:\/\/radiolifefm.com.br\/noticias\/#website","url":"https:\/\/radiolifefm.com.br\/noticias\/","name":"R\u00e1dio Life FM","description":"O Portal de Not\u00edcias de Adamantina","publisher":{"@id":"https:\/\/radiolifefm.com.br\/noticias\/#organization"},"alternateName":"Life FM","potentialAction":[{"@type":"SearchAction","target":{"@type":"EntryPoint","urlTemplate":"https:\/\/radiolifefm.com.br\/noticias\/?s={search_term_string}"},"query-input":{"@type":"PropertyValueSpecification","valueRequired":true,"valueName":"search_term_string"}}],"inLanguage":"pt-BR"},{"@type":"Organization","@id":"https:\/\/radiolifefm.com.br\/noticias\/#organization","name":"R\u00e1dio Life FM","alternateName":"Life FM","url":"https:\/\/radiolifefm.com.br\/noticias\/","logo":{"@type":"ImageObject","inLanguage":"pt-BR","@id":"https:\/\/radiolifefm.com.br\/noticias\/#\/schema\/logo\/image\/","url":"https:\/\/static.radiolifefm.com.br\/noticias\/wp-content\/uploads\/2019\/10\/logo-lifefm.png","contentUrl":"https:\/\/static.radiolifefm.com.br\/noticias\/wp-content\/uploads\/2019\/10\/logo-lifefm.png","width":196,"height":47,"caption":"R\u00e1dio Life FM"},"image":{"@id":"https:\/\/radiolifefm.com.br\/noticias\/#\/schema\/logo\/image\/"},"sameAs":["https:\/\/www.facebook.com\/radiolifefm\/","https:\/\/www.instagram.com\/life1079fm\/"]},{"@type":"Person","@id":"https:\/\/radiolifefm.com.br\/noticias\/#\/schema\/person\/6876e1240feffe6e1b63fd5cb85abf28","name":"joaograndao","image":{"@type":"ImageObject","inLanguage":"pt-BR","@id":"https:\/\/secure.gravatar.com\/avatar\/d5b1a3cf357ed9c50404e256a1294083aa8ab5d2a994001567302786016cb32c?s=96&d=mm&r=g","url":"https:\/\/secure.gravatar.com\/avatar\/d5b1a3cf357ed9c50404e256a1294083aa8ab5d2a994001567302786016cb32c?s=96&d=mm&r=g","contentUrl":"https:\/\/secure.gravatar.com\/avatar\/d5b1a3cf357ed9c50404e256a1294083aa8ab5d2a994001567302786016cb32c?s=96&d=mm&r=g","caption":"joaograndao"}}]}},"amp_enabled":true,"_links":{"self":[{"href":"https:\/\/radiolifefm.com.br\/noticias\/wp-json\/wp\/v2\/posts\/12236","targetHints":{"allow":["GET"]}}],"collection":[{"href":"https:\/\/radiolifefm.com.br\/noticias\/wp-json\/wp\/v2\/posts"}],"about":[{"href":"https:\/\/radiolifefm.com.br\/noticias\/wp-json\/wp\/v2\/types\/post"}],"author":[{"embeddable":true,"href":"https:\/\/radiolifefm.com.br\/noticias\/wp-json\/wp\/v2\/users\/8"}],"replies":[{"embeddable":true,"href":"https:\/\/radiolifefm.com.br\/noticias\/wp-json\/wp\/v2\/comments?post=12236"}],"version-history":[{"count":2,"href":"https:\/\/radiolifefm.com.br\/noticias\/wp-json\/wp\/v2\/posts\/12236\/revisions"}],"predecessor-version":[{"id":12325,"href":"https:\/\/radiolifefm.com.br\/noticias\/wp-json\/wp\/v2\/posts\/12236\/revisions\/12325"}],"wp:featuredmedia":[{"embeddable":true,"href":"https:\/\/radiolifefm.com.br\/noticias\/wp-json\/wp\/v2\/media\/12237"}],"wp:attachment":[{"href":"https:\/\/radiolifefm.com.br\/noticias\/wp-json\/wp\/v2\/media?parent=12236"}],"wp:term":[{"taxonomy":"category","embeddable":true,"href":"https:\/\/radiolifefm.com.br\/noticias\/wp-json\/wp\/v2\/categories?post=12236"},{"taxonomy":"post_tag","embeddable":true,"href":"https:\/\/radiolifefm.com.br\/noticias\/wp-json\/wp\/v2\/tags?post=12236"}],"curies":[{"name":"wp","href":"https:\/\/api.w.org\/{rel}","templated":true}]}}