{"id":12233,"date":"2019-04-22T09:10:29","date_gmt":"2019-04-22T12:10:29","guid":{"rendered":"https:\/\/radiolifefm.com.br\/noticias\/?p=12233"},"modified":"2026-04-22T19:46:50","modified_gmt":"2026-04-22T22:46:50","slug":"policia-prende-homem-com-arma-de-uso-restrito-das-forcas-armadas-em-tupa","status":"publish","type":"post","link":"https:\/\/radiolifefm.com.br\/noticias\/policia-prende-homem-com-arma-de-uso-restrito-das-forcas-armadas-em-tupa\/","title":{"rendered":"Pol\u00edcia prende homem com arma de uso restrito das for\u00e7as armadas em Tup\u00e3"},"content":{"rendered":"<div id=\"fb-root\"><\/div>\n<p><em>Den\u00fancia levou equipes da Pol\u00edcia Militar at\u00e9 um posto de combust\u00edveis da cidade, onde o homem de 30 anos exibia a arma<\/em><\/p>\n<p>Na noite deste s\u00e1bado, policiais militares da For\u00e7a T\u00e1tica, surpreenderam um homem de 30 anos que foi autuado em flagrante por porte ilegal de arma de fogo de uso restrito, na Vila Abarca, em Tup\u00e3.<\/p>\n<p>De acordo com a Pol\u00edcia Militar, a equipe recebeu informa\u00e7\u00f5es de que um suspeito estava exibindo uma pistola no p\u00e1tio de um posto de combust\u00edveis.<\/p>\n<p>No local, a pol\u00edcia encontrou o homem dentro de uma caminhonete, com uma pistola calibre 45 e oito muni\u00e7\u00f5es intactas. Esse calibre em quest\u00e3o \u00e9 restrito para o uso das for\u00e7as armadas.<\/p>\n<p>O homem foi conduzido para Central de Pol\u00edcia Judici\u00e1ria, onde foi autuado em flagrante delito, permanecendo \u00e0 disposi\u00e7\u00e3o da Justi\u00e7a.<\/p>\n<p>Fonte: Mais Tup\u00e3<\/p>\n<p>Reda\u00e7\u00e3o &#8211; Kako de Oliveira<\/p>\n","protected":false},"excerpt":{"rendered":"<p>Den\u00fancia levou equipes da Pol\u00edcia Militar at\u00e9 um posto de combust\u00edveis da cidade, onde o homem de 30 anos exibia a arma Na noite deste s\u00e1bado, policiais militares da For\u00e7a T\u00e1tica, surpreenderam um homem de 30 anos que foi autuado em flagrante por porte ilegal de arma de fogo de uso restrito, na Vila Abarca, [&hellip;]<\/p>\n","protected":false},"author":8,"featured_media":12234,"comment_status":"open","ping_status":"open","sticky":false,"template":"","format":"standard","meta":{"_acf_changed":false,"_exactmetrics_skip_tracking":false,"_exactmetrics_sitenote_active":false,"_exactmetrics_sitenote_note":"","_exactmetrics_sitenote_category":0,"footnotes":""},"categories":[24],"tags":[],"class_list":["post-12233","post","type-post","status-publish","format-standard","has-post-thumbnail","hentry","category-regiao"],"acf":[],"yoast_head":"<!-- This site is optimized with the Yoast SEO plugin v27.2 - https:\/\/yoast.com\/product\/yoast-seo-wordpress\/ -->\n<title>Pol\u00edcia prende homem com arma de uso restrito das for\u00e7as armadas em Tup\u00e3 - R\u00e1dio Life FM<\/title>\n<meta name=\"robots\" content=\"index, follow, max-snippet:-1, max-image-preview:large, max-video-preview:-1\" \/>\n<link rel=\"canonical\" href=\"https:\/\/radiolifefm.com.br\/noticias\/policia-prende-homem-com-arma-de-uso-restrito-das-forcas-armadas-em-tupa\/\" \/>\n<meta property=\"og:locale\" content=\"pt_BR\" \/>\n<meta property=\"og:type\" content=\"article\" \/>\n<meta property=\"og:title\" content=\"Pol\u00edcia prende homem com arma de uso restrito das for\u00e7as armadas em Tup\u00e3 - R\u00e1dio Life FM\" \/>\n<meta property=\"og:description\" content=\"Den\u00fancia levou equipes da Pol\u00edcia Militar at\u00e9 um posto de combust\u00edveis da cidade, onde o homem de 30 anos exibia a arma Na noite deste s\u00e1bado, policiais militares da For\u00e7a T\u00e1tica, surpreenderam um homem de 30 anos que foi autuado em flagrante por porte ilegal de arma de fogo de uso restrito, na Vila Abarca, [&hellip;]\" \/>\n<meta property=\"og:url\" content=\"https:\/\/radiolifefm.com.br\/noticias\/policia-prende-homem-com-arma-de-uso-restrito-das-forcas-armadas-em-tupa\/\" \/>\n<meta property=\"og:site_name\" content=\"R\u00e1dio Life FM\" \/>\n<meta property=\"article:publisher\" content=\"https:\/\/www.facebook.com\/radiolifefm\/\" \/>\n<meta property=\"article:published_time\" content=\"2019-04-22T12:10:29+00:00\" \/>\n<meta property=\"article:modified_time\" content=\"2026-04-22T22:46:50+00:00\" \/>\n<meta property=\"og:image\" content=\"https:\/\/radiolifefm.com.br\/noticias\/wp-content\/uploads\/2019\/04\/Pistola-Tup\u00e3.jpg\" \/>\n\t<meta property=\"og:image:width\" content=\"620\" \/>\n\t<meta property=\"og:image:height\" content=\"415\" \/>\n\t<meta property=\"og:image:type\" content=\"image\/jpeg\" \/>\n<meta name=\"author\" content=\"joaograndao\" \/>\n<meta name=\"twitter:card\" content=\"summary_large_image\" \/>\n<meta name=\"twitter:label1\" content=\"Escrito por\" \/>\n\t<meta name=\"twitter:data1\" content=\"joaograndao\" \/>\n\t<meta name=\"twitter:label2\" content=\"Est. tempo de leitura\" \/>\n\t<meta name=\"twitter:data2\" content=\"1 minuto\" \/>\n<script type=\"application\/ld+json\" class=\"yoast-schema-graph\">{\"@context\":\"https:\/\/schema.org\",\"@graph\":[{\"@type\":\"Article\",\"@id\":\"https:\/\/radiolifefm.com.br\/noticias\/policia-prende-homem-com-arma-de-uso-restrito-das-forcas-armadas-em-tupa\/#article\",\"isPartOf\":{\"@id\":\"https:\/\/radiolifefm.com.br\/noticias\/policia-prende-homem-com-arma-de-uso-restrito-das-forcas-armadas-em-tupa\/\"},\"author\":{\"name\":\"joaograndao\",\"@id\":\"https:\/\/radiolifefm.com.br\/noticias\/#\/schema\/person\/6876e1240feffe6e1b63fd5cb85abf28\"},\"headline\":\"Pol\u00edcia prende homem com arma de uso restrito das for\u00e7as armadas em Tup\u00e3\",\"datePublished\":\"2019-04-22T12:10:29+00:00\",\"dateModified\":\"2026-04-22T22:46:50+00:00\",\"mainEntityOfPage\":{\"@id\":\"https:\/\/radiolifefm.com.br\/noticias\/policia-prende-homem-com-arma-de-uso-restrito-das-forcas-armadas-em-tupa\/\"},\"wordCount\":171,\"commentCount\":0,\"publisher\":{\"@id\":\"https:\/\/radiolifefm.com.br\/noticias\/#organization\"},\"image\":{\"@id\":\"https:\/\/radiolifefm.com.br\/noticias\/policia-prende-homem-com-arma-de-uso-restrito-das-forcas-armadas-em-tupa\/#primaryimage\"},\"thumbnailUrl\":\"https:\/\/radiolifefm.com.br\/noticias\/wp-content\/uploads\/2019\/04\/Pistola-Tup\u00e3.jpg\",\"articleSection\":[\"Regi\u00e3o\"],\"inLanguage\":\"pt-BR\",\"potentialAction\":[{\"@type\":\"CommentAction\",\"name\":\"Comment\",\"target\":[\"https:\/\/radiolifefm.com.br\/noticias\/policia-prende-homem-com-arma-de-uso-restrito-das-forcas-armadas-em-tupa\/#respond\"]}]},{\"@type\":\"WebPage\",\"@id\":\"https:\/\/radiolifefm.com.br\/noticias\/policia-prende-homem-com-arma-de-uso-restrito-das-forcas-armadas-em-tupa\/\",\"url\":\"https:\/\/radiolifefm.com.br\/noticias\/policia-prende-homem-com-arma-de-uso-restrito-das-forcas-armadas-em-tupa\/\",\"name\":\"Pol\u00edcia prende homem com arma de uso restrito das for\u00e7as armadas em Tup\u00e3 - R\u00e1dio Life FM\",\"isPartOf\":{\"@id\":\"https:\/\/radiolifefm.com.br\/noticias\/#website\"},\"primaryImageOfPage\":{\"@id\":\"https:\/\/radiolifefm.com.br\/noticias\/policia-prende-homem-com-arma-de-uso-restrito-das-forcas-armadas-em-tupa\/#primaryimage\"},\"image\":{\"@id\":\"https:\/\/radiolifefm.com.br\/noticias\/policia-prende-homem-com-arma-de-uso-restrito-das-forcas-armadas-em-tupa\/#primaryimage\"},\"thumbnailUrl\":\"https:\/\/radiolifefm.com.br\/noticias\/wp-content\/uploads\/2019\/04\/Pistola-Tup\u00e3.jpg\",\"datePublished\":\"2019-04-22T12:10:29+00:00\",\"dateModified\":\"2026-04-22T22:46:50+00:00\",\"breadcrumb\":{\"@id\":\"https:\/\/radiolifefm.com.br\/noticias\/policia-prende-homem-com-arma-de-uso-restrito-das-forcas-armadas-em-tupa\/#breadcrumb\"},\"inLanguage\":\"pt-BR\",\"potentialAction\":[{\"@type\":\"ReadAction\",\"target\":[\"https:\/\/radiolifefm.com.br\/noticias\/policia-prende-homem-com-arma-de-uso-restrito-das-forcas-armadas-em-tupa\/\"]}]},{\"@type\":\"ImageObject\",\"inLanguage\":\"pt-BR\",\"@id\":\"https:\/\/radiolifefm.com.br\/noticias\/policia-prende-homem-com-arma-de-uso-restrito-das-forcas-armadas-em-tupa\/#primaryimage\",\"url\":\"https:\/\/radiolifefm.com.br\/noticias\/wp-content\/uploads\/2019\/04\/Pistola-Tup\u00e3.jpg\",\"contentUrl\":\"https:\/\/radiolifefm.com.br\/noticias\/wp-content\/uploads\/2019\/04\/Pistola-Tup\u00e3.jpg\",\"width\":620,\"height\":415,\"caption\":\"Arma de uso restrito das For\u00e7as armadas apreendida em Tup\u00e3 - Foto - Pol\u00edcia Militar - Divulga\u00e7\u00e3o\"},{\"@type\":\"BreadcrumbList\",\"@id\":\"https:\/\/radiolifefm.com.br\/noticias\/policia-prende-homem-com-arma-de-uso-restrito-das-forcas-armadas-em-tupa\/#breadcrumb\",\"itemListElement\":[{\"@type\":\"ListItem\",\"position\":1,\"name\":\"In\u00edcio\",\"item\":\"https:\/\/radiolifefm.com.br\/noticias\/\"},{\"@type\":\"ListItem\",\"position\":2,\"name\":\"Pol\u00edcia prende homem com arma de uso restrito das for\u00e7as armadas em Tup\u00e3\"}]},{\"@type\":\"WebSite\",\"@id\":\"https:\/\/radiolifefm.com.br\/noticias\/#website\",\"url\":\"https:\/\/radiolifefm.com.br\/noticias\/\",\"name\":\"R\u00e1dio Life FM\",\"description\":\"O Portal de Not\u00edcias de Adamantina\",\"publisher\":{\"@id\":\"https:\/\/radiolifefm.com.br\/noticias\/#organization\"},\"alternateName\":\"Life FM\",\"potentialAction\":[{\"@type\":\"SearchAction\",\"target\":{\"@type\":\"EntryPoint\",\"urlTemplate\":\"https:\/\/radiolifefm.com.br\/noticias\/?s={search_term_string}\"},\"query-input\":{\"@type\":\"PropertyValueSpecification\",\"valueRequired\":true,\"valueName\":\"search_term_string\"}}],\"inLanguage\":\"pt-BR\"},{\"@type\":\"Organization\",\"@id\":\"https:\/\/radiolifefm.com.br\/noticias\/#organization\",\"name\":\"R\u00e1dio Life FM\",\"alternateName\":\"Life FM\",\"url\":\"https:\/\/radiolifefm.com.br\/noticias\/\",\"logo\":{\"@type\":\"ImageObject\",\"inLanguage\":\"pt-BR\",\"@id\":\"https:\/\/radiolifefm.com.br\/noticias\/#\/schema\/logo\/image\/\",\"url\":\"https:\/\/static.radiolifefm.com.br\/noticias\/wp-content\/uploads\/2019\/10\/logo-lifefm.png\",\"contentUrl\":\"https:\/\/static.radiolifefm.com.br\/noticias\/wp-content\/uploads\/2019\/10\/logo-lifefm.png\",\"width\":196,\"height\":47,\"caption\":\"R\u00e1dio Life FM\"},\"image\":{\"@id\":\"https:\/\/radiolifefm.com.br\/noticias\/#\/schema\/logo\/image\/\"},\"sameAs\":[\"https:\/\/www.facebook.com\/radiolifefm\/\",\"https:\/\/www.instagram.com\/life1079fm\/\"]},{\"@type\":\"Person\",\"@id\":\"https:\/\/radiolifefm.com.br\/noticias\/#\/schema\/person\/6876e1240feffe6e1b63fd5cb85abf28\",\"name\":\"joaograndao\",\"image\":{\"@type\":\"ImageObject\",\"inLanguage\":\"pt-BR\",\"@id\":\"https:\/\/secure.gravatar.com\/avatar\/d5b1a3cf357ed9c50404e256a1294083aa8ab5d2a994001567302786016cb32c?s=96&d=mm&r=g\",\"url\":\"https:\/\/secure.gravatar.com\/avatar\/d5b1a3cf357ed9c50404e256a1294083aa8ab5d2a994001567302786016cb32c?s=96&d=mm&r=g\",\"contentUrl\":\"https:\/\/secure.gravatar.com\/avatar\/d5b1a3cf357ed9c50404e256a1294083aa8ab5d2a994001567302786016cb32c?s=96&d=mm&r=g\",\"caption\":\"joaograndao\"}}]}<\/script>\n<!-- \/ Yoast SEO plugin. -->","yoast_head_json":{"title":"Pol\u00edcia prende homem com arma de uso restrito das for\u00e7as armadas em Tup\u00e3 - R\u00e1dio Life FM","robots":{"index":"index","follow":"follow","max-snippet":"max-snippet:-1","max-image-preview":"max-image-preview:large","max-video-preview":"max-video-preview:-1"},"canonical":"https:\/\/radiolifefm.com.br\/noticias\/policia-prende-homem-com-arma-de-uso-restrito-das-forcas-armadas-em-tupa\/","og_locale":"pt_BR","og_type":"article","og_title":"Pol\u00edcia prende homem com arma de uso restrito das for\u00e7as armadas em Tup\u00e3 - R\u00e1dio Life FM","og_description":"Den\u00fancia levou equipes da Pol\u00edcia Militar at\u00e9 um posto de combust\u00edveis da cidade, onde o homem de 30 anos exibia a arma Na noite deste s\u00e1bado, policiais militares da For\u00e7a T\u00e1tica, surpreenderam um homem de 30 anos que foi autuado em flagrante por porte ilegal de arma de fogo de uso restrito, na Vila Abarca, [&hellip;]","og_url":"https:\/\/radiolifefm.com.br\/noticias\/policia-prende-homem-com-arma-de-uso-restrito-das-forcas-armadas-em-tupa\/","og_site_name":"R\u00e1dio Life FM","article_publisher":"https:\/\/www.facebook.com\/radiolifefm\/","article_published_time":"2019-04-22T12:10:29+00:00","article_modified_time":"2026-04-22T22:46:50+00:00","og_image":[{"width":620,"height":415,"url":"https:\/\/radiolifefm.com.br\/noticias\/wp-content\/uploads\/2019\/04\/Pistola-Tup\u00e3.jpg","type":"image\/jpeg"}],"author":"joaograndao","twitter_card":"summary_large_image","twitter_misc":{"Escrito por":"joaograndao","Est. tempo de leitura":"1 minuto"},"schema":{"@context":"https:\/\/schema.org","@graph":[{"@type":"Article","@id":"https:\/\/radiolifefm.com.br\/noticias\/policia-prende-homem-com-arma-de-uso-restrito-das-forcas-armadas-em-tupa\/#article","isPartOf":{"@id":"https:\/\/radiolifefm.com.br\/noticias\/policia-prende-homem-com-arma-de-uso-restrito-das-forcas-armadas-em-tupa\/"},"author":{"name":"joaograndao","@id":"https:\/\/radiolifefm.com.br\/noticias\/#\/schema\/person\/6876e1240feffe6e1b63fd5cb85abf28"},"headline":"Pol\u00edcia prende homem com arma de uso restrito das for\u00e7as armadas em Tup\u00e3","datePublished":"2019-04-22T12:10:29+00:00","dateModified":"2026-04-22T22:46:50+00:00","mainEntityOfPage":{"@id":"https:\/\/radiolifefm.com.br\/noticias\/policia-prende-homem-com-arma-de-uso-restrito-das-forcas-armadas-em-tupa\/"},"wordCount":171,"commentCount":0,"publisher":{"@id":"https:\/\/radiolifefm.com.br\/noticias\/#organization"},"image":{"@id":"https:\/\/radiolifefm.com.br\/noticias\/policia-prende-homem-com-arma-de-uso-restrito-das-forcas-armadas-em-tupa\/#primaryimage"},"thumbnailUrl":"https:\/\/radiolifefm.com.br\/noticias\/wp-content\/uploads\/2019\/04\/Pistola-Tup\u00e3.jpg","articleSection":["Regi\u00e3o"],"inLanguage":"pt-BR","potentialAction":[{"@type":"CommentAction","name":"Comment","target":["https:\/\/radiolifefm.com.br\/noticias\/policia-prende-homem-com-arma-de-uso-restrito-das-forcas-armadas-em-tupa\/#respond"]}]},{"@type":"WebPage","@id":"https:\/\/radiolifefm.com.br\/noticias\/policia-prende-homem-com-arma-de-uso-restrito-das-forcas-armadas-em-tupa\/","url":"https:\/\/radiolifefm.com.br\/noticias\/policia-prende-homem-com-arma-de-uso-restrito-das-forcas-armadas-em-tupa\/","name":"Pol\u00edcia prende homem com arma de uso restrito das for\u00e7as armadas em Tup\u00e3 - R\u00e1dio Life FM","isPartOf":{"@id":"https:\/\/radiolifefm.com.br\/noticias\/#website"},"primaryImageOfPage":{"@id":"https:\/\/radiolifefm.com.br\/noticias\/policia-prende-homem-com-arma-de-uso-restrito-das-forcas-armadas-em-tupa\/#primaryimage"},"image":{"@id":"https:\/\/radiolifefm.com.br\/noticias\/policia-prende-homem-com-arma-de-uso-restrito-das-forcas-armadas-em-tupa\/#primaryimage"},"thumbnailUrl":"https:\/\/radiolifefm.com.br\/noticias\/wp-content\/uploads\/2019\/04\/Pistola-Tup\u00e3.jpg","datePublished":"2019-04-22T12:10:29+00:00","dateModified":"2026-04-22T22:46:50+00:00","breadcrumb":{"@id":"https:\/\/radiolifefm.com.br\/noticias\/policia-prende-homem-com-arma-de-uso-restrito-das-forcas-armadas-em-tupa\/#breadcrumb"},"inLanguage":"pt-BR","potentialAction":[{"@type":"ReadAction","target":["https:\/\/radiolifefm.com.br\/noticias\/policia-prende-homem-com-arma-de-uso-restrito-das-forcas-armadas-em-tupa\/"]}]},{"@type":"ImageObject","inLanguage":"pt-BR","@id":"https:\/\/radiolifefm.com.br\/noticias\/policia-prende-homem-com-arma-de-uso-restrito-das-forcas-armadas-em-tupa\/#primaryimage","url":"https:\/\/radiolifefm.com.br\/noticias\/wp-content\/uploads\/2019\/04\/Pistola-Tup\u00e3.jpg","contentUrl":"https:\/\/radiolifefm.com.br\/noticias\/wp-content\/uploads\/2019\/04\/Pistola-Tup\u00e3.jpg","width":620,"height":415,"caption":"Arma de uso restrito das For\u00e7as armadas apreendida em Tup\u00e3 - Foto - Pol\u00edcia Militar - Divulga\u00e7\u00e3o"},{"@type":"BreadcrumbList","@id":"https:\/\/radiolifefm.com.br\/noticias\/policia-prende-homem-com-arma-de-uso-restrito-das-forcas-armadas-em-tupa\/#breadcrumb","itemListElement":[{"@type":"ListItem","position":1,"name":"In\u00edcio","item":"https:\/\/radiolifefm.com.br\/noticias\/"},{"@type":"ListItem","position":2,"name":"Pol\u00edcia prende homem com arma de uso restrito das for\u00e7as armadas em Tup\u00e3"}]},{"@type":"WebSite","@id":"https:\/\/radiolifefm.com.br\/noticias\/#website","url":"https:\/\/radiolifefm.com.br\/noticias\/","name":"R\u00e1dio Life FM","description":"O Portal de Not\u00edcias de Adamantina","publisher":{"@id":"https:\/\/radiolifefm.com.br\/noticias\/#organization"},"alternateName":"Life FM","potentialAction":[{"@type":"SearchAction","target":{"@type":"EntryPoint","urlTemplate":"https:\/\/radiolifefm.com.br\/noticias\/?s={search_term_string}"},"query-input":{"@type":"PropertyValueSpecification","valueRequired":true,"valueName":"search_term_string"}}],"inLanguage":"pt-BR"},{"@type":"Organization","@id":"https:\/\/radiolifefm.com.br\/noticias\/#organization","name":"R\u00e1dio Life FM","alternateName":"Life FM","url":"https:\/\/radiolifefm.com.br\/noticias\/","logo":{"@type":"ImageObject","inLanguage":"pt-BR","@id":"https:\/\/radiolifefm.com.br\/noticias\/#\/schema\/logo\/image\/","url":"https:\/\/static.radiolifefm.com.br\/noticias\/wp-content\/uploads\/2019\/10\/logo-lifefm.png","contentUrl":"https:\/\/static.radiolifefm.com.br\/noticias\/wp-content\/uploads\/2019\/10\/logo-lifefm.png","width":196,"height":47,"caption":"R\u00e1dio Life FM"},"image":{"@id":"https:\/\/radiolifefm.com.br\/noticias\/#\/schema\/logo\/image\/"},"sameAs":["https:\/\/www.facebook.com\/radiolifefm\/","https:\/\/www.instagram.com\/life1079fm\/"]},{"@type":"Person","@id":"https:\/\/radiolifefm.com.br\/noticias\/#\/schema\/person\/6876e1240feffe6e1b63fd5cb85abf28","name":"joaograndao","image":{"@type":"ImageObject","inLanguage":"pt-BR","@id":"https:\/\/secure.gravatar.com\/avatar\/d5b1a3cf357ed9c50404e256a1294083aa8ab5d2a994001567302786016cb32c?s=96&d=mm&r=g","url":"https:\/\/secure.gravatar.com\/avatar\/d5b1a3cf357ed9c50404e256a1294083aa8ab5d2a994001567302786016cb32c?s=96&d=mm&r=g","contentUrl":"https:\/\/secure.gravatar.com\/avatar\/d5b1a3cf357ed9c50404e256a1294083aa8ab5d2a994001567302786016cb32c?s=96&d=mm&r=g","caption":"joaograndao"}}]}},"amp_enabled":true,"_links":{"self":[{"href":"https:\/\/radiolifefm.com.br\/noticias\/wp-json\/wp\/v2\/posts\/12233","targetHints":{"allow":["GET"]}}],"collection":[{"href":"https:\/\/radiolifefm.com.br\/noticias\/wp-json\/wp\/v2\/posts"}],"about":[{"href":"https:\/\/radiolifefm.com.br\/noticias\/wp-json\/wp\/v2\/types\/post"}],"author":[{"embeddable":true,"href":"https:\/\/radiolifefm.com.br\/noticias\/wp-json\/wp\/v2\/users\/8"}],"replies":[{"embeddable":true,"href":"https:\/\/radiolifefm.com.br\/noticias\/wp-json\/wp\/v2\/comments?post=12233"}],"version-history":[{"count":1,"href":"https:\/\/radiolifefm.com.br\/noticias\/wp-json\/wp\/v2\/posts\/12233\/revisions"}],"predecessor-version":[{"id":12235,"href":"https:\/\/radiolifefm.com.br\/noticias\/wp-json\/wp\/v2\/posts\/12233\/revisions\/12235"}],"wp:featuredmedia":[{"embeddable":true,"href":"https:\/\/radiolifefm.com.br\/noticias\/wp-json\/wp\/v2\/media\/12234"}],"wp:attachment":[{"href":"https:\/\/radiolifefm.com.br\/noticias\/wp-json\/wp\/v2\/media?parent=12233"}],"wp:term":[{"taxonomy":"category","embeddable":true,"href":"https:\/\/radiolifefm.com.br\/noticias\/wp-json\/wp\/v2\/categories?post=12233"},{"taxonomy":"post_tag","embeddable":true,"href":"https:\/\/radiolifefm.com.br\/noticias\/wp-json\/wp\/v2\/tags?post=12233"}],"curies":[{"name":"wp","href":"https:\/\/api.w.org\/{rel}","templated":true}]}}