{"id":12162,"date":"2019-04-17T21:32:40","date_gmt":"2019-04-18T00:32:40","guid":{"rendered":"https:\/\/radiolifefm.com.br\/noticias\/?p=12162"},"modified":"2026-04-20T17:57:49","modified_gmt":"2026-04-20T20:57:49","slug":"dois-vereadores-de-irapuru-rejeitam-reposicao-de-salarios-e-devolvem-valor-em-equipamentos-para-escolas","status":"publish","type":"post","link":"https:\/\/radiolifefm.com.br\/noticias\/dois-vereadores-de-irapuru-rejeitam-reposicao-de-salarios-e-devolvem-valor-em-equipamentos-para-escolas\/","title":{"rendered":"Dois vereadores de Irapuru rejeitam reposi\u00e7\u00e3o de sal\u00e1rios e devolvem valor em equipamentos para escolas"},"content":{"rendered":"<div id=\"fb-root\"><\/div>\n<p><em>Os vereadores Heitor Nelson Ferreira e Derval Lyrio, decidiram fazer a devolu\u00e7\u00e3o desses valores para os cofres p\u00fablicos<\/em><\/p>\n<p>Devido a dificuldades financeiras o prefeito Silvio Ushijima vetou a reposi\u00e7\u00e3o salarial. No entanto, a maioria dos vereadores aprovaram, rejeitando assim o veto do prefeito<\/p>\n<p>Todo ano a C\u00e2mara Municipal tem votado a reposi\u00e7\u00e3o da infla\u00e7\u00e3o para os funcion\u00e1rios municipais e tamb\u00e9m dos cargos pol\u00edticos (prefeito, vice, vereadores e secret\u00e1rios).<\/p>\n<p>Esse ano, por\u00e9m, o prefeito Silvio Ushijima decidiu vetar a reposi\u00e7\u00e3o desses cargos pol\u00edticos, pois n\u00e3o tinha corrigido na sua totalidade o \u00edndice para os funcion\u00e1rios municipais, o que foi justificado pela impossibilidade financeira no momento para conceder a reposi\u00e7\u00e3o.<\/p>\n<p>No entanto, a reposi\u00e7\u00e3o foi aprovada pela maioria dos vereadores, rejeitando o veto do prefeito. Desta forma por achar a decis\u00e3o correta do prefeito de vetar a reposi\u00e7\u00e3o, os vereadores Heitor Nelson Ferreira e Derval Lyrio, decidiram fazer a devolu\u00e7\u00e3o desses valores para os cofres p\u00fablicos.<br \/>\nComo colocar interfones nas escolas municipais de Irapuru \u00e9 uma reivindica\u00e7\u00e3o antiga, os vereadores decidiram comprar e entregar seis porteiros eletr\u00f4nicos (interfone\/trava el\u00e9trica) para todas as escolas de Irapuru, trazendo assim mais seguran\u00e7a para as crian\u00e7as que s\u00e3o assistidas nesses espa\u00e7os, sendo: Pedro Leite, Emefei, Creche, nova Creche, Projeto Espa\u00e7o Amigo e Col\u00e9gio.<\/p>\n<p>Os valores investidos nos equipamentos antecipa a devolu\u00e7\u00e3o dos valores, com a diferen\u00e7a que receberiam os dois vereadores durante todo o ano de 2019.<\/p>\n<p>\u201cSer idealista na pol\u00edtica e querer mudan\u00e7as \u00e9 muito importante, mas \u00e9 preciso que coloquemos em pr\u00e1tica a renova\u00e7\u00e3o que pregamos. Mas, gostar\u00edamos que nossa iniciativa pudesse inspirar outros pol\u00edticos e por esse motivo queremos perguntar: ser\u00e1 que o prefeito e o vice-prefeito far\u00e3o o mesmo? Ou v\u00e3o receber uma reposi\u00e7\u00e3o que vetaram?\u201d, questionam os vereadores Heitor e Derval.<\/p>\n<p>Fonte: Folha Regional<\/p>\n<p>Reda\u00e7\u00e3o &#8211; Kako de Oliveira<\/p>\n","protected":false},"excerpt":{"rendered":"<p>Os vereadores Heitor Nelson Ferreira e Derval Lyrio, decidiram fazer a devolu\u00e7\u00e3o desses valores para os cofres p\u00fablicos Devido a dificuldades financeiras o prefeito Silvio Ushijima vetou a reposi\u00e7\u00e3o salarial. No entanto, a maioria dos vereadores aprovaram, rejeitando assim o veto do prefeito Todo ano a C\u00e2mara Municipal tem votado a reposi\u00e7\u00e3o da infla\u00e7\u00e3o para [&hellip;]<\/p>\n","protected":false},"author":8,"featured_media":12163,"comment_status":"closed","ping_status":"open","sticky":false,"template":"","format":"standard","meta":{"_acf_changed":false,"_exactmetrics_skip_tracking":false,"_exactmetrics_sitenote_active":false,"_exactmetrics_sitenote_note":"","_exactmetrics_sitenote_category":0,"footnotes":""},"categories":[24],"tags":[],"class_list":["post-12162","post","type-post","status-publish","format-standard","has-post-thumbnail","hentry","category-regiao"],"acf":[],"yoast_head":"<!-- This site is optimized with the Yoast SEO plugin v27.2 - https:\/\/yoast.com\/product\/yoast-seo-wordpress\/ -->\n<title>Dois vereadores de Irapuru rejeitam reposi\u00e7\u00e3o de sal\u00e1rios e devolvem valor em equipamentos para escolas - R\u00e1dio Life FM<\/title>\n<meta name=\"robots\" content=\"index, follow, max-snippet:-1, max-image-preview:large, max-video-preview:-1\" \/>\n<link rel=\"canonical\" href=\"https:\/\/radiolifefm.com.br\/noticias\/dois-vereadores-de-irapuru-rejeitam-reposicao-de-salarios-e-devolvem-valor-em-equipamentos-para-escolas\/\" \/>\n<meta property=\"og:locale\" content=\"pt_BR\" \/>\n<meta property=\"og:type\" content=\"article\" \/>\n<meta property=\"og:title\" content=\"Dois vereadores de Irapuru rejeitam reposi\u00e7\u00e3o de sal\u00e1rios e devolvem valor em equipamentos para escolas - R\u00e1dio Life FM\" \/>\n<meta property=\"og:description\" content=\"Os vereadores Heitor Nelson Ferreira e Derval Lyrio, decidiram fazer a devolu\u00e7\u00e3o desses valores para os cofres p\u00fablicos Devido a dificuldades financeiras o prefeito Silvio Ushijima vetou a reposi\u00e7\u00e3o salarial. No entanto, a maioria dos vereadores aprovaram, rejeitando assim o veto do prefeito Todo ano a C\u00e2mara Municipal tem votado a reposi\u00e7\u00e3o da infla\u00e7\u00e3o para [&hellip;]\" \/>\n<meta property=\"og:url\" content=\"https:\/\/radiolifefm.com.br\/noticias\/dois-vereadores-de-irapuru-rejeitam-reposicao-de-salarios-e-devolvem-valor-em-equipamentos-para-escolas\/\" \/>\n<meta property=\"og:site_name\" content=\"R\u00e1dio Life FM\" \/>\n<meta property=\"article:publisher\" content=\"https:\/\/www.facebook.com\/radiolifefm\/\" \/>\n<meta property=\"article:published_time\" content=\"2019-04-18T00:32:40+00:00\" \/>\n<meta property=\"article:modified_time\" content=\"2026-04-20T20:57:49+00:00\" \/>\n<meta property=\"og:image\" content=\"https:\/\/radiolifefm.com.br\/noticias\/wp-content\/uploads\/2019\/04\/Vereadores-Irapuru.jpg\" \/>\n\t<meta property=\"og:image:width\" content=\"620\" \/>\n\t<meta property=\"og:image:height\" content=\"372\" \/>\n\t<meta property=\"og:image:type\" content=\"image\/jpeg\" \/>\n<meta name=\"author\" content=\"joaograndao\" \/>\n<meta name=\"twitter:card\" content=\"summary_large_image\" \/>\n<meta name=\"twitter:label1\" content=\"Escrito por\" \/>\n\t<meta name=\"twitter:data1\" content=\"joaograndao\" \/>\n\t<meta name=\"twitter:label2\" content=\"Est. tempo de leitura\" \/>\n\t<meta name=\"twitter:data2\" content=\"2 minutos\" \/>\n<script type=\"application\/ld+json\" class=\"yoast-schema-graph\">{\"@context\":\"https:\/\/schema.org\",\"@graph\":[{\"@type\":\"Article\",\"@id\":\"https:\/\/radiolifefm.com.br\/noticias\/dois-vereadores-de-irapuru-rejeitam-reposicao-de-salarios-e-devolvem-valor-em-equipamentos-para-escolas\/#article\",\"isPartOf\":{\"@id\":\"https:\/\/radiolifefm.com.br\/noticias\/dois-vereadores-de-irapuru-rejeitam-reposicao-de-salarios-e-devolvem-valor-em-equipamentos-para-escolas\/\"},\"author\":{\"name\":\"joaograndao\",\"@id\":\"https:\/\/radiolifefm.com.br\/noticias\/#\/schema\/person\/6876e1240feffe6e1b63fd5cb85abf28\"},\"headline\":\"Dois vereadores de Irapuru rejeitam reposi\u00e7\u00e3o de sal\u00e1rios e devolvem valor em equipamentos para escolas\",\"datePublished\":\"2019-04-18T00:32:40+00:00\",\"dateModified\":\"2026-04-20T20:57:49+00:00\",\"mainEntityOfPage\":{\"@id\":\"https:\/\/radiolifefm.com.br\/noticias\/dois-vereadores-de-irapuru-rejeitam-reposicao-de-salarios-e-devolvem-valor-em-equipamentos-para-escolas\/\"},\"wordCount\":354,\"publisher\":{\"@id\":\"https:\/\/radiolifefm.com.br\/noticias\/#organization\"},\"image\":{\"@id\":\"https:\/\/radiolifefm.com.br\/noticias\/dois-vereadores-de-irapuru-rejeitam-reposicao-de-salarios-e-devolvem-valor-em-equipamentos-para-escolas\/#primaryimage\"},\"thumbnailUrl\":\"https:\/\/radiolifefm.com.br\/noticias\/wp-content\/uploads\/2019\/04\/Vereadores-Irapuru.jpg\",\"articleSection\":[\"Regi\u00e3o\"],\"inLanguage\":\"pt-BR\"},{\"@type\":\"WebPage\",\"@id\":\"https:\/\/radiolifefm.com.br\/noticias\/dois-vereadores-de-irapuru-rejeitam-reposicao-de-salarios-e-devolvem-valor-em-equipamentos-para-escolas\/\",\"url\":\"https:\/\/radiolifefm.com.br\/noticias\/dois-vereadores-de-irapuru-rejeitam-reposicao-de-salarios-e-devolvem-valor-em-equipamentos-para-escolas\/\",\"name\":\"Dois vereadores de Irapuru rejeitam reposi\u00e7\u00e3o de sal\u00e1rios e devolvem valor em equipamentos para escolas - R\u00e1dio Life FM\",\"isPartOf\":{\"@id\":\"https:\/\/radiolifefm.com.br\/noticias\/#website\"},\"primaryImageOfPage\":{\"@id\":\"https:\/\/radiolifefm.com.br\/noticias\/dois-vereadores-de-irapuru-rejeitam-reposicao-de-salarios-e-devolvem-valor-em-equipamentos-para-escolas\/#primaryimage\"},\"image\":{\"@id\":\"https:\/\/radiolifefm.com.br\/noticias\/dois-vereadores-de-irapuru-rejeitam-reposicao-de-salarios-e-devolvem-valor-em-equipamentos-para-escolas\/#primaryimage\"},\"thumbnailUrl\":\"https:\/\/radiolifefm.com.br\/noticias\/wp-content\/uploads\/2019\/04\/Vereadores-Irapuru.jpg\",\"datePublished\":\"2019-04-18T00:32:40+00:00\",\"dateModified\":\"2026-04-20T20:57:49+00:00\",\"breadcrumb\":{\"@id\":\"https:\/\/radiolifefm.com.br\/noticias\/dois-vereadores-de-irapuru-rejeitam-reposicao-de-salarios-e-devolvem-valor-em-equipamentos-para-escolas\/#breadcrumb\"},\"inLanguage\":\"pt-BR\",\"potentialAction\":[{\"@type\":\"ReadAction\",\"target\":[\"https:\/\/radiolifefm.com.br\/noticias\/dois-vereadores-de-irapuru-rejeitam-reposicao-de-salarios-e-devolvem-valor-em-equipamentos-para-escolas\/\"]}]},{\"@type\":\"ImageObject\",\"inLanguage\":\"pt-BR\",\"@id\":\"https:\/\/radiolifefm.com.br\/noticias\/dois-vereadores-de-irapuru-rejeitam-reposicao-de-salarios-e-devolvem-valor-em-equipamentos-para-escolas\/#primaryimage\",\"url\":\"https:\/\/radiolifefm.com.br\/noticias\/wp-content\/uploads\/2019\/04\/Vereadores-Irapuru.jpg\",\"contentUrl\":\"https:\/\/radiolifefm.com.br\/noticias\/wp-content\/uploads\/2019\/04\/Vereadores-Irapuru.jpg\",\"width\":620,\"height\":372},{\"@type\":\"BreadcrumbList\",\"@id\":\"https:\/\/radiolifefm.com.br\/noticias\/dois-vereadores-de-irapuru-rejeitam-reposicao-de-salarios-e-devolvem-valor-em-equipamentos-para-escolas\/#breadcrumb\",\"itemListElement\":[{\"@type\":\"ListItem\",\"position\":1,\"name\":\"In\u00edcio\",\"item\":\"https:\/\/radiolifefm.com.br\/noticias\/\"},{\"@type\":\"ListItem\",\"position\":2,\"name\":\"Dois vereadores de Irapuru rejeitam reposi\u00e7\u00e3o de sal\u00e1rios e devolvem valor em equipamentos para escolas\"}]},{\"@type\":\"WebSite\",\"@id\":\"https:\/\/radiolifefm.com.br\/noticias\/#website\",\"url\":\"https:\/\/radiolifefm.com.br\/noticias\/\",\"name\":\"R\u00e1dio Life FM\",\"description\":\"O Portal de Not\u00edcias de Adamantina\",\"publisher\":{\"@id\":\"https:\/\/radiolifefm.com.br\/noticias\/#organization\"},\"alternateName\":\"Life FM\",\"potentialAction\":[{\"@type\":\"SearchAction\",\"target\":{\"@type\":\"EntryPoint\",\"urlTemplate\":\"https:\/\/radiolifefm.com.br\/noticias\/?s={search_term_string}\"},\"query-input\":{\"@type\":\"PropertyValueSpecification\",\"valueRequired\":true,\"valueName\":\"search_term_string\"}}],\"inLanguage\":\"pt-BR\"},{\"@type\":\"Organization\",\"@id\":\"https:\/\/radiolifefm.com.br\/noticias\/#organization\",\"name\":\"R\u00e1dio Life FM\",\"alternateName\":\"Life FM\",\"url\":\"https:\/\/radiolifefm.com.br\/noticias\/\",\"logo\":{\"@type\":\"ImageObject\",\"inLanguage\":\"pt-BR\",\"@id\":\"https:\/\/radiolifefm.com.br\/noticias\/#\/schema\/logo\/image\/\",\"url\":\"https:\/\/static.radiolifefm.com.br\/noticias\/wp-content\/uploads\/2019\/10\/logo-lifefm.png\",\"contentUrl\":\"https:\/\/static.radiolifefm.com.br\/noticias\/wp-content\/uploads\/2019\/10\/logo-lifefm.png\",\"width\":196,\"height\":47,\"caption\":\"R\u00e1dio Life FM\"},\"image\":{\"@id\":\"https:\/\/radiolifefm.com.br\/noticias\/#\/schema\/logo\/image\/\"},\"sameAs\":[\"https:\/\/www.facebook.com\/radiolifefm\/\",\"https:\/\/www.instagram.com\/life1079fm\/\"]},{\"@type\":\"Person\",\"@id\":\"https:\/\/radiolifefm.com.br\/noticias\/#\/schema\/person\/6876e1240feffe6e1b63fd5cb85abf28\",\"name\":\"joaograndao\",\"image\":{\"@type\":\"ImageObject\",\"inLanguage\":\"pt-BR\",\"@id\":\"https:\/\/secure.gravatar.com\/avatar\/d5b1a3cf357ed9c50404e256a1294083aa8ab5d2a994001567302786016cb32c?s=96&d=mm&r=g\",\"url\":\"https:\/\/secure.gravatar.com\/avatar\/d5b1a3cf357ed9c50404e256a1294083aa8ab5d2a994001567302786016cb32c?s=96&d=mm&r=g\",\"contentUrl\":\"https:\/\/secure.gravatar.com\/avatar\/d5b1a3cf357ed9c50404e256a1294083aa8ab5d2a994001567302786016cb32c?s=96&d=mm&r=g\",\"caption\":\"joaograndao\"}}]}<\/script>\n<!-- \/ Yoast SEO plugin. -->","yoast_head_json":{"title":"Dois vereadores de Irapuru rejeitam reposi\u00e7\u00e3o de sal\u00e1rios e devolvem valor em equipamentos para escolas - R\u00e1dio Life FM","robots":{"index":"index","follow":"follow","max-snippet":"max-snippet:-1","max-image-preview":"max-image-preview:large","max-video-preview":"max-video-preview:-1"},"canonical":"https:\/\/radiolifefm.com.br\/noticias\/dois-vereadores-de-irapuru-rejeitam-reposicao-de-salarios-e-devolvem-valor-em-equipamentos-para-escolas\/","og_locale":"pt_BR","og_type":"article","og_title":"Dois vereadores de Irapuru rejeitam reposi\u00e7\u00e3o de sal\u00e1rios e devolvem valor em equipamentos para escolas - R\u00e1dio Life FM","og_description":"Os vereadores Heitor Nelson Ferreira e Derval Lyrio, decidiram fazer a devolu\u00e7\u00e3o desses valores para os cofres p\u00fablicos Devido a dificuldades financeiras o prefeito Silvio Ushijima vetou a reposi\u00e7\u00e3o salarial. No entanto, a maioria dos vereadores aprovaram, rejeitando assim o veto do prefeito Todo ano a C\u00e2mara Municipal tem votado a reposi\u00e7\u00e3o da infla\u00e7\u00e3o para [&hellip;]","og_url":"https:\/\/radiolifefm.com.br\/noticias\/dois-vereadores-de-irapuru-rejeitam-reposicao-de-salarios-e-devolvem-valor-em-equipamentos-para-escolas\/","og_site_name":"R\u00e1dio Life FM","article_publisher":"https:\/\/www.facebook.com\/radiolifefm\/","article_published_time":"2019-04-18T00:32:40+00:00","article_modified_time":"2026-04-20T20:57:49+00:00","og_image":[{"width":620,"height":372,"url":"https:\/\/radiolifefm.com.br\/noticias\/wp-content\/uploads\/2019\/04\/Vereadores-Irapuru.jpg","type":"image\/jpeg"}],"author":"joaograndao","twitter_card":"summary_large_image","twitter_misc":{"Escrito por":"joaograndao","Est. tempo de leitura":"2 minutos"},"schema":{"@context":"https:\/\/schema.org","@graph":[{"@type":"Article","@id":"https:\/\/radiolifefm.com.br\/noticias\/dois-vereadores-de-irapuru-rejeitam-reposicao-de-salarios-e-devolvem-valor-em-equipamentos-para-escolas\/#article","isPartOf":{"@id":"https:\/\/radiolifefm.com.br\/noticias\/dois-vereadores-de-irapuru-rejeitam-reposicao-de-salarios-e-devolvem-valor-em-equipamentos-para-escolas\/"},"author":{"name":"joaograndao","@id":"https:\/\/radiolifefm.com.br\/noticias\/#\/schema\/person\/6876e1240feffe6e1b63fd5cb85abf28"},"headline":"Dois vereadores de Irapuru rejeitam reposi\u00e7\u00e3o de sal\u00e1rios e devolvem valor em equipamentos para escolas","datePublished":"2019-04-18T00:32:40+00:00","dateModified":"2026-04-20T20:57:49+00:00","mainEntityOfPage":{"@id":"https:\/\/radiolifefm.com.br\/noticias\/dois-vereadores-de-irapuru-rejeitam-reposicao-de-salarios-e-devolvem-valor-em-equipamentos-para-escolas\/"},"wordCount":354,"publisher":{"@id":"https:\/\/radiolifefm.com.br\/noticias\/#organization"},"image":{"@id":"https:\/\/radiolifefm.com.br\/noticias\/dois-vereadores-de-irapuru-rejeitam-reposicao-de-salarios-e-devolvem-valor-em-equipamentos-para-escolas\/#primaryimage"},"thumbnailUrl":"https:\/\/radiolifefm.com.br\/noticias\/wp-content\/uploads\/2019\/04\/Vereadores-Irapuru.jpg","articleSection":["Regi\u00e3o"],"inLanguage":"pt-BR"},{"@type":"WebPage","@id":"https:\/\/radiolifefm.com.br\/noticias\/dois-vereadores-de-irapuru-rejeitam-reposicao-de-salarios-e-devolvem-valor-em-equipamentos-para-escolas\/","url":"https:\/\/radiolifefm.com.br\/noticias\/dois-vereadores-de-irapuru-rejeitam-reposicao-de-salarios-e-devolvem-valor-em-equipamentos-para-escolas\/","name":"Dois vereadores de Irapuru rejeitam reposi\u00e7\u00e3o de sal\u00e1rios e devolvem valor em equipamentos para escolas - R\u00e1dio Life FM","isPartOf":{"@id":"https:\/\/radiolifefm.com.br\/noticias\/#website"},"primaryImageOfPage":{"@id":"https:\/\/radiolifefm.com.br\/noticias\/dois-vereadores-de-irapuru-rejeitam-reposicao-de-salarios-e-devolvem-valor-em-equipamentos-para-escolas\/#primaryimage"},"image":{"@id":"https:\/\/radiolifefm.com.br\/noticias\/dois-vereadores-de-irapuru-rejeitam-reposicao-de-salarios-e-devolvem-valor-em-equipamentos-para-escolas\/#primaryimage"},"thumbnailUrl":"https:\/\/radiolifefm.com.br\/noticias\/wp-content\/uploads\/2019\/04\/Vereadores-Irapuru.jpg","datePublished":"2019-04-18T00:32:40+00:00","dateModified":"2026-04-20T20:57:49+00:00","breadcrumb":{"@id":"https:\/\/radiolifefm.com.br\/noticias\/dois-vereadores-de-irapuru-rejeitam-reposicao-de-salarios-e-devolvem-valor-em-equipamentos-para-escolas\/#breadcrumb"},"inLanguage":"pt-BR","potentialAction":[{"@type":"ReadAction","target":["https:\/\/radiolifefm.com.br\/noticias\/dois-vereadores-de-irapuru-rejeitam-reposicao-de-salarios-e-devolvem-valor-em-equipamentos-para-escolas\/"]}]},{"@type":"ImageObject","inLanguage":"pt-BR","@id":"https:\/\/radiolifefm.com.br\/noticias\/dois-vereadores-de-irapuru-rejeitam-reposicao-de-salarios-e-devolvem-valor-em-equipamentos-para-escolas\/#primaryimage","url":"https:\/\/radiolifefm.com.br\/noticias\/wp-content\/uploads\/2019\/04\/Vereadores-Irapuru.jpg","contentUrl":"https:\/\/radiolifefm.com.br\/noticias\/wp-content\/uploads\/2019\/04\/Vereadores-Irapuru.jpg","width":620,"height":372},{"@type":"BreadcrumbList","@id":"https:\/\/radiolifefm.com.br\/noticias\/dois-vereadores-de-irapuru-rejeitam-reposicao-de-salarios-e-devolvem-valor-em-equipamentos-para-escolas\/#breadcrumb","itemListElement":[{"@type":"ListItem","position":1,"name":"In\u00edcio","item":"https:\/\/radiolifefm.com.br\/noticias\/"},{"@type":"ListItem","position":2,"name":"Dois vereadores de Irapuru rejeitam reposi\u00e7\u00e3o de sal\u00e1rios e devolvem valor em equipamentos para escolas"}]},{"@type":"WebSite","@id":"https:\/\/radiolifefm.com.br\/noticias\/#website","url":"https:\/\/radiolifefm.com.br\/noticias\/","name":"R\u00e1dio Life FM","description":"O Portal de Not\u00edcias de Adamantina","publisher":{"@id":"https:\/\/radiolifefm.com.br\/noticias\/#organization"},"alternateName":"Life FM","potentialAction":[{"@type":"SearchAction","target":{"@type":"EntryPoint","urlTemplate":"https:\/\/radiolifefm.com.br\/noticias\/?s={search_term_string}"},"query-input":{"@type":"PropertyValueSpecification","valueRequired":true,"valueName":"search_term_string"}}],"inLanguage":"pt-BR"},{"@type":"Organization","@id":"https:\/\/radiolifefm.com.br\/noticias\/#organization","name":"R\u00e1dio Life FM","alternateName":"Life FM","url":"https:\/\/radiolifefm.com.br\/noticias\/","logo":{"@type":"ImageObject","inLanguage":"pt-BR","@id":"https:\/\/radiolifefm.com.br\/noticias\/#\/schema\/logo\/image\/","url":"https:\/\/static.radiolifefm.com.br\/noticias\/wp-content\/uploads\/2019\/10\/logo-lifefm.png","contentUrl":"https:\/\/static.radiolifefm.com.br\/noticias\/wp-content\/uploads\/2019\/10\/logo-lifefm.png","width":196,"height":47,"caption":"R\u00e1dio Life FM"},"image":{"@id":"https:\/\/radiolifefm.com.br\/noticias\/#\/schema\/logo\/image\/"},"sameAs":["https:\/\/www.facebook.com\/radiolifefm\/","https:\/\/www.instagram.com\/life1079fm\/"]},{"@type":"Person","@id":"https:\/\/radiolifefm.com.br\/noticias\/#\/schema\/person\/6876e1240feffe6e1b63fd5cb85abf28","name":"joaograndao","image":{"@type":"ImageObject","inLanguage":"pt-BR","@id":"https:\/\/secure.gravatar.com\/avatar\/d5b1a3cf357ed9c50404e256a1294083aa8ab5d2a994001567302786016cb32c?s=96&d=mm&r=g","url":"https:\/\/secure.gravatar.com\/avatar\/d5b1a3cf357ed9c50404e256a1294083aa8ab5d2a994001567302786016cb32c?s=96&d=mm&r=g","contentUrl":"https:\/\/secure.gravatar.com\/avatar\/d5b1a3cf357ed9c50404e256a1294083aa8ab5d2a994001567302786016cb32c?s=96&d=mm&r=g","caption":"joaograndao"}}]}},"amp_enabled":true,"_links":{"self":[{"href":"https:\/\/radiolifefm.com.br\/noticias\/wp-json\/wp\/v2\/posts\/12162","targetHints":{"allow":["GET"]}}],"collection":[{"href":"https:\/\/radiolifefm.com.br\/noticias\/wp-json\/wp\/v2\/posts"}],"about":[{"href":"https:\/\/radiolifefm.com.br\/noticias\/wp-json\/wp\/v2\/types\/post"}],"author":[{"embeddable":true,"href":"https:\/\/radiolifefm.com.br\/noticias\/wp-json\/wp\/v2\/users\/8"}],"replies":[{"embeddable":true,"href":"https:\/\/radiolifefm.com.br\/noticias\/wp-json\/wp\/v2\/comments?post=12162"}],"version-history":[{"count":3,"href":"https:\/\/radiolifefm.com.br\/noticias\/wp-json\/wp\/v2\/posts\/12162\/revisions"}],"predecessor-version":[{"id":12180,"href":"https:\/\/radiolifefm.com.br\/noticias\/wp-json\/wp\/v2\/posts\/12162\/revisions\/12180"}],"wp:featuredmedia":[{"embeddable":true,"href":"https:\/\/radiolifefm.com.br\/noticias\/wp-json\/wp\/v2\/media\/12163"}],"wp:attachment":[{"href":"https:\/\/radiolifefm.com.br\/noticias\/wp-json\/wp\/v2\/media?parent=12162"}],"wp:term":[{"taxonomy":"category","embeddable":true,"href":"https:\/\/radiolifefm.com.br\/noticias\/wp-json\/wp\/v2\/categories?post=12162"},{"taxonomy":"post_tag","embeddable":true,"href":"https:\/\/radiolifefm.com.br\/noticias\/wp-json\/wp\/v2\/tags?post=12162"}],"curies":[{"name":"wp","href":"https:\/\/api.w.org\/{rel}","templated":true}]}}