{"id":12134,"date":"2019-04-17T10:26:13","date_gmt":"2019-04-17T13:26:13","guid":{"rendered":"https:\/\/radiolifefm.com.br\/noticias\/?p=12134"},"modified":"2026-04-10T07:37:10","modified_gmt":"2026-04-10T10:37:10","slug":"projeto-de-lei-aumenta-valor-do-premio-de-valorizacao-do-servidor-publico-em-lucelia","status":"publish","type":"post","link":"https:\/\/radiolifefm.com.br\/noticias\/projeto-de-lei-aumenta-valor-do-premio-de-valorizacao-do-servidor-publico-em-lucelia\/","title":{"rendered":"Projeto de Lei aumenta valor do Pr\u00eamio de Valoriza\u00e7\u00e3o do Servidor P\u00fablico em Luc\u00e9lia"},"content":{"rendered":"<div id=\"fb-root\"><\/div>\n<p><em>Projeto prev\u00ea quatro reajustes fracionados no decorrer de 2019<\/em><\/p>\n<p>O prefeito Carlos Jr. enviou projeto de Lei para a C\u00e2mara Municipal onde prev\u00ea aumento no valor do Pr\u00eamio de Valoriza\u00e7\u00e3o do Servidor P\u00fablico. O projeto dever\u00e1 ser apreciado pelos vereadores e votado em sess\u00e3o extraordin\u00e1ria prevista para quarta-feira, 17 de abril.<br \/>\nDe acordo com o Projeto, est\u00e3o previstos quatro reajustes fracionados no decorrer de 2019, sendo cada um no valor de R$ 52,50.<\/p>\n<p>O referido Projeto de Lei, caso seja aprovado, retroagir\u00e1 seus efeitos a 01 de abril de 2019 e ao finalizar em 01 de novembro de 2019, onde o Pr\u00eamio de Valoriza\u00e7\u00e3o passar\u00e1 a ser pago no montante de R$ 300,00. Sendo assim, a partir de 01 de abril de 2019 (estando dispon\u00edvel no m\u00eas de maio), o Pr\u00eamio de Valoriza\u00e7\u00e3o ter\u00e1 o valor de R$ 142,50; a partir de 01 de junho de 2019, o valor de R$ 195,00; a partir de 01 de setembro de 2019, o valor de R$ 247,50 e a partir de 01 de novembro de 2019, o valor de R$ 300,00.<br \/>\nA iniciativa da atual administra\u00e7\u00e3o municipal inclui uma s\u00e9rie de medidas para a valoriza\u00e7\u00e3o do funcionalismo p\u00fablico.<\/p>\n<p>\u201cNossa administra\u00e7\u00e3o vem, desde o in\u00edcio, demonstrando que realmente se preocupa com os servidores p\u00fablicos municipais\u201d, destacou o prefeito. \u201cEste projeto, sendo aprovado pelos nobres edis, faz parte desta crescente valoriza\u00e7\u00e3o voltada \u00e0queles que impulsionam e fazem a engrenagem da administra\u00e7\u00e3o p\u00fablica funcionar em todos os setores, beneficiando diretamente a popula\u00e7\u00e3o\u201d, destacou o prefeito.<\/p>\n<p>Caso seja aprovado, este ser\u00e1 o segundo aumento do Pr\u00eamio de Valoriza\u00e7\u00e3o do Servidor concedido pela atual administra\u00e7\u00e3o. Em maio de 2018, o valor passou de R$ 37 para R$ 90 mensais.<\/p>\n<p>Fonte: Assessoria de Comunica\u00e7\u00e3o Prefeitura de Luc\u00e9lia<\/p>\n<p>Reda\u00e7\u00e3o &#8211; Kako de Oliveira<\/p>\n","protected":false},"excerpt":{"rendered":"<p>Projeto prev\u00ea quatro reajustes fracionados no decorrer de 2019 O prefeito Carlos Jr. enviou projeto de Lei para a C\u00e2mara Municipal onde prev\u00ea aumento no valor do Pr\u00eamio de Valoriza\u00e7\u00e3o do Servidor P\u00fablico. O projeto dever\u00e1 ser apreciado pelos vereadores e votado em sess\u00e3o extraordin\u00e1ria prevista para quarta-feira, 17 de abril. De acordo com o [&hellip;]<\/p>\n","protected":false},"author":8,"featured_media":12135,"comment_status":"closed","ping_status":"open","sticky":false,"template":"","format":"standard","meta":{"_acf_changed":false,"_exactmetrics_skip_tracking":false,"_exactmetrics_sitenote_active":false,"_exactmetrics_sitenote_note":"","_exactmetrics_sitenote_category":0,"footnotes":""},"categories":[24],"tags":[],"class_list":["post-12134","post","type-post","status-publish","format-standard","has-post-thumbnail","hentry","category-regiao"],"acf":[],"yoast_head":"<!-- This site is optimized with the Yoast SEO plugin v27.2 - https:\/\/yoast.com\/product\/yoast-seo-wordpress\/ -->\n<title>Projeto de Lei aumenta valor do Pr\u00eamio de Valoriza\u00e7\u00e3o do Servidor P\u00fablico em Luc\u00e9lia - R\u00e1dio Life FM<\/title>\n<meta name=\"robots\" content=\"index, follow, max-snippet:-1, max-image-preview:large, max-video-preview:-1\" \/>\n<link rel=\"canonical\" href=\"https:\/\/radiolifefm.com.br\/noticias\/projeto-de-lei-aumenta-valor-do-premio-de-valorizacao-do-servidor-publico-em-lucelia\/\" \/>\n<meta property=\"og:locale\" content=\"pt_BR\" \/>\n<meta property=\"og:type\" content=\"article\" \/>\n<meta property=\"og:title\" content=\"Projeto de Lei aumenta valor do Pr\u00eamio de Valoriza\u00e7\u00e3o do Servidor P\u00fablico em Luc\u00e9lia - R\u00e1dio Life FM\" \/>\n<meta property=\"og:description\" content=\"Projeto prev\u00ea quatro reajustes fracionados no decorrer de 2019 O prefeito Carlos Jr. enviou projeto de Lei para a C\u00e2mara Municipal onde prev\u00ea aumento no valor do Pr\u00eamio de Valoriza\u00e7\u00e3o do Servidor P\u00fablico. O projeto dever\u00e1 ser apreciado pelos vereadores e votado em sess\u00e3o extraordin\u00e1ria prevista para quarta-feira, 17 de abril. De acordo com o [&hellip;]\" \/>\n<meta property=\"og:url\" content=\"https:\/\/radiolifefm.com.br\/noticias\/projeto-de-lei-aumenta-valor-do-premio-de-valorizacao-do-servidor-publico-em-lucelia\/\" \/>\n<meta property=\"og:site_name\" content=\"R\u00e1dio Life FM\" \/>\n<meta property=\"article:publisher\" content=\"https:\/\/www.facebook.com\/radiolifefm\/\" \/>\n<meta property=\"article:published_time\" content=\"2019-04-17T13:26:13+00:00\" \/>\n<meta property=\"article:modified_time\" content=\"2026-04-10T10:37:10+00:00\" \/>\n<meta property=\"og:image\" content=\"https:\/\/radiolifefm.com.br\/noticias\/wp-content\/uploads\/2019\/04\/Servidor-Imagem.jpg\" \/>\n\t<meta property=\"og:image:width\" content=\"291\" \/>\n\t<meta property=\"og:image:height\" content=\"173\" \/>\n\t<meta property=\"og:image:type\" content=\"image\/jpeg\" \/>\n<meta name=\"author\" content=\"joaograndao\" \/>\n<meta name=\"twitter:card\" content=\"summary_large_image\" \/>\n<meta name=\"twitter:label1\" content=\"Escrito por\" \/>\n\t<meta name=\"twitter:data1\" content=\"joaograndao\" \/>\n\t<meta name=\"twitter:label2\" content=\"Est. tempo de leitura\" \/>\n\t<meta name=\"twitter:data2\" content=\"2 minutos\" \/>\n<script type=\"application\/ld+json\" class=\"yoast-schema-graph\">{\"@context\":\"https:\/\/schema.org\",\"@graph\":[{\"@type\":\"Article\",\"@id\":\"https:\/\/radiolifefm.com.br\/noticias\/projeto-de-lei-aumenta-valor-do-premio-de-valorizacao-do-servidor-publico-em-lucelia\/#article\",\"isPartOf\":{\"@id\":\"https:\/\/radiolifefm.com.br\/noticias\/projeto-de-lei-aumenta-valor-do-premio-de-valorizacao-do-servidor-publico-em-lucelia\/\"},\"author\":{\"name\":\"joaograndao\",\"@id\":\"https:\/\/radiolifefm.com.br\/noticias\/#\/schema\/person\/6876e1240feffe6e1b63fd5cb85abf28\"},\"headline\":\"Projeto de Lei aumenta valor do Pr\u00eamio de Valoriza\u00e7\u00e3o do Servidor P\u00fablico em Luc\u00e9lia\",\"datePublished\":\"2019-04-17T13:26:13+00:00\",\"dateModified\":\"2026-04-10T10:37:10+00:00\",\"mainEntityOfPage\":{\"@id\":\"https:\/\/radiolifefm.com.br\/noticias\/projeto-de-lei-aumenta-valor-do-premio-de-valorizacao-do-servidor-publico-em-lucelia\/\"},\"wordCount\":318,\"publisher\":{\"@id\":\"https:\/\/radiolifefm.com.br\/noticias\/#organization\"},\"image\":{\"@id\":\"https:\/\/radiolifefm.com.br\/noticias\/projeto-de-lei-aumenta-valor-do-premio-de-valorizacao-do-servidor-publico-em-lucelia\/#primaryimage\"},\"thumbnailUrl\":\"https:\/\/radiolifefm.com.br\/noticias\/wp-content\/uploads\/2019\/04\/Servidor-Imagem.jpg\",\"articleSection\":[\"Regi\u00e3o\"],\"inLanguage\":\"pt-BR\"},{\"@type\":\"WebPage\",\"@id\":\"https:\/\/radiolifefm.com.br\/noticias\/projeto-de-lei-aumenta-valor-do-premio-de-valorizacao-do-servidor-publico-em-lucelia\/\",\"url\":\"https:\/\/radiolifefm.com.br\/noticias\/projeto-de-lei-aumenta-valor-do-premio-de-valorizacao-do-servidor-publico-em-lucelia\/\",\"name\":\"Projeto de Lei aumenta valor do Pr\u00eamio de Valoriza\u00e7\u00e3o do Servidor P\u00fablico em Luc\u00e9lia - R\u00e1dio Life FM\",\"isPartOf\":{\"@id\":\"https:\/\/radiolifefm.com.br\/noticias\/#website\"},\"primaryImageOfPage\":{\"@id\":\"https:\/\/radiolifefm.com.br\/noticias\/projeto-de-lei-aumenta-valor-do-premio-de-valorizacao-do-servidor-publico-em-lucelia\/#primaryimage\"},\"image\":{\"@id\":\"https:\/\/radiolifefm.com.br\/noticias\/projeto-de-lei-aumenta-valor-do-premio-de-valorizacao-do-servidor-publico-em-lucelia\/#primaryimage\"},\"thumbnailUrl\":\"https:\/\/radiolifefm.com.br\/noticias\/wp-content\/uploads\/2019\/04\/Servidor-Imagem.jpg\",\"datePublished\":\"2019-04-17T13:26:13+00:00\",\"dateModified\":\"2026-04-10T10:37:10+00:00\",\"breadcrumb\":{\"@id\":\"https:\/\/radiolifefm.com.br\/noticias\/projeto-de-lei-aumenta-valor-do-premio-de-valorizacao-do-servidor-publico-em-lucelia\/#breadcrumb\"},\"inLanguage\":\"pt-BR\",\"potentialAction\":[{\"@type\":\"ReadAction\",\"target\":[\"https:\/\/radiolifefm.com.br\/noticias\/projeto-de-lei-aumenta-valor-do-premio-de-valorizacao-do-servidor-publico-em-lucelia\/\"]}]},{\"@type\":\"ImageObject\",\"inLanguage\":\"pt-BR\",\"@id\":\"https:\/\/radiolifefm.com.br\/noticias\/projeto-de-lei-aumenta-valor-do-premio-de-valorizacao-do-servidor-publico-em-lucelia\/#primaryimage\",\"url\":\"https:\/\/radiolifefm.com.br\/noticias\/wp-content\/uploads\/2019\/04\/Servidor-Imagem.jpg\",\"contentUrl\":\"https:\/\/radiolifefm.com.br\/noticias\/wp-content\/uploads\/2019\/04\/Servidor-Imagem.jpg\",\"width\":291,\"height\":173,\"caption\":\"Programa de Valoriza\u00e7\u00e3o do Servidor P\u00fablico Municipal de Luc\u00e9lia\"},{\"@type\":\"BreadcrumbList\",\"@id\":\"https:\/\/radiolifefm.com.br\/noticias\/projeto-de-lei-aumenta-valor-do-premio-de-valorizacao-do-servidor-publico-em-lucelia\/#breadcrumb\",\"itemListElement\":[{\"@type\":\"ListItem\",\"position\":1,\"name\":\"In\u00edcio\",\"item\":\"https:\/\/radiolifefm.com.br\/noticias\/\"},{\"@type\":\"ListItem\",\"position\":2,\"name\":\"Projeto de Lei aumenta valor do Pr\u00eamio de Valoriza\u00e7\u00e3o do Servidor P\u00fablico em Luc\u00e9lia\"}]},{\"@type\":\"WebSite\",\"@id\":\"https:\/\/radiolifefm.com.br\/noticias\/#website\",\"url\":\"https:\/\/radiolifefm.com.br\/noticias\/\",\"name\":\"R\u00e1dio Life FM\",\"description\":\"O Portal de Not\u00edcias de Adamantina\",\"publisher\":{\"@id\":\"https:\/\/radiolifefm.com.br\/noticias\/#organization\"},\"alternateName\":\"Life FM\",\"potentialAction\":[{\"@type\":\"SearchAction\",\"target\":{\"@type\":\"EntryPoint\",\"urlTemplate\":\"https:\/\/radiolifefm.com.br\/noticias\/?s={search_term_string}\"},\"query-input\":{\"@type\":\"PropertyValueSpecification\",\"valueRequired\":true,\"valueName\":\"search_term_string\"}}],\"inLanguage\":\"pt-BR\"},{\"@type\":\"Organization\",\"@id\":\"https:\/\/radiolifefm.com.br\/noticias\/#organization\",\"name\":\"R\u00e1dio Life FM\",\"alternateName\":\"Life FM\",\"url\":\"https:\/\/radiolifefm.com.br\/noticias\/\",\"logo\":{\"@type\":\"ImageObject\",\"inLanguage\":\"pt-BR\",\"@id\":\"https:\/\/radiolifefm.com.br\/noticias\/#\/schema\/logo\/image\/\",\"url\":\"https:\/\/static.radiolifefm.com.br\/noticias\/wp-content\/uploads\/2019\/10\/logo-lifefm.png\",\"contentUrl\":\"https:\/\/static.radiolifefm.com.br\/noticias\/wp-content\/uploads\/2019\/10\/logo-lifefm.png\",\"width\":196,\"height\":47,\"caption\":\"R\u00e1dio Life FM\"},\"image\":{\"@id\":\"https:\/\/radiolifefm.com.br\/noticias\/#\/schema\/logo\/image\/\"},\"sameAs\":[\"https:\/\/www.facebook.com\/radiolifefm\/\",\"https:\/\/www.instagram.com\/life1079fm\/\"]},{\"@type\":\"Person\",\"@id\":\"https:\/\/radiolifefm.com.br\/noticias\/#\/schema\/person\/6876e1240feffe6e1b63fd5cb85abf28\",\"name\":\"joaograndao\",\"image\":{\"@type\":\"ImageObject\",\"inLanguage\":\"pt-BR\",\"@id\":\"https:\/\/secure.gravatar.com\/avatar\/d5b1a3cf357ed9c50404e256a1294083aa8ab5d2a994001567302786016cb32c?s=96&d=mm&r=g\",\"url\":\"https:\/\/secure.gravatar.com\/avatar\/d5b1a3cf357ed9c50404e256a1294083aa8ab5d2a994001567302786016cb32c?s=96&d=mm&r=g\",\"contentUrl\":\"https:\/\/secure.gravatar.com\/avatar\/d5b1a3cf357ed9c50404e256a1294083aa8ab5d2a994001567302786016cb32c?s=96&d=mm&r=g\",\"caption\":\"joaograndao\"}}]}<\/script>\n<!-- \/ Yoast SEO plugin. -->","yoast_head_json":{"title":"Projeto de Lei aumenta valor do Pr\u00eamio de Valoriza\u00e7\u00e3o do Servidor P\u00fablico em Luc\u00e9lia - R\u00e1dio Life FM","robots":{"index":"index","follow":"follow","max-snippet":"max-snippet:-1","max-image-preview":"max-image-preview:large","max-video-preview":"max-video-preview:-1"},"canonical":"https:\/\/radiolifefm.com.br\/noticias\/projeto-de-lei-aumenta-valor-do-premio-de-valorizacao-do-servidor-publico-em-lucelia\/","og_locale":"pt_BR","og_type":"article","og_title":"Projeto de Lei aumenta valor do Pr\u00eamio de Valoriza\u00e7\u00e3o do Servidor P\u00fablico em Luc\u00e9lia - R\u00e1dio Life FM","og_description":"Projeto prev\u00ea quatro reajustes fracionados no decorrer de 2019 O prefeito Carlos Jr. enviou projeto de Lei para a C\u00e2mara Municipal onde prev\u00ea aumento no valor do Pr\u00eamio de Valoriza\u00e7\u00e3o do Servidor P\u00fablico. O projeto dever\u00e1 ser apreciado pelos vereadores e votado em sess\u00e3o extraordin\u00e1ria prevista para quarta-feira, 17 de abril. De acordo com o [&hellip;]","og_url":"https:\/\/radiolifefm.com.br\/noticias\/projeto-de-lei-aumenta-valor-do-premio-de-valorizacao-do-servidor-publico-em-lucelia\/","og_site_name":"R\u00e1dio Life FM","article_publisher":"https:\/\/www.facebook.com\/radiolifefm\/","article_published_time":"2019-04-17T13:26:13+00:00","article_modified_time":"2026-04-10T10:37:10+00:00","og_image":[{"width":291,"height":173,"url":"https:\/\/radiolifefm.com.br\/noticias\/wp-content\/uploads\/2019\/04\/Servidor-Imagem.jpg","type":"image\/jpeg"}],"author":"joaograndao","twitter_card":"summary_large_image","twitter_misc":{"Escrito por":"joaograndao","Est. tempo de leitura":"2 minutos"},"schema":{"@context":"https:\/\/schema.org","@graph":[{"@type":"Article","@id":"https:\/\/radiolifefm.com.br\/noticias\/projeto-de-lei-aumenta-valor-do-premio-de-valorizacao-do-servidor-publico-em-lucelia\/#article","isPartOf":{"@id":"https:\/\/radiolifefm.com.br\/noticias\/projeto-de-lei-aumenta-valor-do-premio-de-valorizacao-do-servidor-publico-em-lucelia\/"},"author":{"name":"joaograndao","@id":"https:\/\/radiolifefm.com.br\/noticias\/#\/schema\/person\/6876e1240feffe6e1b63fd5cb85abf28"},"headline":"Projeto de Lei aumenta valor do Pr\u00eamio de Valoriza\u00e7\u00e3o do Servidor P\u00fablico em Luc\u00e9lia","datePublished":"2019-04-17T13:26:13+00:00","dateModified":"2026-04-10T10:37:10+00:00","mainEntityOfPage":{"@id":"https:\/\/radiolifefm.com.br\/noticias\/projeto-de-lei-aumenta-valor-do-premio-de-valorizacao-do-servidor-publico-em-lucelia\/"},"wordCount":318,"publisher":{"@id":"https:\/\/radiolifefm.com.br\/noticias\/#organization"},"image":{"@id":"https:\/\/radiolifefm.com.br\/noticias\/projeto-de-lei-aumenta-valor-do-premio-de-valorizacao-do-servidor-publico-em-lucelia\/#primaryimage"},"thumbnailUrl":"https:\/\/radiolifefm.com.br\/noticias\/wp-content\/uploads\/2019\/04\/Servidor-Imagem.jpg","articleSection":["Regi\u00e3o"],"inLanguage":"pt-BR"},{"@type":"WebPage","@id":"https:\/\/radiolifefm.com.br\/noticias\/projeto-de-lei-aumenta-valor-do-premio-de-valorizacao-do-servidor-publico-em-lucelia\/","url":"https:\/\/radiolifefm.com.br\/noticias\/projeto-de-lei-aumenta-valor-do-premio-de-valorizacao-do-servidor-publico-em-lucelia\/","name":"Projeto de Lei aumenta valor do Pr\u00eamio de Valoriza\u00e7\u00e3o do Servidor P\u00fablico em Luc\u00e9lia - R\u00e1dio Life FM","isPartOf":{"@id":"https:\/\/radiolifefm.com.br\/noticias\/#website"},"primaryImageOfPage":{"@id":"https:\/\/radiolifefm.com.br\/noticias\/projeto-de-lei-aumenta-valor-do-premio-de-valorizacao-do-servidor-publico-em-lucelia\/#primaryimage"},"image":{"@id":"https:\/\/radiolifefm.com.br\/noticias\/projeto-de-lei-aumenta-valor-do-premio-de-valorizacao-do-servidor-publico-em-lucelia\/#primaryimage"},"thumbnailUrl":"https:\/\/radiolifefm.com.br\/noticias\/wp-content\/uploads\/2019\/04\/Servidor-Imagem.jpg","datePublished":"2019-04-17T13:26:13+00:00","dateModified":"2026-04-10T10:37:10+00:00","breadcrumb":{"@id":"https:\/\/radiolifefm.com.br\/noticias\/projeto-de-lei-aumenta-valor-do-premio-de-valorizacao-do-servidor-publico-em-lucelia\/#breadcrumb"},"inLanguage":"pt-BR","potentialAction":[{"@type":"ReadAction","target":["https:\/\/radiolifefm.com.br\/noticias\/projeto-de-lei-aumenta-valor-do-premio-de-valorizacao-do-servidor-publico-em-lucelia\/"]}]},{"@type":"ImageObject","inLanguage":"pt-BR","@id":"https:\/\/radiolifefm.com.br\/noticias\/projeto-de-lei-aumenta-valor-do-premio-de-valorizacao-do-servidor-publico-em-lucelia\/#primaryimage","url":"https:\/\/radiolifefm.com.br\/noticias\/wp-content\/uploads\/2019\/04\/Servidor-Imagem.jpg","contentUrl":"https:\/\/radiolifefm.com.br\/noticias\/wp-content\/uploads\/2019\/04\/Servidor-Imagem.jpg","width":291,"height":173,"caption":"Programa de Valoriza\u00e7\u00e3o do Servidor P\u00fablico Municipal de Luc\u00e9lia"},{"@type":"BreadcrumbList","@id":"https:\/\/radiolifefm.com.br\/noticias\/projeto-de-lei-aumenta-valor-do-premio-de-valorizacao-do-servidor-publico-em-lucelia\/#breadcrumb","itemListElement":[{"@type":"ListItem","position":1,"name":"In\u00edcio","item":"https:\/\/radiolifefm.com.br\/noticias\/"},{"@type":"ListItem","position":2,"name":"Projeto de Lei aumenta valor do Pr\u00eamio de Valoriza\u00e7\u00e3o do Servidor P\u00fablico em Luc\u00e9lia"}]},{"@type":"WebSite","@id":"https:\/\/radiolifefm.com.br\/noticias\/#website","url":"https:\/\/radiolifefm.com.br\/noticias\/","name":"R\u00e1dio Life FM","description":"O Portal de Not\u00edcias de Adamantina","publisher":{"@id":"https:\/\/radiolifefm.com.br\/noticias\/#organization"},"alternateName":"Life FM","potentialAction":[{"@type":"SearchAction","target":{"@type":"EntryPoint","urlTemplate":"https:\/\/radiolifefm.com.br\/noticias\/?s={search_term_string}"},"query-input":{"@type":"PropertyValueSpecification","valueRequired":true,"valueName":"search_term_string"}}],"inLanguage":"pt-BR"},{"@type":"Organization","@id":"https:\/\/radiolifefm.com.br\/noticias\/#organization","name":"R\u00e1dio Life FM","alternateName":"Life FM","url":"https:\/\/radiolifefm.com.br\/noticias\/","logo":{"@type":"ImageObject","inLanguage":"pt-BR","@id":"https:\/\/radiolifefm.com.br\/noticias\/#\/schema\/logo\/image\/","url":"https:\/\/static.radiolifefm.com.br\/noticias\/wp-content\/uploads\/2019\/10\/logo-lifefm.png","contentUrl":"https:\/\/static.radiolifefm.com.br\/noticias\/wp-content\/uploads\/2019\/10\/logo-lifefm.png","width":196,"height":47,"caption":"R\u00e1dio Life FM"},"image":{"@id":"https:\/\/radiolifefm.com.br\/noticias\/#\/schema\/logo\/image\/"},"sameAs":["https:\/\/www.facebook.com\/radiolifefm\/","https:\/\/www.instagram.com\/life1079fm\/"]},{"@type":"Person","@id":"https:\/\/radiolifefm.com.br\/noticias\/#\/schema\/person\/6876e1240feffe6e1b63fd5cb85abf28","name":"joaograndao","image":{"@type":"ImageObject","inLanguage":"pt-BR","@id":"https:\/\/secure.gravatar.com\/avatar\/d5b1a3cf357ed9c50404e256a1294083aa8ab5d2a994001567302786016cb32c?s=96&d=mm&r=g","url":"https:\/\/secure.gravatar.com\/avatar\/d5b1a3cf357ed9c50404e256a1294083aa8ab5d2a994001567302786016cb32c?s=96&d=mm&r=g","contentUrl":"https:\/\/secure.gravatar.com\/avatar\/d5b1a3cf357ed9c50404e256a1294083aa8ab5d2a994001567302786016cb32c?s=96&d=mm&r=g","caption":"joaograndao"}}]}},"amp_enabled":true,"_links":{"self":[{"href":"https:\/\/radiolifefm.com.br\/noticias\/wp-json\/wp\/v2\/posts\/12134","targetHints":{"allow":["GET"]}}],"collection":[{"href":"https:\/\/radiolifefm.com.br\/noticias\/wp-json\/wp\/v2\/posts"}],"about":[{"href":"https:\/\/radiolifefm.com.br\/noticias\/wp-json\/wp\/v2\/types\/post"}],"author":[{"embeddable":true,"href":"https:\/\/radiolifefm.com.br\/noticias\/wp-json\/wp\/v2\/users\/8"}],"replies":[{"embeddable":true,"href":"https:\/\/radiolifefm.com.br\/noticias\/wp-json\/wp\/v2\/comments?post=12134"}],"version-history":[{"count":1,"href":"https:\/\/radiolifefm.com.br\/noticias\/wp-json\/wp\/v2\/posts\/12134\/revisions"}],"predecessor-version":[{"id":12136,"href":"https:\/\/radiolifefm.com.br\/noticias\/wp-json\/wp\/v2\/posts\/12134\/revisions\/12136"}],"wp:featuredmedia":[{"embeddable":true,"href":"https:\/\/radiolifefm.com.br\/noticias\/wp-json\/wp\/v2\/media\/12135"}],"wp:attachment":[{"href":"https:\/\/radiolifefm.com.br\/noticias\/wp-json\/wp\/v2\/media?parent=12134"}],"wp:term":[{"taxonomy":"category","embeddable":true,"href":"https:\/\/radiolifefm.com.br\/noticias\/wp-json\/wp\/v2\/categories?post=12134"},{"taxonomy":"post_tag","embeddable":true,"href":"https:\/\/radiolifefm.com.br\/noticias\/wp-json\/wp\/v2\/tags?post=12134"}],"curies":[{"name":"wp","href":"https:\/\/api.w.org\/{rel}","templated":true}]}}