{"id":12109,"date":"2019-04-16T23:07:39","date_gmt":"2019-04-17T02:07:39","guid":{"rendered":"https:\/\/radiolifefm.com.br\/noticias\/?p=12109"},"modified":"2026-04-08T22:08:02","modified_gmt":"2026-04-09T01:08:02","slug":"administracao-publica-e-pos-globalizacao-organizacional-na-provincia","status":"publish","type":"post","link":"https:\/\/radiolifefm.com.br\/noticias\/administracao-publica-e-pos-globalizacao-organizacional-na-provincia\/","title":{"rendered":"Administra\u00e7\u00e3o P\u00fablica e P\u00f3s-Globaliza\u00e7\u00e3o Organizacional na Prov\u00edncia&#8230;"},"content":{"rendered":"<div id=\"fb-root\"><\/div>\n<h4>\u201cN\u00e3o \u00e9 poss\u00edvel viver feliz sem ser s\u00e1bio, honesto e justo, nem ser s\u00e1bio, honesto e justo sem ser feliz. Quem esteja privado de uma dessas coisas, como, por exemplo, da sabedoria, n\u00e3o pode viver feliz, ainda que seja honesto e justo\u201d.<br \/>\n(Epicuro- M\u00e1ximas Fundamentais V)<\/h4>\n<p>N\u00e3o se pode deixar de lado nestes tempos obscuros da economia como um todo, a preocupa\u00e7\u00e3o de sempre, ou seja, quando aborda-se um tema mais do que pol\u00eamico nos dias de hoje- a discuss\u00e3o sobre tem\u00e1ticas relacionadas com a administra\u00e7\u00e3o p\u00fablica nas esferas dos poderes municipal, estadual e federal&#8230;<br \/>\nA preocupa\u00e7\u00e3o existe em todas as \u00e1reas denominadas \u201cp\u00fablicas\u201d, tendo em vista que tal palavra significa &#8220;tornar p\u00fablica alguma coisa&#8221;, ao mesmo tempo, \u00e9 preciso saber levar adiante as discuss\u00f5es sobre o tema proposto, assim sendo, faz-se necess\u00e1rio estar em sintonia com as mudan\u00e7as que est\u00e3o ocorrendo em termos de propostas concretas para a \u00e1rea em debate&#8230;<br \/>\nA Regi\u00e3o da \u201cNova\u201d Alta Paulista ocupa um lugar de destaque no cen\u00e1rio estadual atualmente, desta forma, urge estar sintonizado com o novo tempo por meio da p\u00f3s-globaliza\u00e7\u00e3o organizacional em n\u00edvel mundial&#8230;.<br \/>\nNeste contexto glocal, portanto, do global para o local, a Regi\u00e3o denominada de \u201cNova\u201d Alta Paulista pode dar a contribui\u00e7\u00e3o da melhor forma poss\u00edvel, ainda, oferecendo para as regi\u00f5es administrativas, bem como, munic\u00edpios do estado de S\u00e3o Paulo, novas propostas de administra\u00e7\u00e3o municipal, tendo em vista, as necessidades do contexto p\u00fablico, tamb\u00e9m, em n\u00edvel nacional..<br \/>\n\u00c9 importante destacar que, a UNIFAI-CENTRO UNIVERSIT\u00c1RIO DE ADAMANTINA, oferece para a comunidade acad\u00eamica, os cursos universit\u00e1rios em Administra\u00e7\u00e3o, Economia e Ci\u00eancias Cont\u00e1beis&#8230;<br \/>\nPode-se afirmar que, trata-se de uma conquista para a institui\u00e7\u00e3o disponibilizar tais habilita\u00e7\u00f5es nestas \u00e1reas do conhecimento, possibilitando aos profissionais diplomados pela institui\u00e7\u00e3o, uma abrang\u00eancia diversificada de atua\u00e7\u00e3o nas prefeituras em n\u00edveis regional, estadual e nacional&#8230;<br \/>\nO desenvolvimento regional \u00e9 um tema que merece respeito e considera\u00e7\u00e3o por parte daqueles que acreditam no potencial da regi\u00e3o, assim, as propostas devem assimilar da melhor forma poss\u00edvel, caracter\u00edsticas local e regional, fortalecendo o pensamento coletivo da comunidade por meio de a\u00e7\u00f5es concretas, qualificadas e seletivas&#8230;<br \/>\n______________________________________<\/p>\n<p><b>Todas as quartas-feiras, estar\u00e1 escrevendo para a COLUNA OPINI\u00c3O do Portal da LIFE FM, o jornalista diplomado S\u00c9RGIO BARBOSA, professor universit\u00e1rio com forma\u00e7\u00e3o acad\u00eamica em JORNALISMO pelo IMS\/METODISTA de SBCampo, tamb\u00e9m, cursou PUBLICIDADE E PROPAGANDA (METODISTA) e TEOLOGIA (Faculdade de Teologia da Igreja Metodista no Brasil), possui, ainda, MESTRADO EM CI\u00caNCIAS DA RELIGI\u00c3O\/SOCIOLOGIA DA RELIGI\u00c3O pelo PPGCR\/UMESP\u00a0 . Desenvolveu atividades como PESQUISADOR-COLABORADOR da C\u00c1TEDRA UNESCO\/METODISTA DE COMUNICA\u00c7\u00c3O PARA O DESENVOLVIMENTO REGIONAL (1.998\/2018), Autor de mais de 2.000 artigo publicados e postados na m\u00eddia impressa e digital da regi\u00e3o provinciana. <\/b><b>Articulista do site de Not\u00edcias JORGE ZANONI (Dracena, SP) e ACONTECE NO OESTE (Oswaldo Crus, SP). <\/b><b>Outros artigos do autor na FANPAGE EMP\u00d3RIO SEBAR.<\/b><\/p>\n<p>&nbsp;<\/p>\n<div class='flex flex-wrap items-center -mx-1'>\r\n<a class='thumbnail gallery p-1 w-1\/2 md:w-1\/4' href='https:\/\/radiolifefm.com.br\/noticias\/wp-content\/uploads\/2019\/04\/SEBAR-1-1.jpg'><img class='border border-white' src='https:\/\/radiolifefm.com.br\/noticias\/wp-content\/uploads\/2019\/04\/SEBAR-1-1-200x200.jpg' alt='SEBAR   1' \/><\/a><a class='thumbnail gallery p-1 w-1\/2 md:w-1\/4' href='https:\/\/radiolifefm.com.br\/noticias\/wp-content\/uploads\/2019\/04\/SEBAR-2.jpg'><img class='border border-white' src='https:\/\/radiolifefm.com.br\/noticias\/wp-content\/uploads\/2019\/04\/SEBAR-2-200x200.jpg' alt='SEBAR   2' \/><\/a><\/div>\n","protected":false},"excerpt":{"rendered":"<p>\u201cN\u00e3o \u00e9 poss\u00edvel viver feliz sem ser s\u00e1bio, honesto e justo, nem ser s\u00e1bio, honesto e justo sem ser feliz. Quem esteja privado de uma dessas coisas, como, por exemplo, da sabedoria, n\u00e3o pode viver feliz, ainda que seja honesto e justo\u201d. (Epicuro- M\u00e1ximas Fundamentais V) N\u00e3o se pode deixar de lado nestes tempos obscuros [&hellip;]<\/p>\n","protected":false},"author":8,"featured_media":12111,"comment_status":"closed","ping_status":"open","sticky":false,"template":"","format":"standard","meta":{"_acf_changed":false,"_exactmetrics_skip_tracking":false,"_exactmetrics_sitenote_active":false,"_exactmetrics_sitenote_note":"","_exactmetrics_sitenote_category":0,"footnotes":""},"categories":[59],"tags":[],"class_list":["post-12109","post","type-post","status-publish","format-standard","has-post-thumbnail","hentry","category-opiniao"],"acf":[],"yoast_head":"<!-- This site is optimized with the Yoast SEO plugin v27.2 - https:\/\/yoast.com\/product\/yoast-seo-wordpress\/ -->\n<title>Administra\u00e7\u00e3o P\u00fablica e P\u00f3s-Globaliza\u00e7\u00e3o Organizacional na Prov\u00edncia... - R\u00e1dio Life FM<\/title>\n<meta name=\"robots\" content=\"index, follow, max-snippet:-1, max-image-preview:large, max-video-preview:-1\" \/>\n<link rel=\"canonical\" href=\"https:\/\/radiolifefm.com.br\/noticias\/administracao-publica-e-pos-globalizacao-organizacional-na-provincia\/\" \/>\n<meta property=\"og:locale\" content=\"pt_BR\" \/>\n<meta property=\"og:type\" content=\"article\" \/>\n<meta property=\"og:title\" content=\"Administra\u00e7\u00e3o P\u00fablica e P\u00f3s-Globaliza\u00e7\u00e3o Organizacional na Prov\u00edncia... - R\u00e1dio Life FM\" \/>\n<meta property=\"og:description\" content=\"\u201cN\u00e3o \u00e9 poss\u00edvel viver feliz sem ser s\u00e1bio, honesto e justo, nem ser s\u00e1bio, honesto e justo sem ser feliz. Quem esteja privado de uma dessas coisas, como, por exemplo, da sabedoria, n\u00e3o pode viver feliz, ainda que seja honesto e justo\u201d. (Epicuro- M\u00e1ximas Fundamentais V) N\u00e3o se pode deixar de lado nestes tempos obscuros [&hellip;]\" \/>\n<meta property=\"og:url\" content=\"https:\/\/radiolifefm.com.br\/noticias\/administracao-publica-e-pos-globalizacao-organizacional-na-provincia\/\" \/>\n<meta property=\"og:site_name\" content=\"R\u00e1dio Life FM\" \/>\n<meta property=\"article:publisher\" content=\"https:\/\/www.facebook.com\/radiolifefm\/\" \/>\n<meta property=\"article:published_time\" content=\"2019-04-17T02:07:39+00:00\" \/>\n<meta property=\"article:modified_time\" content=\"2026-04-09T01:08:02+00:00\" \/>\n<meta property=\"og:image\" content=\"https:\/\/radiolifefm.com.br\/noticias\/wp-content\/uploads\/2019\/04\/SEBAR-1-768x1024.jpg\" \/>\n\t<meta property=\"og:image:width\" content=\"768\" \/>\n\t<meta property=\"og:image:height\" content=\"1024\" \/>\n\t<meta property=\"og:image:type\" content=\"image\/jpeg\" \/>\n<meta name=\"author\" content=\"joaograndao\" \/>\n<meta name=\"twitter:card\" content=\"summary_large_image\" \/>\n<meta name=\"twitter:label1\" content=\"Escrito por\" \/>\n\t<meta name=\"twitter:data1\" content=\"joaograndao\" \/>\n\t<meta name=\"twitter:label2\" content=\"Est. tempo de leitura\" \/>\n\t<meta name=\"twitter:data2\" content=\"3 minutos\" \/>\n<script type=\"application\/ld+json\" class=\"yoast-schema-graph\">{\"@context\":\"https:\/\/schema.org\",\"@graph\":[{\"@type\":\"Article\",\"@id\":\"https:\/\/radiolifefm.com.br\/noticias\/administracao-publica-e-pos-globalizacao-organizacional-na-provincia\/#article\",\"isPartOf\":{\"@id\":\"https:\/\/radiolifefm.com.br\/noticias\/administracao-publica-e-pos-globalizacao-organizacional-na-provincia\/\"},\"author\":{\"name\":\"joaograndao\",\"@id\":\"https:\/\/radiolifefm.com.br\/noticias\/#\/schema\/person\/6876e1240feffe6e1b63fd5cb85abf28\"},\"headline\":\"Administra\u00e7\u00e3o P\u00fablica e P\u00f3s-Globaliza\u00e7\u00e3o Organizacional na Prov\u00edncia&#8230;\",\"datePublished\":\"2019-04-17T02:07:39+00:00\",\"dateModified\":\"2026-04-09T01:08:02+00:00\",\"mainEntityOfPage\":{\"@id\":\"https:\/\/radiolifefm.com.br\/noticias\/administracao-publica-e-pos-globalizacao-organizacional-na-provincia\/\"},\"wordCount\":537,\"publisher\":{\"@id\":\"https:\/\/radiolifefm.com.br\/noticias\/#organization\"},\"image\":{\"@id\":\"https:\/\/radiolifefm.com.br\/noticias\/administracao-publica-e-pos-globalizacao-organizacional-na-provincia\/#primaryimage\"},\"thumbnailUrl\":\"https:\/\/radiolifefm.com.br\/noticias\/wp-content\/uploads\/2019\/04\/SEBAR-1.jpg\",\"articleSection\":[\"Opini\u00e3o\"],\"inLanguage\":\"pt-BR\"},{\"@type\":\"WebPage\",\"@id\":\"https:\/\/radiolifefm.com.br\/noticias\/administracao-publica-e-pos-globalizacao-organizacional-na-provincia\/\",\"url\":\"https:\/\/radiolifefm.com.br\/noticias\/administracao-publica-e-pos-globalizacao-organizacional-na-provincia\/\",\"name\":\"Administra\u00e7\u00e3o P\u00fablica e P\u00f3s-Globaliza\u00e7\u00e3o Organizacional na Prov\u00edncia... - R\u00e1dio Life FM\",\"isPartOf\":{\"@id\":\"https:\/\/radiolifefm.com.br\/noticias\/#website\"},\"primaryImageOfPage\":{\"@id\":\"https:\/\/radiolifefm.com.br\/noticias\/administracao-publica-e-pos-globalizacao-organizacional-na-provincia\/#primaryimage\"},\"image\":{\"@id\":\"https:\/\/radiolifefm.com.br\/noticias\/administracao-publica-e-pos-globalizacao-organizacional-na-provincia\/#primaryimage\"},\"thumbnailUrl\":\"https:\/\/radiolifefm.com.br\/noticias\/wp-content\/uploads\/2019\/04\/SEBAR-1.jpg\",\"datePublished\":\"2019-04-17T02:07:39+00:00\",\"dateModified\":\"2026-04-09T01:08:02+00:00\",\"breadcrumb\":{\"@id\":\"https:\/\/radiolifefm.com.br\/noticias\/administracao-publica-e-pos-globalizacao-organizacional-na-provincia\/#breadcrumb\"},\"inLanguage\":\"pt-BR\",\"potentialAction\":[{\"@type\":\"ReadAction\",\"target\":[\"https:\/\/radiolifefm.com.br\/noticias\/administracao-publica-e-pos-globalizacao-organizacional-na-provincia\/\"]}]},{\"@type\":\"ImageObject\",\"inLanguage\":\"pt-BR\",\"@id\":\"https:\/\/radiolifefm.com.br\/noticias\/administracao-publica-e-pos-globalizacao-organizacional-na-provincia\/#primaryimage\",\"url\":\"https:\/\/radiolifefm.com.br\/noticias\/wp-content\/uploads\/2019\/04\/SEBAR-1.jpg\",\"contentUrl\":\"https:\/\/radiolifefm.com.br\/noticias\/wp-content\/uploads\/2019\/04\/SEBAR-1.jpg\",\"width\":2736,\"height\":3648},{\"@type\":\"BreadcrumbList\",\"@id\":\"https:\/\/radiolifefm.com.br\/noticias\/administracao-publica-e-pos-globalizacao-organizacional-na-provincia\/#breadcrumb\",\"itemListElement\":[{\"@type\":\"ListItem\",\"position\":1,\"name\":\"In\u00edcio\",\"item\":\"https:\/\/radiolifefm.com.br\/noticias\/\"},{\"@type\":\"ListItem\",\"position\":2,\"name\":\"Administra\u00e7\u00e3o P\u00fablica e P\u00f3s-Globaliza\u00e7\u00e3o Organizacional na Prov\u00edncia&#8230;\"}]},{\"@type\":\"WebSite\",\"@id\":\"https:\/\/radiolifefm.com.br\/noticias\/#website\",\"url\":\"https:\/\/radiolifefm.com.br\/noticias\/\",\"name\":\"R\u00e1dio Life FM\",\"description\":\"O Portal de Not\u00edcias de Adamantina\",\"publisher\":{\"@id\":\"https:\/\/radiolifefm.com.br\/noticias\/#organization\"},\"alternateName\":\"Life FM\",\"potentialAction\":[{\"@type\":\"SearchAction\",\"target\":{\"@type\":\"EntryPoint\",\"urlTemplate\":\"https:\/\/radiolifefm.com.br\/noticias\/?s={search_term_string}\"},\"query-input\":{\"@type\":\"PropertyValueSpecification\",\"valueRequired\":true,\"valueName\":\"search_term_string\"}}],\"inLanguage\":\"pt-BR\"},{\"@type\":\"Organization\",\"@id\":\"https:\/\/radiolifefm.com.br\/noticias\/#organization\",\"name\":\"R\u00e1dio Life FM\",\"alternateName\":\"Life FM\",\"url\":\"https:\/\/radiolifefm.com.br\/noticias\/\",\"logo\":{\"@type\":\"ImageObject\",\"inLanguage\":\"pt-BR\",\"@id\":\"https:\/\/radiolifefm.com.br\/noticias\/#\/schema\/logo\/image\/\",\"url\":\"https:\/\/static.radiolifefm.com.br\/noticias\/wp-content\/uploads\/2019\/10\/logo-lifefm.png\",\"contentUrl\":\"https:\/\/static.radiolifefm.com.br\/noticias\/wp-content\/uploads\/2019\/10\/logo-lifefm.png\",\"width\":196,\"height\":47,\"caption\":\"R\u00e1dio Life FM\"},\"image\":{\"@id\":\"https:\/\/radiolifefm.com.br\/noticias\/#\/schema\/logo\/image\/\"},\"sameAs\":[\"https:\/\/www.facebook.com\/radiolifefm\/\",\"https:\/\/www.instagram.com\/life1079fm\/\"]},{\"@type\":\"Person\",\"@id\":\"https:\/\/radiolifefm.com.br\/noticias\/#\/schema\/person\/6876e1240feffe6e1b63fd5cb85abf28\",\"name\":\"joaograndao\",\"image\":{\"@type\":\"ImageObject\",\"inLanguage\":\"pt-BR\",\"@id\":\"https:\/\/secure.gravatar.com\/avatar\/d5b1a3cf357ed9c50404e256a1294083aa8ab5d2a994001567302786016cb32c?s=96&d=mm&r=g\",\"url\":\"https:\/\/secure.gravatar.com\/avatar\/d5b1a3cf357ed9c50404e256a1294083aa8ab5d2a994001567302786016cb32c?s=96&d=mm&r=g\",\"contentUrl\":\"https:\/\/secure.gravatar.com\/avatar\/d5b1a3cf357ed9c50404e256a1294083aa8ab5d2a994001567302786016cb32c?s=96&d=mm&r=g\",\"caption\":\"joaograndao\"}}]}<\/script>\n<!-- \/ Yoast SEO plugin. -->","yoast_head_json":{"title":"Administra\u00e7\u00e3o P\u00fablica e P\u00f3s-Globaliza\u00e7\u00e3o Organizacional na Prov\u00edncia... - R\u00e1dio Life FM","robots":{"index":"index","follow":"follow","max-snippet":"max-snippet:-1","max-image-preview":"max-image-preview:large","max-video-preview":"max-video-preview:-1"},"canonical":"https:\/\/radiolifefm.com.br\/noticias\/administracao-publica-e-pos-globalizacao-organizacional-na-provincia\/","og_locale":"pt_BR","og_type":"article","og_title":"Administra\u00e7\u00e3o P\u00fablica e P\u00f3s-Globaliza\u00e7\u00e3o Organizacional na Prov\u00edncia... - R\u00e1dio Life FM","og_description":"\u201cN\u00e3o \u00e9 poss\u00edvel viver feliz sem ser s\u00e1bio, honesto e justo, nem ser s\u00e1bio, honesto e justo sem ser feliz. Quem esteja privado de uma dessas coisas, como, por exemplo, da sabedoria, n\u00e3o pode viver feliz, ainda que seja honesto e justo\u201d. (Epicuro- M\u00e1ximas Fundamentais V) N\u00e3o se pode deixar de lado nestes tempos obscuros [&hellip;]","og_url":"https:\/\/radiolifefm.com.br\/noticias\/administracao-publica-e-pos-globalizacao-organizacional-na-provincia\/","og_site_name":"R\u00e1dio Life FM","article_publisher":"https:\/\/www.facebook.com\/radiolifefm\/","article_published_time":"2019-04-17T02:07:39+00:00","article_modified_time":"2026-04-09T01:08:02+00:00","og_image":[{"width":768,"height":1024,"url":"https:\/\/radiolifefm.com.br\/noticias\/wp-content\/uploads\/2019\/04\/SEBAR-1-768x1024.jpg","type":"image\/jpeg"}],"author":"joaograndao","twitter_card":"summary_large_image","twitter_misc":{"Escrito por":"joaograndao","Est. tempo de leitura":"3 minutos"},"schema":{"@context":"https:\/\/schema.org","@graph":[{"@type":"Article","@id":"https:\/\/radiolifefm.com.br\/noticias\/administracao-publica-e-pos-globalizacao-organizacional-na-provincia\/#article","isPartOf":{"@id":"https:\/\/radiolifefm.com.br\/noticias\/administracao-publica-e-pos-globalizacao-organizacional-na-provincia\/"},"author":{"name":"joaograndao","@id":"https:\/\/radiolifefm.com.br\/noticias\/#\/schema\/person\/6876e1240feffe6e1b63fd5cb85abf28"},"headline":"Administra\u00e7\u00e3o P\u00fablica e P\u00f3s-Globaliza\u00e7\u00e3o Organizacional na Prov\u00edncia&#8230;","datePublished":"2019-04-17T02:07:39+00:00","dateModified":"2026-04-09T01:08:02+00:00","mainEntityOfPage":{"@id":"https:\/\/radiolifefm.com.br\/noticias\/administracao-publica-e-pos-globalizacao-organizacional-na-provincia\/"},"wordCount":537,"publisher":{"@id":"https:\/\/radiolifefm.com.br\/noticias\/#organization"},"image":{"@id":"https:\/\/radiolifefm.com.br\/noticias\/administracao-publica-e-pos-globalizacao-organizacional-na-provincia\/#primaryimage"},"thumbnailUrl":"https:\/\/radiolifefm.com.br\/noticias\/wp-content\/uploads\/2019\/04\/SEBAR-1.jpg","articleSection":["Opini\u00e3o"],"inLanguage":"pt-BR"},{"@type":"WebPage","@id":"https:\/\/radiolifefm.com.br\/noticias\/administracao-publica-e-pos-globalizacao-organizacional-na-provincia\/","url":"https:\/\/radiolifefm.com.br\/noticias\/administracao-publica-e-pos-globalizacao-organizacional-na-provincia\/","name":"Administra\u00e7\u00e3o P\u00fablica e P\u00f3s-Globaliza\u00e7\u00e3o Organizacional na Prov\u00edncia... - R\u00e1dio Life FM","isPartOf":{"@id":"https:\/\/radiolifefm.com.br\/noticias\/#website"},"primaryImageOfPage":{"@id":"https:\/\/radiolifefm.com.br\/noticias\/administracao-publica-e-pos-globalizacao-organizacional-na-provincia\/#primaryimage"},"image":{"@id":"https:\/\/radiolifefm.com.br\/noticias\/administracao-publica-e-pos-globalizacao-organizacional-na-provincia\/#primaryimage"},"thumbnailUrl":"https:\/\/radiolifefm.com.br\/noticias\/wp-content\/uploads\/2019\/04\/SEBAR-1.jpg","datePublished":"2019-04-17T02:07:39+00:00","dateModified":"2026-04-09T01:08:02+00:00","breadcrumb":{"@id":"https:\/\/radiolifefm.com.br\/noticias\/administracao-publica-e-pos-globalizacao-organizacional-na-provincia\/#breadcrumb"},"inLanguage":"pt-BR","potentialAction":[{"@type":"ReadAction","target":["https:\/\/radiolifefm.com.br\/noticias\/administracao-publica-e-pos-globalizacao-organizacional-na-provincia\/"]}]},{"@type":"ImageObject","inLanguage":"pt-BR","@id":"https:\/\/radiolifefm.com.br\/noticias\/administracao-publica-e-pos-globalizacao-organizacional-na-provincia\/#primaryimage","url":"https:\/\/radiolifefm.com.br\/noticias\/wp-content\/uploads\/2019\/04\/SEBAR-1.jpg","contentUrl":"https:\/\/radiolifefm.com.br\/noticias\/wp-content\/uploads\/2019\/04\/SEBAR-1.jpg","width":2736,"height":3648},{"@type":"BreadcrumbList","@id":"https:\/\/radiolifefm.com.br\/noticias\/administracao-publica-e-pos-globalizacao-organizacional-na-provincia\/#breadcrumb","itemListElement":[{"@type":"ListItem","position":1,"name":"In\u00edcio","item":"https:\/\/radiolifefm.com.br\/noticias\/"},{"@type":"ListItem","position":2,"name":"Administra\u00e7\u00e3o P\u00fablica e P\u00f3s-Globaliza\u00e7\u00e3o Organizacional na Prov\u00edncia&#8230;"}]},{"@type":"WebSite","@id":"https:\/\/radiolifefm.com.br\/noticias\/#website","url":"https:\/\/radiolifefm.com.br\/noticias\/","name":"R\u00e1dio Life FM","description":"O Portal de Not\u00edcias de Adamantina","publisher":{"@id":"https:\/\/radiolifefm.com.br\/noticias\/#organization"},"alternateName":"Life FM","potentialAction":[{"@type":"SearchAction","target":{"@type":"EntryPoint","urlTemplate":"https:\/\/radiolifefm.com.br\/noticias\/?s={search_term_string}"},"query-input":{"@type":"PropertyValueSpecification","valueRequired":true,"valueName":"search_term_string"}}],"inLanguage":"pt-BR"},{"@type":"Organization","@id":"https:\/\/radiolifefm.com.br\/noticias\/#organization","name":"R\u00e1dio Life FM","alternateName":"Life FM","url":"https:\/\/radiolifefm.com.br\/noticias\/","logo":{"@type":"ImageObject","inLanguage":"pt-BR","@id":"https:\/\/radiolifefm.com.br\/noticias\/#\/schema\/logo\/image\/","url":"https:\/\/static.radiolifefm.com.br\/noticias\/wp-content\/uploads\/2019\/10\/logo-lifefm.png","contentUrl":"https:\/\/static.radiolifefm.com.br\/noticias\/wp-content\/uploads\/2019\/10\/logo-lifefm.png","width":196,"height":47,"caption":"R\u00e1dio Life FM"},"image":{"@id":"https:\/\/radiolifefm.com.br\/noticias\/#\/schema\/logo\/image\/"},"sameAs":["https:\/\/www.facebook.com\/radiolifefm\/","https:\/\/www.instagram.com\/life1079fm\/"]},{"@type":"Person","@id":"https:\/\/radiolifefm.com.br\/noticias\/#\/schema\/person\/6876e1240feffe6e1b63fd5cb85abf28","name":"joaograndao","image":{"@type":"ImageObject","inLanguage":"pt-BR","@id":"https:\/\/secure.gravatar.com\/avatar\/d5b1a3cf357ed9c50404e256a1294083aa8ab5d2a994001567302786016cb32c?s=96&d=mm&r=g","url":"https:\/\/secure.gravatar.com\/avatar\/d5b1a3cf357ed9c50404e256a1294083aa8ab5d2a994001567302786016cb32c?s=96&d=mm&r=g","contentUrl":"https:\/\/secure.gravatar.com\/avatar\/d5b1a3cf357ed9c50404e256a1294083aa8ab5d2a994001567302786016cb32c?s=96&d=mm&r=g","caption":"joaograndao"}}]}},"amp_enabled":true,"_links":{"self":[{"href":"https:\/\/radiolifefm.com.br\/noticias\/wp-json\/wp\/v2\/posts\/12109","targetHints":{"allow":["GET"]}}],"collection":[{"href":"https:\/\/radiolifefm.com.br\/noticias\/wp-json\/wp\/v2\/posts"}],"about":[{"href":"https:\/\/radiolifefm.com.br\/noticias\/wp-json\/wp\/v2\/types\/post"}],"author":[{"embeddable":true,"href":"https:\/\/radiolifefm.com.br\/noticias\/wp-json\/wp\/v2\/users\/8"}],"replies":[{"embeddable":true,"href":"https:\/\/radiolifefm.com.br\/noticias\/wp-json\/wp\/v2\/comments?post=12109"}],"version-history":[{"count":5,"href":"https:\/\/radiolifefm.com.br\/noticias\/wp-json\/wp\/v2\/posts\/12109\/revisions"}],"predecessor-version":[{"id":12144,"href":"https:\/\/radiolifefm.com.br\/noticias\/wp-json\/wp\/v2\/posts\/12109\/revisions\/12144"}],"wp:featuredmedia":[{"embeddable":true,"href":"https:\/\/radiolifefm.com.br\/noticias\/wp-json\/wp\/v2\/media\/12111"}],"wp:attachment":[{"href":"https:\/\/radiolifefm.com.br\/noticias\/wp-json\/wp\/v2\/media?parent=12109"}],"wp:term":[{"taxonomy":"category","embeddable":true,"href":"https:\/\/radiolifefm.com.br\/noticias\/wp-json\/wp\/v2\/categories?post=12109"},{"taxonomy":"post_tag","embeddable":true,"href":"https:\/\/radiolifefm.com.br\/noticias\/wp-json\/wp\/v2\/tags?post=12109"}],"curies":[{"name":"wp","href":"https:\/\/api.w.org\/{rel}","templated":true}]}}