{"id":119614,"date":"2026-05-01T23:01:05","date_gmt":"2026-05-02T02:01:05","guid":{"rendered":"https:\/\/radiolifefm.com.br\/noticias\/?p=119614"},"modified":"2026-05-02T00:05:13","modified_gmt":"2026-05-02T03:05:13","slug":"claria-transforma-estreia-de-o-diabo-veste-prada-2-em-experiencia-inesquecivel-e-emociona-clientes-em-adamantina","status":"publish","type":"post","link":"https:\/\/radiolifefm.com.br\/noticias\/claria-transforma-estreia-de-o-diabo-veste-prada-2-em-experiencia-inesquecivel-e-emociona-clientes-em-adamantina\/","title":{"rendered":"Clari\u00e1 transforma estreia de O Diabo Veste Prada 2 em experi\u00eancia inesquec\u00edvel e emociona clientes em Adamantina"},"content":{"rendered":"<div id=\"fb-root\"><\/div>\n<hr \/>\n<p>A estreia nacional de O Diabo Veste Prada 2 levou multid\u00f5es aos cinemas em todo o Brasil \u2014 mas, em Adamantina, o que aconteceu foi muito al\u00e9m de uma sess\u00e3o comum. Foi um evento que uniu moda, emo\u00e7\u00e3o e pertencimento.<img loading=\"lazy\" decoding=\"async\" class=\"aligncenter size-medium wp-image-119616\" src=\"https:\/\/radiolifefm.com.br\/noticias\/wp-content\/uploads\/2026\/05\/36e93023-5e94-4f1b-89f6-1dac3f9a8b8f-300x170.jpeg\" alt=\"\" width=\"300\" height=\"170\" srcset=\"https:\/\/radiolifefm.com.br\/noticias\/wp-content\/uploads\/2026\/05\/36e93023-5e94-4f1b-89f6-1dac3f9a8b8f-300x170.jpeg 300w, https:\/\/radiolifefm.com.br\/noticias\/wp-content\/uploads\/2026\/05\/36e93023-5e94-4f1b-89f6-1dac3f9a8b8f-768x435.jpeg 768w, https:\/\/radiolifefm.com.br\/noticias\/wp-content\/uploads\/2026\/05\/36e93023-5e94-4f1b-89f6-1dac3f9a8b8f-350x200.jpeg 350w, https:\/\/radiolifefm.com.br\/noticias\/wp-content\/uploads\/2026\/05\/36e93023-5e94-4f1b-89f6-1dac3f9a8b8f.jpeg 853w\" sizes=\"auto, (max-width: 300px) 100vw, 300px\" \/><\/p>\n<p>A respons\u00e1vel por essa noite memor\u00e1vel foi Maria Clara, empres\u00e1ria e estilista \u00e0 frente da marca Clari\u00e1. Com uma vis\u00e3o que vai al\u00e9m da venda, ela presenteou suas clientes com uma sess\u00e3o exclusiva no Cine HOS, criando uma experi\u00eancia pensada nos m\u00ednimos detalhes.<br \/>\nInspirada pelo primeiro filme, O Diabo Veste Prada, que influenciou sua trajet\u00f3ria na moda, Maria Clara enxergou na estreia da sequ\u00eancia a oportunidade perfeita para retribuir o carinho de suas clientes \u2014 e fez isso com estrat\u00e9gia e sensibilidade.<\/p>\n<div class='flex flex-wrap items-center -mx-1'>\r\n<a class='thumbnail gallery p-1 w-1\/2 md:w-1\/4' href='https:\/\/radiolifefm.com.br\/noticias\/wp-content\/uploads\/2026\/05\/4b3f07c7-eca0-4a7e-895b-e08c9e6db3a8.jpeg'><img class='border border-white' src='https:\/\/radiolifefm.com.br\/noticias\/wp-content\/uploads\/2026\/05\/4b3f07c7-eca0-4a7e-895b-e08c9e6db3a8-200x200.jpeg' alt='4b3f07c7 Eca0 4a7e 895b E08c9e6db3a8' \/><\/a><a class='thumbnail gallery p-1 w-1\/2 md:w-1\/4' href='https:\/\/radiolifefm.com.br\/noticias\/wp-content\/uploads\/2026\/05\/4b736327-4fb7-419b-93a5-34330b049c38.jpeg'><img class='border border-white' src='https:\/\/radiolifefm.com.br\/noticias\/wp-content\/uploads\/2026\/05\/4b736327-4fb7-419b-93a5-34330b049c38-200x200.jpeg' alt='4b736327 4fb7 419b 93a5 34330b049c38' \/><\/a><a class='thumbnail gallery p-1 w-1\/2 md:w-1\/4' href='https:\/\/radiolifefm.com.br\/noticias\/wp-content\/uploads\/2026\/05\/72bb92ef-f6e1-4073-b537-46337cc28030.jpeg'><img class='border border-white' src='https:\/\/radiolifefm.com.br\/noticias\/wp-content\/uploads\/2026\/05\/72bb92ef-f6e1-4073-b537-46337cc28030-200x200.jpeg' alt='72bb92ef F6e1 4073 B537 46337cc28030' \/><\/a><a class='thumbnail gallery p-1 w-1\/2 md:w-1\/4' href='https:\/\/radiolifefm.com.br\/noticias\/wp-content\/uploads\/2026\/05\/a7832e12-26db-4887-aefc-b7304b427b66.jpeg'><img class='border border-white' src='https:\/\/radiolifefm.com.br\/noticias\/wp-content\/uploads\/2026\/05\/a7832e12-26db-4887-aefc-b7304b427b66-200x200.jpeg' alt='A7832e12 26db 4887 Aefc B7304b427b66' \/><\/a><a class='thumbnail gallery p-1 w-1\/2 md:w-1\/4' href='https:\/\/radiolifefm.com.br\/noticias\/wp-content\/uploads\/2026\/05\/54674fb6-0308-482a-b908-e45d29e42cf8.jpeg'><img class='border border-white' src='https:\/\/radiolifefm.com.br\/noticias\/wp-content\/uploads\/2026\/05\/54674fb6-0308-482a-b908-e45d29e42cf8-200x200.jpeg' alt='54674fb6 0308 482a B908 E45d29e42cf8' \/><\/a><a class='thumbnail gallery p-1 w-1\/2 md:w-1\/4' href='https:\/\/radiolifefm.com.br\/noticias\/wp-content\/uploads\/2026\/05\/c39f8e86-5cbd-4ffb-93c1-daa45860e5f1.jpeg'><img class='border border-white' src='https:\/\/radiolifefm.com.br\/noticias\/wp-content\/uploads\/2026\/05\/c39f8e86-5cbd-4ffb-93c1-daa45860e5f1-200x200.jpeg' alt='C39f8e86 5cbd 4ffb 93c1 Daa45860e5f1' \/><\/a><\/div>\n<p style=\"text-align: right\">\n<p>O resultado? Uma noite cuidadosamente constru\u00edda: baldes de pipoca personalizados, brindes especiais, copos exclusivos e um cen\u00e1rio instagram\u00e1vel que transformou o cinema em passarela.<\/p>\n<hr \/>\n<div class='flex flex-wrap items-center -mx-1'>\r\n<a class='thumbnail gallery p-1 w-1\/2 md:w-1\/4' href='https:\/\/radiolifefm.com.br\/noticias\/wp-content\/uploads\/2026\/05\/954a7986-5b56-476c-8f4b-fe4421a56fee.jpeg'><img class='border border-white' src='https:\/\/radiolifefm.com.br\/noticias\/wp-content\/uploads\/2026\/05\/954a7986-5b56-476c-8f4b-fe4421a56fee-200x200.jpeg' alt='954a7986 5b56 476c 8f4b Fe4421a56fee' \/><\/a><a class='thumbnail gallery p-1 w-1\/2 md:w-1\/4' href='https:\/\/radiolifefm.com.br\/noticias\/wp-content\/uploads\/2026\/05\/ba248777-2f0e-4dca-a67b-cf17781c44ce.jpeg'><img class='border border-white' src='https:\/\/radiolifefm.com.br\/noticias\/wp-content\/uploads\/2026\/05\/ba248777-2f0e-4dca-a67b-cf17781c44ce-200x200.jpeg' alt='Ba248777 2f0e 4dca A67b Cf17781c44ce' \/><\/a><a class='thumbnail gallery p-1 w-1\/2 md:w-1\/4' href='https:\/\/radiolifefm.com.br\/noticias\/wp-content\/uploads\/2026\/05\/6ac3c600-d51a-4adf-a8d8-7973a200cd65.jpeg'><img class='border border-white' src='https:\/\/radiolifefm.com.br\/noticias\/wp-content\/uploads\/2026\/05\/6ac3c600-d51a-4adf-a8d8-7973a200cd65-200x200.jpeg' alt='6ac3c600 D51a 4adf A8d8 7973a200cd65' \/><\/a><a class='thumbnail gallery p-1 w-1\/2 md:w-1\/4' href='https:\/\/radiolifefm.com.br\/noticias\/wp-content\/uploads\/2026\/05\/bff49f82-f793-4ef7-8856-e42fa80ab655.jpeg'><img class='border border-white' src='https:\/\/radiolifefm.com.br\/noticias\/wp-content\/uploads\/2026\/05\/bff49f82-f793-4ef7-8856-e42fa80ab655-200x200.jpeg' alt='Bff49f82 F793 4ef7 8856 E42fa80ab655' \/><\/a><a class='thumbnail gallery p-1 w-1\/2 md:w-1\/4' href='https:\/\/radiolifefm.com.br\/noticias\/wp-content\/uploads\/2026\/05\/3ed44f34-bbe6-402a-bbae-e34adaa1a598.jpeg'><img class='border border-white' src='https:\/\/radiolifefm.com.br\/noticias\/wp-content\/uploads\/2026\/05\/3ed44f34-bbe6-402a-bbae-e34adaa1a598-200x200.jpeg' alt='3ed44f34 Bbe6 402a Bbae E34adaa1a598' \/><\/a><a class='thumbnail gallery p-1 w-1\/2 md:w-1\/4' href='https:\/\/radiolifefm.com.br\/noticias\/wp-content\/uploads\/2026\/05\/87df0271-e02b-42b7-ab37-505178d8de5b.jpeg'><img class='border border-white' src='https:\/\/radiolifefm.com.br\/noticias\/wp-content\/uploads\/2026\/05\/87df0271-e02b-42b7-ab37-505178d8de5b-200x200.jpeg' alt='87df0271 E02b 42b7 Ab37 505178d8de5b' \/><\/a><a class='thumbnail gallery p-1 w-1\/2 md:w-1\/4' href='https:\/\/radiolifefm.com.br\/noticias\/wp-content\/uploads\/2026\/05\/2ff9d7f3-0693-46de-9fed-ea266d1457f1.jpeg'><img class='border border-white' src='https:\/\/radiolifefm.com.br\/noticias\/wp-content\/uploads\/2026\/05\/2ff9d7f3-0693-46de-9fed-ea266d1457f1-200x200.jpeg' alt='2ff9d7f3 0693 46de 9fed Ea266d1457f1' \/><\/a><a class='thumbnail gallery p-1 w-1\/2 md:w-1\/4' href='https:\/\/radiolifefm.com.br\/noticias\/wp-content\/uploads\/2026\/05\/8425a14b-0e5e-4a30-ad91-ce7328886687.jpeg'><img class='border border-white' src='https:\/\/radiolifefm.com.br\/noticias\/wp-content\/uploads\/2026\/05\/8425a14b-0e5e-4a30-ad91-ce7328886687-200x200.jpeg' alt='8425a14b 0e5e 4a30 Ad91 Ce7328886687' \/><\/a><a class='thumbnail gallery p-1 w-1\/2 md:w-1\/4' href='https:\/\/radiolifefm.com.br\/noticias\/wp-content\/uploads\/2026\/05\/635b5e66-7474-4db6-8a55-f924f1c271a6.jpeg'><img class='border border-white' src='https:\/\/radiolifefm.com.br\/noticias\/wp-content\/uploads\/2026\/05\/635b5e66-7474-4db6-8a55-f924f1c271a6-200x200.jpeg' alt='635b5e66 7474 4db6 8a55 F924f1c271a6' \/><\/a><a class='thumbnail gallery p-1 w-1\/2 md:w-1\/4' href='https:\/\/radiolifefm.com.br\/noticias\/wp-content\/uploads\/2026\/05\/366b9bce-5230-46d4-b06c-3d4f99b8094c.jpeg'><img class='border border-white' src='https:\/\/radiolifefm.com.br\/noticias\/wp-content\/uploads\/2026\/05\/366b9bce-5230-46d4-b06c-3d4f99b8094c-200x200.jpeg' alt='366b9bce 5230 46d4 B06c 3d4f99b8094c' \/><\/a><a class='thumbnail gallery p-1 w-1\/2 md:w-1\/4' href='https:\/\/radiolifefm.com.br\/noticias\/wp-content\/uploads\/2026\/05\/b6284686-b10e-4e1c-8a13-6e2cfc084e2e.jpeg'><img class='border border-white' src='https:\/\/radiolifefm.com.br\/noticias\/wp-content\/uploads\/2026\/05\/b6284686-b10e-4e1c-8a13-6e2cfc084e2e-200x200.jpeg' alt='B6284686 B10e 4e1c 8a13 6e2cfc084e2e' \/><\/a><a class='thumbnail gallery p-1 w-1\/2 md:w-1\/4' href='https:\/\/radiolifefm.com.br\/noticias\/wp-content\/uploads\/2026\/05\/d6489383-a013-4909-b8c6-7957fe2f8859.jpeg'><img class='border border-white' src='https:\/\/radiolifefm.com.br\/noticias\/wp-content\/uploads\/2026\/05\/d6489383-a013-4909-b8c6-7957fe2f8859-200x200.jpeg' alt='D6489383 A013 4909 B8c6 7957fe2f8859' \/><\/a><\/div>\n<p>Cada detalhe refor\u00e7ava uma mensagem clara \u2014 ali, cada cliente era protagonista.<br \/>\nE elas entenderam o recado. Produzidas, confiantes e estilosas, as clientes Clari\u00e1 deram um show \u00e0 parte, posando para fotos e v\u00eddeos como verdadeiras estrelas. Mais do que assistir a um filme, viveram uma experi\u00eancia que fortalece autoestima, identidade e conex\u00e3o com a marca.<\/p>\n<div class='flex flex-wrap items-center -mx-1'>\r\n<a class='thumbnail gallery p-1 w-1\/2 md:w-1\/4' href='https:\/\/radiolifefm.com.br\/noticias\/wp-content\/uploads\/2026\/05\/5c7401f6-7edb-4b3c-9f06-bbbce1393bb4.jpeg'><img class='border border-white' src='https:\/\/radiolifefm.com.br\/noticias\/wp-content\/uploads\/2026\/05\/5c7401f6-7edb-4b3c-9f06-bbbce1393bb4-200x200.jpeg' alt='5c7401f6 7edb 4b3c 9f06 Bbbce1393bb4' \/><\/a><a class='thumbnail gallery p-1 w-1\/2 md:w-1\/4' href='https:\/\/radiolifefm.com.br\/noticias\/wp-content\/uploads\/2026\/05\/2ea9e3dd-9295-49fb-91a8-a223f8caea81.jpeg'><img class='border border-white' src='https:\/\/radiolifefm.com.br\/noticias\/wp-content\/uploads\/2026\/05\/2ea9e3dd-9295-49fb-91a8-a223f8caea81-200x200.jpeg' alt='2ea9e3dd 9295 49fb 91a8 A223f8caea81' \/><\/a><a class='thumbnail gallery p-1 w-1\/2 md:w-1\/4' href='https:\/\/radiolifefm.com.br\/noticias\/wp-content\/uploads\/2026\/05\/5377eea4-23db-4476-9614-057fac9262cb.jpeg'><img class='border border-white' src='https:\/\/radiolifefm.com.br\/noticias\/wp-content\/uploads\/2026\/05\/5377eea4-23db-4476-9614-057fac9262cb-200x200.jpeg' alt='5377eea4 23db 4476 9614 057fac9262cb' \/><\/a><a class='thumbnail gallery p-1 w-1\/2 md:w-1\/4' href='https:\/\/radiolifefm.com.br\/noticias\/wp-content\/uploads\/2026\/05\/10be0739-7b7e-4073-91c1-cdd30e814fa9.jpeg'><img class='border border-white' src='https:\/\/radiolifefm.com.br\/noticias\/wp-content\/uploads\/2026\/05\/10be0739-7b7e-4073-91c1-cdd30e814fa9-200x200.jpeg' alt='10be0739 7b7e 4073 91c1 Cdd30e814fa9' \/><\/a><a class='thumbnail gallery p-1 w-1\/2 md:w-1\/4' href='https:\/\/radiolifefm.com.br\/noticias\/wp-content\/uploads\/2026\/05\/aa3c41b1-7418-403f-a34b-c488684318c3-1.jpeg'><img class='border border-white' src='https:\/\/radiolifefm.com.br\/noticias\/wp-content\/uploads\/2026\/05\/aa3c41b1-7418-403f-a34b-c488684318c3-1-200x200.jpeg' alt='Aa3c41b1 7418 403f A34b C488684318c3' \/><\/a><a class='thumbnail gallery p-1 w-1\/2 md:w-1\/4' href='https:\/\/radiolifefm.com.br\/noticias\/wp-content\/uploads\/2026\/05\/aa3c41b1-7418-403f-a34b-c488684318c3.jpeg'><img class='border border-white' src='https:\/\/radiolifefm.com.br\/noticias\/wp-content\/uploads\/2026\/05\/aa3c41b1-7418-403f-a34b-c488684318c3-200x200.jpeg' alt='Aa3c41b1 7418 403f A34b C488684318c3' \/><\/a><a class='thumbnail gallery p-1 w-1\/2 md:w-1\/4' href='https:\/\/radiolifefm.com.br\/noticias\/wp-content\/uploads\/2026\/05\/4641616f-3890-4d7b-970e-42bd4de8cadb.jpeg'><img class='border border-white' src='https:\/\/radiolifefm.com.br\/noticias\/wp-content\/uploads\/2026\/05\/4641616f-3890-4d7b-970e-42bd4de8cadb-200x200.jpeg' alt='4641616f 3890 4d7b 970e 42bd4de8cadb' \/><\/a><a class='thumbnail gallery p-1 w-1\/2 md:w-1\/4' href='https:\/\/radiolifefm.com.br\/noticias\/wp-content\/uploads\/2026\/05\/d0da895e-778f-4636-8d52-aeede816efd0.jpeg'><img class='border border-white' src='https:\/\/radiolifefm.com.br\/noticias\/wp-content\/uploads\/2026\/05\/d0da895e-778f-4636-8d52-aeede816efd0-200x200.jpeg' alt='D0da895e 778f 4636 8d52 Aeede816efd0' \/><\/a><a class='thumbnail gallery p-1 w-1\/2 md:w-1\/4' href='https:\/\/radiolifefm.com.br\/noticias\/wp-content\/uploads\/2026\/05\/a72cdac8-769b-4e3e-b65c-cbedc419780e.jpeg'><img class='border border-white' src='https:\/\/radiolifefm.com.br\/noticias\/wp-content\/uploads\/2026\/05\/a72cdac8-769b-4e3e-b65c-cbedc419780e-200x200.jpeg' alt='A72cdac8 769b 4e3e B65c Cbedc419780e' \/><\/a><a class='thumbnail gallery p-1 w-1\/2 md:w-1\/4' href='https:\/\/radiolifefm.com.br\/noticias\/wp-content\/uploads\/2026\/05\/7d973382-8ecf-4f0e-a6a3-cb7f6e57b03c.jpeg'><img class='border border-white' src='https:\/\/radiolifefm.com.br\/noticias\/wp-content\/uploads\/2026\/05\/7d973382-8ecf-4f0e-a6a3-cb7f6e57b03c-200x200.jpeg' alt='7d973382 8ecf 4f0e A6a3 Cb7f6e57b03c' \/><\/a><a class='thumbnail gallery p-1 w-1\/2 md:w-1\/4' href='https:\/\/radiolifefm.com.br\/noticias\/wp-content\/uploads\/2026\/05\/1bf81bca-3f26-4d2c-acc0-120f66ec0eb4.jpeg'><img class='border border-white' src='https:\/\/radiolifefm.com.br\/noticias\/wp-content\/uploads\/2026\/05\/1bf81bca-3f26-4d2c-acc0-120f66ec0eb4-200x200.jpeg' alt='1bf81bca 3f26 4d2c Acc0 120f66ec0eb4' \/><\/a><a class='thumbnail gallery p-1 w-1\/2 md:w-1\/4' href='https:\/\/radiolifefm.com.br\/noticias\/wp-content\/uploads\/2026\/05\/3e6cc292-a107-4192-aba3-197a011107b6.jpeg'><img class='border border-white' src='https:\/\/radiolifefm.com.br\/noticias\/wp-content\/uploads\/2026\/05\/3e6cc292-a107-4192-aba3-197a011107b6-200x200.jpeg' alt='3e6cc292 A107 4192 Aba3 197a011107b6' \/><\/a><a class='thumbnail gallery p-1 w-1\/2 md:w-1\/4' href='https:\/\/radiolifefm.com.br\/noticias\/wp-content\/uploads\/2026\/05\/2382a3d3-9045-4ffb-b254-50d73ec22783.jpeg'><img class='border border-white' src='https:\/\/radiolifefm.com.br\/noticias\/wp-content\/uploads\/2026\/05\/2382a3d3-9045-4ffb-b254-50d73ec22783-200x200.jpeg' alt='2382a3d3 9045 4ffb B254 50d73ec22783' \/><\/a><a class='thumbnail gallery p-1 w-1\/2 md:w-1\/4' href='https:\/\/radiolifefm.com.br\/noticias\/wp-content\/uploads\/2026\/05\/78131697-5267-477a-8af7-72765dc815bb.jpeg'><img class='border border-white' src='https:\/\/radiolifefm.com.br\/noticias\/wp-content\/uploads\/2026\/05\/78131697-5267-477a-8af7-72765dc815bb-200x200.jpeg' alt='78131697 5267 477a 8af7 72765dc815bb' \/><\/a><a class='thumbnail gallery p-1 w-1\/2 md:w-1\/4' href='https:\/\/radiolifefm.com.br\/noticias\/wp-content\/uploads\/2026\/05\/e5b69ca0-3263-42ed-a48d-e0af4ac17a3d.jpeg'><img class='border border-white' src='https:\/\/radiolifefm.com.br\/noticias\/wp-content\/uploads\/2026\/05\/e5b69ca0-3263-42ed-a48d-e0af4ac17a3d-200x200.jpeg' alt='E5b69ca0 3263 42ed A48d E0af4ac17a3d' \/><\/a><a class='thumbnail gallery p-1 w-1\/2 md:w-1\/4' href='https:\/\/radiolifefm.com.br\/noticias\/wp-content\/uploads\/2026\/05\/80e62fad-b3a4-451c-b79c-47b2478249c2.jpeg'><img class='border border-white' src='https:\/\/radiolifefm.com.br\/noticias\/wp-content\/uploads\/2026\/05\/80e62fad-b3a4-451c-b79c-47b2478249c2-200x200.jpeg' alt='80e62fad B3a4 451c B79c 47b2478249c2' \/><\/a><a class='thumbnail gallery p-1 w-1\/2 md:w-1\/4' href='https:\/\/radiolifefm.com.br\/noticias\/wp-content\/uploads\/2026\/05\/e96ec3a5-f21c-41a7-a410-2459720f45f9.jpeg'><img class='border border-white' src='https:\/\/radiolifefm.com.br\/noticias\/wp-content\/uploads\/2026\/05\/e96ec3a5-f21c-41a7-a410-2459720f45f9-200x200.jpeg' alt='E96ec3a5 F21c 41a7 A410 2459720f45f9' \/><\/a><a class='thumbnail gallery p-1 w-1\/2 md:w-1\/4' href='https:\/\/radiolifefm.com.br\/noticias\/wp-content\/uploads\/2026\/05\/d4f7684a-0493-4c66-a2b5-3cbb1a3d9944.jpeg'><img class='border border-white' src='https:\/\/radiolifefm.com.br\/noticias\/wp-content\/uploads\/2026\/05\/d4f7684a-0493-4c66-a2b5-3cbb1a3d9944-200x200.jpeg' alt='D4f7684a 0493 4c66 A2b5 3cbb1a3d9944' \/><\/a><a class='thumbnail gallery p-1 w-1\/2 md:w-1\/4' href='https:\/\/radiolifefm.com.br\/noticias\/wp-content\/uploads\/2026\/05\/6ddd8e46-82ee-44c8-82cd-0397828f47e3.jpeg'><img class='border border-white' src='https:\/\/radiolifefm.com.br\/noticias\/wp-content\/uploads\/2026\/05\/6ddd8e46-82ee-44c8-82cd-0397828f47e3-200x200.jpeg' alt='6ddd8e46 82ee 44c8 82cd 0397828f47e3' \/><\/a><a class='thumbnail gallery p-1 w-1\/2 md:w-1\/4' href='https:\/\/radiolifefm.com.br\/noticias\/wp-content\/uploads\/2026\/05\/50b327c2-cbd0-4de0-acc8-4d58577b15f8.jpeg'><img class='border border-white' src='https:\/\/radiolifefm.com.br\/noticias\/wp-content\/uploads\/2026\/05\/50b327c2-cbd0-4de0-acc8-4d58577b15f8-200x200.jpeg' alt='50b327c2 Cbd0 4de0 Acc8 4d58577b15f8' \/><\/a><a class='thumbnail gallery p-1 w-1\/2 md:w-1\/4' href='https:\/\/radiolifefm.com.br\/noticias\/wp-content\/uploads\/2026\/05\/04f58b17-c12f-4fa0-aeeb-6b05fbc89359.jpeg'><img class='border border-white' src='https:\/\/radiolifefm.com.br\/noticias\/wp-content\/uploads\/2026\/05\/04f58b17-c12f-4fa0-aeeb-6b05fbc89359-200x200.jpeg' alt='04f58b17 C12f 4fa0 Aeeb 6b05fbc89359' \/><\/a><a class='thumbnail gallery p-1 w-1\/2 md:w-1\/4' href='https:\/\/radiolifefm.com.br\/noticias\/wp-content\/uploads\/2026\/05\/b7314dc4-d261-4421-9110-0c810903891e.jpeg'><img class='border border-white' src='https:\/\/radiolifefm.com.br\/noticias\/wp-content\/uploads\/2026\/05\/b7314dc4-d261-4421-9110-0c810903891e-200x200.jpeg' alt='B7314dc4 D261 4421 9110 0c810903891e' \/><\/a><\/div>\n<p>Durante a cobertura da jornalista L\u00facia Prado, a emo\u00e7\u00e3o tomou conta.\u00ad<img loading=\"lazy\" decoding=\"async\" class=\"aligncenter size-medium wp-image-119657\" src=\"https:\/\/radiolifefm.com.br\/noticias\/wp-content\/uploads\/2026\/05\/8b4c1b80-c3d1-4ca3-b446-d5eb89d86d86_07D4AE6C-063C-4683-8BF1-A7BC4D3950B2-259x300.jpeg\" alt=\"\" width=\"259\" height=\"300\" srcset=\"https:\/\/radiolifefm.com.br\/noticias\/wp-content\/uploads\/2026\/05\/8b4c1b80-c3d1-4ca3-b446-d5eb89d86d86_07D4AE6C-063C-4683-8BF1-A7BC4D3950B2-259x300.jpeg 259w, https:\/\/radiolifefm.com.br\/noticias\/wp-content\/uploads\/2026\/05\/8b4c1b80-c3d1-4ca3-b446-d5eb89d86d86_07D4AE6C-063C-4683-8BF1-A7BC4D3950B2.jpeg 575w\" sizes=\"auto, (max-width: 259px) 100vw, 259px\" \/><\/p>\n<p>\u201cEstou feliz de ver as clientes Clari\u00e1 lindas, juntas, vivendo algo diferente do dia a dia. A li\u00e7\u00e3o que levo hoje \u00e9 que moda \u00e9 escolha, estilo, prop\u00f3sito e posicionamento\u201d, destacou Maria Clara.<\/p>\n<div class='flex flex-wrap items-center -mx-1'>\r\n<a class='thumbnail gallery p-1 w-1\/2 md:w-1\/4' href='https:\/\/radiolifefm.com.br\/noticias\/wp-content\/uploads\/2026\/05\/3ae5bb69-e5a3-422d-ba43-279ccd9bea5a_420494BF-1AE9-430D-8DFE-9AAA69951105.jpeg'><img class='border border-white' src='https:\/\/radiolifefm.com.br\/noticias\/wp-content\/uploads\/2026\/05\/3ae5bb69-e5a3-422d-ba43-279ccd9bea5a_420494BF-1AE9-430D-8DFE-9AAA69951105-200x200.jpeg' alt='3ae5bb69 E5a3 422d Ba43 279ccd9bea5a_420494BF 1AE9 430D 8DFE 9AAA69951105' \/><\/a><a class='thumbnail gallery p-1 w-1\/2 md:w-1\/4' href='https:\/\/radiolifefm.com.br\/noticias\/wp-content\/uploads\/2026\/05\/cfce0c69-1086-4011-ba79-8b6db273845e_D02F51C8-5BF7-42C9-A4BE-AF90C7F9E79D.jpeg'><img class='border border-white' src='https:\/\/radiolifefm.com.br\/noticias\/wp-content\/uploads\/2026\/05\/cfce0c69-1086-4011-ba79-8b6db273845e_D02F51C8-5BF7-42C9-A4BE-AF90C7F9E79D-200x200.jpeg' alt='Cfce0c69 1086 4011 Ba79 8b6db273845e_D02F51C8 5BF7 42C9 A4BE AF90C7F9E79D' \/><\/a><a class='thumbnail gallery p-1 w-1\/2 md:w-1\/4' href='https:\/\/radiolifefm.com.br\/noticias\/wp-content\/uploads\/2026\/05\/a791e084-fcfe-400a-990d-8671b40892e2_4A6A7536-A644-44D0-A9E3-8FBFA8857F06.jpeg'><img class='border border-white' src='https:\/\/radiolifefm.com.br\/noticias\/wp-content\/uploads\/2026\/05\/a791e084-fcfe-400a-990d-8671b40892e2_4A6A7536-A644-44D0-A9E3-8FBFA8857F06-200x200.jpeg' alt='A791e084 Fcfe 400a 990d 8671b40892e2_4A6A7536 A644 44D0 A9E3 8FBFA8857F06' \/><\/a><\/div>\n<p>Com oito lojas na regi\u00e3o e presen\u00e7a internacional, a Clari\u00e1 refor\u00e7a, com a\u00e7\u00f5es como essa, que seu diferencial vai al\u00e9m do produto. Em um cen\u00e1rio desafiador para o com\u00e9rcio, a marca aposta no que realmente importa: relacionamento.<\/p>\n<p>Porque, no fim, n\u00e3o se trata apenas de vender roupas. Trata-se de criar mem\u00f3rias, fortalecer mulheres e construir v\u00ednculos que nenhuma vitrine consegue expor \u2014 mas que toda cliente sente.<\/p>\n<div class='flex flex-wrap items-center -mx-1'>\r\n<a class='thumbnail gallery p-1 w-1\/2 md:w-1\/4' href='https:\/\/radiolifefm.com.br\/noticias\/wp-content\/uploads\/2026\/05\/82042307-cc40-423e-876f-6973e88d8f0a.jpeg'><img class='border border-white' src='https:\/\/radiolifefm.com.br\/noticias\/wp-content\/uploads\/2026\/05\/82042307-cc40-423e-876f-6973e88d8f0a-200x200.jpeg' alt='82042307 Cc40 423e 876f 6973e88d8f0a' \/><\/a><a class='thumbnail gallery p-1 w-1\/2 md:w-1\/4' href='https:\/\/radiolifefm.com.br\/noticias\/wp-content\/uploads\/2026\/05\/dc723f4e-9fd1-4ca6-8000-5a17ef2b1c38.jpeg'><img class='border border-white' src='https:\/\/radiolifefm.com.br\/noticias\/wp-content\/uploads\/2026\/05\/dc723f4e-9fd1-4ca6-8000-5a17ef2b1c38-200x200.jpeg' alt='Dc723f4e 9fd1 4ca6 8000 5a17ef2b1c38' \/><\/a><a class='thumbnail gallery p-1 w-1\/2 md:w-1\/4' href='https:\/\/radiolifefm.com.br\/noticias\/wp-content\/uploads\/2026\/05\/2ad5853c-06dc-4edf-8ef5-7a9aa820d931.jpeg'><img class='border border-white' src='https:\/\/radiolifefm.com.br\/noticias\/wp-content\/uploads\/2026\/05\/2ad5853c-06dc-4edf-8ef5-7a9aa820d931-200x200.jpeg' alt='2ad5853c 06dc 4edf 8ef5 7a9aa820d931' \/><\/a><\/div>\n<p>E foi exatamente isso que aconteceu em 30 de Abril no Cine HOS em Adamantina: a moda saiu da tela e ganhou vida.<\/p>\n<p><img loading=\"lazy\" decoding=\"async\" class=\"aligncenter size-medium wp-image-119634\" src=\"https:\/\/radiolifefm.com.br\/noticias\/wp-content\/uploads\/2026\/05\/b6284686-b10e-4e1c-8a13-6e2cfc084e2e-200x300.jpeg\" alt=\"\" width=\"200\" height=\"300\" srcset=\"https:\/\/radiolifefm.com.br\/noticias\/wp-content\/uploads\/2026\/05\/b6284686-b10e-4e1c-8a13-6e2cfc084e2e-200x300.jpeg 200w, https:\/\/radiolifefm.com.br\/noticias\/wp-content\/uploads\/2026\/05\/b6284686-b10e-4e1c-8a13-6e2cfc084e2e-682x1024.jpeg 682w, https:\/\/radiolifefm.com.br\/noticias\/wp-content\/uploads\/2026\/05\/b6284686-b10e-4e1c-8a13-6e2cfc084e2e-768x1152.jpeg 768w, https:\/\/radiolifefm.com.br\/noticias\/wp-content\/uploads\/2026\/05\/b6284686-b10e-4e1c-8a13-6e2cfc084e2e.jpeg 853w\" sizes=\"auto, (max-width: 200px) 100vw, 200px\" \/><\/p>\n<p>Por: L\u00facia Prado, Jornalista<\/p>\n","protected":false},"excerpt":{"rendered":"<p>A estreia nacional de O Diabo Veste Prada 2 levou multid\u00f5es aos cinemas em todo o Brasil \u2014 mas, em Adamantina, o que aconteceu foi muito al\u00e9m de uma sess\u00e3o comum. Foi um evento que uniu moda, emo\u00e7\u00e3o e pertencimento. A respons\u00e1vel por essa noite memor\u00e1vel foi Maria Clara, empres\u00e1ria e estilista \u00e0 frente da [&hellip;]<\/p>\n","protected":false},"author":8,"featured_media":119615,"comment_status":"closed","ping_status":"open","sticky":false,"template":"","format":"standard","meta":{"_acf_changed":false,"_exactmetrics_skip_tracking":false,"_exactmetrics_sitenote_active":false,"_exactmetrics_sitenote_note":"","_exactmetrics_sitenote_category":0,"footnotes":""},"categories":[1],"tags":[],"class_list":["post-119614","post","type-post","status-publish","format-standard","has-post-thumbnail","hentry","category-geral"],"acf":[],"yoast_head":"<!-- This site is optimized with the Yoast SEO plugin v27.2 - https:\/\/yoast.com\/product\/yoast-seo-wordpress\/ -->\n<title>Clari\u00e1 transforma estreia de O Diabo Veste Prada 2 em experi\u00eancia inesquec\u00edvel e emociona clientes em Adamantina - R\u00e1dio Life FM<\/title>\n<meta name=\"robots\" content=\"index, follow, max-snippet:-1, max-image-preview:large, max-video-preview:-1\" \/>\n<link rel=\"canonical\" href=\"https:\/\/radiolifefm.com.br\/noticias\/claria-transforma-estreia-de-o-diabo-veste-prada-2-em-experiencia-inesquecivel-e-emociona-clientes-em-adamantina\/\" \/>\n<meta property=\"og:locale\" content=\"pt_BR\" \/>\n<meta property=\"og:type\" content=\"article\" \/>\n<meta property=\"og:title\" content=\"Clari\u00e1 transforma estreia de O Diabo Veste Prada 2 em experi\u00eancia inesquec\u00edvel e emociona clientes em Adamantina - R\u00e1dio Life FM\" \/>\n<meta property=\"og:description\" content=\"A estreia nacional de O Diabo Veste Prada 2 levou multid\u00f5es aos cinemas em todo o Brasil \u2014 mas, em Adamantina, o que aconteceu foi muito al\u00e9m de uma sess\u00e3o comum. Foi um evento que uniu moda, emo\u00e7\u00e3o e pertencimento. A respons\u00e1vel por essa noite memor\u00e1vel foi Maria Clara, empres\u00e1ria e estilista \u00e0 frente da [&hellip;]\" \/>\n<meta property=\"og:url\" content=\"https:\/\/radiolifefm.com.br\/noticias\/claria-transforma-estreia-de-o-diabo-veste-prada-2-em-experiencia-inesquecivel-e-emociona-clientes-em-adamantina\/\" \/>\n<meta property=\"og:site_name\" content=\"R\u00e1dio Life FM\" \/>\n<meta property=\"article:publisher\" content=\"https:\/\/www.facebook.com\/radiolifefm\/\" \/>\n<meta property=\"article:published_time\" content=\"2026-05-02T02:01:05+00:00\" \/>\n<meta property=\"article:modified_time\" content=\"2026-05-02T03:05:13+00:00\" \/>\n<meta property=\"og:image\" content=\"https:\/\/radiolifefm.com.br\/noticias\/wp-content\/uploads\/2026\/05\/3243a8dd-2664-452f-94e1-2ccf1bafaace.jpeg\" \/>\n\t<meta property=\"og:image:width\" content=\"1280\" \/>\n\t<meta property=\"og:image:height\" content=\"719\" \/>\n\t<meta property=\"og:image:type\" content=\"image\/jpeg\" \/>\n<meta name=\"author\" content=\"joaograndao\" \/>\n<meta name=\"twitter:card\" content=\"summary_large_image\" \/>\n<meta name=\"twitter:label1\" content=\"Escrito por\" \/>\n\t<meta name=\"twitter:data1\" content=\"joaograndao\" \/>\n\t<meta name=\"twitter:label2\" content=\"Est. tempo de leitura\" \/>\n\t<meta name=\"twitter:data2\" content=\"3 minutos\" \/>\n<script type=\"application\/ld+json\" class=\"yoast-schema-graph\">{\"@context\":\"https:\/\/schema.org\",\"@graph\":[{\"@type\":\"Article\",\"@id\":\"https:\/\/radiolifefm.com.br\/noticias\/claria-transforma-estreia-de-o-diabo-veste-prada-2-em-experiencia-inesquecivel-e-emociona-clientes-em-adamantina\/#article\",\"isPartOf\":{\"@id\":\"https:\/\/radiolifefm.com.br\/noticias\/claria-transforma-estreia-de-o-diabo-veste-prada-2-em-experiencia-inesquecivel-e-emociona-clientes-em-adamantina\/\"},\"author\":{\"name\":\"joaograndao\",\"@id\":\"https:\/\/radiolifefm.com.br\/noticias\/#\/schema\/person\/6876e1240feffe6e1b63fd5cb85abf28\"},\"headline\":\"Clari\u00e1 transforma estreia de O Diabo Veste Prada 2 em experi\u00eancia inesquec\u00edvel e emociona clientes em Adamantina\",\"datePublished\":\"2026-05-02T02:01:05+00:00\",\"dateModified\":\"2026-05-02T03:05:13+00:00\",\"mainEntityOfPage\":{\"@id\":\"https:\/\/radiolifefm.com.br\/noticias\/claria-transforma-estreia-de-o-diabo-veste-prada-2-em-experiencia-inesquecivel-e-emociona-clientes-em-adamantina\/\"},\"wordCount\":395,\"publisher\":{\"@id\":\"https:\/\/radiolifefm.com.br\/noticias\/#organization\"},\"image\":{\"@id\":\"https:\/\/radiolifefm.com.br\/noticias\/claria-transforma-estreia-de-o-diabo-veste-prada-2-em-experiencia-inesquecivel-e-emociona-clientes-em-adamantina\/#primaryimage\"},\"thumbnailUrl\":\"https:\/\/radiolifefm.com.br\/noticias\/wp-content\/uploads\/2026\/05\/3243a8dd-2664-452f-94e1-2ccf1bafaace.jpeg\",\"articleSection\":[\"Geral\"],\"inLanguage\":\"pt-BR\"},{\"@type\":\"WebPage\",\"@id\":\"https:\/\/radiolifefm.com.br\/noticias\/claria-transforma-estreia-de-o-diabo-veste-prada-2-em-experiencia-inesquecivel-e-emociona-clientes-em-adamantina\/\",\"url\":\"https:\/\/radiolifefm.com.br\/noticias\/claria-transforma-estreia-de-o-diabo-veste-prada-2-em-experiencia-inesquecivel-e-emociona-clientes-em-adamantina\/\",\"name\":\"Clari\u00e1 transforma estreia de O Diabo Veste Prada 2 em experi\u00eancia inesquec\u00edvel e emociona clientes em Adamantina - R\u00e1dio Life FM\",\"isPartOf\":{\"@id\":\"https:\/\/radiolifefm.com.br\/noticias\/#website\"},\"primaryImageOfPage\":{\"@id\":\"https:\/\/radiolifefm.com.br\/noticias\/claria-transforma-estreia-de-o-diabo-veste-prada-2-em-experiencia-inesquecivel-e-emociona-clientes-em-adamantina\/#primaryimage\"},\"image\":{\"@id\":\"https:\/\/radiolifefm.com.br\/noticias\/claria-transforma-estreia-de-o-diabo-veste-prada-2-em-experiencia-inesquecivel-e-emociona-clientes-em-adamantina\/#primaryimage\"},\"thumbnailUrl\":\"https:\/\/radiolifefm.com.br\/noticias\/wp-content\/uploads\/2026\/05\/3243a8dd-2664-452f-94e1-2ccf1bafaace.jpeg\",\"datePublished\":\"2026-05-02T02:01:05+00:00\",\"dateModified\":\"2026-05-02T03:05:13+00:00\",\"breadcrumb\":{\"@id\":\"https:\/\/radiolifefm.com.br\/noticias\/claria-transforma-estreia-de-o-diabo-veste-prada-2-em-experiencia-inesquecivel-e-emociona-clientes-em-adamantina\/#breadcrumb\"},\"inLanguage\":\"pt-BR\",\"potentialAction\":[{\"@type\":\"ReadAction\",\"target\":[\"https:\/\/radiolifefm.com.br\/noticias\/claria-transforma-estreia-de-o-diabo-veste-prada-2-em-experiencia-inesquecivel-e-emociona-clientes-em-adamantina\/\"]}]},{\"@type\":\"ImageObject\",\"inLanguage\":\"pt-BR\",\"@id\":\"https:\/\/radiolifefm.com.br\/noticias\/claria-transforma-estreia-de-o-diabo-veste-prada-2-em-experiencia-inesquecivel-e-emociona-clientes-em-adamantina\/#primaryimage\",\"url\":\"https:\/\/radiolifefm.com.br\/noticias\/wp-content\/uploads\/2026\/05\/3243a8dd-2664-452f-94e1-2ccf1bafaace.jpeg\",\"contentUrl\":\"https:\/\/radiolifefm.com.br\/noticias\/wp-content\/uploads\/2026\/05\/3243a8dd-2664-452f-94e1-2ccf1bafaace.jpeg\",\"width\":1280,\"height\":719},{\"@type\":\"BreadcrumbList\",\"@id\":\"https:\/\/radiolifefm.com.br\/noticias\/claria-transforma-estreia-de-o-diabo-veste-prada-2-em-experiencia-inesquecivel-e-emociona-clientes-em-adamantina\/#breadcrumb\",\"itemListElement\":[{\"@type\":\"ListItem\",\"position\":1,\"name\":\"In\u00edcio\",\"item\":\"https:\/\/radiolifefm.com.br\/noticias\/\"},{\"@type\":\"ListItem\",\"position\":2,\"name\":\"Clari\u00e1 transforma estreia de O Diabo Veste Prada 2 em experi\u00eancia inesquec\u00edvel e emociona clientes em Adamantina\"}]},{\"@type\":\"WebSite\",\"@id\":\"https:\/\/radiolifefm.com.br\/noticias\/#website\",\"url\":\"https:\/\/radiolifefm.com.br\/noticias\/\",\"name\":\"R\u00e1dio Life FM\",\"description\":\"O Portal de Not\u00edcias de Adamantina\",\"publisher\":{\"@id\":\"https:\/\/radiolifefm.com.br\/noticias\/#organization\"},\"alternateName\":\"Life FM\",\"potentialAction\":[{\"@type\":\"SearchAction\",\"target\":{\"@type\":\"EntryPoint\",\"urlTemplate\":\"https:\/\/radiolifefm.com.br\/noticias\/?s={search_term_string}\"},\"query-input\":{\"@type\":\"PropertyValueSpecification\",\"valueRequired\":true,\"valueName\":\"search_term_string\"}}],\"inLanguage\":\"pt-BR\"},{\"@type\":\"Organization\",\"@id\":\"https:\/\/radiolifefm.com.br\/noticias\/#organization\",\"name\":\"R\u00e1dio Life FM\",\"alternateName\":\"Life FM\",\"url\":\"https:\/\/radiolifefm.com.br\/noticias\/\",\"logo\":{\"@type\":\"ImageObject\",\"inLanguage\":\"pt-BR\",\"@id\":\"https:\/\/radiolifefm.com.br\/noticias\/#\/schema\/logo\/image\/\",\"url\":\"https:\/\/static.radiolifefm.com.br\/noticias\/wp-content\/uploads\/2019\/10\/logo-lifefm.png\",\"contentUrl\":\"https:\/\/static.radiolifefm.com.br\/noticias\/wp-content\/uploads\/2019\/10\/logo-lifefm.png\",\"width\":196,\"height\":47,\"caption\":\"R\u00e1dio Life FM\"},\"image\":{\"@id\":\"https:\/\/radiolifefm.com.br\/noticias\/#\/schema\/logo\/image\/\"},\"sameAs\":[\"https:\/\/www.facebook.com\/radiolifefm\/\",\"https:\/\/www.instagram.com\/life1079fm\/\"]},{\"@type\":\"Person\",\"@id\":\"https:\/\/radiolifefm.com.br\/noticias\/#\/schema\/person\/6876e1240feffe6e1b63fd5cb85abf28\",\"name\":\"joaograndao\",\"image\":{\"@type\":\"ImageObject\",\"inLanguage\":\"pt-BR\",\"@id\":\"https:\/\/secure.gravatar.com\/avatar\/d5b1a3cf357ed9c50404e256a1294083aa8ab5d2a994001567302786016cb32c?s=96&d=mm&r=g\",\"url\":\"https:\/\/secure.gravatar.com\/avatar\/d5b1a3cf357ed9c50404e256a1294083aa8ab5d2a994001567302786016cb32c?s=96&d=mm&r=g\",\"contentUrl\":\"https:\/\/secure.gravatar.com\/avatar\/d5b1a3cf357ed9c50404e256a1294083aa8ab5d2a994001567302786016cb32c?s=96&d=mm&r=g\",\"caption\":\"joaograndao\"}}]}<\/script>\n<!-- \/ Yoast SEO plugin. -->","yoast_head_json":{"title":"Clari\u00e1 transforma estreia de O Diabo Veste Prada 2 em experi\u00eancia inesquec\u00edvel e emociona clientes em Adamantina - R\u00e1dio Life FM","robots":{"index":"index","follow":"follow","max-snippet":"max-snippet:-1","max-image-preview":"max-image-preview:large","max-video-preview":"max-video-preview:-1"},"canonical":"https:\/\/radiolifefm.com.br\/noticias\/claria-transforma-estreia-de-o-diabo-veste-prada-2-em-experiencia-inesquecivel-e-emociona-clientes-em-adamantina\/","og_locale":"pt_BR","og_type":"article","og_title":"Clari\u00e1 transforma estreia de O Diabo Veste Prada 2 em experi\u00eancia inesquec\u00edvel e emociona clientes em Adamantina - R\u00e1dio Life FM","og_description":"A estreia nacional de O Diabo Veste Prada 2 levou multid\u00f5es aos cinemas em todo o Brasil \u2014 mas, em Adamantina, o que aconteceu foi muito al\u00e9m de uma sess\u00e3o comum. Foi um evento que uniu moda, emo\u00e7\u00e3o e pertencimento. A respons\u00e1vel por essa noite memor\u00e1vel foi Maria Clara, empres\u00e1ria e estilista \u00e0 frente da [&hellip;]","og_url":"https:\/\/radiolifefm.com.br\/noticias\/claria-transforma-estreia-de-o-diabo-veste-prada-2-em-experiencia-inesquecivel-e-emociona-clientes-em-adamantina\/","og_site_name":"R\u00e1dio Life FM","article_publisher":"https:\/\/www.facebook.com\/radiolifefm\/","article_published_time":"2026-05-02T02:01:05+00:00","article_modified_time":"2026-05-02T03:05:13+00:00","og_image":[{"width":1280,"height":719,"url":"https:\/\/radiolifefm.com.br\/noticias\/wp-content\/uploads\/2026\/05\/3243a8dd-2664-452f-94e1-2ccf1bafaace.jpeg","type":"image\/jpeg"}],"author":"joaograndao","twitter_card":"summary_large_image","twitter_misc":{"Escrito por":"joaograndao","Est. tempo de leitura":"3 minutos"},"schema":{"@context":"https:\/\/schema.org","@graph":[{"@type":"Article","@id":"https:\/\/radiolifefm.com.br\/noticias\/claria-transforma-estreia-de-o-diabo-veste-prada-2-em-experiencia-inesquecivel-e-emociona-clientes-em-adamantina\/#article","isPartOf":{"@id":"https:\/\/radiolifefm.com.br\/noticias\/claria-transforma-estreia-de-o-diabo-veste-prada-2-em-experiencia-inesquecivel-e-emociona-clientes-em-adamantina\/"},"author":{"name":"joaograndao","@id":"https:\/\/radiolifefm.com.br\/noticias\/#\/schema\/person\/6876e1240feffe6e1b63fd5cb85abf28"},"headline":"Clari\u00e1 transforma estreia de O Diabo Veste Prada 2 em experi\u00eancia inesquec\u00edvel e emociona clientes em Adamantina","datePublished":"2026-05-02T02:01:05+00:00","dateModified":"2026-05-02T03:05:13+00:00","mainEntityOfPage":{"@id":"https:\/\/radiolifefm.com.br\/noticias\/claria-transforma-estreia-de-o-diabo-veste-prada-2-em-experiencia-inesquecivel-e-emociona-clientes-em-adamantina\/"},"wordCount":395,"publisher":{"@id":"https:\/\/radiolifefm.com.br\/noticias\/#organization"},"image":{"@id":"https:\/\/radiolifefm.com.br\/noticias\/claria-transforma-estreia-de-o-diabo-veste-prada-2-em-experiencia-inesquecivel-e-emociona-clientes-em-adamantina\/#primaryimage"},"thumbnailUrl":"https:\/\/radiolifefm.com.br\/noticias\/wp-content\/uploads\/2026\/05\/3243a8dd-2664-452f-94e1-2ccf1bafaace.jpeg","articleSection":["Geral"],"inLanguage":"pt-BR"},{"@type":"WebPage","@id":"https:\/\/radiolifefm.com.br\/noticias\/claria-transforma-estreia-de-o-diabo-veste-prada-2-em-experiencia-inesquecivel-e-emociona-clientes-em-adamantina\/","url":"https:\/\/radiolifefm.com.br\/noticias\/claria-transforma-estreia-de-o-diabo-veste-prada-2-em-experiencia-inesquecivel-e-emociona-clientes-em-adamantina\/","name":"Clari\u00e1 transforma estreia de O Diabo Veste Prada 2 em experi\u00eancia inesquec\u00edvel e emociona clientes em Adamantina - R\u00e1dio Life FM","isPartOf":{"@id":"https:\/\/radiolifefm.com.br\/noticias\/#website"},"primaryImageOfPage":{"@id":"https:\/\/radiolifefm.com.br\/noticias\/claria-transforma-estreia-de-o-diabo-veste-prada-2-em-experiencia-inesquecivel-e-emociona-clientes-em-adamantina\/#primaryimage"},"image":{"@id":"https:\/\/radiolifefm.com.br\/noticias\/claria-transforma-estreia-de-o-diabo-veste-prada-2-em-experiencia-inesquecivel-e-emociona-clientes-em-adamantina\/#primaryimage"},"thumbnailUrl":"https:\/\/radiolifefm.com.br\/noticias\/wp-content\/uploads\/2026\/05\/3243a8dd-2664-452f-94e1-2ccf1bafaace.jpeg","datePublished":"2026-05-02T02:01:05+00:00","dateModified":"2026-05-02T03:05:13+00:00","breadcrumb":{"@id":"https:\/\/radiolifefm.com.br\/noticias\/claria-transforma-estreia-de-o-diabo-veste-prada-2-em-experiencia-inesquecivel-e-emociona-clientes-em-adamantina\/#breadcrumb"},"inLanguage":"pt-BR","potentialAction":[{"@type":"ReadAction","target":["https:\/\/radiolifefm.com.br\/noticias\/claria-transforma-estreia-de-o-diabo-veste-prada-2-em-experiencia-inesquecivel-e-emociona-clientes-em-adamantina\/"]}]},{"@type":"ImageObject","inLanguage":"pt-BR","@id":"https:\/\/radiolifefm.com.br\/noticias\/claria-transforma-estreia-de-o-diabo-veste-prada-2-em-experiencia-inesquecivel-e-emociona-clientes-em-adamantina\/#primaryimage","url":"https:\/\/radiolifefm.com.br\/noticias\/wp-content\/uploads\/2026\/05\/3243a8dd-2664-452f-94e1-2ccf1bafaace.jpeg","contentUrl":"https:\/\/radiolifefm.com.br\/noticias\/wp-content\/uploads\/2026\/05\/3243a8dd-2664-452f-94e1-2ccf1bafaace.jpeg","width":1280,"height":719},{"@type":"BreadcrumbList","@id":"https:\/\/radiolifefm.com.br\/noticias\/claria-transforma-estreia-de-o-diabo-veste-prada-2-em-experiencia-inesquecivel-e-emociona-clientes-em-adamantina\/#breadcrumb","itemListElement":[{"@type":"ListItem","position":1,"name":"In\u00edcio","item":"https:\/\/radiolifefm.com.br\/noticias\/"},{"@type":"ListItem","position":2,"name":"Clari\u00e1 transforma estreia de O Diabo Veste Prada 2 em experi\u00eancia inesquec\u00edvel e emociona clientes em Adamantina"}]},{"@type":"WebSite","@id":"https:\/\/radiolifefm.com.br\/noticias\/#website","url":"https:\/\/radiolifefm.com.br\/noticias\/","name":"R\u00e1dio Life FM","description":"O Portal de Not\u00edcias de Adamantina","publisher":{"@id":"https:\/\/radiolifefm.com.br\/noticias\/#organization"},"alternateName":"Life FM","potentialAction":[{"@type":"SearchAction","target":{"@type":"EntryPoint","urlTemplate":"https:\/\/radiolifefm.com.br\/noticias\/?s={search_term_string}"},"query-input":{"@type":"PropertyValueSpecification","valueRequired":true,"valueName":"search_term_string"}}],"inLanguage":"pt-BR"},{"@type":"Organization","@id":"https:\/\/radiolifefm.com.br\/noticias\/#organization","name":"R\u00e1dio Life FM","alternateName":"Life FM","url":"https:\/\/radiolifefm.com.br\/noticias\/","logo":{"@type":"ImageObject","inLanguage":"pt-BR","@id":"https:\/\/radiolifefm.com.br\/noticias\/#\/schema\/logo\/image\/","url":"https:\/\/static.radiolifefm.com.br\/noticias\/wp-content\/uploads\/2019\/10\/logo-lifefm.png","contentUrl":"https:\/\/static.radiolifefm.com.br\/noticias\/wp-content\/uploads\/2019\/10\/logo-lifefm.png","width":196,"height":47,"caption":"R\u00e1dio Life FM"},"image":{"@id":"https:\/\/radiolifefm.com.br\/noticias\/#\/schema\/logo\/image\/"},"sameAs":["https:\/\/www.facebook.com\/radiolifefm\/","https:\/\/www.instagram.com\/life1079fm\/"]},{"@type":"Person","@id":"https:\/\/radiolifefm.com.br\/noticias\/#\/schema\/person\/6876e1240feffe6e1b63fd5cb85abf28","name":"joaograndao","image":{"@type":"ImageObject","inLanguage":"pt-BR","@id":"https:\/\/secure.gravatar.com\/avatar\/d5b1a3cf357ed9c50404e256a1294083aa8ab5d2a994001567302786016cb32c?s=96&d=mm&r=g","url":"https:\/\/secure.gravatar.com\/avatar\/d5b1a3cf357ed9c50404e256a1294083aa8ab5d2a994001567302786016cb32c?s=96&d=mm&r=g","contentUrl":"https:\/\/secure.gravatar.com\/avatar\/d5b1a3cf357ed9c50404e256a1294083aa8ab5d2a994001567302786016cb32c?s=96&d=mm&r=g","caption":"joaograndao"}}]}},"amp_enabled":true,"_links":{"self":[{"href":"https:\/\/radiolifefm.com.br\/noticias\/wp-json\/wp\/v2\/posts\/119614","targetHints":{"allow":["GET"]}}],"collection":[{"href":"https:\/\/radiolifefm.com.br\/noticias\/wp-json\/wp\/v2\/posts"}],"about":[{"href":"https:\/\/radiolifefm.com.br\/noticias\/wp-json\/wp\/v2\/types\/post"}],"author":[{"embeddable":true,"href":"https:\/\/radiolifefm.com.br\/noticias\/wp-json\/wp\/v2\/users\/8"}],"replies":[{"embeddable":true,"href":"https:\/\/radiolifefm.com.br\/noticias\/wp-json\/wp\/v2\/comments?post=119614"}],"version-history":[{"count":2,"href":"https:\/\/radiolifefm.com.br\/noticias\/wp-json\/wp\/v2\/posts\/119614\/revisions"}],"predecessor-version":[{"id":119665,"href":"https:\/\/radiolifefm.com.br\/noticias\/wp-json\/wp\/v2\/posts\/119614\/revisions\/119665"}],"wp:featuredmedia":[{"embeddable":true,"href":"https:\/\/radiolifefm.com.br\/noticias\/wp-json\/wp\/v2\/media\/119615"}],"wp:attachment":[{"href":"https:\/\/radiolifefm.com.br\/noticias\/wp-json\/wp\/v2\/media?parent=119614"}],"wp:term":[{"taxonomy":"category","embeddable":true,"href":"https:\/\/radiolifefm.com.br\/noticias\/wp-json\/wp\/v2\/categories?post=119614"},{"taxonomy":"post_tag","embeddable":true,"href":"https:\/\/radiolifefm.com.br\/noticias\/wp-json\/wp\/v2\/tags?post=119614"}],"curies":[{"name":"wp","href":"https:\/\/api.w.org\/{rel}","templated":true}]}}