{"id":119610,"date":"2026-04-30T16:09:27","date_gmt":"2026-04-30T19:09:27","guid":{"rendered":"https:\/\/radiolifefm.com.br\/noticias\/?p=119610"},"modified":"2026-04-30T18:40:29","modified_gmt":"2026-04-30T21:40:29","slug":"coleta-seletiva-realidade-da-cooperadam-expoe-risco-a-saude-perda-de-renda-e-pede-acao-urgente","status":"publish","type":"post","link":"https:\/\/radiolifefm.com.br\/noticias\/coleta-seletiva-realidade-da-cooperadam-expoe-risco-a-saude-perda-de-renda-e-pede-acao-urgente\/","title":{"rendered":"coleta seletiva: realidade da Cooperadam exp\u00f5e risco \u00e0 sa\u00fade, perda de renda e pede a\u00e7\u00e3o urgente"},"content":{"rendered":"<div id=\"fb-root\"><\/div>\n<p>Lixo, risco e abandono: realidade na Cooperadam acende alerta urgente para o poder p\u00fablico e a sociedade<\/p>\n<p>O que era para ser uma reportagem de conscientiza\u00e7\u00e3o se transformou em um verdadeiro alerta social.<\/p>\n<p>O Jornal do Meio-Dia esteve na Cooperadam e revelou uma realidade que vai muito al\u00e9m do descarte incorreto de lixo \u2014 exp\u00f5e um problema ambiental, humano e estrutural que precisa de aten\u00e7\u00e3o imediata.<\/p>\n<p>Logo na chegada, a jornalista Lucia Prado se deparou com uma cena alarmante: uma montanha de res\u00edduos com mais de quatro metros de altura e uma esteira tomada por lixo misturado \u2014 org\u00e2nico, hospitalar e at\u00e9 sanit\u00e1rio.<\/p>\n<p>Diante do cen\u00e1rio, a jornalista decidiu ir al\u00e9m da observa\u00e7\u00e3o. De luvas e m\u00e1scara, entrou na esteira ao lado dos cooperados e vivenciou na pr\u00e1tica o que eles enfrentam diariamente. Ao abrir as sacolas, encontrou fraldas, restos de comida, lixo de banheiro e materiais contaminados misturados aos recicl\u00e1veis, em um ambiente de odor forte e insalubre.<\/p>\n<p>Durante a visita, tamb\u00e9m foi mostrado o processo de triagem e prensagem de materiais como papel\u00e3o, vidro e pl\u00e1stico \u2014 etapas fundamentais para a gera\u00e7\u00e3o de renda dos cooperados.<\/p>\n<p>Mas o maior alerta veio da fala da gestora da cooperativa, engenheira ambiental respons\u00e1vel pelo local: o volume de material recicl\u00e1vel que chega ainda \u00e9 baixo, e grande parte vem suja, contaminada e acaba sendo perdida.<\/p>\n<p>Essa realidade se repete com frequ\u00eancia e gera um impacto direto na sustentabilidade da cooperativa. O preju\u00edzo compromete a renda e obriga a depend\u00eancia de apoio da prefeitura para manter a folha de pagamento dos colaboradores.<\/p>\n<p>Embora o poder p\u00fablico auxilie na manuten\u00e7\u00e3o, o cen\u00e1rio exige mais do que apoio pontual. As fam\u00edlias que atuam na cooperativa chegaram por meio da assist\u00eancia social e enfrentam diariamente condi\u00e7\u00f5es de trabalho extremamente dif\u00edceis. Sem um olhar mais humanizado e solu\u00e7\u00f5es estruturais, existe o risco real de evas\u00e3o de trabalhadores \u2014 o que pode levar at\u00e9 \u00e0 paralisa\u00e7\u00e3o das atividades.<\/p>\n<p>Em um momento em que diversos setores enfrentam dificuldade para encontrar m\u00e3o de obra, a situa\u00e7\u00e3o se agrava ainda mais quando se trata de um ambiente t\u00e3o desafiador como o da triagem de res\u00edduos.<\/p>\n<p>Outro ponto que chama aten\u00e7\u00e3o \u00e9 a discrep\u00e2ncia regional: cidades menores, como Ouro Verde, apresentam maior volume de arrecada\u00e7\u00e3o de materiais recicl\u00e1veis do que Adamantina, o que levanta questionamentos sobre a efici\u00eancia das campanhas de conscientiza\u00e7\u00e3o e o engajamento da popula\u00e7\u00e3o.<br \/>\nDiante disso, especialistas e envolvidos defendem a necessidade urgente de a\u00e7\u00f5es mais efetivas por parte do poder p\u00fablico \u2014 n\u00e3o apenas como apoiador, mas como respons\u00e1vel por estruturar, fiscalizar e garantir condi\u00e7\u00f5es dignas de trabalho.<\/p>\n<p>Mais do que um problema ambiental, a situa\u00e7\u00e3o da Cooperadam \u00e9 uma quest\u00e3o social e de gera\u00e7\u00e3o de renda. Envolve dignidade, sa\u00fade e qualidade de vida de fam\u00edlias inteiras.<\/p>\n<p>Adamantina \u00e9 reconhecida como uma cidade acolhedora e solid\u00e1ria. Mas a realidade exposta pela reportagem levanta um questionamento necess\u00e1rio: ser\u00e1 que a popula\u00e7\u00e3o est\u00e1 realmente consciente do seu papel quando o assunto \u00e9 coleta seletiva?<\/p>\n<p>Algo precisa ser feito \u2014 e com urg\u00eancia. Antes que os trabalhadores adoe\u00e7am, antes que a cooperativa interrompa suas atividades e antes que um problema que j\u00e1 \u00e9 grave se torne ainda maior para toda a cidade.<\/p>\n","protected":false},"excerpt":{"rendered":"<p>Lixo, risco e abandono: realidade na Cooperadam acende alerta urgente para o poder p\u00fablico e a sociedade O que era para ser uma reportagem de conscientiza\u00e7\u00e3o se transformou em um verdadeiro alerta social. O Jornal do Meio-Dia esteve na Cooperadam e revelou uma realidade que vai muito al\u00e9m do descarte incorreto de lixo \u2014 exp\u00f5e [&hellip;]<\/p>\n","protected":false},"author":8,"featured_media":119611,"comment_status":"closed","ping_status":"open","sticky":false,"template":"","format":"standard","meta":{"_acf_changed":false,"_exactmetrics_skip_tracking":false,"_exactmetrics_sitenote_active":false,"_exactmetrics_sitenote_note":"","_exactmetrics_sitenote_category":0,"footnotes":""},"categories":[1],"tags":[],"class_list":["post-119610","post","type-post","status-publish","format-standard","has-post-thumbnail","hentry","category-geral"],"acf":[],"yoast_head":"<!-- This site is optimized with the Yoast SEO plugin v27.2 - https:\/\/yoast.com\/product\/yoast-seo-wordpress\/ -->\n<title>coleta seletiva: realidade da Cooperadam exp\u00f5e risco \u00e0 sa\u00fade, perda de renda e pede a\u00e7\u00e3o urgente - R\u00e1dio Life FM<\/title>\n<meta name=\"robots\" content=\"index, follow, max-snippet:-1, max-image-preview:large, max-video-preview:-1\" \/>\n<link rel=\"canonical\" href=\"https:\/\/radiolifefm.com.br\/noticias\/coleta-seletiva-realidade-da-cooperadam-expoe-risco-a-saude-perda-de-renda-e-pede-acao-urgente\/\" \/>\n<meta property=\"og:locale\" content=\"pt_BR\" \/>\n<meta property=\"og:type\" content=\"article\" \/>\n<meta property=\"og:title\" content=\"coleta seletiva: realidade da Cooperadam exp\u00f5e risco \u00e0 sa\u00fade, perda de renda e pede a\u00e7\u00e3o urgente - R\u00e1dio Life FM\" \/>\n<meta property=\"og:description\" content=\"Lixo, risco e abandono: realidade na Cooperadam acende alerta urgente para o poder p\u00fablico e a sociedade O que era para ser uma reportagem de conscientiza\u00e7\u00e3o se transformou em um verdadeiro alerta social. O Jornal do Meio-Dia esteve na Cooperadam e revelou uma realidade que vai muito al\u00e9m do descarte incorreto de lixo \u2014 exp\u00f5e [&hellip;]\" \/>\n<meta property=\"og:url\" content=\"https:\/\/radiolifefm.com.br\/noticias\/coleta-seletiva-realidade-da-cooperadam-expoe-risco-a-saude-perda-de-renda-e-pede-acao-urgente\/\" \/>\n<meta property=\"og:site_name\" content=\"R\u00e1dio Life FM\" \/>\n<meta property=\"article:publisher\" content=\"https:\/\/www.facebook.com\/radiolifefm\/\" \/>\n<meta property=\"article:published_time\" content=\"2026-04-30T19:09:27+00:00\" \/>\n<meta property=\"article:modified_time\" content=\"2026-04-30T21:40:29+00:00\" \/>\n<meta property=\"og:image\" content=\"https:\/\/radiolifefm.com.br\/noticias\/wp-content\/uploads\/2026\/04\/WhatsApp-Image-2026-04-30-at-16.05.12.jpeg\" \/>\n\t<meta property=\"og:image:width\" content=\"837\" \/>\n\t<meta property=\"og:image:height\" content=\"570\" \/>\n\t<meta property=\"og:image:type\" content=\"image\/jpeg\" \/>\n<meta name=\"author\" content=\"joaograndao\" \/>\n<meta name=\"twitter:card\" content=\"summary_large_image\" \/>\n<meta name=\"twitter:label1\" content=\"Escrito por\" \/>\n\t<meta name=\"twitter:data1\" content=\"joaograndao\" \/>\n\t<meta name=\"twitter:label2\" content=\"Est. tempo de leitura\" \/>\n\t<meta name=\"twitter:data2\" content=\"4 minutos\" \/>\n<script type=\"application\/ld+json\" class=\"yoast-schema-graph\">{\"@context\":\"https:\/\/schema.org\",\"@graph\":[{\"@type\":\"Article\",\"@id\":\"https:\/\/radiolifefm.com.br\/noticias\/coleta-seletiva-realidade-da-cooperadam-expoe-risco-a-saude-perda-de-renda-e-pede-acao-urgente\/#article\",\"isPartOf\":{\"@id\":\"https:\/\/radiolifefm.com.br\/noticias\/coleta-seletiva-realidade-da-cooperadam-expoe-risco-a-saude-perda-de-renda-e-pede-acao-urgente\/\"},\"author\":{\"name\":\"joaograndao\",\"@id\":\"https:\/\/radiolifefm.com.br\/noticias\/#\/schema\/person\/6876e1240feffe6e1b63fd5cb85abf28\"},\"headline\":\"coleta seletiva: realidade da Cooperadam exp\u00f5e risco \u00e0 sa\u00fade, perda de renda e pede a\u00e7\u00e3o urgente\",\"datePublished\":\"2026-04-30T19:09:27+00:00\",\"dateModified\":\"2026-04-30T21:40:29+00:00\",\"mainEntityOfPage\":{\"@id\":\"https:\/\/radiolifefm.com.br\/noticias\/coleta-seletiva-realidade-da-cooperadam-expoe-risco-a-saude-perda-de-renda-e-pede-acao-urgente\/\"},\"wordCount\":596,\"publisher\":{\"@id\":\"https:\/\/radiolifefm.com.br\/noticias\/#organization\"},\"image\":{\"@id\":\"https:\/\/radiolifefm.com.br\/noticias\/coleta-seletiva-realidade-da-cooperadam-expoe-risco-a-saude-perda-de-renda-e-pede-acao-urgente\/#primaryimage\"},\"thumbnailUrl\":\"https:\/\/radiolifefm.com.br\/noticias\/wp-content\/uploads\/2026\/04\/WhatsApp-Image-2026-04-30-at-16.05.12.jpeg\",\"articleSection\":[\"Geral\"],\"inLanguage\":\"pt-BR\"},{\"@type\":\"WebPage\",\"@id\":\"https:\/\/radiolifefm.com.br\/noticias\/coleta-seletiva-realidade-da-cooperadam-expoe-risco-a-saude-perda-de-renda-e-pede-acao-urgente\/\",\"url\":\"https:\/\/radiolifefm.com.br\/noticias\/coleta-seletiva-realidade-da-cooperadam-expoe-risco-a-saude-perda-de-renda-e-pede-acao-urgente\/\",\"name\":\"coleta seletiva: realidade da Cooperadam exp\u00f5e risco \u00e0 sa\u00fade, perda de renda e pede a\u00e7\u00e3o urgente - R\u00e1dio Life FM\",\"isPartOf\":{\"@id\":\"https:\/\/radiolifefm.com.br\/noticias\/#website\"},\"primaryImageOfPage\":{\"@id\":\"https:\/\/radiolifefm.com.br\/noticias\/coleta-seletiva-realidade-da-cooperadam-expoe-risco-a-saude-perda-de-renda-e-pede-acao-urgente\/#primaryimage\"},\"image\":{\"@id\":\"https:\/\/radiolifefm.com.br\/noticias\/coleta-seletiva-realidade-da-cooperadam-expoe-risco-a-saude-perda-de-renda-e-pede-acao-urgente\/#primaryimage\"},\"thumbnailUrl\":\"https:\/\/radiolifefm.com.br\/noticias\/wp-content\/uploads\/2026\/04\/WhatsApp-Image-2026-04-30-at-16.05.12.jpeg\",\"datePublished\":\"2026-04-30T19:09:27+00:00\",\"dateModified\":\"2026-04-30T21:40:29+00:00\",\"breadcrumb\":{\"@id\":\"https:\/\/radiolifefm.com.br\/noticias\/coleta-seletiva-realidade-da-cooperadam-expoe-risco-a-saude-perda-de-renda-e-pede-acao-urgente\/#breadcrumb\"},\"inLanguage\":\"pt-BR\",\"potentialAction\":[{\"@type\":\"ReadAction\",\"target\":[\"https:\/\/radiolifefm.com.br\/noticias\/coleta-seletiva-realidade-da-cooperadam-expoe-risco-a-saude-perda-de-renda-e-pede-acao-urgente\/\"]}]},{\"@type\":\"ImageObject\",\"inLanguage\":\"pt-BR\",\"@id\":\"https:\/\/radiolifefm.com.br\/noticias\/coleta-seletiva-realidade-da-cooperadam-expoe-risco-a-saude-perda-de-renda-e-pede-acao-urgente\/#primaryimage\",\"url\":\"https:\/\/radiolifefm.com.br\/noticias\/wp-content\/uploads\/2026\/04\/WhatsApp-Image-2026-04-30-at-16.05.12.jpeg\",\"contentUrl\":\"https:\/\/radiolifefm.com.br\/noticias\/wp-content\/uploads\/2026\/04\/WhatsApp-Image-2026-04-30-at-16.05.12.jpeg\",\"width\":837,\"height\":570},{\"@type\":\"BreadcrumbList\",\"@id\":\"https:\/\/radiolifefm.com.br\/noticias\/coleta-seletiva-realidade-da-cooperadam-expoe-risco-a-saude-perda-de-renda-e-pede-acao-urgente\/#breadcrumb\",\"itemListElement\":[{\"@type\":\"ListItem\",\"position\":1,\"name\":\"In\u00edcio\",\"item\":\"https:\/\/radiolifefm.com.br\/noticias\/\"},{\"@type\":\"ListItem\",\"position\":2,\"name\":\"coleta seletiva: realidade da Cooperadam exp\u00f5e risco \u00e0 sa\u00fade, perda de renda e pede a\u00e7\u00e3o urgente\"}]},{\"@type\":\"WebSite\",\"@id\":\"https:\/\/radiolifefm.com.br\/noticias\/#website\",\"url\":\"https:\/\/radiolifefm.com.br\/noticias\/\",\"name\":\"R\u00e1dio Life FM\",\"description\":\"O Portal de Not\u00edcias de Adamantina\",\"publisher\":{\"@id\":\"https:\/\/radiolifefm.com.br\/noticias\/#organization\"},\"alternateName\":\"Life FM\",\"potentialAction\":[{\"@type\":\"SearchAction\",\"target\":{\"@type\":\"EntryPoint\",\"urlTemplate\":\"https:\/\/radiolifefm.com.br\/noticias\/?s={search_term_string}\"},\"query-input\":{\"@type\":\"PropertyValueSpecification\",\"valueRequired\":true,\"valueName\":\"search_term_string\"}}],\"inLanguage\":\"pt-BR\"},{\"@type\":\"Organization\",\"@id\":\"https:\/\/radiolifefm.com.br\/noticias\/#organization\",\"name\":\"R\u00e1dio Life FM\",\"alternateName\":\"Life FM\",\"url\":\"https:\/\/radiolifefm.com.br\/noticias\/\",\"logo\":{\"@type\":\"ImageObject\",\"inLanguage\":\"pt-BR\",\"@id\":\"https:\/\/radiolifefm.com.br\/noticias\/#\/schema\/logo\/image\/\",\"url\":\"https:\/\/static.radiolifefm.com.br\/noticias\/wp-content\/uploads\/2019\/10\/logo-lifefm.png\",\"contentUrl\":\"https:\/\/static.radiolifefm.com.br\/noticias\/wp-content\/uploads\/2019\/10\/logo-lifefm.png\",\"width\":196,\"height\":47,\"caption\":\"R\u00e1dio Life FM\"},\"image\":{\"@id\":\"https:\/\/radiolifefm.com.br\/noticias\/#\/schema\/logo\/image\/\"},\"sameAs\":[\"https:\/\/www.facebook.com\/radiolifefm\/\",\"https:\/\/www.instagram.com\/life1079fm\/\"]},{\"@type\":\"Person\",\"@id\":\"https:\/\/radiolifefm.com.br\/noticias\/#\/schema\/person\/6876e1240feffe6e1b63fd5cb85abf28\",\"name\":\"joaograndao\",\"image\":{\"@type\":\"ImageObject\",\"inLanguage\":\"pt-BR\",\"@id\":\"https:\/\/secure.gravatar.com\/avatar\/d5b1a3cf357ed9c50404e256a1294083aa8ab5d2a994001567302786016cb32c?s=96&d=mm&r=g\",\"url\":\"https:\/\/secure.gravatar.com\/avatar\/d5b1a3cf357ed9c50404e256a1294083aa8ab5d2a994001567302786016cb32c?s=96&d=mm&r=g\",\"contentUrl\":\"https:\/\/secure.gravatar.com\/avatar\/d5b1a3cf357ed9c50404e256a1294083aa8ab5d2a994001567302786016cb32c?s=96&d=mm&r=g\",\"caption\":\"joaograndao\"}}]}<\/script>\n<!-- \/ Yoast SEO plugin. -->","yoast_head_json":{"title":"coleta seletiva: realidade da Cooperadam exp\u00f5e risco \u00e0 sa\u00fade, perda de renda e pede a\u00e7\u00e3o urgente - R\u00e1dio Life FM","robots":{"index":"index","follow":"follow","max-snippet":"max-snippet:-1","max-image-preview":"max-image-preview:large","max-video-preview":"max-video-preview:-1"},"canonical":"https:\/\/radiolifefm.com.br\/noticias\/coleta-seletiva-realidade-da-cooperadam-expoe-risco-a-saude-perda-de-renda-e-pede-acao-urgente\/","og_locale":"pt_BR","og_type":"article","og_title":"coleta seletiva: realidade da Cooperadam exp\u00f5e risco \u00e0 sa\u00fade, perda de renda e pede a\u00e7\u00e3o urgente - R\u00e1dio Life FM","og_description":"Lixo, risco e abandono: realidade na Cooperadam acende alerta urgente para o poder p\u00fablico e a sociedade O que era para ser uma reportagem de conscientiza\u00e7\u00e3o se transformou em um verdadeiro alerta social. O Jornal do Meio-Dia esteve na Cooperadam e revelou uma realidade que vai muito al\u00e9m do descarte incorreto de lixo \u2014 exp\u00f5e [&hellip;]","og_url":"https:\/\/radiolifefm.com.br\/noticias\/coleta-seletiva-realidade-da-cooperadam-expoe-risco-a-saude-perda-de-renda-e-pede-acao-urgente\/","og_site_name":"R\u00e1dio Life FM","article_publisher":"https:\/\/www.facebook.com\/radiolifefm\/","article_published_time":"2026-04-30T19:09:27+00:00","article_modified_time":"2026-04-30T21:40:29+00:00","og_image":[{"width":837,"height":570,"url":"https:\/\/radiolifefm.com.br\/noticias\/wp-content\/uploads\/2026\/04\/WhatsApp-Image-2026-04-30-at-16.05.12.jpeg","type":"image\/jpeg"}],"author":"joaograndao","twitter_card":"summary_large_image","twitter_misc":{"Escrito por":"joaograndao","Est. tempo de leitura":"4 minutos"},"schema":{"@context":"https:\/\/schema.org","@graph":[{"@type":"Article","@id":"https:\/\/radiolifefm.com.br\/noticias\/coleta-seletiva-realidade-da-cooperadam-expoe-risco-a-saude-perda-de-renda-e-pede-acao-urgente\/#article","isPartOf":{"@id":"https:\/\/radiolifefm.com.br\/noticias\/coleta-seletiva-realidade-da-cooperadam-expoe-risco-a-saude-perda-de-renda-e-pede-acao-urgente\/"},"author":{"name":"joaograndao","@id":"https:\/\/radiolifefm.com.br\/noticias\/#\/schema\/person\/6876e1240feffe6e1b63fd5cb85abf28"},"headline":"coleta seletiva: realidade da Cooperadam exp\u00f5e risco \u00e0 sa\u00fade, perda de renda e pede a\u00e7\u00e3o urgente","datePublished":"2026-04-30T19:09:27+00:00","dateModified":"2026-04-30T21:40:29+00:00","mainEntityOfPage":{"@id":"https:\/\/radiolifefm.com.br\/noticias\/coleta-seletiva-realidade-da-cooperadam-expoe-risco-a-saude-perda-de-renda-e-pede-acao-urgente\/"},"wordCount":596,"publisher":{"@id":"https:\/\/radiolifefm.com.br\/noticias\/#organization"},"image":{"@id":"https:\/\/radiolifefm.com.br\/noticias\/coleta-seletiva-realidade-da-cooperadam-expoe-risco-a-saude-perda-de-renda-e-pede-acao-urgente\/#primaryimage"},"thumbnailUrl":"https:\/\/radiolifefm.com.br\/noticias\/wp-content\/uploads\/2026\/04\/WhatsApp-Image-2026-04-30-at-16.05.12.jpeg","articleSection":["Geral"],"inLanguage":"pt-BR"},{"@type":"WebPage","@id":"https:\/\/radiolifefm.com.br\/noticias\/coleta-seletiva-realidade-da-cooperadam-expoe-risco-a-saude-perda-de-renda-e-pede-acao-urgente\/","url":"https:\/\/radiolifefm.com.br\/noticias\/coleta-seletiva-realidade-da-cooperadam-expoe-risco-a-saude-perda-de-renda-e-pede-acao-urgente\/","name":"coleta seletiva: realidade da Cooperadam exp\u00f5e risco \u00e0 sa\u00fade, perda de renda e pede a\u00e7\u00e3o urgente - R\u00e1dio Life FM","isPartOf":{"@id":"https:\/\/radiolifefm.com.br\/noticias\/#website"},"primaryImageOfPage":{"@id":"https:\/\/radiolifefm.com.br\/noticias\/coleta-seletiva-realidade-da-cooperadam-expoe-risco-a-saude-perda-de-renda-e-pede-acao-urgente\/#primaryimage"},"image":{"@id":"https:\/\/radiolifefm.com.br\/noticias\/coleta-seletiva-realidade-da-cooperadam-expoe-risco-a-saude-perda-de-renda-e-pede-acao-urgente\/#primaryimage"},"thumbnailUrl":"https:\/\/radiolifefm.com.br\/noticias\/wp-content\/uploads\/2026\/04\/WhatsApp-Image-2026-04-30-at-16.05.12.jpeg","datePublished":"2026-04-30T19:09:27+00:00","dateModified":"2026-04-30T21:40:29+00:00","breadcrumb":{"@id":"https:\/\/radiolifefm.com.br\/noticias\/coleta-seletiva-realidade-da-cooperadam-expoe-risco-a-saude-perda-de-renda-e-pede-acao-urgente\/#breadcrumb"},"inLanguage":"pt-BR","potentialAction":[{"@type":"ReadAction","target":["https:\/\/radiolifefm.com.br\/noticias\/coleta-seletiva-realidade-da-cooperadam-expoe-risco-a-saude-perda-de-renda-e-pede-acao-urgente\/"]}]},{"@type":"ImageObject","inLanguage":"pt-BR","@id":"https:\/\/radiolifefm.com.br\/noticias\/coleta-seletiva-realidade-da-cooperadam-expoe-risco-a-saude-perda-de-renda-e-pede-acao-urgente\/#primaryimage","url":"https:\/\/radiolifefm.com.br\/noticias\/wp-content\/uploads\/2026\/04\/WhatsApp-Image-2026-04-30-at-16.05.12.jpeg","contentUrl":"https:\/\/radiolifefm.com.br\/noticias\/wp-content\/uploads\/2026\/04\/WhatsApp-Image-2026-04-30-at-16.05.12.jpeg","width":837,"height":570},{"@type":"BreadcrumbList","@id":"https:\/\/radiolifefm.com.br\/noticias\/coleta-seletiva-realidade-da-cooperadam-expoe-risco-a-saude-perda-de-renda-e-pede-acao-urgente\/#breadcrumb","itemListElement":[{"@type":"ListItem","position":1,"name":"In\u00edcio","item":"https:\/\/radiolifefm.com.br\/noticias\/"},{"@type":"ListItem","position":2,"name":"coleta seletiva: realidade da Cooperadam exp\u00f5e risco \u00e0 sa\u00fade, perda de renda e pede a\u00e7\u00e3o urgente"}]},{"@type":"WebSite","@id":"https:\/\/radiolifefm.com.br\/noticias\/#website","url":"https:\/\/radiolifefm.com.br\/noticias\/","name":"R\u00e1dio Life FM","description":"O Portal de Not\u00edcias de Adamantina","publisher":{"@id":"https:\/\/radiolifefm.com.br\/noticias\/#organization"},"alternateName":"Life FM","potentialAction":[{"@type":"SearchAction","target":{"@type":"EntryPoint","urlTemplate":"https:\/\/radiolifefm.com.br\/noticias\/?s={search_term_string}"},"query-input":{"@type":"PropertyValueSpecification","valueRequired":true,"valueName":"search_term_string"}}],"inLanguage":"pt-BR"},{"@type":"Organization","@id":"https:\/\/radiolifefm.com.br\/noticias\/#organization","name":"R\u00e1dio Life FM","alternateName":"Life FM","url":"https:\/\/radiolifefm.com.br\/noticias\/","logo":{"@type":"ImageObject","inLanguage":"pt-BR","@id":"https:\/\/radiolifefm.com.br\/noticias\/#\/schema\/logo\/image\/","url":"https:\/\/static.radiolifefm.com.br\/noticias\/wp-content\/uploads\/2019\/10\/logo-lifefm.png","contentUrl":"https:\/\/static.radiolifefm.com.br\/noticias\/wp-content\/uploads\/2019\/10\/logo-lifefm.png","width":196,"height":47,"caption":"R\u00e1dio Life FM"},"image":{"@id":"https:\/\/radiolifefm.com.br\/noticias\/#\/schema\/logo\/image\/"},"sameAs":["https:\/\/www.facebook.com\/radiolifefm\/","https:\/\/www.instagram.com\/life1079fm\/"]},{"@type":"Person","@id":"https:\/\/radiolifefm.com.br\/noticias\/#\/schema\/person\/6876e1240feffe6e1b63fd5cb85abf28","name":"joaograndao","image":{"@type":"ImageObject","inLanguage":"pt-BR","@id":"https:\/\/secure.gravatar.com\/avatar\/d5b1a3cf357ed9c50404e256a1294083aa8ab5d2a994001567302786016cb32c?s=96&d=mm&r=g","url":"https:\/\/secure.gravatar.com\/avatar\/d5b1a3cf357ed9c50404e256a1294083aa8ab5d2a994001567302786016cb32c?s=96&d=mm&r=g","contentUrl":"https:\/\/secure.gravatar.com\/avatar\/d5b1a3cf357ed9c50404e256a1294083aa8ab5d2a994001567302786016cb32c?s=96&d=mm&r=g","caption":"joaograndao"}}]}},"amp_enabled":true,"_links":{"self":[{"href":"https:\/\/radiolifefm.com.br\/noticias\/wp-json\/wp\/v2\/posts\/119610","targetHints":{"allow":["GET"]}}],"collection":[{"href":"https:\/\/radiolifefm.com.br\/noticias\/wp-json\/wp\/v2\/posts"}],"about":[{"href":"https:\/\/radiolifefm.com.br\/noticias\/wp-json\/wp\/v2\/types\/post"}],"author":[{"embeddable":true,"href":"https:\/\/radiolifefm.com.br\/noticias\/wp-json\/wp\/v2\/users\/8"}],"replies":[{"embeddable":true,"href":"https:\/\/radiolifefm.com.br\/noticias\/wp-json\/wp\/v2\/comments?post=119610"}],"version-history":[{"count":1,"href":"https:\/\/radiolifefm.com.br\/noticias\/wp-json\/wp\/v2\/posts\/119610\/revisions"}],"predecessor-version":[{"id":119612,"href":"https:\/\/radiolifefm.com.br\/noticias\/wp-json\/wp\/v2\/posts\/119610\/revisions\/119612"}],"wp:featuredmedia":[{"embeddable":true,"href":"https:\/\/radiolifefm.com.br\/noticias\/wp-json\/wp\/v2\/media\/119611"}],"wp:attachment":[{"href":"https:\/\/radiolifefm.com.br\/noticias\/wp-json\/wp\/v2\/media?parent=119610"}],"wp:term":[{"taxonomy":"category","embeddable":true,"href":"https:\/\/radiolifefm.com.br\/noticias\/wp-json\/wp\/v2\/categories?post=119610"},{"taxonomy":"post_tag","embeddable":true,"href":"https:\/\/radiolifefm.com.br\/noticias\/wp-json\/wp\/v2\/tags?post=119610"}],"curies":[{"name":"wp","href":"https:\/\/api.w.org\/{rel}","templated":true}]}}