{"id":119593,"date":"2026-04-30T15:30:46","date_gmt":"2026-04-30T18:30:46","guid":{"rendered":"https:\/\/radiolifefm.com.br\/noticias\/?p=119593"},"modified":"2026-04-30T20:44:04","modified_gmt":"2026-04-30T23:44:04","slug":"arte-que-transforma-jovem-autista-emociona-ao-mostrar-como-encontrou-voz-e-pertencimento-no-jornal-do-meio-dia","status":"publish","type":"post","link":"https:\/\/radiolifefm.com.br\/noticias\/arte-que-transforma-jovem-autista-emociona-ao-mostrar-como-encontrou-voz-e-pertencimento-no-jornal-do-meio-dia\/","title":{"rendered":"Arte que transforma: jovem autista emociona ao mostrar como encontrou voz e pertencimento no Jornal do Meio-Dia"},"content":{"rendered":"<div id=\"fb-root\"><\/div>\n<p>\ud83c\udfad Da descoberta \u00e0 transforma\u00e7\u00e3o: jovem autista emociona ao revelar como a arte mudou sua vida no Jornal do Meio-Dia<br \/>\nNa edi\u00e7\u00e3o desta quinta-feira (30), o Jornal do Meio-Dia trouxe um conte\u00fado que vai al\u00e9m da informa\u00e7\u00e3o \u2014 uma hist\u00f3ria real que convida a sociedade a refletir, aprender e, principalmente, evoluir na forma de conviver com pessoas autistas.<\/p>\n<div class='flex flex-wrap items-center -mx-1'>\r\n<a class='thumbnail gallery p-1 w-1\/2 md:w-1\/4' href='https:\/\/radiolifefm.com.br\/noticias\/wp-content\/uploads\/2026\/04\/Marca-dagua-Jornal-do-Meio-Dia-2026-04-30T132543.980.jpg'><img class='border border-white' src='https:\/\/radiolifefm.com.br\/noticias\/wp-content\/uploads\/2026\/04\/Marca-dagua-Jornal-do-Meio-Dia-2026-04-30T132543.980-200x200.jpg' alt='Marca D'agua Jornal Do Meio Dia   2026 04 30T132543.980' \/><\/a><a class='thumbnail gallery p-1 w-1\/2 md:w-1\/4' href='https:\/\/radiolifefm.com.br\/noticias\/wp-content\/uploads\/2026\/04\/Marca-dagua-Jornal-do-Meio-Dia-2026-04-30T132600.027.jpg'><img class='border border-white' src='https:\/\/radiolifefm.com.br\/noticias\/wp-content\/uploads\/2026\/04\/Marca-dagua-Jornal-do-Meio-Dia-2026-04-30T132600.027-200x200.jpg' alt='Marca D'agua Jornal Do Meio Dia   2026 04 30T132600.027' \/><\/a><\/div>\n<p>Desta vez, a proposta foi diferente. Em vez de especialistas e abordagens t\u00e9cnicas sobre diagn\u00f3stico e tratamento \u2014 at\u00e9 porque o autismo n\u00e3o \u00e9 doen\u00e7a \u2014, o jornal abriu espa\u00e7o para quem vive essa realidade todos os dias.<\/p>\n<div class='flex flex-wrap items-center -mx-1'>\r\n<a class='thumbnail gallery p-1 w-1\/2 md:w-1\/4' href='https:\/\/radiolifefm.com.br\/noticias\/wp-content\/uploads\/2026\/04\/Marca-dagua-Jornal-do-Meio-Dia-2026-04-30T132611.007.jpg'><img class='border border-white' src='https:\/\/radiolifefm.com.br\/noticias\/wp-content\/uploads\/2026\/04\/Marca-dagua-Jornal-do-Meio-Dia-2026-04-30T132611.007-200x200.jpg' alt='Marca D'agua Jornal Do Meio Dia   2026 04 30T132611.007' \/><\/a><a class='thumbnail gallery p-1 w-1\/2 md:w-1\/4' href='https:\/\/radiolifefm.com.br\/noticias\/wp-content\/uploads\/2026\/04\/Marca-dagua-Jornal-do-Meio-Dia-2026-04-30T132635.417.jpg'><img class='border border-white' src='https:\/\/radiolifefm.com.br\/noticias\/wp-content\/uploads\/2026\/04\/Marca-dagua-Jornal-do-Meio-Dia-2026-04-30T132635.417-200x200.jpg' alt='Marca D'agua Jornal Do Meio Dia   2026 04 30T132635.417' \/><\/a><\/div>\n<p>A convidada foi Jaqueline Perotti, m\u00e3e at\u00edpica, que participou ao lado do filho, Lucas Perotti, de 15 anos, diagnosticado com autismo. Em um relato sens\u00edvel e verdadeiro, ela compartilhou os primeiros sinais percebidos no comportamento do filho, que levaram a fam\u00edlia a buscar ajuda especializada.<\/p>\n<div class='flex flex-wrap items-center -mx-1'>\r\n<a class='thumbnail gallery p-1 w-1\/2 md:w-1\/4' href='https:\/\/radiolifefm.com.br\/noticias\/wp-content\/uploads\/2026\/04\/Marca-dagua-Jornal-do-Meio-Dia-2026-04-30T132622.329.jpg'><img class='border border-white' src='https:\/\/radiolifefm.com.br\/noticias\/wp-content\/uploads\/2026\/04\/Marca-dagua-Jornal-do-Meio-Dia-2026-04-30T132622.329-200x200.jpg' alt='Marca D'agua Jornal Do Meio Dia   2026 04 30T132622.329' \/><\/a><a class='thumbnail gallery p-1 w-1\/2 md:w-1\/4' href='https:\/\/radiolifefm.com.br\/noticias\/wp-content\/uploads\/2026\/04\/Marca-dagua-Jornal-do-Meio-Dia-2026-04-30T132650.946.jpg'><img class='border border-white' src='https:\/\/radiolifefm.com.br\/noticias\/wp-content\/uploads\/2026\/04\/Marca-dagua-Jornal-do-Meio-Dia-2026-04-30T132650.946-200x200.jpg' alt='Marca D'agua Jornal Do Meio Dia   2026 04 30T132650.946' \/><\/a><\/div>\n<p>O momento do diagn\u00f3stico tamb\u00e9m foi destacado como um marco na trajet\u00f3ria da fam\u00edlia \u2014 cercado de d\u00favidas, desafios e, ao mesmo tempo, de descobertas que transformaram a forma de enxergar o mundo e o pr\u00f3prio Lucas.<\/p>\n<p>Mais do que uma entrevista, o encontro se tornou um espa\u00e7o de troca e conscientiza\u00e7\u00e3o. Um convite para que outras fam\u00edlias se reconhe\u00e7am nessa hist\u00f3ria e, principalmente, para que a sociedade compreenda melhor o autismo, aprendendo a respeitar, acolher e incluir.<\/p>\n<div class='flex flex-wrap items-center -mx-1'>\r\n<a class='thumbnail gallery p-1 w-1\/2 md:w-1\/4' href='https:\/\/radiolifefm.com.br\/noticias\/wp-content\/uploads\/2026\/04\/Marca-dagua-Jornal-do-Meio-Dia-2026-04-30T132735.642.jpg'><img class='border border-white' src='https:\/\/radiolifefm.com.br\/noticias\/wp-content\/uploads\/2026\/04\/Marca-dagua-Jornal-do-Meio-Dia-2026-04-30T132735.642-200x200.jpg' alt='Marca D'agua Jornal Do Meio Dia   2026 04 30T132735.642' \/><\/a><a class='thumbnail gallery p-1 w-1\/2 md:w-1\/4' href='https:\/\/radiolifefm.com.br\/noticias\/wp-content\/uploads\/2026\/04\/Marca-dagua-Jornal-do-Meio-Dia-2026-04-30T132746.394.jpg'><img class='border border-white' src='https:\/\/radiolifefm.com.br\/noticias\/wp-content\/uploads\/2026\/04\/Marca-dagua-Jornal-do-Meio-Dia-2026-04-30T132746.394-200x200.jpg' alt='Marca D'agua Jornal Do Meio Dia   2026 04 30T132746.394' \/><\/a><\/div>\n<p>Um dos pontos mais emocionantes foi o destaque ao projeto TEArt, que tem sido fundamental no desenvolvimento do Lucas. Atrav\u00e9s das oficinas de teatro, humor, pintura e modelagem em argila, o adolescente encontrou formas de express\u00e3o, comunica\u00e7\u00e3o e pertencimento.<br \/>\nSegundo relatos da m\u00e3e, as mudan\u00e7as no comportamento do Lucas antes e depois da participa\u00e7\u00e3o no projeto s\u00e3o vis\u00edveis e inspiradoras, mostrando como iniciativas que valorizam o potencial individual podem transformar vidas.<\/p>\n<div class='flex flex-wrap items-center -mx-1'>\r\n<a class='thumbnail gallery p-1 w-1\/2 md:w-1\/4' href='https:\/\/radiolifefm.com.br\/noticias\/wp-content\/uploads\/2026\/04\/Marca-dagua-Jornal-do-Meio-Dia-2026-04-30T132910.897.jpg'><img class='border border-white' src='https:\/\/radiolifefm.com.br\/noticias\/wp-content\/uploads\/2026\/04\/Marca-dagua-Jornal-do-Meio-Dia-2026-04-30T132910.897-200x200.jpg' alt='Marca D'agua Jornal Do Meio Dia   2026 04 30T132910.897' \/><\/a><a class='thumbnail gallery p-1 w-1\/2 md:w-1\/4' href='https:\/\/radiolifefm.com.br\/noticias\/wp-content\/uploads\/2026\/04\/Marca-dagua-Jornal-do-Meio-Dia-2026-04-30T132937.944.jpg'><img class='border border-white' src='https:\/\/radiolifefm.com.br\/noticias\/wp-content\/uploads\/2026\/04\/Marca-dagua-Jornal-do-Meio-Dia-2026-04-30T132937.944-200x200.jpg' alt='Marca D'agua Jornal Do Meio Dia   2026 04 30T132937.944' \/><\/a><\/div>\n<p>A hist\u00f3ria de Lucas refor\u00e7a uma mensagem essencial: inclus\u00e3o come\u00e7a pelo conhecimento. Quanto mais a sociedade entende, mais ela se torna capaz de conviver com empatia, respeito e oportunidades reais.<\/p>\n<div class='flex flex-wrap items-center -mx-1'>\r\n<a class='thumbnail gallery p-1 w-1\/2 md:w-1\/4' href='https:\/\/radiolifefm.com.br\/noticias\/wp-content\/uploads\/2026\/04\/Marca-dagua-Jornal-do-Meio-Dia-2026-04-30T132925.037.jpg'><img class='border border-white' src='https:\/\/radiolifefm.com.br\/noticias\/wp-content\/uploads\/2026\/04\/Marca-dagua-Jornal-do-Meio-Dia-2026-04-30T132925.037-200x200.jpg' alt='Marca D'agua Jornal Do Meio Dia   2026 04 30T132925.037' \/><\/a><a class='thumbnail gallery p-1 w-1\/2 md:w-1\/4' href='https:\/\/radiolifefm.com.br\/noticias\/wp-content\/uploads\/2026\/04\/Marca-dagua-Jornal-do-Meio-Dia-2026-04-30T132955.236.jpg'><img class='border border-white' src='https:\/\/radiolifefm.com.br\/noticias\/wp-content\/uploads\/2026\/04\/Marca-dagua-Jornal-do-Meio-Dia-2026-04-30T132955.236-200x200.jpg' alt='Marca D'agua Jornal Do Meio Dia   2026 04 30T132955.236' \/><\/a><\/div>\n<p>\ud83d\udc49 A entrevista completa, com um relato emocionante e esclarecedor, est\u00e1 dispon\u00edvel no link abaixo. Assista e compartilhe \u2014 essa hist\u00f3ria pode mudar a forma como voc\u00ea enxerga o autismo.<\/p>\n<p>Assista na integra:\u00a0<a href=\"https:\/\/www.youtube.com\/watch?v=9OvCwgDOdkU\">https:\/\/www.youtube.com\/watch?v=9OvCwgDOdkU<\/a><\/p>\n","protected":false},"excerpt":{"rendered":"<p>\ud83c\udfad Da descoberta \u00e0 transforma\u00e7\u00e3o: jovem autista emociona ao revelar como a arte mudou sua vida no Jornal do Meio-Dia Na edi\u00e7\u00e3o desta quinta-feira (30), o Jornal do Meio-Dia trouxe um conte\u00fado que vai al\u00e9m da informa\u00e7\u00e3o \u2014 uma hist\u00f3ria real que convida a sociedade a refletir, aprender e, principalmente, evoluir na forma de conviver [&hellip;]<\/p>\n","protected":false},"author":8,"featured_media":119594,"comment_status":"closed","ping_status":"open","sticky":false,"template":"","format":"standard","meta":{"_acf_changed":false,"_exactmetrics_skip_tracking":false,"_exactmetrics_sitenote_active":false,"_exactmetrics_sitenote_note":"","_exactmetrics_sitenote_category":0,"footnotes":""},"categories":[2],"tags":[],"class_list":["post-119593","post","type-post","status-publish","format-standard","has-post-thumbnail","hentry","category-jornal-do-meio-dia"],"acf":[],"yoast_head":"<!-- This site is optimized with the Yoast SEO plugin v27.2 - https:\/\/yoast.com\/product\/yoast-seo-wordpress\/ -->\n<title>Arte que transforma: jovem autista emociona ao mostrar como encontrou voz e pertencimento no Jornal do Meio-Dia - R\u00e1dio Life FM<\/title>\n<meta name=\"robots\" content=\"index, follow, max-snippet:-1, max-image-preview:large, max-video-preview:-1\" \/>\n<link rel=\"canonical\" href=\"https:\/\/radiolifefm.com.br\/noticias\/arte-que-transforma-jovem-autista-emociona-ao-mostrar-como-encontrou-voz-e-pertencimento-no-jornal-do-meio-dia\/\" \/>\n<meta property=\"og:locale\" content=\"pt_BR\" \/>\n<meta property=\"og:type\" content=\"article\" \/>\n<meta property=\"og:title\" content=\"Arte que transforma: jovem autista emociona ao mostrar como encontrou voz e pertencimento no Jornal do Meio-Dia - R\u00e1dio Life FM\" \/>\n<meta property=\"og:description\" content=\"\ud83c\udfad Da descoberta \u00e0 transforma\u00e7\u00e3o: jovem autista emociona ao revelar como a arte mudou sua vida no Jornal do Meio-Dia Na edi\u00e7\u00e3o desta quinta-feira (30), o Jornal do Meio-Dia trouxe um conte\u00fado que vai al\u00e9m da informa\u00e7\u00e3o \u2014 uma hist\u00f3ria real que convida a sociedade a refletir, aprender e, principalmente, evoluir na forma de conviver [&hellip;]\" \/>\n<meta property=\"og:url\" content=\"https:\/\/radiolifefm.com.br\/noticias\/arte-que-transforma-jovem-autista-emociona-ao-mostrar-como-encontrou-voz-e-pertencimento-no-jornal-do-meio-dia\/\" \/>\n<meta property=\"og:site_name\" content=\"R\u00e1dio Life FM\" \/>\n<meta property=\"article:publisher\" content=\"https:\/\/www.facebook.com\/radiolifefm\/\" \/>\n<meta property=\"article:published_time\" content=\"2026-04-30T18:30:46+00:00\" \/>\n<meta property=\"article:modified_time\" content=\"2026-04-30T23:44:04+00:00\" \/>\n<meta property=\"og:image\" content=\"https:\/\/radiolifefm.com.br\/noticias\/wp-content\/uploads\/2026\/04\/Capa-Site-2026-04-30T133059.495.jpg\" \/>\n\t<meta property=\"og:image:width\" content=\"1366\" \/>\n\t<meta property=\"og:image:height\" content=\"768\" \/>\n\t<meta property=\"og:image:type\" content=\"image\/jpeg\" \/>\n<meta name=\"author\" content=\"joaograndao\" \/>\n<meta name=\"twitter:card\" content=\"summary_large_image\" \/>\n<meta name=\"twitter:label1\" content=\"Escrito por\" \/>\n\t<meta name=\"twitter:data1\" content=\"joaograndao\" \/>\n\t<meta name=\"twitter:label2\" content=\"Est. tempo de leitura\" \/>\n\t<meta name=\"twitter:data2\" content=\"3 minutos\" \/>\n<script type=\"application\/ld+json\" class=\"yoast-schema-graph\">{\"@context\":\"https:\/\/schema.org\",\"@graph\":[{\"@type\":\"Article\",\"@id\":\"https:\/\/radiolifefm.com.br\/noticias\/arte-que-transforma-jovem-autista-emociona-ao-mostrar-como-encontrou-voz-e-pertencimento-no-jornal-do-meio-dia\/#article\",\"isPartOf\":{\"@id\":\"https:\/\/radiolifefm.com.br\/noticias\/arte-que-transforma-jovem-autista-emociona-ao-mostrar-como-encontrou-voz-e-pertencimento-no-jornal-do-meio-dia\/\"},\"author\":{\"name\":\"joaograndao\",\"@id\":\"https:\/\/radiolifefm.com.br\/noticias\/#\/schema\/person\/6876e1240feffe6e1b63fd5cb85abf28\"},\"headline\":\"Arte que transforma: jovem autista emociona ao mostrar como encontrou voz e pertencimento no Jornal do Meio-Dia\",\"datePublished\":\"2026-04-30T18:30:46+00:00\",\"dateModified\":\"2026-04-30T23:44:04+00:00\",\"mainEntityOfPage\":{\"@id\":\"https:\/\/radiolifefm.com.br\/noticias\/arte-que-transforma-jovem-autista-emociona-ao-mostrar-como-encontrou-voz-e-pertencimento-no-jornal-do-meio-dia\/\"},\"wordCount\":424,\"publisher\":{\"@id\":\"https:\/\/radiolifefm.com.br\/noticias\/#organization\"},\"image\":{\"@id\":\"https:\/\/radiolifefm.com.br\/noticias\/arte-que-transforma-jovem-autista-emociona-ao-mostrar-como-encontrou-voz-e-pertencimento-no-jornal-do-meio-dia\/#primaryimage\"},\"thumbnailUrl\":\"https:\/\/radiolifefm.com.br\/noticias\/wp-content\/uploads\/2026\/04\/Capa-Site-2026-04-30T133059.495.jpg\",\"articleSection\":[\"Jornal das 12h\"],\"inLanguage\":\"pt-BR\"},{\"@type\":\"WebPage\",\"@id\":\"https:\/\/radiolifefm.com.br\/noticias\/arte-que-transforma-jovem-autista-emociona-ao-mostrar-como-encontrou-voz-e-pertencimento-no-jornal-do-meio-dia\/\",\"url\":\"https:\/\/radiolifefm.com.br\/noticias\/arte-que-transforma-jovem-autista-emociona-ao-mostrar-como-encontrou-voz-e-pertencimento-no-jornal-do-meio-dia\/\",\"name\":\"Arte que transforma: jovem autista emociona ao mostrar como encontrou voz e pertencimento no Jornal do Meio-Dia - R\u00e1dio Life FM\",\"isPartOf\":{\"@id\":\"https:\/\/radiolifefm.com.br\/noticias\/#website\"},\"primaryImageOfPage\":{\"@id\":\"https:\/\/radiolifefm.com.br\/noticias\/arte-que-transforma-jovem-autista-emociona-ao-mostrar-como-encontrou-voz-e-pertencimento-no-jornal-do-meio-dia\/#primaryimage\"},\"image\":{\"@id\":\"https:\/\/radiolifefm.com.br\/noticias\/arte-que-transforma-jovem-autista-emociona-ao-mostrar-como-encontrou-voz-e-pertencimento-no-jornal-do-meio-dia\/#primaryimage\"},\"thumbnailUrl\":\"https:\/\/radiolifefm.com.br\/noticias\/wp-content\/uploads\/2026\/04\/Capa-Site-2026-04-30T133059.495.jpg\",\"datePublished\":\"2026-04-30T18:30:46+00:00\",\"dateModified\":\"2026-04-30T23:44:04+00:00\",\"breadcrumb\":{\"@id\":\"https:\/\/radiolifefm.com.br\/noticias\/arte-que-transforma-jovem-autista-emociona-ao-mostrar-como-encontrou-voz-e-pertencimento-no-jornal-do-meio-dia\/#breadcrumb\"},\"inLanguage\":\"pt-BR\",\"potentialAction\":[{\"@type\":\"ReadAction\",\"target\":[\"https:\/\/radiolifefm.com.br\/noticias\/arte-que-transforma-jovem-autista-emociona-ao-mostrar-como-encontrou-voz-e-pertencimento-no-jornal-do-meio-dia\/\"]}]},{\"@type\":\"ImageObject\",\"inLanguage\":\"pt-BR\",\"@id\":\"https:\/\/radiolifefm.com.br\/noticias\/arte-que-transforma-jovem-autista-emociona-ao-mostrar-como-encontrou-voz-e-pertencimento-no-jornal-do-meio-dia\/#primaryimage\",\"url\":\"https:\/\/radiolifefm.com.br\/noticias\/wp-content\/uploads\/2026\/04\/Capa-Site-2026-04-30T133059.495.jpg\",\"contentUrl\":\"https:\/\/radiolifefm.com.br\/noticias\/wp-content\/uploads\/2026\/04\/Capa-Site-2026-04-30T133059.495.jpg\",\"width\":1366,\"height\":768},{\"@type\":\"BreadcrumbList\",\"@id\":\"https:\/\/radiolifefm.com.br\/noticias\/arte-que-transforma-jovem-autista-emociona-ao-mostrar-como-encontrou-voz-e-pertencimento-no-jornal-do-meio-dia\/#breadcrumb\",\"itemListElement\":[{\"@type\":\"ListItem\",\"position\":1,\"name\":\"In\u00edcio\",\"item\":\"https:\/\/radiolifefm.com.br\/noticias\/\"},{\"@type\":\"ListItem\",\"position\":2,\"name\":\"Arte que transforma: jovem autista emociona ao mostrar como encontrou voz e pertencimento no Jornal do Meio-Dia\"}]},{\"@type\":\"WebSite\",\"@id\":\"https:\/\/radiolifefm.com.br\/noticias\/#website\",\"url\":\"https:\/\/radiolifefm.com.br\/noticias\/\",\"name\":\"R\u00e1dio Life FM\",\"description\":\"O Portal de Not\u00edcias de Adamantina\",\"publisher\":{\"@id\":\"https:\/\/radiolifefm.com.br\/noticias\/#organization\"},\"alternateName\":\"Life FM\",\"potentialAction\":[{\"@type\":\"SearchAction\",\"target\":{\"@type\":\"EntryPoint\",\"urlTemplate\":\"https:\/\/radiolifefm.com.br\/noticias\/?s={search_term_string}\"},\"query-input\":{\"@type\":\"PropertyValueSpecification\",\"valueRequired\":true,\"valueName\":\"search_term_string\"}}],\"inLanguage\":\"pt-BR\"},{\"@type\":\"Organization\",\"@id\":\"https:\/\/radiolifefm.com.br\/noticias\/#organization\",\"name\":\"R\u00e1dio Life FM\",\"alternateName\":\"Life FM\",\"url\":\"https:\/\/radiolifefm.com.br\/noticias\/\",\"logo\":{\"@type\":\"ImageObject\",\"inLanguage\":\"pt-BR\",\"@id\":\"https:\/\/radiolifefm.com.br\/noticias\/#\/schema\/logo\/image\/\",\"url\":\"https:\/\/static.radiolifefm.com.br\/noticias\/wp-content\/uploads\/2019\/10\/logo-lifefm.png\",\"contentUrl\":\"https:\/\/static.radiolifefm.com.br\/noticias\/wp-content\/uploads\/2019\/10\/logo-lifefm.png\",\"width\":196,\"height\":47,\"caption\":\"R\u00e1dio Life FM\"},\"image\":{\"@id\":\"https:\/\/radiolifefm.com.br\/noticias\/#\/schema\/logo\/image\/\"},\"sameAs\":[\"https:\/\/www.facebook.com\/radiolifefm\/\",\"https:\/\/www.instagram.com\/life1079fm\/\"]},{\"@type\":\"Person\",\"@id\":\"https:\/\/radiolifefm.com.br\/noticias\/#\/schema\/person\/6876e1240feffe6e1b63fd5cb85abf28\",\"name\":\"joaograndao\",\"image\":{\"@type\":\"ImageObject\",\"inLanguage\":\"pt-BR\",\"@id\":\"https:\/\/secure.gravatar.com\/avatar\/d5b1a3cf357ed9c50404e256a1294083aa8ab5d2a994001567302786016cb32c?s=96&d=mm&r=g\",\"url\":\"https:\/\/secure.gravatar.com\/avatar\/d5b1a3cf357ed9c50404e256a1294083aa8ab5d2a994001567302786016cb32c?s=96&d=mm&r=g\",\"contentUrl\":\"https:\/\/secure.gravatar.com\/avatar\/d5b1a3cf357ed9c50404e256a1294083aa8ab5d2a994001567302786016cb32c?s=96&d=mm&r=g\",\"caption\":\"joaograndao\"}}]}<\/script>\n<!-- \/ Yoast SEO plugin. -->","yoast_head_json":{"title":"Arte que transforma: jovem autista emociona ao mostrar como encontrou voz e pertencimento no Jornal do Meio-Dia - R\u00e1dio Life FM","robots":{"index":"index","follow":"follow","max-snippet":"max-snippet:-1","max-image-preview":"max-image-preview:large","max-video-preview":"max-video-preview:-1"},"canonical":"https:\/\/radiolifefm.com.br\/noticias\/arte-que-transforma-jovem-autista-emociona-ao-mostrar-como-encontrou-voz-e-pertencimento-no-jornal-do-meio-dia\/","og_locale":"pt_BR","og_type":"article","og_title":"Arte que transforma: jovem autista emociona ao mostrar como encontrou voz e pertencimento no Jornal do Meio-Dia - R\u00e1dio Life FM","og_description":"\ud83c\udfad Da descoberta \u00e0 transforma\u00e7\u00e3o: jovem autista emociona ao revelar como a arte mudou sua vida no Jornal do Meio-Dia Na edi\u00e7\u00e3o desta quinta-feira (30), o Jornal do Meio-Dia trouxe um conte\u00fado que vai al\u00e9m da informa\u00e7\u00e3o \u2014 uma hist\u00f3ria real que convida a sociedade a refletir, aprender e, principalmente, evoluir na forma de conviver [&hellip;]","og_url":"https:\/\/radiolifefm.com.br\/noticias\/arte-que-transforma-jovem-autista-emociona-ao-mostrar-como-encontrou-voz-e-pertencimento-no-jornal-do-meio-dia\/","og_site_name":"R\u00e1dio Life FM","article_publisher":"https:\/\/www.facebook.com\/radiolifefm\/","article_published_time":"2026-04-30T18:30:46+00:00","article_modified_time":"2026-04-30T23:44:04+00:00","og_image":[{"width":1366,"height":768,"url":"https:\/\/radiolifefm.com.br\/noticias\/wp-content\/uploads\/2026\/04\/Capa-Site-2026-04-30T133059.495.jpg","type":"image\/jpeg"}],"author":"joaograndao","twitter_card":"summary_large_image","twitter_misc":{"Escrito por":"joaograndao","Est. tempo de leitura":"3 minutos"},"schema":{"@context":"https:\/\/schema.org","@graph":[{"@type":"Article","@id":"https:\/\/radiolifefm.com.br\/noticias\/arte-que-transforma-jovem-autista-emociona-ao-mostrar-como-encontrou-voz-e-pertencimento-no-jornal-do-meio-dia\/#article","isPartOf":{"@id":"https:\/\/radiolifefm.com.br\/noticias\/arte-que-transforma-jovem-autista-emociona-ao-mostrar-como-encontrou-voz-e-pertencimento-no-jornal-do-meio-dia\/"},"author":{"name":"joaograndao","@id":"https:\/\/radiolifefm.com.br\/noticias\/#\/schema\/person\/6876e1240feffe6e1b63fd5cb85abf28"},"headline":"Arte que transforma: jovem autista emociona ao mostrar como encontrou voz e pertencimento no Jornal do Meio-Dia","datePublished":"2026-04-30T18:30:46+00:00","dateModified":"2026-04-30T23:44:04+00:00","mainEntityOfPage":{"@id":"https:\/\/radiolifefm.com.br\/noticias\/arte-que-transforma-jovem-autista-emociona-ao-mostrar-como-encontrou-voz-e-pertencimento-no-jornal-do-meio-dia\/"},"wordCount":424,"publisher":{"@id":"https:\/\/radiolifefm.com.br\/noticias\/#organization"},"image":{"@id":"https:\/\/radiolifefm.com.br\/noticias\/arte-que-transforma-jovem-autista-emociona-ao-mostrar-como-encontrou-voz-e-pertencimento-no-jornal-do-meio-dia\/#primaryimage"},"thumbnailUrl":"https:\/\/radiolifefm.com.br\/noticias\/wp-content\/uploads\/2026\/04\/Capa-Site-2026-04-30T133059.495.jpg","articleSection":["Jornal das 12h"],"inLanguage":"pt-BR"},{"@type":"WebPage","@id":"https:\/\/radiolifefm.com.br\/noticias\/arte-que-transforma-jovem-autista-emociona-ao-mostrar-como-encontrou-voz-e-pertencimento-no-jornal-do-meio-dia\/","url":"https:\/\/radiolifefm.com.br\/noticias\/arte-que-transforma-jovem-autista-emociona-ao-mostrar-como-encontrou-voz-e-pertencimento-no-jornal-do-meio-dia\/","name":"Arte que transforma: jovem autista emociona ao mostrar como encontrou voz e pertencimento no Jornal do Meio-Dia - R\u00e1dio Life FM","isPartOf":{"@id":"https:\/\/radiolifefm.com.br\/noticias\/#website"},"primaryImageOfPage":{"@id":"https:\/\/radiolifefm.com.br\/noticias\/arte-que-transforma-jovem-autista-emociona-ao-mostrar-como-encontrou-voz-e-pertencimento-no-jornal-do-meio-dia\/#primaryimage"},"image":{"@id":"https:\/\/radiolifefm.com.br\/noticias\/arte-que-transforma-jovem-autista-emociona-ao-mostrar-como-encontrou-voz-e-pertencimento-no-jornal-do-meio-dia\/#primaryimage"},"thumbnailUrl":"https:\/\/radiolifefm.com.br\/noticias\/wp-content\/uploads\/2026\/04\/Capa-Site-2026-04-30T133059.495.jpg","datePublished":"2026-04-30T18:30:46+00:00","dateModified":"2026-04-30T23:44:04+00:00","breadcrumb":{"@id":"https:\/\/radiolifefm.com.br\/noticias\/arte-que-transforma-jovem-autista-emociona-ao-mostrar-como-encontrou-voz-e-pertencimento-no-jornal-do-meio-dia\/#breadcrumb"},"inLanguage":"pt-BR","potentialAction":[{"@type":"ReadAction","target":["https:\/\/radiolifefm.com.br\/noticias\/arte-que-transforma-jovem-autista-emociona-ao-mostrar-como-encontrou-voz-e-pertencimento-no-jornal-do-meio-dia\/"]}]},{"@type":"ImageObject","inLanguage":"pt-BR","@id":"https:\/\/radiolifefm.com.br\/noticias\/arte-que-transforma-jovem-autista-emociona-ao-mostrar-como-encontrou-voz-e-pertencimento-no-jornal-do-meio-dia\/#primaryimage","url":"https:\/\/radiolifefm.com.br\/noticias\/wp-content\/uploads\/2026\/04\/Capa-Site-2026-04-30T133059.495.jpg","contentUrl":"https:\/\/radiolifefm.com.br\/noticias\/wp-content\/uploads\/2026\/04\/Capa-Site-2026-04-30T133059.495.jpg","width":1366,"height":768},{"@type":"BreadcrumbList","@id":"https:\/\/radiolifefm.com.br\/noticias\/arte-que-transforma-jovem-autista-emociona-ao-mostrar-como-encontrou-voz-e-pertencimento-no-jornal-do-meio-dia\/#breadcrumb","itemListElement":[{"@type":"ListItem","position":1,"name":"In\u00edcio","item":"https:\/\/radiolifefm.com.br\/noticias\/"},{"@type":"ListItem","position":2,"name":"Arte que transforma: jovem autista emociona ao mostrar como encontrou voz e pertencimento no Jornal do Meio-Dia"}]},{"@type":"WebSite","@id":"https:\/\/radiolifefm.com.br\/noticias\/#website","url":"https:\/\/radiolifefm.com.br\/noticias\/","name":"R\u00e1dio Life FM","description":"O Portal de Not\u00edcias de Adamantina","publisher":{"@id":"https:\/\/radiolifefm.com.br\/noticias\/#organization"},"alternateName":"Life FM","potentialAction":[{"@type":"SearchAction","target":{"@type":"EntryPoint","urlTemplate":"https:\/\/radiolifefm.com.br\/noticias\/?s={search_term_string}"},"query-input":{"@type":"PropertyValueSpecification","valueRequired":true,"valueName":"search_term_string"}}],"inLanguage":"pt-BR"},{"@type":"Organization","@id":"https:\/\/radiolifefm.com.br\/noticias\/#organization","name":"R\u00e1dio Life FM","alternateName":"Life FM","url":"https:\/\/radiolifefm.com.br\/noticias\/","logo":{"@type":"ImageObject","inLanguage":"pt-BR","@id":"https:\/\/radiolifefm.com.br\/noticias\/#\/schema\/logo\/image\/","url":"https:\/\/static.radiolifefm.com.br\/noticias\/wp-content\/uploads\/2019\/10\/logo-lifefm.png","contentUrl":"https:\/\/static.radiolifefm.com.br\/noticias\/wp-content\/uploads\/2019\/10\/logo-lifefm.png","width":196,"height":47,"caption":"R\u00e1dio Life FM"},"image":{"@id":"https:\/\/radiolifefm.com.br\/noticias\/#\/schema\/logo\/image\/"},"sameAs":["https:\/\/www.facebook.com\/radiolifefm\/","https:\/\/www.instagram.com\/life1079fm\/"]},{"@type":"Person","@id":"https:\/\/radiolifefm.com.br\/noticias\/#\/schema\/person\/6876e1240feffe6e1b63fd5cb85abf28","name":"joaograndao","image":{"@type":"ImageObject","inLanguage":"pt-BR","@id":"https:\/\/secure.gravatar.com\/avatar\/d5b1a3cf357ed9c50404e256a1294083aa8ab5d2a994001567302786016cb32c?s=96&d=mm&r=g","url":"https:\/\/secure.gravatar.com\/avatar\/d5b1a3cf357ed9c50404e256a1294083aa8ab5d2a994001567302786016cb32c?s=96&d=mm&r=g","contentUrl":"https:\/\/secure.gravatar.com\/avatar\/d5b1a3cf357ed9c50404e256a1294083aa8ab5d2a994001567302786016cb32c?s=96&d=mm&r=g","caption":"joaograndao"}}]}},"amp_enabled":true,"_links":{"self":[{"href":"https:\/\/radiolifefm.com.br\/noticias\/wp-json\/wp\/v2\/posts\/119593","targetHints":{"allow":["GET"]}}],"collection":[{"href":"https:\/\/radiolifefm.com.br\/noticias\/wp-json\/wp\/v2\/posts"}],"about":[{"href":"https:\/\/radiolifefm.com.br\/noticias\/wp-json\/wp\/v2\/types\/post"}],"author":[{"embeddable":true,"href":"https:\/\/radiolifefm.com.br\/noticias\/wp-json\/wp\/v2\/users\/8"}],"replies":[{"embeddable":true,"href":"https:\/\/radiolifefm.com.br\/noticias\/wp-json\/wp\/v2\/comments?post=119593"}],"version-history":[{"count":1,"href":"https:\/\/radiolifefm.com.br\/noticias\/wp-json\/wp\/v2\/posts\/119593\/revisions"}],"predecessor-version":[{"id":119607,"href":"https:\/\/radiolifefm.com.br\/noticias\/wp-json\/wp\/v2\/posts\/119593\/revisions\/119607"}],"wp:featuredmedia":[{"embeddable":true,"href":"https:\/\/radiolifefm.com.br\/noticias\/wp-json\/wp\/v2\/media\/119594"}],"wp:attachment":[{"href":"https:\/\/radiolifefm.com.br\/noticias\/wp-json\/wp\/v2\/media?parent=119593"}],"wp:term":[{"taxonomy":"category","embeddable":true,"href":"https:\/\/radiolifefm.com.br\/noticias\/wp-json\/wp\/v2\/categories?post=119593"},{"taxonomy":"post_tag","embeddable":true,"href":"https:\/\/radiolifefm.com.br\/noticias\/wp-json\/wp\/v2\/tags?post=119593"}],"curies":[{"name":"wp","href":"https:\/\/api.w.org\/{rel}","templated":true}]}}