{"id":119589,"date":"2026-04-30T14:46:34","date_gmt":"2026-04-30T17:46:34","guid":{"rendered":"https:\/\/radiolifefm.com.br\/noticias\/?p=119589"},"modified":"2026-04-30T16:53:52","modified_gmt":"2026-04-30T19:53:52","slug":"fe-que-une-e-transforma-trezena-de-nossa-senhora-de-fatima-2026-convida-comunidade-para-viver-espiritualidade-solidariedade-e-celebracao-em-adamantina","status":"publish","type":"post","link":"https:\/\/radiolifefm.com.br\/noticias\/fe-que-une-e-transforma-trezena-de-nossa-senhora-de-fatima-2026-convida-comunidade-para-viver-espiritualidade-solidariedade-e-celebracao-em-adamantina\/","title":{"rendered":"F\u00e9 que une e transforma: Trezena de Nossa Senhora de F\u00e1tima 2026 convida comunidade para viver espiritualidade, solidariedade e celebra\u00e7\u00e3o em Adamantina"},"content":{"rendered":"<div id=\"fb-root\"><\/div>\n<p>F\u00e9, devo\u00e7\u00e3o e comunidade: Par\u00f3quia convida fi\u00e9is para a Trezena de Nossa Senhora de F\u00e1tima 2026<br \/>\nA Par\u00f3quia Nossa Senhora de F\u00e1tima, em Adamantina, prepara um momento especial de espiritualidade, uni\u00e3o e reflex\u00e3o com a realiza\u00e7\u00e3o da tradicional Trezena em honra \u00e0 padroeira. Com o tema \u201cMaria, Modelo de F\u00e9 e Miss\u00e3o para uma Comunidade Jubilar\u201d, a programa\u00e7\u00e3o acontece ao longo do m\u00eas de maio, reunindo celebra\u00e7\u00f5es di\u00e1rias, gestos concretos de solidariedade e a participa\u00e7\u00e3o ativa da comunidade.<\/p>\n<p>A iniciativa integra as comemora\u00e7\u00f5es pelos 60 anos de caminhada da par\u00f3quia, refor\u00e7ando a import\u00e2ncia de fortalecer a f\u00e9 e renovar o compromisso crist\u00e3o. Durante os dias da Trezena, haver\u00e1 missas em diferentes hor\u00e1rios e locais, conduzidas por diversos sacerdotes, proporcionando aos fi\u00e9is m\u00faltiplas oportunidades de participa\u00e7\u00e3o.<\/p>\n<p>Cada celebra\u00e7\u00e3o trar\u00e1 uma reflex\u00e3o espec\u00edfica sobre o exemplo de Maria, abordando valores como f\u00e9, comunh\u00e3o, miss\u00e3o, paz, esperan\u00e7a e convers\u00e3o. Al\u00e9m disso, os participantes s\u00e3o convidados a praticar gestos concretos, como a doa\u00e7\u00e3o de alimentos, produtos de higiene e limpeza, promovendo a solidariedade e o cuidado com o pr\u00f3ximo.<\/p>\n<p>Mais do que uma programa\u00e7\u00e3o religiosa, a Trezena se apresenta como um convite para que cada pessoa reserve um tempo para a sua vida espiritual em meio \u00e0 rotina di\u00e1ria. Em um mundo cada vez mais acelerado, momentos como este se tornam essenciais para o fortalecimento interior, a busca por sentido e a conex\u00e3o com Deus.<\/p>\n<p>A programa\u00e7\u00e3o tamb\u00e9m inclui momentos de ora\u00e7\u00e3o especial, como a Ora\u00e7\u00e3o Jubilar e inten\u00e7\u00f5es voltadas ao S\u00ednodo Diocesano, refor\u00e7ando o esp\u00edrito de comunh\u00e3o e miss\u00e3o da Igreja.<\/p>\n<p>Al\u00e9m das celebra\u00e7\u00f5es, a comunidade poder\u00e1 participar de a\u00e7\u00f5es festivas e solid\u00e1rias, com venda de alimentos e arrecada\u00e7\u00e3o de recursos para as atividades paroquiais, fortalecendo ainda mais os la\u00e7os entre os fi\u00e9is.<\/p>\n<p>A Par\u00f3quia convida toda a popula\u00e7\u00e3o de Adamantina e regi\u00e3o a participar desse tempo de gra\u00e7a, f\u00e9 e partilha. Independentemente da frequ\u00eancia religiosa, o momento \u00e9 uma oportunidade aberta a todos que desejam refletir, agradecer e renovar a esperan\u00e7a.<\/p>\n<p>Reserve um tempo para sua espiritualidade. Participe da Trezena e permita-se viver essa experi\u00eancia de f\u00e9 e transforma\u00e7\u00e3o.<\/p>\n","protected":false},"excerpt":{"rendered":"<p>F\u00e9, devo\u00e7\u00e3o e comunidade: Par\u00f3quia convida fi\u00e9is para a Trezena de Nossa Senhora de F\u00e1tima 2026 A Par\u00f3quia Nossa Senhora de F\u00e1tima, em Adamantina, prepara um momento especial de espiritualidade, uni\u00e3o e reflex\u00e3o com a realiza\u00e7\u00e3o da tradicional Trezena em honra \u00e0 padroeira. Com o tema \u201cMaria, Modelo de F\u00e9 e Miss\u00e3o para uma Comunidade [&hellip;]<\/p>\n","protected":false},"author":8,"featured_media":119590,"comment_status":"closed","ping_status":"open","sticky":false,"template":"","format":"standard","meta":{"_acf_changed":false,"_exactmetrics_skip_tracking":false,"_exactmetrics_sitenote_active":false,"_exactmetrics_sitenote_note":"","_exactmetrics_sitenote_category":0,"footnotes":""},"categories":[1],"tags":[],"class_list":["post-119589","post","type-post","status-publish","format-standard","has-post-thumbnail","hentry","category-geral"],"acf":[],"yoast_head":"<!-- This site is optimized with the Yoast SEO plugin v27.2 - https:\/\/yoast.com\/product\/yoast-seo-wordpress\/ -->\n<title>F\u00e9 que une e transforma: Trezena de Nossa Senhora de F\u00e1tima 2026 convida comunidade para viver espiritualidade, solidariedade e celebra\u00e7\u00e3o em Adamantina - R\u00e1dio Life FM<\/title>\n<meta name=\"robots\" content=\"index, follow, max-snippet:-1, max-image-preview:large, max-video-preview:-1\" \/>\n<link rel=\"canonical\" href=\"https:\/\/radiolifefm.com.br\/noticias\/fe-que-une-e-transforma-trezena-de-nossa-senhora-de-fatima-2026-convida-comunidade-para-viver-espiritualidade-solidariedade-e-celebracao-em-adamantina\/\" \/>\n<meta property=\"og:locale\" content=\"pt_BR\" \/>\n<meta property=\"og:type\" content=\"article\" \/>\n<meta property=\"og:title\" content=\"F\u00e9 que une e transforma: Trezena de Nossa Senhora de F\u00e1tima 2026 convida comunidade para viver espiritualidade, solidariedade e celebra\u00e7\u00e3o em Adamantina - R\u00e1dio Life FM\" \/>\n<meta property=\"og:description\" content=\"F\u00e9, devo\u00e7\u00e3o e comunidade: Par\u00f3quia convida fi\u00e9is para a Trezena de Nossa Senhora de F\u00e1tima 2026 A Par\u00f3quia Nossa Senhora de F\u00e1tima, em Adamantina, prepara um momento especial de espiritualidade, uni\u00e3o e reflex\u00e3o com a realiza\u00e7\u00e3o da tradicional Trezena em honra \u00e0 padroeira. Com o tema \u201cMaria, Modelo de F\u00e9 e Miss\u00e3o para uma Comunidade [&hellip;]\" \/>\n<meta property=\"og:url\" content=\"https:\/\/radiolifefm.com.br\/noticias\/fe-que-une-e-transforma-trezena-de-nossa-senhora-de-fatima-2026-convida-comunidade-para-viver-espiritualidade-solidariedade-e-celebracao-em-adamantina\/\" \/>\n<meta property=\"og:site_name\" content=\"R\u00e1dio Life FM\" \/>\n<meta property=\"article:publisher\" content=\"https:\/\/www.facebook.com\/radiolifefm\/\" \/>\n<meta property=\"article:published_time\" content=\"2026-04-30T17:46:34+00:00\" \/>\n<meta property=\"article:modified_time\" content=\"2026-04-30T19:53:52+00:00\" \/>\n<meta property=\"og:image\" content=\"https:\/\/radiolifefm.com.br\/noticias\/wp-content\/uploads\/2026\/04\/Capa-Site-41.jpg\" \/>\n\t<meta property=\"og:image:width\" content=\"1366\" \/>\n\t<meta property=\"og:image:height\" content=\"768\" \/>\n\t<meta property=\"og:image:type\" content=\"image\/jpeg\" \/>\n<meta name=\"author\" content=\"joaograndao\" \/>\n<meta name=\"twitter:card\" content=\"summary_large_image\" \/>\n<meta name=\"twitter:label1\" content=\"Escrito por\" \/>\n\t<meta name=\"twitter:data1\" content=\"joaograndao\" \/>\n\t<meta name=\"twitter:label2\" content=\"Est. tempo de leitura\" \/>\n\t<meta name=\"twitter:data2\" content=\"3 minutos\" \/>\n<script type=\"application\/ld+json\" class=\"yoast-schema-graph\">{\"@context\":\"https:\/\/schema.org\",\"@graph\":[{\"@type\":\"Article\",\"@id\":\"https:\/\/radiolifefm.com.br\/noticias\/fe-que-une-e-transforma-trezena-de-nossa-senhora-de-fatima-2026-convida-comunidade-para-viver-espiritualidade-solidariedade-e-celebracao-em-adamantina\/#article\",\"isPartOf\":{\"@id\":\"https:\/\/radiolifefm.com.br\/noticias\/fe-que-une-e-transforma-trezena-de-nossa-senhora-de-fatima-2026-convida-comunidade-para-viver-espiritualidade-solidariedade-e-celebracao-em-adamantina\/\"},\"author\":{\"name\":\"joaograndao\",\"@id\":\"https:\/\/radiolifefm.com.br\/noticias\/#\/schema\/person\/6876e1240feffe6e1b63fd5cb85abf28\"},\"headline\":\"F\u00e9 que une e transforma: Trezena de Nossa Senhora de F\u00e1tima 2026 convida comunidade para viver espiritualidade, solidariedade e celebra\u00e7\u00e3o em Adamantina\",\"datePublished\":\"2026-04-30T17:46:34+00:00\",\"dateModified\":\"2026-04-30T19:53:52+00:00\",\"mainEntityOfPage\":{\"@id\":\"https:\/\/radiolifefm.com.br\/noticias\/fe-que-une-e-transforma-trezena-de-nossa-senhora-de-fatima-2026-convida-comunidade-para-viver-espiritualidade-solidariedade-e-celebracao-em-adamantina\/\"},\"wordCount\":428,\"publisher\":{\"@id\":\"https:\/\/radiolifefm.com.br\/noticias\/#organization\"},\"image\":{\"@id\":\"https:\/\/radiolifefm.com.br\/noticias\/fe-que-une-e-transforma-trezena-de-nossa-senhora-de-fatima-2026-convida-comunidade-para-viver-espiritualidade-solidariedade-e-celebracao-em-adamantina\/#primaryimage\"},\"thumbnailUrl\":\"https:\/\/radiolifefm.com.br\/noticias\/wp-content\/uploads\/2026\/04\/Capa-Site-41.jpg\",\"articleSection\":[\"Geral\"],\"inLanguage\":\"pt-BR\"},{\"@type\":\"WebPage\",\"@id\":\"https:\/\/radiolifefm.com.br\/noticias\/fe-que-une-e-transforma-trezena-de-nossa-senhora-de-fatima-2026-convida-comunidade-para-viver-espiritualidade-solidariedade-e-celebracao-em-adamantina\/\",\"url\":\"https:\/\/radiolifefm.com.br\/noticias\/fe-que-une-e-transforma-trezena-de-nossa-senhora-de-fatima-2026-convida-comunidade-para-viver-espiritualidade-solidariedade-e-celebracao-em-adamantina\/\",\"name\":\"F\u00e9 que une e transforma: Trezena de Nossa Senhora de F\u00e1tima 2026 convida comunidade para viver espiritualidade, solidariedade e celebra\u00e7\u00e3o em Adamantina - R\u00e1dio Life FM\",\"isPartOf\":{\"@id\":\"https:\/\/radiolifefm.com.br\/noticias\/#website\"},\"primaryImageOfPage\":{\"@id\":\"https:\/\/radiolifefm.com.br\/noticias\/fe-que-une-e-transforma-trezena-de-nossa-senhora-de-fatima-2026-convida-comunidade-para-viver-espiritualidade-solidariedade-e-celebracao-em-adamantina\/#primaryimage\"},\"image\":{\"@id\":\"https:\/\/radiolifefm.com.br\/noticias\/fe-que-une-e-transforma-trezena-de-nossa-senhora-de-fatima-2026-convida-comunidade-para-viver-espiritualidade-solidariedade-e-celebracao-em-adamantina\/#primaryimage\"},\"thumbnailUrl\":\"https:\/\/radiolifefm.com.br\/noticias\/wp-content\/uploads\/2026\/04\/Capa-Site-41.jpg\",\"datePublished\":\"2026-04-30T17:46:34+00:00\",\"dateModified\":\"2026-04-30T19:53:52+00:00\",\"breadcrumb\":{\"@id\":\"https:\/\/radiolifefm.com.br\/noticias\/fe-que-une-e-transforma-trezena-de-nossa-senhora-de-fatima-2026-convida-comunidade-para-viver-espiritualidade-solidariedade-e-celebracao-em-adamantina\/#breadcrumb\"},\"inLanguage\":\"pt-BR\",\"potentialAction\":[{\"@type\":\"ReadAction\",\"target\":[\"https:\/\/radiolifefm.com.br\/noticias\/fe-que-une-e-transforma-trezena-de-nossa-senhora-de-fatima-2026-convida-comunidade-para-viver-espiritualidade-solidariedade-e-celebracao-em-adamantina\/\"]}]},{\"@type\":\"ImageObject\",\"inLanguage\":\"pt-BR\",\"@id\":\"https:\/\/radiolifefm.com.br\/noticias\/fe-que-une-e-transforma-trezena-de-nossa-senhora-de-fatima-2026-convida-comunidade-para-viver-espiritualidade-solidariedade-e-celebracao-em-adamantina\/#primaryimage\",\"url\":\"https:\/\/radiolifefm.com.br\/noticias\/wp-content\/uploads\/2026\/04\/Capa-Site-41.jpg\",\"contentUrl\":\"https:\/\/radiolifefm.com.br\/noticias\/wp-content\/uploads\/2026\/04\/Capa-Site-41.jpg\",\"width\":1366,\"height\":768},{\"@type\":\"BreadcrumbList\",\"@id\":\"https:\/\/radiolifefm.com.br\/noticias\/fe-que-une-e-transforma-trezena-de-nossa-senhora-de-fatima-2026-convida-comunidade-para-viver-espiritualidade-solidariedade-e-celebracao-em-adamantina\/#breadcrumb\",\"itemListElement\":[{\"@type\":\"ListItem\",\"position\":1,\"name\":\"In\u00edcio\",\"item\":\"https:\/\/radiolifefm.com.br\/noticias\/\"},{\"@type\":\"ListItem\",\"position\":2,\"name\":\"F\u00e9 que une e transforma: Trezena de Nossa Senhora de F\u00e1tima 2026 convida comunidade para viver espiritualidade, solidariedade e celebra\u00e7\u00e3o em Adamantina\"}]},{\"@type\":\"WebSite\",\"@id\":\"https:\/\/radiolifefm.com.br\/noticias\/#website\",\"url\":\"https:\/\/radiolifefm.com.br\/noticias\/\",\"name\":\"R\u00e1dio Life FM\",\"description\":\"O Portal de Not\u00edcias de Adamantina\",\"publisher\":{\"@id\":\"https:\/\/radiolifefm.com.br\/noticias\/#organization\"},\"alternateName\":\"Life FM\",\"potentialAction\":[{\"@type\":\"SearchAction\",\"target\":{\"@type\":\"EntryPoint\",\"urlTemplate\":\"https:\/\/radiolifefm.com.br\/noticias\/?s={search_term_string}\"},\"query-input\":{\"@type\":\"PropertyValueSpecification\",\"valueRequired\":true,\"valueName\":\"search_term_string\"}}],\"inLanguage\":\"pt-BR\"},{\"@type\":\"Organization\",\"@id\":\"https:\/\/radiolifefm.com.br\/noticias\/#organization\",\"name\":\"R\u00e1dio Life FM\",\"alternateName\":\"Life FM\",\"url\":\"https:\/\/radiolifefm.com.br\/noticias\/\",\"logo\":{\"@type\":\"ImageObject\",\"inLanguage\":\"pt-BR\",\"@id\":\"https:\/\/radiolifefm.com.br\/noticias\/#\/schema\/logo\/image\/\",\"url\":\"https:\/\/static.radiolifefm.com.br\/noticias\/wp-content\/uploads\/2019\/10\/logo-lifefm.png\",\"contentUrl\":\"https:\/\/static.radiolifefm.com.br\/noticias\/wp-content\/uploads\/2019\/10\/logo-lifefm.png\",\"width\":196,\"height\":47,\"caption\":\"R\u00e1dio Life FM\"},\"image\":{\"@id\":\"https:\/\/radiolifefm.com.br\/noticias\/#\/schema\/logo\/image\/\"},\"sameAs\":[\"https:\/\/www.facebook.com\/radiolifefm\/\",\"https:\/\/www.instagram.com\/life1079fm\/\"]},{\"@type\":\"Person\",\"@id\":\"https:\/\/radiolifefm.com.br\/noticias\/#\/schema\/person\/6876e1240feffe6e1b63fd5cb85abf28\",\"name\":\"joaograndao\",\"image\":{\"@type\":\"ImageObject\",\"inLanguage\":\"pt-BR\",\"@id\":\"https:\/\/secure.gravatar.com\/avatar\/d5b1a3cf357ed9c50404e256a1294083aa8ab5d2a994001567302786016cb32c?s=96&d=mm&r=g\",\"url\":\"https:\/\/secure.gravatar.com\/avatar\/d5b1a3cf357ed9c50404e256a1294083aa8ab5d2a994001567302786016cb32c?s=96&d=mm&r=g\",\"contentUrl\":\"https:\/\/secure.gravatar.com\/avatar\/d5b1a3cf357ed9c50404e256a1294083aa8ab5d2a994001567302786016cb32c?s=96&d=mm&r=g\",\"caption\":\"joaograndao\"}}]}<\/script>\n<!-- \/ Yoast SEO plugin. -->","yoast_head_json":{"title":"F\u00e9 que une e transforma: Trezena de Nossa Senhora de F\u00e1tima 2026 convida comunidade para viver espiritualidade, solidariedade e celebra\u00e7\u00e3o em Adamantina - R\u00e1dio Life FM","robots":{"index":"index","follow":"follow","max-snippet":"max-snippet:-1","max-image-preview":"max-image-preview:large","max-video-preview":"max-video-preview:-1"},"canonical":"https:\/\/radiolifefm.com.br\/noticias\/fe-que-une-e-transforma-trezena-de-nossa-senhora-de-fatima-2026-convida-comunidade-para-viver-espiritualidade-solidariedade-e-celebracao-em-adamantina\/","og_locale":"pt_BR","og_type":"article","og_title":"F\u00e9 que une e transforma: Trezena de Nossa Senhora de F\u00e1tima 2026 convida comunidade para viver espiritualidade, solidariedade e celebra\u00e7\u00e3o em Adamantina - R\u00e1dio Life FM","og_description":"F\u00e9, devo\u00e7\u00e3o e comunidade: Par\u00f3quia convida fi\u00e9is para a Trezena de Nossa Senhora de F\u00e1tima 2026 A Par\u00f3quia Nossa Senhora de F\u00e1tima, em Adamantina, prepara um momento especial de espiritualidade, uni\u00e3o e reflex\u00e3o com a realiza\u00e7\u00e3o da tradicional Trezena em honra \u00e0 padroeira. Com o tema \u201cMaria, Modelo de F\u00e9 e Miss\u00e3o para uma Comunidade [&hellip;]","og_url":"https:\/\/radiolifefm.com.br\/noticias\/fe-que-une-e-transforma-trezena-de-nossa-senhora-de-fatima-2026-convida-comunidade-para-viver-espiritualidade-solidariedade-e-celebracao-em-adamantina\/","og_site_name":"R\u00e1dio Life FM","article_publisher":"https:\/\/www.facebook.com\/radiolifefm\/","article_published_time":"2026-04-30T17:46:34+00:00","article_modified_time":"2026-04-30T19:53:52+00:00","og_image":[{"width":1366,"height":768,"url":"https:\/\/radiolifefm.com.br\/noticias\/wp-content\/uploads\/2026\/04\/Capa-Site-41.jpg","type":"image\/jpeg"}],"author":"joaograndao","twitter_card":"summary_large_image","twitter_misc":{"Escrito por":"joaograndao","Est. tempo de leitura":"3 minutos"},"schema":{"@context":"https:\/\/schema.org","@graph":[{"@type":"Article","@id":"https:\/\/radiolifefm.com.br\/noticias\/fe-que-une-e-transforma-trezena-de-nossa-senhora-de-fatima-2026-convida-comunidade-para-viver-espiritualidade-solidariedade-e-celebracao-em-adamantina\/#article","isPartOf":{"@id":"https:\/\/radiolifefm.com.br\/noticias\/fe-que-une-e-transforma-trezena-de-nossa-senhora-de-fatima-2026-convida-comunidade-para-viver-espiritualidade-solidariedade-e-celebracao-em-adamantina\/"},"author":{"name":"joaograndao","@id":"https:\/\/radiolifefm.com.br\/noticias\/#\/schema\/person\/6876e1240feffe6e1b63fd5cb85abf28"},"headline":"F\u00e9 que une e transforma: Trezena de Nossa Senhora de F\u00e1tima 2026 convida comunidade para viver espiritualidade, solidariedade e celebra\u00e7\u00e3o em Adamantina","datePublished":"2026-04-30T17:46:34+00:00","dateModified":"2026-04-30T19:53:52+00:00","mainEntityOfPage":{"@id":"https:\/\/radiolifefm.com.br\/noticias\/fe-que-une-e-transforma-trezena-de-nossa-senhora-de-fatima-2026-convida-comunidade-para-viver-espiritualidade-solidariedade-e-celebracao-em-adamantina\/"},"wordCount":428,"publisher":{"@id":"https:\/\/radiolifefm.com.br\/noticias\/#organization"},"image":{"@id":"https:\/\/radiolifefm.com.br\/noticias\/fe-que-une-e-transforma-trezena-de-nossa-senhora-de-fatima-2026-convida-comunidade-para-viver-espiritualidade-solidariedade-e-celebracao-em-adamantina\/#primaryimage"},"thumbnailUrl":"https:\/\/radiolifefm.com.br\/noticias\/wp-content\/uploads\/2026\/04\/Capa-Site-41.jpg","articleSection":["Geral"],"inLanguage":"pt-BR"},{"@type":"WebPage","@id":"https:\/\/radiolifefm.com.br\/noticias\/fe-que-une-e-transforma-trezena-de-nossa-senhora-de-fatima-2026-convida-comunidade-para-viver-espiritualidade-solidariedade-e-celebracao-em-adamantina\/","url":"https:\/\/radiolifefm.com.br\/noticias\/fe-que-une-e-transforma-trezena-de-nossa-senhora-de-fatima-2026-convida-comunidade-para-viver-espiritualidade-solidariedade-e-celebracao-em-adamantina\/","name":"F\u00e9 que une e transforma: Trezena de Nossa Senhora de F\u00e1tima 2026 convida comunidade para viver espiritualidade, solidariedade e celebra\u00e7\u00e3o em Adamantina - R\u00e1dio Life FM","isPartOf":{"@id":"https:\/\/radiolifefm.com.br\/noticias\/#website"},"primaryImageOfPage":{"@id":"https:\/\/radiolifefm.com.br\/noticias\/fe-que-une-e-transforma-trezena-de-nossa-senhora-de-fatima-2026-convida-comunidade-para-viver-espiritualidade-solidariedade-e-celebracao-em-adamantina\/#primaryimage"},"image":{"@id":"https:\/\/radiolifefm.com.br\/noticias\/fe-que-une-e-transforma-trezena-de-nossa-senhora-de-fatima-2026-convida-comunidade-para-viver-espiritualidade-solidariedade-e-celebracao-em-adamantina\/#primaryimage"},"thumbnailUrl":"https:\/\/radiolifefm.com.br\/noticias\/wp-content\/uploads\/2026\/04\/Capa-Site-41.jpg","datePublished":"2026-04-30T17:46:34+00:00","dateModified":"2026-04-30T19:53:52+00:00","breadcrumb":{"@id":"https:\/\/radiolifefm.com.br\/noticias\/fe-que-une-e-transforma-trezena-de-nossa-senhora-de-fatima-2026-convida-comunidade-para-viver-espiritualidade-solidariedade-e-celebracao-em-adamantina\/#breadcrumb"},"inLanguage":"pt-BR","potentialAction":[{"@type":"ReadAction","target":["https:\/\/radiolifefm.com.br\/noticias\/fe-que-une-e-transforma-trezena-de-nossa-senhora-de-fatima-2026-convida-comunidade-para-viver-espiritualidade-solidariedade-e-celebracao-em-adamantina\/"]}]},{"@type":"ImageObject","inLanguage":"pt-BR","@id":"https:\/\/radiolifefm.com.br\/noticias\/fe-que-une-e-transforma-trezena-de-nossa-senhora-de-fatima-2026-convida-comunidade-para-viver-espiritualidade-solidariedade-e-celebracao-em-adamantina\/#primaryimage","url":"https:\/\/radiolifefm.com.br\/noticias\/wp-content\/uploads\/2026\/04\/Capa-Site-41.jpg","contentUrl":"https:\/\/radiolifefm.com.br\/noticias\/wp-content\/uploads\/2026\/04\/Capa-Site-41.jpg","width":1366,"height":768},{"@type":"BreadcrumbList","@id":"https:\/\/radiolifefm.com.br\/noticias\/fe-que-une-e-transforma-trezena-de-nossa-senhora-de-fatima-2026-convida-comunidade-para-viver-espiritualidade-solidariedade-e-celebracao-em-adamantina\/#breadcrumb","itemListElement":[{"@type":"ListItem","position":1,"name":"In\u00edcio","item":"https:\/\/radiolifefm.com.br\/noticias\/"},{"@type":"ListItem","position":2,"name":"F\u00e9 que une e transforma: Trezena de Nossa Senhora de F\u00e1tima 2026 convida comunidade para viver espiritualidade, solidariedade e celebra\u00e7\u00e3o em Adamantina"}]},{"@type":"WebSite","@id":"https:\/\/radiolifefm.com.br\/noticias\/#website","url":"https:\/\/radiolifefm.com.br\/noticias\/","name":"R\u00e1dio Life FM","description":"O Portal de Not\u00edcias de Adamantina","publisher":{"@id":"https:\/\/radiolifefm.com.br\/noticias\/#organization"},"alternateName":"Life FM","potentialAction":[{"@type":"SearchAction","target":{"@type":"EntryPoint","urlTemplate":"https:\/\/radiolifefm.com.br\/noticias\/?s={search_term_string}"},"query-input":{"@type":"PropertyValueSpecification","valueRequired":true,"valueName":"search_term_string"}}],"inLanguage":"pt-BR"},{"@type":"Organization","@id":"https:\/\/radiolifefm.com.br\/noticias\/#organization","name":"R\u00e1dio Life FM","alternateName":"Life FM","url":"https:\/\/radiolifefm.com.br\/noticias\/","logo":{"@type":"ImageObject","inLanguage":"pt-BR","@id":"https:\/\/radiolifefm.com.br\/noticias\/#\/schema\/logo\/image\/","url":"https:\/\/static.radiolifefm.com.br\/noticias\/wp-content\/uploads\/2019\/10\/logo-lifefm.png","contentUrl":"https:\/\/static.radiolifefm.com.br\/noticias\/wp-content\/uploads\/2019\/10\/logo-lifefm.png","width":196,"height":47,"caption":"R\u00e1dio Life FM"},"image":{"@id":"https:\/\/radiolifefm.com.br\/noticias\/#\/schema\/logo\/image\/"},"sameAs":["https:\/\/www.facebook.com\/radiolifefm\/","https:\/\/www.instagram.com\/life1079fm\/"]},{"@type":"Person","@id":"https:\/\/radiolifefm.com.br\/noticias\/#\/schema\/person\/6876e1240feffe6e1b63fd5cb85abf28","name":"joaograndao","image":{"@type":"ImageObject","inLanguage":"pt-BR","@id":"https:\/\/secure.gravatar.com\/avatar\/d5b1a3cf357ed9c50404e256a1294083aa8ab5d2a994001567302786016cb32c?s=96&d=mm&r=g","url":"https:\/\/secure.gravatar.com\/avatar\/d5b1a3cf357ed9c50404e256a1294083aa8ab5d2a994001567302786016cb32c?s=96&d=mm&r=g","contentUrl":"https:\/\/secure.gravatar.com\/avatar\/d5b1a3cf357ed9c50404e256a1294083aa8ab5d2a994001567302786016cb32c?s=96&d=mm&r=g","caption":"joaograndao"}}]}},"amp_enabled":true,"_links":{"self":[{"href":"https:\/\/radiolifefm.com.br\/noticias\/wp-json\/wp\/v2\/posts\/119589","targetHints":{"allow":["GET"]}}],"collection":[{"href":"https:\/\/radiolifefm.com.br\/noticias\/wp-json\/wp\/v2\/posts"}],"about":[{"href":"https:\/\/radiolifefm.com.br\/noticias\/wp-json\/wp\/v2\/types\/post"}],"author":[{"embeddable":true,"href":"https:\/\/radiolifefm.com.br\/noticias\/wp-json\/wp\/v2\/users\/8"}],"replies":[{"embeddable":true,"href":"https:\/\/radiolifefm.com.br\/noticias\/wp-json\/wp\/v2\/comments?post=119589"}],"version-history":[{"count":2,"href":"https:\/\/radiolifefm.com.br\/noticias\/wp-json\/wp\/v2\/posts\/119589\/revisions"}],"predecessor-version":[{"id":119592,"href":"https:\/\/radiolifefm.com.br\/noticias\/wp-json\/wp\/v2\/posts\/119589\/revisions\/119592"}],"wp:featuredmedia":[{"embeddable":true,"href":"https:\/\/radiolifefm.com.br\/noticias\/wp-json\/wp\/v2\/media\/119590"}],"wp:attachment":[{"href":"https:\/\/radiolifefm.com.br\/noticias\/wp-json\/wp\/v2\/media?parent=119589"}],"wp:term":[{"taxonomy":"category","embeddable":true,"href":"https:\/\/radiolifefm.com.br\/noticias\/wp-json\/wp\/v2\/categories?post=119589"},{"taxonomy":"post_tag","embeddable":true,"href":"https:\/\/radiolifefm.com.br\/noticias\/wp-json\/wp\/v2\/tags?post=119589"}],"curies":[{"name":"wp","href":"https:\/\/api.w.org\/{rel}","templated":true}]}}