{"id":119580,"date":"2026-04-29T23:51:58","date_gmt":"2026-04-30T02:51:58","guid":{"rendered":"https:\/\/radiolifefm.com.br\/noticias\/?p=119580"},"modified":"2026-04-30T01:21:24","modified_gmt":"2026-04-30T04:21:24","slug":"prefeitura-de-adamantina-garante-r-100-mil-para-aquisicao-de-veiculo-que-fortalecera-acoes-culturais-no-municipio","status":"publish","type":"post","link":"https:\/\/radiolifefm.com.br\/noticias\/prefeitura-de-adamantina-garante-r-100-mil-para-aquisicao-de-veiculo-que-fortalecera-acoes-culturais-no-municipio\/","title":{"rendered":"Prefeitura de Adamantina garante R$ 100 mil para aquisi\u00e7\u00e3o de ve\u00edculo que fortalecer\u00e1 a\u00e7\u00f5es culturais no munic\u00edpio"},"content":{"rendered":"<div id=\"fb-root\"><\/div>\n<p>A Prefeitura de Adamantina, por meio da Secretaria Municipal de Cultura e Turismo, contar\u00e1 com um importante refor\u00e7o para o desenvolvimento de suas a\u00e7\u00f5es no munic\u00edpio. Trata-se do repasse de R$ 100.000,00, proveniente de emenda parlamentar impositiva da deputada estadual Edna Macedo, destinado \u00e0 aquisi\u00e7\u00e3o de um ve\u00edculo para a pasta.<\/p>\n<p>&nbsp;<\/p>\n<p>O investimento tem como objetivo ampliar e fortalecer a descentraliza\u00e7\u00e3o das atividades culturais em todo o territ\u00f3rio municipal, garantindo que projetos, a\u00e7\u00f5es e servi\u00e7os cheguem de forma mais eficiente a todos os cidad\u00e3os de Adamantina, incluindo bairros perif\u00e9ricos e \u00e1reas rurais.<\/p>\n<p>&nbsp;<\/p>\n<p>O recurso, que ser\u00e1 viabilizado por meio de transfer\u00eancia especial, encontra-se em fase de cadastramento no sistema estadual. No momento, a prefeitura trabalha na organiza\u00e7\u00e3o da documenta\u00e7\u00e3o e no cumprimento dos tr\u00e2mites t\u00e9cnicos exigidos pela Secretaria de Governo e Rela\u00e7\u00f5es Institucionais para a libera\u00e7\u00e3o da verba. Ap\u00f3s a valida\u00e7\u00e3o, o munic\u00edpio dar\u00e1 in\u00edcio ao processo de licita\u00e7\u00e3o.<\/p>\n<p>&nbsp;<\/p>\n<p>Com a aquisi\u00e7\u00e3o do novo ve\u00edculo, ser\u00e1 poss\u00edvel intensificar a presen\u00e7a da equipe nos bairros, ampliar a oferta de oficinas culturais, acompanhar projetos em andamento, realizar vistorias t\u00e9cnicas e aprimorar a fiscaliza\u00e7\u00e3o de conv\u00eanios.<\/p>\n<p>&nbsp;<\/p>\n<p>A iniciativa tamb\u00e9m contribuir\u00e1 para ampliar o acesso da popula\u00e7\u00e3o \u00e0s a\u00e7\u00f5es culturais, proporcionando maior frequ\u00eancia e abrang\u00eancia dos atendimentos, o que ser\u00e1 mensurado por meio de indicadores baseados no aumento do n\u00famero de atendimentos realizados ap\u00f3s a aquisi\u00e7\u00e3o.<\/p>\n<p>&nbsp;<\/p>\n<p>O prazo estimado para execu\u00e7\u00e3o de todo o processo \u00e9 de seis meses, contemplando as etapas de elabora\u00e7\u00e3o do termo de refer\u00eancia, realiza\u00e7\u00e3o do procedimento licitat\u00f3rio, formaliza\u00e7\u00e3o da contrata\u00e7\u00e3o, entrega do ve\u00edculo, confer\u00eancia t\u00e9cnica, emplacamento e incorpora\u00e7\u00e3o ao patrim\u00f4nio p\u00fablico.<\/p>\n<p>&nbsp;<\/p>\n<p>A aquisi\u00e7\u00e3o representa um avan\u00e7o importante para a estrutura\u00e7\u00e3o da pol\u00edtica cultural no munic\u00edpio, assegurando melhores condi\u00e7\u00f5es de trabalho para a equipe e ampliando o alcance das a\u00e7\u00f5es desenvolvidas, em benef\u00edcio direto da popula\u00e7\u00e3o.<\/p>\n<p>fotos &#8211; equipe da Secretaria Municipal de Cultura e Turismo<\/p>\n<p>&#8212;<\/p>\n<p>PREFEITURA DO MUNIC\u00cdPIO DE ADAMANTINA<\/p>\n<p>Diretor de Comunica\u00e7\u00e3o<\/p>\n<p>Caio Vasques<\/p>\n<p>Jornalista<\/p>\n<p>Natacha Dominato<\/p>\n","protected":false},"excerpt":{"rendered":"<p>A Prefeitura de Adamantina, por meio da Secretaria Municipal de Cultura e Turismo, contar\u00e1 com um importante refor\u00e7o para o desenvolvimento de suas a\u00e7\u00f5es no munic\u00edpio. Trata-se do repasse de R$ 100.000,00, proveniente de emenda parlamentar impositiva da deputada estadual Edna Macedo, destinado \u00e0 aquisi\u00e7\u00e3o de um ve\u00edculo para a pasta. &nbsp; O investimento tem [&hellip;]<\/p>\n","protected":false},"author":13,"featured_media":119581,"comment_status":"closed","ping_status":"open","sticky":false,"template":"","format":"standard","meta":{"_acf_changed":false,"_exactmetrics_skip_tracking":false,"_exactmetrics_sitenote_active":false,"_exactmetrics_sitenote_note":"","_exactmetrics_sitenote_category":0,"footnotes":""},"categories":[21],"tags":[],"class_list":["post-119580","post","type-post","status-publish","format-standard","has-post-thumbnail","hentry","category-adamantina"],"acf":[],"yoast_head":"<!-- This site is optimized with the Yoast SEO plugin v27.2 - https:\/\/yoast.com\/product\/yoast-seo-wordpress\/ -->\n<title>Prefeitura de Adamantina garante R$ 100 mil para aquisi\u00e7\u00e3o de ve\u00edculo que fortalecer\u00e1 a\u00e7\u00f5es culturais no munic\u00edpio - R\u00e1dio Life FM<\/title>\n<meta name=\"robots\" content=\"index, follow, max-snippet:-1, max-image-preview:large, max-video-preview:-1\" \/>\n<link rel=\"canonical\" href=\"https:\/\/radiolifefm.com.br\/noticias\/prefeitura-de-adamantina-garante-r-100-mil-para-aquisicao-de-veiculo-que-fortalecera-acoes-culturais-no-municipio\/\" \/>\n<meta property=\"og:locale\" content=\"pt_BR\" \/>\n<meta property=\"og:type\" content=\"article\" \/>\n<meta property=\"og:title\" content=\"Prefeitura de Adamantina garante R$ 100 mil para aquisi\u00e7\u00e3o de ve\u00edculo que fortalecer\u00e1 a\u00e7\u00f5es culturais no munic\u00edpio - R\u00e1dio Life FM\" \/>\n<meta property=\"og:description\" content=\"A Prefeitura de Adamantina, por meio da Secretaria Municipal de Cultura e Turismo, contar\u00e1 com um importante refor\u00e7o para o desenvolvimento de suas a\u00e7\u00f5es no munic\u00edpio. Trata-se do repasse de R$ 100.000,00, proveniente de emenda parlamentar impositiva da deputada estadual Edna Macedo, destinado \u00e0 aquisi\u00e7\u00e3o de um ve\u00edculo para a pasta. &nbsp; O investimento tem [&hellip;]\" \/>\n<meta property=\"og:url\" content=\"https:\/\/radiolifefm.com.br\/noticias\/prefeitura-de-adamantina-garante-r-100-mil-para-aquisicao-de-veiculo-que-fortalecera-acoes-culturais-no-municipio\/\" \/>\n<meta property=\"og:site_name\" content=\"R\u00e1dio Life FM\" \/>\n<meta property=\"article:publisher\" content=\"https:\/\/www.facebook.com\/radiolifefm\/\" \/>\n<meta property=\"article:published_time\" content=\"2026-04-30T02:51:58+00:00\" \/>\n<meta property=\"article:modified_time\" content=\"2026-04-30T04:21:24+00:00\" \/>\n<meta property=\"og:image\" content=\"https:\/\/radiolifefm.com.br\/noticias\/wp-content\/uploads\/2026\/04\/WhatsApp-Image-2026-04-29-at-15.12.31.jpeg\" \/>\n\t<meta property=\"og:image:width\" content=\"770\" \/>\n\t<meta property=\"og:image:height\" content=\"938\" \/>\n\t<meta property=\"og:image:type\" content=\"image\/jpeg\" \/>\n<meta name=\"author\" content=\"ritanery\" \/>\n<meta name=\"twitter:card\" content=\"summary_large_image\" \/>\n<meta name=\"twitter:label1\" content=\"Escrito por\" \/>\n\t<meta name=\"twitter:data1\" content=\"ritanery\" \/>\n\t<meta name=\"twitter:label2\" content=\"Est. tempo de leitura\" \/>\n\t<meta name=\"twitter:data2\" content=\"2 minutos\" \/>\n<script type=\"application\/ld+json\" class=\"yoast-schema-graph\">{\"@context\":\"https:\/\/schema.org\",\"@graph\":[{\"@type\":\"Article\",\"@id\":\"https:\/\/radiolifefm.com.br\/noticias\/prefeitura-de-adamantina-garante-r-100-mil-para-aquisicao-de-veiculo-que-fortalecera-acoes-culturais-no-municipio\/#article\",\"isPartOf\":{\"@id\":\"https:\/\/radiolifefm.com.br\/noticias\/prefeitura-de-adamantina-garante-r-100-mil-para-aquisicao-de-veiculo-que-fortalecera-acoes-culturais-no-municipio\/\"},\"author\":{\"name\":\"ritanery\",\"@id\":\"https:\/\/radiolifefm.com.br\/noticias\/#\/schema\/person\/6339b9fac59d12b071dec680d7375d87\"},\"headline\":\"Prefeitura de Adamantina garante R$ 100 mil para aquisi\u00e7\u00e3o de ve\u00edculo que fortalecer\u00e1 a\u00e7\u00f5es culturais no munic\u00edpio\",\"datePublished\":\"2026-04-30T02:51:58+00:00\",\"dateModified\":\"2026-04-30T04:21:24+00:00\",\"mainEntityOfPage\":{\"@id\":\"https:\/\/radiolifefm.com.br\/noticias\/prefeitura-de-adamantina-garante-r-100-mil-para-aquisicao-de-veiculo-que-fortalecera-acoes-culturais-no-municipio\/\"},\"wordCount\":405,\"publisher\":{\"@id\":\"https:\/\/radiolifefm.com.br\/noticias\/#organization\"},\"image\":{\"@id\":\"https:\/\/radiolifefm.com.br\/noticias\/prefeitura-de-adamantina-garante-r-100-mil-para-aquisicao-de-veiculo-que-fortalecera-acoes-culturais-no-municipio\/#primaryimage\"},\"thumbnailUrl\":\"https:\/\/radiolifefm.com.br\/noticias\/wp-content\/uploads\/2026\/04\/WhatsApp-Image-2026-04-29-at-15.12.31.jpeg\",\"articleSection\":[\"Adamantina\"],\"inLanguage\":\"pt-BR\"},{\"@type\":\"WebPage\",\"@id\":\"https:\/\/radiolifefm.com.br\/noticias\/prefeitura-de-adamantina-garante-r-100-mil-para-aquisicao-de-veiculo-que-fortalecera-acoes-culturais-no-municipio\/\",\"url\":\"https:\/\/radiolifefm.com.br\/noticias\/prefeitura-de-adamantina-garante-r-100-mil-para-aquisicao-de-veiculo-que-fortalecera-acoes-culturais-no-municipio\/\",\"name\":\"Prefeitura de Adamantina garante R$ 100 mil para aquisi\u00e7\u00e3o de ve\u00edculo que fortalecer\u00e1 a\u00e7\u00f5es culturais no munic\u00edpio - R\u00e1dio Life FM\",\"isPartOf\":{\"@id\":\"https:\/\/radiolifefm.com.br\/noticias\/#website\"},\"primaryImageOfPage\":{\"@id\":\"https:\/\/radiolifefm.com.br\/noticias\/prefeitura-de-adamantina-garante-r-100-mil-para-aquisicao-de-veiculo-que-fortalecera-acoes-culturais-no-municipio\/#primaryimage\"},\"image\":{\"@id\":\"https:\/\/radiolifefm.com.br\/noticias\/prefeitura-de-adamantina-garante-r-100-mil-para-aquisicao-de-veiculo-que-fortalecera-acoes-culturais-no-municipio\/#primaryimage\"},\"thumbnailUrl\":\"https:\/\/radiolifefm.com.br\/noticias\/wp-content\/uploads\/2026\/04\/WhatsApp-Image-2026-04-29-at-15.12.31.jpeg\",\"datePublished\":\"2026-04-30T02:51:58+00:00\",\"dateModified\":\"2026-04-30T04:21:24+00:00\",\"breadcrumb\":{\"@id\":\"https:\/\/radiolifefm.com.br\/noticias\/prefeitura-de-adamantina-garante-r-100-mil-para-aquisicao-de-veiculo-que-fortalecera-acoes-culturais-no-municipio\/#breadcrumb\"},\"inLanguage\":\"pt-BR\",\"potentialAction\":[{\"@type\":\"ReadAction\",\"target\":[\"https:\/\/radiolifefm.com.br\/noticias\/prefeitura-de-adamantina-garante-r-100-mil-para-aquisicao-de-veiculo-que-fortalecera-acoes-culturais-no-municipio\/\"]}]},{\"@type\":\"ImageObject\",\"inLanguage\":\"pt-BR\",\"@id\":\"https:\/\/radiolifefm.com.br\/noticias\/prefeitura-de-adamantina-garante-r-100-mil-para-aquisicao-de-veiculo-que-fortalecera-acoes-culturais-no-municipio\/#primaryimage\",\"url\":\"https:\/\/radiolifefm.com.br\/noticias\/wp-content\/uploads\/2026\/04\/WhatsApp-Image-2026-04-29-at-15.12.31.jpeg\",\"contentUrl\":\"https:\/\/radiolifefm.com.br\/noticias\/wp-content\/uploads\/2026\/04\/WhatsApp-Image-2026-04-29-at-15.12.31.jpeg\",\"width\":770,\"height\":938},{\"@type\":\"BreadcrumbList\",\"@id\":\"https:\/\/radiolifefm.com.br\/noticias\/prefeitura-de-adamantina-garante-r-100-mil-para-aquisicao-de-veiculo-que-fortalecera-acoes-culturais-no-municipio\/#breadcrumb\",\"itemListElement\":[{\"@type\":\"ListItem\",\"position\":1,\"name\":\"In\u00edcio\",\"item\":\"https:\/\/radiolifefm.com.br\/noticias\/\"},{\"@type\":\"ListItem\",\"position\":2,\"name\":\"Prefeitura de Adamantina garante R$ 100 mil para aquisi\u00e7\u00e3o de ve\u00edculo que fortalecer\u00e1 a\u00e7\u00f5es culturais no munic\u00edpio\"}]},{\"@type\":\"WebSite\",\"@id\":\"https:\/\/radiolifefm.com.br\/noticias\/#website\",\"url\":\"https:\/\/radiolifefm.com.br\/noticias\/\",\"name\":\"R\u00e1dio Life FM\",\"description\":\"O Portal de Not\u00edcias de Adamantina\",\"publisher\":{\"@id\":\"https:\/\/radiolifefm.com.br\/noticias\/#organization\"},\"alternateName\":\"Life FM\",\"potentialAction\":[{\"@type\":\"SearchAction\",\"target\":{\"@type\":\"EntryPoint\",\"urlTemplate\":\"https:\/\/radiolifefm.com.br\/noticias\/?s={search_term_string}\"},\"query-input\":{\"@type\":\"PropertyValueSpecification\",\"valueRequired\":true,\"valueName\":\"search_term_string\"}}],\"inLanguage\":\"pt-BR\"},{\"@type\":\"Organization\",\"@id\":\"https:\/\/radiolifefm.com.br\/noticias\/#organization\",\"name\":\"R\u00e1dio Life FM\",\"alternateName\":\"Life FM\",\"url\":\"https:\/\/radiolifefm.com.br\/noticias\/\",\"logo\":{\"@type\":\"ImageObject\",\"inLanguage\":\"pt-BR\",\"@id\":\"https:\/\/radiolifefm.com.br\/noticias\/#\/schema\/logo\/image\/\",\"url\":\"https:\/\/static.radiolifefm.com.br\/noticias\/wp-content\/uploads\/2019\/10\/logo-lifefm.png\",\"contentUrl\":\"https:\/\/static.radiolifefm.com.br\/noticias\/wp-content\/uploads\/2019\/10\/logo-lifefm.png\",\"width\":196,\"height\":47,\"caption\":\"R\u00e1dio Life FM\"},\"image\":{\"@id\":\"https:\/\/radiolifefm.com.br\/noticias\/#\/schema\/logo\/image\/\"},\"sameAs\":[\"https:\/\/www.facebook.com\/radiolifefm\/\",\"https:\/\/www.instagram.com\/life1079fm\/\"]},{\"@type\":\"Person\",\"@id\":\"https:\/\/radiolifefm.com.br\/noticias\/#\/schema\/person\/6339b9fac59d12b071dec680d7375d87\",\"name\":\"ritanery\",\"image\":{\"@type\":\"ImageObject\",\"inLanguage\":\"pt-BR\",\"@id\":\"https:\/\/secure.gravatar.com\/avatar\/0e37bb19071f47c0b8a23f62a903df117c5a0e75f65a0c2901562f97cd41cf86?s=96&d=mm&r=g\",\"url\":\"https:\/\/secure.gravatar.com\/avatar\/0e37bb19071f47c0b8a23f62a903df117c5a0e75f65a0c2901562f97cd41cf86?s=96&d=mm&r=g\",\"contentUrl\":\"https:\/\/secure.gravatar.com\/avatar\/0e37bb19071f47c0b8a23f62a903df117c5a0e75f65a0c2901562f97cd41cf86?s=96&d=mm&r=g\",\"caption\":\"ritanery\"}}]}<\/script>\n<!-- \/ Yoast SEO plugin. -->","yoast_head_json":{"title":"Prefeitura de Adamantina garante R$ 100 mil para aquisi\u00e7\u00e3o de ve\u00edculo que fortalecer\u00e1 a\u00e7\u00f5es culturais no munic\u00edpio - R\u00e1dio Life FM","robots":{"index":"index","follow":"follow","max-snippet":"max-snippet:-1","max-image-preview":"max-image-preview:large","max-video-preview":"max-video-preview:-1"},"canonical":"https:\/\/radiolifefm.com.br\/noticias\/prefeitura-de-adamantina-garante-r-100-mil-para-aquisicao-de-veiculo-que-fortalecera-acoes-culturais-no-municipio\/","og_locale":"pt_BR","og_type":"article","og_title":"Prefeitura de Adamantina garante R$ 100 mil para aquisi\u00e7\u00e3o de ve\u00edculo que fortalecer\u00e1 a\u00e7\u00f5es culturais no munic\u00edpio - R\u00e1dio Life FM","og_description":"A Prefeitura de Adamantina, por meio da Secretaria Municipal de Cultura e Turismo, contar\u00e1 com um importante refor\u00e7o para o desenvolvimento de suas a\u00e7\u00f5es no munic\u00edpio. Trata-se do repasse de R$ 100.000,00, proveniente de emenda parlamentar impositiva da deputada estadual Edna Macedo, destinado \u00e0 aquisi\u00e7\u00e3o de um ve\u00edculo para a pasta. &nbsp; O investimento tem [&hellip;]","og_url":"https:\/\/radiolifefm.com.br\/noticias\/prefeitura-de-adamantina-garante-r-100-mil-para-aquisicao-de-veiculo-que-fortalecera-acoes-culturais-no-municipio\/","og_site_name":"R\u00e1dio Life FM","article_publisher":"https:\/\/www.facebook.com\/radiolifefm\/","article_published_time":"2026-04-30T02:51:58+00:00","article_modified_time":"2026-04-30T04:21:24+00:00","og_image":[{"width":770,"height":938,"url":"https:\/\/radiolifefm.com.br\/noticias\/wp-content\/uploads\/2026\/04\/WhatsApp-Image-2026-04-29-at-15.12.31.jpeg","type":"image\/jpeg"}],"author":"ritanery","twitter_card":"summary_large_image","twitter_misc":{"Escrito por":"ritanery","Est. tempo de leitura":"2 minutos"},"schema":{"@context":"https:\/\/schema.org","@graph":[{"@type":"Article","@id":"https:\/\/radiolifefm.com.br\/noticias\/prefeitura-de-adamantina-garante-r-100-mil-para-aquisicao-de-veiculo-que-fortalecera-acoes-culturais-no-municipio\/#article","isPartOf":{"@id":"https:\/\/radiolifefm.com.br\/noticias\/prefeitura-de-adamantina-garante-r-100-mil-para-aquisicao-de-veiculo-que-fortalecera-acoes-culturais-no-municipio\/"},"author":{"name":"ritanery","@id":"https:\/\/radiolifefm.com.br\/noticias\/#\/schema\/person\/6339b9fac59d12b071dec680d7375d87"},"headline":"Prefeitura de Adamantina garante R$ 100 mil para aquisi\u00e7\u00e3o de ve\u00edculo que fortalecer\u00e1 a\u00e7\u00f5es culturais no munic\u00edpio","datePublished":"2026-04-30T02:51:58+00:00","dateModified":"2026-04-30T04:21:24+00:00","mainEntityOfPage":{"@id":"https:\/\/radiolifefm.com.br\/noticias\/prefeitura-de-adamantina-garante-r-100-mil-para-aquisicao-de-veiculo-que-fortalecera-acoes-culturais-no-municipio\/"},"wordCount":405,"publisher":{"@id":"https:\/\/radiolifefm.com.br\/noticias\/#organization"},"image":{"@id":"https:\/\/radiolifefm.com.br\/noticias\/prefeitura-de-adamantina-garante-r-100-mil-para-aquisicao-de-veiculo-que-fortalecera-acoes-culturais-no-municipio\/#primaryimage"},"thumbnailUrl":"https:\/\/radiolifefm.com.br\/noticias\/wp-content\/uploads\/2026\/04\/WhatsApp-Image-2026-04-29-at-15.12.31.jpeg","articleSection":["Adamantina"],"inLanguage":"pt-BR"},{"@type":"WebPage","@id":"https:\/\/radiolifefm.com.br\/noticias\/prefeitura-de-adamantina-garante-r-100-mil-para-aquisicao-de-veiculo-que-fortalecera-acoes-culturais-no-municipio\/","url":"https:\/\/radiolifefm.com.br\/noticias\/prefeitura-de-adamantina-garante-r-100-mil-para-aquisicao-de-veiculo-que-fortalecera-acoes-culturais-no-municipio\/","name":"Prefeitura de Adamantina garante R$ 100 mil para aquisi\u00e7\u00e3o de ve\u00edculo que fortalecer\u00e1 a\u00e7\u00f5es culturais no munic\u00edpio - R\u00e1dio Life FM","isPartOf":{"@id":"https:\/\/radiolifefm.com.br\/noticias\/#website"},"primaryImageOfPage":{"@id":"https:\/\/radiolifefm.com.br\/noticias\/prefeitura-de-adamantina-garante-r-100-mil-para-aquisicao-de-veiculo-que-fortalecera-acoes-culturais-no-municipio\/#primaryimage"},"image":{"@id":"https:\/\/radiolifefm.com.br\/noticias\/prefeitura-de-adamantina-garante-r-100-mil-para-aquisicao-de-veiculo-que-fortalecera-acoes-culturais-no-municipio\/#primaryimage"},"thumbnailUrl":"https:\/\/radiolifefm.com.br\/noticias\/wp-content\/uploads\/2026\/04\/WhatsApp-Image-2026-04-29-at-15.12.31.jpeg","datePublished":"2026-04-30T02:51:58+00:00","dateModified":"2026-04-30T04:21:24+00:00","breadcrumb":{"@id":"https:\/\/radiolifefm.com.br\/noticias\/prefeitura-de-adamantina-garante-r-100-mil-para-aquisicao-de-veiculo-que-fortalecera-acoes-culturais-no-municipio\/#breadcrumb"},"inLanguage":"pt-BR","potentialAction":[{"@type":"ReadAction","target":["https:\/\/radiolifefm.com.br\/noticias\/prefeitura-de-adamantina-garante-r-100-mil-para-aquisicao-de-veiculo-que-fortalecera-acoes-culturais-no-municipio\/"]}]},{"@type":"ImageObject","inLanguage":"pt-BR","@id":"https:\/\/radiolifefm.com.br\/noticias\/prefeitura-de-adamantina-garante-r-100-mil-para-aquisicao-de-veiculo-que-fortalecera-acoes-culturais-no-municipio\/#primaryimage","url":"https:\/\/radiolifefm.com.br\/noticias\/wp-content\/uploads\/2026\/04\/WhatsApp-Image-2026-04-29-at-15.12.31.jpeg","contentUrl":"https:\/\/radiolifefm.com.br\/noticias\/wp-content\/uploads\/2026\/04\/WhatsApp-Image-2026-04-29-at-15.12.31.jpeg","width":770,"height":938},{"@type":"BreadcrumbList","@id":"https:\/\/radiolifefm.com.br\/noticias\/prefeitura-de-adamantina-garante-r-100-mil-para-aquisicao-de-veiculo-que-fortalecera-acoes-culturais-no-municipio\/#breadcrumb","itemListElement":[{"@type":"ListItem","position":1,"name":"In\u00edcio","item":"https:\/\/radiolifefm.com.br\/noticias\/"},{"@type":"ListItem","position":2,"name":"Prefeitura de Adamantina garante R$ 100 mil para aquisi\u00e7\u00e3o de ve\u00edculo que fortalecer\u00e1 a\u00e7\u00f5es culturais no munic\u00edpio"}]},{"@type":"WebSite","@id":"https:\/\/radiolifefm.com.br\/noticias\/#website","url":"https:\/\/radiolifefm.com.br\/noticias\/","name":"R\u00e1dio Life FM","description":"O Portal de Not\u00edcias de Adamantina","publisher":{"@id":"https:\/\/radiolifefm.com.br\/noticias\/#organization"},"alternateName":"Life FM","potentialAction":[{"@type":"SearchAction","target":{"@type":"EntryPoint","urlTemplate":"https:\/\/radiolifefm.com.br\/noticias\/?s={search_term_string}"},"query-input":{"@type":"PropertyValueSpecification","valueRequired":true,"valueName":"search_term_string"}}],"inLanguage":"pt-BR"},{"@type":"Organization","@id":"https:\/\/radiolifefm.com.br\/noticias\/#organization","name":"R\u00e1dio Life FM","alternateName":"Life FM","url":"https:\/\/radiolifefm.com.br\/noticias\/","logo":{"@type":"ImageObject","inLanguage":"pt-BR","@id":"https:\/\/radiolifefm.com.br\/noticias\/#\/schema\/logo\/image\/","url":"https:\/\/static.radiolifefm.com.br\/noticias\/wp-content\/uploads\/2019\/10\/logo-lifefm.png","contentUrl":"https:\/\/static.radiolifefm.com.br\/noticias\/wp-content\/uploads\/2019\/10\/logo-lifefm.png","width":196,"height":47,"caption":"R\u00e1dio Life FM"},"image":{"@id":"https:\/\/radiolifefm.com.br\/noticias\/#\/schema\/logo\/image\/"},"sameAs":["https:\/\/www.facebook.com\/radiolifefm\/","https:\/\/www.instagram.com\/life1079fm\/"]},{"@type":"Person","@id":"https:\/\/radiolifefm.com.br\/noticias\/#\/schema\/person\/6339b9fac59d12b071dec680d7375d87","name":"ritanery","image":{"@type":"ImageObject","inLanguage":"pt-BR","@id":"https:\/\/secure.gravatar.com\/avatar\/0e37bb19071f47c0b8a23f62a903df117c5a0e75f65a0c2901562f97cd41cf86?s=96&d=mm&r=g","url":"https:\/\/secure.gravatar.com\/avatar\/0e37bb19071f47c0b8a23f62a903df117c5a0e75f65a0c2901562f97cd41cf86?s=96&d=mm&r=g","contentUrl":"https:\/\/secure.gravatar.com\/avatar\/0e37bb19071f47c0b8a23f62a903df117c5a0e75f65a0c2901562f97cd41cf86?s=96&d=mm&r=g","caption":"ritanery"}}]}},"amp_enabled":true,"_links":{"self":[{"href":"https:\/\/radiolifefm.com.br\/noticias\/wp-json\/wp\/v2\/posts\/119580","targetHints":{"allow":["GET"]}}],"collection":[{"href":"https:\/\/radiolifefm.com.br\/noticias\/wp-json\/wp\/v2\/posts"}],"about":[{"href":"https:\/\/radiolifefm.com.br\/noticias\/wp-json\/wp\/v2\/types\/post"}],"author":[{"embeddable":true,"href":"https:\/\/radiolifefm.com.br\/noticias\/wp-json\/wp\/v2\/users\/13"}],"replies":[{"embeddable":true,"href":"https:\/\/radiolifefm.com.br\/noticias\/wp-json\/wp\/v2\/comments?post=119580"}],"version-history":[{"count":1,"href":"https:\/\/radiolifefm.com.br\/noticias\/wp-json\/wp\/v2\/posts\/119580\/revisions"}],"predecessor-version":[{"id":119582,"href":"https:\/\/radiolifefm.com.br\/noticias\/wp-json\/wp\/v2\/posts\/119580\/revisions\/119582"}],"wp:featuredmedia":[{"embeddable":true,"href":"https:\/\/radiolifefm.com.br\/noticias\/wp-json\/wp\/v2\/media\/119581"}],"wp:attachment":[{"href":"https:\/\/radiolifefm.com.br\/noticias\/wp-json\/wp\/v2\/media?parent=119580"}],"wp:term":[{"taxonomy":"category","embeddable":true,"href":"https:\/\/radiolifefm.com.br\/noticias\/wp-json\/wp\/v2\/categories?post=119580"},{"taxonomy":"post_tag","embeddable":true,"href":"https:\/\/radiolifefm.com.br\/noticias\/wp-json\/wp\/v2\/tags?post=119580"}],"curies":[{"name":"wp","href":"https:\/\/api.w.org\/{rel}","templated":true}]}}