{"id":119577,"date":"2026-04-29T23:44:15","date_gmt":"2026-04-30T02:44:15","guid":{"rendered":"https:\/\/radiolifefm.com.br\/noticias\/?p=119577"},"modified":"2026-04-30T00:09:18","modified_gmt":"2026-04-30T03:09:18","slug":"prefeitura-de-adamantina-promove-encontro-com-contadores-dando-continuidade-a-campanha-imposto-de-renda-do-bem","status":"publish","type":"post","link":"https:\/\/radiolifefm.com.br\/noticias\/prefeitura-de-adamantina-promove-encontro-com-contadores-dando-continuidade-a-campanha-imposto-de-renda-do-bem\/","title":{"rendered":"Prefeitura de Adamantina promove encontro com contadores dando continuidade a campanha \u201cImposto de Renda do Bem\u201d"},"content":{"rendered":"<div id=\"fb-root\"><\/div>\n<p>A Prefeitura de Adamantina realiza nesta quinta-feira, 30 de abril, \u00e0s 8h, no Lar dos Velhos, um encontro especial com contadores dos escrit\u00f3rios de contabilidade do munic\u00edpio, empres\u00e1rios e autoridades locais. A iniciativa promove a continuidade da campanha \u201cImposto de Renda do Bem\u201d.<\/p>\n<p>&nbsp;<\/p>\n<p>Organizado pela Secretaria Municipal de Assist\u00eancia Social, em parceria com o Conselho Municipal dos Direitos da Crian\u00e7a e do Adolescente (CMDCA) e o Conselho Municipal da Pessoa Idosa, o evento tem como objetivo apresentar a import\u00e2ncia da campanha, al\u00e9m de prestar contas das a\u00e7\u00f5es j\u00e1 desenvolvidas com recursos destinados aos fundos municipais.<\/p>\n<p>&nbsp;<\/p>\n<p>O encontro, que em 2025 foi realizado na APAE, busca fortalecer a sensibiliza\u00e7\u00e3o dos profissionais da contabilidade, destacando o papel estrat\u00e9gico desses agentes na orienta\u00e7\u00e3o de contribuintes sobre a destina\u00e7\u00e3o de parte do Imposto de Renda.<\/p>\n<p>&nbsp;<\/p>\n<p>Durante a campanha s\u00e3o v\u00e1rias atividade contribuindo para dar seguimento a divulga\u00e7\u00e3o de informa\u00e7\u00f5es \u00e0 popula\u00e7\u00e3o por meio dos ve\u00edculos de comunica\u00e7\u00e3o, abordando temas como o prazo de envio da Declara\u00e7\u00e3o do IRPF 2026, quem deve declarar, quem pode destinar parte do imposto, como realizar a destina\u00e7\u00e3o e quais entidades s\u00e3o beneficiadas pelos recursos.<\/p>\n<p>&nbsp;<\/p>\n<p>Pessoas f\u00edsicas podem destinar at\u00e9 6% do Imposto de Renda devido, desde que optem pelo modelo completo da declara\u00e7\u00e3o.<\/p>\n<p>&nbsp;<\/p>\n<p>As destina\u00e7\u00f5es podem ser realizadas por meio de dep\u00f3sito identificado com nome e CPF ou CNPJ do doador, conforme as orienta\u00e7\u00f5es da campanha.<\/p>\n<p>&nbsp;<\/p>\n<p>Mais informa\u00e7\u00f5es podem ser obtidas junto \u00e0 Secretaria Municipal de Assist\u00eancia Social, localizada na Alameda Armando Salles de Oliveira, n\u00ba 367, ou pelos telefones (18) 3521-2011 e (18) 3521-1900.<\/p>\n<p>&nbsp;<\/p>\n<p>A campanha \u201cImposto de Renda do Bem\u201d refor\u00e7a a import\u00e2ncia da participa\u00e7\u00e3o da sociedade na destina\u00e7\u00e3o de recursos que permanecem no munic\u00edpio e contribuem diretamente para o desenvolvimento de a\u00e7\u00f5es sociais voltadas \u00e0 popula\u00e7\u00e3o.<\/p>\n<p>&#8212;<\/p>\n<p>PREFEITURA DO MUNIC\u00cdPIO DE ADAMANTINA<\/p>\n<p>Diretor de Comunica\u00e7\u00e3o<\/p>\n<p>Caio Vasques<\/p>\n<p>Jornalista<\/p>\n<p>Natacha Dominato<\/p>\n","protected":false},"excerpt":{"rendered":"<p>A Prefeitura de Adamantina realiza nesta quinta-feira, 30 de abril, \u00e0s 8h, no Lar dos Velhos, um encontro especial com contadores dos escrit\u00f3rios de contabilidade do munic\u00edpio, empres\u00e1rios e autoridades locais. A iniciativa promove a continuidade da campanha \u201cImposto de Renda do Bem\u201d. &nbsp; Organizado pela Secretaria Municipal de Assist\u00eancia Social, em parceria com o [&hellip;]<\/p>\n","protected":false},"author":13,"featured_media":119578,"comment_status":"closed","ping_status":"open","sticky":false,"template":"","format":"standard","meta":{"_acf_changed":false,"_exactmetrics_skip_tracking":false,"_exactmetrics_sitenote_active":false,"_exactmetrics_sitenote_note":"","_exactmetrics_sitenote_category":0,"footnotes":""},"categories":[21],"tags":[],"class_list":["post-119577","post","type-post","status-publish","format-standard","has-post-thumbnail","hentry","category-adamantina"],"acf":[],"yoast_head":"<!-- This site is optimized with the Yoast SEO plugin v27.2 - https:\/\/yoast.com\/product\/yoast-seo-wordpress\/ -->\n<title>Prefeitura de Adamantina promove encontro com contadores dando continuidade a campanha \u201cImposto de Renda do Bem\u201d - R\u00e1dio Life FM<\/title>\n<meta name=\"robots\" content=\"index, follow, max-snippet:-1, max-image-preview:large, max-video-preview:-1\" \/>\n<link rel=\"canonical\" href=\"https:\/\/radiolifefm.com.br\/noticias\/prefeitura-de-adamantina-promove-encontro-com-contadores-dando-continuidade-a-campanha-imposto-de-renda-do-bem\/\" \/>\n<meta property=\"og:locale\" content=\"pt_BR\" \/>\n<meta property=\"og:type\" content=\"article\" \/>\n<meta property=\"og:title\" content=\"Prefeitura de Adamantina promove encontro com contadores dando continuidade a campanha \u201cImposto de Renda do Bem\u201d - R\u00e1dio Life FM\" \/>\n<meta property=\"og:description\" content=\"A Prefeitura de Adamantina realiza nesta quinta-feira, 30 de abril, \u00e0s 8h, no Lar dos Velhos, um encontro especial com contadores dos escrit\u00f3rios de contabilidade do munic\u00edpio, empres\u00e1rios e autoridades locais. A iniciativa promove a continuidade da campanha \u201cImposto de Renda do Bem\u201d. &nbsp; Organizado pela Secretaria Municipal de Assist\u00eancia Social, em parceria com o [&hellip;]\" \/>\n<meta property=\"og:url\" content=\"https:\/\/radiolifefm.com.br\/noticias\/prefeitura-de-adamantina-promove-encontro-com-contadores-dando-continuidade-a-campanha-imposto-de-renda-do-bem\/\" \/>\n<meta property=\"og:site_name\" content=\"R\u00e1dio Life FM\" \/>\n<meta property=\"article:publisher\" content=\"https:\/\/www.facebook.com\/radiolifefm\/\" \/>\n<meta property=\"article:published_time\" content=\"2026-04-30T02:44:15+00:00\" \/>\n<meta property=\"article:modified_time\" content=\"2026-04-30T03:09:18+00:00\" \/>\n<meta property=\"og:image\" content=\"https:\/\/radiolifefm.com.br\/noticias\/wp-content\/uploads\/2026\/04\/campanha-ir-do-bem.jpg\" \/>\n\t<meta property=\"og:image:width\" content=\"1031\" \/>\n\t<meta property=\"og:image:height\" content=\"1541\" \/>\n\t<meta property=\"og:image:type\" content=\"image\/jpeg\" \/>\n<meta name=\"author\" content=\"ritanery\" \/>\n<meta name=\"twitter:card\" content=\"summary_large_image\" \/>\n<meta name=\"twitter:label1\" content=\"Escrito por\" \/>\n\t<meta name=\"twitter:data1\" content=\"ritanery\" \/>\n\t<meta name=\"twitter:label2\" content=\"Est. tempo de leitura\" \/>\n\t<meta name=\"twitter:data2\" content=\"2 minutos\" \/>\n<script type=\"application\/ld+json\" class=\"yoast-schema-graph\">{\"@context\":\"https:\/\/schema.org\",\"@graph\":[{\"@type\":\"Article\",\"@id\":\"https:\/\/radiolifefm.com.br\/noticias\/prefeitura-de-adamantina-promove-encontro-com-contadores-dando-continuidade-a-campanha-imposto-de-renda-do-bem\/#article\",\"isPartOf\":{\"@id\":\"https:\/\/radiolifefm.com.br\/noticias\/prefeitura-de-adamantina-promove-encontro-com-contadores-dando-continuidade-a-campanha-imposto-de-renda-do-bem\/\"},\"author\":{\"name\":\"ritanery\",\"@id\":\"https:\/\/radiolifefm.com.br\/noticias\/#\/schema\/person\/6339b9fac59d12b071dec680d7375d87\"},\"headline\":\"Prefeitura de Adamantina promove encontro com contadores dando continuidade a campanha \u201cImposto de Renda do Bem\u201d\",\"datePublished\":\"2026-04-30T02:44:15+00:00\",\"dateModified\":\"2026-04-30T03:09:18+00:00\",\"mainEntityOfPage\":{\"@id\":\"https:\/\/radiolifefm.com.br\/noticias\/prefeitura-de-adamantina-promove-encontro-com-contadores-dando-continuidade-a-campanha-imposto-de-renda-do-bem\/\"},\"wordCount\":355,\"publisher\":{\"@id\":\"https:\/\/radiolifefm.com.br\/noticias\/#organization\"},\"image\":{\"@id\":\"https:\/\/radiolifefm.com.br\/noticias\/prefeitura-de-adamantina-promove-encontro-com-contadores-dando-continuidade-a-campanha-imposto-de-renda-do-bem\/#primaryimage\"},\"thumbnailUrl\":\"https:\/\/radiolifefm.com.br\/noticias\/wp-content\/uploads\/2026\/04\/campanha-ir-do-bem.jpg\",\"articleSection\":[\"Adamantina\"],\"inLanguage\":\"pt-BR\"},{\"@type\":\"WebPage\",\"@id\":\"https:\/\/radiolifefm.com.br\/noticias\/prefeitura-de-adamantina-promove-encontro-com-contadores-dando-continuidade-a-campanha-imposto-de-renda-do-bem\/\",\"url\":\"https:\/\/radiolifefm.com.br\/noticias\/prefeitura-de-adamantina-promove-encontro-com-contadores-dando-continuidade-a-campanha-imposto-de-renda-do-bem\/\",\"name\":\"Prefeitura de Adamantina promove encontro com contadores dando continuidade a campanha \u201cImposto de Renda do Bem\u201d - R\u00e1dio Life FM\",\"isPartOf\":{\"@id\":\"https:\/\/radiolifefm.com.br\/noticias\/#website\"},\"primaryImageOfPage\":{\"@id\":\"https:\/\/radiolifefm.com.br\/noticias\/prefeitura-de-adamantina-promove-encontro-com-contadores-dando-continuidade-a-campanha-imposto-de-renda-do-bem\/#primaryimage\"},\"image\":{\"@id\":\"https:\/\/radiolifefm.com.br\/noticias\/prefeitura-de-adamantina-promove-encontro-com-contadores-dando-continuidade-a-campanha-imposto-de-renda-do-bem\/#primaryimage\"},\"thumbnailUrl\":\"https:\/\/radiolifefm.com.br\/noticias\/wp-content\/uploads\/2026\/04\/campanha-ir-do-bem.jpg\",\"datePublished\":\"2026-04-30T02:44:15+00:00\",\"dateModified\":\"2026-04-30T03:09:18+00:00\",\"breadcrumb\":{\"@id\":\"https:\/\/radiolifefm.com.br\/noticias\/prefeitura-de-adamantina-promove-encontro-com-contadores-dando-continuidade-a-campanha-imposto-de-renda-do-bem\/#breadcrumb\"},\"inLanguage\":\"pt-BR\",\"potentialAction\":[{\"@type\":\"ReadAction\",\"target\":[\"https:\/\/radiolifefm.com.br\/noticias\/prefeitura-de-adamantina-promove-encontro-com-contadores-dando-continuidade-a-campanha-imposto-de-renda-do-bem\/\"]}]},{\"@type\":\"ImageObject\",\"inLanguage\":\"pt-BR\",\"@id\":\"https:\/\/radiolifefm.com.br\/noticias\/prefeitura-de-adamantina-promove-encontro-com-contadores-dando-continuidade-a-campanha-imposto-de-renda-do-bem\/#primaryimage\",\"url\":\"https:\/\/radiolifefm.com.br\/noticias\/wp-content\/uploads\/2026\/04\/campanha-ir-do-bem.jpg\",\"contentUrl\":\"https:\/\/radiolifefm.com.br\/noticias\/wp-content\/uploads\/2026\/04\/campanha-ir-do-bem.jpg\",\"width\":1031,\"height\":1541},{\"@type\":\"BreadcrumbList\",\"@id\":\"https:\/\/radiolifefm.com.br\/noticias\/prefeitura-de-adamantina-promove-encontro-com-contadores-dando-continuidade-a-campanha-imposto-de-renda-do-bem\/#breadcrumb\",\"itemListElement\":[{\"@type\":\"ListItem\",\"position\":1,\"name\":\"In\u00edcio\",\"item\":\"https:\/\/radiolifefm.com.br\/noticias\/\"},{\"@type\":\"ListItem\",\"position\":2,\"name\":\"Prefeitura de Adamantina promove encontro com contadores dando continuidade a campanha \u201cImposto de Renda do Bem\u201d\"}]},{\"@type\":\"WebSite\",\"@id\":\"https:\/\/radiolifefm.com.br\/noticias\/#website\",\"url\":\"https:\/\/radiolifefm.com.br\/noticias\/\",\"name\":\"R\u00e1dio Life FM\",\"description\":\"O Portal de Not\u00edcias de Adamantina\",\"publisher\":{\"@id\":\"https:\/\/radiolifefm.com.br\/noticias\/#organization\"},\"alternateName\":\"Life FM\",\"potentialAction\":[{\"@type\":\"SearchAction\",\"target\":{\"@type\":\"EntryPoint\",\"urlTemplate\":\"https:\/\/radiolifefm.com.br\/noticias\/?s={search_term_string}\"},\"query-input\":{\"@type\":\"PropertyValueSpecification\",\"valueRequired\":true,\"valueName\":\"search_term_string\"}}],\"inLanguage\":\"pt-BR\"},{\"@type\":\"Organization\",\"@id\":\"https:\/\/radiolifefm.com.br\/noticias\/#organization\",\"name\":\"R\u00e1dio Life FM\",\"alternateName\":\"Life FM\",\"url\":\"https:\/\/radiolifefm.com.br\/noticias\/\",\"logo\":{\"@type\":\"ImageObject\",\"inLanguage\":\"pt-BR\",\"@id\":\"https:\/\/radiolifefm.com.br\/noticias\/#\/schema\/logo\/image\/\",\"url\":\"https:\/\/static.radiolifefm.com.br\/noticias\/wp-content\/uploads\/2019\/10\/logo-lifefm.png\",\"contentUrl\":\"https:\/\/static.radiolifefm.com.br\/noticias\/wp-content\/uploads\/2019\/10\/logo-lifefm.png\",\"width\":196,\"height\":47,\"caption\":\"R\u00e1dio Life FM\"},\"image\":{\"@id\":\"https:\/\/radiolifefm.com.br\/noticias\/#\/schema\/logo\/image\/\"},\"sameAs\":[\"https:\/\/www.facebook.com\/radiolifefm\/\",\"https:\/\/www.instagram.com\/life1079fm\/\"]},{\"@type\":\"Person\",\"@id\":\"https:\/\/radiolifefm.com.br\/noticias\/#\/schema\/person\/6339b9fac59d12b071dec680d7375d87\",\"name\":\"ritanery\",\"image\":{\"@type\":\"ImageObject\",\"inLanguage\":\"pt-BR\",\"@id\":\"https:\/\/secure.gravatar.com\/avatar\/0e37bb19071f47c0b8a23f62a903df117c5a0e75f65a0c2901562f97cd41cf86?s=96&d=mm&r=g\",\"url\":\"https:\/\/secure.gravatar.com\/avatar\/0e37bb19071f47c0b8a23f62a903df117c5a0e75f65a0c2901562f97cd41cf86?s=96&d=mm&r=g\",\"contentUrl\":\"https:\/\/secure.gravatar.com\/avatar\/0e37bb19071f47c0b8a23f62a903df117c5a0e75f65a0c2901562f97cd41cf86?s=96&d=mm&r=g\",\"caption\":\"ritanery\"}}]}<\/script>\n<!-- \/ Yoast SEO plugin. -->","yoast_head_json":{"title":"Prefeitura de Adamantina promove encontro com contadores dando continuidade a campanha \u201cImposto de Renda do Bem\u201d - R\u00e1dio Life FM","robots":{"index":"index","follow":"follow","max-snippet":"max-snippet:-1","max-image-preview":"max-image-preview:large","max-video-preview":"max-video-preview:-1"},"canonical":"https:\/\/radiolifefm.com.br\/noticias\/prefeitura-de-adamantina-promove-encontro-com-contadores-dando-continuidade-a-campanha-imposto-de-renda-do-bem\/","og_locale":"pt_BR","og_type":"article","og_title":"Prefeitura de Adamantina promove encontro com contadores dando continuidade a campanha \u201cImposto de Renda do Bem\u201d - R\u00e1dio Life FM","og_description":"A Prefeitura de Adamantina realiza nesta quinta-feira, 30 de abril, \u00e0s 8h, no Lar dos Velhos, um encontro especial com contadores dos escrit\u00f3rios de contabilidade do munic\u00edpio, empres\u00e1rios e autoridades locais. A iniciativa promove a continuidade da campanha \u201cImposto de Renda do Bem\u201d. &nbsp; Organizado pela Secretaria Municipal de Assist\u00eancia Social, em parceria com o [&hellip;]","og_url":"https:\/\/radiolifefm.com.br\/noticias\/prefeitura-de-adamantina-promove-encontro-com-contadores-dando-continuidade-a-campanha-imposto-de-renda-do-bem\/","og_site_name":"R\u00e1dio Life FM","article_publisher":"https:\/\/www.facebook.com\/radiolifefm\/","article_published_time":"2026-04-30T02:44:15+00:00","article_modified_time":"2026-04-30T03:09:18+00:00","og_image":[{"width":1031,"height":1541,"url":"https:\/\/radiolifefm.com.br\/noticias\/wp-content\/uploads\/2026\/04\/campanha-ir-do-bem.jpg","type":"image\/jpeg"}],"author":"ritanery","twitter_card":"summary_large_image","twitter_misc":{"Escrito por":"ritanery","Est. tempo de leitura":"2 minutos"},"schema":{"@context":"https:\/\/schema.org","@graph":[{"@type":"Article","@id":"https:\/\/radiolifefm.com.br\/noticias\/prefeitura-de-adamantina-promove-encontro-com-contadores-dando-continuidade-a-campanha-imposto-de-renda-do-bem\/#article","isPartOf":{"@id":"https:\/\/radiolifefm.com.br\/noticias\/prefeitura-de-adamantina-promove-encontro-com-contadores-dando-continuidade-a-campanha-imposto-de-renda-do-bem\/"},"author":{"name":"ritanery","@id":"https:\/\/radiolifefm.com.br\/noticias\/#\/schema\/person\/6339b9fac59d12b071dec680d7375d87"},"headline":"Prefeitura de Adamantina promove encontro com contadores dando continuidade a campanha \u201cImposto de Renda do Bem\u201d","datePublished":"2026-04-30T02:44:15+00:00","dateModified":"2026-04-30T03:09:18+00:00","mainEntityOfPage":{"@id":"https:\/\/radiolifefm.com.br\/noticias\/prefeitura-de-adamantina-promove-encontro-com-contadores-dando-continuidade-a-campanha-imposto-de-renda-do-bem\/"},"wordCount":355,"publisher":{"@id":"https:\/\/radiolifefm.com.br\/noticias\/#organization"},"image":{"@id":"https:\/\/radiolifefm.com.br\/noticias\/prefeitura-de-adamantina-promove-encontro-com-contadores-dando-continuidade-a-campanha-imposto-de-renda-do-bem\/#primaryimage"},"thumbnailUrl":"https:\/\/radiolifefm.com.br\/noticias\/wp-content\/uploads\/2026\/04\/campanha-ir-do-bem.jpg","articleSection":["Adamantina"],"inLanguage":"pt-BR"},{"@type":"WebPage","@id":"https:\/\/radiolifefm.com.br\/noticias\/prefeitura-de-adamantina-promove-encontro-com-contadores-dando-continuidade-a-campanha-imposto-de-renda-do-bem\/","url":"https:\/\/radiolifefm.com.br\/noticias\/prefeitura-de-adamantina-promove-encontro-com-contadores-dando-continuidade-a-campanha-imposto-de-renda-do-bem\/","name":"Prefeitura de Adamantina promove encontro com contadores dando continuidade a campanha \u201cImposto de Renda do Bem\u201d - R\u00e1dio Life FM","isPartOf":{"@id":"https:\/\/radiolifefm.com.br\/noticias\/#website"},"primaryImageOfPage":{"@id":"https:\/\/radiolifefm.com.br\/noticias\/prefeitura-de-adamantina-promove-encontro-com-contadores-dando-continuidade-a-campanha-imposto-de-renda-do-bem\/#primaryimage"},"image":{"@id":"https:\/\/radiolifefm.com.br\/noticias\/prefeitura-de-adamantina-promove-encontro-com-contadores-dando-continuidade-a-campanha-imposto-de-renda-do-bem\/#primaryimage"},"thumbnailUrl":"https:\/\/radiolifefm.com.br\/noticias\/wp-content\/uploads\/2026\/04\/campanha-ir-do-bem.jpg","datePublished":"2026-04-30T02:44:15+00:00","dateModified":"2026-04-30T03:09:18+00:00","breadcrumb":{"@id":"https:\/\/radiolifefm.com.br\/noticias\/prefeitura-de-adamantina-promove-encontro-com-contadores-dando-continuidade-a-campanha-imposto-de-renda-do-bem\/#breadcrumb"},"inLanguage":"pt-BR","potentialAction":[{"@type":"ReadAction","target":["https:\/\/radiolifefm.com.br\/noticias\/prefeitura-de-adamantina-promove-encontro-com-contadores-dando-continuidade-a-campanha-imposto-de-renda-do-bem\/"]}]},{"@type":"ImageObject","inLanguage":"pt-BR","@id":"https:\/\/radiolifefm.com.br\/noticias\/prefeitura-de-adamantina-promove-encontro-com-contadores-dando-continuidade-a-campanha-imposto-de-renda-do-bem\/#primaryimage","url":"https:\/\/radiolifefm.com.br\/noticias\/wp-content\/uploads\/2026\/04\/campanha-ir-do-bem.jpg","contentUrl":"https:\/\/radiolifefm.com.br\/noticias\/wp-content\/uploads\/2026\/04\/campanha-ir-do-bem.jpg","width":1031,"height":1541},{"@type":"BreadcrumbList","@id":"https:\/\/radiolifefm.com.br\/noticias\/prefeitura-de-adamantina-promove-encontro-com-contadores-dando-continuidade-a-campanha-imposto-de-renda-do-bem\/#breadcrumb","itemListElement":[{"@type":"ListItem","position":1,"name":"In\u00edcio","item":"https:\/\/radiolifefm.com.br\/noticias\/"},{"@type":"ListItem","position":2,"name":"Prefeitura de Adamantina promove encontro com contadores dando continuidade a campanha \u201cImposto de Renda do Bem\u201d"}]},{"@type":"WebSite","@id":"https:\/\/radiolifefm.com.br\/noticias\/#website","url":"https:\/\/radiolifefm.com.br\/noticias\/","name":"R\u00e1dio Life FM","description":"O Portal de Not\u00edcias de Adamantina","publisher":{"@id":"https:\/\/radiolifefm.com.br\/noticias\/#organization"},"alternateName":"Life FM","potentialAction":[{"@type":"SearchAction","target":{"@type":"EntryPoint","urlTemplate":"https:\/\/radiolifefm.com.br\/noticias\/?s={search_term_string}"},"query-input":{"@type":"PropertyValueSpecification","valueRequired":true,"valueName":"search_term_string"}}],"inLanguage":"pt-BR"},{"@type":"Organization","@id":"https:\/\/radiolifefm.com.br\/noticias\/#organization","name":"R\u00e1dio Life FM","alternateName":"Life FM","url":"https:\/\/radiolifefm.com.br\/noticias\/","logo":{"@type":"ImageObject","inLanguage":"pt-BR","@id":"https:\/\/radiolifefm.com.br\/noticias\/#\/schema\/logo\/image\/","url":"https:\/\/static.radiolifefm.com.br\/noticias\/wp-content\/uploads\/2019\/10\/logo-lifefm.png","contentUrl":"https:\/\/static.radiolifefm.com.br\/noticias\/wp-content\/uploads\/2019\/10\/logo-lifefm.png","width":196,"height":47,"caption":"R\u00e1dio Life FM"},"image":{"@id":"https:\/\/radiolifefm.com.br\/noticias\/#\/schema\/logo\/image\/"},"sameAs":["https:\/\/www.facebook.com\/radiolifefm\/","https:\/\/www.instagram.com\/life1079fm\/"]},{"@type":"Person","@id":"https:\/\/radiolifefm.com.br\/noticias\/#\/schema\/person\/6339b9fac59d12b071dec680d7375d87","name":"ritanery","image":{"@type":"ImageObject","inLanguage":"pt-BR","@id":"https:\/\/secure.gravatar.com\/avatar\/0e37bb19071f47c0b8a23f62a903df117c5a0e75f65a0c2901562f97cd41cf86?s=96&d=mm&r=g","url":"https:\/\/secure.gravatar.com\/avatar\/0e37bb19071f47c0b8a23f62a903df117c5a0e75f65a0c2901562f97cd41cf86?s=96&d=mm&r=g","contentUrl":"https:\/\/secure.gravatar.com\/avatar\/0e37bb19071f47c0b8a23f62a903df117c5a0e75f65a0c2901562f97cd41cf86?s=96&d=mm&r=g","caption":"ritanery"}}]}},"amp_enabled":true,"_links":{"self":[{"href":"https:\/\/radiolifefm.com.br\/noticias\/wp-json\/wp\/v2\/posts\/119577","targetHints":{"allow":["GET"]}}],"collection":[{"href":"https:\/\/radiolifefm.com.br\/noticias\/wp-json\/wp\/v2\/posts"}],"about":[{"href":"https:\/\/radiolifefm.com.br\/noticias\/wp-json\/wp\/v2\/types\/post"}],"author":[{"embeddable":true,"href":"https:\/\/radiolifefm.com.br\/noticias\/wp-json\/wp\/v2\/users\/13"}],"replies":[{"embeddable":true,"href":"https:\/\/radiolifefm.com.br\/noticias\/wp-json\/wp\/v2\/comments?post=119577"}],"version-history":[{"count":1,"href":"https:\/\/radiolifefm.com.br\/noticias\/wp-json\/wp\/v2\/posts\/119577\/revisions"}],"predecessor-version":[{"id":119579,"href":"https:\/\/radiolifefm.com.br\/noticias\/wp-json\/wp\/v2\/posts\/119577\/revisions\/119579"}],"wp:featuredmedia":[{"embeddable":true,"href":"https:\/\/radiolifefm.com.br\/noticias\/wp-json\/wp\/v2\/media\/119578"}],"wp:attachment":[{"href":"https:\/\/radiolifefm.com.br\/noticias\/wp-json\/wp\/v2\/media?parent=119577"}],"wp:term":[{"taxonomy":"category","embeddable":true,"href":"https:\/\/radiolifefm.com.br\/noticias\/wp-json\/wp\/v2\/categories?post=119577"},{"taxonomy":"post_tag","embeddable":true,"href":"https:\/\/radiolifefm.com.br\/noticias\/wp-json\/wp\/v2\/tags?post=119577"}],"curies":[{"name":"wp","href":"https:\/\/api.w.org\/{rel}","templated":true}]}}