{"id":119553,"date":"2026-04-29T16:09:57","date_gmt":"2026-04-29T19:09:57","guid":{"rendered":"https:\/\/radiolifefm.com.br\/noticias\/?p=119553"},"modified":"2026-04-29T17:33:41","modified_gmt":"2026-04-29T20:33:41","slug":"terapia-do-riso-adamantina-recebe-o-humor-de-elite-com-rogerio-morgado-o-fenomeno-do-panico","status":"publish","type":"post","link":"https:\/\/radiolifefm.com.br\/noticias\/terapia-do-riso-adamantina-recebe-o-humor-de-elite-com-rogerio-morgado-o-fenomeno-do-panico\/","title":{"rendered":"\u200bTerapia do Riso: Adamantina recebe o humor de elite com Rogerio Morgado, o fen\u00f4meno do P\u00e2nico"},"content":{"rendered":"<div id=\"fb-root\"><\/div>\n<p>\u200bADAMANTINA \u2013 Enquanto o estresse do dia a dia tenta ditar o ritmo das nossas vidas, o humor de alta qualidade surge como o ant\u00eddoto perfeito. Nesta quarta-feira (29\/04), o Jornal do Meio-Dia da Life FM coloca em evid\u00eancia um evento que promete elevar o n\u00edvel do entretenimento na regi\u00e3o. Recebemos nada menos que Rogerio Morgado, uma das mentes mais brilhantes do programa P\u00e2nico na Jovem Pan, para sua aguardada estreia em Adamantina.<\/p>\n<div class='flex flex-wrap items-center -mx-1'>\r\n<a class='thumbnail gallery p-1 w-1\/2 md:w-1\/4' href='https:\/\/radiolifefm.com.br\/noticias\/wp-content\/uploads\/2026\/04\/WhatsApp-Image-2026-04-29-at-13.06.47.jpeg'><img class='border border-white' src='https:\/\/radiolifefm.com.br\/noticias\/wp-content\/uploads\/2026\/04\/WhatsApp-Image-2026-04-29-at-13.06.47-200x200.jpeg' alt='WhatsApp Image 2026 04 29 At 13.06.47' \/><\/a><a class='thumbnail gallery p-1 w-1\/2 md:w-1\/4' href='https:\/\/radiolifefm.com.br\/noticias\/wp-content\/uploads\/2026\/04\/WhatsApp-Image-2026-04-29-at-13.06.47-10.jpeg'><img class='border border-white' src='https:\/\/radiolifefm.com.br\/noticias\/wp-content\/uploads\/2026\/04\/WhatsApp-Image-2026-04-29-at-13.06.47-10-200x200.jpeg' alt='WhatsApp Image 2026 04 29 At 13.06.47 (10)' \/><\/a><\/div>\n<p>\u200bEm um momento onde as pessoas est\u00e3o &#8220;atordoadas&#8221; com tantos compromissos, tirar um tempo para assistir a um Stand-up de primeira linha n\u00e3o \u00e9 apenas lazer; \u00e9 um investimento no pr\u00f3prio bem-estar. Morgado traz para o Anfiteatro Fernando Paloni a experi\u00eancia de quem domina os maiores palcos do pa\u00eds, garantindo uma noite de risadas inteligentes e desconex\u00e3o total com os problemas.<\/p>\n<p>\u200bO Que Esperar: O Melhor do Humor Nacional em T\u00f3picos<\/p>\n<div class='flex flex-wrap items-center -mx-1'>\r\n<a class='thumbnail gallery p-1 w-1\/2 md:w-1\/4' href='https:\/\/radiolifefm.com.br\/noticias\/wp-content\/uploads\/2026\/04\/WhatsApp-Image-2026-04-29-at-13.06.47-9.jpeg'><img class='border border-white' src='https:\/\/radiolifefm.com.br\/noticias\/wp-content\/uploads\/2026\/04\/WhatsApp-Image-2026-04-29-at-13.06.47-9-200x200.jpeg' alt='WhatsApp Image 2026 04 29 At 13.06.47 (9)' \/><\/a><a class='thumbnail gallery p-1 w-1\/2 md:w-1\/4' href='https:\/\/radiolifefm.com.br\/noticias\/wp-content\/uploads\/2026\/04\/WhatsApp-Image-2026-04-29-at-13.06.47-6.jpeg'><img class='border border-white' src='https:\/\/radiolifefm.com.br\/noticias\/wp-content\/uploads\/2026\/04\/WhatsApp-Image-2026-04-29-at-13.06.47-6-200x200.jpeg' alt='WhatsApp Image 2026 04 29 At 13.06.47 (6)' \/><\/a><\/div>\n<p>\u200bSaiba por que este show \u00e9 considerado o evento cultural do ano na cidade:<br \/>\n\u200bPadr\u00e3o de Qualidade: O humor refinado e as imita\u00e7\u00f5es ic\u00f4nicas de um dos protagonistas do P\u00e2nico.<br \/>\n\u200bEstreia Exclusiva: O motivo de Adamantina ter sido escolhida como ponto de parada dessa turn\u00ea nacional.<br \/>\n\u200bA Produ\u00e7\u00e3o nos Bastidores: Como se constr\u00f3i um evento desse porte no interior paulista.<br \/>\n\u200bO P\u00fablico em Foco: A expectativa para a recep\u00e7\u00e3o de um show de &#8220;cara limpa&#8221; na Nova Alta Paulista.<br \/>\n\u200bSa\u00fade pelo Riso: Por que o Stand-up \u00e9 a ferramenta ideal para relaxar e esquecer a rotina pesada.<br \/>\n\u200bA\u00e7\u00e3o Solid\u00e1ria: O impacto social da doa\u00e7\u00e3o de alimentos aliada ao desconto no ingresso.<br \/>\n\u200bFomento Cultural: A parceria essencial com a Prefeitura e a Secretaria de Cultura.<br \/>\n\u200bNovo Eixo Cultural: Como Adamantina se consolida na rota dos grandes humoristas do Brasil.<\/p>\n<div class='flex flex-wrap items-center -mx-1'>\r\n<a class='thumbnail gallery p-1 w-1\/2 md:w-1\/4' href='https:\/\/radiolifefm.com.br\/noticias\/wp-content\/uploads\/2026\/04\/WhatsApp-Image-2026-04-29-at-13.06.47-8.jpeg'><img class='border border-white' src='https:\/\/radiolifefm.com.br\/noticias\/wp-content\/uploads\/2026\/04\/WhatsApp-Image-2026-04-29-at-13.06.47-8-200x200.jpeg' alt='WhatsApp Image 2026 04 29 At 13.06.47 (8)' \/><\/a><a class='thumbnail gallery p-1 w-1\/2 md:w-1\/4' href='https:\/\/radiolifefm.com.br\/noticias\/wp-content\/uploads\/2026\/04\/WhatsApp-Image-2026-04-29-at-13.06.47-5.jpeg'><img class='border border-white' src='https:\/\/radiolifefm.com.br\/noticias\/wp-content\/uploads\/2026\/04\/WhatsApp-Image-2026-04-29-at-13.06.47-5-200x200.jpeg' alt='WhatsApp Image 2026 04 29 At 13.06.47 (5)' \/><\/a><\/div>\n<p>\u200bENTREVISTA COMPLETA NAS PLATAFORMAS DIGITAIS<br \/>\n\u200bQuer conferir o papo completo com o produtor e descobrir todas as curiosidades dessa vinda do Morgado para a nossa cidade? Assista agora nas plataformas digitais da Life FM! Siga-nos no Facebook e YouTube para ter acesso \u00e0 entrevista na \u00edntegra e entender por que voc\u00ea n\u00e3o pode perder esse espet\u00e1culo.<\/p>\n<div class='flex flex-wrap items-center -mx-1'>\r\n<a class='thumbnail gallery p-1 w-1\/2 md:w-1\/4' href='https:\/\/radiolifefm.com.br\/noticias\/wp-content\/uploads\/2026\/04\/WhatsApp-Image-2026-04-29-at-13.06.47-3.jpeg'><img class='border border-white' src='https:\/\/radiolifefm.com.br\/noticias\/wp-content\/uploads\/2026\/04\/WhatsApp-Image-2026-04-29-at-13.06.47-3-200x200.jpeg' alt='WhatsApp Image 2026 04 29 At 13.06.47 (3)' \/><\/a><a class='thumbnail gallery p-1 w-1\/2 md:w-1\/4' href='https:\/\/radiolifefm.com.br\/noticias\/wp-content\/uploads\/2026\/04\/WhatsApp-Image-2026-04-29-at-13.06.47-1.jpeg'><img class='border border-white' src='https:\/\/radiolifefm.com.br\/noticias\/wp-content\/uploads\/2026\/04\/WhatsApp-Image-2026-04-29-at-13.06.47-1-200x200.jpeg' alt='WhatsApp Image 2026 04 29 At 13.06.47 (1)' \/><\/a><\/div>\n<p>\u200bCOMO GARANTIR SEU LUGAR:<br \/>\nOs ingressos j\u00e1 est\u00e3o dispon\u00edveis! Acesse o site oficial para garantir o seu. Aproveite o Ingresso Solid\u00e1rio: leve 1kg de alimento e garanta seu desconto especial.<br \/>\n\u200bFique por dentro: Acompanhe toda a agenda e bastidores pelo Instagram.<\/p>\n<div class='flex flex-wrap items-center -mx-1'>\r\n<a class='thumbnail gallery p-1 w-1\/2 md:w-1\/4' href='https:\/\/radiolifefm.com.br\/noticias\/wp-content\/uploads\/2026\/04\/WhatsApp-Image-2026-04-29-at-13.08.50-1.jpeg'><img class='border border-white' src='https:\/\/radiolifefm.com.br\/noticias\/wp-content\/uploads\/2026\/04\/WhatsApp-Image-2026-04-29-at-13.08.50-1-200x200.jpeg' alt='WhatsApp Image 2026 04 29 At 13.08.50 (1)' \/><\/a><a class='thumbnail gallery p-1 w-1\/2 md:w-1\/4' href='https:\/\/radiolifefm.com.br\/noticias\/wp-content\/uploads\/2026\/04\/WhatsApp-Image-2026-04-29-at-13.08.50-2.jpeg'><img class='border border-white' src='https:\/\/radiolifefm.com.br\/noticias\/wp-content\/uploads\/2026\/04\/WhatsApp-Image-2026-04-29-at-13.08.50-2-200x200.jpeg' alt='WhatsApp Image 2026 04 29 At 13.08.50 (2)' \/><\/a><\/div>\n<p>\u200bServi\u00e7o:<br \/>\nRogerio Morgado em Adamantina. Domingo, 03 de maio, \u00e0s 20h.<br \/>\nApoio: Fundo Social de Solidariedade e Secretaria de Cultura e Turismo.<\/p>\n<p>Assita na integra:<br \/>\n<a href=\"https:\/\/www.youtube.com\/watch?v=V5Z6cF-yQ-M\">https:\/\/www.youtube.com\/watch?v=V5Z6cF-yQ-M<\/a><\/p>\n","protected":false},"excerpt":{"rendered":"<p>\u200bADAMANTINA \u2013 Enquanto o estresse do dia a dia tenta ditar o ritmo das nossas vidas, o humor de alta qualidade surge como o ant\u00eddoto perfeito. Nesta quarta-feira (29\/04), o Jornal do Meio-Dia da Life FM coloca em evid\u00eancia um evento que promete elevar o n\u00edvel do entretenimento na regi\u00e3o. Recebemos nada menos que Rogerio [&hellip;]<\/p>\n","protected":false},"author":8,"featured_media":119567,"comment_status":"closed","ping_status":"open","sticky":false,"template":"","format":"standard","meta":{"_acf_changed":false,"_exactmetrics_skip_tracking":false,"_exactmetrics_sitenote_active":false,"_exactmetrics_sitenote_note":"","_exactmetrics_sitenote_category":0,"footnotes":""},"categories":[2],"tags":[],"class_list":["post-119553","post","type-post","status-publish","format-standard","has-post-thumbnail","hentry","category-jornal-do-meio-dia"],"acf":[],"yoast_head":"<!-- This site is optimized with the Yoast SEO plugin v27.2 - https:\/\/yoast.com\/product\/yoast-seo-wordpress\/ -->\n<title>\u200bTerapia do Riso: Adamantina recebe o humor de elite com Rogerio Morgado, o fen\u00f4meno do P\u00e2nico - R\u00e1dio Life FM<\/title>\n<meta name=\"robots\" content=\"index, follow, max-snippet:-1, max-image-preview:large, max-video-preview:-1\" \/>\n<link rel=\"canonical\" href=\"https:\/\/radiolifefm.com.br\/noticias\/terapia-do-riso-adamantina-recebe-o-humor-de-elite-com-rogerio-morgado-o-fenomeno-do-panico\/\" \/>\n<meta property=\"og:locale\" content=\"pt_BR\" \/>\n<meta property=\"og:type\" content=\"article\" \/>\n<meta property=\"og:title\" content=\"\u200bTerapia do Riso: Adamantina recebe o humor de elite com Rogerio Morgado, o fen\u00f4meno do P\u00e2nico - R\u00e1dio Life FM\" \/>\n<meta property=\"og:description\" content=\"\u200bADAMANTINA \u2013 Enquanto o estresse do dia a dia tenta ditar o ritmo das nossas vidas, o humor de alta qualidade surge como o ant\u00eddoto perfeito. Nesta quarta-feira (29\/04), o Jornal do Meio-Dia da Life FM coloca em evid\u00eancia um evento que promete elevar o n\u00edvel do entretenimento na regi\u00e3o. Recebemos nada menos que Rogerio [&hellip;]\" \/>\n<meta property=\"og:url\" content=\"https:\/\/radiolifefm.com.br\/noticias\/terapia-do-riso-adamantina-recebe-o-humor-de-elite-com-rogerio-morgado-o-fenomeno-do-panico\/\" \/>\n<meta property=\"og:site_name\" content=\"R\u00e1dio Life FM\" \/>\n<meta property=\"article:publisher\" content=\"https:\/\/www.facebook.com\/radiolifefm\/\" \/>\n<meta property=\"article:published_time\" content=\"2026-04-29T19:09:57+00:00\" \/>\n<meta property=\"article:modified_time\" content=\"2026-04-29T20:33:41+00:00\" \/>\n<meta property=\"og:image\" content=\"https:\/\/radiolifefm.com.br\/noticias\/wp-content\/uploads\/2026\/04\/WhatsApp-Image-2026-04-29-at-13.08.50.jpeg\" \/>\n\t<meta property=\"og:image:width\" content=\"1366\" \/>\n\t<meta property=\"og:image:height\" content=\"768\" \/>\n\t<meta property=\"og:image:type\" content=\"image\/jpeg\" \/>\n<meta name=\"author\" content=\"joaograndao\" \/>\n<meta name=\"twitter:card\" content=\"summary_large_image\" \/>\n<meta name=\"twitter:label1\" content=\"Escrito por\" \/>\n\t<meta name=\"twitter:data1\" content=\"joaograndao\" \/>\n\t<meta name=\"twitter:label2\" content=\"Est. tempo de leitura\" \/>\n\t<meta name=\"twitter:data2\" content=\"3 minutos\" \/>\n<script type=\"application\/ld+json\" class=\"yoast-schema-graph\">{\"@context\":\"https:\/\/schema.org\",\"@graph\":[{\"@type\":\"Article\",\"@id\":\"https:\/\/radiolifefm.com.br\/noticias\/terapia-do-riso-adamantina-recebe-o-humor-de-elite-com-rogerio-morgado-o-fenomeno-do-panico\/#article\",\"isPartOf\":{\"@id\":\"https:\/\/radiolifefm.com.br\/noticias\/terapia-do-riso-adamantina-recebe-o-humor-de-elite-com-rogerio-morgado-o-fenomeno-do-panico\/\"},\"author\":{\"name\":\"joaograndao\",\"@id\":\"https:\/\/radiolifefm.com.br\/noticias\/#\/schema\/person\/6876e1240feffe6e1b63fd5cb85abf28\"},\"headline\":\"\u200bTerapia do Riso: Adamantina recebe o humor de elite com Rogerio Morgado, o fen\u00f4meno do P\u00e2nico\",\"datePublished\":\"2026-04-29T19:09:57+00:00\",\"dateModified\":\"2026-04-29T20:33:41+00:00\",\"mainEntityOfPage\":{\"@id\":\"https:\/\/radiolifefm.com.br\/noticias\/terapia-do-riso-adamantina-recebe-o-humor-de-elite-com-rogerio-morgado-o-fenomeno-do-panico\/\"},\"wordCount\":468,\"publisher\":{\"@id\":\"https:\/\/radiolifefm.com.br\/noticias\/#organization\"},\"image\":{\"@id\":\"https:\/\/radiolifefm.com.br\/noticias\/terapia-do-riso-adamantina-recebe-o-humor-de-elite-com-rogerio-morgado-o-fenomeno-do-panico\/#primaryimage\"},\"thumbnailUrl\":\"https:\/\/radiolifefm.com.br\/noticias\/wp-content\/uploads\/2026\/04\/WhatsApp-Image-2026-04-29-at-13.08.50.jpeg\",\"articleSection\":[\"Jornal das 12h\"],\"inLanguage\":\"pt-BR\"},{\"@type\":\"WebPage\",\"@id\":\"https:\/\/radiolifefm.com.br\/noticias\/terapia-do-riso-adamantina-recebe-o-humor-de-elite-com-rogerio-morgado-o-fenomeno-do-panico\/\",\"url\":\"https:\/\/radiolifefm.com.br\/noticias\/terapia-do-riso-adamantina-recebe-o-humor-de-elite-com-rogerio-morgado-o-fenomeno-do-panico\/\",\"name\":\"\u200bTerapia do Riso: Adamantina recebe o humor de elite com Rogerio Morgado, o fen\u00f4meno do P\u00e2nico - R\u00e1dio Life FM\",\"isPartOf\":{\"@id\":\"https:\/\/radiolifefm.com.br\/noticias\/#website\"},\"primaryImageOfPage\":{\"@id\":\"https:\/\/radiolifefm.com.br\/noticias\/terapia-do-riso-adamantina-recebe-o-humor-de-elite-com-rogerio-morgado-o-fenomeno-do-panico\/#primaryimage\"},\"image\":{\"@id\":\"https:\/\/radiolifefm.com.br\/noticias\/terapia-do-riso-adamantina-recebe-o-humor-de-elite-com-rogerio-morgado-o-fenomeno-do-panico\/#primaryimage\"},\"thumbnailUrl\":\"https:\/\/radiolifefm.com.br\/noticias\/wp-content\/uploads\/2026\/04\/WhatsApp-Image-2026-04-29-at-13.08.50.jpeg\",\"datePublished\":\"2026-04-29T19:09:57+00:00\",\"dateModified\":\"2026-04-29T20:33:41+00:00\",\"breadcrumb\":{\"@id\":\"https:\/\/radiolifefm.com.br\/noticias\/terapia-do-riso-adamantina-recebe-o-humor-de-elite-com-rogerio-morgado-o-fenomeno-do-panico\/#breadcrumb\"},\"inLanguage\":\"pt-BR\",\"potentialAction\":[{\"@type\":\"ReadAction\",\"target\":[\"https:\/\/radiolifefm.com.br\/noticias\/terapia-do-riso-adamantina-recebe-o-humor-de-elite-com-rogerio-morgado-o-fenomeno-do-panico\/\"]}]},{\"@type\":\"ImageObject\",\"inLanguage\":\"pt-BR\",\"@id\":\"https:\/\/radiolifefm.com.br\/noticias\/terapia-do-riso-adamantina-recebe-o-humor-de-elite-com-rogerio-morgado-o-fenomeno-do-panico\/#primaryimage\",\"url\":\"https:\/\/radiolifefm.com.br\/noticias\/wp-content\/uploads\/2026\/04\/WhatsApp-Image-2026-04-29-at-13.08.50.jpeg\",\"contentUrl\":\"https:\/\/radiolifefm.com.br\/noticias\/wp-content\/uploads\/2026\/04\/WhatsApp-Image-2026-04-29-at-13.08.50.jpeg\",\"width\":1366,\"height\":768},{\"@type\":\"BreadcrumbList\",\"@id\":\"https:\/\/radiolifefm.com.br\/noticias\/terapia-do-riso-adamantina-recebe-o-humor-de-elite-com-rogerio-morgado-o-fenomeno-do-panico\/#breadcrumb\",\"itemListElement\":[{\"@type\":\"ListItem\",\"position\":1,\"name\":\"In\u00edcio\",\"item\":\"https:\/\/radiolifefm.com.br\/noticias\/\"},{\"@type\":\"ListItem\",\"position\":2,\"name\":\"\u200bTerapia do Riso: Adamantina recebe o humor de elite com Rogerio Morgado, o fen\u00f4meno do P\u00e2nico\"}]},{\"@type\":\"WebSite\",\"@id\":\"https:\/\/radiolifefm.com.br\/noticias\/#website\",\"url\":\"https:\/\/radiolifefm.com.br\/noticias\/\",\"name\":\"R\u00e1dio Life FM\",\"description\":\"O Portal de Not\u00edcias de Adamantina\",\"publisher\":{\"@id\":\"https:\/\/radiolifefm.com.br\/noticias\/#organization\"},\"alternateName\":\"Life FM\",\"potentialAction\":[{\"@type\":\"SearchAction\",\"target\":{\"@type\":\"EntryPoint\",\"urlTemplate\":\"https:\/\/radiolifefm.com.br\/noticias\/?s={search_term_string}\"},\"query-input\":{\"@type\":\"PropertyValueSpecification\",\"valueRequired\":true,\"valueName\":\"search_term_string\"}}],\"inLanguage\":\"pt-BR\"},{\"@type\":\"Organization\",\"@id\":\"https:\/\/radiolifefm.com.br\/noticias\/#organization\",\"name\":\"R\u00e1dio Life FM\",\"alternateName\":\"Life FM\",\"url\":\"https:\/\/radiolifefm.com.br\/noticias\/\",\"logo\":{\"@type\":\"ImageObject\",\"inLanguage\":\"pt-BR\",\"@id\":\"https:\/\/radiolifefm.com.br\/noticias\/#\/schema\/logo\/image\/\",\"url\":\"https:\/\/static.radiolifefm.com.br\/noticias\/wp-content\/uploads\/2019\/10\/logo-lifefm.png\",\"contentUrl\":\"https:\/\/static.radiolifefm.com.br\/noticias\/wp-content\/uploads\/2019\/10\/logo-lifefm.png\",\"width\":196,\"height\":47,\"caption\":\"R\u00e1dio Life FM\"},\"image\":{\"@id\":\"https:\/\/radiolifefm.com.br\/noticias\/#\/schema\/logo\/image\/\"},\"sameAs\":[\"https:\/\/www.facebook.com\/radiolifefm\/\",\"https:\/\/www.instagram.com\/life1079fm\/\"]},{\"@type\":\"Person\",\"@id\":\"https:\/\/radiolifefm.com.br\/noticias\/#\/schema\/person\/6876e1240feffe6e1b63fd5cb85abf28\",\"name\":\"joaograndao\",\"image\":{\"@type\":\"ImageObject\",\"inLanguage\":\"pt-BR\",\"@id\":\"https:\/\/secure.gravatar.com\/avatar\/d5b1a3cf357ed9c50404e256a1294083aa8ab5d2a994001567302786016cb32c?s=96&d=mm&r=g\",\"url\":\"https:\/\/secure.gravatar.com\/avatar\/d5b1a3cf357ed9c50404e256a1294083aa8ab5d2a994001567302786016cb32c?s=96&d=mm&r=g\",\"contentUrl\":\"https:\/\/secure.gravatar.com\/avatar\/d5b1a3cf357ed9c50404e256a1294083aa8ab5d2a994001567302786016cb32c?s=96&d=mm&r=g\",\"caption\":\"joaograndao\"}}]}<\/script>\n<!-- \/ Yoast SEO plugin. -->","yoast_head_json":{"title":"\u200bTerapia do Riso: Adamantina recebe o humor de elite com Rogerio Morgado, o fen\u00f4meno do P\u00e2nico - R\u00e1dio Life FM","robots":{"index":"index","follow":"follow","max-snippet":"max-snippet:-1","max-image-preview":"max-image-preview:large","max-video-preview":"max-video-preview:-1"},"canonical":"https:\/\/radiolifefm.com.br\/noticias\/terapia-do-riso-adamantina-recebe-o-humor-de-elite-com-rogerio-morgado-o-fenomeno-do-panico\/","og_locale":"pt_BR","og_type":"article","og_title":"\u200bTerapia do Riso: Adamantina recebe o humor de elite com Rogerio Morgado, o fen\u00f4meno do P\u00e2nico - R\u00e1dio Life FM","og_description":"\u200bADAMANTINA \u2013 Enquanto o estresse do dia a dia tenta ditar o ritmo das nossas vidas, o humor de alta qualidade surge como o ant\u00eddoto perfeito. Nesta quarta-feira (29\/04), o Jornal do Meio-Dia da Life FM coloca em evid\u00eancia um evento que promete elevar o n\u00edvel do entretenimento na regi\u00e3o. Recebemos nada menos que Rogerio [&hellip;]","og_url":"https:\/\/radiolifefm.com.br\/noticias\/terapia-do-riso-adamantina-recebe-o-humor-de-elite-com-rogerio-morgado-o-fenomeno-do-panico\/","og_site_name":"R\u00e1dio Life FM","article_publisher":"https:\/\/www.facebook.com\/radiolifefm\/","article_published_time":"2026-04-29T19:09:57+00:00","article_modified_time":"2026-04-29T20:33:41+00:00","og_image":[{"width":1366,"height":768,"url":"https:\/\/radiolifefm.com.br\/noticias\/wp-content\/uploads\/2026\/04\/WhatsApp-Image-2026-04-29-at-13.08.50.jpeg","type":"image\/jpeg"}],"author":"joaograndao","twitter_card":"summary_large_image","twitter_misc":{"Escrito por":"joaograndao","Est. tempo de leitura":"3 minutos"},"schema":{"@context":"https:\/\/schema.org","@graph":[{"@type":"Article","@id":"https:\/\/radiolifefm.com.br\/noticias\/terapia-do-riso-adamantina-recebe-o-humor-de-elite-com-rogerio-morgado-o-fenomeno-do-panico\/#article","isPartOf":{"@id":"https:\/\/radiolifefm.com.br\/noticias\/terapia-do-riso-adamantina-recebe-o-humor-de-elite-com-rogerio-morgado-o-fenomeno-do-panico\/"},"author":{"name":"joaograndao","@id":"https:\/\/radiolifefm.com.br\/noticias\/#\/schema\/person\/6876e1240feffe6e1b63fd5cb85abf28"},"headline":"\u200bTerapia do Riso: Adamantina recebe o humor de elite com Rogerio Morgado, o fen\u00f4meno do P\u00e2nico","datePublished":"2026-04-29T19:09:57+00:00","dateModified":"2026-04-29T20:33:41+00:00","mainEntityOfPage":{"@id":"https:\/\/radiolifefm.com.br\/noticias\/terapia-do-riso-adamantina-recebe-o-humor-de-elite-com-rogerio-morgado-o-fenomeno-do-panico\/"},"wordCount":468,"publisher":{"@id":"https:\/\/radiolifefm.com.br\/noticias\/#organization"},"image":{"@id":"https:\/\/radiolifefm.com.br\/noticias\/terapia-do-riso-adamantina-recebe-o-humor-de-elite-com-rogerio-morgado-o-fenomeno-do-panico\/#primaryimage"},"thumbnailUrl":"https:\/\/radiolifefm.com.br\/noticias\/wp-content\/uploads\/2026\/04\/WhatsApp-Image-2026-04-29-at-13.08.50.jpeg","articleSection":["Jornal das 12h"],"inLanguage":"pt-BR"},{"@type":"WebPage","@id":"https:\/\/radiolifefm.com.br\/noticias\/terapia-do-riso-adamantina-recebe-o-humor-de-elite-com-rogerio-morgado-o-fenomeno-do-panico\/","url":"https:\/\/radiolifefm.com.br\/noticias\/terapia-do-riso-adamantina-recebe-o-humor-de-elite-com-rogerio-morgado-o-fenomeno-do-panico\/","name":"\u200bTerapia do Riso: Adamantina recebe o humor de elite com Rogerio Morgado, o fen\u00f4meno do P\u00e2nico - R\u00e1dio Life FM","isPartOf":{"@id":"https:\/\/radiolifefm.com.br\/noticias\/#website"},"primaryImageOfPage":{"@id":"https:\/\/radiolifefm.com.br\/noticias\/terapia-do-riso-adamantina-recebe-o-humor-de-elite-com-rogerio-morgado-o-fenomeno-do-panico\/#primaryimage"},"image":{"@id":"https:\/\/radiolifefm.com.br\/noticias\/terapia-do-riso-adamantina-recebe-o-humor-de-elite-com-rogerio-morgado-o-fenomeno-do-panico\/#primaryimage"},"thumbnailUrl":"https:\/\/radiolifefm.com.br\/noticias\/wp-content\/uploads\/2026\/04\/WhatsApp-Image-2026-04-29-at-13.08.50.jpeg","datePublished":"2026-04-29T19:09:57+00:00","dateModified":"2026-04-29T20:33:41+00:00","breadcrumb":{"@id":"https:\/\/radiolifefm.com.br\/noticias\/terapia-do-riso-adamantina-recebe-o-humor-de-elite-com-rogerio-morgado-o-fenomeno-do-panico\/#breadcrumb"},"inLanguage":"pt-BR","potentialAction":[{"@type":"ReadAction","target":["https:\/\/radiolifefm.com.br\/noticias\/terapia-do-riso-adamantina-recebe-o-humor-de-elite-com-rogerio-morgado-o-fenomeno-do-panico\/"]}]},{"@type":"ImageObject","inLanguage":"pt-BR","@id":"https:\/\/radiolifefm.com.br\/noticias\/terapia-do-riso-adamantina-recebe-o-humor-de-elite-com-rogerio-morgado-o-fenomeno-do-panico\/#primaryimage","url":"https:\/\/radiolifefm.com.br\/noticias\/wp-content\/uploads\/2026\/04\/WhatsApp-Image-2026-04-29-at-13.08.50.jpeg","contentUrl":"https:\/\/radiolifefm.com.br\/noticias\/wp-content\/uploads\/2026\/04\/WhatsApp-Image-2026-04-29-at-13.08.50.jpeg","width":1366,"height":768},{"@type":"BreadcrumbList","@id":"https:\/\/radiolifefm.com.br\/noticias\/terapia-do-riso-adamantina-recebe-o-humor-de-elite-com-rogerio-morgado-o-fenomeno-do-panico\/#breadcrumb","itemListElement":[{"@type":"ListItem","position":1,"name":"In\u00edcio","item":"https:\/\/radiolifefm.com.br\/noticias\/"},{"@type":"ListItem","position":2,"name":"\u200bTerapia do Riso: Adamantina recebe o humor de elite com Rogerio Morgado, o fen\u00f4meno do P\u00e2nico"}]},{"@type":"WebSite","@id":"https:\/\/radiolifefm.com.br\/noticias\/#website","url":"https:\/\/radiolifefm.com.br\/noticias\/","name":"R\u00e1dio Life FM","description":"O Portal de Not\u00edcias de Adamantina","publisher":{"@id":"https:\/\/radiolifefm.com.br\/noticias\/#organization"},"alternateName":"Life FM","potentialAction":[{"@type":"SearchAction","target":{"@type":"EntryPoint","urlTemplate":"https:\/\/radiolifefm.com.br\/noticias\/?s={search_term_string}"},"query-input":{"@type":"PropertyValueSpecification","valueRequired":true,"valueName":"search_term_string"}}],"inLanguage":"pt-BR"},{"@type":"Organization","@id":"https:\/\/radiolifefm.com.br\/noticias\/#organization","name":"R\u00e1dio Life FM","alternateName":"Life FM","url":"https:\/\/radiolifefm.com.br\/noticias\/","logo":{"@type":"ImageObject","inLanguage":"pt-BR","@id":"https:\/\/radiolifefm.com.br\/noticias\/#\/schema\/logo\/image\/","url":"https:\/\/static.radiolifefm.com.br\/noticias\/wp-content\/uploads\/2019\/10\/logo-lifefm.png","contentUrl":"https:\/\/static.radiolifefm.com.br\/noticias\/wp-content\/uploads\/2019\/10\/logo-lifefm.png","width":196,"height":47,"caption":"R\u00e1dio Life FM"},"image":{"@id":"https:\/\/radiolifefm.com.br\/noticias\/#\/schema\/logo\/image\/"},"sameAs":["https:\/\/www.facebook.com\/radiolifefm\/","https:\/\/www.instagram.com\/life1079fm\/"]},{"@type":"Person","@id":"https:\/\/radiolifefm.com.br\/noticias\/#\/schema\/person\/6876e1240feffe6e1b63fd5cb85abf28","name":"joaograndao","image":{"@type":"ImageObject","inLanguage":"pt-BR","@id":"https:\/\/secure.gravatar.com\/avatar\/d5b1a3cf357ed9c50404e256a1294083aa8ab5d2a994001567302786016cb32c?s=96&d=mm&r=g","url":"https:\/\/secure.gravatar.com\/avatar\/d5b1a3cf357ed9c50404e256a1294083aa8ab5d2a994001567302786016cb32c?s=96&d=mm&r=g","contentUrl":"https:\/\/secure.gravatar.com\/avatar\/d5b1a3cf357ed9c50404e256a1294083aa8ab5d2a994001567302786016cb32c?s=96&d=mm&r=g","caption":"joaograndao"}}]}},"amp_enabled":true,"_links":{"self":[{"href":"https:\/\/radiolifefm.com.br\/noticias\/wp-json\/wp\/v2\/posts\/119553","targetHints":{"allow":["GET"]}}],"collection":[{"href":"https:\/\/radiolifefm.com.br\/noticias\/wp-json\/wp\/v2\/posts"}],"about":[{"href":"https:\/\/radiolifefm.com.br\/noticias\/wp-json\/wp\/v2\/types\/post"}],"author":[{"embeddable":true,"href":"https:\/\/radiolifefm.com.br\/noticias\/wp-json\/wp\/v2\/users\/8"}],"replies":[{"embeddable":true,"href":"https:\/\/radiolifefm.com.br\/noticias\/wp-json\/wp\/v2\/comments?post=119553"}],"version-history":[{"count":1,"href":"https:\/\/radiolifefm.com.br\/noticias\/wp-json\/wp\/v2\/posts\/119553\/revisions"}],"predecessor-version":[{"id":119568,"href":"https:\/\/radiolifefm.com.br\/noticias\/wp-json\/wp\/v2\/posts\/119553\/revisions\/119568"}],"wp:featuredmedia":[{"embeddable":true,"href":"https:\/\/radiolifefm.com.br\/noticias\/wp-json\/wp\/v2\/media\/119567"}],"wp:attachment":[{"href":"https:\/\/radiolifefm.com.br\/noticias\/wp-json\/wp\/v2\/media?parent=119553"}],"wp:term":[{"taxonomy":"category","embeddable":true,"href":"https:\/\/radiolifefm.com.br\/noticias\/wp-json\/wp\/v2\/categories?post=119553"},{"taxonomy":"post_tag","embeddable":true,"href":"https:\/\/radiolifefm.com.br\/noticias\/wp-json\/wp\/v2\/tags?post=119553"}],"curies":[{"name":"wp","href":"https:\/\/api.w.org\/{rel}","templated":true}]}}