{"id":119545,"date":"2026-04-28T23:42:10","date_gmt":"2026-04-29T02:42:10","guid":{"rendered":"https:\/\/radiolifefm.com.br\/noticias\/?p=119545"},"modified":"2026-04-29T00:10:03","modified_gmt":"2026-04-29T03:10:03","slug":"equipes-da-prefeitura-de-adamantina-energisa-e-empresas-de-telecomunicacao-realizam-dia-d-para-organizacao-dos-cabos","status":"publish","type":"post","link":"https:\/\/radiolifefm.com.br\/noticias\/equipes-da-prefeitura-de-adamantina-energisa-e-empresas-de-telecomunicacao-realizam-dia-d-para-organizacao-dos-cabos\/","title":{"rendered":"Equipes da Prefeitura de Adamantina, Energisa e empresas de telecomunica\u00e7\u00e3o realizam dia D para organiza\u00e7\u00e3o dos cabos"},"content":{"rendered":"<div id=\"fb-root\"><\/div>\n<p>Acontece nesta ter\u00e7a-feira (28) o Dia D, que marca o in\u00edcio das a\u00e7\u00f5es para organiza\u00e7\u00e3o de cabos inutilizados que foram instalados por empresas de telecomunica\u00e7\u00e3o que atuam em Adamantina.<\/p>\n<p>&nbsp;<\/p>\n<p>As equipes de empresas de telefonia, internet e TV a cabo, respons\u00e1veis pela execu\u00e7\u00e3o dos servi\u00e7os, se concentram na Avenida Ademar de Barros, no trecho entre a Rua Capit\u00e3o Jos\u00e9 Antonio de Oliveira e a Alameda dos Expedicion\u00e1rios.<\/p>\n<p>A a\u00e7\u00e3o tem como foco n\u00e3o s\u00f3 deixar a cidade visualmente bonita como tamb\u00e9m segura.<\/p>\n<p>&nbsp;<\/p>\n<p>Idealizada pela Prefeitura de Adamantina, com o acompanhamento da Energisa Sul-Sudeste, a iniciativa faz parte das a\u00e7\u00f5es que visam assegurar que os cabos de telecomunica\u00e7\u00e3o que ocupam os postes de energia estejam instalados de acordo com as regulamenta\u00e7\u00f5es t\u00e9cnicas das\u202fag\u00eancias de Telecomunica\u00e7\u00f5es (Anatel) e de Energia El\u00e9trica (Aneel).<\/p>\n<p>&nbsp;<\/p>\n<p>Para este mutir\u00e3o, nove empresas de telecomunica\u00e7\u00f5es que operam em Adamantina foram notificadas para que fa\u00e7am a regulariza\u00e7\u00e3o de seus cabos nesses pontos pr\u00e9-determinados, conforme as normas t\u00e9cnicas e regulat\u00f3rias vigentes.<\/p>\n<p>&nbsp;<\/p>\n<p>As empresas de telecomunica\u00e7\u00f5es dever\u00e3o realizar a retirada de seus cabos que permanecem nos postes, mas est\u00e3o em desuso, e ajustar os que est\u00e3o baixos, desnivelados, enrolados ou soltos.<\/p>\n<p>Al\u00e9m disso, ap\u00f3s as adequa\u00e7\u00f5es, as telef\u00f4nicas dever\u00e3o manter os fios organizados e dentro das normas t\u00e9cnicas.<\/p>\n<p>&nbsp;<\/p>\n<p><strong>Regulariza\u00e7\u00e3o<\/strong><\/p>\n<p>A a\u00e7\u00e3o resulta de um alinhamento entre as empresas que visa organizar toda a cidade, come\u00e7ando pela regi\u00e3o central. Para isso, ser\u00e1 determinado um prazo para a regulariza\u00e7\u00e3o, pois a iniciativa necessita de interdi\u00e7\u00e3o das ruas e a disponibiliza\u00e7\u00e3o das equipes das empresas para a execu\u00e7\u00e3o do servi\u00e7o.<\/p>\n<p>Como apoio aos trabalhos, as equipes de campo da Energisa tamb\u00e9m est\u00e3o nas ruas, orientando os pontos que precisam de aten\u00e7\u00e3o e adequa\u00e7\u00f5es.<\/p>\n<p>&nbsp;<\/p>\n<p><strong>O que a popula\u00e7\u00e3o deve fazer diante de cabos ca\u00eddos?<\/strong><\/p>\n<p>A orienta\u00e7\u00e3o diante de situa\u00e7\u00f5es emergenciais ou de riscos de acidentes \u00e9 manter a dist\u00e2ncia e entrar em contato com a Energisa nos canais de atendimento, para que seja enviada uma equipe que realizar\u00e1 os procedimentos t\u00e9cnicos adequados dever\u00e1 ser feito o contato com a falar com a Energisa, em um dos canais de atendimento:\u00a0 o Call Center \u2013 0800 70 10 326;\u00a0 o\u00a0 Gisa (WhatsApp) &#8211; <a href=\"http:\/\/www.gisa.energisa.com.br\" data-saferedirecturl=\"https:\/\/www.google.com\/url?q=http:\/\/www.gisa.energisa.com.br&amp;source=gmail&amp;ust=1777515427260000&amp;usg=AOvVaw1sJP_YIE79P3S1Z_G9SJcH\">www.gisa.energisa.com.br<\/a>;\u00a0 o ou aplicativo para celular Energisa On.<\/p>\n<p>&#8212;<\/p>\n<p>Natacha Dominato<\/p>\n<p>Colaborou: Assessoria de Imprensa da Energisa Sul-Sudeste<\/p>\n","protected":false},"excerpt":{"rendered":"<p>Acontece nesta ter\u00e7a-feira (28) o Dia D, que marca o in\u00edcio das a\u00e7\u00f5es para organiza\u00e7\u00e3o de cabos inutilizados que foram instalados por empresas de telecomunica\u00e7\u00e3o que atuam em Adamantina. &nbsp; As equipes de empresas de telefonia, internet e TV a cabo, respons\u00e1veis pela execu\u00e7\u00e3o dos servi\u00e7os, se concentram na Avenida Ademar de Barros, no trecho [&hellip;]<\/p>\n","protected":false},"author":13,"featured_media":119546,"comment_status":"closed","ping_status":"open","sticky":false,"template":"","format":"standard","meta":{"_acf_changed":false,"_exactmetrics_skip_tracking":false,"_exactmetrics_sitenote_active":false,"_exactmetrics_sitenote_note":"","_exactmetrics_sitenote_category":0,"footnotes":""},"categories":[21],"tags":[],"class_list":["post-119545","post","type-post","status-publish","format-standard","has-post-thumbnail","hentry","category-adamantina"],"acf":[],"yoast_head":"<!-- This site is optimized with the Yoast SEO plugin v27.2 - https:\/\/yoast.com\/product\/yoast-seo-wordpress\/ -->\n<title>Equipes da Prefeitura de Adamantina, Energisa e empresas de telecomunica\u00e7\u00e3o realizam dia D para organiza\u00e7\u00e3o dos cabos - R\u00e1dio Life FM<\/title>\n<meta name=\"robots\" content=\"index, follow, max-snippet:-1, max-image-preview:large, max-video-preview:-1\" \/>\n<link rel=\"canonical\" href=\"https:\/\/radiolifefm.com.br\/noticias\/equipes-da-prefeitura-de-adamantina-energisa-e-empresas-de-telecomunicacao-realizam-dia-d-para-organizacao-dos-cabos\/\" \/>\n<meta property=\"og:locale\" content=\"pt_BR\" \/>\n<meta property=\"og:type\" content=\"article\" \/>\n<meta property=\"og:title\" content=\"Equipes da Prefeitura de Adamantina, Energisa e empresas de telecomunica\u00e7\u00e3o realizam dia D para organiza\u00e7\u00e3o dos cabos - R\u00e1dio Life FM\" \/>\n<meta property=\"og:description\" content=\"Acontece nesta ter\u00e7a-feira (28) o Dia D, que marca o in\u00edcio das a\u00e7\u00f5es para organiza\u00e7\u00e3o de cabos inutilizados que foram instalados por empresas de telecomunica\u00e7\u00e3o que atuam em Adamantina. &nbsp; As equipes de empresas de telefonia, internet e TV a cabo, respons\u00e1veis pela execu\u00e7\u00e3o dos servi\u00e7os, se concentram na Avenida Ademar de Barros, no trecho [&hellip;]\" \/>\n<meta property=\"og:url\" content=\"https:\/\/radiolifefm.com.br\/noticias\/equipes-da-prefeitura-de-adamantina-energisa-e-empresas-de-telecomunicacao-realizam-dia-d-para-organizacao-dos-cabos\/\" \/>\n<meta property=\"og:site_name\" content=\"R\u00e1dio Life FM\" \/>\n<meta property=\"article:publisher\" content=\"https:\/\/www.facebook.com\/radiolifefm\/\" \/>\n<meta property=\"article:published_time\" content=\"2026-04-29T02:42:10+00:00\" \/>\n<meta property=\"article:modified_time\" content=\"2026-04-29T03:10:03+00:00\" \/>\n<meta property=\"og:image\" content=\"https:\/\/radiolifefm.com.br\/noticias\/wp-content\/uploads\/2026\/04\/foto-1.jpeg\" \/>\n\t<meta property=\"og:image:width\" content=\"1600\" \/>\n\t<meta property=\"og:image:height\" content=\"1200\" \/>\n\t<meta property=\"og:image:type\" content=\"image\/jpeg\" \/>\n<meta name=\"author\" content=\"ritanery\" \/>\n<meta name=\"twitter:card\" content=\"summary_large_image\" \/>\n<meta name=\"twitter:label1\" content=\"Escrito por\" \/>\n\t<meta name=\"twitter:data1\" content=\"ritanery\" \/>\n\t<meta name=\"twitter:label2\" content=\"Est. tempo de leitura\" \/>\n\t<meta name=\"twitter:data2\" content=\"3 minutos\" \/>\n<script type=\"application\/ld+json\" class=\"yoast-schema-graph\">{\"@context\":\"https:\/\/schema.org\",\"@graph\":[{\"@type\":\"Article\",\"@id\":\"https:\/\/radiolifefm.com.br\/noticias\/equipes-da-prefeitura-de-adamantina-energisa-e-empresas-de-telecomunicacao-realizam-dia-d-para-organizacao-dos-cabos\/#article\",\"isPartOf\":{\"@id\":\"https:\/\/radiolifefm.com.br\/noticias\/equipes-da-prefeitura-de-adamantina-energisa-e-empresas-de-telecomunicacao-realizam-dia-d-para-organizacao-dos-cabos\/\"},\"author\":{\"name\":\"ritanery\",\"@id\":\"https:\/\/radiolifefm.com.br\/noticias\/#\/schema\/person\/6339b9fac59d12b071dec680d7375d87\"},\"headline\":\"Equipes da Prefeitura de Adamantina, Energisa e empresas de telecomunica\u00e7\u00e3o realizam dia D para organiza\u00e7\u00e3o dos cabos\",\"datePublished\":\"2026-04-29T02:42:10+00:00\",\"dateModified\":\"2026-04-29T03:10:03+00:00\",\"mainEntityOfPage\":{\"@id\":\"https:\/\/radiolifefm.com.br\/noticias\/equipes-da-prefeitura-de-adamantina-energisa-e-empresas-de-telecomunicacao-realizam-dia-d-para-organizacao-dos-cabos\/\"},\"wordCount\":453,\"publisher\":{\"@id\":\"https:\/\/radiolifefm.com.br\/noticias\/#organization\"},\"image\":{\"@id\":\"https:\/\/radiolifefm.com.br\/noticias\/equipes-da-prefeitura-de-adamantina-energisa-e-empresas-de-telecomunicacao-realizam-dia-d-para-organizacao-dos-cabos\/#primaryimage\"},\"thumbnailUrl\":\"https:\/\/radiolifefm.com.br\/noticias\/wp-content\/uploads\/2026\/04\/foto-1.jpeg\",\"articleSection\":[\"Adamantina\"],\"inLanguage\":\"pt-BR\"},{\"@type\":\"WebPage\",\"@id\":\"https:\/\/radiolifefm.com.br\/noticias\/equipes-da-prefeitura-de-adamantina-energisa-e-empresas-de-telecomunicacao-realizam-dia-d-para-organizacao-dos-cabos\/\",\"url\":\"https:\/\/radiolifefm.com.br\/noticias\/equipes-da-prefeitura-de-adamantina-energisa-e-empresas-de-telecomunicacao-realizam-dia-d-para-organizacao-dos-cabos\/\",\"name\":\"Equipes da Prefeitura de Adamantina, Energisa e empresas de telecomunica\u00e7\u00e3o realizam dia D para organiza\u00e7\u00e3o dos cabos - R\u00e1dio Life FM\",\"isPartOf\":{\"@id\":\"https:\/\/radiolifefm.com.br\/noticias\/#website\"},\"primaryImageOfPage\":{\"@id\":\"https:\/\/radiolifefm.com.br\/noticias\/equipes-da-prefeitura-de-adamantina-energisa-e-empresas-de-telecomunicacao-realizam-dia-d-para-organizacao-dos-cabos\/#primaryimage\"},\"image\":{\"@id\":\"https:\/\/radiolifefm.com.br\/noticias\/equipes-da-prefeitura-de-adamantina-energisa-e-empresas-de-telecomunicacao-realizam-dia-d-para-organizacao-dos-cabos\/#primaryimage\"},\"thumbnailUrl\":\"https:\/\/radiolifefm.com.br\/noticias\/wp-content\/uploads\/2026\/04\/foto-1.jpeg\",\"datePublished\":\"2026-04-29T02:42:10+00:00\",\"dateModified\":\"2026-04-29T03:10:03+00:00\",\"breadcrumb\":{\"@id\":\"https:\/\/radiolifefm.com.br\/noticias\/equipes-da-prefeitura-de-adamantina-energisa-e-empresas-de-telecomunicacao-realizam-dia-d-para-organizacao-dos-cabos\/#breadcrumb\"},\"inLanguage\":\"pt-BR\",\"potentialAction\":[{\"@type\":\"ReadAction\",\"target\":[\"https:\/\/radiolifefm.com.br\/noticias\/equipes-da-prefeitura-de-adamantina-energisa-e-empresas-de-telecomunicacao-realizam-dia-d-para-organizacao-dos-cabos\/\"]}]},{\"@type\":\"ImageObject\",\"inLanguage\":\"pt-BR\",\"@id\":\"https:\/\/radiolifefm.com.br\/noticias\/equipes-da-prefeitura-de-adamantina-energisa-e-empresas-de-telecomunicacao-realizam-dia-d-para-organizacao-dos-cabos\/#primaryimage\",\"url\":\"https:\/\/radiolifefm.com.br\/noticias\/wp-content\/uploads\/2026\/04\/foto-1.jpeg\",\"contentUrl\":\"https:\/\/radiolifefm.com.br\/noticias\/wp-content\/uploads\/2026\/04\/foto-1.jpeg\",\"width\":1600,\"height\":1200,\"caption\":\"A\u00e7\u00e3o realizada na \u00e1rea central marca o in\u00edcio dos trabalhos para organizar os cabos no munic\u00edpio\"},{\"@type\":\"BreadcrumbList\",\"@id\":\"https:\/\/radiolifefm.com.br\/noticias\/equipes-da-prefeitura-de-adamantina-energisa-e-empresas-de-telecomunicacao-realizam-dia-d-para-organizacao-dos-cabos\/#breadcrumb\",\"itemListElement\":[{\"@type\":\"ListItem\",\"position\":1,\"name\":\"In\u00edcio\",\"item\":\"https:\/\/radiolifefm.com.br\/noticias\/\"},{\"@type\":\"ListItem\",\"position\":2,\"name\":\"Equipes da Prefeitura de Adamantina, Energisa e empresas de telecomunica\u00e7\u00e3o realizam dia D para organiza\u00e7\u00e3o dos cabos\"}]},{\"@type\":\"WebSite\",\"@id\":\"https:\/\/radiolifefm.com.br\/noticias\/#website\",\"url\":\"https:\/\/radiolifefm.com.br\/noticias\/\",\"name\":\"R\u00e1dio Life FM\",\"description\":\"O Portal de Not\u00edcias de Adamantina\",\"publisher\":{\"@id\":\"https:\/\/radiolifefm.com.br\/noticias\/#organization\"},\"alternateName\":\"Life FM\",\"potentialAction\":[{\"@type\":\"SearchAction\",\"target\":{\"@type\":\"EntryPoint\",\"urlTemplate\":\"https:\/\/radiolifefm.com.br\/noticias\/?s={search_term_string}\"},\"query-input\":{\"@type\":\"PropertyValueSpecification\",\"valueRequired\":true,\"valueName\":\"search_term_string\"}}],\"inLanguage\":\"pt-BR\"},{\"@type\":\"Organization\",\"@id\":\"https:\/\/radiolifefm.com.br\/noticias\/#organization\",\"name\":\"R\u00e1dio Life FM\",\"alternateName\":\"Life FM\",\"url\":\"https:\/\/radiolifefm.com.br\/noticias\/\",\"logo\":{\"@type\":\"ImageObject\",\"inLanguage\":\"pt-BR\",\"@id\":\"https:\/\/radiolifefm.com.br\/noticias\/#\/schema\/logo\/image\/\",\"url\":\"https:\/\/static.radiolifefm.com.br\/noticias\/wp-content\/uploads\/2019\/10\/logo-lifefm.png\",\"contentUrl\":\"https:\/\/static.radiolifefm.com.br\/noticias\/wp-content\/uploads\/2019\/10\/logo-lifefm.png\",\"width\":196,\"height\":47,\"caption\":\"R\u00e1dio Life FM\"},\"image\":{\"@id\":\"https:\/\/radiolifefm.com.br\/noticias\/#\/schema\/logo\/image\/\"},\"sameAs\":[\"https:\/\/www.facebook.com\/radiolifefm\/\",\"https:\/\/www.instagram.com\/life1079fm\/\"]},{\"@type\":\"Person\",\"@id\":\"https:\/\/radiolifefm.com.br\/noticias\/#\/schema\/person\/6339b9fac59d12b071dec680d7375d87\",\"name\":\"ritanery\",\"image\":{\"@type\":\"ImageObject\",\"inLanguage\":\"pt-BR\",\"@id\":\"https:\/\/secure.gravatar.com\/avatar\/0e37bb19071f47c0b8a23f62a903df117c5a0e75f65a0c2901562f97cd41cf86?s=96&d=mm&r=g\",\"url\":\"https:\/\/secure.gravatar.com\/avatar\/0e37bb19071f47c0b8a23f62a903df117c5a0e75f65a0c2901562f97cd41cf86?s=96&d=mm&r=g\",\"contentUrl\":\"https:\/\/secure.gravatar.com\/avatar\/0e37bb19071f47c0b8a23f62a903df117c5a0e75f65a0c2901562f97cd41cf86?s=96&d=mm&r=g\",\"caption\":\"ritanery\"}}]}<\/script>\n<!-- \/ Yoast SEO plugin. -->","yoast_head_json":{"title":"Equipes da Prefeitura de Adamantina, Energisa e empresas de telecomunica\u00e7\u00e3o realizam dia D para organiza\u00e7\u00e3o dos cabos - R\u00e1dio Life FM","robots":{"index":"index","follow":"follow","max-snippet":"max-snippet:-1","max-image-preview":"max-image-preview:large","max-video-preview":"max-video-preview:-1"},"canonical":"https:\/\/radiolifefm.com.br\/noticias\/equipes-da-prefeitura-de-adamantina-energisa-e-empresas-de-telecomunicacao-realizam-dia-d-para-organizacao-dos-cabos\/","og_locale":"pt_BR","og_type":"article","og_title":"Equipes da Prefeitura de Adamantina, Energisa e empresas de telecomunica\u00e7\u00e3o realizam dia D para organiza\u00e7\u00e3o dos cabos - R\u00e1dio Life FM","og_description":"Acontece nesta ter\u00e7a-feira (28) o Dia D, que marca o in\u00edcio das a\u00e7\u00f5es para organiza\u00e7\u00e3o de cabos inutilizados que foram instalados por empresas de telecomunica\u00e7\u00e3o que atuam em Adamantina. &nbsp; As equipes de empresas de telefonia, internet e TV a cabo, respons\u00e1veis pela execu\u00e7\u00e3o dos servi\u00e7os, se concentram na Avenida Ademar de Barros, no trecho [&hellip;]","og_url":"https:\/\/radiolifefm.com.br\/noticias\/equipes-da-prefeitura-de-adamantina-energisa-e-empresas-de-telecomunicacao-realizam-dia-d-para-organizacao-dos-cabos\/","og_site_name":"R\u00e1dio Life FM","article_publisher":"https:\/\/www.facebook.com\/radiolifefm\/","article_published_time":"2026-04-29T02:42:10+00:00","article_modified_time":"2026-04-29T03:10:03+00:00","og_image":[{"width":1600,"height":1200,"url":"https:\/\/radiolifefm.com.br\/noticias\/wp-content\/uploads\/2026\/04\/foto-1.jpeg","type":"image\/jpeg"}],"author":"ritanery","twitter_card":"summary_large_image","twitter_misc":{"Escrito por":"ritanery","Est. tempo de leitura":"3 minutos"},"schema":{"@context":"https:\/\/schema.org","@graph":[{"@type":"Article","@id":"https:\/\/radiolifefm.com.br\/noticias\/equipes-da-prefeitura-de-adamantina-energisa-e-empresas-de-telecomunicacao-realizam-dia-d-para-organizacao-dos-cabos\/#article","isPartOf":{"@id":"https:\/\/radiolifefm.com.br\/noticias\/equipes-da-prefeitura-de-adamantina-energisa-e-empresas-de-telecomunicacao-realizam-dia-d-para-organizacao-dos-cabos\/"},"author":{"name":"ritanery","@id":"https:\/\/radiolifefm.com.br\/noticias\/#\/schema\/person\/6339b9fac59d12b071dec680d7375d87"},"headline":"Equipes da Prefeitura de Adamantina, Energisa e empresas de telecomunica\u00e7\u00e3o realizam dia D para organiza\u00e7\u00e3o dos cabos","datePublished":"2026-04-29T02:42:10+00:00","dateModified":"2026-04-29T03:10:03+00:00","mainEntityOfPage":{"@id":"https:\/\/radiolifefm.com.br\/noticias\/equipes-da-prefeitura-de-adamantina-energisa-e-empresas-de-telecomunicacao-realizam-dia-d-para-organizacao-dos-cabos\/"},"wordCount":453,"publisher":{"@id":"https:\/\/radiolifefm.com.br\/noticias\/#organization"},"image":{"@id":"https:\/\/radiolifefm.com.br\/noticias\/equipes-da-prefeitura-de-adamantina-energisa-e-empresas-de-telecomunicacao-realizam-dia-d-para-organizacao-dos-cabos\/#primaryimage"},"thumbnailUrl":"https:\/\/radiolifefm.com.br\/noticias\/wp-content\/uploads\/2026\/04\/foto-1.jpeg","articleSection":["Adamantina"],"inLanguage":"pt-BR"},{"@type":"WebPage","@id":"https:\/\/radiolifefm.com.br\/noticias\/equipes-da-prefeitura-de-adamantina-energisa-e-empresas-de-telecomunicacao-realizam-dia-d-para-organizacao-dos-cabos\/","url":"https:\/\/radiolifefm.com.br\/noticias\/equipes-da-prefeitura-de-adamantina-energisa-e-empresas-de-telecomunicacao-realizam-dia-d-para-organizacao-dos-cabos\/","name":"Equipes da Prefeitura de Adamantina, Energisa e empresas de telecomunica\u00e7\u00e3o realizam dia D para organiza\u00e7\u00e3o dos cabos - R\u00e1dio Life FM","isPartOf":{"@id":"https:\/\/radiolifefm.com.br\/noticias\/#website"},"primaryImageOfPage":{"@id":"https:\/\/radiolifefm.com.br\/noticias\/equipes-da-prefeitura-de-adamantina-energisa-e-empresas-de-telecomunicacao-realizam-dia-d-para-organizacao-dos-cabos\/#primaryimage"},"image":{"@id":"https:\/\/radiolifefm.com.br\/noticias\/equipes-da-prefeitura-de-adamantina-energisa-e-empresas-de-telecomunicacao-realizam-dia-d-para-organizacao-dos-cabos\/#primaryimage"},"thumbnailUrl":"https:\/\/radiolifefm.com.br\/noticias\/wp-content\/uploads\/2026\/04\/foto-1.jpeg","datePublished":"2026-04-29T02:42:10+00:00","dateModified":"2026-04-29T03:10:03+00:00","breadcrumb":{"@id":"https:\/\/radiolifefm.com.br\/noticias\/equipes-da-prefeitura-de-adamantina-energisa-e-empresas-de-telecomunicacao-realizam-dia-d-para-organizacao-dos-cabos\/#breadcrumb"},"inLanguage":"pt-BR","potentialAction":[{"@type":"ReadAction","target":["https:\/\/radiolifefm.com.br\/noticias\/equipes-da-prefeitura-de-adamantina-energisa-e-empresas-de-telecomunicacao-realizam-dia-d-para-organizacao-dos-cabos\/"]}]},{"@type":"ImageObject","inLanguage":"pt-BR","@id":"https:\/\/radiolifefm.com.br\/noticias\/equipes-da-prefeitura-de-adamantina-energisa-e-empresas-de-telecomunicacao-realizam-dia-d-para-organizacao-dos-cabos\/#primaryimage","url":"https:\/\/radiolifefm.com.br\/noticias\/wp-content\/uploads\/2026\/04\/foto-1.jpeg","contentUrl":"https:\/\/radiolifefm.com.br\/noticias\/wp-content\/uploads\/2026\/04\/foto-1.jpeg","width":1600,"height":1200,"caption":"A\u00e7\u00e3o realizada na \u00e1rea central marca o in\u00edcio dos trabalhos para organizar os cabos no munic\u00edpio"},{"@type":"BreadcrumbList","@id":"https:\/\/radiolifefm.com.br\/noticias\/equipes-da-prefeitura-de-adamantina-energisa-e-empresas-de-telecomunicacao-realizam-dia-d-para-organizacao-dos-cabos\/#breadcrumb","itemListElement":[{"@type":"ListItem","position":1,"name":"In\u00edcio","item":"https:\/\/radiolifefm.com.br\/noticias\/"},{"@type":"ListItem","position":2,"name":"Equipes da Prefeitura de Adamantina, Energisa e empresas de telecomunica\u00e7\u00e3o realizam dia D para organiza\u00e7\u00e3o dos cabos"}]},{"@type":"WebSite","@id":"https:\/\/radiolifefm.com.br\/noticias\/#website","url":"https:\/\/radiolifefm.com.br\/noticias\/","name":"R\u00e1dio Life FM","description":"O Portal de Not\u00edcias de Adamantina","publisher":{"@id":"https:\/\/radiolifefm.com.br\/noticias\/#organization"},"alternateName":"Life FM","potentialAction":[{"@type":"SearchAction","target":{"@type":"EntryPoint","urlTemplate":"https:\/\/radiolifefm.com.br\/noticias\/?s={search_term_string}"},"query-input":{"@type":"PropertyValueSpecification","valueRequired":true,"valueName":"search_term_string"}}],"inLanguage":"pt-BR"},{"@type":"Organization","@id":"https:\/\/radiolifefm.com.br\/noticias\/#organization","name":"R\u00e1dio Life FM","alternateName":"Life FM","url":"https:\/\/radiolifefm.com.br\/noticias\/","logo":{"@type":"ImageObject","inLanguage":"pt-BR","@id":"https:\/\/radiolifefm.com.br\/noticias\/#\/schema\/logo\/image\/","url":"https:\/\/static.radiolifefm.com.br\/noticias\/wp-content\/uploads\/2019\/10\/logo-lifefm.png","contentUrl":"https:\/\/static.radiolifefm.com.br\/noticias\/wp-content\/uploads\/2019\/10\/logo-lifefm.png","width":196,"height":47,"caption":"R\u00e1dio Life FM"},"image":{"@id":"https:\/\/radiolifefm.com.br\/noticias\/#\/schema\/logo\/image\/"},"sameAs":["https:\/\/www.facebook.com\/radiolifefm\/","https:\/\/www.instagram.com\/life1079fm\/"]},{"@type":"Person","@id":"https:\/\/radiolifefm.com.br\/noticias\/#\/schema\/person\/6339b9fac59d12b071dec680d7375d87","name":"ritanery","image":{"@type":"ImageObject","inLanguage":"pt-BR","@id":"https:\/\/secure.gravatar.com\/avatar\/0e37bb19071f47c0b8a23f62a903df117c5a0e75f65a0c2901562f97cd41cf86?s=96&d=mm&r=g","url":"https:\/\/secure.gravatar.com\/avatar\/0e37bb19071f47c0b8a23f62a903df117c5a0e75f65a0c2901562f97cd41cf86?s=96&d=mm&r=g","contentUrl":"https:\/\/secure.gravatar.com\/avatar\/0e37bb19071f47c0b8a23f62a903df117c5a0e75f65a0c2901562f97cd41cf86?s=96&d=mm&r=g","caption":"ritanery"}}]}},"amp_enabled":true,"_links":{"self":[{"href":"https:\/\/radiolifefm.com.br\/noticias\/wp-json\/wp\/v2\/posts\/119545","targetHints":{"allow":["GET"]}}],"collection":[{"href":"https:\/\/radiolifefm.com.br\/noticias\/wp-json\/wp\/v2\/posts"}],"about":[{"href":"https:\/\/radiolifefm.com.br\/noticias\/wp-json\/wp\/v2\/types\/post"}],"author":[{"embeddable":true,"href":"https:\/\/radiolifefm.com.br\/noticias\/wp-json\/wp\/v2\/users\/13"}],"replies":[{"embeddable":true,"href":"https:\/\/radiolifefm.com.br\/noticias\/wp-json\/wp\/v2\/comments?post=119545"}],"version-history":[{"count":1,"href":"https:\/\/radiolifefm.com.br\/noticias\/wp-json\/wp\/v2\/posts\/119545\/revisions"}],"predecessor-version":[{"id":119547,"href":"https:\/\/radiolifefm.com.br\/noticias\/wp-json\/wp\/v2\/posts\/119545\/revisions\/119547"}],"wp:featuredmedia":[{"embeddable":true,"href":"https:\/\/radiolifefm.com.br\/noticias\/wp-json\/wp\/v2\/media\/119546"}],"wp:attachment":[{"href":"https:\/\/radiolifefm.com.br\/noticias\/wp-json\/wp\/v2\/media?parent=119545"}],"wp:term":[{"taxonomy":"category","embeddable":true,"href":"https:\/\/radiolifefm.com.br\/noticias\/wp-json\/wp\/v2\/categories?post=119545"},{"taxonomy":"post_tag","embeddable":true,"href":"https:\/\/radiolifefm.com.br\/noticias\/wp-json\/wp\/v2\/tags?post=119545"}],"curies":[{"name":"wp","href":"https:\/\/api.w.org\/{rel}","templated":true}]}}