{"id":119534,"date":"2026-04-28T23:38:22","date_gmt":"2026-04-29T02:38:22","guid":{"rendered":"https:\/\/radiolifefm.com.br\/noticias\/?p=119534"},"modified":"2026-04-29T01:32:06","modified_gmt":"2026-04-29T04:32:06","slug":"prefeitura-de-adamantina-investe-em-obras-de-infraestrutura-e-servicos-avancam-no-municipio","status":"publish","type":"post","link":"https:\/\/radiolifefm.com.br\/noticias\/prefeitura-de-adamantina-investe-em-obras-de-infraestrutura-e-servicos-avancam-no-municipio\/","title":{"rendered":"Prefeitura de Adamantina investe em obras de infraestrutura e servi\u00e7os avan\u00e7am no munic\u00edpio"},"content":{"rendered":"<div id=\"fb-root\"><\/div>\n<div><i><b>Asfalto no Itamaraty<\/b><\/i><\/div>\n<div>\nAs obras de pavimenta\u00e7\u00e3o que ligam o Jardim Brasil ao Parque Itamaraty, iniciadas no m\u00eas de mar\u00e7o, avan\u00e7am dentro do cronograma estabelecido e devem ser conclu\u00eddas em breve. A interven\u00e7\u00e3o conecta a Rua Sergipe \u00e0 Rua Saldanha Marinho, promovendo maior integra\u00e7\u00e3o entre os bairros.<br \/>\nOs servi\u00e7os incluem terraplanagem, drenagem, implanta\u00e7\u00e3o de galerias pluviais e aplica\u00e7\u00e3o de asfalto (CBUQ). A execu\u00e7\u00e3o das guias e sarjetas j\u00e1 est\u00e1 conclu\u00edda e come\u00e7ou a prepara\u00e7\u00e3o do solo, sub-base e base, para aplica\u00e7\u00e3o de asfalto que deve acontecer nos pr\u00f3ximos dias, desde que as condi\u00e7\u00f5es clim\u00e1ticas sejam favor\u00e1veis.<br \/>\nO investimento na obra \u00e9 de R$ 440.374,36 e tem como objetivo melhorar as condi\u00e7\u00f5es de mobilidade urbana, facilitando o deslocamento dos moradores e ampliando a conex\u00e3o entre os bairros.<br \/>\nA Prefeitura de Adamantina, por meio da Secretaria Municipal de Planejamento, acompanha e fiscaliza o cumprimento contratual e o andamento dos servi\u00e7os, garantindo que a execu\u00e7\u00e3o ocorra dentro dos padr\u00f5es t\u00e9cnicos de engenharia e em conformidade com o interesse p\u00fablico.<\/div>\n<div>\n<i><b>Nova ponte<\/b><\/i><\/div>\n<div>\nAs obras de constru\u00e7\u00e3o da nova ponte sobre o C\u00f3rrego Caldeiras, no prolongamento da Rua Santa Catarina, no Conjunto Habitacional M\u00e1rio Covas II, est\u00e3o praticamente conclu\u00eddas.<br \/>\nCom investimento de aproximadamente R$ 1,2 milh\u00e3o, em parceria com a Defesa Civil do Estado de S\u00e3o Paulo, a nova estrutura substitui a antiga ponte de madeira, oferecendo mais seguran\u00e7a e melhor fluxo para ve\u00edculos e pedestres, representando um avan\u00e7o significativo para o munic\u00edpio.<\/div>\n<div>\n<b><i>Banheiros no Parque dos Pioneiros<\/i><\/b><\/div>\n<div>\nTamb\u00e9m tiveram in\u00edcio os servi\u00e7os para a constru\u00e7\u00e3o de novos sanit\u00e1rios no Parque dos Pioneiros, ao lado do espa\u00e7o gastron\u00f4mico.<br \/>\nO projeto prev\u00ea uma estrutura de 112,50 m\u00b2, com banheiros feminino, masculino, acess\u00edveis e frald\u00e1rio. O investimento total \u00e9 de R$ 357.947,14, sendo R$ 200 mil provenientes de emenda parlamentar do deputado estadual Andr\u00e9 Bueno, com contrapartida municipal e articula\u00e7\u00e3o da deputada Val\u00e9ria Bolsonaro.<br \/>\nA obra tem como objetivo ampliar a infraestrutura urbana, garantindo mais conforto, acessibilidade e melhores condi\u00e7\u00f5es de uso do espa\u00e7o p\u00fablico pela popula\u00e7\u00e3o.<br \/>\nA vig\u00eancia contratual \u00e9 de 24 meses, com t\u00e9rmino previsto para 25 de mar\u00e7o de 2028, podendo ser prorrogada conforme a legisla\u00e7\u00e3o vigente.<br \/>\nA Prefeitura de Adamantina refor\u00e7a que todas as obras seguem rigorosamente as normas t\u00e9cnicas e s\u00e3o acompanhadas por fiscaliza\u00e7\u00e3o cont\u00ednua, assegurando qualidade na execu\u00e7\u00e3o, seguran\u00e7a e cumprimento dos prazos estabelecidos, em benef\u00edcio direto da popula\u00e7\u00e3o.<\/div>\n<div><\/div>\n<p><span style=\"color: #888888\"><span class=\"gmail_signature_prefix\">&#8212; <\/span><br \/>\n<\/span><\/p>\n<div class=\"gmail_signature\" dir=\"ltr\" data-smartmail=\"gmail_signature\">\n<div dir=\"ltr\">\n<div dir=\"ltr\">\n<div dir=\"ltr\">\n<div dir=\"ltr\">\n<div dir=\"ltr\">\n<div dir=\"ltr\">\n<div dir=\"ltr\">\n<div>\n<div><\/div>\n<div><span style=\"font-family: tahoma, sans-serif;font-size: xx-small\">PREFEITURA DO MUNIC\u00cdPIO DE ADAMANTINA<br \/>\n<\/span><\/div>\n<\/div>\n<div>\n<div><span style=\"font-family: tahoma, sans-serif;font-size: xx-small\">Diretor de Comunica\u00e7\u00e3o<\/span><\/div>\n<div>Caio Vasques<\/div>\n<div><\/div>\n<div>Jornalista<\/div>\n<div><span style=\"font-family: tahoma, sans-serif;font-size: xx-small\">Natacha Dominato\u00a0\u00a0<\/span><\/div>\n<\/div>\n<\/div>\n<\/div>\n<\/div>\n<\/div>\n<\/div>\n<\/div>\n<\/div>\n<\/div>\n","protected":false},"excerpt":{"rendered":"<p>Asfalto no Itamaraty As obras de pavimenta\u00e7\u00e3o que ligam o Jardim Brasil ao Parque Itamaraty, iniciadas no m\u00eas de mar\u00e7o, avan\u00e7am dentro do cronograma estabelecido e devem ser conclu\u00eddas em breve. A interven\u00e7\u00e3o conecta a Rua Sergipe \u00e0 Rua Saldanha Marinho, promovendo maior integra\u00e7\u00e3o entre os bairros. Os servi\u00e7os incluem terraplanagem, drenagem, implanta\u00e7\u00e3o de galerias [&hellip;]<\/p>\n","protected":false},"author":13,"featured_media":119536,"comment_status":"closed","ping_status":"open","sticky":false,"template":"","format":"standard","meta":{"_acf_changed":false,"_exactmetrics_skip_tracking":false,"_exactmetrics_sitenote_active":false,"_exactmetrics_sitenote_note":"","_exactmetrics_sitenote_category":0,"footnotes":""},"categories":[21],"tags":[],"class_list":["post-119534","post","type-post","status-publish","format-standard","has-post-thumbnail","hentry","category-adamantina"],"acf":[],"yoast_head":"<!-- This site is optimized with the Yoast SEO plugin v27.2 - https:\/\/yoast.com\/product\/yoast-seo-wordpress\/ -->\n<title>Prefeitura de Adamantina investe em obras de infraestrutura e servi\u00e7os avan\u00e7am no munic\u00edpio - R\u00e1dio Life FM<\/title>\n<meta name=\"robots\" content=\"index, follow, max-snippet:-1, max-image-preview:large, max-video-preview:-1\" \/>\n<link rel=\"canonical\" href=\"https:\/\/radiolifefm.com.br\/noticias\/prefeitura-de-adamantina-investe-em-obras-de-infraestrutura-e-servicos-avancam-no-municipio\/\" \/>\n<meta property=\"og:locale\" content=\"pt_BR\" \/>\n<meta property=\"og:type\" content=\"article\" \/>\n<meta property=\"og:title\" content=\"Prefeitura de Adamantina investe em obras de infraestrutura e servi\u00e7os avan\u00e7am no munic\u00edpio - R\u00e1dio Life FM\" \/>\n<meta property=\"og:description\" content=\"Asfalto no Itamaraty As obras de pavimenta\u00e7\u00e3o que ligam o Jardim Brasil ao Parque Itamaraty, iniciadas no m\u00eas de mar\u00e7o, avan\u00e7am dentro do cronograma estabelecido e devem ser conclu\u00eddas em breve. A interven\u00e7\u00e3o conecta a Rua Sergipe \u00e0 Rua Saldanha Marinho, promovendo maior integra\u00e7\u00e3o entre os bairros. Os servi\u00e7os incluem terraplanagem, drenagem, implanta\u00e7\u00e3o de galerias [&hellip;]\" \/>\n<meta property=\"og:url\" content=\"https:\/\/radiolifefm.com.br\/noticias\/prefeitura-de-adamantina-investe-em-obras-de-infraestrutura-e-servicos-avancam-no-municipio\/\" \/>\n<meta property=\"og:site_name\" content=\"R\u00e1dio Life FM\" \/>\n<meta property=\"article:publisher\" content=\"https:\/\/www.facebook.com\/radiolifefm\/\" \/>\n<meta property=\"article:published_time\" content=\"2026-04-29T02:38:22+00:00\" \/>\n<meta property=\"article:modified_time\" content=\"2026-04-29T04:32:06+00:00\" \/>\n<meta property=\"og:image\" content=\"https:\/\/radiolifefm.com.br\/noticias\/wp-content\/uploads\/2026\/04\/WhatsApp-Image-2026-04-28-at-14.37.57-1.jpeg\" \/>\n\t<meta property=\"og:image:width\" content=\"1600\" \/>\n\t<meta property=\"og:image:height\" content=\"1200\" \/>\n\t<meta property=\"og:image:type\" content=\"image\/jpeg\" \/>\n<meta name=\"author\" content=\"ritanery\" \/>\n<meta name=\"twitter:card\" content=\"summary_large_image\" \/>\n<meta name=\"twitter:label1\" content=\"Escrito por\" \/>\n\t<meta name=\"twitter:data1\" content=\"ritanery\" \/>\n\t<meta name=\"twitter:label2\" content=\"Est. tempo de leitura\" \/>\n\t<meta name=\"twitter:data2\" content=\"3 minutos\" \/>\n<script type=\"application\/ld+json\" class=\"yoast-schema-graph\">{\"@context\":\"https:\/\/schema.org\",\"@graph\":[{\"@type\":\"Article\",\"@id\":\"https:\/\/radiolifefm.com.br\/noticias\/prefeitura-de-adamantina-investe-em-obras-de-infraestrutura-e-servicos-avancam-no-municipio\/#article\",\"isPartOf\":{\"@id\":\"https:\/\/radiolifefm.com.br\/noticias\/prefeitura-de-adamantina-investe-em-obras-de-infraestrutura-e-servicos-avancam-no-municipio\/\"},\"author\":{\"name\":\"ritanery\",\"@id\":\"https:\/\/radiolifefm.com.br\/noticias\/#\/schema\/person\/6339b9fac59d12b071dec680d7375d87\"},\"headline\":\"Prefeitura de Adamantina investe em obras de infraestrutura e servi\u00e7os avan\u00e7am no munic\u00edpio\",\"datePublished\":\"2026-04-29T02:38:22+00:00\",\"dateModified\":\"2026-04-29T04:32:06+00:00\",\"mainEntityOfPage\":{\"@id\":\"https:\/\/radiolifefm.com.br\/noticias\/prefeitura-de-adamantina-investe-em-obras-de-infraestrutura-e-servicos-avancam-no-municipio\/\"},\"wordCount\":473,\"publisher\":{\"@id\":\"https:\/\/radiolifefm.com.br\/noticias\/#organization\"},\"image\":{\"@id\":\"https:\/\/radiolifefm.com.br\/noticias\/prefeitura-de-adamantina-investe-em-obras-de-infraestrutura-e-servicos-avancam-no-municipio\/#primaryimage\"},\"thumbnailUrl\":\"https:\/\/radiolifefm.com.br\/noticias\/wp-content\/uploads\/2026\/04\/WhatsApp-Image-2026-04-28-at-14.37.57-1.jpeg\",\"articleSection\":[\"Adamantina\"],\"inLanguage\":\"pt-BR\"},{\"@type\":\"WebPage\",\"@id\":\"https:\/\/radiolifefm.com.br\/noticias\/prefeitura-de-adamantina-investe-em-obras-de-infraestrutura-e-servicos-avancam-no-municipio\/\",\"url\":\"https:\/\/radiolifefm.com.br\/noticias\/prefeitura-de-adamantina-investe-em-obras-de-infraestrutura-e-servicos-avancam-no-municipio\/\",\"name\":\"Prefeitura de Adamantina investe em obras de infraestrutura e servi\u00e7os avan\u00e7am no munic\u00edpio - R\u00e1dio Life FM\",\"isPartOf\":{\"@id\":\"https:\/\/radiolifefm.com.br\/noticias\/#website\"},\"primaryImageOfPage\":{\"@id\":\"https:\/\/radiolifefm.com.br\/noticias\/prefeitura-de-adamantina-investe-em-obras-de-infraestrutura-e-servicos-avancam-no-municipio\/#primaryimage\"},\"image\":{\"@id\":\"https:\/\/radiolifefm.com.br\/noticias\/prefeitura-de-adamantina-investe-em-obras-de-infraestrutura-e-servicos-avancam-no-municipio\/#primaryimage\"},\"thumbnailUrl\":\"https:\/\/radiolifefm.com.br\/noticias\/wp-content\/uploads\/2026\/04\/WhatsApp-Image-2026-04-28-at-14.37.57-1.jpeg\",\"datePublished\":\"2026-04-29T02:38:22+00:00\",\"dateModified\":\"2026-04-29T04:32:06+00:00\",\"breadcrumb\":{\"@id\":\"https:\/\/radiolifefm.com.br\/noticias\/prefeitura-de-adamantina-investe-em-obras-de-infraestrutura-e-servicos-avancam-no-municipio\/#breadcrumb\"},\"inLanguage\":\"pt-BR\",\"potentialAction\":[{\"@type\":\"ReadAction\",\"target\":[\"https:\/\/radiolifefm.com.br\/noticias\/prefeitura-de-adamantina-investe-em-obras-de-infraestrutura-e-servicos-avancam-no-municipio\/\"]}]},{\"@type\":\"ImageObject\",\"inLanguage\":\"pt-BR\",\"@id\":\"https:\/\/radiolifefm.com.br\/noticias\/prefeitura-de-adamantina-investe-em-obras-de-infraestrutura-e-servicos-avancam-no-municipio\/#primaryimage\",\"url\":\"https:\/\/radiolifefm.com.br\/noticias\/wp-content\/uploads\/2026\/04\/WhatsApp-Image-2026-04-28-at-14.37.57-1.jpeg\",\"contentUrl\":\"https:\/\/radiolifefm.com.br\/noticias\/wp-content\/uploads\/2026\/04\/WhatsApp-Image-2026-04-28-at-14.37.57-1.jpeg\",\"width\":1600,\"height\":1200,\"caption\":\"A Prefeitura de Adamantina segue avan\u00e7ando com importantes obras de infraestrutura urbana em diferentes regi\u00f5es da cidade, com investimentos que visam melhorar a mobilidade, a seguran\u00e7a e a qualidade de vida da popula\u00e7\u00e3o.\"},{\"@type\":\"BreadcrumbList\",\"@id\":\"https:\/\/radiolifefm.com.br\/noticias\/prefeitura-de-adamantina-investe-em-obras-de-infraestrutura-e-servicos-avancam-no-municipio\/#breadcrumb\",\"itemListElement\":[{\"@type\":\"ListItem\",\"position\":1,\"name\":\"In\u00edcio\",\"item\":\"https:\/\/radiolifefm.com.br\/noticias\/\"},{\"@type\":\"ListItem\",\"position\":2,\"name\":\"Prefeitura de Adamantina investe em obras de infraestrutura e servi\u00e7os avan\u00e7am no munic\u00edpio\"}]},{\"@type\":\"WebSite\",\"@id\":\"https:\/\/radiolifefm.com.br\/noticias\/#website\",\"url\":\"https:\/\/radiolifefm.com.br\/noticias\/\",\"name\":\"R\u00e1dio Life FM\",\"description\":\"O Portal de Not\u00edcias de Adamantina\",\"publisher\":{\"@id\":\"https:\/\/radiolifefm.com.br\/noticias\/#organization\"},\"alternateName\":\"Life FM\",\"potentialAction\":[{\"@type\":\"SearchAction\",\"target\":{\"@type\":\"EntryPoint\",\"urlTemplate\":\"https:\/\/radiolifefm.com.br\/noticias\/?s={search_term_string}\"},\"query-input\":{\"@type\":\"PropertyValueSpecification\",\"valueRequired\":true,\"valueName\":\"search_term_string\"}}],\"inLanguage\":\"pt-BR\"},{\"@type\":\"Organization\",\"@id\":\"https:\/\/radiolifefm.com.br\/noticias\/#organization\",\"name\":\"R\u00e1dio Life FM\",\"alternateName\":\"Life FM\",\"url\":\"https:\/\/radiolifefm.com.br\/noticias\/\",\"logo\":{\"@type\":\"ImageObject\",\"inLanguage\":\"pt-BR\",\"@id\":\"https:\/\/radiolifefm.com.br\/noticias\/#\/schema\/logo\/image\/\",\"url\":\"https:\/\/static.radiolifefm.com.br\/noticias\/wp-content\/uploads\/2019\/10\/logo-lifefm.png\",\"contentUrl\":\"https:\/\/static.radiolifefm.com.br\/noticias\/wp-content\/uploads\/2019\/10\/logo-lifefm.png\",\"width\":196,\"height\":47,\"caption\":\"R\u00e1dio Life FM\"},\"image\":{\"@id\":\"https:\/\/radiolifefm.com.br\/noticias\/#\/schema\/logo\/image\/\"},\"sameAs\":[\"https:\/\/www.facebook.com\/radiolifefm\/\",\"https:\/\/www.instagram.com\/life1079fm\/\"]},{\"@type\":\"Person\",\"@id\":\"https:\/\/radiolifefm.com.br\/noticias\/#\/schema\/person\/6339b9fac59d12b071dec680d7375d87\",\"name\":\"ritanery\",\"image\":{\"@type\":\"ImageObject\",\"inLanguage\":\"pt-BR\",\"@id\":\"https:\/\/secure.gravatar.com\/avatar\/0e37bb19071f47c0b8a23f62a903df117c5a0e75f65a0c2901562f97cd41cf86?s=96&d=mm&r=g\",\"url\":\"https:\/\/secure.gravatar.com\/avatar\/0e37bb19071f47c0b8a23f62a903df117c5a0e75f65a0c2901562f97cd41cf86?s=96&d=mm&r=g\",\"contentUrl\":\"https:\/\/secure.gravatar.com\/avatar\/0e37bb19071f47c0b8a23f62a903df117c5a0e75f65a0c2901562f97cd41cf86?s=96&d=mm&r=g\",\"caption\":\"ritanery\"}}]}<\/script>\n<!-- \/ Yoast SEO plugin. -->","yoast_head_json":{"title":"Prefeitura de Adamantina investe em obras de infraestrutura e servi\u00e7os avan\u00e7am no munic\u00edpio - R\u00e1dio Life FM","robots":{"index":"index","follow":"follow","max-snippet":"max-snippet:-1","max-image-preview":"max-image-preview:large","max-video-preview":"max-video-preview:-1"},"canonical":"https:\/\/radiolifefm.com.br\/noticias\/prefeitura-de-adamantina-investe-em-obras-de-infraestrutura-e-servicos-avancam-no-municipio\/","og_locale":"pt_BR","og_type":"article","og_title":"Prefeitura de Adamantina investe em obras de infraestrutura e servi\u00e7os avan\u00e7am no munic\u00edpio - R\u00e1dio Life FM","og_description":"Asfalto no Itamaraty As obras de pavimenta\u00e7\u00e3o que ligam o Jardim Brasil ao Parque Itamaraty, iniciadas no m\u00eas de mar\u00e7o, avan\u00e7am dentro do cronograma estabelecido e devem ser conclu\u00eddas em breve. A interven\u00e7\u00e3o conecta a Rua Sergipe \u00e0 Rua Saldanha Marinho, promovendo maior integra\u00e7\u00e3o entre os bairros. Os servi\u00e7os incluem terraplanagem, drenagem, implanta\u00e7\u00e3o de galerias [&hellip;]","og_url":"https:\/\/radiolifefm.com.br\/noticias\/prefeitura-de-adamantina-investe-em-obras-de-infraestrutura-e-servicos-avancam-no-municipio\/","og_site_name":"R\u00e1dio Life FM","article_publisher":"https:\/\/www.facebook.com\/radiolifefm\/","article_published_time":"2026-04-29T02:38:22+00:00","article_modified_time":"2026-04-29T04:32:06+00:00","og_image":[{"width":1600,"height":1200,"url":"https:\/\/radiolifefm.com.br\/noticias\/wp-content\/uploads\/2026\/04\/WhatsApp-Image-2026-04-28-at-14.37.57-1.jpeg","type":"image\/jpeg"}],"author":"ritanery","twitter_card":"summary_large_image","twitter_misc":{"Escrito por":"ritanery","Est. tempo de leitura":"3 minutos"},"schema":{"@context":"https:\/\/schema.org","@graph":[{"@type":"Article","@id":"https:\/\/radiolifefm.com.br\/noticias\/prefeitura-de-adamantina-investe-em-obras-de-infraestrutura-e-servicos-avancam-no-municipio\/#article","isPartOf":{"@id":"https:\/\/radiolifefm.com.br\/noticias\/prefeitura-de-adamantina-investe-em-obras-de-infraestrutura-e-servicos-avancam-no-municipio\/"},"author":{"name":"ritanery","@id":"https:\/\/radiolifefm.com.br\/noticias\/#\/schema\/person\/6339b9fac59d12b071dec680d7375d87"},"headline":"Prefeitura de Adamantina investe em obras de infraestrutura e servi\u00e7os avan\u00e7am no munic\u00edpio","datePublished":"2026-04-29T02:38:22+00:00","dateModified":"2026-04-29T04:32:06+00:00","mainEntityOfPage":{"@id":"https:\/\/radiolifefm.com.br\/noticias\/prefeitura-de-adamantina-investe-em-obras-de-infraestrutura-e-servicos-avancam-no-municipio\/"},"wordCount":473,"publisher":{"@id":"https:\/\/radiolifefm.com.br\/noticias\/#organization"},"image":{"@id":"https:\/\/radiolifefm.com.br\/noticias\/prefeitura-de-adamantina-investe-em-obras-de-infraestrutura-e-servicos-avancam-no-municipio\/#primaryimage"},"thumbnailUrl":"https:\/\/radiolifefm.com.br\/noticias\/wp-content\/uploads\/2026\/04\/WhatsApp-Image-2026-04-28-at-14.37.57-1.jpeg","articleSection":["Adamantina"],"inLanguage":"pt-BR"},{"@type":"WebPage","@id":"https:\/\/radiolifefm.com.br\/noticias\/prefeitura-de-adamantina-investe-em-obras-de-infraestrutura-e-servicos-avancam-no-municipio\/","url":"https:\/\/radiolifefm.com.br\/noticias\/prefeitura-de-adamantina-investe-em-obras-de-infraestrutura-e-servicos-avancam-no-municipio\/","name":"Prefeitura de Adamantina investe em obras de infraestrutura e servi\u00e7os avan\u00e7am no munic\u00edpio - R\u00e1dio Life FM","isPartOf":{"@id":"https:\/\/radiolifefm.com.br\/noticias\/#website"},"primaryImageOfPage":{"@id":"https:\/\/radiolifefm.com.br\/noticias\/prefeitura-de-adamantina-investe-em-obras-de-infraestrutura-e-servicos-avancam-no-municipio\/#primaryimage"},"image":{"@id":"https:\/\/radiolifefm.com.br\/noticias\/prefeitura-de-adamantina-investe-em-obras-de-infraestrutura-e-servicos-avancam-no-municipio\/#primaryimage"},"thumbnailUrl":"https:\/\/radiolifefm.com.br\/noticias\/wp-content\/uploads\/2026\/04\/WhatsApp-Image-2026-04-28-at-14.37.57-1.jpeg","datePublished":"2026-04-29T02:38:22+00:00","dateModified":"2026-04-29T04:32:06+00:00","breadcrumb":{"@id":"https:\/\/radiolifefm.com.br\/noticias\/prefeitura-de-adamantina-investe-em-obras-de-infraestrutura-e-servicos-avancam-no-municipio\/#breadcrumb"},"inLanguage":"pt-BR","potentialAction":[{"@type":"ReadAction","target":["https:\/\/radiolifefm.com.br\/noticias\/prefeitura-de-adamantina-investe-em-obras-de-infraestrutura-e-servicos-avancam-no-municipio\/"]}]},{"@type":"ImageObject","inLanguage":"pt-BR","@id":"https:\/\/radiolifefm.com.br\/noticias\/prefeitura-de-adamantina-investe-em-obras-de-infraestrutura-e-servicos-avancam-no-municipio\/#primaryimage","url":"https:\/\/radiolifefm.com.br\/noticias\/wp-content\/uploads\/2026\/04\/WhatsApp-Image-2026-04-28-at-14.37.57-1.jpeg","contentUrl":"https:\/\/radiolifefm.com.br\/noticias\/wp-content\/uploads\/2026\/04\/WhatsApp-Image-2026-04-28-at-14.37.57-1.jpeg","width":1600,"height":1200,"caption":"A Prefeitura de Adamantina segue avan\u00e7ando com importantes obras de infraestrutura urbana em diferentes regi\u00f5es da cidade, com investimentos que visam melhorar a mobilidade, a seguran\u00e7a e a qualidade de vida da popula\u00e7\u00e3o."},{"@type":"BreadcrumbList","@id":"https:\/\/radiolifefm.com.br\/noticias\/prefeitura-de-adamantina-investe-em-obras-de-infraestrutura-e-servicos-avancam-no-municipio\/#breadcrumb","itemListElement":[{"@type":"ListItem","position":1,"name":"In\u00edcio","item":"https:\/\/radiolifefm.com.br\/noticias\/"},{"@type":"ListItem","position":2,"name":"Prefeitura de Adamantina investe em obras de infraestrutura e servi\u00e7os avan\u00e7am no munic\u00edpio"}]},{"@type":"WebSite","@id":"https:\/\/radiolifefm.com.br\/noticias\/#website","url":"https:\/\/radiolifefm.com.br\/noticias\/","name":"R\u00e1dio Life FM","description":"O Portal de Not\u00edcias de Adamantina","publisher":{"@id":"https:\/\/radiolifefm.com.br\/noticias\/#organization"},"alternateName":"Life FM","potentialAction":[{"@type":"SearchAction","target":{"@type":"EntryPoint","urlTemplate":"https:\/\/radiolifefm.com.br\/noticias\/?s={search_term_string}"},"query-input":{"@type":"PropertyValueSpecification","valueRequired":true,"valueName":"search_term_string"}}],"inLanguage":"pt-BR"},{"@type":"Organization","@id":"https:\/\/radiolifefm.com.br\/noticias\/#organization","name":"R\u00e1dio Life FM","alternateName":"Life FM","url":"https:\/\/radiolifefm.com.br\/noticias\/","logo":{"@type":"ImageObject","inLanguage":"pt-BR","@id":"https:\/\/radiolifefm.com.br\/noticias\/#\/schema\/logo\/image\/","url":"https:\/\/static.radiolifefm.com.br\/noticias\/wp-content\/uploads\/2019\/10\/logo-lifefm.png","contentUrl":"https:\/\/static.radiolifefm.com.br\/noticias\/wp-content\/uploads\/2019\/10\/logo-lifefm.png","width":196,"height":47,"caption":"R\u00e1dio Life FM"},"image":{"@id":"https:\/\/radiolifefm.com.br\/noticias\/#\/schema\/logo\/image\/"},"sameAs":["https:\/\/www.facebook.com\/radiolifefm\/","https:\/\/www.instagram.com\/life1079fm\/"]},{"@type":"Person","@id":"https:\/\/radiolifefm.com.br\/noticias\/#\/schema\/person\/6339b9fac59d12b071dec680d7375d87","name":"ritanery","image":{"@type":"ImageObject","inLanguage":"pt-BR","@id":"https:\/\/secure.gravatar.com\/avatar\/0e37bb19071f47c0b8a23f62a903df117c5a0e75f65a0c2901562f97cd41cf86?s=96&d=mm&r=g","url":"https:\/\/secure.gravatar.com\/avatar\/0e37bb19071f47c0b8a23f62a903df117c5a0e75f65a0c2901562f97cd41cf86?s=96&d=mm&r=g","contentUrl":"https:\/\/secure.gravatar.com\/avatar\/0e37bb19071f47c0b8a23f62a903df117c5a0e75f65a0c2901562f97cd41cf86?s=96&d=mm&r=g","caption":"ritanery"}}]}},"amp_enabled":true,"_links":{"self":[{"href":"https:\/\/radiolifefm.com.br\/noticias\/wp-json\/wp\/v2\/posts\/119534","targetHints":{"allow":["GET"]}}],"collection":[{"href":"https:\/\/radiolifefm.com.br\/noticias\/wp-json\/wp\/v2\/posts"}],"about":[{"href":"https:\/\/radiolifefm.com.br\/noticias\/wp-json\/wp\/v2\/types\/post"}],"author":[{"embeddable":true,"href":"https:\/\/radiolifefm.com.br\/noticias\/wp-json\/wp\/v2\/users\/13"}],"replies":[{"embeddable":true,"href":"https:\/\/radiolifefm.com.br\/noticias\/wp-json\/wp\/v2\/comments?post=119534"}],"version-history":[{"count":5,"href":"https:\/\/radiolifefm.com.br\/noticias\/wp-json\/wp\/v2\/posts\/119534\/revisions"}],"predecessor-version":[{"id":119541,"href":"https:\/\/radiolifefm.com.br\/noticias\/wp-json\/wp\/v2\/posts\/119534\/revisions\/119541"}],"wp:featuredmedia":[{"embeddable":true,"href":"https:\/\/radiolifefm.com.br\/noticias\/wp-json\/wp\/v2\/media\/119536"}],"wp:attachment":[{"href":"https:\/\/radiolifefm.com.br\/noticias\/wp-json\/wp\/v2\/media?parent=119534"}],"wp:term":[{"taxonomy":"category","embeddable":true,"href":"https:\/\/radiolifefm.com.br\/noticias\/wp-json\/wp\/v2\/categories?post=119534"},{"taxonomy":"post_tag","embeddable":true,"href":"https:\/\/radiolifefm.com.br\/noticias\/wp-json\/wp\/v2\/tags?post=119534"}],"curies":[{"name":"wp","href":"https:\/\/api.w.org\/{rel}","templated":true}]}}