{"id":119531,"date":"2026-04-28T23:36:20","date_gmt":"2026-04-29T02:36:20","guid":{"rendered":"https:\/\/radiolifefm.com.br\/noticias\/?p=119531"},"modified":"2026-04-29T02:28:53","modified_gmt":"2026-04-29T05:28:53","slug":"adamantina-marca-presenca-na-agrishow-2026-com-foco-em-inovacao-e-desenvolvimento-do-agro","status":"publish","type":"post","link":"https:\/\/radiolifefm.com.br\/noticias\/adamantina-marca-presenca-na-agrishow-2026-com-foco-em-inovacao-e-desenvolvimento-do-agro\/","title":{"rendered":"Adamantina marca presen\u00e7a na Agrishow 2026 com foco em inova\u00e7\u00e3o e desenvolvimento do agro"},"content":{"rendered":"<div id=\"fb-root\"><\/div>\n<p>Com foco em inova\u00e7\u00e3o e inclus\u00e3o no campo, a Agrishow 2026, iniciada na \u00faltima segunda-feira (27 de abril), em Ribeir\u00e3o Preto (SP), segue consolidando-se como um dos principais eventos do agroneg\u00f3cio na Am\u00e9rica Latina.<\/p>\n<p>&nbsp;<\/p>\n<p>Reconhecida como a maior feira de tecnologia agr\u00edcola da regi\u00e3o, a Agrishow re\u00fane lan\u00e7amentos, tend\u00eancias e solu\u00e7\u00f5es que impulsionam o desenvolvimento do setor, refor\u00e7ando seu papel na moderniza\u00e7\u00e3o, produtividade e inclus\u00e3o no campo.<\/p>\n<p>&nbsp;<\/p>\n<p>A Prefeitura de Adamantina esteve representada no evento pelo prefeito Jos\u00e9 Carlos Martins Tiveron e pelas representantes da Secretaria Municipal de Agricultura, Abastecimento e Meio Ambiente: D\u00e9bora Simone Queiroz Cec\u00edlio, diretora de Agricultura, e Paula Mariko Hatsumura Shioda, t\u00e9cnica em Meio Ambiente e interlocutora do programa Munic\u00edpio Agro. A comitiva participou das atividades na ter\u00e7a-feira (28 de abril), ocasi\u00e3o em que tamb\u00e9m foi realizada a assinatura de novo conv\u00eanio do Ranking Paulista Munic\u00edpio Agro.<\/p>\n<p>&nbsp;<\/p>\n<p>Na edi\u00e7\u00e3o passada 2024\/2025, Adamantina foi destaque ao conquistar a primeira coloca\u00e7\u00e3o no Grupo 2 (munic\u00edpios com PIB entre R$ 500 milh\u00f5es e R$ 3 bilh\u00f5es) no Ranking Paulista Munic\u00edpio Agro \u2013 ciclo 2024\/2025 (7\u00aa edi\u00e7\u00e3o), promovido pela Secretaria de Agricultura e Abastecimento do Estado de S\u00e3o Paulo.<\/p>\n<p>&nbsp;<\/p>\n<p>Naquela edi\u00e7\u00e3o, 90 cidades foram premiadas entre os 125 munic\u00edpios certificados, recebendo recursos financeiros como reconhecimento pelas boas pr\u00e1ticas na execu\u00e7\u00e3o de pol\u00edticas p\u00fablicas voltadas ao desenvolvimento agropecu\u00e1rio. Como primeira colocada em seu grupo, Adamantina foi contemplada com o valor de R$ 200 mil.<\/p>\n<p>&nbsp;<\/p>\n<p><strong><em>Agrishow 2026<\/em><\/strong><\/p>\n<p>&nbsp;<\/p>\n<p>Na sua 30\u00aa edi\u00e7\u00e3o, realizada em 2025, a Agrishow registrou R$ 14,6 bilh\u00f5es em inten\u00e7\u00f5es de neg\u00f3cios, com crescimento de 7% em rela\u00e7\u00e3o ao ano anterior, al\u00e9m de recorde de p\u00fablico, com 197 mil visitantes e mais de 800 marcas expositoras em uma \u00e1rea de 520 mil m\u00b2.<\/p>\n<p>&nbsp;<\/p>\n<p>A feira reafirma seu papel como um importante espa\u00e7o de conex\u00e3o entre pequenos, m\u00e9dios e grandes produtores, promovendo o acesso \u00e0 tecnologia agr\u00edcola e incentivando o desenvolvimento do setor.<\/p>\n<p>&nbsp;<\/p>\n<p>A participa\u00e7\u00e3o de Adamantina no evento refor\u00e7a o compromisso da administra\u00e7\u00e3o municipal em acompanhar as tend\u00eancias do agroneg\u00f3cio, incentivar a qualifica\u00e7\u00e3o dos produtores e fortalecer parcerias estrat\u00e9gicas, reconhecendo o setor como um dos pilares do desenvolvimento econ\u00f4mico local e regional.<\/p>\n<p>&nbsp;<\/p>\n<div>\n<div><span style=\"font-family: tahoma, sans-serif;font-size: xx-small\">PREFEITURA DO MUNIC\u00cdPIO DE ADAMANTINA<br \/>\n<\/span><\/div>\n<\/div>\n<div>\n<div><span style=\"font-family: tahoma, sans-serif;font-size: xx-small\">Diretor de Comunica\u00e7\u00e3o<\/span><\/div>\n<div>Caio Vasques<\/div>\n<div><\/div>\n<div>Jornalista<\/div>\n<div><span style=\"font-family: tahoma, sans-serif;font-size: xx-small\">Natacha Dominato\u00a0\u00a0<\/span><\/div>\n<\/div>\n","protected":false},"excerpt":{"rendered":"<p>Com foco em inova\u00e7\u00e3o e inclus\u00e3o no campo, a Agrishow 2026, iniciada na \u00faltima segunda-feira (27 de abril), em Ribeir\u00e3o Preto (SP), segue consolidando-se como um dos principais eventos do agroneg\u00f3cio na Am\u00e9rica Latina. &nbsp; Reconhecida como a maior feira de tecnologia agr\u00edcola da regi\u00e3o, a Agrishow re\u00fane lan\u00e7amentos, tend\u00eancias e solu\u00e7\u00f5es que impulsionam o [&hellip;]<\/p>\n","protected":false},"author":13,"featured_media":119532,"comment_status":"closed","ping_status":"open","sticky":false,"template":"","format":"standard","meta":{"_acf_changed":false,"_exactmetrics_skip_tracking":false,"_exactmetrics_sitenote_active":false,"_exactmetrics_sitenote_note":"","_exactmetrics_sitenote_category":0,"footnotes":""},"categories":[21],"tags":[],"class_list":["post-119531","post","type-post","status-publish","format-standard","has-post-thumbnail","hentry","category-adamantina"],"acf":[],"yoast_head":"<!-- This site is optimized with the Yoast SEO plugin v27.2 - https:\/\/yoast.com\/product\/yoast-seo-wordpress\/ -->\n<title>Adamantina marca presen\u00e7a na Agrishow 2026 com foco em inova\u00e7\u00e3o e desenvolvimento do agro - R\u00e1dio Life FM<\/title>\n<meta name=\"robots\" content=\"index, follow, max-snippet:-1, max-image-preview:large, max-video-preview:-1\" \/>\n<link rel=\"canonical\" href=\"https:\/\/radiolifefm.com.br\/noticias\/adamantina-marca-presenca-na-agrishow-2026-com-foco-em-inovacao-e-desenvolvimento-do-agro\/\" \/>\n<meta property=\"og:locale\" content=\"pt_BR\" \/>\n<meta property=\"og:type\" content=\"article\" \/>\n<meta property=\"og:title\" content=\"Adamantina marca presen\u00e7a na Agrishow 2026 com foco em inova\u00e7\u00e3o e desenvolvimento do agro - R\u00e1dio Life FM\" \/>\n<meta property=\"og:description\" content=\"Com foco em inova\u00e7\u00e3o e inclus\u00e3o no campo, a Agrishow 2026, iniciada na \u00faltima segunda-feira (27 de abril), em Ribeir\u00e3o Preto (SP), segue consolidando-se como um dos principais eventos do agroneg\u00f3cio na Am\u00e9rica Latina. &nbsp; Reconhecida como a maior feira de tecnologia agr\u00edcola da regi\u00e3o, a Agrishow re\u00fane lan\u00e7amentos, tend\u00eancias e solu\u00e7\u00f5es que impulsionam o [&hellip;]\" \/>\n<meta property=\"og:url\" content=\"https:\/\/radiolifefm.com.br\/noticias\/adamantina-marca-presenca-na-agrishow-2026-com-foco-em-inovacao-e-desenvolvimento-do-agro\/\" \/>\n<meta property=\"og:site_name\" content=\"R\u00e1dio Life FM\" \/>\n<meta property=\"article:publisher\" content=\"https:\/\/www.facebook.com\/radiolifefm\/\" \/>\n<meta property=\"article:published_time\" content=\"2026-04-29T02:36:20+00:00\" \/>\n<meta property=\"article:modified_time\" content=\"2026-04-29T05:28:53+00:00\" \/>\n<meta property=\"og:image\" content=\"https:\/\/radiolifefm.com.br\/noticias\/wp-content\/uploads\/2026\/04\/WhatsApp-Image-2026-04-28-at-13.29.55.jpeg\" \/>\n\t<meta property=\"og:image:width\" content=\"1204\" \/>\n\t<meta property=\"og:image:height\" content=\"1600\" \/>\n\t<meta property=\"og:image:type\" content=\"image\/jpeg\" \/>\n<meta name=\"author\" content=\"ritanery\" \/>\n<meta name=\"twitter:card\" content=\"summary_large_image\" \/>\n<meta name=\"twitter:label1\" content=\"Escrito por\" \/>\n\t<meta name=\"twitter:data1\" content=\"ritanery\" \/>\n\t<meta name=\"twitter:label2\" content=\"Est. tempo de leitura\" \/>\n\t<meta name=\"twitter:data2\" content=\"3 minutos\" \/>\n<script type=\"application\/ld+json\" class=\"yoast-schema-graph\">{\"@context\":\"https:\/\/schema.org\",\"@graph\":[{\"@type\":\"Article\",\"@id\":\"https:\/\/radiolifefm.com.br\/noticias\/adamantina-marca-presenca-na-agrishow-2026-com-foco-em-inovacao-e-desenvolvimento-do-agro\/#article\",\"isPartOf\":{\"@id\":\"https:\/\/radiolifefm.com.br\/noticias\/adamantina-marca-presenca-na-agrishow-2026-com-foco-em-inovacao-e-desenvolvimento-do-agro\/\"},\"author\":{\"name\":\"ritanery\",\"@id\":\"https:\/\/radiolifefm.com.br\/noticias\/#\/schema\/person\/6339b9fac59d12b071dec680d7375d87\"},\"headline\":\"Adamantina marca presen\u00e7a na Agrishow 2026 com foco em inova\u00e7\u00e3o e desenvolvimento do agro\",\"datePublished\":\"2026-04-29T02:36:20+00:00\",\"dateModified\":\"2026-04-29T05:28:53+00:00\",\"mainEntityOfPage\":{\"@id\":\"https:\/\/radiolifefm.com.br\/noticias\/adamantina-marca-presenca-na-agrishow-2026-com-foco-em-inovacao-e-desenvolvimento-do-agro\/\"},\"wordCount\":426,\"publisher\":{\"@id\":\"https:\/\/radiolifefm.com.br\/noticias\/#organization\"},\"image\":{\"@id\":\"https:\/\/radiolifefm.com.br\/noticias\/adamantina-marca-presenca-na-agrishow-2026-com-foco-em-inovacao-e-desenvolvimento-do-agro\/#primaryimage\"},\"thumbnailUrl\":\"https:\/\/radiolifefm.com.br\/noticias\/wp-content\/uploads\/2026\/04\/WhatsApp-Image-2026-04-28-at-13.29.55.jpeg\",\"articleSection\":[\"Adamantina\"],\"inLanguage\":\"pt-BR\"},{\"@type\":\"WebPage\",\"@id\":\"https:\/\/radiolifefm.com.br\/noticias\/adamantina-marca-presenca-na-agrishow-2026-com-foco-em-inovacao-e-desenvolvimento-do-agro\/\",\"url\":\"https:\/\/radiolifefm.com.br\/noticias\/adamantina-marca-presenca-na-agrishow-2026-com-foco-em-inovacao-e-desenvolvimento-do-agro\/\",\"name\":\"Adamantina marca presen\u00e7a na Agrishow 2026 com foco em inova\u00e7\u00e3o e desenvolvimento do agro - R\u00e1dio Life FM\",\"isPartOf\":{\"@id\":\"https:\/\/radiolifefm.com.br\/noticias\/#website\"},\"primaryImageOfPage\":{\"@id\":\"https:\/\/radiolifefm.com.br\/noticias\/adamantina-marca-presenca-na-agrishow-2026-com-foco-em-inovacao-e-desenvolvimento-do-agro\/#primaryimage\"},\"image\":{\"@id\":\"https:\/\/radiolifefm.com.br\/noticias\/adamantina-marca-presenca-na-agrishow-2026-com-foco-em-inovacao-e-desenvolvimento-do-agro\/#primaryimage\"},\"thumbnailUrl\":\"https:\/\/radiolifefm.com.br\/noticias\/wp-content\/uploads\/2026\/04\/WhatsApp-Image-2026-04-28-at-13.29.55.jpeg\",\"datePublished\":\"2026-04-29T02:36:20+00:00\",\"dateModified\":\"2026-04-29T05:28:53+00:00\",\"breadcrumb\":{\"@id\":\"https:\/\/radiolifefm.com.br\/noticias\/adamantina-marca-presenca-na-agrishow-2026-com-foco-em-inovacao-e-desenvolvimento-do-agro\/#breadcrumb\"},\"inLanguage\":\"pt-BR\",\"potentialAction\":[{\"@type\":\"ReadAction\",\"target\":[\"https:\/\/radiolifefm.com.br\/noticias\/adamantina-marca-presenca-na-agrishow-2026-com-foco-em-inovacao-e-desenvolvimento-do-agro\/\"]}]},{\"@type\":\"ImageObject\",\"inLanguage\":\"pt-BR\",\"@id\":\"https:\/\/radiolifefm.com.br\/noticias\/adamantina-marca-presenca-na-agrishow-2026-com-foco-em-inovacao-e-desenvolvimento-do-agro\/#primaryimage\",\"url\":\"https:\/\/radiolifefm.com.br\/noticias\/wp-content\/uploads\/2026\/04\/WhatsApp-Image-2026-04-28-at-13.29.55.jpeg\",\"contentUrl\":\"https:\/\/radiolifefm.com.br\/noticias\/wp-content\/uploads\/2026\/04\/WhatsApp-Image-2026-04-28-at-13.29.55.jpeg\",\"width\":1204,\"height\":1600},{\"@type\":\"BreadcrumbList\",\"@id\":\"https:\/\/radiolifefm.com.br\/noticias\/adamantina-marca-presenca-na-agrishow-2026-com-foco-em-inovacao-e-desenvolvimento-do-agro\/#breadcrumb\",\"itemListElement\":[{\"@type\":\"ListItem\",\"position\":1,\"name\":\"In\u00edcio\",\"item\":\"https:\/\/radiolifefm.com.br\/noticias\/\"},{\"@type\":\"ListItem\",\"position\":2,\"name\":\"Adamantina marca presen\u00e7a na Agrishow 2026 com foco em inova\u00e7\u00e3o e desenvolvimento do agro\"}]},{\"@type\":\"WebSite\",\"@id\":\"https:\/\/radiolifefm.com.br\/noticias\/#website\",\"url\":\"https:\/\/radiolifefm.com.br\/noticias\/\",\"name\":\"R\u00e1dio Life FM\",\"description\":\"O Portal de Not\u00edcias de Adamantina\",\"publisher\":{\"@id\":\"https:\/\/radiolifefm.com.br\/noticias\/#organization\"},\"alternateName\":\"Life FM\",\"potentialAction\":[{\"@type\":\"SearchAction\",\"target\":{\"@type\":\"EntryPoint\",\"urlTemplate\":\"https:\/\/radiolifefm.com.br\/noticias\/?s={search_term_string}\"},\"query-input\":{\"@type\":\"PropertyValueSpecification\",\"valueRequired\":true,\"valueName\":\"search_term_string\"}}],\"inLanguage\":\"pt-BR\"},{\"@type\":\"Organization\",\"@id\":\"https:\/\/radiolifefm.com.br\/noticias\/#organization\",\"name\":\"R\u00e1dio Life FM\",\"alternateName\":\"Life FM\",\"url\":\"https:\/\/radiolifefm.com.br\/noticias\/\",\"logo\":{\"@type\":\"ImageObject\",\"inLanguage\":\"pt-BR\",\"@id\":\"https:\/\/radiolifefm.com.br\/noticias\/#\/schema\/logo\/image\/\",\"url\":\"https:\/\/static.radiolifefm.com.br\/noticias\/wp-content\/uploads\/2019\/10\/logo-lifefm.png\",\"contentUrl\":\"https:\/\/static.radiolifefm.com.br\/noticias\/wp-content\/uploads\/2019\/10\/logo-lifefm.png\",\"width\":196,\"height\":47,\"caption\":\"R\u00e1dio Life FM\"},\"image\":{\"@id\":\"https:\/\/radiolifefm.com.br\/noticias\/#\/schema\/logo\/image\/\"},\"sameAs\":[\"https:\/\/www.facebook.com\/radiolifefm\/\",\"https:\/\/www.instagram.com\/life1079fm\/\"]},{\"@type\":\"Person\",\"@id\":\"https:\/\/radiolifefm.com.br\/noticias\/#\/schema\/person\/6339b9fac59d12b071dec680d7375d87\",\"name\":\"ritanery\",\"image\":{\"@type\":\"ImageObject\",\"inLanguage\":\"pt-BR\",\"@id\":\"https:\/\/secure.gravatar.com\/avatar\/0e37bb19071f47c0b8a23f62a903df117c5a0e75f65a0c2901562f97cd41cf86?s=96&d=mm&r=g\",\"url\":\"https:\/\/secure.gravatar.com\/avatar\/0e37bb19071f47c0b8a23f62a903df117c5a0e75f65a0c2901562f97cd41cf86?s=96&d=mm&r=g\",\"contentUrl\":\"https:\/\/secure.gravatar.com\/avatar\/0e37bb19071f47c0b8a23f62a903df117c5a0e75f65a0c2901562f97cd41cf86?s=96&d=mm&r=g\",\"caption\":\"ritanery\"}}]}<\/script>\n<!-- \/ Yoast SEO plugin. -->","yoast_head_json":{"title":"Adamantina marca presen\u00e7a na Agrishow 2026 com foco em inova\u00e7\u00e3o e desenvolvimento do agro - R\u00e1dio Life FM","robots":{"index":"index","follow":"follow","max-snippet":"max-snippet:-1","max-image-preview":"max-image-preview:large","max-video-preview":"max-video-preview:-1"},"canonical":"https:\/\/radiolifefm.com.br\/noticias\/adamantina-marca-presenca-na-agrishow-2026-com-foco-em-inovacao-e-desenvolvimento-do-agro\/","og_locale":"pt_BR","og_type":"article","og_title":"Adamantina marca presen\u00e7a na Agrishow 2026 com foco em inova\u00e7\u00e3o e desenvolvimento do agro - R\u00e1dio Life FM","og_description":"Com foco em inova\u00e7\u00e3o e inclus\u00e3o no campo, a Agrishow 2026, iniciada na \u00faltima segunda-feira (27 de abril), em Ribeir\u00e3o Preto (SP), segue consolidando-se como um dos principais eventos do agroneg\u00f3cio na Am\u00e9rica Latina. &nbsp; Reconhecida como a maior feira de tecnologia agr\u00edcola da regi\u00e3o, a Agrishow re\u00fane lan\u00e7amentos, tend\u00eancias e solu\u00e7\u00f5es que impulsionam o [&hellip;]","og_url":"https:\/\/radiolifefm.com.br\/noticias\/adamantina-marca-presenca-na-agrishow-2026-com-foco-em-inovacao-e-desenvolvimento-do-agro\/","og_site_name":"R\u00e1dio Life FM","article_publisher":"https:\/\/www.facebook.com\/radiolifefm\/","article_published_time":"2026-04-29T02:36:20+00:00","article_modified_time":"2026-04-29T05:28:53+00:00","og_image":[{"width":1204,"height":1600,"url":"https:\/\/radiolifefm.com.br\/noticias\/wp-content\/uploads\/2026\/04\/WhatsApp-Image-2026-04-28-at-13.29.55.jpeg","type":"image\/jpeg"}],"author":"ritanery","twitter_card":"summary_large_image","twitter_misc":{"Escrito por":"ritanery","Est. tempo de leitura":"3 minutos"},"schema":{"@context":"https:\/\/schema.org","@graph":[{"@type":"Article","@id":"https:\/\/radiolifefm.com.br\/noticias\/adamantina-marca-presenca-na-agrishow-2026-com-foco-em-inovacao-e-desenvolvimento-do-agro\/#article","isPartOf":{"@id":"https:\/\/radiolifefm.com.br\/noticias\/adamantina-marca-presenca-na-agrishow-2026-com-foco-em-inovacao-e-desenvolvimento-do-agro\/"},"author":{"name":"ritanery","@id":"https:\/\/radiolifefm.com.br\/noticias\/#\/schema\/person\/6339b9fac59d12b071dec680d7375d87"},"headline":"Adamantina marca presen\u00e7a na Agrishow 2026 com foco em inova\u00e7\u00e3o e desenvolvimento do agro","datePublished":"2026-04-29T02:36:20+00:00","dateModified":"2026-04-29T05:28:53+00:00","mainEntityOfPage":{"@id":"https:\/\/radiolifefm.com.br\/noticias\/adamantina-marca-presenca-na-agrishow-2026-com-foco-em-inovacao-e-desenvolvimento-do-agro\/"},"wordCount":426,"publisher":{"@id":"https:\/\/radiolifefm.com.br\/noticias\/#organization"},"image":{"@id":"https:\/\/radiolifefm.com.br\/noticias\/adamantina-marca-presenca-na-agrishow-2026-com-foco-em-inovacao-e-desenvolvimento-do-agro\/#primaryimage"},"thumbnailUrl":"https:\/\/radiolifefm.com.br\/noticias\/wp-content\/uploads\/2026\/04\/WhatsApp-Image-2026-04-28-at-13.29.55.jpeg","articleSection":["Adamantina"],"inLanguage":"pt-BR"},{"@type":"WebPage","@id":"https:\/\/radiolifefm.com.br\/noticias\/adamantina-marca-presenca-na-agrishow-2026-com-foco-em-inovacao-e-desenvolvimento-do-agro\/","url":"https:\/\/radiolifefm.com.br\/noticias\/adamantina-marca-presenca-na-agrishow-2026-com-foco-em-inovacao-e-desenvolvimento-do-agro\/","name":"Adamantina marca presen\u00e7a na Agrishow 2026 com foco em inova\u00e7\u00e3o e desenvolvimento do agro - R\u00e1dio Life FM","isPartOf":{"@id":"https:\/\/radiolifefm.com.br\/noticias\/#website"},"primaryImageOfPage":{"@id":"https:\/\/radiolifefm.com.br\/noticias\/adamantina-marca-presenca-na-agrishow-2026-com-foco-em-inovacao-e-desenvolvimento-do-agro\/#primaryimage"},"image":{"@id":"https:\/\/radiolifefm.com.br\/noticias\/adamantina-marca-presenca-na-agrishow-2026-com-foco-em-inovacao-e-desenvolvimento-do-agro\/#primaryimage"},"thumbnailUrl":"https:\/\/radiolifefm.com.br\/noticias\/wp-content\/uploads\/2026\/04\/WhatsApp-Image-2026-04-28-at-13.29.55.jpeg","datePublished":"2026-04-29T02:36:20+00:00","dateModified":"2026-04-29T05:28:53+00:00","breadcrumb":{"@id":"https:\/\/radiolifefm.com.br\/noticias\/adamantina-marca-presenca-na-agrishow-2026-com-foco-em-inovacao-e-desenvolvimento-do-agro\/#breadcrumb"},"inLanguage":"pt-BR","potentialAction":[{"@type":"ReadAction","target":["https:\/\/radiolifefm.com.br\/noticias\/adamantina-marca-presenca-na-agrishow-2026-com-foco-em-inovacao-e-desenvolvimento-do-agro\/"]}]},{"@type":"ImageObject","inLanguage":"pt-BR","@id":"https:\/\/radiolifefm.com.br\/noticias\/adamantina-marca-presenca-na-agrishow-2026-com-foco-em-inovacao-e-desenvolvimento-do-agro\/#primaryimage","url":"https:\/\/radiolifefm.com.br\/noticias\/wp-content\/uploads\/2026\/04\/WhatsApp-Image-2026-04-28-at-13.29.55.jpeg","contentUrl":"https:\/\/radiolifefm.com.br\/noticias\/wp-content\/uploads\/2026\/04\/WhatsApp-Image-2026-04-28-at-13.29.55.jpeg","width":1204,"height":1600},{"@type":"BreadcrumbList","@id":"https:\/\/radiolifefm.com.br\/noticias\/adamantina-marca-presenca-na-agrishow-2026-com-foco-em-inovacao-e-desenvolvimento-do-agro\/#breadcrumb","itemListElement":[{"@type":"ListItem","position":1,"name":"In\u00edcio","item":"https:\/\/radiolifefm.com.br\/noticias\/"},{"@type":"ListItem","position":2,"name":"Adamantina marca presen\u00e7a na Agrishow 2026 com foco em inova\u00e7\u00e3o e desenvolvimento do agro"}]},{"@type":"WebSite","@id":"https:\/\/radiolifefm.com.br\/noticias\/#website","url":"https:\/\/radiolifefm.com.br\/noticias\/","name":"R\u00e1dio Life FM","description":"O Portal de Not\u00edcias de Adamantina","publisher":{"@id":"https:\/\/radiolifefm.com.br\/noticias\/#organization"},"alternateName":"Life FM","potentialAction":[{"@type":"SearchAction","target":{"@type":"EntryPoint","urlTemplate":"https:\/\/radiolifefm.com.br\/noticias\/?s={search_term_string}"},"query-input":{"@type":"PropertyValueSpecification","valueRequired":true,"valueName":"search_term_string"}}],"inLanguage":"pt-BR"},{"@type":"Organization","@id":"https:\/\/radiolifefm.com.br\/noticias\/#organization","name":"R\u00e1dio Life FM","alternateName":"Life FM","url":"https:\/\/radiolifefm.com.br\/noticias\/","logo":{"@type":"ImageObject","inLanguage":"pt-BR","@id":"https:\/\/radiolifefm.com.br\/noticias\/#\/schema\/logo\/image\/","url":"https:\/\/static.radiolifefm.com.br\/noticias\/wp-content\/uploads\/2019\/10\/logo-lifefm.png","contentUrl":"https:\/\/static.radiolifefm.com.br\/noticias\/wp-content\/uploads\/2019\/10\/logo-lifefm.png","width":196,"height":47,"caption":"R\u00e1dio Life FM"},"image":{"@id":"https:\/\/radiolifefm.com.br\/noticias\/#\/schema\/logo\/image\/"},"sameAs":["https:\/\/www.facebook.com\/radiolifefm\/","https:\/\/www.instagram.com\/life1079fm\/"]},{"@type":"Person","@id":"https:\/\/radiolifefm.com.br\/noticias\/#\/schema\/person\/6339b9fac59d12b071dec680d7375d87","name":"ritanery","image":{"@type":"ImageObject","inLanguage":"pt-BR","@id":"https:\/\/secure.gravatar.com\/avatar\/0e37bb19071f47c0b8a23f62a903df117c5a0e75f65a0c2901562f97cd41cf86?s=96&d=mm&r=g","url":"https:\/\/secure.gravatar.com\/avatar\/0e37bb19071f47c0b8a23f62a903df117c5a0e75f65a0c2901562f97cd41cf86?s=96&d=mm&r=g","contentUrl":"https:\/\/secure.gravatar.com\/avatar\/0e37bb19071f47c0b8a23f62a903df117c5a0e75f65a0c2901562f97cd41cf86?s=96&d=mm&r=g","caption":"ritanery"}}]}},"amp_enabled":true,"_links":{"self":[{"href":"https:\/\/radiolifefm.com.br\/noticias\/wp-json\/wp\/v2\/posts\/119531","targetHints":{"allow":["GET"]}}],"collection":[{"href":"https:\/\/radiolifefm.com.br\/noticias\/wp-json\/wp\/v2\/posts"}],"about":[{"href":"https:\/\/radiolifefm.com.br\/noticias\/wp-json\/wp\/v2\/types\/post"}],"author":[{"embeddable":true,"href":"https:\/\/radiolifefm.com.br\/noticias\/wp-json\/wp\/v2\/users\/13"}],"replies":[{"embeddable":true,"href":"https:\/\/radiolifefm.com.br\/noticias\/wp-json\/wp\/v2\/comments?post=119531"}],"version-history":[{"count":2,"href":"https:\/\/radiolifefm.com.br\/noticias\/wp-json\/wp\/v2\/posts\/119531\/revisions"}],"predecessor-version":[{"id":119535,"href":"https:\/\/radiolifefm.com.br\/noticias\/wp-json\/wp\/v2\/posts\/119531\/revisions\/119535"}],"wp:featuredmedia":[{"embeddable":true,"href":"https:\/\/radiolifefm.com.br\/noticias\/wp-json\/wp\/v2\/media\/119532"}],"wp:attachment":[{"href":"https:\/\/radiolifefm.com.br\/noticias\/wp-json\/wp\/v2\/media?parent=119531"}],"wp:term":[{"taxonomy":"category","embeddable":true,"href":"https:\/\/radiolifefm.com.br\/noticias\/wp-json\/wp\/v2\/categories?post=119531"},{"taxonomy":"post_tag","embeddable":true,"href":"https:\/\/radiolifefm.com.br\/noticias\/wp-json\/wp\/v2\/tags?post=119531"}],"curies":[{"name":"wp","href":"https:\/\/api.w.org\/{rel}","templated":true}]}}