{"id":119528,"date":"2026-04-28T23:34:48","date_gmt":"2026-04-29T02:34:48","guid":{"rendered":"https:\/\/radiolifefm.com.br\/noticias\/?p=119528"},"modified":"2026-04-30T05:55:28","modified_gmt":"2026-04-30T08:55:28","slug":"prefeitura-de-adamantina-fortalece-politicas-publicas-com-reuniao-do-conselho-municipal-da-pessoa-idosa","status":"publish","type":"post","link":"https:\/\/radiolifefm.com.br\/noticias\/prefeitura-de-adamantina-fortalece-politicas-publicas-com-reuniao-do-conselho-municipal-da-pessoa-idosa\/","title":{"rendered":"Prefeitura de Adamantina fortalece pol\u00edticas p\u00fablicas com reuni\u00e3o do Conselho Municipal da Pessoa Idosa"},"content":{"rendered":"<div id=\"fb-root\"><\/div>\n<p>A Prefeitura de Adamantina realizou, no dia 28 de abril de 2026, a terceira reuni\u00e3o ordin\u00e1ria do ano do Conselho Municipal da Pessoa Idosa (CMPI), \u00f3rg\u00e3o vinculado \u00e0 Secretaria Municipal de Assist\u00eancia Social e respons\u00e1vel por acompanhar e contribuir com as pol\u00edticas p\u00fablicas voltadas \u00e0 popula\u00e7\u00e3o idosa do munic\u00edpio.<\/p>\n<p>&nbsp;<\/p>\n<p>O Conselho re\u00fane-se mensalmente e, quando necess\u00e1rio, em car\u00e1ter extraordin\u00e1rio, promovendo um espa\u00e7o permanente de di\u00e1logo, escuta e constru\u00e7\u00e3o coletiva entre o poder p\u00fablico e a sociedade civil.<\/p>\n<p>&nbsp;<\/p>\n<p>Durante os encontros, s\u00e3o discutidas diretrizes, a\u00e7\u00f5es e estrat\u00e9gias que visam garantir os direitos da pessoa idosa, al\u00e9m de fortalecer iniciativas que promovam qualidade de vida, inclus\u00e3o social e atendimento adequado a esse p\u00fablico.<\/p>\n<p>&nbsp;<\/p>\n<p>A realiza\u00e7\u00e3o peri\u00f3dica das reuni\u00f5es refor\u00e7a a import\u00e2ncia do CMPI como instrumento de controle social e participa\u00e7\u00e3o cidad\u00e3, contribuindo para o aprimoramento das pol\u00edticas p\u00fablicas e para o desenvolvimento de a\u00e7\u00f5es mais eficazes no munic\u00edpio.<\/p>\n<p>&nbsp;<\/p>\n<p>A Prefeitura de Adamantina reafirma seu compromisso com a valoriza\u00e7\u00e3o da pessoa idosa, apoiando iniciativas que promovam respeito, cuidado e dignidade, assegurando uma atua\u00e7\u00e3o integrada e cont\u00ednua em benef\u00edcio dessa parcela da popula\u00e7\u00e3o.<\/p>\n<p>&#8212;<\/p>\n<p>PREFEITURA DO MUNIC\u00cdPIO DE ADAMANTINA<\/p>\n<p>Diretor de Comunica\u00e7\u00e3o<\/p>\n<p>Caio Vasques<\/p>\n<p>Jornalista<\/p>\n<p>Natacha Dominato<\/p>\n","protected":false},"excerpt":{"rendered":"<p>A Prefeitura de Adamantina realizou, no dia 28 de abril de 2026, a terceira reuni\u00e3o ordin\u00e1ria do ano do Conselho Municipal da Pessoa Idosa (CMPI), \u00f3rg\u00e3o vinculado \u00e0 Secretaria Municipal de Assist\u00eancia Social e respons\u00e1vel por acompanhar e contribuir com as pol\u00edticas p\u00fablicas voltadas \u00e0 popula\u00e7\u00e3o idosa do munic\u00edpio. &nbsp; O Conselho re\u00fane-se mensalmente e, [&hellip;]<\/p>\n","protected":false},"author":13,"featured_media":119529,"comment_status":"closed","ping_status":"open","sticky":false,"template":"","format":"standard","meta":{"_acf_changed":false,"_exactmetrics_skip_tracking":false,"_exactmetrics_sitenote_active":false,"_exactmetrics_sitenote_note":"","_exactmetrics_sitenote_category":0,"footnotes":""},"categories":[21],"tags":[],"class_list":["post-119528","post","type-post","status-publish","format-standard","has-post-thumbnail","hentry","category-adamantina"],"acf":[],"yoast_head":"<!-- This site is optimized with the Yoast SEO plugin v27.2 - https:\/\/yoast.com\/product\/yoast-seo-wordpress\/ -->\n<title>Prefeitura de Adamantina fortalece pol\u00edticas p\u00fablicas com reuni\u00e3o do Conselho Municipal da Pessoa Idosa - R\u00e1dio Life FM<\/title>\n<meta name=\"robots\" content=\"index, follow, max-snippet:-1, max-image-preview:large, max-video-preview:-1\" \/>\n<link rel=\"canonical\" href=\"https:\/\/radiolifefm.com.br\/noticias\/prefeitura-de-adamantina-fortalece-politicas-publicas-com-reuniao-do-conselho-municipal-da-pessoa-idosa\/\" \/>\n<meta property=\"og:locale\" content=\"pt_BR\" \/>\n<meta property=\"og:type\" content=\"article\" \/>\n<meta property=\"og:title\" content=\"Prefeitura de Adamantina fortalece pol\u00edticas p\u00fablicas com reuni\u00e3o do Conselho Municipal da Pessoa Idosa - R\u00e1dio Life FM\" \/>\n<meta property=\"og:description\" content=\"A Prefeitura de Adamantina realizou, no dia 28 de abril de 2026, a terceira reuni\u00e3o ordin\u00e1ria do ano do Conselho Municipal da Pessoa Idosa (CMPI), \u00f3rg\u00e3o vinculado \u00e0 Secretaria Municipal de Assist\u00eancia Social e respons\u00e1vel por acompanhar e contribuir com as pol\u00edticas p\u00fablicas voltadas \u00e0 popula\u00e7\u00e3o idosa do munic\u00edpio. &nbsp; O Conselho re\u00fane-se mensalmente e, [&hellip;]\" \/>\n<meta property=\"og:url\" content=\"https:\/\/radiolifefm.com.br\/noticias\/prefeitura-de-adamantina-fortalece-politicas-publicas-com-reuniao-do-conselho-municipal-da-pessoa-idosa\/\" \/>\n<meta property=\"og:site_name\" content=\"R\u00e1dio Life FM\" \/>\n<meta property=\"article:publisher\" content=\"https:\/\/www.facebook.com\/radiolifefm\/\" \/>\n<meta property=\"article:published_time\" content=\"2026-04-29T02:34:48+00:00\" \/>\n<meta property=\"article:modified_time\" content=\"2026-04-30T08:55:28+00:00\" \/>\n<meta property=\"og:image\" content=\"https:\/\/radiolifefm.com.br\/noticias\/wp-content\/uploads\/2026\/04\/WhatsApp-Image-2026-04-28-at-09.33.36.jpeg\" \/>\n\t<meta property=\"og:image:width\" content=\"1600\" \/>\n\t<meta property=\"og:image:height\" content=\"817\" \/>\n\t<meta property=\"og:image:type\" content=\"image\/jpeg\" \/>\n<meta name=\"author\" content=\"ritanery\" \/>\n<meta name=\"twitter:card\" content=\"summary_large_image\" \/>\n<meta name=\"twitter:label1\" content=\"Escrito por\" \/>\n\t<meta name=\"twitter:data1\" content=\"ritanery\" \/>\n\t<meta name=\"twitter:label2\" content=\"Est. tempo de leitura\" \/>\n\t<meta name=\"twitter:data2\" content=\"2 minutos\" \/>\n<script type=\"application\/ld+json\" class=\"yoast-schema-graph\">{\"@context\":\"https:\/\/schema.org\",\"@graph\":[{\"@type\":\"Article\",\"@id\":\"https:\/\/radiolifefm.com.br\/noticias\/prefeitura-de-adamantina-fortalece-politicas-publicas-com-reuniao-do-conselho-municipal-da-pessoa-idosa\/#article\",\"isPartOf\":{\"@id\":\"https:\/\/radiolifefm.com.br\/noticias\/prefeitura-de-adamantina-fortalece-politicas-publicas-com-reuniao-do-conselho-municipal-da-pessoa-idosa\/\"},\"author\":{\"name\":\"ritanery\",\"@id\":\"https:\/\/radiolifefm.com.br\/noticias\/#\/schema\/person\/6339b9fac59d12b071dec680d7375d87\"},\"headline\":\"Prefeitura de Adamantina fortalece pol\u00edticas p\u00fablicas com reuni\u00e3o do Conselho Municipal da Pessoa Idosa\",\"datePublished\":\"2026-04-29T02:34:48+00:00\",\"dateModified\":\"2026-04-30T08:55:28+00:00\",\"mainEntityOfPage\":{\"@id\":\"https:\/\/radiolifefm.com.br\/noticias\/prefeitura-de-adamantina-fortalece-politicas-publicas-com-reuniao-do-conselho-municipal-da-pessoa-idosa\/\"},\"wordCount\":250,\"publisher\":{\"@id\":\"https:\/\/radiolifefm.com.br\/noticias\/#organization\"},\"image\":{\"@id\":\"https:\/\/radiolifefm.com.br\/noticias\/prefeitura-de-adamantina-fortalece-politicas-publicas-com-reuniao-do-conselho-municipal-da-pessoa-idosa\/#primaryimage\"},\"thumbnailUrl\":\"https:\/\/radiolifefm.com.br\/noticias\/wp-content\/uploads\/2026\/04\/WhatsApp-Image-2026-04-28-at-09.33.36.jpeg\",\"articleSection\":[\"Adamantina\"],\"inLanguage\":\"pt-BR\"},{\"@type\":\"WebPage\",\"@id\":\"https:\/\/radiolifefm.com.br\/noticias\/prefeitura-de-adamantina-fortalece-politicas-publicas-com-reuniao-do-conselho-municipal-da-pessoa-idosa\/\",\"url\":\"https:\/\/radiolifefm.com.br\/noticias\/prefeitura-de-adamantina-fortalece-politicas-publicas-com-reuniao-do-conselho-municipal-da-pessoa-idosa\/\",\"name\":\"Prefeitura de Adamantina fortalece pol\u00edticas p\u00fablicas com reuni\u00e3o do Conselho Municipal da Pessoa Idosa - R\u00e1dio Life FM\",\"isPartOf\":{\"@id\":\"https:\/\/radiolifefm.com.br\/noticias\/#website\"},\"primaryImageOfPage\":{\"@id\":\"https:\/\/radiolifefm.com.br\/noticias\/prefeitura-de-adamantina-fortalece-politicas-publicas-com-reuniao-do-conselho-municipal-da-pessoa-idosa\/#primaryimage\"},\"image\":{\"@id\":\"https:\/\/radiolifefm.com.br\/noticias\/prefeitura-de-adamantina-fortalece-politicas-publicas-com-reuniao-do-conselho-municipal-da-pessoa-idosa\/#primaryimage\"},\"thumbnailUrl\":\"https:\/\/radiolifefm.com.br\/noticias\/wp-content\/uploads\/2026\/04\/WhatsApp-Image-2026-04-28-at-09.33.36.jpeg\",\"datePublished\":\"2026-04-29T02:34:48+00:00\",\"dateModified\":\"2026-04-30T08:55:28+00:00\",\"breadcrumb\":{\"@id\":\"https:\/\/radiolifefm.com.br\/noticias\/prefeitura-de-adamantina-fortalece-politicas-publicas-com-reuniao-do-conselho-municipal-da-pessoa-idosa\/#breadcrumb\"},\"inLanguage\":\"pt-BR\",\"potentialAction\":[{\"@type\":\"ReadAction\",\"target\":[\"https:\/\/radiolifefm.com.br\/noticias\/prefeitura-de-adamantina-fortalece-politicas-publicas-com-reuniao-do-conselho-municipal-da-pessoa-idosa\/\"]}]},{\"@type\":\"ImageObject\",\"inLanguage\":\"pt-BR\",\"@id\":\"https:\/\/radiolifefm.com.br\/noticias\/prefeitura-de-adamantina-fortalece-politicas-publicas-com-reuniao-do-conselho-municipal-da-pessoa-idosa\/#primaryimage\",\"url\":\"https:\/\/radiolifefm.com.br\/noticias\/wp-content\/uploads\/2026\/04\/WhatsApp-Image-2026-04-28-at-09.33.36.jpeg\",\"contentUrl\":\"https:\/\/radiolifefm.com.br\/noticias\/wp-content\/uploads\/2026\/04\/WhatsApp-Image-2026-04-28-at-09.33.36.jpeg\",\"width\":1600,\"height\":817},{\"@type\":\"BreadcrumbList\",\"@id\":\"https:\/\/radiolifefm.com.br\/noticias\/prefeitura-de-adamantina-fortalece-politicas-publicas-com-reuniao-do-conselho-municipal-da-pessoa-idosa\/#breadcrumb\",\"itemListElement\":[{\"@type\":\"ListItem\",\"position\":1,\"name\":\"In\u00edcio\",\"item\":\"https:\/\/radiolifefm.com.br\/noticias\/\"},{\"@type\":\"ListItem\",\"position\":2,\"name\":\"Prefeitura de Adamantina fortalece pol\u00edticas p\u00fablicas com reuni\u00e3o do Conselho Municipal da Pessoa Idosa\"}]},{\"@type\":\"WebSite\",\"@id\":\"https:\/\/radiolifefm.com.br\/noticias\/#website\",\"url\":\"https:\/\/radiolifefm.com.br\/noticias\/\",\"name\":\"R\u00e1dio Life FM\",\"description\":\"O Portal de Not\u00edcias de Adamantina\",\"publisher\":{\"@id\":\"https:\/\/radiolifefm.com.br\/noticias\/#organization\"},\"alternateName\":\"Life FM\",\"potentialAction\":[{\"@type\":\"SearchAction\",\"target\":{\"@type\":\"EntryPoint\",\"urlTemplate\":\"https:\/\/radiolifefm.com.br\/noticias\/?s={search_term_string}\"},\"query-input\":{\"@type\":\"PropertyValueSpecification\",\"valueRequired\":true,\"valueName\":\"search_term_string\"}}],\"inLanguage\":\"pt-BR\"},{\"@type\":\"Organization\",\"@id\":\"https:\/\/radiolifefm.com.br\/noticias\/#organization\",\"name\":\"R\u00e1dio Life FM\",\"alternateName\":\"Life FM\",\"url\":\"https:\/\/radiolifefm.com.br\/noticias\/\",\"logo\":{\"@type\":\"ImageObject\",\"inLanguage\":\"pt-BR\",\"@id\":\"https:\/\/radiolifefm.com.br\/noticias\/#\/schema\/logo\/image\/\",\"url\":\"https:\/\/static.radiolifefm.com.br\/noticias\/wp-content\/uploads\/2019\/10\/logo-lifefm.png\",\"contentUrl\":\"https:\/\/static.radiolifefm.com.br\/noticias\/wp-content\/uploads\/2019\/10\/logo-lifefm.png\",\"width\":196,\"height\":47,\"caption\":\"R\u00e1dio Life FM\"},\"image\":{\"@id\":\"https:\/\/radiolifefm.com.br\/noticias\/#\/schema\/logo\/image\/\"},\"sameAs\":[\"https:\/\/www.facebook.com\/radiolifefm\/\",\"https:\/\/www.instagram.com\/life1079fm\/\"]},{\"@type\":\"Person\",\"@id\":\"https:\/\/radiolifefm.com.br\/noticias\/#\/schema\/person\/6339b9fac59d12b071dec680d7375d87\",\"name\":\"ritanery\",\"image\":{\"@type\":\"ImageObject\",\"inLanguage\":\"pt-BR\",\"@id\":\"https:\/\/secure.gravatar.com\/avatar\/0e37bb19071f47c0b8a23f62a903df117c5a0e75f65a0c2901562f97cd41cf86?s=96&d=mm&r=g\",\"url\":\"https:\/\/secure.gravatar.com\/avatar\/0e37bb19071f47c0b8a23f62a903df117c5a0e75f65a0c2901562f97cd41cf86?s=96&d=mm&r=g\",\"contentUrl\":\"https:\/\/secure.gravatar.com\/avatar\/0e37bb19071f47c0b8a23f62a903df117c5a0e75f65a0c2901562f97cd41cf86?s=96&d=mm&r=g\",\"caption\":\"ritanery\"}}]}<\/script>\n<!-- \/ Yoast SEO plugin. -->","yoast_head_json":{"title":"Prefeitura de Adamantina fortalece pol\u00edticas p\u00fablicas com reuni\u00e3o do Conselho Municipal da Pessoa Idosa - R\u00e1dio Life FM","robots":{"index":"index","follow":"follow","max-snippet":"max-snippet:-1","max-image-preview":"max-image-preview:large","max-video-preview":"max-video-preview:-1"},"canonical":"https:\/\/radiolifefm.com.br\/noticias\/prefeitura-de-adamantina-fortalece-politicas-publicas-com-reuniao-do-conselho-municipal-da-pessoa-idosa\/","og_locale":"pt_BR","og_type":"article","og_title":"Prefeitura de Adamantina fortalece pol\u00edticas p\u00fablicas com reuni\u00e3o do Conselho Municipal da Pessoa Idosa - R\u00e1dio Life FM","og_description":"A Prefeitura de Adamantina realizou, no dia 28 de abril de 2026, a terceira reuni\u00e3o ordin\u00e1ria do ano do Conselho Municipal da Pessoa Idosa (CMPI), \u00f3rg\u00e3o vinculado \u00e0 Secretaria Municipal de Assist\u00eancia Social e respons\u00e1vel por acompanhar e contribuir com as pol\u00edticas p\u00fablicas voltadas \u00e0 popula\u00e7\u00e3o idosa do munic\u00edpio. &nbsp; O Conselho re\u00fane-se mensalmente e, [&hellip;]","og_url":"https:\/\/radiolifefm.com.br\/noticias\/prefeitura-de-adamantina-fortalece-politicas-publicas-com-reuniao-do-conselho-municipal-da-pessoa-idosa\/","og_site_name":"R\u00e1dio Life FM","article_publisher":"https:\/\/www.facebook.com\/radiolifefm\/","article_published_time":"2026-04-29T02:34:48+00:00","article_modified_time":"2026-04-30T08:55:28+00:00","og_image":[{"width":1600,"height":817,"url":"https:\/\/radiolifefm.com.br\/noticias\/wp-content\/uploads\/2026\/04\/WhatsApp-Image-2026-04-28-at-09.33.36.jpeg","type":"image\/jpeg"}],"author":"ritanery","twitter_card":"summary_large_image","twitter_misc":{"Escrito por":"ritanery","Est. tempo de leitura":"2 minutos"},"schema":{"@context":"https:\/\/schema.org","@graph":[{"@type":"Article","@id":"https:\/\/radiolifefm.com.br\/noticias\/prefeitura-de-adamantina-fortalece-politicas-publicas-com-reuniao-do-conselho-municipal-da-pessoa-idosa\/#article","isPartOf":{"@id":"https:\/\/radiolifefm.com.br\/noticias\/prefeitura-de-adamantina-fortalece-politicas-publicas-com-reuniao-do-conselho-municipal-da-pessoa-idosa\/"},"author":{"name":"ritanery","@id":"https:\/\/radiolifefm.com.br\/noticias\/#\/schema\/person\/6339b9fac59d12b071dec680d7375d87"},"headline":"Prefeitura de Adamantina fortalece pol\u00edticas p\u00fablicas com reuni\u00e3o do Conselho Municipal da Pessoa Idosa","datePublished":"2026-04-29T02:34:48+00:00","dateModified":"2026-04-30T08:55:28+00:00","mainEntityOfPage":{"@id":"https:\/\/radiolifefm.com.br\/noticias\/prefeitura-de-adamantina-fortalece-politicas-publicas-com-reuniao-do-conselho-municipal-da-pessoa-idosa\/"},"wordCount":250,"publisher":{"@id":"https:\/\/radiolifefm.com.br\/noticias\/#organization"},"image":{"@id":"https:\/\/radiolifefm.com.br\/noticias\/prefeitura-de-adamantina-fortalece-politicas-publicas-com-reuniao-do-conselho-municipal-da-pessoa-idosa\/#primaryimage"},"thumbnailUrl":"https:\/\/radiolifefm.com.br\/noticias\/wp-content\/uploads\/2026\/04\/WhatsApp-Image-2026-04-28-at-09.33.36.jpeg","articleSection":["Adamantina"],"inLanguage":"pt-BR"},{"@type":"WebPage","@id":"https:\/\/radiolifefm.com.br\/noticias\/prefeitura-de-adamantina-fortalece-politicas-publicas-com-reuniao-do-conselho-municipal-da-pessoa-idosa\/","url":"https:\/\/radiolifefm.com.br\/noticias\/prefeitura-de-adamantina-fortalece-politicas-publicas-com-reuniao-do-conselho-municipal-da-pessoa-idosa\/","name":"Prefeitura de Adamantina fortalece pol\u00edticas p\u00fablicas com reuni\u00e3o do Conselho Municipal da Pessoa Idosa - R\u00e1dio Life FM","isPartOf":{"@id":"https:\/\/radiolifefm.com.br\/noticias\/#website"},"primaryImageOfPage":{"@id":"https:\/\/radiolifefm.com.br\/noticias\/prefeitura-de-adamantina-fortalece-politicas-publicas-com-reuniao-do-conselho-municipal-da-pessoa-idosa\/#primaryimage"},"image":{"@id":"https:\/\/radiolifefm.com.br\/noticias\/prefeitura-de-adamantina-fortalece-politicas-publicas-com-reuniao-do-conselho-municipal-da-pessoa-idosa\/#primaryimage"},"thumbnailUrl":"https:\/\/radiolifefm.com.br\/noticias\/wp-content\/uploads\/2026\/04\/WhatsApp-Image-2026-04-28-at-09.33.36.jpeg","datePublished":"2026-04-29T02:34:48+00:00","dateModified":"2026-04-30T08:55:28+00:00","breadcrumb":{"@id":"https:\/\/radiolifefm.com.br\/noticias\/prefeitura-de-adamantina-fortalece-politicas-publicas-com-reuniao-do-conselho-municipal-da-pessoa-idosa\/#breadcrumb"},"inLanguage":"pt-BR","potentialAction":[{"@type":"ReadAction","target":["https:\/\/radiolifefm.com.br\/noticias\/prefeitura-de-adamantina-fortalece-politicas-publicas-com-reuniao-do-conselho-municipal-da-pessoa-idosa\/"]}]},{"@type":"ImageObject","inLanguage":"pt-BR","@id":"https:\/\/radiolifefm.com.br\/noticias\/prefeitura-de-adamantina-fortalece-politicas-publicas-com-reuniao-do-conselho-municipal-da-pessoa-idosa\/#primaryimage","url":"https:\/\/radiolifefm.com.br\/noticias\/wp-content\/uploads\/2026\/04\/WhatsApp-Image-2026-04-28-at-09.33.36.jpeg","contentUrl":"https:\/\/radiolifefm.com.br\/noticias\/wp-content\/uploads\/2026\/04\/WhatsApp-Image-2026-04-28-at-09.33.36.jpeg","width":1600,"height":817},{"@type":"BreadcrumbList","@id":"https:\/\/radiolifefm.com.br\/noticias\/prefeitura-de-adamantina-fortalece-politicas-publicas-com-reuniao-do-conselho-municipal-da-pessoa-idosa\/#breadcrumb","itemListElement":[{"@type":"ListItem","position":1,"name":"In\u00edcio","item":"https:\/\/radiolifefm.com.br\/noticias\/"},{"@type":"ListItem","position":2,"name":"Prefeitura de Adamantina fortalece pol\u00edticas p\u00fablicas com reuni\u00e3o do Conselho Municipal da Pessoa Idosa"}]},{"@type":"WebSite","@id":"https:\/\/radiolifefm.com.br\/noticias\/#website","url":"https:\/\/radiolifefm.com.br\/noticias\/","name":"R\u00e1dio Life FM","description":"O Portal de Not\u00edcias de Adamantina","publisher":{"@id":"https:\/\/radiolifefm.com.br\/noticias\/#organization"},"alternateName":"Life FM","potentialAction":[{"@type":"SearchAction","target":{"@type":"EntryPoint","urlTemplate":"https:\/\/radiolifefm.com.br\/noticias\/?s={search_term_string}"},"query-input":{"@type":"PropertyValueSpecification","valueRequired":true,"valueName":"search_term_string"}}],"inLanguage":"pt-BR"},{"@type":"Organization","@id":"https:\/\/radiolifefm.com.br\/noticias\/#organization","name":"R\u00e1dio Life FM","alternateName":"Life FM","url":"https:\/\/radiolifefm.com.br\/noticias\/","logo":{"@type":"ImageObject","inLanguage":"pt-BR","@id":"https:\/\/radiolifefm.com.br\/noticias\/#\/schema\/logo\/image\/","url":"https:\/\/static.radiolifefm.com.br\/noticias\/wp-content\/uploads\/2019\/10\/logo-lifefm.png","contentUrl":"https:\/\/static.radiolifefm.com.br\/noticias\/wp-content\/uploads\/2019\/10\/logo-lifefm.png","width":196,"height":47,"caption":"R\u00e1dio Life FM"},"image":{"@id":"https:\/\/radiolifefm.com.br\/noticias\/#\/schema\/logo\/image\/"},"sameAs":["https:\/\/www.facebook.com\/radiolifefm\/","https:\/\/www.instagram.com\/life1079fm\/"]},{"@type":"Person","@id":"https:\/\/radiolifefm.com.br\/noticias\/#\/schema\/person\/6339b9fac59d12b071dec680d7375d87","name":"ritanery","image":{"@type":"ImageObject","inLanguage":"pt-BR","@id":"https:\/\/secure.gravatar.com\/avatar\/0e37bb19071f47c0b8a23f62a903df117c5a0e75f65a0c2901562f97cd41cf86?s=96&d=mm&r=g","url":"https:\/\/secure.gravatar.com\/avatar\/0e37bb19071f47c0b8a23f62a903df117c5a0e75f65a0c2901562f97cd41cf86?s=96&d=mm&r=g","contentUrl":"https:\/\/secure.gravatar.com\/avatar\/0e37bb19071f47c0b8a23f62a903df117c5a0e75f65a0c2901562f97cd41cf86?s=96&d=mm&r=g","caption":"ritanery"}}]}},"amp_enabled":true,"_links":{"self":[{"href":"https:\/\/radiolifefm.com.br\/noticias\/wp-json\/wp\/v2\/posts\/119528","targetHints":{"allow":["GET"]}}],"collection":[{"href":"https:\/\/radiolifefm.com.br\/noticias\/wp-json\/wp\/v2\/posts"}],"about":[{"href":"https:\/\/radiolifefm.com.br\/noticias\/wp-json\/wp\/v2\/types\/post"}],"author":[{"embeddable":true,"href":"https:\/\/radiolifefm.com.br\/noticias\/wp-json\/wp\/v2\/users\/13"}],"replies":[{"embeddable":true,"href":"https:\/\/radiolifefm.com.br\/noticias\/wp-json\/wp\/v2\/comments?post=119528"}],"version-history":[{"count":1,"href":"https:\/\/radiolifefm.com.br\/noticias\/wp-json\/wp\/v2\/posts\/119528\/revisions"}],"predecessor-version":[{"id":119530,"href":"https:\/\/radiolifefm.com.br\/noticias\/wp-json\/wp\/v2\/posts\/119528\/revisions\/119530"}],"wp:featuredmedia":[{"embeddable":true,"href":"https:\/\/radiolifefm.com.br\/noticias\/wp-json\/wp\/v2\/media\/119529"}],"wp:attachment":[{"href":"https:\/\/radiolifefm.com.br\/noticias\/wp-json\/wp\/v2\/media?parent=119528"}],"wp:term":[{"taxonomy":"category","embeddable":true,"href":"https:\/\/radiolifefm.com.br\/noticias\/wp-json\/wp\/v2\/categories?post=119528"},{"taxonomy":"post_tag","embeddable":true,"href":"https:\/\/radiolifefm.com.br\/noticias\/wp-json\/wp\/v2\/tags?post=119528"}],"curies":[{"name":"wp","href":"https:\/\/api.w.org\/{rel}","templated":true}]}}