{"id":119525,"date":"2026-04-28T23:33:07","date_gmt":"2026-04-29T02:33:07","guid":{"rendered":"https:\/\/radiolifefm.com.br\/noticias\/?p=119525"},"modified":"2026-04-29T01:05:43","modified_gmt":"2026-04-29T04:05:43","slug":"curso-prepara-participantes-em-adamantina-para-captacao-de-recursos-em-projetos-culturais","status":"publish","type":"post","link":"https:\/\/radiolifefm.com.br\/noticias\/curso-prepara-participantes-em-adamantina-para-captacao-de-recursos-em-projetos-culturais\/","title":{"rendered":"Curso prepara participantes em Adamantina para capta\u00e7\u00e3o de recursos em projetos culturais"},"content":{"rendered":"<div id=\"fb-root\"><\/div>\n<p>A Prefeitura de Adamantina, por meio da Secretaria Municipal de Cultura e Turismo, em parceria com o Sesc e Sincom\u00e9rcio, realizou nesta ter\u00e7a-feira uma importante a\u00e7\u00e3o de capacita\u00e7\u00e3o voltada ao fortalecimento da \u00e1rea cultural no munic\u00edpio. Foi realizado o curso \u201cLeis de Fomento e Incentivo \u00e0 Cultura\u201d, dentro da atividade \u201cEm Per Curso Cultural\u201d.<\/p>\n<p>&nbsp;<\/p>\n<p>Com abordagem te\u00f3rico-pr\u00e1tica, o curso apresentou aos participantes as principais possibilidades de obten\u00e7\u00e3o de recursos para a viabiliza\u00e7\u00e3o de projetos culturais, al\u00e9m de orientar sobre as etapas de elabora\u00e7\u00e3o, planejamento e adequa\u00e7\u00e3o das propostas conforme os diferentes mecanismos de fomento.<\/p>\n<p>&nbsp;<\/p>\n<p>A forma\u00e7\u00e3o teve carga hor\u00e1ria de 8 horas e foi destinada a participantes a partir de 16 anos, sendo realizada em dois per\u00edodos:<\/p>\n<p>&nbsp;<\/p>\n<p>. Das 9h \u00e0s 13h: etapa te\u00f3rica<\/p>\n<p>. Das 14h30 \u00e0s 18h30: etapa pr\u00e1tica<\/p>\n<p>&nbsp;<\/p>\n<p>A atividade foi ministrada por Ivan Montanari, mestre em Gest\u00e3o de Pol\u00edticas P\u00fablicas e especialista em Gest\u00e3o e Pol\u00edticas Culturais.<\/p>\n<p>&nbsp;<\/p>\n<p>O curso aconteceu no Anfiteatro Fernando Paloni, localizado na Avenida Ademar de Barros, 200, Centro, e contou com participa\u00e7\u00e3o gratuita, mediante inscri\u00e7\u00e3o pr\u00e9via realizada pelo aplicativo Credencial Sesc SP e pelo site oficial do Sesc.<\/p>\n<p>&nbsp;<\/p>\n<p>A iniciativa refor\u00e7a o compromisso da Prefeitura de Adamantina em incentivar a forma\u00e7\u00e3o cultural, ampliar o acesso \u00e0 informa\u00e7\u00e3o e apoiar produtores, artistas e interessados na constru\u00e7\u00e3o de projetos que contribuam para o desenvolvimento cultural do munic\u00edpio.<\/p>\n<p>&#8212;<\/p>\n<p>PREFEITURA DO MUNIC\u00cdPIO DE ADAMANTINA<\/p>\n<p>Diretor de Comunica\u00e7\u00e3o<\/p>\n<p>Caio Vasques<\/p>\n<p>Jornalista<\/p>\n<p>Natacha Dominato<\/p>\n","protected":false},"excerpt":{"rendered":"<p>A Prefeitura de Adamantina, por meio da Secretaria Municipal de Cultura e Turismo, em parceria com o Sesc e Sincom\u00e9rcio, realizou nesta ter\u00e7a-feira uma importante a\u00e7\u00e3o de capacita\u00e7\u00e3o voltada ao fortalecimento da \u00e1rea cultural no munic\u00edpio. Foi realizado o curso \u201cLeis de Fomento e Incentivo \u00e0 Cultura\u201d, dentro da atividade \u201cEm Per Curso Cultural\u201d. &nbsp; [&hellip;]<\/p>\n","protected":false},"author":13,"featured_media":119526,"comment_status":"closed","ping_status":"open","sticky":false,"template":"","format":"standard","meta":{"_acf_changed":false,"_exactmetrics_skip_tracking":false,"_exactmetrics_sitenote_active":false,"_exactmetrics_sitenote_note":"","_exactmetrics_sitenote_category":0,"footnotes":""},"categories":[21],"tags":[],"class_list":["post-119525","post","type-post","status-publish","format-standard","has-post-thumbnail","hentry","category-adamantina"],"acf":[],"yoast_head":"<!-- This site is optimized with the Yoast SEO plugin v27.2 - https:\/\/yoast.com\/product\/yoast-seo-wordpress\/ -->\n<title>Curso prepara participantes em Adamantina para capta\u00e7\u00e3o de recursos em projetos culturais - R\u00e1dio Life FM<\/title>\n<meta name=\"robots\" content=\"index, follow, max-snippet:-1, max-image-preview:large, max-video-preview:-1\" \/>\n<link rel=\"canonical\" href=\"https:\/\/radiolifefm.com.br\/noticias\/curso-prepara-participantes-em-adamantina-para-captacao-de-recursos-em-projetos-culturais\/\" \/>\n<meta property=\"og:locale\" content=\"pt_BR\" \/>\n<meta property=\"og:type\" content=\"article\" \/>\n<meta property=\"og:title\" content=\"Curso prepara participantes em Adamantina para capta\u00e7\u00e3o de recursos em projetos culturais - R\u00e1dio Life FM\" \/>\n<meta property=\"og:description\" content=\"A Prefeitura de Adamantina, por meio da Secretaria Municipal de Cultura e Turismo, em parceria com o Sesc e Sincom\u00e9rcio, realizou nesta ter\u00e7a-feira uma importante a\u00e7\u00e3o de capacita\u00e7\u00e3o voltada ao fortalecimento da \u00e1rea cultural no munic\u00edpio. Foi realizado o curso \u201cLeis de Fomento e Incentivo \u00e0 Cultura\u201d, dentro da atividade \u201cEm Per Curso Cultural\u201d. &nbsp; [&hellip;]\" \/>\n<meta property=\"og:url\" content=\"https:\/\/radiolifefm.com.br\/noticias\/curso-prepara-participantes-em-adamantina-para-captacao-de-recursos-em-projetos-culturais\/\" \/>\n<meta property=\"og:site_name\" content=\"R\u00e1dio Life FM\" \/>\n<meta property=\"article:publisher\" content=\"https:\/\/www.facebook.com\/radiolifefm\/\" \/>\n<meta property=\"article:published_time\" content=\"2026-04-29T02:33:07+00:00\" \/>\n<meta property=\"article:modified_time\" content=\"2026-04-29T04:05:43+00:00\" \/>\n<meta property=\"og:image\" content=\"https:\/\/radiolifefm.com.br\/noticias\/wp-content\/uploads\/2026\/04\/WhatsApp-Image-2026-04-28-at-14.36.35-2.jpeg\" \/>\n\t<meta property=\"og:image:width\" content=\"993\" \/>\n\t<meta property=\"og:image:height\" content=\"948\" \/>\n\t<meta property=\"og:image:type\" content=\"image\/jpeg\" \/>\n<meta name=\"author\" content=\"ritanery\" \/>\n<meta name=\"twitter:card\" content=\"summary_large_image\" \/>\n<meta name=\"twitter:label1\" content=\"Escrito por\" \/>\n\t<meta name=\"twitter:data1\" content=\"ritanery\" \/>\n\t<meta name=\"twitter:label2\" content=\"Est. tempo de leitura\" \/>\n\t<meta name=\"twitter:data2\" content=\"2 minutos\" \/>\n<script type=\"application\/ld+json\" class=\"yoast-schema-graph\">{\"@context\":\"https:\/\/schema.org\",\"@graph\":[{\"@type\":\"Article\",\"@id\":\"https:\/\/radiolifefm.com.br\/noticias\/curso-prepara-participantes-em-adamantina-para-captacao-de-recursos-em-projetos-culturais\/#article\",\"isPartOf\":{\"@id\":\"https:\/\/radiolifefm.com.br\/noticias\/curso-prepara-participantes-em-adamantina-para-captacao-de-recursos-em-projetos-culturais\/\"},\"author\":{\"name\":\"ritanery\",\"@id\":\"https:\/\/radiolifefm.com.br\/noticias\/#\/schema\/person\/6339b9fac59d12b071dec680d7375d87\"},\"headline\":\"Curso prepara participantes em Adamantina para capta\u00e7\u00e3o de recursos em projetos culturais\",\"datePublished\":\"2026-04-29T02:33:07+00:00\",\"dateModified\":\"2026-04-29T04:05:43+00:00\",\"mainEntityOfPage\":{\"@id\":\"https:\/\/radiolifefm.com.br\/noticias\/curso-prepara-participantes-em-adamantina-para-captacao-de-recursos-em-projetos-culturais\/\"},\"wordCount\":281,\"publisher\":{\"@id\":\"https:\/\/radiolifefm.com.br\/noticias\/#organization\"},\"image\":{\"@id\":\"https:\/\/radiolifefm.com.br\/noticias\/curso-prepara-participantes-em-adamantina-para-captacao-de-recursos-em-projetos-culturais\/#primaryimage\"},\"thumbnailUrl\":\"https:\/\/radiolifefm.com.br\/noticias\/wp-content\/uploads\/2026\/04\/WhatsApp-Image-2026-04-28-at-14.36.35-2.jpeg\",\"articleSection\":[\"Adamantina\"],\"inLanguage\":\"pt-BR\"},{\"@type\":\"WebPage\",\"@id\":\"https:\/\/radiolifefm.com.br\/noticias\/curso-prepara-participantes-em-adamantina-para-captacao-de-recursos-em-projetos-culturais\/\",\"url\":\"https:\/\/radiolifefm.com.br\/noticias\/curso-prepara-participantes-em-adamantina-para-captacao-de-recursos-em-projetos-culturais\/\",\"name\":\"Curso prepara participantes em Adamantina para capta\u00e7\u00e3o de recursos em projetos culturais - R\u00e1dio Life FM\",\"isPartOf\":{\"@id\":\"https:\/\/radiolifefm.com.br\/noticias\/#website\"},\"primaryImageOfPage\":{\"@id\":\"https:\/\/radiolifefm.com.br\/noticias\/curso-prepara-participantes-em-adamantina-para-captacao-de-recursos-em-projetos-culturais\/#primaryimage\"},\"image\":{\"@id\":\"https:\/\/radiolifefm.com.br\/noticias\/curso-prepara-participantes-em-adamantina-para-captacao-de-recursos-em-projetos-culturais\/#primaryimage\"},\"thumbnailUrl\":\"https:\/\/radiolifefm.com.br\/noticias\/wp-content\/uploads\/2026\/04\/WhatsApp-Image-2026-04-28-at-14.36.35-2.jpeg\",\"datePublished\":\"2026-04-29T02:33:07+00:00\",\"dateModified\":\"2026-04-29T04:05:43+00:00\",\"breadcrumb\":{\"@id\":\"https:\/\/radiolifefm.com.br\/noticias\/curso-prepara-participantes-em-adamantina-para-captacao-de-recursos-em-projetos-culturais\/#breadcrumb\"},\"inLanguage\":\"pt-BR\",\"potentialAction\":[{\"@type\":\"ReadAction\",\"target\":[\"https:\/\/radiolifefm.com.br\/noticias\/curso-prepara-participantes-em-adamantina-para-captacao-de-recursos-em-projetos-culturais\/\"]}]},{\"@type\":\"ImageObject\",\"inLanguage\":\"pt-BR\",\"@id\":\"https:\/\/radiolifefm.com.br\/noticias\/curso-prepara-participantes-em-adamantina-para-captacao-de-recursos-em-projetos-culturais\/#primaryimage\",\"url\":\"https:\/\/radiolifefm.com.br\/noticias\/wp-content\/uploads\/2026\/04\/WhatsApp-Image-2026-04-28-at-14.36.35-2.jpeg\",\"contentUrl\":\"https:\/\/radiolifefm.com.br\/noticias\/wp-content\/uploads\/2026\/04\/WhatsApp-Image-2026-04-28-at-14.36.35-2.jpeg\",\"width\":993,\"height\":948},{\"@type\":\"BreadcrumbList\",\"@id\":\"https:\/\/radiolifefm.com.br\/noticias\/curso-prepara-participantes-em-adamantina-para-captacao-de-recursos-em-projetos-culturais\/#breadcrumb\",\"itemListElement\":[{\"@type\":\"ListItem\",\"position\":1,\"name\":\"In\u00edcio\",\"item\":\"https:\/\/radiolifefm.com.br\/noticias\/\"},{\"@type\":\"ListItem\",\"position\":2,\"name\":\"Curso prepara participantes em Adamantina para capta\u00e7\u00e3o de recursos em projetos culturais\"}]},{\"@type\":\"WebSite\",\"@id\":\"https:\/\/radiolifefm.com.br\/noticias\/#website\",\"url\":\"https:\/\/radiolifefm.com.br\/noticias\/\",\"name\":\"R\u00e1dio Life FM\",\"description\":\"O Portal de Not\u00edcias de Adamantina\",\"publisher\":{\"@id\":\"https:\/\/radiolifefm.com.br\/noticias\/#organization\"},\"alternateName\":\"Life FM\",\"potentialAction\":[{\"@type\":\"SearchAction\",\"target\":{\"@type\":\"EntryPoint\",\"urlTemplate\":\"https:\/\/radiolifefm.com.br\/noticias\/?s={search_term_string}\"},\"query-input\":{\"@type\":\"PropertyValueSpecification\",\"valueRequired\":true,\"valueName\":\"search_term_string\"}}],\"inLanguage\":\"pt-BR\"},{\"@type\":\"Organization\",\"@id\":\"https:\/\/radiolifefm.com.br\/noticias\/#organization\",\"name\":\"R\u00e1dio Life FM\",\"alternateName\":\"Life FM\",\"url\":\"https:\/\/radiolifefm.com.br\/noticias\/\",\"logo\":{\"@type\":\"ImageObject\",\"inLanguage\":\"pt-BR\",\"@id\":\"https:\/\/radiolifefm.com.br\/noticias\/#\/schema\/logo\/image\/\",\"url\":\"https:\/\/static.radiolifefm.com.br\/noticias\/wp-content\/uploads\/2019\/10\/logo-lifefm.png\",\"contentUrl\":\"https:\/\/static.radiolifefm.com.br\/noticias\/wp-content\/uploads\/2019\/10\/logo-lifefm.png\",\"width\":196,\"height\":47,\"caption\":\"R\u00e1dio Life FM\"},\"image\":{\"@id\":\"https:\/\/radiolifefm.com.br\/noticias\/#\/schema\/logo\/image\/\"},\"sameAs\":[\"https:\/\/www.facebook.com\/radiolifefm\/\",\"https:\/\/www.instagram.com\/life1079fm\/\"]},{\"@type\":\"Person\",\"@id\":\"https:\/\/radiolifefm.com.br\/noticias\/#\/schema\/person\/6339b9fac59d12b071dec680d7375d87\",\"name\":\"ritanery\",\"image\":{\"@type\":\"ImageObject\",\"inLanguage\":\"pt-BR\",\"@id\":\"https:\/\/secure.gravatar.com\/avatar\/0e37bb19071f47c0b8a23f62a903df117c5a0e75f65a0c2901562f97cd41cf86?s=96&d=mm&r=g\",\"url\":\"https:\/\/secure.gravatar.com\/avatar\/0e37bb19071f47c0b8a23f62a903df117c5a0e75f65a0c2901562f97cd41cf86?s=96&d=mm&r=g\",\"contentUrl\":\"https:\/\/secure.gravatar.com\/avatar\/0e37bb19071f47c0b8a23f62a903df117c5a0e75f65a0c2901562f97cd41cf86?s=96&d=mm&r=g\",\"caption\":\"ritanery\"}}]}<\/script>\n<!-- \/ Yoast SEO plugin. -->","yoast_head_json":{"title":"Curso prepara participantes em Adamantina para capta\u00e7\u00e3o de recursos em projetos culturais - R\u00e1dio Life FM","robots":{"index":"index","follow":"follow","max-snippet":"max-snippet:-1","max-image-preview":"max-image-preview:large","max-video-preview":"max-video-preview:-1"},"canonical":"https:\/\/radiolifefm.com.br\/noticias\/curso-prepara-participantes-em-adamantina-para-captacao-de-recursos-em-projetos-culturais\/","og_locale":"pt_BR","og_type":"article","og_title":"Curso prepara participantes em Adamantina para capta\u00e7\u00e3o de recursos em projetos culturais - R\u00e1dio Life FM","og_description":"A Prefeitura de Adamantina, por meio da Secretaria Municipal de Cultura e Turismo, em parceria com o Sesc e Sincom\u00e9rcio, realizou nesta ter\u00e7a-feira uma importante a\u00e7\u00e3o de capacita\u00e7\u00e3o voltada ao fortalecimento da \u00e1rea cultural no munic\u00edpio. Foi realizado o curso \u201cLeis de Fomento e Incentivo \u00e0 Cultura\u201d, dentro da atividade \u201cEm Per Curso Cultural\u201d. &nbsp; [&hellip;]","og_url":"https:\/\/radiolifefm.com.br\/noticias\/curso-prepara-participantes-em-adamantina-para-captacao-de-recursos-em-projetos-culturais\/","og_site_name":"R\u00e1dio Life FM","article_publisher":"https:\/\/www.facebook.com\/radiolifefm\/","article_published_time":"2026-04-29T02:33:07+00:00","article_modified_time":"2026-04-29T04:05:43+00:00","og_image":[{"width":993,"height":948,"url":"https:\/\/radiolifefm.com.br\/noticias\/wp-content\/uploads\/2026\/04\/WhatsApp-Image-2026-04-28-at-14.36.35-2.jpeg","type":"image\/jpeg"}],"author":"ritanery","twitter_card":"summary_large_image","twitter_misc":{"Escrito por":"ritanery","Est. tempo de leitura":"2 minutos"},"schema":{"@context":"https:\/\/schema.org","@graph":[{"@type":"Article","@id":"https:\/\/radiolifefm.com.br\/noticias\/curso-prepara-participantes-em-adamantina-para-captacao-de-recursos-em-projetos-culturais\/#article","isPartOf":{"@id":"https:\/\/radiolifefm.com.br\/noticias\/curso-prepara-participantes-em-adamantina-para-captacao-de-recursos-em-projetos-culturais\/"},"author":{"name":"ritanery","@id":"https:\/\/radiolifefm.com.br\/noticias\/#\/schema\/person\/6339b9fac59d12b071dec680d7375d87"},"headline":"Curso prepara participantes em Adamantina para capta\u00e7\u00e3o de recursos em projetos culturais","datePublished":"2026-04-29T02:33:07+00:00","dateModified":"2026-04-29T04:05:43+00:00","mainEntityOfPage":{"@id":"https:\/\/radiolifefm.com.br\/noticias\/curso-prepara-participantes-em-adamantina-para-captacao-de-recursos-em-projetos-culturais\/"},"wordCount":281,"publisher":{"@id":"https:\/\/radiolifefm.com.br\/noticias\/#organization"},"image":{"@id":"https:\/\/radiolifefm.com.br\/noticias\/curso-prepara-participantes-em-adamantina-para-captacao-de-recursos-em-projetos-culturais\/#primaryimage"},"thumbnailUrl":"https:\/\/radiolifefm.com.br\/noticias\/wp-content\/uploads\/2026\/04\/WhatsApp-Image-2026-04-28-at-14.36.35-2.jpeg","articleSection":["Adamantina"],"inLanguage":"pt-BR"},{"@type":"WebPage","@id":"https:\/\/radiolifefm.com.br\/noticias\/curso-prepara-participantes-em-adamantina-para-captacao-de-recursos-em-projetos-culturais\/","url":"https:\/\/radiolifefm.com.br\/noticias\/curso-prepara-participantes-em-adamantina-para-captacao-de-recursos-em-projetos-culturais\/","name":"Curso prepara participantes em Adamantina para capta\u00e7\u00e3o de recursos em projetos culturais - R\u00e1dio Life FM","isPartOf":{"@id":"https:\/\/radiolifefm.com.br\/noticias\/#website"},"primaryImageOfPage":{"@id":"https:\/\/radiolifefm.com.br\/noticias\/curso-prepara-participantes-em-adamantina-para-captacao-de-recursos-em-projetos-culturais\/#primaryimage"},"image":{"@id":"https:\/\/radiolifefm.com.br\/noticias\/curso-prepara-participantes-em-adamantina-para-captacao-de-recursos-em-projetos-culturais\/#primaryimage"},"thumbnailUrl":"https:\/\/radiolifefm.com.br\/noticias\/wp-content\/uploads\/2026\/04\/WhatsApp-Image-2026-04-28-at-14.36.35-2.jpeg","datePublished":"2026-04-29T02:33:07+00:00","dateModified":"2026-04-29T04:05:43+00:00","breadcrumb":{"@id":"https:\/\/radiolifefm.com.br\/noticias\/curso-prepara-participantes-em-adamantina-para-captacao-de-recursos-em-projetos-culturais\/#breadcrumb"},"inLanguage":"pt-BR","potentialAction":[{"@type":"ReadAction","target":["https:\/\/radiolifefm.com.br\/noticias\/curso-prepara-participantes-em-adamantina-para-captacao-de-recursos-em-projetos-culturais\/"]}]},{"@type":"ImageObject","inLanguage":"pt-BR","@id":"https:\/\/radiolifefm.com.br\/noticias\/curso-prepara-participantes-em-adamantina-para-captacao-de-recursos-em-projetos-culturais\/#primaryimage","url":"https:\/\/radiolifefm.com.br\/noticias\/wp-content\/uploads\/2026\/04\/WhatsApp-Image-2026-04-28-at-14.36.35-2.jpeg","contentUrl":"https:\/\/radiolifefm.com.br\/noticias\/wp-content\/uploads\/2026\/04\/WhatsApp-Image-2026-04-28-at-14.36.35-2.jpeg","width":993,"height":948},{"@type":"BreadcrumbList","@id":"https:\/\/radiolifefm.com.br\/noticias\/curso-prepara-participantes-em-adamantina-para-captacao-de-recursos-em-projetos-culturais\/#breadcrumb","itemListElement":[{"@type":"ListItem","position":1,"name":"In\u00edcio","item":"https:\/\/radiolifefm.com.br\/noticias\/"},{"@type":"ListItem","position":2,"name":"Curso prepara participantes em Adamantina para capta\u00e7\u00e3o de recursos em projetos culturais"}]},{"@type":"WebSite","@id":"https:\/\/radiolifefm.com.br\/noticias\/#website","url":"https:\/\/radiolifefm.com.br\/noticias\/","name":"R\u00e1dio Life FM","description":"O Portal de Not\u00edcias de Adamantina","publisher":{"@id":"https:\/\/radiolifefm.com.br\/noticias\/#organization"},"alternateName":"Life FM","potentialAction":[{"@type":"SearchAction","target":{"@type":"EntryPoint","urlTemplate":"https:\/\/radiolifefm.com.br\/noticias\/?s={search_term_string}"},"query-input":{"@type":"PropertyValueSpecification","valueRequired":true,"valueName":"search_term_string"}}],"inLanguage":"pt-BR"},{"@type":"Organization","@id":"https:\/\/radiolifefm.com.br\/noticias\/#organization","name":"R\u00e1dio Life FM","alternateName":"Life FM","url":"https:\/\/radiolifefm.com.br\/noticias\/","logo":{"@type":"ImageObject","inLanguage":"pt-BR","@id":"https:\/\/radiolifefm.com.br\/noticias\/#\/schema\/logo\/image\/","url":"https:\/\/static.radiolifefm.com.br\/noticias\/wp-content\/uploads\/2019\/10\/logo-lifefm.png","contentUrl":"https:\/\/static.radiolifefm.com.br\/noticias\/wp-content\/uploads\/2019\/10\/logo-lifefm.png","width":196,"height":47,"caption":"R\u00e1dio Life FM"},"image":{"@id":"https:\/\/radiolifefm.com.br\/noticias\/#\/schema\/logo\/image\/"},"sameAs":["https:\/\/www.facebook.com\/radiolifefm\/","https:\/\/www.instagram.com\/life1079fm\/"]},{"@type":"Person","@id":"https:\/\/radiolifefm.com.br\/noticias\/#\/schema\/person\/6339b9fac59d12b071dec680d7375d87","name":"ritanery","image":{"@type":"ImageObject","inLanguage":"pt-BR","@id":"https:\/\/secure.gravatar.com\/avatar\/0e37bb19071f47c0b8a23f62a903df117c5a0e75f65a0c2901562f97cd41cf86?s=96&d=mm&r=g","url":"https:\/\/secure.gravatar.com\/avatar\/0e37bb19071f47c0b8a23f62a903df117c5a0e75f65a0c2901562f97cd41cf86?s=96&d=mm&r=g","contentUrl":"https:\/\/secure.gravatar.com\/avatar\/0e37bb19071f47c0b8a23f62a903df117c5a0e75f65a0c2901562f97cd41cf86?s=96&d=mm&r=g","caption":"ritanery"}}]}},"amp_enabled":true,"_links":{"self":[{"href":"https:\/\/radiolifefm.com.br\/noticias\/wp-json\/wp\/v2\/posts\/119525","targetHints":{"allow":["GET"]}}],"collection":[{"href":"https:\/\/radiolifefm.com.br\/noticias\/wp-json\/wp\/v2\/posts"}],"about":[{"href":"https:\/\/radiolifefm.com.br\/noticias\/wp-json\/wp\/v2\/types\/post"}],"author":[{"embeddable":true,"href":"https:\/\/radiolifefm.com.br\/noticias\/wp-json\/wp\/v2\/users\/13"}],"replies":[{"embeddable":true,"href":"https:\/\/radiolifefm.com.br\/noticias\/wp-json\/wp\/v2\/comments?post=119525"}],"version-history":[{"count":1,"href":"https:\/\/radiolifefm.com.br\/noticias\/wp-json\/wp\/v2\/posts\/119525\/revisions"}],"predecessor-version":[{"id":119527,"href":"https:\/\/radiolifefm.com.br\/noticias\/wp-json\/wp\/v2\/posts\/119525\/revisions\/119527"}],"wp:featuredmedia":[{"embeddable":true,"href":"https:\/\/radiolifefm.com.br\/noticias\/wp-json\/wp\/v2\/media\/119526"}],"wp:attachment":[{"href":"https:\/\/radiolifefm.com.br\/noticias\/wp-json\/wp\/v2\/media?parent=119525"}],"wp:term":[{"taxonomy":"category","embeddable":true,"href":"https:\/\/radiolifefm.com.br\/noticias\/wp-json\/wp\/v2\/categories?post=119525"},{"taxonomy":"post_tag","embeddable":true,"href":"https:\/\/radiolifefm.com.br\/noticias\/wp-json\/wp\/v2\/tags?post=119525"}],"curies":[{"name":"wp","href":"https:\/\/api.w.org\/{rel}","templated":true}]}}